{"id":1024,"date":"2023-08-29T11:27:25","date_gmt":"2023-08-29T14:27:25","guid":{"rendered":"https:\/\/soldadoadrianojose.com.br\/?p=1024"},"modified":"2023-08-29T11:27:30","modified_gmt":"2023-08-29T14:27:30","slug":"deputado-soldado-adriano-jose-pp-reconhece-empresarios-de-destaque-na-preservacao-da-cultura-da-cachaca-em-jandaia-do-sul","status":"publish","type":"post","link":"https:\/\/soldadoadrianojose.com.br\/index.php\/2023\/08\/29\/deputado-soldado-adriano-jose-pp-reconhece-empresarios-de-destaque-na-preservacao-da-cultura-da-cachaca-em-jandaia-do-sul\/","title":{"rendered":"Deputado Soldado Adriano Jos\u00e9 (PP) reconhece empres\u00e1rios de destaque na preserva\u00e7\u00e3o da cultura da cacha\u00e7a em Jandaia do Sul"},"content":{"rendered":"\n<figure class=\"wp-block-image size-large\"><img fetchpriority=\"high\" decoding=\"async\" width=\"1024\" height=\"682\" src=\"https:\/\/soldadoadrianojose.com.br\/wp-content\/uploads\/2023\/08\/WhatsApp-Image-2023-08-29-at-11.18.42-1-1024x682.jpeg\" alt=\"\" class=\"wp-image-1025\" srcset=\"https:\/\/soldadoadrianojose.com.br\/wp-content\/uploads\/2023\/08\/WhatsApp-Image-2023-08-29-at-11.18.42-1-1024x682.jpeg 1024w, https:\/\/soldadoadrianojose.com.br\/wp-content\/uploads\/2023\/08\/WhatsApp-Image-2023-08-29-at-11.18.42-1-300x200.jpeg 300w, https:\/\/soldadoadrianojose.com.br\/wp-content\/uploads\/2023\/08\/WhatsApp-Image-2023-08-29-at-11.18.42-1-768x512.jpeg 768w, https:\/\/soldadoadrianojose.com.br\/wp-content\/uploads\/2023\/08\/WhatsApp-Image-2023-08-29-at-11.18.42-1-1536x1023.jpeg 1536w, https:\/\/soldadoadrianojose.com.br\/wp-content\/uploads\/2023\/08\/WhatsApp-Image-2023-08-29-at-11.18.42-1.jpeg 1600w\" sizes=\"(max-width: 1024px) 100vw, 1024px\" \/><figcaption class=\"wp-element-caption\">Segundo o parlamentar, essas honras foram concedidas devido \u00e0 preserva\u00e7\u00e3o e valoriza\u00e7\u00e3o cultural que esses empres\u00e1rios promovem.<\/figcaption><\/figure>\n\n\n\n<p>O deputado estadual Soldado Adriano Jos\u00e9 (PP) entregou tr\u00eas men\u00e7\u00f5es honrosas em Jandaia do Sul, no \u00faltimo dia 24 de agosto, como forma de reconhecimento pelo trabalho prestado por tr\u00eas empres\u00e1rios locais na preserva\u00e7\u00e3o e valoriza\u00e7\u00e3o cultural da cacha\u00e7a.<\/p>\n\n\n\n<p>Uma das men\u00e7\u00f5es honrosas foi entregue a Luiz Carlos Moretti, propriet\u00e1rio da cacha\u00e7a Est\u00e2ncia Moretti. Luiz Carlos foi reconhecido pela excel\u00eancia do trabalho prestado em preservar e valorizar a cultura da cacha\u00e7a, contribuindo para o setor e para a cultura e tradi\u00e7\u00e3o brasileira. O deputado destacou seu compromisso em produzir uma cacha\u00e7a de qualidade, respeitando as ra\u00edzes hist\u00f3ricas, sendo reconhecido como um exemplo a ser seguido.<\/p>\n\n\n\n<p>Natanael Carli Bonicontro, propriet\u00e1rio da Cacha\u00e7aria Companheira, tamb\u00e9m recebeu uma men\u00e7\u00e3o honrosa. Seu papel no fomento da cultura e tradi\u00e7\u00e3o brasileira, por meio da produ\u00e7\u00e3o de cacha\u00e7a de qualidade, foi destacado e reconhecido pelo deputado como um exemplo de empreendedorismo e comprometimento com a cultura local.<\/p>\n\n\n\n<p>\u00c9sio Missiato, propriet\u00e1rio da Jamel, foi o terceiro empres\u00e1rio agraciado com uma men\u00e7\u00e3o honrosa. Sua dedica\u00e7\u00e3o e empenho na produ\u00e7\u00e3o de cacha\u00e7a e a import\u00e2ncia de preservar as tradi\u00e7\u00f5es familiares e regionais na fabrica\u00e7\u00e3o da cacha\u00e7a foram reconhecidos. O deputado Soldado Adriano destacou a dedica\u00e7\u00e3o em manter viva a cultura da cacha\u00e7a e em produzir uma bebida de qualidade utilizando m\u00e9todos tradicionais de produ\u00e7\u00e3o, respeitando os saberes passados de gera\u00e7\u00e3o em gera\u00e7\u00e3o.<\/p>\n\n\n\n<p>O munic\u00edpio de Jandaia do Sul recebeu, no ano passado, o t\u00edtulo de capital paranaense da cacha\u00e7a, por meio do projeto de lei apresentado pelo deputado Soldado Adriano Jos\u00e9 e sancionado posteriormente pelo governador Ratinho Junior. Portanto, essas men\u00e7\u00f5es honrosas representam mais um reconhecimento da import\u00e2ncia da cidade para o setor.<\/p>\n\n\n\n<p>Segundo o parlamentar, essas honras foram concedidas devido \u00e0 preserva\u00e7\u00e3o e valoriza\u00e7\u00e3o cultural que esses empres\u00e1rios promovem. \u201cA cacha\u00e7a \u00e9 uma bebida \u00edcone da cultura brasileira, com uma rica hist\u00f3ria e tradi\u00e7\u00e3o associada a ela. Ao preservar e respeitar essa heran\u00e7a cultural, esses empres\u00e1rios contribuem para manter viva a identidade brasileira, preservando as ra\u00edzes hist\u00f3ricas e culturais da bebida. Parab\u00e9ns aos empres\u00e1rios Luiz Carlos Moretti, Natanael Carli Bonicontro e \u00c9sio Missiato pelo reconhecimento merecido e pelo importante trabalho realizado em prol da cultura e tradi\u00e7\u00e3o brasileira\u201d, concluiu.<\/p>\n\n\n\n<figure class=\"wp-block-gallery has-nested-images columns-default is-cropped wp-block-gallery-1 is-layout-flex wp-block-gallery-is-layout-flex\">\n<figure class=\"wp-block-image size-large\"><img decoding=\"async\" width=\"1024\" height=\"682\" data-id=\"1026\" src=\"https:\/\/soldadoadrianojose.com.br\/wp-content\/uploads\/2023\/08\/WhatsApp-Image-2023-08-29-at-11.18.42-2-1024x682.jpeg\" alt=\"\" class=\"wp-image-1026\" srcset=\"https:\/\/soldadoadrianojose.com.br\/wp-content\/uploads\/2023\/08\/WhatsApp-Image-2023-08-29-at-11.18.42-2-1024x682.jpeg 1024w, https:\/\/soldadoadrianojose.com.br\/wp-content\/uploads\/2023\/08\/WhatsApp-Image-2023-08-29-at-11.18.42-2-300x200.jpeg 300w, https:\/\/soldadoadrianojose.com.br\/wp-content\/uploads\/2023\/08\/WhatsApp-Image-2023-08-29-at-11.18.42-2-768x512.jpeg 768w, https:\/\/soldadoadrianojose.com.br\/wp-content\/uploads\/2023\/08\/WhatsApp-Image-2023-08-29-at-11.18.42-2-1536x1023.jpeg 1536w, https:\/\/soldadoadrianojose.com.br\/wp-content\/uploads\/2023\/08\/WhatsApp-Image-2023-08-29-at-11.18.42-2.jpeg 1600w\" sizes=\"(max-width: 1024px) 100vw, 1024px\" \/><figcaption class=\"wp-element-caption\">Foto: Divulga\u00e7\u00e3o.<\/figcaption><\/figure>\n\n\n\n<figure class=\"wp-block-image size-large\"><img decoding=\"async\" width=\"1024\" height=\"682\" data-id=\"1027\" src=\"https:\/\/soldadoadrianojose.com.br\/wp-content\/uploads\/2023\/08\/WhatsApp-Image-2023-08-29-at-11.18.42-1024x682.jpeg\" alt=\"\" class=\"wp-image-1027\" srcset=\"https:\/\/soldadoadrianojose.com.br\/wp-content\/uploads\/2023\/08\/WhatsApp-Image-2023-08-29-at-11.18.42-1024x682.jpeg 1024w, https:\/\/soldadoadrianojose.com.br\/wp-content\/uploads\/2023\/08\/WhatsApp-Image-2023-08-29-at-11.18.42-300x200.jpeg 300w, https:\/\/soldadoadrianojose.com.br\/wp-content\/uploads\/2023\/08\/WhatsApp-Image-2023-08-29-at-11.18.42-768x512.jpeg 768w, https:\/\/soldadoadrianojose.com.br\/wp-content\/uploads\/2023\/08\/WhatsApp-Image-2023-08-29-at-11.18.42-1536x1023.jpeg 1536w, https:\/\/soldadoadrianojose.com.br\/wp-content\/uploads\/2023\/08\/WhatsApp-Image-2023-08-29-at-11.18.42.jpeg 1600w\" sizes=\"(max-width: 1024px) 100vw, 1024px\" \/><figcaption class=\"wp-element-caption\">Foto: Divulga\u00e7\u00e3o.<\/figcaption><\/figure>\n<\/figure>\n","protected":false},"excerpt":{"rendered":"<p>O deputado estadual Soldado Adriano Jos\u00e9 (PP) entregou tr\u00eas men\u00e7\u00f5es honrosas em Jandaia do Sul, no \u00faltimo dia 24 de agosto, como forma de reconhecimento pelo trabalho prestado por tr\u00eas empres\u00e1rios locais na preserva\u00e7\u00e3o e valoriza\u00e7\u00e3o cultural da cacha\u00e7a. Uma das men\u00e7\u00f5es honrosas foi entregue a Luiz Carlos Moretti, propriet\u00e1rio da cacha\u00e7a Est\u00e2ncia Moretti. Luiz [&hellip;]<\/p>\n","protected":false},"author":1,"featured_media":1025,"comment_status":"open","ping_status":"open","sticky":false,"template":"","format":"standard","meta":{"footnotes":""},"categories":[1],"tags":[10,9],"class_list":["post-1024","post","type-post","status-publish","format-standard","has-post-thumbnail","hentry","category-gabinete-sd","tag-maringa","tag-soldado-adriano-jose"],"yoast_head":"<!-- This site is optimized with the Yoast SEO plugin v27.4 - https:\/\/yoast.com\/product\/yoast-seo-wordpress\/ -->\n<title>Deputado Soldado Adriano Jos\u00e9 (PP) reconhece empres\u00e1rios de destaque na preserva\u00e7\u00e3o da cultura da cacha\u00e7a em Jandaia do Sul - Deputado Adriano Jos\u00e9<\/title>\n<meta name=\"robots\" content=\"index, follow, max-snippet:-1, max-image-preview:large, max-video-preview:-1\" \/>\n<link rel=\"canonical\" href=\"https:\/\/soldadoadrianojose.com.br\/index.php\/2023\/08\/29\/deputado-soldado-adriano-jose-pp-reconhece-empresarios-de-destaque-na-preservacao-da-cultura-da-cachaca-em-jandaia-do-sul\/\" \/>\n<meta property=\"og:locale\" content=\"pt_BR\" \/>\n<meta property=\"og:type\" content=\"article\" \/>\n<meta property=\"og:title\" content=\"Deputado Soldado Adriano Jos\u00e9 (PP) reconhece empres\u00e1rios de destaque na preserva\u00e7\u00e3o da cultura da cacha\u00e7a em Jandaia do Sul - Deputado Adriano Jos\u00e9\" \/>\n<meta property=\"og:description\" content=\"O deputado estadual Soldado Adriano Jos\u00e9 (PP) entregou tr\u00eas men\u00e7\u00f5es honrosas em Jandaia do Sul, no \u00faltimo dia 24 de agosto, como forma de reconhecimento pelo trabalho prestado por tr\u00eas empres\u00e1rios locais na preserva\u00e7\u00e3o e valoriza\u00e7\u00e3o cultural da cacha\u00e7a. Uma das men\u00e7\u00f5es honrosas foi entregue a Luiz Carlos Moretti, propriet\u00e1rio da cacha\u00e7a Est\u00e2ncia Moretti. Luiz [&hellip;]\" \/>\n<meta property=\"og:url\" content=\"https:\/\/soldadoadrianojose.com.br\/index.php\/2023\/08\/29\/deputado-soldado-adriano-jose-pp-reconhece-empresarios-de-destaque-na-preservacao-da-cultura-da-cachaca-em-jandaia-do-sul\/\" \/>\n<meta property=\"og:site_name\" content=\"Deputado Adriano Jos\u00e9\" \/>\n<meta property=\"article:published_time\" content=\"2023-08-29T14:27:25+00:00\" \/>\n<meta property=\"article:modified_time\" content=\"2023-08-29T14:27:30+00:00\" \/>\n<meta property=\"og:image\" content=\"https:\/\/soldadoadrianojose.com.br\/wp-content\/uploads\/2023\/08\/WhatsApp-Image-2023-08-29-at-11.18.42-1.jpeg\" \/>\n\t<meta property=\"og:image:width\" content=\"1600\" \/>\n\t<meta property=\"og:image:height\" content=\"1066\" \/>\n\t<meta property=\"og:image:type\" content=\"image\/jpeg\" \/>\n<meta name=\"author\" content=\"soldadoadrianojose\" \/>\n<meta name=\"twitter:card\" content=\"summary_large_image\" \/>\n<meta name=\"twitter:label1\" content=\"Escrito por\" \/>\n\t<meta name=\"twitter:data1\" content=\"soldadoadrianojose\" \/>\n\t<meta name=\"twitter:label2\" content=\"Est. tempo de leitura\" \/>\n\t<meta name=\"twitter:data2\" content=\"3 minutos\" \/>\n<script type=\"application\/ld+json\" class=\"yoast-schema-graph\">{\"@context\":\"https:\\\/\\\/schema.org\",\"@graph\":[{\"@type\":\"Article\",\"@id\":\"https:\\\/\\\/soldadoadrianojose.com.br\\\/index.php\\\/2023\\\/08\\\/29\\\/deputado-soldado-adriano-jose-pp-reconhece-empresarios-de-destaque-na-preservacao-da-cultura-da-cachaca-em-jandaia-do-sul\\\/#article\",\"isPartOf\":{\"@id\":\"https:\\\/\\\/soldadoadrianojose.com.br\\\/index.php\\\/2023\\\/08\\\/29\\\/deputado-soldado-adriano-jose-pp-reconhece-empresarios-de-destaque-na-preservacao-da-cultura-da-cachaca-em-jandaia-do-sul\\\/\"},\"author\":{\"name\":\"soldadoadrianojose\",\"@id\":\"https:\\\/\\\/soldadoadrianojose.com.br\\\/#\\\/schema\\\/person\\\/16f8e8defb7a4bd6c6082efcd1bdb6bb\"},\"headline\":\"Deputado Soldado Adriano Jos\u00e9 (PP) reconhece empres\u00e1rios de destaque na preserva\u00e7\u00e3o da cultura da cacha\u00e7a em Jandaia do Sul\",\"datePublished\":\"2023-08-29T14:27:25+00:00\",\"dateModified\":\"2023-08-29T14:27:30+00:00\",\"mainEntityOfPage\":{\"@id\":\"https:\\\/\\\/soldadoadrianojose.com.br\\\/index.php\\\/2023\\\/08\\\/29\\\/deputado-soldado-adriano-jose-pp-reconhece-empresarios-de-destaque-na-preservacao-da-cultura-da-cachaca-em-jandaia-do-sul\\\/\"},\"wordCount\":463,\"commentCount\":0,\"publisher\":{\"@id\":\"https:\\\/\\\/soldadoadrianojose.com.br\\\/#\\\/schema\\\/person\\\/16f8e8defb7a4bd6c6082efcd1bdb6bb\"},\"image\":{\"@id\":\"https:\\\/\\\/soldadoadrianojose.com.br\\\/index.php\\\/2023\\\/08\\\/29\\\/deputado-soldado-adriano-jose-pp-reconhece-empresarios-de-destaque-na-preservacao-da-cultura-da-cachaca-em-jandaia-do-sul\\\/#primaryimage\"},\"thumbnailUrl\":\"https:\\\/\\\/soldadoadrianojose.com.br\\\/wp-content\\\/uploads\\\/2023\\\/08\\\/WhatsApp-Image-2023-08-29-at-11.18.42-1.jpeg\",\"keywords\":[\"maringa\",\"soldado adriano jose\"],\"articleSection\":[\"GABINETE SD\"],\"inLanguage\":\"pt-BR\",\"potentialAction\":[{\"@type\":\"CommentAction\",\"name\":\"Comment\",\"target\":[\"https:\\\/\\\/soldadoadrianojose.com.br\\\/index.php\\\/2023\\\/08\\\/29\\\/deputado-soldado-adriano-jose-pp-reconhece-empresarios-de-destaque-na-preservacao-da-cultura-da-cachaca-em-jandaia-do-sul\\\/#respond\"]}]},{\"@type\":\"WebPage\",\"@id\":\"https:\\\/\\\/soldadoadrianojose.com.br\\\/index.php\\\/2023\\\/08\\\/29\\\/deputado-soldado-adriano-jose-pp-reconhece-empresarios-de-destaque-na-preservacao-da-cultura-da-cachaca-em-jandaia-do-sul\\\/\",\"url\":\"https:\\\/\\\/soldadoadrianojose.com.br\\\/index.php\\\/2023\\\/08\\\/29\\\/deputado-soldado-adriano-jose-pp-reconhece-empresarios-de-destaque-na-preservacao-da-cultura-da-cachaca-em-jandaia-do-sul\\\/\",\"name\":\"Deputado Soldado Adriano Jos\u00e9 (PP) reconhece empres\u00e1rios de destaque na preserva\u00e7\u00e3o da cultura da cacha\u00e7a em Jandaia do Sul - Deputado Adriano Jos\u00e9\",\"isPartOf\":{\"@id\":\"https:\\\/\\\/soldadoadrianojose.com.br\\\/#website\"},\"primaryImageOfPage\":{\"@id\":\"https:\\\/\\\/soldadoadrianojose.com.br\\\/index.php\\\/2023\\\/08\\\/29\\\/deputado-soldado-adriano-jose-pp-reconhece-empresarios-de-destaque-na-preservacao-da-cultura-da-cachaca-em-jandaia-do-sul\\\/#primaryimage\"},\"image\":{\"@id\":\"https:\\\/\\\/soldadoadrianojose.com.br\\\/index.php\\\/2023\\\/08\\\/29\\\/deputado-soldado-adriano-jose-pp-reconhece-empresarios-de-destaque-na-preservacao-da-cultura-da-cachaca-em-jandaia-do-sul\\\/#primaryimage\"},\"thumbnailUrl\":\"https:\\\/\\\/soldadoadrianojose.com.br\\\/wp-content\\\/uploads\\\/2023\\\/08\\\/WhatsApp-Image-2023-08-29-at-11.18.42-1.jpeg\",\"datePublished\":\"2023-08-29T14:27:25+00:00\",\"dateModified\":\"2023-08-29T14:27:30+00:00\",\"breadcrumb\":{\"@id\":\"https:\\\/\\\/soldadoadrianojose.com.br\\\/index.php\\\/2023\\\/08\\\/29\\\/deputado-soldado-adriano-jose-pp-reconhece-empresarios-de-destaque-na-preservacao-da-cultura-da-cachaca-em-jandaia-do-sul\\\/#breadcrumb\"},\"inLanguage\":\"pt-BR\",\"potentialAction\":[{\"@type\":\"ReadAction\",\"target\":[\"https:\\\/\\\/soldadoadrianojose.com.br\\\/index.php\\\/2023\\\/08\\\/29\\\/deputado-soldado-adriano-jose-pp-reconhece-empresarios-de-destaque-na-preservacao-da-cultura-da-cachaca-em-jandaia-do-sul\\\/\"]}]},{\"@type\":\"ImageObject\",\"inLanguage\":\"pt-BR\",\"@id\":\"https:\\\/\\\/soldadoadrianojose.com.br\\\/index.php\\\/2023\\\/08\\\/29\\\/deputado-soldado-adriano-jose-pp-reconhece-empresarios-de-destaque-na-preservacao-da-cultura-da-cachaca-em-jandaia-do-sul\\\/#primaryimage\",\"url\":\"https:\\\/\\\/soldadoadrianojose.com.br\\\/wp-content\\\/uploads\\\/2023\\\/08\\\/WhatsApp-Image-2023-08-29-at-11.18.42-1.jpeg\",\"contentUrl\":\"https:\\\/\\\/soldadoadrianojose.com.br\\\/wp-content\\\/uploads\\\/2023\\\/08\\\/WhatsApp-Image-2023-08-29-at-11.18.42-1.jpeg\",\"width\":1600,\"height\":1066},{\"@type\":\"BreadcrumbList\",\"@id\":\"https:\\\/\\\/soldadoadrianojose.com.br\\\/index.php\\\/2023\\\/08\\\/29\\\/deputado-soldado-adriano-jose-pp-reconhece-empresarios-de-destaque-na-preservacao-da-cultura-da-cachaca-em-jandaia-do-sul\\\/#breadcrumb\",\"itemListElement\":[{\"@type\":\"ListItem\",\"position\":1,\"name\":\"In\u00edcio\",\"item\":\"https:\\\/\\\/soldadoadrianojose.com.br\\\/\"},{\"@type\":\"ListItem\",\"position\":2,\"name\":\"Deputado Soldado Adriano Jos\u00e9 (PP) reconhece empres\u00e1rios de destaque na preserva\u00e7\u00e3o da cultura da cacha\u00e7a em Jandaia do Sul\"}]},{\"@type\":\"WebSite\",\"@id\":\"https:\\\/\\\/soldadoadrianojose.com.br\\\/#website\",\"url\":\"https:\\\/\\\/soldadoadrianojose.com.br\\\/\",\"name\":\"Deputado Adriano Jos\u00e9\",\"description\":\"Nosso trabalho \u00e9 pelas pessoas\",\"publisher\":{\"@id\":\"https:\\\/\\\/soldadoadrianojose.com.br\\\/#\\\/schema\\\/person\\\/16f8e8defb7a4bd6c6082efcd1bdb6bb\"},\"potentialAction\":[{\"@type\":\"SearchAction\",\"target\":{\"@type\":\"EntryPoint\",\"urlTemplate\":\"https:\\\/\\\/soldadoadrianojose.com.br\\\/?s={search_term_string}\"},\"query-input\":{\"@type\":\"PropertyValueSpecification\",\"valueRequired\":true,\"valueName\":\"search_term_string\"}}],\"inLanguage\":\"pt-BR\"},{\"@type\":[\"Person\",\"Organization\"],\"@id\":\"https:\\\/\\\/soldadoadrianojose.com.br\\\/#\\\/schema\\\/person\\\/16f8e8defb7a4bd6c6082efcd1bdb6bb\",\"name\":\"soldadoadrianojose\",\"image\":{\"@type\":\"ImageObject\",\"inLanguage\":\"pt-BR\",\"@id\":\"https:\\\/\\\/soldadoadrianojose.com.br\\\/wp-content\\\/uploads\\\/2023\\\/02\\\/LOGO_CLEAR-5.png\",\"url\":\"https:\\\/\\\/soldadoadrianojose.com.br\\\/wp-content\\\/uploads\\\/2023\\\/02\\\/LOGO_CLEAR-5.png\",\"contentUrl\":\"https:\\\/\\\/soldadoadrianojose.com.br\\\/wp-content\\\/uploads\\\/2023\\\/02\\\/LOGO_CLEAR-5.png\",\"width\":3508,\"height\":998,\"caption\":\"soldadoadrianojose\"},\"logo\":{\"@id\":\"https:\\\/\\\/soldadoadrianojose.com.br\\\/wp-content\\\/uploads\\\/2023\\\/02\\\/LOGO_CLEAR-5.png\"},\"sameAs\":[\"https:\\\/\\\/soldadoadrianojose.com.br\"],\"url\":\"https:\\\/\\\/soldadoadrianojose.com.br\\\/index.php\\\/author\\\/soldadoadrianojose\\\/\"}]}<\/script>\n<!-- \/ Yoast SEO plugin. -->","yoast_head_json":{"title":"Deputado Soldado Adriano Jos\u00e9 (PP) reconhece empres\u00e1rios de destaque na preserva\u00e7\u00e3o da cultura da cacha\u00e7a em Jandaia do Sul - Deputado Adriano Jos\u00e9","robots":{"index":"index","follow":"follow","max-snippet":"max-snippet:-1","max-image-preview":"max-image-preview:large","max-video-preview":"max-video-preview:-1"},"canonical":"https:\/\/soldadoadrianojose.com.br\/index.php\/2023\/08\/29\/deputado-soldado-adriano-jose-pp-reconhece-empresarios-de-destaque-na-preservacao-da-cultura-da-cachaca-em-jandaia-do-sul\/","og_locale":"pt_BR","og_type":"article","og_title":"Deputado Soldado Adriano Jos\u00e9 (PP) reconhece empres\u00e1rios de destaque na preserva\u00e7\u00e3o da cultura da cacha\u00e7a em Jandaia do Sul - Deputado Adriano Jos\u00e9","og_description":"O deputado estadual Soldado Adriano Jos\u00e9 (PP) entregou tr\u00eas men\u00e7\u00f5es honrosas em Jandaia do Sul, no \u00faltimo dia 24 de agosto, como forma de reconhecimento pelo trabalho prestado por tr\u00eas empres\u00e1rios locais na preserva\u00e7\u00e3o e valoriza\u00e7\u00e3o cultural da cacha\u00e7a. Uma das men\u00e7\u00f5es honrosas foi entregue a Luiz Carlos Moretti, propriet\u00e1rio da cacha\u00e7a Est\u00e2ncia Moretti. Luiz [&hellip;]","og_url":"https:\/\/soldadoadrianojose.com.br\/index.php\/2023\/08\/29\/deputado-soldado-adriano-jose-pp-reconhece-empresarios-de-destaque-na-preservacao-da-cultura-da-cachaca-em-jandaia-do-sul\/","og_site_name":"Deputado Adriano Jos\u00e9","article_published_time":"2023-08-29T14:27:25+00:00","article_modified_time":"2023-08-29T14:27:30+00:00","og_image":[{"width":1600,"height":1066,"url":"https:\/\/soldadoadrianojose.com.br\/wp-content\/uploads\/2023\/08\/WhatsApp-Image-2023-08-29-at-11.18.42-1.jpeg","type":"image\/jpeg"}],"author":"soldadoadrianojose","twitter_card":"summary_large_image","twitter_misc":{"Escrito por":"soldadoadrianojose","Est. tempo de leitura":"3 minutos"},"schema":{"@context":"https:\/\/schema.org","@graph":[{"@type":"Article","@id":"https:\/\/soldadoadrianojose.com.br\/index.php\/2023\/08\/29\/deputado-soldado-adriano-jose-pp-reconhece-empresarios-de-destaque-na-preservacao-da-cultura-da-cachaca-em-jandaia-do-sul\/#article","isPartOf":{"@id":"https:\/\/soldadoadrianojose.com.br\/index.php\/2023\/08\/29\/deputado-soldado-adriano-jose-pp-reconhece-empresarios-de-destaque-na-preservacao-da-cultura-da-cachaca-em-jandaia-do-sul\/"},"author":{"name":"soldadoadrianojose","@id":"https:\/\/soldadoadrianojose.com.br\/#\/schema\/person\/16f8e8defb7a4bd6c6082efcd1bdb6bb"},"headline":"Deputado Soldado Adriano Jos\u00e9 (PP) reconhece empres\u00e1rios de destaque na preserva\u00e7\u00e3o da cultura da cacha\u00e7a em Jandaia do Sul","datePublished":"2023-08-29T14:27:25+00:00","dateModified":"2023-08-29T14:27:30+00:00","mainEntityOfPage":{"@id":"https:\/\/soldadoadrianojose.com.br\/index.php\/2023\/08\/29\/deputado-soldado-adriano-jose-pp-reconhece-empresarios-de-destaque-na-preservacao-da-cultura-da-cachaca-em-jandaia-do-sul\/"},"wordCount":463,"commentCount":0,"publisher":{"@id":"https:\/\/soldadoadrianojose.com.br\/#\/schema\/person\/16f8e8defb7a4bd6c6082efcd1bdb6bb"},"image":{"@id":"https:\/\/soldadoadrianojose.com.br\/index.php\/2023\/08\/29\/deputado-soldado-adriano-jose-pp-reconhece-empresarios-de-destaque-na-preservacao-da-cultura-da-cachaca-em-jandaia-do-sul\/#primaryimage"},"thumbnailUrl":"https:\/\/soldadoadrianojose.com.br\/wp-content\/uploads\/2023\/08\/WhatsApp-Image-2023-08-29-at-11.18.42-1.jpeg","keywords":["maringa","soldado adriano jose"],"articleSection":["GABINETE SD"],"inLanguage":"pt-BR","potentialAction":[{"@type":"CommentAction","name":"Comment","target":["https:\/\/soldadoadrianojose.com.br\/index.php\/2023\/08\/29\/deputado-soldado-adriano-jose-pp-reconhece-empresarios-de-destaque-na-preservacao-da-cultura-da-cachaca-em-jandaia-do-sul\/#respond"]}]},{"@type":"WebPage","@id":"https:\/\/soldadoadrianojose.com.br\/index.php\/2023\/08\/29\/deputado-soldado-adriano-jose-pp-reconhece-empresarios-de-destaque-na-preservacao-da-cultura-da-cachaca-em-jandaia-do-sul\/","url":"https:\/\/soldadoadrianojose.com.br\/index.php\/2023\/08\/29\/deputado-soldado-adriano-jose-pp-reconhece-empresarios-de-destaque-na-preservacao-da-cultura-da-cachaca-em-jandaia-do-sul\/","name":"Deputado Soldado Adriano Jos\u00e9 (PP) reconhece empres\u00e1rios de destaque na preserva\u00e7\u00e3o da cultura da cacha\u00e7a em Jandaia do Sul - Deputado Adriano Jos\u00e9","isPartOf":{"@id":"https:\/\/soldadoadrianojose.com.br\/#website"},"primaryImageOfPage":{"@id":"https:\/\/soldadoadrianojose.com.br\/index.php\/2023\/08\/29\/deputado-soldado-adriano-jose-pp-reconhece-empresarios-de-destaque-na-preservacao-da-cultura-da-cachaca-em-jandaia-do-sul\/#primaryimage"},"image":{"@id":"https:\/\/soldadoadrianojose.com.br\/index.php\/2023\/08\/29\/deputado-soldado-adriano-jose-pp-reconhece-empresarios-de-destaque-na-preservacao-da-cultura-da-cachaca-em-jandaia-do-sul\/#primaryimage"},"thumbnailUrl":"https:\/\/soldadoadrianojose.com.br\/wp-content\/uploads\/2023\/08\/WhatsApp-Image-2023-08-29-at-11.18.42-1.jpeg","datePublished":"2023-08-29T14:27:25+00:00","dateModified":"2023-08-29T14:27:30+00:00","breadcrumb":{"@id":"https:\/\/soldadoadrianojose.com.br\/index.php\/2023\/08\/29\/deputado-soldado-adriano-jose-pp-reconhece-empresarios-de-destaque-na-preservacao-da-cultura-da-cachaca-em-jandaia-do-sul\/#breadcrumb"},"inLanguage":"pt-BR","potentialAction":[{"@type":"ReadAction","target":["https:\/\/soldadoadrianojose.com.br\/index.php\/2023\/08\/29\/deputado-soldado-adriano-jose-pp-reconhece-empresarios-de-destaque-na-preservacao-da-cultura-da-cachaca-em-jandaia-do-sul\/"]}]},{"@type":"ImageObject","inLanguage":"pt-BR","@id":"https:\/\/soldadoadrianojose.com.br\/index.php\/2023\/08\/29\/deputado-soldado-adriano-jose-pp-reconhece-empresarios-de-destaque-na-preservacao-da-cultura-da-cachaca-em-jandaia-do-sul\/#primaryimage","url":"https:\/\/soldadoadrianojose.com.br\/wp-content\/uploads\/2023\/08\/WhatsApp-Image-2023-08-29-at-11.18.42-1.jpeg","contentUrl":"https:\/\/soldadoadrianojose.com.br\/wp-content\/uploads\/2023\/08\/WhatsApp-Image-2023-08-29-at-11.18.42-1.jpeg","width":1600,"height":1066},{"@type":"BreadcrumbList","@id":"https:\/\/soldadoadrianojose.com.br\/index.php\/2023\/08\/29\/deputado-soldado-adriano-jose-pp-reconhece-empresarios-de-destaque-na-preservacao-da-cultura-da-cachaca-em-jandaia-do-sul\/#breadcrumb","itemListElement":[{"@type":"ListItem","position":1,"name":"In\u00edcio","item":"https:\/\/soldadoadrianojose.com.br\/"},{"@type":"ListItem","position":2,"name":"Deputado Soldado Adriano Jos\u00e9 (PP) reconhece empres\u00e1rios de destaque na preserva\u00e7\u00e3o da cultura da cacha\u00e7a em Jandaia do Sul"}]},{"@type":"WebSite","@id":"https:\/\/soldadoadrianojose.com.br\/#website","url":"https:\/\/soldadoadrianojose.com.br\/","name":"Deputado Adriano Jos\u00e9","description":"Nosso trabalho \u00e9 pelas pessoas","publisher":{"@id":"https:\/\/soldadoadrianojose.com.br\/#\/schema\/person\/16f8e8defb7a4bd6c6082efcd1bdb6bb"},"potentialAction":[{"@type":"SearchAction","target":{"@type":"EntryPoint","urlTemplate":"https:\/\/soldadoadrianojose.com.br\/?s={search_term_string}"},"query-input":{"@type":"PropertyValueSpecification","valueRequired":true,"valueName":"search_term_string"}}],"inLanguage":"pt-BR"},{"@type":["Person","Organization"],"@id":"https:\/\/soldadoadrianojose.com.br\/#\/schema\/person\/16f8e8defb7a4bd6c6082efcd1bdb6bb","name":"soldadoadrianojose","image":{"@type":"ImageObject","inLanguage":"pt-BR","@id":"https:\/\/soldadoadrianojose.com.br\/wp-content\/uploads\/2023\/02\/LOGO_CLEAR-5.png","url":"https:\/\/soldadoadrianojose.com.br\/wp-content\/uploads\/2023\/02\/LOGO_CLEAR-5.png","contentUrl":"https:\/\/soldadoadrianojose.com.br\/wp-content\/uploads\/2023\/02\/LOGO_CLEAR-5.png","width":3508,"height":998,"caption":"soldadoadrianojose"},"logo":{"@id":"https:\/\/soldadoadrianojose.com.br\/wp-content\/uploads\/2023\/02\/LOGO_CLEAR-5.png"},"sameAs":["https:\/\/soldadoadrianojose.com.br"],"url":"https:\/\/soldadoadrianojose.com.br\/index.php\/author\/soldadoadrianojose\/"}]}},"jetpack_featured_media_url":"https:\/\/soldadoadrianojose.com.br\/wp-content\/uploads\/2023\/08\/WhatsApp-Image-2023-08-29-at-11.18.42-1.jpeg","_links":{"self":[{"href":"https:\/\/soldadoadrianojose.com.br\/index.php\/wp-json\/wp\/v2\/posts\/1024","targetHints":{"allow":["GET"]}}],"collection":[{"href":"https:\/\/soldadoadrianojose.com.br\/index.php\/wp-json\/wp\/v2\/posts"}],"about":[{"href":"https:\/\/soldadoadrianojose.com.br\/index.php\/wp-json\/wp\/v2\/types\/post"}],"author":[{"embeddable":true,"href":"https:\/\/soldadoadrianojose.com.br\/index.php\/wp-json\/wp\/v2\/users\/1"}],"replies":[{"embeddable":true,"href":"https:\/\/soldadoadrianojose.com.br\/index.php\/wp-json\/wp\/v2\/comments?post=1024"}],"version-history":[{"count":1,"href":"https:\/\/soldadoadrianojose.com.br\/index.php\/wp-json\/wp\/v2\/posts\/1024\/revisions"}],"predecessor-version":[{"id":1028,"href":"https:\/\/soldadoadrianojose.com.br\/index.php\/wp-json\/wp\/v2\/posts\/1024\/revisions\/1028"}],"wp:featuredmedia":[{"embeddable":true,"href":"https:\/\/soldadoadrianojose.com.br\/index.php\/wp-json\/wp\/v2\/media\/1025"}],"wp:attachment":[{"href":"https:\/\/soldadoadrianojose.com.br\/index.php\/wp-json\/wp\/v2\/media?parent=1024"}],"wp:term":[{"taxonomy":"category","embeddable":true,"href":"https:\/\/soldadoadrianojose.com.br\/index.php\/wp-json\/wp\/v2\/categories?post=1024"},{"taxonomy":"post_tag","embeddable":true,"href":"https:\/\/soldadoadrianojose.com.br\/index.php\/wp-json\/wp\/v2\/tags?post=1024"}],"curies":[{"name":"wp","href":"https:\/\/api.w.org\/{rel}","templated":true}]}}