{"id":1029,"date":"2023-08-29T15:52:56","date_gmt":"2023-08-29T18:52:56","guid":{"rendered":"https:\/\/soldadoadrianojose.com.br\/?p=1029"},"modified":"2023-08-29T15:53:02","modified_gmt":"2023-08-29T18:53:02","slug":"assembleia-legislativa-homenageia-os-5-anos-de-fundacao-da-academia-de-letras-dos-militares-estaduais-do-parana","status":"publish","type":"post","link":"https:\/\/soldadoadrianojose.com.br\/index.php\/2023\/08\/29\/assembleia-legislativa-homenageia-os-5-anos-de-fundacao-da-academia-de-letras-dos-militares-estaduais-do-parana\/","title":{"rendered":"Assembleia Legislativa homenageia os 5 anos de funda\u00e7\u00e3o da Academia de Letras dos Militares Estaduais do Paran\u00e1"},"content":{"rendered":"\n<figure class=\"wp-block-gallery has-nested-images columns-default is-cropped wp-block-gallery-1 is-layout-flex wp-block-gallery-is-layout-flex\">\n<figure class=\"wp-block-image size-large\"><img fetchpriority=\"high\" decoding=\"async\" width=\"863\" height=\"575\" data-id=\"1030\" src=\"https:\/\/soldadoadrianojose.com.br\/wp-content\/uploads\/2023\/08\/huUHCwuBKDPNPE0gSLerTisxkW8lY4SfXKBOWSYv.jpg\" alt=\"\" class=\"wp-image-1030\" srcset=\"https:\/\/soldadoadrianojose.com.br\/wp-content\/uploads\/2023\/08\/huUHCwuBKDPNPE0gSLerTisxkW8lY4SfXKBOWSYv.jpg 863w, https:\/\/soldadoadrianojose.com.br\/wp-content\/uploads\/2023\/08\/huUHCwuBKDPNPE0gSLerTisxkW8lY4SfXKBOWSYv-300x200.jpg 300w, https:\/\/soldadoadrianojose.com.br\/wp-content\/uploads\/2023\/08\/huUHCwuBKDPNPE0gSLerTisxkW8lY4SfXKBOWSYv-768x512.jpg 768w\" sizes=\"(max-width: 863px) 100vw, 863px\" \/><figcaption class=\"wp-element-caption\">Solenidade ocorreu na noite desta segunda-feira (28), no Plen\u00e1rio da Assembleia Legislativa.   l     <strong><small>Cr\u00e9ditos:<\/small>Valdir Amaral\/Alep<\/strong><\/figcaption><\/figure>\n<\/figure>\n\n\n\n<p>A sess\u00e3o solene desta segunda-feira (28), no Plen\u00e1rio Deputado Waldemar Daros, homenageou os 5 anos de funda\u00e7\u00e3o da Academia de Letras dos Militares Estaduais do Paran\u00e1 (ALMEPAR). Proposto pelo deputado Alexandre Amaro (Republicanos), no evento foram homenageados militares que se destacam na publica\u00e7\u00e3o de obras liter\u00e1rias e documentais que contribu\u00edram para preserva\u00e7\u00e3o hist\u00f3rica e cultural da sociedade paranaense.<\/p>\n\n\n\n<p>O presidente e proponente da sess\u00e3o solene, deputado Alexandre Amaro (Republicanos) exaltou a cria\u00e7\u00e3o da Academia de Letras dos Militares Paranaenses. \u201cA cada ano temos feito um evento em favor desta conquista que \u00e9 a Academia Militar de Letras aqui no estado do Paran\u00e1 e por isso temos que prestigiar os nossos her\u00f3is de farda. Este ano que a Pol\u00edcia Militar do Paran\u00e1 completa 169 anos, o evento da ALMEPAR foi inclu\u00eddo no Calend\u00e1rio Oficial da Pol\u00edcia Militar. A produ\u00e7\u00e3o liter\u00e1ria dos acad\u00eamicos desperta um incentivo para os demais integrantes da corpora\u00e7\u00e3o tamb\u00e9m ingressar e ter esse vi\u00e9s de estudo, de saber mais e \u00e9 um lado da pol\u00edcia que poucos conhecem\u201d.<\/p>\n\n\n\n<figure class=\"wp-block-audio\"><audio controls src=\"https:\/\/soldadoadrianojose.com.br\/wp-content\/uploads\/2023\/08\/sonora-dep-amaro.mp3\"><\/audio><figcaption class=\"wp-element-caption\">Audio deputado Alexandre Amaro.<\/figcaption><\/figure>\n\n\n\n<p>O ocupante da cadeira n\u00ba 01, que tem como patrono o Coronel C\u00e2ndido Dulc\u00eddio Pereira e presidente da ALMEPAR, Cel. PM Veterano Ant\u00f4nio Celso Mendes afirmou que \u201c\u00e9 um prestigiamento enorme que a Assembleia nos oferece e n\u00f3s s\u00f3 temos a agradecer. Estarmos aqui na Casa do Povo refor\u00e7a este desejo que a Academia tem de se abrir par a Sociedade. A Pol\u00edcia Militar \u00e9 uma institui\u00e7\u00e3o hist\u00f3rica em nosso estado destinada ao combate ao crime e termos o reconhecimento da manifesta\u00e7\u00e3o liter\u00e1ria de policiais militares \u00e9 uma honra\u201d.<\/p>\n\n\n\n<p>Para o acad\u00eamico da cadeira n\u00ba 05 que tem como patrono o Tem. Cel. PM Augusto de Almeida Garret e diretor cultural e de eventos da ALMEPAR, Cel. Waldick Alan de Almeida Garret destacou a import\u00e2ncia da Academia de Letras para o Paran\u00e1. \u201cNosso objetivo \u00b4promover a cultura de modo geral dentro da institui\u00e7\u00e3o. Hoje, nos cinco anos de anivers\u00e1rio da ALMEPAR, o marco que merece destaque \u00e9 o concurso de contos que promovemos com os alunos das escolas militares. Nesses cinco anos j\u00e1 lan\u00e7amos antologias, biografias dos patronos, enfim, n\u00f3s buscamos resgatar a hist\u00f3ria da corpora\u00e7\u00e3o e al\u00e9m das publica\u00e7\u00f5es t\u00e9cnicas como por exemplo sobre seguran\u00e7a p\u00fablica, sobre estrat\u00e9gias, mas fomentamos a literatura de modo geral como o drama, com\u00e9dia, suspense, pe\u00e7as teatrais, dentre outras\u201d.<\/p>\n\n\n\n<p>O diretor do Col\u00e9gio da Pol\u00edcia Militar do Paran\u00e1 em Curitiba, major Alan Cesar Santana Lopes comentou sobre o concurso de contos realizado com alunos do Col\u00e9gio da PM. \u201cA experi\u00eancia com os alunos foi muito gratificante. N\u00f3s incentivamos tanto alunos, professores e pais para que se integrassem e dessem este apoio na produ\u00e7\u00e3o de contos dos alunos. N\u00f3s tivemos mais de 90 contos somente em nosso col\u00e9gio com os alunos descrevendo um pouco do que \u00e9 a vida militar.<\/p>\n\n\n\n<p>Na cerim\u00f4nia foram entregues Medalhas do M\u00e9rito para militares em destaque na produ\u00e7\u00e3o liter\u00e1ria, empossados novos membros da Academia de Letras dos Militares Estaduais do Paran\u00e1 e distribu\u00eddos Diplomas de Amigo e Diploma de Acad\u00eamico de Honra da ALMEPAR para celebridades policiais em destaque nesses cinco anos de exist\u00eancia da Academia. Os alunos dos Col\u00e9gios das Pol\u00edcias Militares, vencedores do concurso de contos, tamb\u00e9m receberam sua premia\u00e7\u00e3o no evento.<\/p>\n\n\n\n<p>Para fazer parte da ALMEPAR os militares estaduais da ativa ou da reserva, pra\u00e7as ou oficiais, devem possuir obras na \u00e1rea da seguran\u00e7a p\u00fablica, hist\u00f3ria ou liter\u00e1ria e experi\u00eancia profissional e acad\u00eamica nessas \u00e1reas<\/p>\n\n\n\n<p>Compuseram a mesa de autoridades o proponente e presidente da sess\u00e3o solene, o deputado Alexandre Amaro (Republicanos), deputado Soldado Adriano Jos\u00e9 (PP); o comandante-geral da Pol\u00edcia Militar do Paran\u00e1 Cel. Jeferson Silva; o comandante-geral do Corpo de Bombeiros Militar do Paran\u00e1, Cel. Manoel Vasco Figueiredo J\u00fanior; o presidente da Academia de letras dos Militares Estaduais do Brasil e Distrito Federal, Cel. Ubirajara Anchieta Rodrigues; o presidente da Academia Maranhense de Ci\u00eancias, Letras e Artes Militares (AMCLAM), Cel. Veterano Carlos Augusto furtado Moreira e o vereador de Curitiba Le\u00f4nidas Dias.<\/p>\n","protected":false},"excerpt":{"rendered":"<p>A sess\u00e3o solene desta segunda-feira (28), no Plen\u00e1rio Deputado Waldemar Daros, homenageou os 5 anos de funda\u00e7\u00e3o da Academia de Letras dos Militares Estaduais do Paran\u00e1 (ALMEPAR). Proposto pelo deputado Alexandre Amaro (Republicanos), no evento foram homenageados militares que se destacam na publica\u00e7\u00e3o de obras liter\u00e1rias e documentais que contribu\u00edram para preserva\u00e7\u00e3o hist\u00f3rica e cultural [&hellip;]<\/p>\n","protected":false},"author":1,"featured_media":1030,"comment_status":"open","ping_status":"open","sticky":false,"template":"","format":"standard","meta":{"footnotes":""},"categories":[1],"tags":[9],"class_list":["post-1029","post","type-post","status-publish","format-standard","has-post-thumbnail","hentry","category-gabinete-sd","tag-soldado-adriano-jose"],"yoast_head":"<!-- This site is optimized with the Yoast SEO plugin v27.4 - https:\/\/yoast.com\/product\/yoast-seo-wordpress\/ -->\n<title>Assembleia Legislativa homenageia os 5 anos de funda\u00e7\u00e3o da Academia de Letras dos Militares Estaduais do Paran\u00e1 - Deputado Adriano Jos\u00e9<\/title>\n<meta name=\"robots\" content=\"index, follow, max-snippet:-1, max-image-preview:large, max-video-preview:-1\" \/>\n<link rel=\"canonical\" href=\"https:\/\/soldadoadrianojose.com.br\/index.php\/2023\/08\/29\/assembleia-legislativa-homenageia-os-5-anos-de-fundacao-da-academia-de-letras-dos-militares-estaduais-do-parana\/\" \/>\n<meta property=\"og:locale\" content=\"pt_BR\" \/>\n<meta property=\"og:type\" content=\"article\" \/>\n<meta property=\"og:title\" content=\"Assembleia Legislativa homenageia os 5 anos de funda\u00e7\u00e3o da Academia de Letras dos Militares Estaduais do Paran\u00e1 - Deputado Adriano Jos\u00e9\" \/>\n<meta property=\"og:description\" content=\"A sess\u00e3o solene desta segunda-feira (28), no Plen\u00e1rio Deputado Waldemar Daros, homenageou os 5 anos de funda\u00e7\u00e3o da Academia de Letras dos Militares Estaduais do Paran\u00e1 (ALMEPAR). Proposto pelo deputado Alexandre Amaro (Republicanos), no evento foram homenageados militares que se destacam na publica\u00e7\u00e3o de obras liter\u00e1rias e documentais que contribu\u00edram para preserva\u00e7\u00e3o hist\u00f3rica e cultural [&hellip;]\" \/>\n<meta property=\"og:url\" content=\"https:\/\/soldadoadrianojose.com.br\/index.php\/2023\/08\/29\/assembleia-legislativa-homenageia-os-5-anos-de-fundacao-da-academia-de-letras-dos-militares-estaduais-do-parana\/\" \/>\n<meta property=\"og:site_name\" content=\"Deputado Adriano Jos\u00e9\" \/>\n<meta property=\"article:published_time\" content=\"2023-08-29T18:52:56+00:00\" \/>\n<meta property=\"article:modified_time\" content=\"2023-08-29T18:53:02+00:00\" \/>\n<meta property=\"og:image\" content=\"https:\/\/soldadoadrianojose.com.br\/wp-content\/uploads\/2023\/08\/huUHCwuBKDPNPE0gSLerTisxkW8lY4SfXKBOWSYv.jpg\" \/>\n\t<meta property=\"og:image:width\" content=\"863\" \/>\n\t<meta property=\"og:image:height\" content=\"575\" \/>\n\t<meta property=\"og:image:type\" content=\"image\/jpeg\" \/>\n<meta name=\"author\" content=\"soldadoadrianojose\" \/>\n<meta name=\"twitter:card\" content=\"summary_large_image\" \/>\n<meta name=\"twitter:label1\" content=\"Escrito por\" \/>\n\t<meta name=\"twitter:data1\" content=\"soldadoadrianojose\" \/>\n\t<meta name=\"twitter:label2\" content=\"Est. tempo de leitura\" \/>\n\t<meta name=\"twitter:data2\" content=\"4 minutos\" \/>\n<script type=\"application\/ld+json\" class=\"yoast-schema-graph\">{\"@context\":\"https:\\\/\\\/schema.org\",\"@graph\":[{\"@type\":\"Article\",\"@id\":\"https:\\\/\\\/soldadoadrianojose.com.br\\\/index.php\\\/2023\\\/08\\\/29\\\/assembleia-legislativa-homenageia-os-5-anos-de-fundacao-da-academia-de-letras-dos-militares-estaduais-do-parana\\\/#article\",\"isPartOf\":{\"@id\":\"https:\\\/\\\/soldadoadrianojose.com.br\\\/index.php\\\/2023\\\/08\\\/29\\\/assembleia-legislativa-homenageia-os-5-anos-de-fundacao-da-academia-de-letras-dos-militares-estaduais-do-parana\\\/\"},\"author\":{\"name\":\"soldadoadrianojose\",\"@id\":\"https:\\\/\\\/soldadoadrianojose.com.br\\\/#\\\/schema\\\/person\\\/16f8e8defb7a4bd6c6082efcd1bdb6bb\"},\"headline\":\"Assembleia Legislativa homenageia os 5 anos de funda\u00e7\u00e3o da Academia de Letras dos Militares Estaduais do Paran\u00e1\",\"datePublished\":\"2023-08-29T18:52:56+00:00\",\"dateModified\":\"2023-08-29T18:53:02+00:00\",\"mainEntityOfPage\":{\"@id\":\"https:\\\/\\\/soldadoadrianojose.com.br\\\/index.php\\\/2023\\\/08\\\/29\\\/assembleia-legislativa-homenageia-os-5-anos-de-fundacao-da-academia-de-letras-dos-militares-estaduais-do-parana\\\/\"},\"wordCount\":762,\"commentCount\":0,\"publisher\":{\"@id\":\"https:\\\/\\\/soldadoadrianojose.com.br\\\/#\\\/schema\\\/person\\\/16f8e8defb7a4bd6c6082efcd1bdb6bb\"},\"image\":{\"@id\":\"https:\\\/\\\/soldadoadrianojose.com.br\\\/index.php\\\/2023\\\/08\\\/29\\\/assembleia-legislativa-homenageia-os-5-anos-de-fundacao-da-academia-de-letras-dos-militares-estaduais-do-parana\\\/#primaryimage\"},\"thumbnailUrl\":\"https:\\\/\\\/soldadoadrianojose.com.br\\\/wp-content\\\/uploads\\\/2023\\\/08\\\/huUHCwuBKDPNPE0gSLerTisxkW8lY4SfXKBOWSYv.jpg\",\"keywords\":[\"soldado adriano jose\"],\"articleSection\":[\"GABINETE SD\"],\"inLanguage\":\"pt-BR\",\"potentialAction\":[{\"@type\":\"CommentAction\",\"name\":\"Comment\",\"target\":[\"https:\\\/\\\/soldadoadrianojose.com.br\\\/index.php\\\/2023\\\/08\\\/29\\\/assembleia-legislativa-homenageia-os-5-anos-de-fundacao-da-academia-de-letras-dos-militares-estaduais-do-parana\\\/#respond\"]}]},{\"@type\":\"WebPage\",\"@id\":\"https:\\\/\\\/soldadoadrianojose.com.br\\\/index.php\\\/2023\\\/08\\\/29\\\/assembleia-legislativa-homenageia-os-5-anos-de-fundacao-da-academia-de-letras-dos-militares-estaduais-do-parana\\\/\",\"url\":\"https:\\\/\\\/soldadoadrianojose.com.br\\\/index.php\\\/2023\\\/08\\\/29\\\/assembleia-legislativa-homenageia-os-5-anos-de-fundacao-da-academia-de-letras-dos-militares-estaduais-do-parana\\\/\",\"name\":\"Assembleia Legislativa homenageia os 5 anos de funda\u00e7\u00e3o da Academia de Letras dos Militares Estaduais do Paran\u00e1 - Deputado Adriano Jos\u00e9\",\"isPartOf\":{\"@id\":\"https:\\\/\\\/soldadoadrianojose.com.br\\\/#website\"},\"primaryImageOfPage\":{\"@id\":\"https:\\\/\\\/soldadoadrianojose.com.br\\\/index.php\\\/2023\\\/08\\\/29\\\/assembleia-legislativa-homenageia-os-5-anos-de-fundacao-da-academia-de-letras-dos-militares-estaduais-do-parana\\\/#primaryimage\"},\"image\":{\"@id\":\"https:\\\/\\\/soldadoadrianojose.com.br\\\/index.php\\\/2023\\\/08\\\/29\\\/assembleia-legislativa-homenageia-os-5-anos-de-fundacao-da-academia-de-letras-dos-militares-estaduais-do-parana\\\/#primaryimage\"},\"thumbnailUrl\":\"https:\\\/\\\/soldadoadrianojose.com.br\\\/wp-content\\\/uploads\\\/2023\\\/08\\\/huUHCwuBKDPNPE0gSLerTisxkW8lY4SfXKBOWSYv.jpg\",\"datePublished\":\"2023-08-29T18:52:56+00:00\",\"dateModified\":\"2023-08-29T18:53:02+00:00\",\"breadcrumb\":{\"@id\":\"https:\\\/\\\/soldadoadrianojose.com.br\\\/index.php\\\/2023\\\/08\\\/29\\\/assembleia-legislativa-homenageia-os-5-anos-de-fundacao-da-academia-de-letras-dos-militares-estaduais-do-parana\\\/#breadcrumb\"},\"inLanguage\":\"pt-BR\",\"potentialAction\":[{\"@type\":\"ReadAction\",\"target\":[\"https:\\\/\\\/soldadoadrianojose.com.br\\\/index.php\\\/2023\\\/08\\\/29\\\/assembleia-legislativa-homenageia-os-5-anos-de-fundacao-da-academia-de-letras-dos-militares-estaduais-do-parana\\\/\"]}]},{\"@type\":\"ImageObject\",\"inLanguage\":\"pt-BR\",\"@id\":\"https:\\\/\\\/soldadoadrianojose.com.br\\\/index.php\\\/2023\\\/08\\\/29\\\/assembleia-legislativa-homenageia-os-5-anos-de-fundacao-da-academia-de-letras-dos-militares-estaduais-do-parana\\\/#primaryimage\",\"url\":\"https:\\\/\\\/soldadoadrianojose.com.br\\\/wp-content\\\/uploads\\\/2023\\\/08\\\/huUHCwuBKDPNPE0gSLerTisxkW8lY4SfXKBOWSYv.jpg\",\"contentUrl\":\"https:\\\/\\\/soldadoadrianojose.com.br\\\/wp-content\\\/uploads\\\/2023\\\/08\\\/huUHCwuBKDPNPE0gSLerTisxkW8lY4SfXKBOWSYv.jpg\",\"width\":863,\"height\":575},{\"@type\":\"BreadcrumbList\",\"@id\":\"https:\\\/\\\/soldadoadrianojose.com.br\\\/index.php\\\/2023\\\/08\\\/29\\\/assembleia-legislativa-homenageia-os-5-anos-de-fundacao-da-academia-de-letras-dos-militares-estaduais-do-parana\\\/#breadcrumb\",\"itemListElement\":[{\"@type\":\"ListItem\",\"position\":1,\"name\":\"In\u00edcio\",\"item\":\"https:\\\/\\\/soldadoadrianojose.com.br\\\/\"},{\"@type\":\"ListItem\",\"position\":2,\"name\":\"Assembleia Legislativa homenageia os 5 anos de funda\u00e7\u00e3o da Academia de Letras dos Militares Estaduais do Paran\u00e1\"}]},{\"@type\":\"WebSite\",\"@id\":\"https:\\\/\\\/soldadoadrianojose.com.br\\\/#website\",\"url\":\"https:\\\/\\\/soldadoadrianojose.com.br\\\/\",\"name\":\"Deputado Adriano Jos\u00e9\",\"description\":\"Nosso trabalho \u00e9 pelas pessoas\",\"publisher\":{\"@id\":\"https:\\\/\\\/soldadoadrianojose.com.br\\\/#\\\/schema\\\/person\\\/16f8e8defb7a4bd6c6082efcd1bdb6bb\"},\"potentialAction\":[{\"@type\":\"SearchAction\",\"target\":{\"@type\":\"EntryPoint\",\"urlTemplate\":\"https:\\\/\\\/soldadoadrianojose.com.br\\\/?s={search_term_string}\"},\"query-input\":{\"@type\":\"PropertyValueSpecification\",\"valueRequired\":true,\"valueName\":\"search_term_string\"}}],\"inLanguage\":\"pt-BR\"},{\"@type\":[\"Person\",\"Organization\"],\"@id\":\"https:\\\/\\\/soldadoadrianojose.com.br\\\/#\\\/schema\\\/person\\\/16f8e8defb7a4bd6c6082efcd1bdb6bb\",\"name\":\"soldadoadrianojose\",\"image\":{\"@type\":\"ImageObject\",\"inLanguage\":\"pt-BR\",\"@id\":\"https:\\\/\\\/soldadoadrianojose.com.br\\\/wp-content\\\/uploads\\\/2023\\\/02\\\/LOGO_CLEAR-5.png\",\"url\":\"https:\\\/\\\/soldadoadrianojose.com.br\\\/wp-content\\\/uploads\\\/2023\\\/02\\\/LOGO_CLEAR-5.png\",\"contentUrl\":\"https:\\\/\\\/soldadoadrianojose.com.br\\\/wp-content\\\/uploads\\\/2023\\\/02\\\/LOGO_CLEAR-5.png\",\"width\":3508,\"height\":998,\"caption\":\"soldadoadrianojose\"},\"logo\":{\"@id\":\"https:\\\/\\\/soldadoadrianojose.com.br\\\/wp-content\\\/uploads\\\/2023\\\/02\\\/LOGO_CLEAR-5.png\"},\"sameAs\":[\"https:\\\/\\\/soldadoadrianojose.com.br\"],\"url\":\"https:\\\/\\\/soldadoadrianojose.com.br\\\/index.php\\\/author\\\/soldadoadrianojose\\\/\"}]}<\/script>\n<!-- \/ Yoast SEO plugin. -->","yoast_head_json":{"title":"Assembleia Legislativa homenageia os 5 anos de funda\u00e7\u00e3o da Academia de Letras dos Militares Estaduais do Paran\u00e1 - Deputado Adriano Jos\u00e9","robots":{"index":"index","follow":"follow","max-snippet":"max-snippet:-1","max-image-preview":"max-image-preview:large","max-video-preview":"max-video-preview:-1"},"canonical":"https:\/\/soldadoadrianojose.com.br\/index.php\/2023\/08\/29\/assembleia-legislativa-homenageia-os-5-anos-de-fundacao-da-academia-de-letras-dos-militares-estaduais-do-parana\/","og_locale":"pt_BR","og_type":"article","og_title":"Assembleia Legislativa homenageia os 5 anos de funda\u00e7\u00e3o da Academia de Letras dos Militares Estaduais do Paran\u00e1 - Deputado Adriano Jos\u00e9","og_description":"A sess\u00e3o solene desta segunda-feira (28), no Plen\u00e1rio Deputado Waldemar Daros, homenageou os 5 anos de funda\u00e7\u00e3o da Academia de Letras dos Militares Estaduais do Paran\u00e1 (ALMEPAR). Proposto pelo deputado Alexandre Amaro (Republicanos), no evento foram homenageados militares que se destacam na publica\u00e7\u00e3o de obras liter\u00e1rias e documentais que contribu\u00edram para preserva\u00e7\u00e3o hist\u00f3rica e cultural [&hellip;]","og_url":"https:\/\/soldadoadrianojose.com.br\/index.php\/2023\/08\/29\/assembleia-legislativa-homenageia-os-5-anos-de-fundacao-da-academia-de-letras-dos-militares-estaduais-do-parana\/","og_site_name":"Deputado Adriano Jos\u00e9","article_published_time":"2023-08-29T18:52:56+00:00","article_modified_time":"2023-08-29T18:53:02+00:00","og_image":[{"width":863,"height":575,"url":"https:\/\/soldadoadrianojose.com.br\/wp-content\/uploads\/2023\/08\/huUHCwuBKDPNPE0gSLerTisxkW8lY4SfXKBOWSYv.jpg","type":"image\/jpeg"}],"author":"soldadoadrianojose","twitter_card":"summary_large_image","twitter_misc":{"Escrito por":"soldadoadrianojose","Est. tempo de leitura":"4 minutos"},"schema":{"@context":"https:\/\/schema.org","@graph":[{"@type":"Article","@id":"https:\/\/soldadoadrianojose.com.br\/index.php\/2023\/08\/29\/assembleia-legislativa-homenageia-os-5-anos-de-fundacao-da-academia-de-letras-dos-militares-estaduais-do-parana\/#article","isPartOf":{"@id":"https:\/\/soldadoadrianojose.com.br\/index.php\/2023\/08\/29\/assembleia-legislativa-homenageia-os-5-anos-de-fundacao-da-academia-de-letras-dos-militares-estaduais-do-parana\/"},"author":{"name":"soldadoadrianojose","@id":"https:\/\/soldadoadrianojose.com.br\/#\/schema\/person\/16f8e8defb7a4bd6c6082efcd1bdb6bb"},"headline":"Assembleia Legislativa homenageia os 5 anos de funda\u00e7\u00e3o da Academia de Letras dos Militares Estaduais do Paran\u00e1","datePublished":"2023-08-29T18:52:56+00:00","dateModified":"2023-08-29T18:53:02+00:00","mainEntityOfPage":{"@id":"https:\/\/soldadoadrianojose.com.br\/index.php\/2023\/08\/29\/assembleia-legislativa-homenageia-os-5-anos-de-fundacao-da-academia-de-letras-dos-militares-estaduais-do-parana\/"},"wordCount":762,"commentCount":0,"publisher":{"@id":"https:\/\/soldadoadrianojose.com.br\/#\/schema\/person\/16f8e8defb7a4bd6c6082efcd1bdb6bb"},"image":{"@id":"https:\/\/soldadoadrianojose.com.br\/index.php\/2023\/08\/29\/assembleia-legislativa-homenageia-os-5-anos-de-fundacao-da-academia-de-letras-dos-militares-estaduais-do-parana\/#primaryimage"},"thumbnailUrl":"https:\/\/soldadoadrianojose.com.br\/wp-content\/uploads\/2023\/08\/huUHCwuBKDPNPE0gSLerTisxkW8lY4SfXKBOWSYv.jpg","keywords":["soldado adriano jose"],"articleSection":["GABINETE SD"],"inLanguage":"pt-BR","potentialAction":[{"@type":"CommentAction","name":"Comment","target":["https:\/\/soldadoadrianojose.com.br\/index.php\/2023\/08\/29\/assembleia-legislativa-homenageia-os-5-anos-de-fundacao-da-academia-de-letras-dos-militares-estaduais-do-parana\/#respond"]}]},{"@type":"WebPage","@id":"https:\/\/soldadoadrianojose.com.br\/index.php\/2023\/08\/29\/assembleia-legislativa-homenageia-os-5-anos-de-fundacao-da-academia-de-letras-dos-militares-estaduais-do-parana\/","url":"https:\/\/soldadoadrianojose.com.br\/index.php\/2023\/08\/29\/assembleia-legislativa-homenageia-os-5-anos-de-fundacao-da-academia-de-letras-dos-militares-estaduais-do-parana\/","name":"Assembleia Legislativa homenageia os 5 anos de funda\u00e7\u00e3o da Academia de Letras dos Militares Estaduais do Paran\u00e1 - Deputado Adriano Jos\u00e9","isPartOf":{"@id":"https:\/\/soldadoadrianojose.com.br\/#website"},"primaryImageOfPage":{"@id":"https:\/\/soldadoadrianojose.com.br\/index.php\/2023\/08\/29\/assembleia-legislativa-homenageia-os-5-anos-de-fundacao-da-academia-de-letras-dos-militares-estaduais-do-parana\/#primaryimage"},"image":{"@id":"https:\/\/soldadoadrianojose.com.br\/index.php\/2023\/08\/29\/assembleia-legislativa-homenageia-os-5-anos-de-fundacao-da-academia-de-letras-dos-militares-estaduais-do-parana\/#primaryimage"},"thumbnailUrl":"https:\/\/soldadoadrianojose.com.br\/wp-content\/uploads\/2023\/08\/huUHCwuBKDPNPE0gSLerTisxkW8lY4SfXKBOWSYv.jpg","datePublished":"2023-08-29T18:52:56+00:00","dateModified":"2023-08-29T18:53:02+00:00","breadcrumb":{"@id":"https:\/\/soldadoadrianojose.com.br\/index.php\/2023\/08\/29\/assembleia-legislativa-homenageia-os-5-anos-de-fundacao-da-academia-de-letras-dos-militares-estaduais-do-parana\/#breadcrumb"},"inLanguage":"pt-BR","potentialAction":[{"@type":"ReadAction","target":["https:\/\/soldadoadrianojose.com.br\/index.php\/2023\/08\/29\/assembleia-legislativa-homenageia-os-5-anos-de-fundacao-da-academia-de-letras-dos-militares-estaduais-do-parana\/"]}]},{"@type":"ImageObject","inLanguage":"pt-BR","@id":"https:\/\/soldadoadrianojose.com.br\/index.php\/2023\/08\/29\/assembleia-legislativa-homenageia-os-5-anos-de-fundacao-da-academia-de-letras-dos-militares-estaduais-do-parana\/#primaryimage","url":"https:\/\/soldadoadrianojose.com.br\/wp-content\/uploads\/2023\/08\/huUHCwuBKDPNPE0gSLerTisxkW8lY4SfXKBOWSYv.jpg","contentUrl":"https:\/\/soldadoadrianojose.com.br\/wp-content\/uploads\/2023\/08\/huUHCwuBKDPNPE0gSLerTisxkW8lY4SfXKBOWSYv.jpg","width":863,"height":575},{"@type":"BreadcrumbList","@id":"https:\/\/soldadoadrianojose.com.br\/index.php\/2023\/08\/29\/assembleia-legislativa-homenageia-os-5-anos-de-fundacao-da-academia-de-letras-dos-militares-estaduais-do-parana\/#breadcrumb","itemListElement":[{"@type":"ListItem","position":1,"name":"In\u00edcio","item":"https:\/\/soldadoadrianojose.com.br\/"},{"@type":"ListItem","position":2,"name":"Assembleia Legislativa homenageia os 5 anos de funda\u00e7\u00e3o da Academia de Letras dos Militares Estaduais do Paran\u00e1"}]},{"@type":"WebSite","@id":"https:\/\/soldadoadrianojose.com.br\/#website","url":"https:\/\/soldadoadrianojose.com.br\/","name":"Deputado Adriano Jos\u00e9","description":"Nosso trabalho \u00e9 pelas pessoas","publisher":{"@id":"https:\/\/soldadoadrianojose.com.br\/#\/schema\/person\/16f8e8defb7a4bd6c6082efcd1bdb6bb"},"potentialAction":[{"@type":"SearchAction","target":{"@type":"EntryPoint","urlTemplate":"https:\/\/soldadoadrianojose.com.br\/?s={search_term_string}"},"query-input":{"@type":"PropertyValueSpecification","valueRequired":true,"valueName":"search_term_string"}}],"inLanguage":"pt-BR"},{"@type":["Person","Organization"],"@id":"https:\/\/soldadoadrianojose.com.br\/#\/schema\/person\/16f8e8defb7a4bd6c6082efcd1bdb6bb","name":"soldadoadrianojose","image":{"@type":"ImageObject","inLanguage":"pt-BR","@id":"https:\/\/soldadoadrianojose.com.br\/wp-content\/uploads\/2023\/02\/LOGO_CLEAR-5.png","url":"https:\/\/soldadoadrianojose.com.br\/wp-content\/uploads\/2023\/02\/LOGO_CLEAR-5.png","contentUrl":"https:\/\/soldadoadrianojose.com.br\/wp-content\/uploads\/2023\/02\/LOGO_CLEAR-5.png","width":3508,"height":998,"caption":"soldadoadrianojose"},"logo":{"@id":"https:\/\/soldadoadrianojose.com.br\/wp-content\/uploads\/2023\/02\/LOGO_CLEAR-5.png"},"sameAs":["https:\/\/soldadoadrianojose.com.br"],"url":"https:\/\/soldadoadrianojose.com.br\/index.php\/author\/soldadoadrianojose\/"}]}},"jetpack_featured_media_url":"https:\/\/soldadoadrianojose.com.br\/wp-content\/uploads\/2023\/08\/huUHCwuBKDPNPE0gSLerTisxkW8lY4SfXKBOWSYv.jpg","_links":{"self":[{"href":"https:\/\/soldadoadrianojose.com.br\/index.php\/wp-json\/wp\/v2\/posts\/1029","targetHints":{"allow":["GET"]}}],"collection":[{"href":"https:\/\/soldadoadrianojose.com.br\/index.php\/wp-json\/wp\/v2\/posts"}],"about":[{"href":"https:\/\/soldadoadrianojose.com.br\/index.php\/wp-json\/wp\/v2\/types\/post"}],"author":[{"embeddable":true,"href":"https:\/\/soldadoadrianojose.com.br\/index.php\/wp-json\/wp\/v2\/users\/1"}],"replies":[{"embeddable":true,"href":"https:\/\/soldadoadrianojose.com.br\/index.php\/wp-json\/wp\/v2\/comments?post=1029"}],"version-history":[{"count":1,"href":"https:\/\/soldadoadrianojose.com.br\/index.php\/wp-json\/wp\/v2\/posts\/1029\/revisions"}],"predecessor-version":[{"id":1032,"href":"https:\/\/soldadoadrianojose.com.br\/index.php\/wp-json\/wp\/v2\/posts\/1029\/revisions\/1032"}],"wp:featuredmedia":[{"embeddable":true,"href":"https:\/\/soldadoadrianojose.com.br\/index.php\/wp-json\/wp\/v2\/media\/1030"}],"wp:attachment":[{"href":"https:\/\/soldadoadrianojose.com.br\/index.php\/wp-json\/wp\/v2\/media?parent=1029"}],"wp:term":[{"taxonomy":"category","embeddable":true,"href":"https:\/\/soldadoadrianojose.com.br\/index.php\/wp-json\/wp\/v2\/categories?post=1029"},{"taxonomy":"post_tag","embeddable":true,"href":"https:\/\/soldadoadrianojose.com.br\/index.php\/wp-json\/wp\/v2\/tags?post=1029"}],"curies":[{"name":"wp","href":"https:\/\/api.w.org\/{rel}","templated":true}]}}