{"id":1072,"date":"2023-09-05T16:27:56","date_gmt":"2023-09-05T19:27:56","guid":{"rendered":"https:\/\/soldadoadrianojose.com.br\/?p=1072"},"modified":"2023-09-05T16:36:47","modified_gmt":"2023-09-05T19:36:47","slug":"projeto-de-lei-que-incentiva-cuidado-com-a-saude-mental-de-profissionais-da-seguranca-publica-e-aprovado-na-ccj","status":"publish","type":"post","link":"https:\/\/soldadoadrianojose.com.br\/index.php\/2023\/09\/05\/projeto-de-lei-que-incentiva-cuidado-com-a-saude-mental-de-profissionais-da-seguranca-publica-e-aprovado-na-ccj\/","title":{"rendered":"Projeto de lei que incentiva cuidado com a sa\u00fade mental de profissionais da Seguran\u00e7a P\u00fablica \u00e9 aprovado na CCJ"},"content":{"rendered":"\n<div class=\"wp-block-group has-small-font-size is-layout-constrained wp-block-group-is-layout-constrained\">\n<div class=\"wp-block-columns is-layout-flex wp-container-core-columns-is-layout-28f84493 wp-block-columns-is-layout-flex\">\n<div class=\"wp-block-column is-vertically-aligned-center is-layout-flow wp-block-column-is-layout-flow\" style=\"flex-basis:100%\">\n<figure class=\"wp-block-gallery has-nested-images columns-default is-cropped wp-block-gallery-1 is-layout-flex wp-block-gallery-is-layout-flex\">\n<figure class=\"wp-block-image size-full\"><img fetchpriority=\"high\" decoding=\"async\" width=\"863\" height=\"575\" data-id=\"1073\" src=\"https:\/\/soldadoadrianojose.com.br\/wp-content\/uploads\/2023\/09\/oRaZE02UM8peMqaP8KSuR89DkKU7CrsWiuwEuS98.jpg\" alt=\"\" class=\"wp-image-1073\" srcset=\"https:\/\/soldadoadrianojose.com.br\/wp-content\/uploads\/2023\/09\/oRaZE02UM8peMqaP8KSuR89DkKU7CrsWiuwEuS98.jpg 863w, https:\/\/soldadoadrianojose.com.br\/wp-content\/uploads\/2023\/09\/oRaZE02UM8peMqaP8KSuR89DkKU7CrsWiuwEuS98-300x200.jpg 300w, https:\/\/soldadoadrianojose.com.br\/wp-content\/uploads\/2023\/09\/oRaZE02UM8peMqaP8KSuR89DkKU7CrsWiuwEuS98-768x512.jpg 768w\" sizes=\"(max-width: 863px) 100vw, 863px\" \/><figcaption class=\"wp-element-caption\"><strong><small>Cr\u00e9ditos:<\/small>Eleozir Silva<\/strong><\/figcaption><\/figure>\n<\/figure>\n<\/div>\n<\/div>\n<\/div>\n\n\n\n<p>Nesta ter\u00e7a-feira (5), na Comiss\u00e3o de Constitui\u00e7\u00e3o e Justi\u00e7a (CCJ), foi aprovado o projeto de lei 592\/2023, do deputado Soldado Adriano Jos\u00e9, que institui a Campanha Estadual de incentivo ao cuidado da sa\u00fade mental dos profissionais da Seguran\u00e7a P\u00fablica. A campanha ser\u00e1 realizada na primeira semana do m\u00eas de setembro.<\/p>\n\n\n\n<p>\u201cEsses profissionais est\u00e3o expostos diariamente a situa\u00e7\u00f5es de risco, press\u00e3o e estresse, o que pode levar a transtornos mentais. \u00c9 dever do Estado proteger a sa\u00fade mental desses profissionais, garantindo condi\u00e7\u00f5es adequadas de trabalho e acesso a servi\u00e7os de sa\u00fade mental, quando necess\u00e1rio\u201d, afirma o parlamentar.    <\/p>\n\n\n\n<p>O objetivo dessa lei \u00e9 garantir condi\u00e7\u00f5es adequadas de trabalho para os agentes de seguran\u00e7a p\u00fablica, visando \u00e0 preven\u00e7\u00e3o de transtornos mentais relacionados ao exerc\u00edcio da profiss\u00e3o. Profissionais da Seguran\u00e7a P\u00fablica enfrentam diariamente situa\u00e7\u00f5es de risco, press\u00e3o e estresse, o que pode levar a transtornos como ansiedade, depress\u00e3o e s\u00edndrome de burnout.<\/p>\n\n\n\n<p>O deputado Soldado Adriano Jos\u00e9 justifica a necessidade dessa lei, destacando que a profiss\u00e3o de profissionais da Seguran\u00e7a P\u00fablica \u00e9 uma das mais desafiadoras e estressantes que existem. \u201cEsses profissionais est\u00e3o expostos diariamente a situa\u00e7\u00f5es de risco, press\u00e3o e estresse, o que pode levar a transtornos mentais. \u00c9 dever do Estado proteger a sa\u00fade mental desses profissionais, garantindo condi\u00e7\u00f5es adequadas de trabalho e acesso a servi\u00e7os de sa\u00fade mental, quando necess\u00e1rio\u201d, afirma o parlamentar.<\/p>\n\n\n\n<p>\u201cCom a aprova\u00e7\u00e3o desse projeto de lei, se espera que seja poss\u00edvel reduzir a incid\u00eancia de transtornos mentais entre os profissionais da Seguran\u00e7a P\u00fablica, promovendo uma cultura de sa\u00fade e bem-estar no ambiente de trabalho. O acompanhamento psicol\u00f3gico regular \u00e9 fundamental para que esses profissionais possam exercer suas fun\u00e7\u00f5es com maestria, lidando de forma adequada com situa\u00e7\u00f5es de press\u00e3o e estresse\u201d, complementou Soldado Adriano Jos\u00e9.<\/p>\n\n\n\n<p>Agora, o projeto de lei segue para as pr\u00f3ximas etapas do processo legislativo, podendo ser aprovado em definitivo e entrar em vigor em breve.<\/p>\n","protected":false},"excerpt":{"rendered":"<p>Nesta ter\u00e7a-feira (5), na Comiss\u00e3o de Constitui\u00e7\u00e3o e Justi\u00e7a (CCJ), foi aprovado o projeto de lei 592\/2023, do deputado Soldado Adriano Jos\u00e9, que institui a Campanha Estadual de incentivo ao cuidado da sa\u00fade mental dos profissionais da Seguran\u00e7a P\u00fablica. A campanha ser\u00e1 realizada na primeira semana do m\u00eas de setembro. \u201cEsses profissionais est\u00e3o expostos diariamente [&hellip;]<\/p>\n","protected":false},"author":1,"featured_media":1073,"comment_status":"open","ping_status":"open","sticky":false,"template":"","format":"standard","meta":{"footnotes":""},"categories":[1],"tags":[9],"class_list":["post-1072","post","type-post","status-publish","format-standard","has-post-thumbnail","hentry","category-gabinete-sd","tag-soldado-adriano-jose"],"yoast_head":"<!-- This site is optimized with the Yoast SEO plugin v27.4 - https:\/\/yoast.com\/product\/yoast-seo-wordpress\/ -->\n<title>Projeto de lei que incentiva cuidado com a sa\u00fade mental de profissionais da Seguran\u00e7a P\u00fablica \u00e9 aprovado na CCJ - Deputado Adriano Jos\u00e9<\/title>\n<meta name=\"robots\" content=\"index, follow, max-snippet:-1, max-image-preview:large, max-video-preview:-1\" \/>\n<link rel=\"canonical\" href=\"https:\/\/soldadoadrianojose.com.br\/index.php\/2023\/09\/05\/projeto-de-lei-que-incentiva-cuidado-com-a-saude-mental-de-profissionais-da-seguranca-publica-e-aprovado-na-ccj\/\" \/>\n<meta property=\"og:locale\" content=\"pt_BR\" \/>\n<meta property=\"og:type\" content=\"article\" \/>\n<meta property=\"og:title\" content=\"Projeto de lei que incentiva cuidado com a sa\u00fade mental de profissionais da Seguran\u00e7a P\u00fablica \u00e9 aprovado na CCJ - Deputado Adriano Jos\u00e9\" \/>\n<meta property=\"og:description\" content=\"Nesta ter\u00e7a-feira (5), na Comiss\u00e3o de Constitui\u00e7\u00e3o e Justi\u00e7a (CCJ), foi aprovado o projeto de lei 592\/2023, do deputado Soldado Adriano Jos\u00e9, que institui a Campanha Estadual de incentivo ao cuidado da sa\u00fade mental dos profissionais da Seguran\u00e7a P\u00fablica. A campanha ser\u00e1 realizada na primeira semana do m\u00eas de setembro. \u201cEsses profissionais est\u00e3o expostos diariamente [&hellip;]\" \/>\n<meta property=\"og:url\" content=\"https:\/\/soldadoadrianojose.com.br\/index.php\/2023\/09\/05\/projeto-de-lei-que-incentiva-cuidado-com-a-saude-mental-de-profissionais-da-seguranca-publica-e-aprovado-na-ccj\/\" \/>\n<meta property=\"og:site_name\" content=\"Deputado Adriano Jos\u00e9\" \/>\n<meta property=\"article:published_time\" content=\"2023-09-05T19:27:56+00:00\" \/>\n<meta property=\"article:modified_time\" content=\"2023-09-05T19:36:47+00:00\" \/>\n<meta property=\"og:image\" content=\"https:\/\/soldadoadrianojose.com.br\/wp-content\/uploads\/2023\/09\/oRaZE02UM8peMqaP8KSuR89DkKU7CrsWiuwEuS98.jpg\" \/>\n\t<meta property=\"og:image:width\" content=\"863\" \/>\n\t<meta property=\"og:image:height\" content=\"575\" \/>\n\t<meta property=\"og:image:type\" content=\"image\/jpeg\" \/>\n<meta name=\"author\" content=\"soldadoadrianojose\" \/>\n<meta name=\"twitter:card\" content=\"summary_large_image\" \/>\n<meta name=\"twitter:label1\" content=\"Escrito por\" \/>\n\t<meta name=\"twitter:data1\" content=\"soldadoadrianojose\" \/>\n\t<meta name=\"twitter:label2\" content=\"Est. tempo de leitura\" \/>\n\t<meta name=\"twitter:data2\" content=\"2 minutos\" \/>\n<script type=\"application\/ld+json\" class=\"yoast-schema-graph\">{\"@context\":\"https:\\\/\\\/schema.org\",\"@graph\":[{\"@type\":\"Article\",\"@id\":\"https:\\\/\\\/soldadoadrianojose.com.br\\\/index.php\\\/2023\\\/09\\\/05\\\/projeto-de-lei-que-incentiva-cuidado-com-a-saude-mental-de-profissionais-da-seguranca-publica-e-aprovado-na-ccj\\\/#article\",\"isPartOf\":{\"@id\":\"https:\\\/\\\/soldadoadrianojose.com.br\\\/index.php\\\/2023\\\/09\\\/05\\\/projeto-de-lei-que-incentiva-cuidado-com-a-saude-mental-de-profissionais-da-seguranca-publica-e-aprovado-na-ccj\\\/\"},\"author\":{\"name\":\"soldadoadrianojose\",\"@id\":\"https:\\\/\\\/soldadoadrianojose.com.br\\\/#\\\/schema\\\/person\\\/16f8e8defb7a4bd6c6082efcd1bdb6bb\"},\"headline\":\"Projeto de lei que incentiva cuidado com a sa\u00fade mental de profissionais da Seguran\u00e7a P\u00fablica \u00e9 aprovado na CCJ\",\"datePublished\":\"2023-09-05T19:27:56+00:00\",\"dateModified\":\"2023-09-05T19:36:47+00:00\",\"mainEntityOfPage\":{\"@id\":\"https:\\\/\\\/soldadoadrianojose.com.br\\\/index.php\\\/2023\\\/09\\\/05\\\/projeto-de-lei-que-incentiva-cuidado-com-a-saude-mental-de-profissionais-da-seguranca-publica-e-aprovado-na-ccj\\\/\"},\"wordCount\":378,\"commentCount\":0,\"publisher\":{\"@id\":\"https:\\\/\\\/soldadoadrianojose.com.br\\\/#\\\/schema\\\/person\\\/16f8e8defb7a4bd6c6082efcd1bdb6bb\"},\"image\":{\"@id\":\"https:\\\/\\\/soldadoadrianojose.com.br\\\/index.php\\\/2023\\\/09\\\/05\\\/projeto-de-lei-que-incentiva-cuidado-com-a-saude-mental-de-profissionais-da-seguranca-publica-e-aprovado-na-ccj\\\/#primaryimage\"},\"thumbnailUrl\":\"https:\\\/\\\/soldadoadrianojose.com.br\\\/wp-content\\\/uploads\\\/2023\\\/09\\\/oRaZE02UM8peMqaP8KSuR89DkKU7CrsWiuwEuS98.jpg\",\"keywords\":[\"soldado adriano jose\"],\"articleSection\":[\"GABINETE SD\"],\"inLanguage\":\"pt-BR\",\"potentialAction\":[{\"@type\":\"CommentAction\",\"name\":\"Comment\",\"target\":[\"https:\\\/\\\/soldadoadrianojose.com.br\\\/index.php\\\/2023\\\/09\\\/05\\\/projeto-de-lei-que-incentiva-cuidado-com-a-saude-mental-de-profissionais-da-seguranca-publica-e-aprovado-na-ccj\\\/#respond\"]}]},{\"@type\":\"WebPage\",\"@id\":\"https:\\\/\\\/soldadoadrianojose.com.br\\\/index.php\\\/2023\\\/09\\\/05\\\/projeto-de-lei-que-incentiva-cuidado-com-a-saude-mental-de-profissionais-da-seguranca-publica-e-aprovado-na-ccj\\\/\",\"url\":\"https:\\\/\\\/soldadoadrianojose.com.br\\\/index.php\\\/2023\\\/09\\\/05\\\/projeto-de-lei-que-incentiva-cuidado-com-a-saude-mental-de-profissionais-da-seguranca-publica-e-aprovado-na-ccj\\\/\",\"name\":\"Projeto de lei que incentiva cuidado com a sa\u00fade mental de profissionais da Seguran\u00e7a P\u00fablica \u00e9 aprovado na CCJ - Deputado Adriano Jos\u00e9\",\"isPartOf\":{\"@id\":\"https:\\\/\\\/soldadoadrianojose.com.br\\\/#website\"},\"primaryImageOfPage\":{\"@id\":\"https:\\\/\\\/soldadoadrianojose.com.br\\\/index.php\\\/2023\\\/09\\\/05\\\/projeto-de-lei-que-incentiva-cuidado-com-a-saude-mental-de-profissionais-da-seguranca-publica-e-aprovado-na-ccj\\\/#primaryimage\"},\"image\":{\"@id\":\"https:\\\/\\\/soldadoadrianojose.com.br\\\/index.php\\\/2023\\\/09\\\/05\\\/projeto-de-lei-que-incentiva-cuidado-com-a-saude-mental-de-profissionais-da-seguranca-publica-e-aprovado-na-ccj\\\/#primaryimage\"},\"thumbnailUrl\":\"https:\\\/\\\/soldadoadrianojose.com.br\\\/wp-content\\\/uploads\\\/2023\\\/09\\\/oRaZE02UM8peMqaP8KSuR89DkKU7CrsWiuwEuS98.jpg\",\"datePublished\":\"2023-09-05T19:27:56+00:00\",\"dateModified\":\"2023-09-05T19:36:47+00:00\",\"breadcrumb\":{\"@id\":\"https:\\\/\\\/soldadoadrianojose.com.br\\\/index.php\\\/2023\\\/09\\\/05\\\/projeto-de-lei-que-incentiva-cuidado-com-a-saude-mental-de-profissionais-da-seguranca-publica-e-aprovado-na-ccj\\\/#breadcrumb\"},\"inLanguage\":\"pt-BR\",\"potentialAction\":[{\"@type\":\"ReadAction\",\"target\":[\"https:\\\/\\\/soldadoadrianojose.com.br\\\/index.php\\\/2023\\\/09\\\/05\\\/projeto-de-lei-que-incentiva-cuidado-com-a-saude-mental-de-profissionais-da-seguranca-publica-e-aprovado-na-ccj\\\/\"]}]},{\"@type\":\"ImageObject\",\"inLanguage\":\"pt-BR\",\"@id\":\"https:\\\/\\\/soldadoadrianojose.com.br\\\/index.php\\\/2023\\\/09\\\/05\\\/projeto-de-lei-que-incentiva-cuidado-com-a-saude-mental-de-profissionais-da-seguranca-publica-e-aprovado-na-ccj\\\/#primaryimage\",\"url\":\"https:\\\/\\\/soldadoadrianojose.com.br\\\/wp-content\\\/uploads\\\/2023\\\/09\\\/oRaZE02UM8peMqaP8KSuR89DkKU7CrsWiuwEuS98.jpg\",\"contentUrl\":\"https:\\\/\\\/soldadoadrianojose.com.br\\\/wp-content\\\/uploads\\\/2023\\\/09\\\/oRaZE02UM8peMqaP8KSuR89DkKU7CrsWiuwEuS98.jpg\",\"width\":863,\"height\":575},{\"@type\":\"BreadcrumbList\",\"@id\":\"https:\\\/\\\/soldadoadrianojose.com.br\\\/index.php\\\/2023\\\/09\\\/05\\\/projeto-de-lei-que-incentiva-cuidado-com-a-saude-mental-de-profissionais-da-seguranca-publica-e-aprovado-na-ccj\\\/#breadcrumb\",\"itemListElement\":[{\"@type\":\"ListItem\",\"position\":1,\"name\":\"In\u00edcio\",\"item\":\"https:\\\/\\\/soldadoadrianojose.com.br\\\/\"},{\"@type\":\"ListItem\",\"position\":2,\"name\":\"Projeto de lei que incentiva cuidado com a sa\u00fade mental de profissionais da Seguran\u00e7a P\u00fablica \u00e9 aprovado na CCJ\"}]},{\"@type\":\"WebSite\",\"@id\":\"https:\\\/\\\/soldadoadrianojose.com.br\\\/#website\",\"url\":\"https:\\\/\\\/soldadoadrianojose.com.br\\\/\",\"name\":\"Deputado Adriano Jos\u00e9\",\"description\":\"Nosso trabalho \u00e9 pelas pessoas\",\"publisher\":{\"@id\":\"https:\\\/\\\/soldadoadrianojose.com.br\\\/#\\\/schema\\\/person\\\/16f8e8defb7a4bd6c6082efcd1bdb6bb\"},\"potentialAction\":[{\"@type\":\"SearchAction\",\"target\":{\"@type\":\"EntryPoint\",\"urlTemplate\":\"https:\\\/\\\/soldadoadrianojose.com.br\\\/?s={search_term_string}\"},\"query-input\":{\"@type\":\"PropertyValueSpecification\",\"valueRequired\":true,\"valueName\":\"search_term_string\"}}],\"inLanguage\":\"pt-BR\"},{\"@type\":[\"Person\",\"Organization\"],\"@id\":\"https:\\\/\\\/soldadoadrianojose.com.br\\\/#\\\/schema\\\/person\\\/16f8e8defb7a4bd6c6082efcd1bdb6bb\",\"name\":\"soldadoadrianojose\",\"image\":{\"@type\":\"ImageObject\",\"inLanguage\":\"pt-BR\",\"@id\":\"https:\\\/\\\/soldadoadrianojose.com.br\\\/wp-content\\\/uploads\\\/2023\\\/02\\\/LOGO_CLEAR-5.png\",\"url\":\"https:\\\/\\\/soldadoadrianojose.com.br\\\/wp-content\\\/uploads\\\/2023\\\/02\\\/LOGO_CLEAR-5.png\",\"contentUrl\":\"https:\\\/\\\/soldadoadrianojose.com.br\\\/wp-content\\\/uploads\\\/2023\\\/02\\\/LOGO_CLEAR-5.png\",\"width\":3508,\"height\":998,\"caption\":\"soldadoadrianojose\"},\"logo\":{\"@id\":\"https:\\\/\\\/soldadoadrianojose.com.br\\\/wp-content\\\/uploads\\\/2023\\\/02\\\/LOGO_CLEAR-5.png\"},\"sameAs\":[\"https:\\\/\\\/soldadoadrianojose.com.br\"],\"url\":\"https:\\\/\\\/soldadoadrianojose.com.br\\\/index.php\\\/author\\\/soldadoadrianojose\\\/\"}]}<\/script>\n<!-- \/ Yoast SEO plugin. -->","yoast_head_json":{"title":"Projeto de lei que incentiva cuidado com a sa\u00fade mental de profissionais da Seguran\u00e7a P\u00fablica \u00e9 aprovado na CCJ - Deputado Adriano Jos\u00e9","robots":{"index":"index","follow":"follow","max-snippet":"max-snippet:-1","max-image-preview":"max-image-preview:large","max-video-preview":"max-video-preview:-1"},"canonical":"https:\/\/soldadoadrianojose.com.br\/index.php\/2023\/09\/05\/projeto-de-lei-que-incentiva-cuidado-com-a-saude-mental-de-profissionais-da-seguranca-publica-e-aprovado-na-ccj\/","og_locale":"pt_BR","og_type":"article","og_title":"Projeto de lei que incentiva cuidado com a sa\u00fade mental de profissionais da Seguran\u00e7a P\u00fablica \u00e9 aprovado na CCJ - Deputado Adriano Jos\u00e9","og_description":"Nesta ter\u00e7a-feira (5), na Comiss\u00e3o de Constitui\u00e7\u00e3o e Justi\u00e7a (CCJ), foi aprovado o projeto de lei 592\/2023, do deputado Soldado Adriano Jos\u00e9, que institui a Campanha Estadual de incentivo ao cuidado da sa\u00fade mental dos profissionais da Seguran\u00e7a P\u00fablica. A campanha ser\u00e1 realizada na primeira semana do m\u00eas de setembro. \u201cEsses profissionais est\u00e3o expostos diariamente [&hellip;]","og_url":"https:\/\/soldadoadrianojose.com.br\/index.php\/2023\/09\/05\/projeto-de-lei-que-incentiva-cuidado-com-a-saude-mental-de-profissionais-da-seguranca-publica-e-aprovado-na-ccj\/","og_site_name":"Deputado Adriano Jos\u00e9","article_published_time":"2023-09-05T19:27:56+00:00","article_modified_time":"2023-09-05T19:36:47+00:00","og_image":[{"width":863,"height":575,"url":"https:\/\/soldadoadrianojose.com.br\/wp-content\/uploads\/2023\/09\/oRaZE02UM8peMqaP8KSuR89DkKU7CrsWiuwEuS98.jpg","type":"image\/jpeg"}],"author":"soldadoadrianojose","twitter_card":"summary_large_image","twitter_misc":{"Escrito por":"soldadoadrianojose","Est. tempo de leitura":"2 minutos"},"schema":{"@context":"https:\/\/schema.org","@graph":[{"@type":"Article","@id":"https:\/\/soldadoadrianojose.com.br\/index.php\/2023\/09\/05\/projeto-de-lei-que-incentiva-cuidado-com-a-saude-mental-de-profissionais-da-seguranca-publica-e-aprovado-na-ccj\/#article","isPartOf":{"@id":"https:\/\/soldadoadrianojose.com.br\/index.php\/2023\/09\/05\/projeto-de-lei-que-incentiva-cuidado-com-a-saude-mental-de-profissionais-da-seguranca-publica-e-aprovado-na-ccj\/"},"author":{"name":"soldadoadrianojose","@id":"https:\/\/soldadoadrianojose.com.br\/#\/schema\/person\/16f8e8defb7a4bd6c6082efcd1bdb6bb"},"headline":"Projeto de lei que incentiva cuidado com a sa\u00fade mental de profissionais da Seguran\u00e7a P\u00fablica \u00e9 aprovado na CCJ","datePublished":"2023-09-05T19:27:56+00:00","dateModified":"2023-09-05T19:36:47+00:00","mainEntityOfPage":{"@id":"https:\/\/soldadoadrianojose.com.br\/index.php\/2023\/09\/05\/projeto-de-lei-que-incentiva-cuidado-com-a-saude-mental-de-profissionais-da-seguranca-publica-e-aprovado-na-ccj\/"},"wordCount":378,"commentCount":0,"publisher":{"@id":"https:\/\/soldadoadrianojose.com.br\/#\/schema\/person\/16f8e8defb7a4bd6c6082efcd1bdb6bb"},"image":{"@id":"https:\/\/soldadoadrianojose.com.br\/index.php\/2023\/09\/05\/projeto-de-lei-que-incentiva-cuidado-com-a-saude-mental-de-profissionais-da-seguranca-publica-e-aprovado-na-ccj\/#primaryimage"},"thumbnailUrl":"https:\/\/soldadoadrianojose.com.br\/wp-content\/uploads\/2023\/09\/oRaZE02UM8peMqaP8KSuR89DkKU7CrsWiuwEuS98.jpg","keywords":["soldado adriano jose"],"articleSection":["GABINETE SD"],"inLanguage":"pt-BR","potentialAction":[{"@type":"CommentAction","name":"Comment","target":["https:\/\/soldadoadrianojose.com.br\/index.php\/2023\/09\/05\/projeto-de-lei-que-incentiva-cuidado-com-a-saude-mental-de-profissionais-da-seguranca-publica-e-aprovado-na-ccj\/#respond"]}]},{"@type":"WebPage","@id":"https:\/\/soldadoadrianojose.com.br\/index.php\/2023\/09\/05\/projeto-de-lei-que-incentiva-cuidado-com-a-saude-mental-de-profissionais-da-seguranca-publica-e-aprovado-na-ccj\/","url":"https:\/\/soldadoadrianojose.com.br\/index.php\/2023\/09\/05\/projeto-de-lei-que-incentiva-cuidado-com-a-saude-mental-de-profissionais-da-seguranca-publica-e-aprovado-na-ccj\/","name":"Projeto de lei que incentiva cuidado com a sa\u00fade mental de profissionais da Seguran\u00e7a P\u00fablica \u00e9 aprovado na CCJ - Deputado Adriano Jos\u00e9","isPartOf":{"@id":"https:\/\/soldadoadrianojose.com.br\/#website"},"primaryImageOfPage":{"@id":"https:\/\/soldadoadrianojose.com.br\/index.php\/2023\/09\/05\/projeto-de-lei-que-incentiva-cuidado-com-a-saude-mental-de-profissionais-da-seguranca-publica-e-aprovado-na-ccj\/#primaryimage"},"image":{"@id":"https:\/\/soldadoadrianojose.com.br\/index.php\/2023\/09\/05\/projeto-de-lei-que-incentiva-cuidado-com-a-saude-mental-de-profissionais-da-seguranca-publica-e-aprovado-na-ccj\/#primaryimage"},"thumbnailUrl":"https:\/\/soldadoadrianojose.com.br\/wp-content\/uploads\/2023\/09\/oRaZE02UM8peMqaP8KSuR89DkKU7CrsWiuwEuS98.jpg","datePublished":"2023-09-05T19:27:56+00:00","dateModified":"2023-09-05T19:36:47+00:00","breadcrumb":{"@id":"https:\/\/soldadoadrianojose.com.br\/index.php\/2023\/09\/05\/projeto-de-lei-que-incentiva-cuidado-com-a-saude-mental-de-profissionais-da-seguranca-publica-e-aprovado-na-ccj\/#breadcrumb"},"inLanguage":"pt-BR","potentialAction":[{"@type":"ReadAction","target":["https:\/\/soldadoadrianojose.com.br\/index.php\/2023\/09\/05\/projeto-de-lei-que-incentiva-cuidado-com-a-saude-mental-de-profissionais-da-seguranca-publica-e-aprovado-na-ccj\/"]}]},{"@type":"ImageObject","inLanguage":"pt-BR","@id":"https:\/\/soldadoadrianojose.com.br\/index.php\/2023\/09\/05\/projeto-de-lei-que-incentiva-cuidado-com-a-saude-mental-de-profissionais-da-seguranca-publica-e-aprovado-na-ccj\/#primaryimage","url":"https:\/\/soldadoadrianojose.com.br\/wp-content\/uploads\/2023\/09\/oRaZE02UM8peMqaP8KSuR89DkKU7CrsWiuwEuS98.jpg","contentUrl":"https:\/\/soldadoadrianojose.com.br\/wp-content\/uploads\/2023\/09\/oRaZE02UM8peMqaP8KSuR89DkKU7CrsWiuwEuS98.jpg","width":863,"height":575},{"@type":"BreadcrumbList","@id":"https:\/\/soldadoadrianojose.com.br\/index.php\/2023\/09\/05\/projeto-de-lei-que-incentiva-cuidado-com-a-saude-mental-de-profissionais-da-seguranca-publica-e-aprovado-na-ccj\/#breadcrumb","itemListElement":[{"@type":"ListItem","position":1,"name":"In\u00edcio","item":"https:\/\/soldadoadrianojose.com.br\/"},{"@type":"ListItem","position":2,"name":"Projeto de lei que incentiva cuidado com a sa\u00fade mental de profissionais da Seguran\u00e7a P\u00fablica \u00e9 aprovado na CCJ"}]},{"@type":"WebSite","@id":"https:\/\/soldadoadrianojose.com.br\/#website","url":"https:\/\/soldadoadrianojose.com.br\/","name":"Deputado Adriano Jos\u00e9","description":"Nosso trabalho \u00e9 pelas pessoas","publisher":{"@id":"https:\/\/soldadoadrianojose.com.br\/#\/schema\/person\/16f8e8defb7a4bd6c6082efcd1bdb6bb"},"potentialAction":[{"@type":"SearchAction","target":{"@type":"EntryPoint","urlTemplate":"https:\/\/soldadoadrianojose.com.br\/?s={search_term_string}"},"query-input":{"@type":"PropertyValueSpecification","valueRequired":true,"valueName":"search_term_string"}}],"inLanguage":"pt-BR"},{"@type":["Person","Organization"],"@id":"https:\/\/soldadoadrianojose.com.br\/#\/schema\/person\/16f8e8defb7a4bd6c6082efcd1bdb6bb","name":"soldadoadrianojose","image":{"@type":"ImageObject","inLanguage":"pt-BR","@id":"https:\/\/soldadoadrianojose.com.br\/wp-content\/uploads\/2023\/02\/LOGO_CLEAR-5.png","url":"https:\/\/soldadoadrianojose.com.br\/wp-content\/uploads\/2023\/02\/LOGO_CLEAR-5.png","contentUrl":"https:\/\/soldadoadrianojose.com.br\/wp-content\/uploads\/2023\/02\/LOGO_CLEAR-5.png","width":3508,"height":998,"caption":"soldadoadrianojose"},"logo":{"@id":"https:\/\/soldadoadrianojose.com.br\/wp-content\/uploads\/2023\/02\/LOGO_CLEAR-5.png"},"sameAs":["https:\/\/soldadoadrianojose.com.br"],"url":"https:\/\/soldadoadrianojose.com.br\/index.php\/author\/soldadoadrianojose\/"}]}},"jetpack_featured_media_url":"https:\/\/soldadoadrianojose.com.br\/wp-content\/uploads\/2023\/09\/oRaZE02UM8peMqaP8KSuR89DkKU7CrsWiuwEuS98.jpg","_links":{"self":[{"href":"https:\/\/soldadoadrianojose.com.br\/index.php\/wp-json\/wp\/v2\/posts\/1072","targetHints":{"allow":["GET"]}}],"collection":[{"href":"https:\/\/soldadoadrianojose.com.br\/index.php\/wp-json\/wp\/v2\/posts"}],"about":[{"href":"https:\/\/soldadoadrianojose.com.br\/index.php\/wp-json\/wp\/v2\/types\/post"}],"author":[{"embeddable":true,"href":"https:\/\/soldadoadrianojose.com.br\/index.php\/wp-json\/wp\/v2\/users\/1"}],"replies":[{"embeddable":true,"href":"https:\/\/soldadoadrianojose.com.br\/index.php\/wp-json\/wp\/v2\/comments?post=1072"}],"version-history":[{"count":2,"href":"https:\/\/soldadoadrianojose.com.br\/index.php\/wp-json\/wp\/v2\/posts\/1072\/revisions"}],"predecessor-version":[{"id":1076,"href":"https:\/\/soldadoadrianojose.com.br\/index.php\/wp-json\/wp\/v2\/posts\/1072\/revisions\/1076"}],"wp:featuredmedia":[{"embeddable":true,"href":"https:\/\/soldadoadrianojose.com.br\/index.php\/wp-json\/wp\/v2\/media\/1073"}],"wp:attachment":[{"href":"https:\/\/soldadoadrianojose.com.br\/index.php\/wp-json\/wp\/v2\/media?parent=1072"}],"wp:term":[{"taxonomy":"category","embeddable":true,"href":"https:\/\/soldadoadrianojose.com.br\/index.php\/wp-json\/wp\/v2\/categories?post=1072"},{"taxonomy":"post_tag","embeddable":true,"href":"https:\/\/soldadoadrianojose.com.br\/index.php\/wp-json\/wp\/v2\/tags?post=1072"}],"curies":[{"name":"wp","href":"https:\/\/api.w.org\/{rel}","templated":true}]}}