{"id":1077,"date":"2023-09-06T09:10:22","date_gmt":"2023-09-06T12:10:22","guid":{"rendered":"https:\/\/soldadoadrianojose.com.br\/?p=1077"},"modified":"2023-09-06T09:24:10","modified_gmt":"2023-09-06T12:24:10","slug":"deputado-soldado-adriano-jose-apoia-modelo-de-ensino-civico-militar-e-destaca-avancos-na-educacao-do-parana","status":"publish","type":"post","link":"https:\/\/soldadoadrianojose.com.br\/index.php\/2023\/09\/06\/deputado-soldado-adriano-jose-apoia-modelo-de-ensino-civico-militar-e-destaca-avancos-na-educacao-do-parana\/","title":{"rendered":"Deputado Soldado Adriano Jos\u00e9 apoia modelo de ensino Civico- Militar e destaca avan\u00e7os na educa\u00e7\u00e3o do Paran\u00e1"},"content":{"rendered":"\n<figure class=\"wp-block-gallery has-nested-images columns-default is-cropped wp-block-gallery-1 is-layout-flex wp-block-gallery-is-layout-flex\">\n<figure class=\"wp-block-image size-large\"><img fetchpriority=\"high\" decoding=\"async\" width=\"1024\" height=\"683\" data-id=\"1078\" src=\"https:\/\/soldadoadrianojose.com.br\/wp-content\/uploads\/2023\/09\/09019-1024x683.jpg\" alt=\"\" class=\"wp-image-1078\" srcset=\"https:\/\/soldadoadrianojose.com.br\/wp-content\/uploads\/2023\/09\/09019-1024x683.jpg 1024w, https:\/\/soldadoadrianojose.com.br\/wp-content\/uploads\/2023\/09\/09019-300x200.jpg 300w, https:\/\/soldadoadrianojose.com.br\/wp-content\/uploads\/2023\/09\/09019-768x512.jpg 768w, https:\/\/soldadoadrianojose.com.br\/wp-content\/uploads\/2023\/09\/09019-1536x1024.jpg 1536w, https:\/\/soldadoadrianojose.com.br\/wp-content\/uploads\/2023\/09\/09019-2048x1365.jpg 2048w\" sizes=\"(max-width: 1024px) 100vw, 1024px\" \/><figcaption class=\"wp-element-caption\">Cr\u00e9dito: Eleozir Silva<\/figcaption><\/figure>\n<\/figure>\n\n\n\n<p>O deputado Soldado Adriano Jos\u00e9, defensor do modelo de ensino C\u00edvico-Militar, destaca os avan\u00e7os na educa\u00e7\u00e3o do Paran\u00e1 com a ado\u00e7\u00e3o dessa modalidade nas escolas. Segundo ele, a implementa\u00e7\u00e3o desses col\u00e9gios tem trazido melhorias tanto na estrutura f\u00edsica quanto na qualidade da educa\u00e7\u00e3o.<\/p>\n\n\n\n<p>O governo do estado tem investido nesse modelo de ensino, e aumentou para quase 200 o n\u00famero de escolas c\u00edvico-militares na rede estadual. Essa iniciativa foi implantada por lei e tem trazido resultados positivos, como o desenvolvimento no ensino fundamental e m\u00e9dio, al\u00e9m da redu\u00e7\u00e3o das evas\u00f5es escolares.<\/p>\n\n\n\n<p>Com isso, houve uma melhora significativa no \u00cdndice de Desenvolvimento da Educa\u00e7\u00e3o B\u00e1sica (IDEB) no estado. No Ensino Fundamental, o \u00edndice passou de 3,5 para 5,5, enquanto no Ensino M\u00e9dio, foi de 0,0 para 4,7. Esses resultados colocaram as escolas do Paran\u00e1 em destaque, saindo do \u00faltimo lugar em Curitiba para a primeira posi\u00e7\u00e3o em termos de avan\u00e7o.<\/p>\n\n\n\n<p>Representantes do gabinete do deputado estiveram presentes na cerim\u00f4nia de entrega de medalhas de m\u00e9rito, em que foram homenageados alunos que se destacaram em diversas \u00e1reas, dos col\u00e9gios C\u00edvico-Militares Ermelindo de Le\u00e3o e Get\u00falio Vargas, em Curitiba, o que refor\u00e7a o compromisso do deputado com a valoriza\u00e7\u00e3o e reconhecimento dos estudantes e profissionais envolvidos nesse modelo de ensino.<\/p>\n\n\n\n<p>O Soldado Adriano ressalta que os resultados alcan\u00e7ados demonstram que o Paran\u00e1 est\u00e1 no caminho certo. Ele reafirma seu apoio a esse tipo de projeto e garante que continuar\u00e1 apoiando para que mais col\u00e9gios com esse modelo de ensino sejam implementados em nosso estado.<\/p>\n","protected":false},"excerpt":{"rendered":"<p>O deputado Soldado Adriano Jos\u00e9, defensor do modelo de ensino C\u00edvico-Militar, destaca os avan\u00e7os na educa\u00e7\u00e3o do Paran\u00e1 com a ado\u00e7\u00e3o dessa modalidade nas escolas. Segundo ele, a implementa\u00e7\u00e3o desses col\u00e9gios tem trazido melhorias tanto na estrutura f\u00edsica quanto na qualidade da educa\u00e7\u00e3o. O governo do estado tem investido nesse modelo de ensino, e aumentou [&hellip;]<\/p>\n","protected":false},"author":1,"featured_media":1080,"comment_status":"open","ping_status":"open","sticky":false,"template":"","format":"standard","meta":{"footnotes":""},"categories":[1],"tags":[30,9],"class_list":["post-1077","post","type-post","status-publish","format-standard","has-post-thumbnail","hentry","category-gabinete-sd","tag-ideb","tag-soldado-adriano-jose"],"yoast_head":"<!-- This site is optimized with the Yoast SEO plugin v27.4 - https:\/\/yoast.com\/product\/yoast-seo-wordpress\/ -->\n<title>Deputado Soldado Adriano Jos\u00e9 apoia modelo de ensino Civico- Militar e destaca avan\u00e7os na educa\u00e7\u00e3o do Paran\u00e1 - Deputado Adriano Jos\u00e9<\/title>\n<meta name=\"robots\" content=\"index, follow, max-snippet:-1, max-image-preview:large, max-video-preview:-1\" \/>\n<link rel=\"canonical\" href=\"https:\/\/soldadoadrianojose.com.br\/index.php\/2023\/09\/06\/deputado-soldado-adriano-jose-apoia-modelo-de-ensino-civico-militar-e-destaca-avancos-na-educacao-do-parana\/\" \/>\n<meta property=\"og:locale\" content=\"pt_BR\" \/>\n<meta property=\"og:type\" content=\"article\" \/>\n<meta property=\"og:title\" content=\"Deputado Soldado Adriano Jos\u00e9 apoia modelo de ensino Civico- Militar e destaca avan\u00e7os na educa\u00e7\u00e3o do Paran\u00e1 - Deputado Adriano Jos\u00e9\" \/>\n<meta property=\"og:description\" content=\"O deputado Soldado Adriano Jos\u00e9, defensor do modelo de ensino C\u00edvico-Militar, destaca os avan\u00e7os na educa\u00e7\u00e3o do Paran\u00e1 com a ado\u00e7\u00e3o dessa modalidade nas escolas. Segundo ele, a implementa\u00e7\u00e3o desses col\u00e9gios tem trazido melhorias tanto na estrutura f\u00edsica quanto na qualidade da educa\u00e7\u00e3o. O governo do estado tem investido nesse modelo de ensino, e aumentou [&hellip;]\" \/>\n<meta property=\"og:url\" content=\"https:\/\/soldadoadrianojose.com.br\/index.php\/2023\/09\/06\/deputado-soldado-adriano-jose-apoia-modelo-de-ensino-civico-militar-e-destaca-avancos-na-educacao-do-parana\/\" \/>\n<meta property=\"og:site_name\" content=\"Deputado Adriano Jos\u00e9\" \/>\n<meta property=\"article:published_time\" content=\"2023-09-06T12:10:22+00:00\" \/>\n<meta property=\"article:modified_time\" content=\"2023-09-06T12:24:10+00:00\" \/>\n<meta property=\"og:image\" content=\"https:\/\/soldadoadrianojose.com.br\/wp-content\/uploads\/2023\/09\/WhatsApp-Image-2023-09-06-at-08.58.51.jpeg\" \/>\n\t<meta property=\"og:image:width\" content=\"1600\" \/>\n\t<meta property=\"og:image:height\" content=\"1066\" \/>\n\t<meta property=\"og:image:type\" content=\"image\/jpeg\" \/>\n<meta name=\"author\" content=\"soldadoadrianojose\" \/>\n<meta name=\"twitter:card\" content=\"summary_large_image\" \/>\n<meta name=\"twitter:label1\" content=\"Escrito por\" \/>\n\t<meta name=\"twitter:data1\" content=\"soldadoadrianojose\" \/>\n\t<meta name=\"twitter:label2\" content=\"Est. tempo de leitura\" \/>\n\t<meta name=\"twitter:data2\" content=\"2 minutos\" \/>\n<script type=\"application\/ld+json\" class=\"yoast-schema-graph\">{\"@context\":\"https:\\\/\\\/schema.org\",\"@graph\":[{\"@type\":\"Article\",\"@id\":\"https:\\\/\\\/soldadoadrianojose.com.br\\\/index.php\\\/2023\\\/09\\\/06\\\/deputado-soldado-adriano-jose-apoia-modelo-de-ensino-civico-militar-e-destaca-avancos-na-educacao-do-parana\\\/#article\",\"isPartOf\":{\"@id\":\"https:\\\/\\\/soldadoadrianojose.com.br\\\/index.php\\\/2023\\\/09\\\/06\\\/deputado-soldado-adriano-jose-apoia-modelo-de-ensino-civico-militar-e-destaca-avancos-na-educacao-do-parana\\\/\"},\"author\":{\"name\":\"soldadoadrianojose\",\"@id\":\"https:\\\/\\\/soldadoadrianojose.com.br\\\/#\\\/schema\\\/person\\\/16f8e8defb7a4bd6c6082efcd1bdb6bb\"},\"headline\":\"Deputado Soldado Adriano Jos\u00e9 apoia modelo de ensino Civico- Militar e destaca avan\u00e7os na educa\u00e7\u00e3o do Paran\u00e1\",\"datePublished\":\"2023-09-06T12:10:22+00:00\",\"dateModified\":\"2023-09-06T12:24:10+00:00\",\"mainEntityOfPage\":{\"@id\":\"https:\\\/\\\/soldadoadrianojose.com.br\\\/index.php\\\/2023\\\/09\\\/06\\\/deputado-soldado-adriano-jose-apoia-modelo-de-ensino-civico-militar-e-destaca-avancos-na-educacao-do-parana\\\/\"},\"wordCount\":298,\"commentCount\":0,\"publisher\":{\"@id\":\"https:\\\/\\\/soldadoadrianojose.com.br\\\/#\\\/schema\\\/person\\\/16f8e8defb7a4bd6c6082efcd1bdb6bb\"},\"image\":{\"@id\":\"https:\\\/\\\/soldadoadrianojose.com.br\\\/index.php\\\/2023\\\/09\\\/06\\\/deputado-soldado-adriano-jose-apoia-modelo-de-ensino-civico-militar-e-destaca-avancos-na-educacao-do-parana\\\/#primaryimage\"},\"thumbnailUrl\":\"https:\\\/\\\/soldadoadrianojose.com.br\\\/wp-content\\\/uploads\\\/2023\\\/09\\\/WhatsApp-Image-2023-09-06-at-08.58.51.jpeg\",\"keywords\":[\"ideb\",\"soldado adriano jose\"],\"articleSection\":[\"GABINETE SD\"],\"inLanguage\":\"pt-BR\",\"potentialAction\":[{\"@type\":\"CommentAction\",\"name\":\"Comment\",\"target\":[\"https:\\\/\\\/soldadoadrianojose.com.br\\\/index.php\\\/2023\\\/09\\\/06\\\/deputado-soldado-adriano-jose-apoia-modelo-de-ensino-civico-militar-e-destaca-avancos-na-educacao-do-parana\\\/#respond\"]}]},{\"@type\":\"WebPage\",\"@id\":\"https:\\\/\\\/soldadoadrianojose.com.br\\\/index.php\\\/2023\\\/09\\\/06\\\/deputado-soldado-adriano-jose-apoia-modelo-de-ensino-civico-militar-e-destaca-avancos-na-educacao-do-parana\\\/\",\"url\":\"https:\\\/\\\/soldadoadrianojose.com.br\\\/index.php\\\/2023\\\/09\\\/06\\\/deputado-soldado-adriano-jose-apoia-modelo-de-ensino-civico-militar-e-destaca-avancos-na-educacao-do-parana\\\/\",\"name\":\"Deputado Soldado Adriano Jos\u00e9 apoia modelo de ensino Civico- Militar e destaca avan\u00e7os na educa\u00e7\u00e3o do Paran\u00e1 - Deputado Adriano Jos\u00e9\",\"isPartOf\":{\"@id\":\"https:\\\/\\\/soldadoadrianojose.com.br\\\/#website\"},\"primaryImageOfPage\":{\"@id\":\"https:\\\/\\\/soldadoadrianojose.com.br\\\/index.php\\\/2023\\\/09\\\/06\\\/deputado-soldado-adriano-jose-apoia-modelo-de-ensino-civico-militar-e-destaca-avancos-na-educacao-do-parana\\\/#primaryimage\"},\"image\":{\"@id\":\"https:\\\/\\\/soldadoadrianojose.com.br\\\/index.php\\\/2023\\\/09\\\/06\\\/deputado-soldado-adriano-jose-apoia-modelo-de-ensino-civico-militar-e-destaca-avancos-na-educacao-do-parana\\\/#primaryimage\"},\"thumbnailUrl\":\"https:\\\/\\\/soldadoadrianojose.com.br\\\/wp-content\\\/uploads\\\/2023\\\/09\\\/WhatsApp-Image-2023-09-06-at-08.58.51.jpeg\",\"datePublished\":\"2023-09-06T12:10:22+00:00\",\"dateModified\":\"2023-09-06T12:24:10+00:00\",\"breadcrumb\":{\"@id\":\"https:\\\/\\\/soldadoadrianojose.com.br\\\/index.php\\\/2023\\\/09\\\/06\\\/deputado-soldado-adriano-jose-apoia-modelo-de-ensino-civico-militar-e-destaca-avancos-na-educacao-do-parana\\\/#breadcrumb\"},\"inLanguage\":\"pt-BR\",\"potentialAction\":[{\"@type\":\"ReadAction\",\"target\":[\"https:\\\/\\\/soldadoadrianojose.com.br\\\/index.php\\\/2023\\\/09\\\/06\\\/deputado-soldado-adriano-jose-apoia-modelo-de-ensino-civico-militar-e-destaca-avancos-na-educacao-do-parana\\\/\"]}]},{\"@type\":\"ImageObject\",\"inLanguage\":\"pt-BR\",\"@id\":\"https:\\\/\\\/soldadoadrianojose.com.br\\\/index.php\\\/2023\\\/09\\\/06\\\/deputado-soldado-adriano-jose-apoia-modelo-de-ensino-civico-militar-e-destaca-avancos-na-educacao-do-parana\\\/#primaryimage\",\"url\":\"https:\\\/\\\/soldadoadrianojose.com.br\\\/wp-content\\\/uploads\\\/2023\\\/09\\\/WhatsApp-Image-2023-09-06-at-08.58.51.jpeg\",\"contentUrl\":\"https:\\\/\\\/soldadoadrianojose.com.br\\\/wp-content\\\/uploads\\\/2023\\\/09\\\/WhatsApp-Image-2023-09-06-at-08.58.51.jpeg\",\"width\":1600,\"height\":1066},{\"@type\":\"BreadcrumbList\",\"@id\":\"https:\\\/\\\/soldadoadrianojose.com.br\\\/index.php\\\/2023\\\/09\\\/06\\\/deputado-soldado-adriano-jose-apoia-modelo-de-ensino-civico-militar-e-destaca-avancos-na-educacao-do-parana\\\/#breadcrumb\",\"itemListElement\":[{\"@type\":\"ListItem\",\"position\":1,\"name\":\"In\u00edcio\",\"item\":\"https:\\\/\\\/soldadoadrianojose.com.br\\\/\"},{\"@type\":\"ListItem\",\"position\":2,\"name\":\"Deputado Soldado Adriano Jos\u00e9 apoia modelo de ensino Civico- Militar e destaca avan\u00e7os na educa\u00e7\u00e3o do Paran\u00e1\"}]},{\"@type\":\"WebSite\",\"@id\":\"https:\\\/\\\/soldadoadrianojose.com.br\\\/#website\",\"url\":\"https:\\\/\\\/soldadoadrianojose.com.br\\\/\",\"name\":\"Deputado Adriano Jos\u00e9\",\"description\":\"Nosso trabalho \u00e9 pelas pessoas\",\"publisher\":{\"@id\":\"https:\\\/\\\/soldadoadrianojose.com.br\\\/#\\\/schema\\\/person\\\/16f8e8defb7a4bd6c6082efcd1bdb6bb\"},\"potentialAction\":[{\"@type\":\"SearchAction\",\"target\":{\"@type\":\"EntryPoint\",\"urlTemplate\":\"https:\\\/\\\/soldadoadrianojose.com.br\\\/?s={search_term_string}\"},\"query-input\":{\"@type\":\"PropertyValueSpecification\",\"valueRequired\":true,\"valueName\":\"search_term_string\"}}],\"inLanguage\":\"pt-BR\"},{\"@type\":[\"Person\",\"Organization\"],\"@id\":\"https:\\\/\\\/soldadoadrianojose.com.br\\\/#\\\/schema\\\/person\\\/16f8e8defb7a4bd6c6082efcd1bdb6bb\",\"name\":\"soldadoadrianojose\",\"image\":{\"@type\":\"ImageObject\",\"inLanguage\":\"pt-BR\",\"@id\":\"https:\\\/\\\/soldadoadrianojose.com.br\\\/wp-content\\\/uploads\\\/2023\\\/02\\\/LOGO_CLEAR-5.png\",\"url\":\"https:\\\/\\\/soldadoadrianojose.com.br\\\/wp-content\\\/uploads\\\/2023\\\/02\\\/LOGO_CLEAR-5.png\",\"contentUrl\":\"https:\\\/\\\/soldadoadrianojose.com.br\\\/wp-content\\\/uploads\\\/2023\\\/02\\\/LOGO_CLEAR-5.png\",\"width\":3508,\"height\":998,\"caption\":\"soldadoadrianojose\"},\"logo\":{\"@id\":\"https:\\\/\\\/soldadoadrianojose.com.br\\\/wp-content\\\/uploads\\\/2023\\\/02\\\/LOGO_CLEAR-5.png\"},\"sameAs\":[\"https:\\\/\\\/soldadoadrianojose.com.br\"],\"url\":\"https:\\\/\\\/soldadoadrianojose.com.br\\\/index.php\\\/author\\\/soldadoadrianojose\\\/\"}]}<\/script>\n<!-- \/ Yoast SEO plugin. -->","yoast_head_json":{"title":"Deputado Soldado Adriano Jos\u00e9 apoia modelo de ensino Civico- Militar e destaca avan\u00e7os na educa\u00e7\u00e3o do Paran\u00e1 - Deputado Adriano Jos\u00e9","robots":{"index":"index","follow":"follow","max-snippet":"max-snippet:-1","max-image-preview":"max-image-preview:large","max-video-preview":"max-video-preview:-1"},"canonical":"https:\/\/soldadoadrianojose.com.br\/index.php\/2023\/09\/06\/deputado-soldado-adriano-jose-apoia-modelo-de-ensino-civico-militar-e-destaca-avancos-na-educacao-do-parana\/","og_locale":"pt_BR","og_type":"article","og_title":"Deputado Soldado Adriano Jos\u00e9 apoia modelo de ensino Civico- Militar e destaca avan\u00e7os na educa\u00e7\u00e3o do Paran\u00e1 - Deputado Adriano Jos\u00e9","og_description":"O deputado Soldado Adriano Jos\u00e9, defensor do modelo de ensino C\u00edvico-Militar, destaca os avan\u00e7os na educa\u00e7\u00e3o do Paran\u00e1 com a ado\u00e7\u00e3o dessa modalidade nas escolas. Segundo ele, a implementa\u00e7\u00e3o desses col\u00e9gios tem trazido melhorias tanto na estrutura f\u00edsica quanto na qualidade da educa\u00e7\u00e3o. O governo do estado tem investido nesse modelo de ensino, e aumentou [&hellip;]","og_url":"https:\/\/soldadoadrianojose.com.br\/index.php\/2023\/09\/06\/deputado-soldado-adriano-jose-apoia-modelo-de-ensino-civico-militar-e-destaca-avancos-na-educacao-do-parana\/","og_site_name":"Deputado Adriano Jos\u00e9","article_published_time":"2023-09-06T12:10:22+00:00","article_modified_time":"2023-09-06T12:24:10+00:00","og_image":[{"width":1600,"height":1066,"url":"https:\/\/soldadoadrianojose.com.br\/wp-content\/uploads\/2023\/09\/WhatsApp-Image-2023-09-06-at-08.58.51.jpeg","type":"image\/jpeg"}],"author":"soldadoadrianojose","twitter_card":"summary_large_image","twitter_misc":{"Escrito por":"soldadoadrianojose","Est. tempo de leitura":"2 minutos"},"schema":{"@context":"https:\/\/schema.org","@graph":[{"@type":"Article","@id":"https:\/\/soldadoadrianojose.com.br\/index.php\/2023\/09\/06\/deputado-soldado-adriano-jose-apoia-modelo-de-ensino-civico-militar-e-destaca-avancos-na-educacao-do-parana\/#article","isPartOf":{"@id":"https:\/\/soldadoadrianojose.com.br\/index.php\/2023\/09\/06\/deputado-soldado-adriano-jose-apoia-modelo-de-ensino-civico-militar-e-destaca-avancos-na-educacao-do-parana\/"},"author":{"name":"soldadoadrianojose","@id":"https:\/\/soldadoadrianojose.com.br\/#\/schema\/person\/16f8e8defb7a4bd6c6082efcd1bdb6bb"},"headline":"Deputado Soldado Adriano Jos\u00e9 apoia modelo de ensino Civico- Militar e destaca avan\u00e7os na educa\u00e7\u00e3o do Paran\u00e1","datePublished":"2023-09-06T12:10:22+00:00","dateModified":"2023-09-06T12:24:10+00:00","mainEntityOfPage":{"@id":"https:\/\/soldadoadrianojose.com.br\/index.php\/2023\/09\/06\/deputado-soldado-adriano-jose-apoia-modelo-de-ensino-civico-militar-e-destaca-avancos-na-educacao-do-parana\/"},"wordCount":298,"commentCount":0,"publisher":{"@id":"https:\/\/soldadoadrianojose.com.br\/#\/schema\/person\/16f8e8defb7a4bd6c6082efcd1bdb6bb"},"image":{"@id":"https:\/\/soldadoadrianojose.com.br\/index.php\/2023\/09\/06\/deputado-soldado-adriano-jose-apoia-modelo-de-ensino-civico-militar-e-destaca-avancos-na-educacao-do-parana\/#primaryimage"},"thumbnailUrl":"https:\/\/soldadoadrianojose.com.br\/wp-content\/uploads\/2023\/09\/WhatsApp-Image-2023-09-06-at-08.58.51.jpeg","keywords":["ideb","soldado adriano jose"],"articleSection":["GABINETE SD"],"inLanguage":"pt-BR","potentialAction":[{"@type":"CommentAction","name":"Comment","target":["https:\/\/soldadoadrianojose.com.br\/index.php\/2023\/09\/06\/deputado-soldado-adriano-jose-apoia-modelo-de-ensino-civico-militar-e-destaca-avancos-na-educacao-do-parana\/#respond"]}]},{"@type":"WebPage","@id":"https:\/\/soldadoadrianojose.com.br\/index.php\/2023\/09\/06\/deputado-soldado-adriano-jose-apoia-modelo-de-ensino-civico-militar-e-destaca-avancos-na-educacao-do-parana\/","url":"https:\/\/soldadoadrianojose.com.br\/index.php\/2023\/09\/06\/deputado-soldado-adriano-jose-apoia-modelo-de-ensino-civico-militar-e-destaca-avancos-na-educacao-do-parana\/","name":"Deputado Soldado Adriano Jos\u00e9 apoia modelo de ensino Civico- Militar e destaca avan\u00e7os na educa\u00e7\u00e3o do Paran\u00e1 - Deputado Adriano Jos\u00e9","isPartOf":{"@id":"https:\/\/soldadoadrianojose.com.br\/#website"},"primaryImageOfPage":{"@id":"https:\/\/soldadoadrianojose.com.br\/index.php\/2023\/09\/06\/deputado-soldado-adriano-jose-apoia-modelo-de-ensino-civico-militar-e-destaca-avancos-na-educacao-do-parana\/#primaryimage"},"image":{"@id":"https:\/\/soldadoadrianojose.com.br\/index.php\/2023\/09\/06\/deputado-soldado-adriano-jose-apoia-modelo-de-ensino-civico-militar-e-destaca-avancos-na-educacao-do-parana\/#primaryimage"},"thumbnailUrl":"https:\/\/soldadoadrianojose.com.br\/wp-content\/uploads\/2023\/09\/WhatsApp-Image-2023-09-06-at-08.58.51.jpeg","datePublished":"2023-09-06T12:10:22+00:00","dateModified":"2023-09-06T12:24:10+00:00","breadcrumb":{"@id":"https:\/\/soldadoadrianojose.com.br\/index.php\/2023\/09\/06\/deputado-soldado-adriano-jose-apoia-modelo-de-ensino-civico-militar-e-destaca-avancos-na-educacao-do-parana\/#breadcrumb"},"inLanguage":"pt-BR","potentialAction":[{"@type":"ReadAction","target":["https:\/\/soldadoadrianojose.com.br\/index.php\/2023\/09\/06\/deputado-soldado-adriano-jose-apoia-modelo-de-ensino-civico-militar-e-destaca-avancos-na-educacao-do-parana\/"]}]},{"@type":"ImageObject","inLanguage":"pt-BR","@id":"https:\/\/soldadoadrianojose.com.br\/index.php\/2023\/09\/06\/deputado-soldado-adriano-jose-apoia-modelo-de-ensino-civico-militar-e-destaca-avancos-na-educacao-do-parana\/#primaryimage","url":"https:\/\/soldadoadrianojose.com.br\/wp-content\/uploads\/2023\/09\/WhatsApp-Image-2023-09-06-at-08.58.51.jpeg","contentUrl":"https:\/\/soldadoadrianojose.com.br\/wp-content\/uploads\/2023\/09\/WhatsApp-Image-2023-09-06-at-08.58.51.jpeg","width":1600,"height":1066},{"@type":"BreadcrumbList","@id":"https:\/\/soldadoadrianojose.com.br\/index.php\/2023\/09\/06\/deputado-soldado-adriano-jose-apoia-modelo-de-ensino-civico-militar-e-destaca-avancos-na-educacao-do-parana\/#breadcrumb","itemListElement":[{"@type":"ListItem","position":1,"name":"In\u00edcio","item":"https:\/\/soldadoadrianojose.com.br\/"},{"@type":"ListItem","position":2,"name":"Deputado Soldado Adriano Jos\u00e9 apoia modelo de ensino Civico- Militar e destaca avan\u00e7os na educa\u00e7\u00e3o do Paran\u00e1"}]},{"@type":"WebSite","@id":"https:\/\/soldadoadrianojose.com.br\/#website","url":"https:\/\/soldadoadrianojose.com.br\/","name":"Deputado Adriano Jos\u00e9","description":"Nosso trabalho \u00e9 pelas pessoas","publisher":{"@id":"https:\/\/soldadoadrianojose.com.br\/#\/schema\/person\/16f8e8defb7a4bd6c6082efcd1bdb6bb"},"potentialAction":[{"@type":"SearchAction","target":{"@type":"EntryPoint","urlTemplate":"https:\/\/soldadoadrianojose.com.br\/?s={search_term_string}"},"query-input":{"@type":"PropertyValueSpecification","valueRequired":true,"valueName":"search_term_string"}}],"inLanguage":"pt-BR"},{"@type":["Person","Organization"],"@id":"https:\/\/soldadoadrianojose.com.br\/#\/schema\/person\/16f8e8defb7a4bd6c6082efcd1bdb6bb","name":"soldadoadrianojose","image":{"@type":"ImageObject","inLanguage":"pt-BR","@id":"https:\/\/soldadoadrianojose.com.br\/wp-content\/uploads\/2023\/02\/LOGO_CLEAR-5.png","url":"https:\/\/soldadoadrianojose.com.br\/wp-content\/uploads\/2023\/02\/LOGO_CLEAR-5.png","contentUrl":"https:\/\/soldadoadrianojose.com.br\/wp-content\/uploads\/2023\/02\/LOGO_CLEAR-5.png","width":3508,"height":998,"caption":"soldadoadrianojose"},"logo":{"@id":"https:\/\/soldadoadrianojose.com.br\/wp-content\/uploads\/2023\/02\/LOGO_CLEAR-5.png"},"sameAs":["https:\/\/soldadoadrianojose.com.br"],"url":"https:\/\/soldadoadrianojose.com.br\/index.php\/author\/soldadoadrianojose\/"}]}},"jetpack_featured_media_url":"https:\/\/soldadoadrianojose.com.br\/wp-content\/uploads\/2023\/09\/WhatsApp-Image-2023-09-06-at-08.58.51.jpeg","_links":{"self":[{"href":"https:\/\/soldadoadrianojose.com.br\/index.php\/wp-json\/wp\/v2\/posts\/1077","targetHints":{"allow":["GET"]}}],"collection":[{"href":"https:\/\/soldadoadrianojose.com.br\/index.php\/wp-json\/wp\/v2\/posts"}],"about":[{"href":"https:\/\/soldadoadrianojose.com.br\/index.php\/wp-json\/wp\/v2\/types\/post"}],"author":[{"embeddable":true,"href":"https:\/\/soldadoadrianojose.com.br\/index.php\/wp-json\/wp\/v2\/users\/1"}],"replies":[{"embeddable":true,"href":"https:\/\/soldadoadrianojose.com.br\/index.php\/wp-json\/wp\/v2\/comments?post=1077"}],"version-history":[{"count":1,"href":"https:\/\/soldadoadrianojose.com.br\/index.php\/wp-json\/wp\/v2\/posts\/1077\/revisions"}],"predecessor-version":[{"id":1079,"href":"https:\/\/soldadoadrianojose.com.br\/index.php\/wp-json\/wp\/v2\/posts\/1077\/revisions\/1079"}],"wp:featuredmedia":[{"embeddable":true,"href":"https:\/\/soldadoadrianojose.com.br\/index.php\/wp-json\/wp\/v2\/media\/1080"}],"wp:attachment":[{"href":"https:\/\/soldadoadrianojose.com.br\/index.php\/wp-json\/wp\/v2\/media?parent=1077"}],"wp:term":[{"taxonomy":"category","embeddable":true,"href":"https:\/\/soldadoadrianojose.com.br\/index.php\/wp-json\/wp\/v2\/categories?post=1077"},{"taxonomy":"post_tag","embeddable":true,"href":"https:\/\/soldadoadrianojose.com.br\/index.php\/wp-json\/wp\/v2\/tags?post=1077"}],"curies":[{"name":"wp","href":"https:\/\/api.w.org\/{rel}","templated":true}]}}