{"id":1081,"date":"2023-09-11T14:07:03","date_gmt":"2023-09-11T17:07:03","guid":{"rendered":"https:\/\/soldadoadrianojose.com.br\/?p=1081"},"modified":"2023-09-11T14:07:09","modified_gmt":"2023-09-11T17:07:09","slug":"deputado-soldado-adriano-jose-busca-criacao-do-batalhao-metropolitano-de-sarandi-em-reuniao-com-autoridades-de-seguranca-publica","status":"publish","type":"post","link":"https:\/\/soldadoadrianojose.com.br\/index.php\/2023\/09\/11\/deputado-soldado-adriano-jose-busca-criacao-do-batalhao-metropolitano-de-sarandi-em-reuniao-com-autoridades-de-seguranca-publica\/","title":{"rendered":"Deputado Soldado Adriano Jos\u00e9 busca cria\u00e7\u00e3o do Batalh\u00e3o Metropolitano de Sarandi em reuni\u00e3o com autoridades de seguran\u00e7a p\u00fablica"},"content":{"rendered":"\n<figure class=\"wp-block-image size-large is-resized\"><img fetchpriority=\"high\" decoding=\"async\" src=\"https:\/\/soldadoadrianojose.com.br\/wp-content\/uploads\/2023\/09\/WhatsApp-Image-2023-09-11-at-14.06.25-1024x761.jpeg\" alt=\"\" class=\"wp-image-1082\" style=\"width:447px;height:332px\" width=\"447\" height=\"332\" srcset=\"https:\/\/soldadoadrianojose.com.br\/wp-content\/uploads\/2023\/09\/WhatsApp-Image-2023-09-11-at-14.06.25-1024x761.jpeg 1024w, https:\/\/soldadoadrianojose.com.br\/wp-content\/uploads\/2023\/09\/WhatsApp-Image-2023-09-11-at-14.06.25-300x223.jpeg 300w, https:\/\/soldadoadrianojose.com.br\/wp-content\/uploads\/2023\/09\/WhatsApp-Image-2023-09-11-at-14.06.25-768x571.jpeg 768w, https:\/\/soldadoadrianojose.com.br\/wp-content\/uploads\/2023\/09\/WhatsApp-Image-2023-09-11-at-14.06.25.jpeg 1179w\" sizes=\"(max-width: 447px) 100vw, 447px\" \/><\/figure>\n\n\n\n<p>O deputado Soldado Adriano Jos\u00e9 se reuniu com o secret\u00e1rio de seguran\u00e7a p\u00fablica do estado, coronel Hudson, e o comandante geral da pol\u00edcia militar, coronel Jefferson, para discutir a cria\u00e7\u00e3o do Batalh\u00e3o Metropolitano de Sarandi. Essa demanda \u00e9 de extrema import\u00e2ncia para o Paran\u00e1 e para a regi\u00e3o de Maring\u00e1 e Sarandi, pois trar\u00e1 uma estrutura completa da pol\u00edcia militar para os munic\u00edpios envolvidos, aliviando a carga do 4\u00ba batalh\u00e3o de Maring\u00e1.<\/p>\n\n\n\n<p>Durante a reuni\u00e3o, o deputado solicitou uma aten\u00e7\u00e3o especial do governador Ratinho Junior para que o projeto seja concretizado o mais r\u00e1pido poss\u00edvel. O coronel Hudson afirmou que esse \u00e9 um compromisso antigo do estado e que j\u00e1 foram realizados estudos criteriosos pela pol\u00edcia militar e pela secretaria de seguran\u00e7a. Ele acredita que em breve o governador assinar\u00e1 um decreto para a cria\u00e7\u00e3o do batalh\u00e3o, por\u00e9m, n\u00e3o h\u00e1 uma data exata para isso.<\/p>\n\n\n\n<p>O coronel Jefferson tamb\u00e9m ressaltou a import\u00e2ncia desse novo batalh\u00e3o e afirmou que as tratativas est\u00e3o em fase final, com estudos de viabilidade j\u00e1 realizados pela pol\u00edcia militar. Ambos os representantes da seguran\u00e7a p\u00fablica demonstraram comprometimento com a causa e reconheceram a necessidade de dividir as responsabilidades do 4\u00ba batalh\u00e3o de Maring\u00e1.<\/p>\n\n\n\n<p>O Soldado Adriano agradeceu ao secret\u00e1rio e ao comandante pela aten\u00e7\u00e3o dada ao assunto e refor\u00e7ou a import\u00e2ncia desse batalh\u00e3o para a regi\u00e3o. Ele continuar\u00e1 trabalhando para que o projeto seja concretizado o mais breve poss\u00edvel, visando melhorar a seguran\u00e7a e atender \u00e0s demandas da popula\u00e7\u00e3o de Maring\u00e1, Sarandi e regi\u00e3o.<\/p>\n\n\n\n<p>A cria\u00e7\u00e3o do Batalh\u00e3o Metropolitano de Sarandi \u00e9 uma iniciativa que trar\u00e1 benef\u00edcios significativos para a regi\u00e3o, fortalecendo a atua\u00e7\u00e3o da pol\u00edcia militar e garantindo uma maior seguran\u00e7a para os cidad\u00e3os. O deputado est\u00e1 empenhado em buscar solu\u00e7\u00f5es efetivas para as demandas da seguran\u00e7a p\u00fablica e continuar\u00e1 lutando por melhorias na \u00e1rea.<\/p>\n","protected":false},"excerpt":{"rendered":"<p>O deputado Soldado Adriano Jos\u00e9 se reuniu com o secret\u00e1rio de seguran\u00e7a p\u00fablica do estado, coronel Hudson, e o comandante geral da pol\u00edcia militar, coronel Jefferson, para discutir a cria\u00e7\u00e3o do Batalh\u00e3o Metropolitano de Sarandi. Essa demanda \u00e9 de extrema import\u00e2ncia para o Paran\u00e1 e para a regi\u00e3o de Maring\u00e1 e Sarandi, pois trar\u00e1 uma [&hellip;]<\/p>\n","protected":false},"author":1,"featured_media":1082,"comment_status":"open","ping_status":"open","sticky":false,"template":"","format":"standard","meta":{"footnotes":""},"categories":[1],"tags":[],"class_list":["post-1081","post","type-post","status-publish","format-standard","has-post-thumbnail","hentry","category-gabinete-sd"],"yoast_head":"<!-- This site is optimized with the Yoast SEO plugin v27.4 - https:\/\/yoast.com\/product\/yoast-seo-wordpress\/ -->\n<title>Deputado Soldado Adriano Jos\u00e9 busca cria\u00e7\u00e3o do Batalh\u00e3o Metropolitano de Sarandi em reuni\u00e3o com autoridades de seguran\u00e7a p\u00fablica - Deputado Adriano Jos\u00e9<\/title>\n<meta name=\"robots\" content=\"index, follow, max-snippet:-1, max-image-preview:large, max-video-preview:-1\" \/>\n<link rel=\"canonical\" href=\"https:\/\/soldadoadrianojose.com.br\/index.php\/2023\/09\/11\/deputado-soldado-adriano-jose-busca-criacao-do-batalhao-metropolitano-de-sarandi-em-reuniao-com-autoridades-de-seguranca-publica\/\" \/>\n<meta property=\"og:locale\" content=\"pt_BR\" \/>\n<meta property=\"og:type\" content=\"article\" \/>\n<meta property=\"og:title\" content=\"Deputado Soldado Adriano Jos\u00e9 busca cria\u00e7\u00e3o do Batalh\u00e3o Metropolitano de Sarandi em reuni\u00e3o com autoridades de seguran\u00e7a p\u00fablica - Deputado Adriano Jos\u00e9\" \/>\n<meta property=\"og:description\" content=\"O deputado Soldado Adriano Jos\u00e9 se reuniu com o secret\u00e1rio de seguran\u00e7a p\u00fablica do estado, coronel Hudson, e o comandante geral da pol\u00edcia militar, coronel Jefferson, para discutir a cria\u00e7\u00e3o do Batalh\u00e3o Metropolitano de Sarandi. Essa demanda \u00e9 de extrema import\u00e2ncia para o Paran\u00e1 e para a regi\u00e3o de Maring\u00e1 e Sarandi, pois trar\u00e1 uma [&hellip;]\" \/>\n<meta property=\"og:url\" content=\"https:\/\/soldadoadrianojose.com.br\/index.php\/2023\/09\/11\/deputado-soldado-adriano-jose-busca-criacao-do-batalhao-metropolitano-de-sarandi-em-reuniao-com-autoridades-de-seguranca-publica\/\" \/>\n<meta property=\"og:site_name\" content=\"Deputado Adriano Jos\u00e9\" \/>\n<meta property=\"article:published_time\" content=\"2023-09-11T17:07:03+00:00\" \/>\n<meta property=\"article:modified_time\" content=\"2023-09-11T17:07:09+00:00\" \/>\n<meta property=\"og:image\" content=\"https:\/\/soldadoadrianojose.com.br\/wp-content\/uploads\/2023\/09\/WhatsApp-Image-2023-09-11-at-14.06.25.jpeg\" \/>\n\t<meta property=\"og:image:width\" content=\"1179\" \/>\n\t<meta property=\"og:image:height\" content=\"876\" \/>\n\t<meta property=\"og:image:type\" content=\"image\/jpeg\" \/>\n<meta name=\"author\" content=\"soldadoadrianojose\" \/>\n<meta name=\"twitter:card\" content=\"summary_large_image\" \/>\n<meta name=\"twitter:label1\" content=\"Escrito por\" \/>\n\t<meta name=\"twitter:data1\" content=\"soldadoadrianojose\" \/>\n\t<meta name=\"twitter:label2\" content=\"Est. tempo de leitura\" \/>\n\t<meta name=\"twitter:data2\" content=\"2 minutos\" \/>\n<script type=\"application\/ld+json\" class=\"yoast-schema-graph\">{\"@context\":\"https:\\\/\\\/schema.org\",\"@graph\":[{\"@type\":\"Article\",\"@id\":\"https:\\\/\\\/soldadoadrianojose.com.br\\\/index.php\\\/2023\\\/09\\\/11\\\/deputado-soldado-adriano-jose-busca-criacao-do-batalhao-metropolitano-de-sarandi-em-reuniao-com-autoridades-de-seguranca-publica\\\/#article\",\"isPartOf\":{\"@id\":\"https:\\\/\\\/soldadoadrianojose.com.br\\\/index.php\\\/2023\\\/09\\\/11\\\/deputado-soldado-adriano-jose-busca-criacao-do-batalhao-metropolitano-de-sarandi-em-reuniao-com-autoridades-de-seguranca-publica\\\/\"},\"author\":{\"name\":\"soldadoadrianojose\",\"@id\":\"https:\\\/\\\/soldadoadrianojose.com.br\\\/#\\\/schema\\\/person\\\/16f8e8defb7a4bd6c6082efcd1bdb6bb\"},\"headline\":\"Deputado Soldado Adriano Jos\u00e9 busca cria\u00e7\u00e3o do Batalh\u00e3o Metropolitano de Sarandi em reuni\u00e3o com autoridades de seguran\u00e7a p\u00fablica\",\"datePublished\":\"2023-09-11T17:07:03+00:00\",\"dateModified\":\"2023-09-11T17:07:09+00:00\",\"mainEntityOfPage\":{\"@id\":\"https:\\\/\\\/soldadoadrianojose.com.br\\\/index.php\\\/2023\\\/09\\\/11\\\/deputado-soldado-adriano-jose-busca-criacao-do-batalhao-metropolitano-de-sarandi-em-reuniao-com-autoridades-de-seguranca-publica\\\/\"},\"wordCount\":368,\"commentCount\":0,\"publisher\":{\"@id\":\"https:\\\/\\\/soldadoadrianojose.com.br\\\/#\\\/schema\\\/person\\\/16f8e8defb7a4bd6c6082efcd1bdb6bb\"},\"image\":{\"@id\":\"https:\\\/\\\/soldadoadrianojose.com.br\\\/index.php\\\/2023\\\/09\\\/11\\\/deputado-soldado-adriano-jose-busca-criacao-do-batalhao-metropolitano-de-sarandi-em-reuniao-com-autoridades-de-seguranca-publica\\\/#primaryimage\"},\"thumbnailUrl\":\"https:\\\/\\\/soldadoadrianojose.com.br\\\/wp-content\\\/uploads\\\/2023\\\/09\\\/WhatsApp-Image-2023-09-11-at-14.06.25.jpeg\",\"articleSection\":[\"GABINETE SD\"],\"inLanguage\":\"pt-BR\",\"potentialAction\":[{\"@type\":\"CommentAction\",\"name\":\"Comment\",\"target\":[\"https:\\\/\\\/soldadoadrianojose.com.br\\\/index.php\\\/2023\\\/09\\\/11\\\/deputado-soldado-adriano-jose-busca-criacao-do-batalhao-metropolitano-de-sarandi-em-reuniao-com-autoridades-de-seguranca-publica\\\/#respond\"]}]},{\"@type\":\"WebPage\",\"@id\":\"https:\\\/\\\/soldadoadrianojose.com.br\\\/index.php\\\/2023\\\/09\\\/11\\\/deputado-soldado-adriano-jose-busca-criacao-do-batalhao-metropolitano-de-sarandi-em-reuniao-com-autoridades-de-seguranca-publica\\\/\",\"url\":\"https:\\\/\\\/soldadoadrianojose.com.br\\\/index.php\\\/2023\\\/09\\\/11\\\/deputado-soldado-adriano-jose-busca-criacao-do-batalhao-metropolitano-de-sarandi-em-reuniao-com-autoridades-de-seguranca-publica\\\/\",\"name\":\"Deputado Soldado Adriano Jos\u00e9 busca cria\u00e7\u00e3o do Batalh\u00e3o Metropolitano de Sarandi em reuni\u00e3o com autoridades de seguran\u00e7a p\u00fablica - Deputado Adriano Jos\u00e9\",\"isPartOf\":{\"@id\":\"https:\\\/\\\/soldadoadrianojose.com.br\\\/#website\"},\"primaryImageOfPage\":{\"@id\":\"https:\\\/\\\/soldadoadrianojose.com.br\\\/index.php\\\/2023\\\/09\\\/11\\\/deputado-soldado-adriano-jose-busca-criacao-do-batalhao-metropolitano-de-sarandi-em-reuniao-com-autoridades-de-seguranca-publica\\\/#primaryimage\"},\"image\":{\"@id\":\"https:\\\/\\\/soldadoadrianojose.com.br\\\/index.php\\\/2023\\\/09\\\/11\\\/deputado-soldado-adriano-jose-busca-criacao-do-batalhao-metropolitano-de-sarandi-em-reuniao-com-autoridades-de-seguranca-publica\\\/#primaryimage\"},\"thumbnailUrl\":\"https:\\\/\\\/soldadoadrianojose.com.br\\\/wp-content\\\/uploads\\\/2023\\\/09\\\/WhatsApp-Image-2023-09-11-at-14.06.25.jpeg\",\"datePublished\":\"2023-09-11T17:07:03+00:00\",\"dateModified\":\"2023-09-11T17:07:09+00:00\",\"breadcrumb\":{\"@id\":\"https:\\\/\\\/soldadoadrianojose.com.br\\\/index.php\\\/2023\\\/09\\\/11\\\/deputado-soldado-adriano-jose-busca-criacao-do-batalhao-metropolitano-de-sarandi-em-reuniao-com-autoridades-de-seguranca-publica\\\/#breadcrumb\"},\"inLanguage\":\"pt-BR\",\"potentialAction\":[{\"@type\":\"ReadAction\",\"target\":[\"https:\\\/\\\/soldadoadrianojose.com.br\\\/index.php\\\/2023\\\/09\\\/11\\\/deputado-soldado-adriano-jose-busca-criacao-do-batalhao-metropolitano-de-sarandi-em-reuniao-com-autoridades-de-seguranca-publica\\\/\"]}]},{\"@type\":\"ImageObject\",\"inLanguage\":\"pt-BR\",\"@id\":\"https:\\\/\\\/soldadoadrianojose.com.br\\\/index.php\\\/2023\\\/09\\\/11\\\/deputado-soldado-adriano-jose-busca-criacao-do-batalhao-metropolitano-de-sarandi-em-reuniao-com-autoridades-de-seguranca-publica\\\/#primaryimage\",\"url\":\"https:\\\/\\\/soldadoadrianojose.com.br\\\/wp-content\\\/uploads\\\/2023\\\/09\\\/WhatsApp-Image-2023-09-11-at-14.06.25.jpeg\",\"contentUrl\":\"https:\\\/\\\/soldadoadrianojose.com.br\\\/wp-content\\\/uploads\\\/2023\\\/09\\\/WhatsApp-Image-2023-09-11-at-14.06.25.jpeg\",\"width\":1179,\"height\":876},{\"@type\":\"BreadcrumbList\",\"@id\":\"https:\\\/\\\/soldadoadrianojose.com.br\\\/index.php\\\/2023\\\/09\\\/11\\\/deputado-soldado-adriano-jose-busca-criacao-do-batalhao-metropolitano-de-sarandi-em-reuniao-com-autoridades-de-seguranca-publica\\\/#breadcrumb\",\"itemListElement\":[{\"@type\":\"ListItem\",\"position\":1,\"name\":\"In\u00edcio\",\"item\":\"https:\\\/\\\/soldadoadrianojose.com.br\\\/\"},{\"@type\":\"ListItem\",\"position\":2,\"name\":\"Deputado Soldado Adriano Jos\u00e9 busca cria\u00e7\u00e3o do Batalh\u00e3o Metropolitano de Sarandi em reuni\u00e3o com autoridades de seguran\u00e7a p\u00fablica\"}]},{\"@type\":\"WebSite\",\"@id\":\"https:\\\/\\\/soldadoadrianojose.com.br\\\/#website\",\"url\":\"https:\\\/\\\/soldadoadrianojose.com.br\\\/\",\"name\":\"Deputado Adriano Jos\u00e9\",\"description\":\"Nosso trabalho \u00e9 pelas pessoas\",\"publisher\":{\"@id\":\"https:\\\/\\\/soldadoadrianojose.com.br\\\/#\\\/schema\\\/person\\\/16f8e8defb7a4bd6c6082efcd1bdb6bb\"},\"potentialAction\":[{\"@type\":\"SearchAction\",\"target\":{\"@type\":\"EntryPoint\",\"urlTemplate\":\"https:\\\/\\\/soldadoadrianojose.com.br\\\/?s={search_term_string}\"},\"query-input\":{\"@type\":\"PropertyValueSpecification\",\"valueRequired\":true,\"valueName\":\"search_term_string\"}}],\"inLanguage\":\"pt-BR\"},{\"@type\":[\"Person\",\"Organization\"],\"@id\":\"https:\\\/\\\/soldadoadrianojose.com.br\\\/#\\\/schema\\\/person\\\/16f8e8defb7a4bd6c6082efcd1bdb6bb\",\"name\":\"soldadoadrianojose\",\"image\":{\"@type\":\"ImageObject\",\"inLanguage\":\"pt-BR\",\"@id\":\"https:\\\/\\\/soldadoadrianojose.com.br\\\/wp-content\\\/uploads\\\/2023\\\/02\\\/LOGO_CLEAR-5.png\",\"url\":\"https:\\\/\\\/soldadoadrianojose.com.br\\\/wp-content\\\/uploads\\\/2023\\\/02\\\/LOGO_CLEAR-5.png\",\"contentUrl\":\"https:\\\/\\\/soldadoadrianojose.com.br\\\/wp-content\\\/uploads\\\/2023\\\/02\\\/LOGO_CLEAR-5.png\",\"width\":3508,\"height\":998,\"caption\":\"soldadoadrianojose\"},\"logo\":{\"@id\":\"https:\\\/\\\/soldadoadrianojose.com.br\\\/wp-content\\\/uploads\\\/2023\\\/02\\\/LOGO_CLEAR-5.png\"},\"sameAs\":[\"https:\\\/\\\/soldadoadrianojose.com.br\"],\"url\":\"https:\\\/\\\/soldadoadrianojose.com.br\\\/index.php\\\/author\\\/soldadoadrianojose\\\/\"}]}<\/script>\n<!-- \/ Yoast SEO plugin. -->","yoast_head_json":{"title":"Deputado Soldado Adriano Jos\u00e9 busca cria\u00e7\u00e3o do Batalh\u00e3o Metropolitano de Sarandi em reuni\u00e3o com autoridades de seguran\u00e7a p\u00fablica - Deputado Adriano Jos\u00e9","robots":{"index":"index","follow":"follow","max-snippet":"max-snippet:-1","max-image-preview":"max-image-preview:large","max-video-preview":"max-video-preview:-1"},"canonical":"https:\/\/soldadoadrianojose.com.br\/index.php\/2023\/09\/11\/deputado-soldado-adriano-jose-busca-criacao-do-batalhao-metropolitano-de-sarandi-em-reuniao-com-autoridades-de-seguranca-publica\/","og_locale":"pt_BR","og_type":"article","og_title":"Deputado Soldado Adriano Jos\u00e9 busca cria\u00e7\u00e3o do Batalh\u00e3o Metropolitano de Sarandi em reuni\u00e3o com autoridades de seguran\u00e7a p\u00fablica - Deputado Adriano Jos\u00e9","og_description":"O deputado Soldado Adriano Jos\u00e9 se reuniu com o secret\u00e1rio de seguran\u00e7a p\u00fablica do estado, coronel Hudson, e o comandante geral da pol\u00edcia militar, coronel Jefferson, para discutir a cria\u00e7\u00e3o do Batalh\u00e3o Metropolitano de Sarandi. Essa demanda \u00e9 de extrema import\u00e2ncia para o Paran\u00e1 e para a regi\u00e3o de Maring\u00e1 e Sarandi, pois trar\u00e1 uma [&hellip;]","og_url":"https:\/\/soldadoadrianojose.com.br\/index.php\/2023\/09\/11\/deputado-soldado-adriano-jose-busca-criacao-do-batalhao-metropolitano-de-sarandi-em-reuniao-com-autoridades-de-seguranca-publica\/","og_site_name":"Deputado Adriano Jos\u00e9","article_published_time":"2023-09-11T17:07:03+00:00","article_modified_time":"2023-09-11T17:07:09+00:00","og_image":[{"width":1179,"height":876,"url":"https:\/\/soldadoadrianojose.com.br\/wp-content\/uploads\/2023\/09\/WhatsApp-Image-2023-09-11-at-14.06.25.jpeg","type":"image\/jpeg"}],"author":"soldadoadrianojose","twitter_card":"summary_large_image","twitter_misc":{"Escrito por":"soldadoadrianojose","Est. tempo de leitura":"2 minutos"},"schema":{"@context":"https:\/\/schema.org","@graph":[{"@type":"Article","@id":"https:\/\/soldadoadrianojose.com.br\/index.php\/2023\/09\/11\/deputado-soldado-adriano-jose-busca-criacao-do-batalhao-metropolitano-de-sarandi-em-reuniao-com-autoridades-de-seguranca-publica\/#article","isPartOf":{"@id":"https:\/\/soldadoadrianojose.com.br\/index.php\/2023\/09\/11\/deputado-soldado-adriano-jose-busca-criacao-do-batalhao-metropolitano-de-sarandi-em-reuniao-com-autoridades-de-seguranca-publica\/"},"author":{"name":"soldadoadrianojose","@id":"https:\/\/soldadoadrianojose.com.br\/#\/schema\/person\/16f8e8defb7a4bd6c6082efcd1bdb6bb"},"headline":"Deputado Soldado Adriano Jos\u00e9 busca cria\u00e7\u00e3o do Batalh\u00e3o Metropolitano de Sarandi em reuni\u00e3o com autoridades de seguran\u00e7a p\u00fablica","datePublished":"2023-09-11T17:07:03+00:00","dateModified":"2023-09-11T17:07:09+00:00","mainEntityOfPage":{"@id":"https:\/\/soldadoadrianojose.com.br\/index.php\/2023\/09\/11\/deputado-soldado-adriano-jose-busca-criacao-do-batalhao-metropolitano-de-sarandi-em-reuniao-com-autoridades-de-seguranca-publica\/"},"wordCount":368,"commentCount":0,"publisher":{"@id":"https:\/\/soldadoadrianojose.com.br\/#\/schema\/person\/16f8e8defb7a4bd6c6082efcd1bdb6bb"},"image":{"@id":"https:\/\/soldadoadrianojose.com.br\/index.php\/2023\/09\/11\/deputado-soldado-adriano-jose-busca-criacao-do-batalhao-metropolitano-de-sarandi-em-reuniao-com-autoridades-de-seguranca-publica\/#primaryimage"},"thumbnailUrl":"https:\/\/soldadoadrianojose.com.br\/wp-content\/uploads\/2023\/09\/WhatsApp-Image-2023-09-11-at-14.06.25.jpeg","articleSection":["GABINETE SD"],"inLanguage":"pt-BR","potentialAction":[{"@type":"CommentAction","name":"Comment","target":["https:\/\/soldadoadrianojose.com.br\/index.php\/2023\/09\/11\/deputado-soldado-adriano-jose-busca-criacao-do-batalhao-metropolitano-de-sarandi-em-reuniao-com-autoridades-de-seguranca-publica\/#respond"]}]},{"@type":"WebPage","@id":"https:\/\/soldadoadrianojose.com.br\/index.php\/2023\/09\/11\/deputado-soldado-adriano-jose-busca-criacao-do-batalhao-metropolitano-de-sarandi-em-reuniao-com-autoridades-de-seguranca-publica\/","url":"https:\/\/soldadoadrianojose.com.br\/index.php\/2023\/09\/11\/deputado-soldado-adriano-jose-busca-criacao-do-batalhao-metropolitano-de-sarandi-em-reuniao-com-autoridades-de-seguranca-publica\/","name":"Deputado Soldado Adriano Jos\u00e9 busca cria\u00e7\u00e3o do Batalh\u00e3o Metropolitano de Sarandi em reuni\u00e3o com autoridades de seguran\u00e7a p\u00fablica - Deputado Adriano Jos\u00e9","isPartOf":{"@id":"https:\/\/soldadoadrianojose.com.br\/#website"},"primaryImageOfPage":{"@id":"https:\/\/soldadoadrianojose.com.br\/index.php\/2023\/09\/11\/deputado-soldado-adriano-jose-busca-criacao-do-batalhao-metropolitano-de-sarandi-em-reuniao-com-autoridades-de-seguranca-publica\/#primaryimage"},"image":{"@id":"https:\/\/soldadoadrianojose.com.br\/index.php\/2023\/09\/11\/deputado-soldado-adriano-jose-busca-criacao-do-batalhao-metropolitano-de-sarandi-em-reuniao-com-autoridades-de-seguranca-publica\/#primaryimage"},"thumbnailUrl":"https:\/\/soldadoadrianojose.com.br\/wp-content\/uploads\/2023\/09\/WhatsApp-Image-2023-09-11-at-14.06.25.jpeg","datePublished":"2023-09-11T17:07:03+00:00","dateModified":"2023-09-11T17:07:09+00:00","breadcrumb":{"@id":"https:\/\/soldadoadrianojose.com.br\/index.php\/2023\/09\/11\/deputado-soldado-adriano-jose-busca-criacao-do-batalhao-metropolitano-de-sarandi-em-reuniao-com-autoridades-de-seguranca-publica\/#breadcrumb"},"inLanguage":"pt-BR","potentialAction":[{"@type":"ReadAction","target":["https:\/\/soldadoadrianojose.com.br\/index.php\/2023\/09\/11\/deputado-soldado-adriano-jose-busca-criacao-do-batalhao-metropolitano-de-sarandi-em-reuniao-com-autoridades-de-seguranca-publica\/"]}]},{"@type":"ImageObject","inLanguage":"pt-BR","@id":"https:\/\/soldadoadrianojose.com.br\/index.php\/2023\/09\/11\/deputado-soldado-adriano-jose-busca-criacao-do-batalhao-metropolitano-de-sarandi-em-reuniao-com-autoridades-de-seguranca-publica\/#primaryimage","url":"https:\/\/soldadoadrianojose.com.br\/wp-content\/uploads\/2023\/09\/WhatsApp-Image-2023-09-11-at-14.06.25.jpeg","contentUrl":"https:\/\/soldadoadrianojose.com.br\/wp-content\/uploads\/2023\/09\/WhatsApp-Image-2023-09-11-at-14.06.25.jpeg","width":1179,"height":876},{"@type":"BreadcrumbList","@id":"https:\/\/soldadoadrianojose.com.br\/index.php\/2023\/09\/11\/deputado-soldado-adriano-jose-busca-criacao-do-batalhao-metropolitano-de-sarandi-em-reuniao-com-autoridades-de-seguranca-publica\/#breadcrumb","itemListElement":[{"@type":"ListItem","position":1,"name":"In\u00edcio","item":"https:\/\/soldadoadrianojose.com.br\/"},{"@type":"ListItem","position":2,"name":"Deputado Soldado Adriano Jos\u00e9 busca cria\u00e7\u00e3o do Batalh\u00e3o Metropolitano de Sarandi em reuni\u00e3o com autoridades de seguran\u00e7a p\u00fablica"}]},{"@type":"WebSite","@id":"https:\/\/soldadoadrianojose.com.br\/#website","url":"https:\/\/soldadoadrianojose.com.br\/","name":"Deputado Adriano Jos\u00e9","description":"Nosso trabalho \u00e9 pelas pessoas","publisher":{"@id":"https:\/\/soldadoadrianojose.com.br\/#\/schema\/person\/16f8e8defb7a4bd6c6082efcd1bdb6bb"},"potentialAction":[{"@type":"SearchAction","target":{"@type":"EntryPoint","urlTemplate":"https:\/\/soldadoadrianojose.com.br\/?s={search_term_string}"},"query-input":{"@type":"PropertyValueSpecification","valueRequired":true,"valueName":"search_term_string"}}],"inLanguage":"pt-BR"},{"@type":["Person","Organization"],"@id":"https:\/\/soldadoadrianojose.com.br\/#\/schema\/person\/16f8e8defb7a4bd6c6082efcd1bdb6bb","name":"soldadoadrianojose","image":{"@type":"ImageObject","inLanguage":"pt-BR","@id":"https:\/\/soldadoadrianojose.com.br\/wp-content\/uploads\/2023\/02\/LOGO_CLEAR-5.png","url":"https:\/\/soldadoadrianojose.com.br\/wp-content\/uploads\/2023\/02\/LOGO_CLEAR-5.png","contentUrl":"https:\/\/soldadoadrianojose.com.br\/wp-content\/uploads\/2023\/02\/LOGO_CLEAR-5.png","width":3508,"height":998,"caption":"soldadoadrianojose"},"logo":{"@id":"https:\/\/soldadoadrianojose.com.br\/wp-content\/uploads\/2023\/02\/LOGO_CLEAR-5.png"},"sameAs":["https:\/\/soldadoadrianojose.com.br"],"url":"https:\/\/soldadoadrianojose.com.br\/index.php\/author\/soldadoadrianojose\/"}]}},"jetpack_featured_media_url":"https:\/\/soldadoadrianojose.com.br\/wp-content\/uploads\/2023\/09\/WhatsApp-Image-2023-09-11-at-14.06.25.jpeg","_links":{"self":[{"href":"https:\/\/soldadoadrianojose.com.br\/index.php\/wp-json\/wp\/v2\/posts\/1081","targetHints":{"allow":["GET"]}}],"collection":[{"href":"https:\/\/soldadoadrianojose.com.br\/index.php\/wp-json\/wp\/v2\/posts"}],"about":[{"href":"https:\/\/soldadoadrianojose.com.br\/index.php\/wp-json\/wp\/v2\/types\/post"}],"author":[{"embeddable":true,"href":"https:\/\/soldadoadrianojose.com.br\/index.php\/wp-json\/wp\/v2\/users\/1"}],"replies":[{"embeddable":true,"href":"https:\/\/soldadoadrianojose.com.br\/index.php\/wp-json\/wp\/v2\/comments?post=1081"}],"version-history":[{"count":1,"href":"https:\/\/soldadoadrianojose.com.br\/index.php\/wp-json\/wp\/v2\/posts\/1081\/revisions"}],"predecessor-version":[{"id":1083,"href":"https:\/\/soldadoadrianojose.com.br\/index.php\/wp-json\/wp\/v2\/posts\/1081\/revisions\/1083"}],"wp:featuredmedia":[{"embeddable":true,"href":"https:\/\/soldadoadrianojose.com.br\/index.php\/wp-json\/wp\/v2\/media\/1082"}],"wp:attachment":[{"href":"https:\/\/soldadoadrianojose.com.br\/index.php\/wp-json\/wp\/v2\/media?parent=1081"}],"wp:term":[{"taxonomy":"category","embeddable":true,"href":"https:\/\/soldadoadrianojose.com.br\/index.php\/wp-json\/wp\/v2\/categories?post=1081"},{"taxonomy":"post_tag","embeddable":true,"href":"https:\/\/soldadoadrianojose.com.br\/index.php\/wp-json\/wp\/v2\/tags?post=1081"}],"curies":[{"name":"wp","href":"https:\/\/api.w.org\/{rel}","templated":true}]}}