{"id":1095,"date":"2023-09-13T09:16:08","date_gmt":"2023-09-13T12:16:08","guid":{"rendered":"https:\/\/soldadoadrianojose.com.br\/?p=1095"},"modified":"2023-09-13T09:16:17","modified_gmt":"2023-09-13T12:16:17","slug":"deputado-soldado-adriano-jose-e-governador-assinam-convenio-para-diamante-do-norte","status":"publish","type":"post","link":"https:\/\/soldadoadrianojose.com.br\/index.php\/2023\/09\/13\/deputado-soldado-adriano-jose-e-governador-assinam-convenio-para-diamante-do-norte\/","title":{"rendered":"Deputado Soldado Adriano Jos\u00e9 e governador assinam conv\u00eanio para Diamante do Norte"},"content":{"rendered":"\n<figure class=\"wp-block-image size-full\"><img fetchpriority=\"high\" decoding=\"async\" width=\"750\" height=\"647\" src=\"https:\/\/soldadoadrianojose.com.br\/wp-content\/uploads\/2023\/09\/001a.jpg\" alt=\"\" class=\"wp-image-1096\" srcset=\"https:\/\/soldadoadrianojose.com.br\/wp-content\/uploads\/2023\/09\/001a.jpg 750w, https:\/\/soldadoadrianojose.com.br\/wp-content\/uploads\/2023\/09\/001a-300x259.jpg 300w\" sizes=\"(max-width: 750px) 100vw, 750px\" \/><\/figure>\n\n\n\n<p>Na \u00faltima ter\u00e7a-feira (12), o deputado Soldado Adriano Jos\u00e9 esteve presente na assinatura do conv\u00eanio que ir\u00e1 beneficiar o munic\u00edpio de Diamante do Norte, no Paran\u00e1. Ao lado do governador Ratinho Junior, do prefeito Eliel, do representante do deputado M\u00e1rcio Nunes, do representante do deputado Reichembach e do secret\u00e1rio das cidades, Eduardo Pimental, o deputado participou da assinatura do maior conv\u00eanio da hist\u00f3ria do munic\u00edpio.<\/p>\n\n\n\n<p>Ser\u00e3o liberados quase 6 milh\u00f5es de reais, tem como objetivo principal a pavimenta\u00e7\u00e3o asf\u00e1ltica, al\u00e9m da constru\u00e7\u00e3o de cal\u00e7adas, galerias e a instala\u00e7\u00e3o de ilumina\u00e7\u00e3o em LED em toda a cidade. Essas melhorias ir\u00e3o proporcionar uma maior qualidade de vida para os moradores, al\u00e9m de contribuir para o desenvolvimento e progresso de Diamante do Norte.<\/p>\n\n\n\n<p>O prefeito Eliel expressou sua gratid\u00e3o e afirmou que esse \u00e9 um dia hist\u00f3rico para a cidade. Ele acredita que essas obras trar\u00e3o muitos benef\u00edcios para a popula\u00e7\u00e3o e agradeceu o governador Ratinho Junior e aos demais envolvidos por essa conquista. O prefeito desejou sucesso ao mandato do governador e agradeceu por todo o apoio recebido.<\/p>\n\n\n\n<p>Parab\u00e9ns ao governador Ratinho Junior pelo programa &#8220;Asfalto Novo, Vida Nova&#8221;, que tem como objetivo promover um grande programa de ilumina\u00e7\u00e3o p\u00fablica moderna em todo o estado e essa iniciativa traz muitos benef\u00edcios para Diamante do Norte e para todo o Paran\u00e1.<\/p>\n\n\n\n<p>Com a assinatura desse conv\u00eanio, Diamante do Norte se prepara para uma nova fase de desenvolvimento e progresso. A pavimenta\u00e7\u00e3o asf\u00e1ltica, as cal\u00e7adas, as galerias e a ilumina\u00e7\u00e3o em LED ir\u00e3o proporcionar uma cidade mais segura e moderna.<\/p>\n\n\n\n<p>O deputado Soldado Adriano Jos\u00e9 reafirmou seu compromisso com o munic\u00edpio de Diamante do Norte e destacou a import\u00e2ncia desse conv\u00eanio para a cidade. Ele ressaltou que continuar\u00e1 trabalhando para o desenvolvimento da regi\u00e3o e se colocou \u00e0 disposi\u00e7\u00e3o para ajudar no que for necess\u00e1rio.<\/p>\n","protected":false},"excerpt":{"rendered":"<p>Na \u00faltima ter\u00e7a-feira (12), o deputado Soldado Adriano Jos\u00e9 esteve presente na assinatura do conv\u00eanio que ir\u00e1 beneficiar o munic\u00edpio de Diamante do Norte, no Paran\u00e1. Ao lado do governador Ratinho Junior, do prefeito Eliel, do representante do deputado M\u00e1rcio Nunes, do representante do deputado Reichembach e do secret\u00e1rio das cidades, Eduardo Pimental, o deputado [&hellip;]<\/p>\n","protected":false},"author":1,"featured_media":1096,"comment_status":"open","ping_status":"open","sticky":false,"template":"","format":"standard","meta":{"footnotes":""},"categories":[1],"tags":[],"class_list":["post-1095","post","type-post","status-publish","format-standard","has-post-thumbnail","hentry","category-gabinete-sd"],"yoast_head":"<!-- This site is optimized with the Yoast SEO plugin v27.4 - https:\/\/yoast.com\/product\/yoast-seo-wordpress\/ -->\n<title>Deputado Soldado Adriano Jos\u00e9 e governador assinam conv\u00eanio para Diamante do Norte - Deputado Adriano Jos\u00e9<\/title>\n<meta name=\"robots\" content=\"index, follow, max-snippet:-1, max-image-preview:large, max-video-preview:-1\" \/>\n<link rel=\"canonical\" href=\"https:\/\/soldadoadrianojose.com.br\/index.php\/2023\/09\/13\/deputado-soldado-adriano-jose-e-governador-assinam-convenio-para-diamante-do-norte\/\" \/>\n<meta property=\"og:locale\" content=\"pt_BR\" \/>\n<meta property=\"og:type\" content=\"article\" \/>\n<meta property=\"og:title\" content=\"Deputado Soldado Adriano Jos\u00e9 e governador assinam conv\u00eanio para Diamante do Norte - Deputado Adriano Jos\u00e9\" \/>\n<meta property=\"og:description\" content=\"Na \u00faltima ter\u00e7a-feira (12), o deputado Soldado Adriano Jos\u00e9 esteve presente na assinatura do conv\u00eanio que ir\u00e1 beneficiar o munic\u00edpio de Diamante do Norte, no Paran\u00e1. Ao lado do governador Ratinho Junior, do prefeito Eliel, do representante do deputado M\u00e1rcio Nunes, do representante do deputado Reichembach e do secret\u00e1rio das cidades, Eduardo Pimental, o deputado [&hellip;]\" \/>\n<meta property=\"og:url\" content=\"https:\/\/soldadoadrianojose.com.br\/index.php\/2023\/09\/13\/deputado-soldado-adriano-jose-e-governador-assinam-convenio-para-diamante-do-norte\/\" \/>\n<meta property=\"og:site_name\" content=\"Deputado Adriano Jos\u00e9\" \/>\n<meta property=\"article:published_time\" content=\"2023-09-13T12:16:08+00:00\" \/>\n<meta property=\"article:modified_time\" content=\"2023-09-13T12:16:17+00:00\" \/>\n<meta property=\"og:image\" content=\"https:\/\/soldadoadrianojose.com.br\/wp-content\/uploads\/2023\/09\/001a.jpg\" \/>\n\t<meta property=\"og:image:width\" content=\"750\" \/>\n\t<meta property=\"og:image:height\" content=\"647\" \/>\n\t<meta property=\"og:image:type\" content=\"image\/jpeg\" \/>\n<meta name=\"author\" content=\"soldadoadrianojose\" \/>\n<meta name=\"twitter:card\" content=\"summary_large_image\" \/>\n<meta name=\"twitter:label1\" content=\"Escrito por\" \/>\n\t<meta name=\"twitter:data1\" content=\"soldadoadrianojose\" \/>\n\t<meta name=\"twitter:label2\" content=\"Est. tempo de leitura\" \/>\n\t<meta name=\"twitter:data2\" content=\"2 minutos\" \/>\n<script type=\"application\/ld+json\" class=\"yoast-schema-graph\">{\"@context\":\"https:\\\/\\\/schema.org\",\"@graph\":[{\"@type\":\"Article\",\"@id\":\"https:\\\/\\\/soldadoadrianojose.com.br\\\/index.php\\\/2023\\\/09\\\/13\\\/deputado-soldado-adriano-jose-e-governador-assinam-convenio-para-diamante-do-norte\\\/#article\",\"isPartOf\":{\"@id\":\"https:\\\/\\\/soldadoadrianojose.com.br\\\/index.php\\\/2023\\\/09\\\/13\\\/deputado-soldado-adriano-jose-e-governador-assinam-convenio-para-diamante-do-norte\\\/\"},\"author\":{\"name\":\"soldadoadrianojose\",\"@id\":\"https:\\\/\\\/soldadoadrianojose.com.br\\\/#\\\/schema\\\/person\\\/16f8e8defb7a4bd6c6082efcd1bdb6bb\"},\"headline\":\"Deputado Soldado Adriano Jos\u00e9 e governador assinam conv\u00eanio para Diamante do Norte\",\"datePublished\":\"2023-09-13T12:16:08+00:00\",\"dateModified\":\"2023-09-13T12:16:17+00:00\",\"mainEntityOfPage\":{\"@id\":\"https:\\\/\\\/soldadoadrianojose.com.br\\\/index.php\\\/2023\\\/09\\\/13\\\/deputado-soldado-adriano-jose-e-governador-assinam-convenio-para-diamante-do-norte\\\/\"},\"wordCount\":350,\"commentCount\":0,\"publisher\":{\"@id\":\"https:\\\/\\\/soldadoadrianojose.com.br\\\/#\\\/schema\\\/person\\\/16f8e8defb7a4bd6c6082efcd1bdb6bb\"},\"image\":{\"@id\":\"https:\\\/\\\/soldadoadrianojose.com.br\\\/index.php\\\/2023\\\/09\\\/13\\\/deputado-soldado-adriano-jose-e-governador-assinam-convenio-para-diamante-do-norte\\\/#primaryimage\"},\"thumbnailUrl\":\"https:\\\/\\\/soldadoadrianojose.com.br\\\/wp-content\\\/uploads\\\/2023\\\/09\\\/001a.jpg\",\"articleSection\":[\"GABINETE SD\"],\"inLanguage\":\"pt-BR\",\"potentialAction\":[{\"@type\":\"CommentAction\",\"name\":\"Comment\",\"target\":[\"https:\\\/\\\/soldadoadrianojose.com.br\\\/index.php\\\/2023\\\/09\\\/13\\\/deputado-soldado-adriano-jose-e-governador-assinam-convenio-para-diamante-do-norte\\\/#respond\"]}]},{\"@type\":\"WebPage\",\"@id\":\"https:\\\/\\\/soldadoadrianojose.com.br\\\/index.php\\\/2023\\\/09\\\/13\\\/deputado-soldado-adriano-jose-e-governador-assinam-convenio-para-diamante-do-norte\\\/\",\"url\":\"https:\\\/\\\/soldadoadrianojose.com.br\\\/index.php\\\/2023\\\/09\\\/13\\\/deputado-soldado-adriano-jose-e-governador-assinam-convenio-para-diamante-do-norte\\\/\",\"name\":\"Deputado Soldado Adriano Jos\u00e9 e governador assinam conv\u00eanio para Diamante do Norte - Deputado Adriano Jos\u00e9\",\"isPartOf\":{\"@id\":\"https:\\\/\\\/soldadoadrianojose.com.br\\\/#website\"},\"primaryImageOfPage\":{\"@id\":\"https:\\\/\\\/soldadoadrianojose.com.br\\\/index.php\\\/2023\\\/09\\\/13\\\/deputado-soldado-adriano-jose-e-governador-assinam-convenio-para-diamante-do-norte\\\/#primaryimage\"},\"image\":{\"@id\":\"https:\\\/\\\/soldadoadrianojose.com.br\\\/index.php\\\/2023\\\/09\\\/13\\\/deputado-soldado-adriano-jose-e-governador-assinam-convenio-para-diamante-do-norte\\\/#primaryimage\"},\"thumbnailUrl\":\"https:\\\/\\\/soldadoadrianojose.com.br\\\/wp-content\\\/uploads\\\/2023\\\/09\\\/001a.jpg\",\"datePublished\":\"2023-09-13T12:16:08+00:00\",\"dateModified\":\"2023-09-13T12:16:17+00:00\",\"breadcrumb\":{\"@id\":\"https:\\\/\\\/soldadoadrianojose.com.br\\\/index.php\\\/2023\\\/09\\\/13\\\/deputado-soldado-adriano-jose-e-governador-assinam-convenio-para-diamante-do-norte\\\/#breadcrumb\"},\"inLanguage\":\"pt-BR\",\"potentialAction\":[{\"@type\":\"ReadAction\",\"target\":[\"https:\\\/\\\/soldadoadrianojose.com.br\\\/index.php\\\/2023\\\/09\\\/13\\\/deputado-soldado-adriano-jose-e-governador-assinam-convenio-para-diamante-do-norte\\\/\"]}]},{\"@type\":\"ImageObject\",\"inLanguage\":\"pt-BR\",\"@id\":\"https:\\\/\\\/soldadoadrianojose.com.br\\\/index.php\\\/2023\\\/09\\\/13\\\/deputado-soldado-adriano-jose-e-governador-assinam-convenio-para-diamante-do-norte\\\/#primaryimage\",\"url\":\"https:\\\/\\\/soldadoadrianojose.com.br\\\/wp-content\\\/uploads\\\/2023\\\/09\\\/001a.jpg\",\"contentUrl\":\"https:\\\/\\\/soldadoadrianojose.com.br\\\/wp-content\\\/uploads\\\/2023\\\/09\\\/001a.jpg\",\"width\":750,\"height\":647},{\"@type\":\"BreadcrumbList\",\"@id\":\"https:\\\/\\\/soldadoadrianojose.com.br\\\/index.php\\\/2023\\\/09\\\/13\\\/deputado-soldado-adriano-jose-e-governador-assinam-convenio-para-diamante-do-norte\\\/#breadcrumb\",\"itemListElement\":[{\"@type\":\"ListItem\",\"position\":1,\"name\":\"In\u00edcio\",\"item\":\"https:\\\/\\\/soldadoadrianojose.com.br\\\/\"},{\"@type\":\"ListItem\",\"position\":2,\"name\":\"Deputado Soldado Adriano Jos\u00e9 e governador assinam conv\u00eanio para Diamante do Norte\"}]},{\"@type\":\"WebSite\",\"@id\":\"https:\\\/\\\/soldadoadrianojose.com.br\\\/#website\",\"url\":\"https:\\\/\\\/soldadoadrianojose.com.br\\\/\",\"name\":\"Deputado Adriano Jos\u00e9\",\"description\":\"Nosso trabalho \u00e9 pelas pessoas\",\"publisher\":{\"@id\":\"https:\\\/\\\/soldadoadrianojose.com.br\\\/#\\\/schema\\\/person\\\/16f8e8defb7a4bd6c6082efcd1bdb6bb\"},\"potentialAction\":[{\"@type\":\"SearchAction\",\"target\":{\"@type\":\"EntryPoint\",\"urlTemplate\":\"https:\\\/\\\/soldadoadrianojose.com.br\\\/?s={search_term_string}\"},\"query-input\":{\"@type\":\"PropertyValueSpecification\",\"valueRequired\":true,\"valueName\":\"search_term_string\"}}],\"inLanguage\":\"pt-BR\"},{\"@type\":[\"Person\",\"Organization\"],\"@id\":\"https:\\\/\\\/soldadoadrianojose.com.br\\\/#\\\/schema\\\/person\\\/16f8e8defb7a4bd6c6082efcd1bdb6bb\",\"name\":\"soldadoadrianojose\",\"image\":{\"@type\":\"ImageObject\",\"inLanguage\":\"pt-BR\",\"@id\":\"https:\\\/\\\/soldadoadrianojose.com.br\\\/wp-content\\\/uploads\\\/2023\\\/02\\\/LOGO_CLEAR-5.png\",\"url\":\"https:\\\/\\\/soldadoadrianojose.com.br\\\/wp-content\\\/uploads\\\/2023\\\/02\\\/LOGO_CLEAR-5.png\",\"contentUrl\":\"https:\\\/\\\/soldadoadrianojose.com.br\\\/wp-content\\\/uploads\\\/2023\\\/02\\\/LOGO_CLEAR-5.png\",\"width\":3508,\"height\":998,\"caption\":\"soldadoadrianojose\"},\"logo\":{\"@id\":\"https:\\\/\\\/soldadoadrianojose.com.br\\\/wp-content\\\/uploads\\\/2023\\\/02\\\/LOGO_CLEAR-5.png\"},\"sameAs\":[\"https:\\\/\\\/soldadoadrianojose.com.br\"],\"url\":\"https:\\\/\\\/soldadoadrianojose.com.br\\\/index.php\\\/author\\\/soldadoadrianojose\\\/\"}]}<\/script>\n<!-- \/ Yoast SEO plugin. -->","yoast_head_json":{"title":"Deputado Soldado Adriano Jos\u00e9 e governador assinam conv\u00eanio para Diamante do Norte - Deputado Adriano Jos\u00e9","robots":{"index":"index","follow":"follow","max-snippet":"max-snippet:-1","max-image-preview":"max-image-preview:large","max-video-preview":"max-video-preview:-1"},"canonical":"https:\/\/soldadoadrianojose.com.br\/index.php\/2023\/09\/13\/deputado-soldado-adriano-jose-e-governador-assinam-convenio-para-diamante-do-norte\/","og_locale":"pt_BR","og_type":"article","og_title":"Deputado Soldado Adriano Jos\u00e9 e governador assinam conv\u00eanio para Diamante do Norte - Deputado Adriano Jos\u00e9","og_description":"Na \u00faltima ter\u00e7a-feira (12), o deputado Soldado Adriano Jos\u00e9 esteve presente na assinatura do conv\u00eanio que ir\u00e1 beneficiar o munic\u00edpio de Diamante do Norte, no Paran\u00e1. Ao lado do governador Ratinho Junior, do prefeito Eliel, do representante do deputado M\u00e1rcio Nunes, do representante do deputado Reichembach e do secret\u00e1rio das cidades, Eduardo Pimental, o deputado [&hellip;]","og_url":"https:\/\/soldadoadrianojose.com.br\/index.php\/2023\/09\/13\/deputado-soldado-adriano-jose-e-governador-assinam-convenio-para-diamante-do-norte\/","og_site_name":"Deputado Adriano Jos\u00e9","article_published_time":"2023-09-13T12:16:08+00:00","article_modified_time":"2023-09-13T12:16:17+00:00","og_image":[{"width":750,"height":647,"url":"https:\/\/soldadoadrianojose.com.br\/wp-content\/uploads\/2023\/09\/001a.jpg","type":"image\/jpeg"}],"author":"soldadoadrianojose","twitter_card":"summary_large_image","twitter_misc":{"Escrito por":"soldadoadrianojose","Est. tempo de leitura":"2 minutos"},"schema":{"@context":"https:\/\/schema.org","@graph":[{"@type":"Article","@id":"https:\/\/soldadoadrianojose.com.br\/index.php\/2023\/09\/13\/deputado-soldado-adriano-jose-e-governador-assinam-convenio-para-diamante-do-norte\/#article","isPartOf":{"@id":"https:\/\/soldadoadrianojose.com.br\/index.php\/2023\/09\/13\/deputado-soldado-adriano-jose-e-governador-assinam-convenio-para-diamante-do-norte\/"},"author":{"name":"soldadoadrianojose","@id":"https:\/\/soldadoadrianojose.com.br\/#\/schema\/person\/16f8e8defb7a4bd6c6082efcd1bdb6bb"},"headline":"Deputado Soldado Adriano Jos\u00e9 e governador assinam conv\u00eanio para Diamante do Norte","datePublished":"2023-09-13T12:16:08+00:00","dateModified":"2023-09-13T12:16:17+00:00","mainEntityOfPage":{"@id":"https:\/\/soldadoadrianojose.com.br\/index.php\/2023\/09\/13\/deputado-soldado-adriano-jose-e-governador-assinam-convenio-para-diamante-do-norte\/"},"wordCount":350,"commentCount":0,"publisher":{"@id":"https:\/\/soldadoadrianojose.com.br\/#\/schema\/person\/16f8e8defb7a4bd6c6082efcd1bdb6bb"},"image":{"@id":"https:\/\/soldadoadrianojose.com.br\/index.php\/2023\/09\/13\/deputado-soldado-adriano-jose-e-governador-assinam-convenio-para-diamante-do-norte\/#primaryimage"},"thumbnailUrl":"https:\/\/soldadoadrianojose.com.br\/wp-content\/uploads\/2023\/09\/001a.jpg","articleSection":["GABINETE SD"],"inLanguage":"pt-BR","potentialAction":[{"@type":"CommentAction","name":"Comment","target":["https:\/\/soldadoadrianojose.com.br\/index.php\/2023\/09\/13\/deputado-soldado-adriano-jose-e-governador-assinam-convenio-para-diamante-do-norte\/#respond"]}]},{"@type":"WebPage","@id":"https:\/\/soldadoadrianojose.com.br\/index.php\/2023\/09\/13\/deputado-soldado-adriano-jose-e-governador-assinam-convenio-para-diamante-do-norte\/","url":"https:\/\/soldadoadrianojose.com.br\/index.php\/2023\/09\/13\/deputado-soldado-adriano-jose-e-governador-assinam-convenio-para-diamante-do-norte\/","name":"Deputado Soldado Adriano Jos\u00e9 e governador assinam conv\u00eanio para Diamante do Norte - Deputado Adriano Jos\u00e9","isPartOf":{"@id":"https:\/\/soldadoadrianojose.com.br\/#website"},"primaryImageOfPage":{"@id":"https:\/\/soldadoadrianojose.com.br\/index.php\/2023\/09\/13\/deputado-soldado-adriano-jose-e-governador-assinam-convenio-para-diamante-do-norte\/#primaryimage"},"image":{"@id":"https:\/\/soldadoadrianojose.com.br\/index.php\/2023\/09\/13\/deputado-soldado-adriano-jose-e-governador-assinam-convenio-para-diamante-do-norte\/#primaryimage"},"thumbnailUrl":"https:\/\/soldadoadrianojose.com.br\/wp-content\/uploads\/2023\/09\/001a.jpg","datePublished":"2023-09-13T12:16:08+00:00","dateModified":"2023-09-13T12:16:17+00:00","breadcrumb":{"@id":"https:\/\/soldadoadrianojose.com.br\/index.php\/2023\/09\/13\/deputado-soldado-adriano-jose-e-governador-assinam-convenio-para-diamante-do-norte\/#breadcrumb"},"inLanguage":"pt-BR","potentialAction":[{"@type":"ReadAction","target":["https:\/\/soldadoadrianojose.com.br\/index.php\/2023\/09\/13\/deputado-soldado-adriano-jose-e-governador-assinam-convenio-para-diamante-do-norte\/"]}]},{"@type":"ImageObject","inLanguage":"pt-BR","@id":"https:\/\/soldadoadrianojose.com.br\/index.php\/2023\/09\/13\/deputado-soldado-adriano-jose-e-governador-assinam-convenio-para-diamante-do-norte\/#primaryimage","url":"https:\/\/soldadoadrianojose.com.br\/wp-content\/uploads\/2023\/09\/001a.jpg","contentUrl":"https:\/\/soldadoadrianojose.com.br\/wp-content\/uploads\/2023\/09\/001a.jpg","width":750,"height":647},{"@type":"BreadcrumbList","@id":"https:\/\/soldadoadrianojose.com.br\/index.php\/2023\/09\/13\/deputado-soldado-adriano-jose-e-governador-assinam-convenio-para-diamante-do-norte\/#breadcrumb","itemListElement":[{"@type":"ListItem","position":1,"name":"In\u00edcio","item":"https:\/\/soldadoadrianojose.com.br\/"},{"@type":"ListItem","position":2,"name":"Deputado Soldado Adriano Jos\u00e9 e governador assinam conv\u00eanio para Diamante do Norte"}]},{"@type":"WebSite","@id":"https:\/\/soldadoadrianojose.com.br\/#website","url":"https:\/\/soldadoadrianojose.com.br\/","name":"Deputado Adriano Jos\u00e9","description":"Nosso trabalho \u00e9 pelas pessoas","publisher":{"@id":"https:\/\/soldadoadrianojose.com.br\/#\/schema\/person\/16f8e8defb7a4bd6c6082efcd1bdb6bb"},"potentialAction":[{"@type":"SearchAction","target":{"@type":"EntryPoint","urlTemplate":"https:\/\/soldadoadrianojose.com.br\/?s={search_term_string}"},"query-input":{"@type":"PropertyValueSpecification","valueRequired":true,"valueName":"search_term_string"}}],"inLanguage":"pt-BR"},{"@type":["Person","Organization"],"@id":"https:\/\/soldadoadrianojose.com.br\/#\/schema\/person\/16f8e8defb7a4bd6c6082efcd1bdb6bb","name":"soldadoadrianojose","image":{"@type":"ImageObject","inLanguage":"pt-BR","@id":"https:\/\/soldadoadrianojose.com.br\/wp-content\/uploads\/2023\/02\/LOGO_CLEAR-5.png","url":"https:\/\/soldadoadrianojose.com.br\/wp-content\/uploads\/2023\/02\/LOGO_CLEAR-5.png","contentUrl":"https:\/\/soldadoadrianojose.com.br\/wp-content\/uploads\/2023\/02\/LOGO_CLEAR-5.png","width":3508,"height":998,"caption":"soldadoadrianojose"},"logo":{"@id":"https:\/\/soldadoadrianojose.com.br\/wp-content\/uploads\/2023\/02\/LOGO_CLEAR-5.png"},"sameAs":["https:\/\/soldadoadrianojose.com.br"],"url":"https:\/\/soldadoadrianojose.com.br\/index.php\/author\/soldadoadrianojose\/"}]}},"jetpack_featured_media_url":"https:\/\/soldadoadrianojose.com.br\/wp-content\/uploads\/2023\/09\/001a.jpg","_links":{"self":[{"href":"https:\/\/soldadoadrianojose.com.br\/index.php\/wp-json\/wp\/v2\/posts\/1095","targetHints":{"allow":["GET"]}}],"collection":[{"href":"https:\/\/soldadoadrianojose.com.br\/index.php\/wp-json\/wp\/v2\/posts"}],"about":[{"href":"https:\/\/soldadoadrianojose.com.br\/index.php\/wp-json\/wp\/v2\/types\/post"}],"author":[{"embeddable":true,"href":"https:\/\/soldadoadrianojose.com.br\/index.php\/wp-json\/wp\/v2\/users\/1"}],"replies":[{"embeddable":true,"href":"https:\/\/soldadoadrianojose.com.br\/index.php\/wp-json\/wp\/v2\/comments?post=1095"}],"version-history":[{"count":1,"href":"https:\/\/soldadoadrianojose.com.br\/index.php\/wp-json\/wp\/v2\/posts\/1095\/revisions"}],"predecessor-version":[{"id":1098,"href":"https:\/\/soldadoadrianojose.com.br\/index.php\/wp-json\/wp\/v2\/posts\/1095\/revisions\/1098"}],"wp:featuredmedia":[{"embeddable":true,"href":"https:\/\/soldadoadrianojose.com.br\/index.php\/wp-json\/wp\/v2\/media\/1096"}],"wp:attachment":[{"href":"https:\/\/soldadoadrianojose.com.br\/index.php\/wp-json\/wp\/v2\/media?parent=1095"}],"wp:term":[{"taxonomy":"category","embeddable":true,"href":"https:\/\/soldadoadrianojose.com.br\/index.php\/wp-json\/wp\/v2\/categories?post=1095"},{"taxonomy":"post_tag","embeddable":true,"href":"https:\/\/soldadoadrianojose.com.br\/index.php\/wp-json\/wp\/v2\/tags?post=1095"}],"curies":[{"name":"wp","href":"https:\/\/api.w.org\/{rel}","templated":true}]}}