{"id":1099,"date":"2023-09-14T08:44:26","date_gmt":"2023-09-14T11:44:26","guid":{"rendered":"https:\/\/soldadoadrianojose.com.br\/?p=1099"},"modified":"2023-09-14T08:44:35","modified_gmt":"2023-09-14T11:44:35","slug":"governo-do-parana-ganha-acao-no-supremo-tribunal-federal-em-favor-da-ponte-de-guaratuba","status":"publish","type":"post","link":"https:\/\/soldadoadrianojose.com.br\/index.php\/2023\/09\/14\/governo-do-parana-ganha-acao-no-supremo-tribunal-federal-em-favor-da-ponte-de-guaratuba\/","title":{"rendered":"Governo do Paran\u00e1 ganha a\u00e7\u00e3o no Supremo Tribunal Federal em favor da Ponte de Guaratuba"},"content":{"rendered":"\n<figure class=\"wp-block-image size-full\"><img fetchpriority=\"high\" decoding=\"async\" width=\"1024\" height=\"683\" src=\"https:\/\/soldadoadrianojose.com.br\/wp-content\/uploads\/2023\/09\/Ponte-1024x683-1.webp\" alt=\"\" class=\"wp-image-1100\" srcset=\"https:\/\/soldadoadrianojose.com.br\/wp-content\/uploads\/2023\/09\/Ponte-1024x683-1.webp 1024w, https:\/\/soldadoadrianojose.com.br\/wp-content\/uploads\/2023\/09\/Ponte-1024x683-1-300x200.webp 300w, https:\/\/soldadoadrianojose.com.br\/wp-content\/uploads\/2023\/09\/Ponte-1024x683-1-768x512.webp 768w\" sizes=\"(max-width: 1024px) 100vw, 1024px\" \/><figcaption class=\"wp-element-caption\">Foto: Divulga\u00e7\u00e3o.<\/figcaption><\/figure>\n\n\n\n<p>A ministra Rosa Weber, presidente do Supremo Tribunal Federal (STF), indeferiu nesta semana um pedido de liminar do Tribunal de Contas do Estado (TCE) contra o edital das obras da Ponte de Guaratuba, que j\u00e1 tem projeto executivo em andamento. Com isso, acolheu os argumentos do Governo do Estado de que a nova estrutura \u00e9 fundamental para o Litoral, levando desenvolvimento econ\u00f4mico e social aos munic\u00edpios da regi\u00e3o.<\/p>\n\n\n\n<p>A decis\u00e3o aconteceu dentro do processo que julga a legalidade de um pedido do TCE. Em dezembro de 2022, uma decis\u00e3o da Corte de Contas suspendeu o procedimento licitat\u00f3rio apontando que algumas exig\u00eancias do edital do Departamento de Estradas de Rodagem do Paran\u00e1 (DER-PR) eram muito altas. Na \u00e9poca, o contrato com o cons\u00f3rcio vencedor j\u00e1 estava assinado.<\/p>\n\n\n\n<p>Poucos dias depois, o Estado recorreu e o Tribunal de Justi\u00e7a do Paran\u00e1 (TJPR) reverteu a decis\u00e3o, garantindo a sequ\u00eancia da execu\u00e7\u00e3o da obra de R$ 386 milh\u00f5es. O TJPR considerou que o TCE n\u00e3o pode suspender a celebra\u00e7\u00e3o de contratos, o que levou o caso ao STF.<\/p>\n\n\n\n<p>\u201cVerifico que o Tribunal de Contas paranaense, em sua peti\u00e7\u00e3o inicial, n\u00e3o aponta circunst\u00e2ncias concretas caracterizadoras do alegado risco de les\u00e3o \u00e0 ordem, \u00e0 sa\u00fade ou \u00e0 economia p\u00fablicas. Na realidade, os fundamentos em que se apoia o pedido de contracautela foram deduzidos de modo gen\u00e9rico e abstrato, sem o necess\u00e1rio cotejo anal\u00edtico com situa\u00e7\u00f5es concretas ou fatos determinados capazes de justificarem o manejo do instrumento da contracautela\u201d, afirma a ministra.<\/p>\n\n\n\n<p>Na decis\u00e3o, ela tamb\u00e9m aponta que o TCE buscou uma valida\u00e7\u00e3o jur\u00eddica do processo, sem se ater ao objeto em si, que \u00e9 a Ponte de Guaratuba. \u201cA pretens\u00e3o do requerente, nos termos em que deduzida, confunde-se com uma verdadeira consulta te\u00f3rica quanto aos limites e \u00e0 extens\u00e3o do poder de cautela titularizado pelos Tribunais de Contas\u201d, diz a ministra.<\/p>\n\n\n\n<p><strong>PONTE<\/strong>&nbsp;\u2013 A constru\u00e7\u00e3o da Ponte de Guaratuba est\u00e1 na fase de projeto. O cons\u00f3rcio contratado est\u00e1 elaborando os relat\u00f3rios de engenharia do Projeto B\u00e1sico e Projeto Executivo de Engenharia, contemplando estudos geot\u00e9cnicos e levantamentos topogr\u00e1ficos no local de implanta\u00e7\u00e3o do canteiro e dos acessos.<\/p>\n\n\n\n<p>A Ponte de Guaratuba ter\u00e1 quatro faixas de tr\u00e1fego, cal\u00e7adas e ciclovias. A obra prev\u00ea tamb\u00e9m adequa\u00e7\u00f5es das vias de acesso \u00e0 ponte, facilitando tanto o seu uso quanto o deslocamento para os espa\u00e7os pr\u00f3ximos. Ela ter\u00e1 comprimento de 1.244 metros, com largura \u00fatil m\u00ednima de 22,60 metros. Esta obra \u00e9 a primeira contratada pelo DER\/PR por meio da Nova Lei de Licita\u00e7\u00f5es.<\/p>\n","protected":false},"excerpt":{"rendered":"<p>A ministra Rosa Weber, presidente do Supremo Tribunal Federal (STF), indeferiu nesta semana um pedido de liminar do Tribunal de Contas do Estado (TCE) contra o edital das obras da Ponte de Guaratuba, que j\u00e1 tem projeto executivo em andamento. Com isso, acolheu os argumentos do Governo do Estado de que a nova estrutura \u00e9 [&hellip;]<\/p>\n","protected":false},"author":1,"featured_media":1100,"comment_status":"open","ping_status":"open","sticky":false,"template":"","format":"standard","meta":{"footnotes":""},"categories":[1],"tags":[33],"class_list":["post-1099","post","type-post","status-publish","format-standard","has-post-thumbnail","hentry","category-gabinete-sd","tag-paranagua"],"yoast_head":"<!-- This site is optimized with the Yoast SEO plugin v27.4 - https:\/\/yoast.com\/product\/yoast-seo-wordpress\/ -->\n<title>Governo do Paran\u00e1 ganha a\u00e7\u00e3o no Supremo Tribunal Federal em favor da Ponte de Guaratuba - Deputado Adriano Jos\u00e9<\/title>\n<meta name=\"robots\" content=\"index, follow, max-snippet:-1, max-image-preview:large, max-video-preview:-1\" \/>\n<link rel=\"canonical\" href=\"https:\/\/soldadoadrianojose.com.br\/index.php\/2023\/09\/14\/governo-do-parana-ganha-acao-no-supremo-tribunal-federal-em-favor-da-ponte-de-guaratuba\/\" \/>\n<meta property=\"og:locale\" content=\"pt_BR\" \/>\n<meta property=\"og:type\" content=\"article\" \/>\n<meta property=\"og:title\" content=\"Governo do Paran\u00e1 ganha a\u00e7\u00e3o no Supremo Tribunal Federal em favor da Ponte de Guaratuba - Deputado Adriano Jos\u00e9\" \/>\n<meta property=\"og:description\" content=\"A ministra Rosa Weber, presidente do Supremo Tribunal Federal (STF), indeferiu nesta semana um pedido de liminar do Tribunal de Contas do Estado (TCE) contra o edital das obras da Ponte de Guaratuba, que j\u00e1 tem projeto executivo em andamento. Com isso, acolheu os argumentos do Governo do Estado de que a nova estrutura \u00e9 [&hellip;]\" \/>\n<meta property=\"og:url\" content=\"https:\/\/soldadoadrianojose.com.br\/index.php\/2023\/09\/14\/governo-do-parana-ganha-acao-no-supremo-tribunal-federal-em-favor-da-ponte-de-guaratuba\/\" \/>\n<meta property=\"og:site_name\" content=\"Deputado Adriano Jos\u00e9\" \/>\n<meta property=\"article:published_time\" content=\"2023-09-14T11:44:26+00:00\" \/>\n<meta property=\"article:modified_time\" content=\"2023-09-14T11:44:35+00:00\" \/>\n<meta property=\"og:image\" content=\"https:\/\/soldadoadrianojose.com.br\/wp-content\/uploads\/2023\/09\/Ponte-1024x683-1.webp\" \/>\n\t<meta property=\"og:image:width\" content=\"1024\" \/>\n\t<meta property=\"og:image:height\" content=\"683\" \/>\n\t<meta property=\"og:image:type\" content=\"image\/webp\" \/>\n<meta name=\"author\" content=\"soldadoadrianojose\" \/>\n<meta name=\"twitter:card\" content=\"summary_large_image\" \/>\n<meta name=\"twitter:label1\" content=\"Escrito por\" \/>\n\t<meta name=\"twitter:data1\" content=\"soldadoadrianojose\" \/>\n\t<meta name=\"twitter:label2\" content=\"Est. tempo de leitura\" \/>\n\t<meta name=\"twitter:data2\" content=\"3 minutos\" \/>\n<script type=\"application\/ld+json\" class=\"yoast-schema-graph\">{\"@context\":\"https:\\\/\\\/schema.org\",\"@graph\":[{\"@type\":\"Article\",\"@id\":\"https:\\\/\\\/soldadoadrianojose.com.br\\\/index.php\\\/2023\\\/09\\\/14\\\/governo-do-parana-ganha-acao-no-supremo-tribunal-federal-em-favor-da-ponte-de-guaratuba\\\/#article\",\"isPartOf\":{\"@id\":\"https:\\\/\\\/soldadoadrianojose.com.br\\\/index.php\\\/2023\\\/09\\\/14\\\/governo-do-parana-ganha-acao-no-supremo-tribunal-federal-em-favor-da-ponte-de-guaratuba\\\/\"},\"author\":{\"name\":\"soldadoadrianojose\",\"@id\":\"https:\\\/\\\/soldadoadrianojose.com.br\\\/#\\\/schema\\\/person\\\/16f8e8defb7a4bd6c6082efcd1bdb6bb\"},\"headline\":\"Governo do Paran\u00e1 ganha a\u00e7\u00e3o no Supremo Tribunal Federal em favor da Ponte de Guaratuba\",\"datePublished\":\"2023-09-14T11:44:26+00:00\",\"dateModified\":\"2023-09-14T11:44:35+00:00\",\"mainEntityOfPage\":{\"@id\":\"https:\\\/\\\/soldadoadrianojose.com.br\\\/index.php\\\/2023\\\/09\\\/14\\\/governo-do-parana-ganha-acao-no-supremo-tribunal-federal-em-favor-da-ponte-de-guaratuba\\\/\"},\"wordCount\":468,\"commentCount\":1,\"publisher\":{\"@id\":\"https:\\\/\\\/soldadoadrianojose.com.br\\\/#\\\/schema\\\/person\\\/16f8e8defb7a4bd6c6082efcd1bdb6bb\"},\"image\":{\"@id\":\"https:\\\/\\\/soldadoadrianojose.com.br\\\/index.php\\\/2023\\\/09\\\/14\\\/governo-do-parana-ganha-acao-no-supremo-tribunal-federal-em-favor-da-ponte-de-guaratuba\\\/#primaryimage\"},\"thumbnailUrl\":\"https:\\\/\\\/soldadoadrianojose.com.br\\\/wp-content\\\/uploads\\\/2023\\\/09\\\/Ponte-1024x683-1.webp\",\"keywords\":[\"paranagua\"],\"articleSection\":[\"GABINETE SD\"],\"inLanguage\":\"pt-BR\",\"potentialAction\":[{\"@type\":\"CommentAction\",\"name\":\"Comment\",\"target\":[\"https:\\\/\\\/soldadoadrianojose.com.br\\\/index.php\\\/2023\\\/09\\\/14\\\/governo-do-parana-ganha-acao-no-supremo-tribunal-federal-em-favor-da-ponte-de-guaratuba\\\/#respond\"]}]},{\"@type\":\"WebPage\",\"@id\":\"https:\\\/\\\/soldadoadrianojose.com.br\\\/index.php\\\/2023\\\/09\\\/14\\\/governo-do-parana-ganha-acao-no-supremo-tribunal-federal-em-favor-da-ponte-de-guaratuba\\\/\",\"url\":\"https:\\\/\\\/soldadoadrianojose.com.br\\\/index.php\\\/2023\\\/09\\\/14\\\/governo-do-parana-ganha-acao-no-supremo-tribunal-federal-em-favor-da-ponte-de-guaratuba\\\/\",\"name\":\"Governo do Paran\u00e1 ganha a\u00e7\u00e3o no Supremo Tribunal Federal em favor da Ponte de Guaratuba - Deputado Adriano Jos\u00e9\",\"isPartOf\":{\"@id\":\"https:\\\/\\\/soldadoadrianojose.com.br\\\/#website\"},\"primaryImageOfPage\":{\"@id\":\"https:\\\/\\\/soldadoadrianojose.com.br\\\/index.php\\\/2023\\\/09\\\/14\\\/governo-do-parana-ganha-acao-no-supremo-tribunal-federal-em-favor-da-ponte-de-guaratuba\\\/#primaryimage\"},\"image\":{\"@id\":\"https:\\\/\\\/soldadoadrianojose.com.br\\\/index.php\\\/2023\\\/09\\\/14\\\/governo-do-parana-ganha-acao-no-supremo-tribunal-federal-em-favor-da-ponte-de-guaratuba\\\/#primaryimage\"},\"thumbnailUrl\":\"https:\\\/\\\/soldadoadrianojose.com.br\\\/wp-content\\\/uploads\\\/2023\\\/09\\\/Ponte-1024x683-1.webp\",\"datePublished\":\"2023-09-14T11:44:26+00:00\",\"dateModified\":\"2023-09-14T11:44:35+00:00\",\"breadcrumb\":{\"@id\":\"https:\\\/\\\/soldadoadrianojose.com.br\\\/index.php\\\/2023\\\/09\\\/14\\\/governo-do-parana-ganha-acao-no-supremo-tribunal-federal-em-favor-da-ponte-de-guaratuba\\\/#breadcrumb\"},\"inLanguage\":\"pt-BR\",\"potentialAction\":[{\"@type\":\"ReadAction\",\"target\":[\"https:\\\/\\\/soldadoadrianojose.com.br\\\/index.php\\\/2023\\\/09\\\/14\\\/governo-do-parana-ganha-acao-no-supremo-tribunal-federal-em-favor-da-ponte-de-guaratuba\\\/\"]}]},{\"@type\":\"ImageObject\",\"inLanguage\":\"pt-BR\",\"@id\":\"https:\\\/\\\/soldadoadrianojose.com.br\\\/index.php\\\/2023\\\/09\\\/14\\\/governo-do-parana-ganha-acao-no-supremo-tribunal-federal-em-favor-da-ponte-de-guaratuba\\\/#primaryimage\",\"url\":\"https:\\\/\\\/soldadoadrianojose.com.br\\\/wp-content\\\/uploads\\\/2023\\\/09\\\/Ponte-1024x683-1.webp\",\"contentUrl\":\"https:\\\/\\\/soldadoadrianojose.com.br\\\/wp-content\\\/uploads\\\/2023\\\/09\\\/Ponte-1024x683-1.webp\",\"width\":1024,\"height\":683},{\"@type\":\"BreadcrumbList\",\"@id\":\"https:\\\/\\\/soldadoadrianojose.com.br\\\/index.php\\\/2023\\\/09\\\/14\\\/governo-do-parana-ganha-acao-no-supremo-tribunal-federal-em-favor-da-ponte-de-guaratuba\\\/#breadcrumb\",\"itemListElement\":[{\"@type\":\"ListItem\",\"position\":1,\"name\":\"In\u00edcio\",\"item\":\"https:\\\/\\\/soldadoadrianojose.com.br\\\/\"},{\"@type\":\"ListItem\",\"position\":2,\"name\":\"Governo do Paran\u00e1 ganha a\u00e7\u00e3o no Supremo Tribunal Federal em favor da Ponte de Guaratuba\"}]},{\"@type\":\"WebSite\",\"@id\":\"https:\\\/\\\/soldadoadrianojose.com.br\\\/#website\",\"url\":\"https:\\\/\\\/soldadoadrianojose.com.br\\\/\",\"name\":\"Deputado Adriano Jos\u00e9\",\"description\":\"Nosso trabalho \u00e9 pelas pessoas\",\"publisher\":{\"@id\":\"https:\\\/\\\/soldadoadrianojose.com.br\\\/#\\\/schema\\\/person\\\/16f8e8defb7a4bd6c6082efcd1bdb6bb\"},\"potentialAction\":[{\"@type\":\"SearchAction\",\"target\":{\"@type\":\"EntryPoint\",\"urlTemplate\":\"https:\\\/\\\/soldadoadrianojose.com.br\\\/?s={search_term_string}\"},\"query-input\":{\"@type\":\"PropertyValueSpecification\",\"valueRequired\":true,\"valueName\":\"search_term_string\"}}],\"inLanguage\":\"pt-BR\"},{\"@type\":[\"Person\",\"Organization\"],\"@id\":\"https:\\\/\\\/soldadoadrianojose.com.br\\\/#\\\/schema\\\/person\\\/16f8e8defb7a4bd6c6082efcd1bdb6bb\",\"name\":\"soldadoadrianojose\",\"image\":{\"@type\":\"ImageObject\",\"inLanguage\":\"pt-BR\",\"@id\":\"https:\\\/\\\/soldadoadrianojose.com.br\\\/wp-content\\\/uploads\\\/2023\\\/02\\\/LOGO_CLEAR-5.png\",\"url\":\"https:\\\/\\\/soldadoadrianojose.com.br\\\/wp-content\\\/uploads\\\/2023\\\/02\\\/LOGO_CLEAR-5.png\",\"contentUrl\":\"https:\\\/\\\/soldadoadrianojose.com.br\\\/wp-content\\\/uploads\\\/2023\\\/02\\\/LOGO_CLEAR-5.png\",\"width\":3508,\"height\":998,\"caption\":\"soldadoadrianojose\"},\"logo\":{\"@id\":\"https:\\\/\\\/soldadoadrianojose.com.br\\\/wp-content\\\/uploads\\\/2023\\\/02\\\/LOGO_CLEAR-5.png\"},\"sameAs\":[\"https:\\\/\\\/soldadoadrianojose.com.br\"],\"url\":\"https:\\\/\\\/soldadoadrianojose.com.br\\\/index.php\\\/author\\\/soldadoadrianojose\\\/\"}]}<\/script>\n<!-- \/ Yoast SEO plugin. -->","yoast_head_json":{"title":"Governo do Paran\u00e1 ganha a\u00e7\u00e3o no Supremo Tribunal Federal em favor da Ponte de Guaratuba - Deputado Adriano Jos\u00e9","robots":{"index":"index","follow":"follow","max-snippet":"max-snippet:-1","max-image-preview":"max-image-preview:large","max-video-preview":"max-video-preview:-1"},"canonical":"https:\/\/soldadoadrianojose.com.br\/index.php\/2023\/09\/14\/governo-do-parana-ganha-acao-no-supremo-tribunal-federal-em-favor-da-ponte-de-guaratuba\/","og_locale":"pt_BR","og_type":"article","og_title":"Governo do Paran\u00e1 ganha a\u00e7\u00e3o no Supremo Tribunal Federal em favor da Ponte de Guaratuba - Deputado Adriano Jos\u00e9","og_description":"A ministra Rosa Weber, presidente do Supremo Tribunal Federal (STF), indeferiu nesta semana um pedido de liminar do Tribunal de Contas do Estado (TCE) contra o edital das obras da Ponte de Guaratuba, que j\u00e1 tem projeto executivo em andamento. Com isso, acolheu os argumentos do Governo do Estado de que a nova estrutura \u00e9 [&hellip;]","og_url":"https:\/\/soldadoadrianojose.com.br\/index.php\/2023\/09\/14\/governo-do-parana-ganha-acao-no-supremo-tribunal-federal-em-favor-da-ponte-de-guaratuba\/","og_site_name":"Deputado Adriano Jos\u00e9","article_published_time":"2023-09-14T11:44:26+00:00","article_modified_time":"2023-09-14T11:44:35+00:00","og_image":[{"width":1024,"height":683,"url":"https:\/\/soldadoadrianojose.com.br\/wp-content\/uploads\/2023\/09\/Ponte-1024x683-1.webp","type":"image\/webp"}],"author":"soldadoadrianojose","twitter_card":"summary_large_image","twitter_misc":{"Escrito por":"soldadoadrianojose","Est. tempo de leitura":"3 minutos"},"schema":{"@context":"https:\/\/schema.org","@graph":[{"@type":"Article","@id":"https:\/\/soldadoadrianojose.com.br\/index.php\/2023\/09\/14\/governo-do-parana-ganha-acao-no-supremo-tribunal-federal-em-favor-da-ponte-de-guaratuba\/#article","isPartOf":{"@id":"https:\/\/soldadoadrianojose.com.br\/index.php\/2023\/09\/14\/governo-do-parana-ganha-acao-no-supremo-tribunal-federal-em-favor-da-ponte-de-guaratuba\/"},"author":{"name":"soldadoadrianojose","@id":"https:\/\/soldadoadrianojose.com.br\/#\/schema\/person\/16f8e8defb7a4bd6c6082efcd1bdb6bb"},"headline":"Governo do Paran\u00e1 ganha a\u00e7\u00e3o no Supremo Tribunal Federal em favor da Ponte de Guaratuba","datePublished":"2023-09-14T11:44:26+00:00","dateModified":"2023-09-14T11:44:35+00:00","mainEntityOfPage":{"@id":"https:\/\/soldadoadrianojose.com.br\/index.php\/2023\/09\/14\/governo-do-parana-ganha-acao-no-supremo-tribunal-federal-em-favor-da-ponte-de-guaratuba\/"},"wordCount":468,"commentCount":1,"publisher":{"@id":"https:\/\/soldadoadrianojose.com.br\/#\/schema\/person\/16f8e8defb7a4bd6c6082efcd1bdb6bb"},"image":{"@id":"https:\/\/soldadoadrianojose.com.br\/index.php\/2023\/09\/14\/governo-do-parana-ganha-acao-no-supremo-tribunal-federal-em-favor-da-ponte-de-guaratuba\/#primaryimage"},"thumbnailUrl":"https:\/\/soldadoadrianojose.com.br\/wp-content\/uploads\/2023\/09\/Ponte-1024x683-1.webp","keywords":["paranagua"],"articleSection":["GABINETE SD"],"inLanguage":"pt-BR","potentialAction":[{"@type":"CommentAction","name":"Comment","target":["https:\/\/soldadoadrianojose.com.br\/index.php\/2023\/09\/14\/governo-do-parana-ganha-acao-no-supremo-tribunal-federal-em-favor-da-ponte-de-guaratuba\/#respond"]}]},{"@type":"WebPage","@id":"https:\/\/soldadoadrianojose.com.br\/index.php\/2023\/09\/14\/governo-do-parana-ganha-acao-no-supremo-tribunal-federal-em-favor-da-ponte-de-guaratuba\/","url":"https:\/\/soldadoadrianojose.com.br\/index.php\/2023\/09\/14\/governo-do-parana-ganha-acao-no-supremo-tribunal-federal-em-favor-da-ponte-de-guaratuba\/","name":"Governo do Paran\u00e1 ganha a\u00e7\u00e3o no Supremo Tribunal Federal em favor da Ponte de Guaratuba - Deputado Adriano Jos\u00e9","isPartOf":{"@id":"https:\/\/soldadoadrianojose.com.br\/#website"},"primaryImageOfPage":{"@id":"https:\/\/soldadoadrianojose.com.br\/index.php\/2023\/09\/14\/governo-do-parana-ganha-acao-no-supremo-tribunal-federal-em-favor-da-ponte-de-guaratuba\/#primaryimage"},"image":{"@id":"https:\/\/soldadoadrianojose.com.br\/index.php\/2023\/09\/14\/governo-do-parana-ganha-acao-no-supremo-tribunal-federal-em-favor-da-ponte-de-guaratuba\/#primaryimage"},"thumbnailUrl":"https:\/\/soldadoadrianojose.com.br\/wp-content\/uploads\/2023\/09\/Ponte-1024x683-1.webp","datePublished":"2023-09-14T11:44:26+00:00","dateModified":"2023-09-14T11:44:35+00:00","breadcrumb":{"@id":"https:\/\/soldadoadrianojose.com.br\/index.php\/2023\/09\/14\/governo-do-parana-ganha-acao-no-supremo-tribunal-federal-em-favor-da-ponte-de-guaratuba\/#breadcrumb"},"inLanguage":"pt-BR","potentialAction":[{"@type":"ReadAction","target":["https:\/\/soldadoadrianojose.com.br\/index.php\/2023\/09\/14\/governo-do-parana-ganha-acao-no-supremo-tribunal-federal-em-favor-da-ponte-de-guaratuba\/"]}]},{"@type":"ImageObject","inLanguage":"pt-BR","@id":"https:\/\/soldadoadrianojose.com.br\/index.php\/2023\/09\/14\/governo-do-parana-ganha-acao-no-supremo-tribunal-federal-em-favor-da-ponte-de-guaratuba\/#primaryimage","url":"https:\/\/soldadoadrianojose.com.br\/wp-content\/uploads\/2023\/09\/Ponte-1024x683-1.webp","contentUrl":"https:\/\/soldadoadrianojose.com.br\/wp-content\/uploads\/2023\/09\/Ponte-1024x683-1.webp","width":1024,"height":683},{"@type":"BreadcrumbList","@id":"https:\/\/soldadoadrianojose.com.br\/index.php\/2023\/09\/14\/governo-do-parana-ganha-acao-no-supremo-tribunal-federal-em-favor-da-ponte-de-guaratuba\/#breadcrumb","itemListElement":[{"@type":"ListItem","position":1,"name":"In\u00edcio","item":"https:\/\/soldadoadrianojose.com.br\/"},{"@type":"ListItem","position":2,"name":"Governo do Paran\u00e1 ganha a\u00e7\u00e3o no Supremo Tribunal Federal em favor da Ponte de Guaratuba"}]},{"@type":"WebSite","@id":"https:\/\/soldadoadrianojose.com.br\/#website","url":"https:\/\/soldadoadrianojose.com.br\/","name":"Deputado Adriano Jos\u00e9","description":"Nosso trabalho \u00e9 pelas pessoas","publisher":{"@id":"https:\/\/soldadoadrianojose.com.br\/#\/schema\/person\/16f8e8defb7a4bd6c6082efcd1bdb6bb"},"potentialAction":[{"@type":"SearchAction","target":{"@type":"EntryPoint","urlTemplate":"https:\/\/soldadoadrianojose.com.br\/?s={search_term_string}"},"query-input":{"@type":"PropertyValueSpecification","valueRequired":true,"valueName":"search_term_string"}}],"inLanguage":"pt-BR"},{"@type":["Person","Organization"],"@id":"https:\/\/soldadoadrianojose.com.br\/#\/schema\/person\/16f8e8defb7a4bd6c6082efcd1bdb6bb","name":"soldadoadrianojose","image":{"@type":"ImageObject","inLanguage":"pt-BR","@id":"https:\/\/soldadoadrianojose.com.br\/wp-content\/uploads\/2023\/02\/LOGO_CLEAR-5.png","url":"https:\/\/soldadoadrianojose.com.br\/wp-content\/uploads\/2023\/02\/LOGO_CLEAR-5.png","contentUrl":"https:\/\/soldadoadrianojose.com.br\/wp-content\/uploads\/2023\/02\/LOGO_CLEAR-5.png","width":3508,"height":998,"caption":"soldadoadrianojose"},"logo":{"@id":"https:\/\/soldadoadrianojose.com.br\/wp-content\/uploads\/2023\/02\/LOGO_CLEAR-5.png"},"sameAs":["https:\/\/soldadoadrianojose.com.br"],"url":"https:\/\/soldadoadrianojose.com.br\/index.php\/author\/soldadoadrianojose\/"}]}},"jetpack_featured_media_url":"https:\/\/soldadoadrianojose.com.br\/wp-content\/uploads\/2023\/09\/Ponte-1024x683-1.webp","_links":{"self":[{"href":"https:\/\/soldadoadrianojose.com.br\/index.php\/wp-json\/wp\/v2\/posts\/1099","targetHints":{"allow":["GET"]}}],"collection":[{"href":"https:\/\/soldadoadrianojose.com.br\/index.php\/wp-json\/wp\/v2\/posts"}],"about":[{"href":"https:\/\/soldadoadrianojose.com.br\/index.php\/wp-json\/wp\/v2\/types\/post"}],"author":[{"embeddable":true,"href":"https:\/\/soldadoadrianojose.com.br\/index.php\/wp-json\/wp\/v2\/users\/1"}],"replies":[{"embeddable":true,"href":"https:\/\/soldadoadrianojose.com.br\/index.php\/wp-json\/wp\/v2\/comments?post=1099"}],"version-history":[{"count":1,"href":"https:\/\/soldadoadrianojose.com.br\/index.php\/wp-json\/wp\/v2\/posts\/1099\/revisions"}],"predecessor-version":[{"id":1101,"href":"https:\/\/soldadoadrianojose.com.br\/index.php\/wp-json\/wp\/v2\/posts\/1099\/revisions\/1101"}],"wp:featuredmedia":[{"embeddable":true,"href":"https:\/\/soldadoadrianojose.com.br\/index.php\/wp-json\/wp\/v2\/media\/1100"}],"wp:attachment":[{"href":"https:\/\/soldadoadrianojose.com.br\/index.php\/wp-json\/wp\/v2\/media?parent=1099"}],"wp:term":[{"taxonomy":"category","embeddable":true,"href":"https:\/\/soldadoadrianojose.com.br\/index.php\/wp-json\/wp\/v2\/categories?post=1099"},{"taxonomy":"post_tag","embeddable":true,"href":"https:\/\/soldadoadrianojose.com.br\/index.php\/wp-json\/wp\/v2\/tags?post=1099"}],"curies":[{"name":"wp","href":"https:\/\/api.w.org\/{rel}","templated":true}]}}