{"id":1102,"date":"2023-09-14T17:28:46","date_gmt":"2023-09-14T20:28:46","guid":{"rendered":"https:\/\/soldadoadrianojose.com.br\/?p=1102"},"modified":"2023-09-14T17:28:52","modified_gmt":"2023-09-14T20:28:52","slug":"obras-da-ponte-mario-ferraz-traz-um-importante-marco-para-o-desenvolvimento-de-maringa-e-sarandi","status":"publish","type":"post","link":"https:\/\/soldadoadrianojose.com.br\/index.php\/2023\/09\/14\/obras-da-ponte-mario-ferraz-traz-um-importante-marco-para-o-desenvolvimento-de-maringa-e-sarandi\/","title":{"rendered":"Obras da Ponte M\u00e1rio Ferraz traz um importante marco para o desenvolvimento de Maring\u00e1 e Sarandi"},"content":{"rendered":"\n<figure class=\"wp-block-image size-full\"><img fetchpriority=\"high\" decoding=\"async\" width=\"700\" height=\"700\" src=\"https:\/\/soldadoadrianojose.com.br\/wp-content\/uploads\/2023\/09\/sdi.jpg\" alt=\"\" class=\"wp-image-1103\" srcset=\"https:\/\/soldadoadrianojose.com.br\/wp-content\/uploads\/2023\/09\/sdi.jpg 700w, https:\/\/soldadoadrianojose.com.br\/wp-content\/uploads\/2023\/09\/sdi-300x300.jpg 300w, https:\/\/soldadoadrianojose.com.br\/wp-content\/uploads\/2023\/09\/sdi-150x150.jpg 150w\" sizes=\"(max-width: 700px) 100vw, 700px\" \/><figcaption class=\"wp-element-caption\"><em>Foto \/ Prefeitura do Munic\u00edpio de Sarandi<\/em><\/figcaption><\/figure>\n\n\n\n<p>O deputado Soldado Adriano Jos\u00e9 demonstrou seu apoio e reconhecimento \u00e0 assinatura da ordem de servi\u00e7o para a constru\u00e7\u00e3o da ponte que ligar\u00e1 as cidades de Maring\u00e1 e Sarandi, no noroeste do estado. O evento, que contou com a presen\u00e7a do prefeito Ulisses Maia, do prefeito de Sarandi Walter Volpato e do secret\u00e1rio Sandro Alex, dos vereadores e diversas lideran\u00e7as pol\u00edticas marca um importante passo para a concretiza\u00e7\u00e3o desse projeto t\u00e3o aguardado pela popula\u00e7\u00e3o local.<\/p>\n\n\n\n<p>A constru\u00e7\u00e3o da ponte \u00e9 uma demanda antiga da regi\u00e3o e trar\u00e1 in\u00fameros benef\u00edcios para a popula\u00e7\u00e3o. Al\u00e9m de facilitar o deslocamento entre as duas cidades, a ponte tamb\u00e9m ir\u00e1 impulsionar o desenvolvimento econ\u00f4mico da regi\u00e3o, promovendo a integra\u00e7\u00e3o e o crescimento sustent\u00e1vel.<\/p>\n\n\n\n<p>A ponte M\u00e1rio Ferraz, que ser\u00e1 constru\u00edda sobre o Ribeir\u00e3o Pinguim, conectar\u00e1 as avenidas M\u00e1rio Jos\u00e9 de Faria Ferraz, em Maring\u00e1, e a Nova S\u00e3o Paulo, em Sarandi. Com duas pistas de 30 metros de comprimento e 12 metros de largura cada, a ponte facilitar\u00e1 o acesso entre os munic\u00edpios, promovendo a integra\u00e7\u00e3o e o desenvolvimento econ\u00f4mico e social e desafogar\u00e1 o tr\u00e2nsito atual na avenida Colombo na entrada para Maring\u00e1.<\/p>\n\n\n\n<p>O deputado ressaltou a import\u00e2ncia dessa obra para a popula\u00e7\u00e3o e destacou o empenho da prefeitura de Maring\u00e1, de Sarandi e do governo do estado em viabilizar o projeto. &#8220;Essa ponte ser\u00e1 um marco para a regi\u00e3o, proporcionando maior fluidez no tr\u00e2nsito e melhorando a qualidade de vida dos moradores. Parabenizo a todos os envolvidos nesse projeto e refor\u00e7o o meu compromisso em continuar trabalhando em prol do desenvolvimento e bem-estar da popula\u00e7\u00e3o paranaense&#8221;, afirmou o deputado.<\/p>\n\n\n\n<p>O investimento total na constru\u00e7\u00e3o da ponte \u00e9 de R$ 4,4 milh\u00f5es, sendo R$ 360 mil provenientes do munic\u00edpio de Maring\u00e1, que tamb\u00e9m fez o projeto. A previs\u00e3o \u00e9 que a obra seja conclu\u00edda em abril de 2024, trazendo benef\u00edcios concretos para os moradores de Maring\u00e1 e Sarandi.<\/p>\n\n\n\n<p>O deputado Soldado Adriano Jos\u00e9 continuar\u00e1 acompanhando de perto o andamento das obras e atuando em defesa dos interesses da popula\u00e7\u00e3o paranaense. Sua dedica\u00e7\u00e3o em buscar recursos e apoio para projetos que promovam o desenvolvimento e a melhoria da qualidade de vida dos cidad\u00e3os \u00e9 reconhecida e valorizada.<\/p>\n\n\n\n<p>A ponte M\u00e1rio Ferraz \u00e9 mais um exemplo de como a uni\u00e3o de esfor\u00e7os entre os poderes p\u00fablicos pode trazer resultados positivos para a popula\u00e7\u00e3o. O deputado Soldado Adriano Jos\u00e9 reafirma seu compromisso em trabalhar em parceria com os governos municipal e estadual, visando sempre o progresso e o bem-estar da popula\u00e7\u00e3o paranaense.<\/p>\n","protected":false},"excerpt":{"rendered":"<p>O deputado Soldado Adriano Jos\u00e9 demonstrou seu apoio e reconhecimento \u00e0 assinatura da ordem de servi\u00e7o para a constru\u00e7\u00e3o da ponte que ligar\u00e1 as cidades de Maring\u00e1 e Sarandi, no noroeste do estado. O evento, que contou com a presen\u00e7a do prefeito Ulisses Maia, do prefeito de Sarandi Walter Volpato e do secret\u00e1rio Sandro Alex, [&hellip;]<\/p>\n","protected":false},"author":1,"featured_media":1103,"comment_status":"open","ping_status":"open","sticky":false,"template":"","format":"standard","meta":{"footnotes":""},"categories":[1],"tags":[],"class_list":["post-1102","post","type-post","status-publish","format-standard","has-post-thumbnail","hentry","category-gabinete-sd"],"yoast_head":"<!-- This site is optimized with the Yoast SEO plugin v27.4 - https:\/\/yoast.com\/product\/yoast-seo-wordpress\/ -->\n<title>Obras da Ponte M\u00e1rio Ferraz traz um importante marco para o desenvolvimento de Maring\u00e1 e Sarandi - Deputado Adriano Jos\u00e9<\/title>\n<meta name=\"robots\" content=\"index, follow, max-snippet:-1, max-image-preview:large, max-video-preview:-1\" \/>\n<link rel=\"canonical\" href=\"https:\/\/soldadoadrianojose.com.br\/index.php\/2023\/09\/14\/obras-da-ponte-mario-ferraz-traz-um-importante-marco-para-o-desenvolvimento-de-maringa-e-sarandi\/\" \/>\n<meta property=\"og:locale\" content=\"pt_BR\" \/>\n<meta property=\"og:type\" content=\"article\" \/>\n<meta property=\"og:title\" content=\"Obras da Ponte M\u00e1rio Ferraz traz um importante marco para o desenvolvimento de Maring\u00e1 e Sarandi - Deputado Adriano Jos\u00e9\" \/>\n<meta property=\"og:description\" content=\"O deputado Soldado Adriano Jos\u00e9 demonstrou seu apoio e reconhecimento \u00e0 assinatura da ordem de servi\u00e7o para a constru\u00e7\u00e3o da ponte que ligar\u00e1 as cidades de Maring\u00e1 e Sarandi, no noroeste do estado. O evento, que contou com a presen\u00e7a do prefeito Ulisses Maia, do prefeito de Sarandi Walter Volpato e do secret\u00e1rio Sandro Alex, [&hellip;]\" \/>\n<meta property=\"og:url\" content=\"https:\/\/soldadoadrianojose.com.br\/index.php\/2023\/09\/14\/obras-da-ponte-mario-ferraz-traz-um-importante-marco-para-o-desenvolvimento-de-maringa-e-sarandi\/\" \/>\n<meta property=\"og:site_name\" content=\"Deputado Adriano Jos\u00e9\" \/>\n<meta property=\"article:published_time\" content=\"2023-09-14T20:28:46+00:00\" \/>\n<meta property=\"article:modified_time\" content=\"2023-09-14T20:28:52+00:00\" \/>\n<meta property=\"og:image\" content=\"https:\/\/soldadoadrianojose.com.br\/wp-content\/uploads\/2023\/09\/sdi.jpg\" \/>\n\t<meta property=\"og:image:width\" content=\"700\" \/>\n\t<meta property=\"og:image:height\" content=\"700\" \/>\n\t<meta property=\"og:image:type\" content=\"image\/jpeg\" \/>\n<meta name=\"author\" content=\"soldadoadrianojose\" \/>\n<meta name=\"twitter:card\" content=\"summary_large_image\" \/>\n<meta name=\"twitter:label1\" content=\"Escrito por\" \/>\n\t<meta name=\"twitter:data1\" content=\"soldadoadrianojose\" \/>\n\t<meta name=\"twitter:label2\" content=\"Est. tempo de leitura\" \/>\n\t<meta name=\"twitter:data2\" content=\"3 minutos\" \/>\n<script type=\"application\/ld+json\" class=\"yoast-schema-graph\">{\"@context\":\"https:\\\/\\\/schema.org\",\"@graph\":[{\"@type\":\"Article\",\"@id\":\"https:\\\/\\\/soldadoadrianojose.com.br\\\/index.php\\\/2023\\\/09\\\/14\\\/obras-da-ponte-mario-ferraz-traz-um-importante-marco-para-o-desenvolvimento-de-maringa-e-sarandi\\\/#article\",\"isPartOf\":{\"@id\":\"https:\\\/\\\/soldadoadrianojose.com.br\\\/index.php\\\/2023\\\/09\\\/14\\\/obras-da-ponte-mario-ferraz-traz-um-importante-marco-para-o-desenvolvimento-de-maringa-e-sarandi\\\/\"},\"author\":{\"name\":\"soldadoadrianojose\",\"@id\":\"https:\\\/\\\/soldadoadrianojose.com.br\\\/#\\\/schema\\\/person\\\/16f8e8defb7a4bd6c6082efcd1bdb6bb\"},\"headline\":\"Obras da Ponte M\u00e1rio Ferraz traz um importante marco para o desenvolvimento de Maring\u00e1 e Sarandi\",\"datePublished\":\"2023-09-14T20:28:46+00:00\",\"dateModified\":\"2023-09-14T20:28:52+00:00\",\"mainEntityOfPage\":{\"@id\":\"https:\\\/\\\/soldadoadrianojose.com.br\\\/index.php\\\/2023\\\/09\\\/14\\\/obras-da-ponte-mario-ferraz-traz-um-importante-marco-para-o-desenvolvimento-de-maringa-e-sarandi\\\/\"},\"wordCount\":479,\"commentCount\":0,\"publisher\":{\"@id\":\"https:\\\/\\\/soldadoadrianojose.com.br\\\/#\\\/schema\\\/person\\\/16f8e8defb7a4bd6c6082efcd1bdb6bb\"},\"image\":{\"@id\":\"https:\\\/\\\/soldadoadrianojose.com.br\\\/index.php\\\/2023\\\/09\\\/14\\\/obras-da-ponte-mario-ferraz-traz-um-importante-marco-para-o-desenvolvimento-de-maringa-e-sarandi\\\/#primaryimage\"},\"thumbnailUrl\":\"https:\\\/\\\/soldadoadrianojose.com.br\\\/wp-content\\\/uploads\\\/2023\\\/09\\\/sdi.jpg\",\"articleSection\":[\"GABINETE SD\"],\"inLanguage\":\"pt-BR\",\"potentialAction\":[{\"@type\":\"CommentAction\",\"name\":\"Comment\",\"target\":[\"https:\\\/\\\/soldadoadrianojose.com.br\\\/index.php\\\/2023\\\/09\\\/14\\\/obras-da-ponte-mario-ferraz-traz-um-importante-marco-para-o-desenvolvimento-de-maringa-e-sarandi\\\/#respond\"]}]},{\"@type\":\"WebPage\",\"@id\":\"https:\\\/\\\/soldadoadrianojose.com.br\\\/index.php\\\/2023\\\/09\\\/14\\\/obras-da-ponte-mario-ferraz-traz-um-importante-marco-para-o-desenvolvimento-de-maringa-e-sarandi\\\/\",\"url\":\"https:\\\/\\\/soldadoadrianojose.com.br\\\/index.php\\\/2023\\\/09\\\/14\\\/obras-da-ponte-mario-ferraz-traz-um-importante-marco-para-o-desenvolvimento-de-maringa-e-sarandi\\\/\",\"name\":\"Obras da Ponte M\u00e1rio Ferraz traz um importante marco para o desenvolvimento de Maring\u00e1 e Sarandi - Deputado Adriano Jos\u00e9\",\"isPartOf\":{\"@id\":\"https:\\\/\\\/soldadoadrianojose.com.br\\\/#website\"},\"primaryImageOfPage\":{\"@id\":\"https:\\\/\\\/soldadoadrianojose.com.br\\\/index.php\\\/2023\\\/09\\\/14\\\/obras-da-ponte-mario-ferraz-traz-um-importante-marco-para-o-desenvolvimento-de-maringa-e-sarandi\\\/#primaryimage\"},\"image\":{\"@id\":\"https:\\\/\\\/soldadoadrianojose.com.br\\\/index.php\\\/2023\\\/09\\\/14\\\/obras-da-ponte-mario-ferraz-traz-um-importante-marco-para-o-desenvolvimento-de-maringa-e-sarandi\\\/#primaryimage\"},\"thumbnailUrl\":\"https:\\\/\\\/soldadoadrianojose.com.br\\\/wp-content\\\/uploads\\\/2023\\\/09\\\/sdi.jpg\",\"datePublished\":\"2023-09-14T20:28:46+00:00\",\"dateModified\":\"2023-09-14T20:28:52+00:00\",\"breadcrumb\":{\"@id\":\"https:\\\/\\\/soldadoadrianojose.com.br\\\/index.php\\\/2023\\\/09\\\/14\\\/obras-da-ponte-mario-ferraz-traz-um-importante-marco-para-o-desenvolvimento-de-maringa-e-sarandi\\\/#breadcrumb\"},\"inLanguage\":\"pt-BR\",\"potentialAction\":[{\"@type\":\"ReadAction\",\"target\":[\"https:\\\/\\\/soldadoadrianojose.com.br\\\/index.php\\\/2023\\\/09\\\/14\\\/obras-da-ponte-mario-ferraz-traz-um-importante-marco-para-o-desenvolvimento-de-maringa-e-sarandi\\\/\"]}]},{\"@type\":\"ImageObject\",\"inLanguage\":\"pt-BR\",\"@id\":\"https:\\\/\\\/soldadoadrianojose.com.br\\\/index.php\\\/2023\\\/09\\\/14\\\/obras-da-ponte-mario-ferraz-traz-um-importante-marco-para-o-desenvolvimento-de-maringa-e-sarandi\\\/#primaryimage\",\"url\":\"https:\\\/\\\/soldadoadrianojose.com.br\\\/wp-content\\\/uploads\\\/2023\\\/09\\\/sdi.jpg\",\"contentUrl\":\"https:\\\/\\\/soldadoadrianojose.com.br\\\/wp-content\\\/uploads\\\/2023\\\/09\\\/sdi.jpg\",\"width\":700,\"height\":700},{\"@type\":\"BreadcrumbList\",\"@id\":\"https:\\\/\\\/soldadoadrianojose.com.br\\\/index.php\\\/2023\\\/09\\\/14\\\/obras-da-ponte-mario-ferraz-traz-um-importante-marco-para-o-desenvolvimento-de-maringa-e-sarandi\\\/#breadcrumb\",\"itemListElement\":[{\"@type\":\"ListItem\",\"position\":1,\"name\":\"In\u00edcio\",\"item\":\"https:\\\/\\\/soldadoadrianojose.com.br\\\/\"},{\"@type\":\"ListItem\",\"position\":2,\"name\":\"Obras da Ponte M\u00e1rio Ferraz traz um importante marco para o desenvolvimento de Maring\u00e1 e Sarandi\"}]},{\"@type\":\"WebSite\",\"@id\":\"https:\\\/\\\/soldadoadrianojose.com.br\\\/#website\",\"url\":\"https:\\\/\\\/soldadoadrianojose.com.br\\\/\",\"name\":\"Deputado Adriano Jos\u00e9\",\"description\":\"Nosso trabalho \u00e9 pelas pessoas\",\"publisher\":{\"@id\":\"https:\\\/\\\/soldadoadrianojose.com.br\\\/#\\\/schema\\\/person\\\/16f8e8defb7a4bd6c6082efcd1bdb6bb\"},\"potentialAction\":[{\"@type\":\"SearchAction\",\"target\":{\"@type\":\"EntryPoint\",\"urlTemplate\":\"https:\\\/\\\/soldadoadrianojose.com.br\\\/?s={search_term_string}\"},\"query-input\":{\"@type\":\"PropertyValueSpecification\",\"valueRequired\":true,\"valueName\":\"search_term_string\"}}],\"inLanguage\":\"pt-BR\"},{\"@type\":[\"Person\",\"Organization\"],\"@id\":\"https:\\\/\\\/soldadoadrianojose.com.br\\\/#\\\/schema\\\/person\\\/16f8e8defb7a4bd6c6082efcd1bdb6bb\",\"name\":\"soldadoadrianojose\",\"image\":{\"@type\":\"ImageObject\",\"inLanguage\":\"pt-BR\",\"@id\":\"https:\\\/\\\/soldadoadrianojose.com.br\\\/wp-content\\\/uploads\\\/2023\\\/02\\\/LOGO_CLEAR-5.png\",\"url\":\"https:\\\/\\\/soldadoadrianojose.com.br\\\/wp-content\\\/uploads\\\/2023\\\/02\\\/LOGO_CLEAR-5.png\",\"contentUrl\":\"https:\\\/\\\/soldadoadrianojose.com.br\\\/wp-content\\\/uploads\\\/2023\\\/02\\\/LOGO_CLEAR-5.png\",\"width\":3508,\"height\":998,\"caption\":\"soldadoadrianojose\"},\"logo\":{\"@id\":\"https:\\\/\\\/soldadoadrianojose.com.br\\\/wp-content\\\/uploads\\\/2023\\\/02\\\/LOGO_CLEAR-5.png\"},\"sameAs\":[\"https:\\\/\\\/soldadoadrianojose.com.br\"],\"url\":\"https:\\\/\\\/soldadoadrianojose.com.br\\\/index.php\\\/author\\\/soldadoadrianojose\\\/\"}]}<\/script>\n<!-- \/ Yoast SEO plugin. -->","yoast_head_json":{"title":"Obras da Ponte M\u00e1rio Ferraz traz um importante marco para o desenvolvimento de Maring\u00e1 e Sarandi - Deputado Adriano Jos\u00e9","robots":{"index":"index","follow":"follow","max-snippet":"max-snippet:-1","max-image-preview":"max-image-preview:large","max-video-preview":"max-video-preview:-1"},"canonical":"https:\/\/soldadoadrianojose.com.br\/index.php\/2023\/09\/14\/obras-da-ponte-mario-ferraz-traz-um-importante-marco-para-o-desenvolvimento-de-maringa-e-sarandi\/","og_locale":"pt_BR","og_type":"article","og_title":"Obras da Ponte M\u00e1rio Ferraz traz um importante marco para o desenvolvimento de Maring\u00e1 e Sarandi - Deputado Adriano Jos\u00e9","og_description":"O deputado Soldado Adriano Jos\u00e9 demonstrou seu apoio e reconhecimento \u00e0 assinatura da ordem de servi\u00e7o para a constru\u00e7\u00e3o da ponte que ligar\u00e1 as cidades de Maring\u00e1 e Sarandi, no noroeste do estado. O evento, que contou com a presen\u00e7a do prefeito Ulisses Maia, do prefeito de Sarandi Walter Volpato e do secret\u00e1rio Sandro Alex, [&hellip;]","og_url":"https:\/\/soldadoadrianojose.com.br\/index.php\/2023\/09\/14\/obras-da-ponte-mario-ferraz-traz-um-importante-marco-para-o-desenvolvimento-de-maringa-e-sarandi\/","og_site_name":"Deputado Adriano Jos\u00e9","article_published_time":"2023-09-14T20:28:46+00:00","article_modified_time":"2023-09-14T20:28:52+00:00","og_image":[{"width":700,"height":700,"url":"https:\/\/soldadoadrianojose.com.br\/wp-content\/uploads\/2023\/09\/sdi.jpg","type":"image\/jpeg"}],"author":"soldadoadrianojose","twitter_card":"summary_large_image","twitter_misc":{"Escrito por":"soldadoadrianojose","Est. tempo de leitura":"3 minutos"},"schema":{"@context":"https:\/\/schema.org","@graph":[{"@type":"Article","@id":"https:\/\/soldadoadrianojose.com.br\/index.php\/2023\/09\/14\/obras-da-ponte-mario-ferraz-traz-um-importante-marco-para-o-desenvolvimento-de-maringa-e-sarandi\/#article","isPartOf":{"@id":"https:\/\/soldadoadrianojose.com.br\/index.php\/2023\/09\/14\/obras-da-ponte-mario-ferraz-traz-um-importante-marco-para-o-desenvolvimento-de-maringa-e-sarandi\/"},"author":{"name":"soldadoadrianojose","@id":"https:\/\/soldadoadrianojose.com.br\/#\/schema\/person\/16f8e8defb7a4bd6c6082efcd1bdb6bb"},"headline":"Obras da Ponte M\u00e1rio Ferraz traz um importante marco para o desenvolvimento de Maring\u00e1 e Sarandi","datePublished":"2023-09-14T20:28:46+00:00","dateModified":"2023-09-14T20:28:52+00:00","mainEntityOfPage":{"@id":"https:\/\/soldadoadrianojose.com.br\/index.php\/2023\/09\/14\/obras-da-ponte-mario-ferraz-traz-um-importante-marco-para-o-desenvolvimento-de-maringa-e-sarandi\/"},"wordCount":479,"commentCount":0,"publisher":{"@id":"https:\/\/soldadoadrianojose.com.br\/#\/schema\/person\/16f8e8defb7a4bd6c6082efcd1bdb6bb"},"image":{"@id":"https:\/\/soldadoadrianojose.com.br\/index.php\/2023\/09\/14\/obras-da-ponte-mario-ferraz-traz-um-importante-marco-para-o-desenvolvimento-de-maringa-e-sarandi\/#primaryimage"},"thumbnailUrl":"https:\/\/soldadoadrianojose.com.br\/wp-content\/uploads\/2023\/09\/sdi.jpg","articleSection":["GABINETE SD"],"inLanguage":"pt-BR","potentialAction":[{"@type":"CommentAction","name":"Comment","target":["https:\/\/soldadoadrianojose.com.br\/index.php\/2023\/09\/14\/obras-da-ponte-mario-ferraz-traz-um-importante-marco-para-o-desenvolvimento-de-maringa-e-sarandi\/#respond"]}]},{"@type":"WebPage","@id":"https:\/\/soldadoadrianojose.com.br\/index.php\/2023\/09\/14\/obras-da-ponte-mario-ferraz-traz-um-importante-marco-para-o-desenvolvimento-de-maringa-e-sarandi\/","url":"https:\/\/soldadoadrianojose.com.br\/index.php\/2023\/09\/14\/obras-da-ponte-mario-ferraz-traz-um-importante-marco-para-o-desenvolvimento-de-maringa-e-sarandi\/","name":"Obras da Ponte M\u00e1rio Ferraz traz um importante marco para o desenvolvimento de Maring\u00e1 e Sarandi - Deputado Adriano Jos\u00e9","isPartOf":{"@id":"https:\/\/soldadoadrianojose.com.br\/#website"},"primaryImageOfPage":{"@id":"https:\/\/soldadoadrianojose.com.br\/index.php\/2023\/09\/14\/obras-da-ponte-mario-ferraz-traz-um-importante-marco-para-o-desenvolvimento-de-maringa-e-sarandi\/#primaryimage"},"image":{"@id":"https:\/\/soldadoadrianojose.com.br\/index.php\/2023\/09\/14\/obras-da-ponte-mario-ferraz-traz-um-importante-marco-para-o-desenvolvimento-de-maringa-e-sarandi\/#primaryimage"},"thumbnailUrl":"https:\/\/soldadoadrianojose.com.br\/wp-content\/uploads\/2023\/09\/sdi.jpg","datePublished":"2023-09-14T20:28:46+00:00","dateModified":"2023-09-14T20:28:52+00:00","breadcrumb":{"@id":"https:\/\/soldadoadrianojose.com.br\/index.php\/2023\/09\/14\/obras-da-ponte-mario-ferraz-traz-um-importante-marco-para-o-desenvolvimento-de-maringa-e-sarandi\/#breadcrumb"},"inLanguage":"pt-BR","potentialAction":[{"@type":"ReadAction","target":["https:\/\/soldadoadrianojose.com.br\/index.php\/2023\/09\/14\/obras-da-ponte-mario-ferraz-traz-um-importante-marco-para-o-desenvolvimento-de-maringa-e-sarandi\/"]}]},{"@type":"ImageObject","inLanguage":"pt-BR","@id":"https:\/\/soldadoadrianojose.com.br\/index.php\/2023\/09\/14\/obras-da-ponte-mario-ferraz-traz-um-importante-marco-para-o-desenvolvimento-de-maringa-e-sarandi\/#primaryimage","url":"https:\/\/soldadoadrianojose.com.br\/wp-content\/uploads\/2023\/09\/sdi.jpg","contentUrl":"https:\/\/soldadoadrianojose.com.br\/wp-content\/uploads\/2023\/09\/sdi.jpg","width":700,"height":700},{"@type":"BreadcrumbList","@id":"https:\/\/soldadoadrianojose.com.br\/index.php\/2023\/09\/14\/obras-da-ponte-mario-ferraz-traz-um-importante-marco-para-o-desenvolvimento-de-maringa-e-sarandi\/#breadcrumb","itemListElement":[{"@type":"ListItem","position":1,"name":"In\u00edcio","item":"https:\/\/soldadoadrianojose.com.br\/"},{"@type":"ListItem","position":2,"name":"Obras da Ponte M\u00e1rio Ferraz traz um importante marco para o desenvolvimento de Maring\u00e1 e Sarandi"}]},{"@type":"WebSite","@id":"https:\/\/soldadoadrianojose.com.br\/#website","url":"https:\/\/soldadoadrianojose.com.br\/","name":"Deputado Adriano Jos\u00e9","description":"Nosso trabalho \u00e9 pelas pessoas","publisher":{"@id":"https:\/\/soldadoadrianojose.com.br\/#\/schema\/person\/16f8e8defb7a4bd6c6082efcd1bdb6bb"},"potentialAction":[{"@type":"SearchAction","target":{"@type":"EntryPoint","urlTemplate":"https:\/\/soldadoadrianojose.com.br\/?s={search_term_string}"},"query-input":{"@type":"PropertyValueSpecification","valueRequired":true,"valueName":"search_term_string"}}],"inLanguage":"pt-BR"},{"@type":["Person","Organization"],"@id":"https:\/\/soldadoadrianojose.com.br\/#\/schema\/person\/16f8e8defb7a4bd6c6082efcd1bdb6bb","name":"soldadoadrianojose","image":{"@type":"ImageObject","inLanguage":"pt-BR","@id":"https:\/\/soldadoadrianojose.com.br\/wp-content\/uploads\/2023\/02\/LOGO_CLEAR-5.png","url":"https:\/\/soldadoadrianojose.com.br\/wp-content\/uploads\/2023\/02\/LOGO_CLEAR-5.png","contentUrl":"https:\/\/soldadoadrianojose.com.br\/wp-content\/uploads\/2023\/02\/LOGO_CLEAR-5.png","width":3508,"height":998,"caption":"soldadoadrianojose"},"logo":{"@id":"https:\/\/soldadoadrianojose.com.br\/wp-content\/uploads\/2023\/02\/LOGO_CLEAR-5.png"},"sameAs":["https:\/\/soldadoadrianojose.com.br"],"url":"https:\/\/soldadoadrianojose.com.br\/index.php\/author\/soldadoadrianojose\/"}]}},"jetpack_featured_media_url":"https:\/\/soldadoadrianojose.com.br\/wp-content\/uploads\/2023\/09\/sdi.jpg","_links":{"self":[{"href":"https:\/\/soldadoadrianojose.com.br\/index.php\/wp-json\/wp\/v2\/posts\/1102","targetHints":{"allow":["GET"]}}],"collection":[{"href":"https:\/\/soldadoadrianojose.com.br\/index.php\/wp-json\/wp\/v2\/posts"}],"about":[{"href":"https:\/\/soldadoadrianojose.com.br\/index.php\/wp-json\/wp\/v2\/types\/post"}],"author":[{"embeddable":true,"href":"https:\/\/soldadoadrianojose.com.br\/index.php\/wp-json\/wp\/v2\/users\/1"}],"replies":[{"embeddable":true,"href":"https:\/\/soldadoadrianojose.com.br\/index.php\/wp-json\/wp\/v2\/comments?post=1102"}],"version-history":[{"count":1,"href":"https:\/\/soldadoadrianojose.com.br\/index.php\/wp-json\/wp\/v2\/posts\/1102\/revisions"}],"predecessor-version":[{"id":1104,"href":"https:\/\/soldadoadrianojose.com.br\/index.php\/wp-json\/wp\/v2\/posts\/1102\/revisions\/1104"}],"wp:featuredmedia":[{"embeddable":true,"href":"https:\/\/soldadoadrianojose.com.br\/index.php\/wp-json\/wp\/v2\/media\/1103"}],"wp:attachment":[{"href":"https:\/\/soldadoadrianojose.com.br\/index.php\/wp-json\/wp\/v2\/media?parent=1102"}],"wp:term":[{"taxonomy":"category","embeddable":true,"href":"https:\/\/soldadoadrianojose.com.br\/index.php\/wp-json\/wp\/v2\/categories?post=1102"},{"taxonomy":"post_tag","embeddable":true,"href":"https:\/\/soldadoadrianojose.com.br\/index.php\/wp-json\/wp\/v2\/tags?post=1102"}],"curies":[{"name":"wp","href":"https:\/\/api.w.org\/{rel}","templated":true}]}}