{"id":1105,"date":"2023-09-14T21:26:18","date_gmt":"2023-09-15T00:26:18","guid":{"rendered":"https:\/\/soldadoadrianojose.com.br\/?p=1105"},"modified":"2023-09-14T21:26:22","modified_gmt":"2023-09-15T00:26:22","slug":"deputado-soldado-adriano-jose-participa-da-solenidade-de-formatura-de-387-policiais-militares-em-maringa","status":"publish","type":"post","link":"https:\/\/soldadoadrianojose.com.br\/index.php\/2023\/09\/14\/deputado-soldado-adriano-jose-participa-da-solenidade-de-formatura-de-387-policiais-militares-em-maringa\/","title":{"rendered":"Deputado Soldado Adriano Jos\u00e9 participa da solenidade de formatura de 387 policiais militares em Maring\u00e1"},"content":{"rendered":"\n<figure class=\"wp-block-image size-large is-resized\"><img fetchpriority=\"high\" decoding=\"async\" src=\"https:\/\/soldadoadrianojose.com.br\/wp-content\/uploads\/2023\/09\/IMG-20230914-WA0161-1024x667.jpg\" alt=\"\" class=\"wp-image-1106\" style=\"width:396px;height:258px\" width=\"396\" height=\"258\" srcset=\"https:\/\/soldadoadrianojose.com.br\/wp-content\/uploads\/2023\/09\/IMG-20230914-WA0161-1024x667.jpg 1024w, https:\/\/soldadoadrianojose.com.br\/wp-content\/uploads\/2023\/09\/IMG-20230914-WA0161-300x195.jpg 300w, https:\/\/soldadoadrianojose.com.br\/wp-content\/uploads\/2023\/09\/IMG-20230914-WA0161-768x500.jpg 768w, https:\/\/soldadoadrianojose.com.br\/wp-content\/uploads\/2023\/09\/IMG-20230914-WA0161-1536x1000.jpg 1536w, https:\/\/soldadoadrianojose.com.br\/wp-content\/uploads\/2023\/09\/IMG-20230914-WA0161.jpg 1600w\" sizes=\"(max-width: 396px) 100vw, 396px\" \/><\/figure>\n\n\n\n<p>Deputado Soldado Adriano Jos\u00e9 participa da solenidade de formatura de 387 policiais militares em Maring\u00e1Nesta quinta-feira (14), o deputado Soldado Adriano Jos\u00e9, presidente da Comiss\u00e3o de Seguran\u00e7a P\u00fablica da Assembleia, marcou presen\u00e7a na formatura de 387 policiais militares em Maring\u00e1, na regi\u00e3o Noroeste do Paran\u00e1. O evento contou com a presen\u00e7a do governador Ratinho Junior, do prefeito Ulisses Maia e de outros deputados e autoridades.<\/p>\n\n\n\n<p>Durante a formatura, o parlamentar fez uso da palavra, representando a Alep o que refor\u00e7a o compromisso da institui\u00e7\u00e3o com a valoriza\u00e7\u00e3o e apoio aos profissionais da seguran\u00e7a p\u00fablica.<\/p>\n\n\n\n<p>Esses novos soldados ser\u00e3o distribu\u00eddos nos quart\u00e9is da regi\u00e3o e v\u00e3o ajudar a refor\u00e7ar o policiamento ostensivo no Estado. O deputado participou das formaturas em Curitiba e Londrina e agora est\u00e1 em Maring\u00e1. Al\u00e9m disso, ele tamb\u00e9m vai participar das formaturas em Cascavel e Foz do Igua\u00e7u.<\/p>\n\n\n\n<p>Ao todo, o Paran\u00e1 ganha nesta semana 2.482 novos soldados, sendo 467 mulheres. Eles foram aprovados no maior concurso p\u00fablico da hist\u00f3ria da Pol\u00edcia Militar, que reuniu participantes de todo o pa\u00eds. A chegada desses novos soldados \u00e9 de extrema import\u00e2ncia para fortalecer a seguran\u00e7a p\u00fablica no estado, garantindo mais tranquilidade e prote\u00e7\u00e3o aos cidad\u00e3os.<\/p>\n\n\n\n<p>O Soldado Adriano tem se destacado por seu comprometimento com a seguran\u00e7a p\u00fablica e sua atua\u00e7\u00e3o em defesa dos interesses dos policiais militares. Sua participa\u00e7\u00e3o nas formaturas ao lado do governador Ratinho Junior e demais autoridades mostra o seu empenho em buscar melhorias para a seguran\u00e7a no Paran\u00e1.<\/p>\n\n\n\n<p>Com a formatura desses novos policiais militares, o estado do Paran\u00e1 d\u00e1 um importante passo para fortalecer a sua estrutura de seguran\u00e7a e garantir um policiamento mais eficiente e presente em todas as regi\u00f5es. A chegada desses soldados \u00e9 uma conquista n\u00e3o apenas para a Pol\u00edcia Militar, mas tamb\u00e9m para toda a popula\u00e7\u00e3o paranaense, que poder\u00e1 contar com um maior contingente policial para garantir a sua seguran\u00e7a.<\/p>\n\n\n\n<p>O deputado Soldado Adriano Jos\u00e9 continuar\u00e1 acompanhando de perto as a\u00e7\u00f5es da Pol\u00edcia Militar e trabalhando em prol da seguran\u00e7a p\u00fablica no estado do Paran\u00e1.<div>.<\/div><\/p>\n","protected":false},"excerpt":{"rendered":"<p>Deputado Soldado Adriano Jos\u00e9 participa da solenidade de formatura de 387 policiais militares em Maring\u00e1Nesta quinta-feira (14), o deputado Soldado Adriano Jos\u00e9, presidente da Comiss\u00e3o de Seguran\u00e7a P\u00fablica da Assembleia, marcou presen\u00e7a na formatura de 387 policiais militares em Maring\u00e1, na regi\u00e3o Noroeste do Paran\u00e1. O evento contou com a presen\u00e7a do governador Ratinho Junior, [&hellip;]<\/p>\n","protected":false},"author":1,"featured_media":1106,"comment_status":"open","ping_status":"open","sticky":false,"template":"","format":"standard","meta":{"footnotes":""},"categories":[1],"tags":[],"class_list":["post-1105","post","type-post","status-publish","format-standard","has-post-thumbnail","hentry","category-gabinete-sd"],"yoast_head":"<!-- This site is optimized with the Yoast SEO plugin v27.4 - https:\/\/yoast.com\/product\/yoast-seo-wordpress\/ -->\n<title>Deputado Soldado Adriano Jos\u00e9 participa da solenidade de formatura de 387 policiais militares em Maring\u00e1 - Deputado Adriano Jos\u00e9<\/title>\n<meta name=\"robots\" content=\"index, follow, max-snippet:-1, max-image-preview:large, max-video-preview:-1\" \/>\n<link rel=\"canonical\" href=\"https:\/\/soldadoadrianojose.com.br\/index.php\/2023\/09\/14\/deputado-soldado-adriano-jose-participa-da-solenidade-de-formatura-de-387-policiais-militares-em-maringa\/\" \/>\n<meta property=\"og:locale\" content=\"pt_BR\" \/>\n<meta property=\"og:type\" content=\"article\" \/>\n<meta property=\"og:title\" content=\"Deputado Soldado Adriano Jos\u00e9 participa da solenidade de formatura de 387 policiais militares em Maring\u00e1 - Deputado Adriano Jos\u00e9\" \/>\n<meta property=\"og:description\" content=\"Deputado Soldado Adriano Jos\u00e9 participa da solenidade de formatura de 387 policiais militares em Maring\u00e1Nesta quinta-feira (14), o deputado Soldado Adriano Jos\u00e9, presidente da Comiss\u00e3o de Seguran\u00e7a P\u00fablica da Assembleia, marcou presen\u00e7a na formatura de 387 policiais militares em Maring\u00e1, na regi\u00e3o Noroeste do Paran\u00e1. O evento contou com a presen\u00e7a do governador Ratinho Junior, [&hellip;]\" \/>\n<meta property=\"og:url\" content=\"https:\/\/soldadoadrianojose.com.br\/index.php\/2023\/09\/14\/deputado-soldado-adriano-jose-participa-da-solenidade-de-formatura-de-387-policiais-militares-em-maringa\/\" \/>\n<meta property=\"og:site_name\" content=\"Deputado Adriano Jos\u00e9\" \/>\n<meta property=\"article:published_time\" content=\"2023-09-15T00:26:18+00:00\" \/>\n<meta property=\"article:modified_time\" content=\"2023-09-15T00:26:22+00:00\" \/>\n<meta property=\"og:image\" content=\"https:\/\/soldadoadrianojose.com.br\/wp-content\/uploads\/2023\/09\/IMG-20230914-WA0161.jpg\" \/>\n\t<meta property=\"og:image:width\" content=\"1600\" \/>\n\t<meta property=\"og:image:height\" content=\"1042\" \/>\n\t<meta property=\"og:image:type\" content=\"image\/jpeg\" \/>\n<meta name=\"author\" content=\"soldadoadrianojose\" \/>\n<meta name=\"twitter:card\" content=\"summary_large_image\" \/>\n<meta name=\"twitter:label1\" content=\"Escrito por\" \/>\n\t<meta name=\"twitter:data1\" content=\"soldadoadrianojose\" \/>\n\t<meta name=\"twitter:label2\" content=\"Est. tempo de leitura\" \/>\n\t<meta name=\"twitter:data2\" content=\"3 minutos\" \/>\n<script type=\"application\/ld+json\" class=\"yoast-schema-graph\">{\"@context\":\"https:\\\/\\\/schema.org\",\"@graph\":[{\"@type\":\"Article\",\"@id\":\"https:\\\/\\\/soldadoadrianojose.com.br\\\/index.php\\\/2023\\\/09\\\/14\\\/deputado-soldado-adriano-jose-participa-da-solenidade-de-formatura-de-387-policiais-militares-em-maringa\\\/#article\",\"isPartOf\":{\"@id\":\"https:\\\/\\\/soldadoadrianojose.com.br\\\/index.php\\\/2023\\\/09\\\/14\\\/deputado-soldado-adriano-jose-participa-da-solenidade-de-formatura-de-387-policiais-militares-em-maringa\\\/\"},\"author\":{\"name\":\"soldadoadrianojose\",\"@id\":\"https:\\\/\\\/soldadoadrianojose.com.br\\\/#\\\/schema\\\/person\\\/16f8e8defb7a4bd6c6082efcd1bdb6bb\"},\"headline\":\"Deputado Soldado Adriano Jos\u00e9 participa da solenidade de formatura de 387 policiais militares em Maring\u00e1\",\"datePublished\":\"2023-09-15T00:26:18+00:00\",\"dateModified\":\"2023-09-15T00:26:22+00:00\",\"mainEntityOfPage\":{\"@id\":\"https:\\\/\\\/soldadoadrianojose.com.br\\\/index.php\\\/2023\\\/09\\\/14\\\/deputado-soldado-adriano-jose-participa-da-solenidade-de-formatura-de-387-policiais-militares-em-maringa\\\/\"},\"wordCount\":389,\"commentCount\":0,\"publisher\":{\"@id\":\"https:\\\/\\\/soldadoadrianojose.com.br\\\/#\\\/schema\\\/person\\\/16f8e8defb7a4bd6c6082efcd1bdb6bb\"},\"image\":{\"@id\":\"https:\\\/\\\/soldadoadrianojose.com.br\\\/index.php\\\/2023\\\/09\\\/14\\\/deputado-soldado-adriano-jose-participa-da-solenidade-de-formatura-de-387-policiais-militares-em-maringa\\\/#primaryimage\"},\"thumbnailUrl\":\"https:\\\/\\\/soldadoadrianojose.com.br\\\/wp-content\\\/uploads\\\/2023\\\/09\\\/IMG-20230914-WA0161.jpg\",\"articleSection\":[\"GABINETE SD\"],\"inLanguage\":\"pt-BR\",\"potentialAction\":[{\"@type\":\"CommentAction\",\"name\":\"Comment\",\"target\":[\"https:\\\/\\\/soldadoadrianojose.com.br\\\/index.php\\\/2023\\\/09\\\/14\\\/deputado-soldado-adriano-jose-participa-da-solenidade-de-formatura-de-387-policiais-militares-em-maringa\\\/#respond\"]}]},{\"@type\":\"WebPage\",\"@id\":\"https:\\\/\\\/soldadoadrianojose.com.br\\\/index.php\\\/2023\\\/09\\\/14\\\/deputado-soldado-adriano-jose-participa-da-solenidade-de-formatura-de-387-policiais-militares-em-maringa\\\/\",\"url\":\"https:\\\/\\\/soldadoadrianojose.com.br\\\/index.php\\\/2023\\\/09\\\/14\\\/deputado-soldado-adriano-jose-participa-da-solenidade-de-formatura-de-387-policiais-militares-em-maringa\\\/\",\"name\":\"Deputado Soldado Adriano Jos\u00e9 participa da solenidade de formatura de 387 policiais militares em Maring\u00e1 - Deputado Adriano Jos\u00e9\",\"isPartOf\":{\"@id\":\"https:\\\/\\\/soldadoadrianojose.com.br\\\/#website\"},\"primaryImageOfPage\":{\"@id\":\"https:\\\/\\\/soldadoadrianojose.com.br\\\/index.php\\\/2023\\\/09\\\/14\\\/deputado-soldado-adriano-jose-participa-da-solenidade-de-formatura-de-387-policiais-militares-em-maringa\\\/#primaryimage\"},\"image\":{\"@id\":\"https:\\\/\\\/soldadoadrianojose.com.br\\\/index.php\\\/2023\\\/09\\\/14\\\/deputado-soldado-adriano-jose-participa-da-solenidade-de-formatura-de-387-policiais-militares-em-maringa\\\/#primaryimage\"},\"thumbnailUrl\":\"https:\\\/\\\/soldadoadrianojose.com.br\\\/wp-content\\\/uploads\\\/2023\\\/09\\\/IMG-20230914-WA0161.jpg\",\"datePublished\":\"2023-09-15T00:26:18+00:00\",\"dateModified\":\"2023-09-15T00:26:22+00:00\",\"breadcrumb\":{\"@id\":\"https:\\\/\\\/soldadoadrianojose.com.br\\\/index.php\\\/2023\\\/09\\\/14\\\/deputado-soldado-adriano-jose-participa-da-solenidade-de-formatura-de-387-policiais-militares-em-maringa\\\/#breadcrumb\"},\"inLanguage\":\"pt-BR\",\"potentialAction\":[{\"@type\":\"ReadAction\",\"target\":[\"https:\\\/\\\/soldadoadrianojose.com.br\\\/index.php\\\/2023\\\/09\\\/14\\\/deputado-soldado-adriano-jose-participa-da-solenidade-de-formatura-de-387-policiais-militares-em-maringa\\\/\"]}]},{\"@type\":\"ImageObject\",\"inLanguage\":\"pt-BR\",\"@id\":\"https:\\\/\\\/soldadoadrianojose.com.br\\\/index.php\\\/2023\\\/09\\\/14\\\/deputado-soldado-adriano-jose-participa-da-solenidade-de-formatura-de-387-policiais-militares-em-maringa\\\/#primaryimage\",\"url\":\"https:\\\/\\\/soldadoadrianojose.com.br\\\/wp-content\\\/uploads\\\/2023\\\/09\\\/IMG-20230914-WA0161.jpg\",\"contentUrl\":\"https:\\\/\\\/soldadoadrianojose.com.br\\\/wp-content\\\/uploads\\\/2023\\\/09\\\/IMG-20230914-WA0161.jpg\",\"width\":1600,\"height\":1042},{\"@type\":\"BreadcrumbList\",\"@id\":\"https:\\\/\\\/soldadoadrianojose.com.br\\\/index.php\\\/2023\\\/09\\\/14\\\/deputado-soldado-adriano-jose-participa-da-solenidade-de-formatura-de-387-policiais-militares-em-maringa\\\/#breadcrumb\",\"itemListElement\":[{\"@type\":\"ListItem\",\"position\":1,\"name\":\"In\u00edcio\",\"item\":\"https:\\\/\\\/soldadoadrianojose.com.br\\\/\"},{\"@type\":\"ListItem\",\"position\":2,\"name\":\"Deputado Soldado Adriano Jos\u00e9 participa da solenidade de formatura de 387 policiais militares em Maring\u00e1\"}]},{\"@type\":\"WebSite\",\"@id\":\"https:\\\/\\\/soldadoadrianojose.com.br\\\/#website\",\"url\":\"https:\\\/\\\/soldadoadrianojose.com.br\\\/\",\"name\":\"Deputado Adriano Jos\u00e9\",\"description\":\"Nosso trabalho \u00e9 pelas pessoas\",\"publisher\":{\"@id\":\"https:\\\/\\\/soldadoadrianojose.com.br\\\/#\\\/schema\\\/person\\\/16f8e8defb7a4bd6c6082efcd1bdb6bb\"},\"potentialAction\":[{\"@type\":\"SearchAction\",\"target\":{\"@type\":\"EntryPoint\",\"urlTemplate\":\"https:\\\/\\\/soldadoadrianojose.com.br\\\/?s={search_term_string}\"},\"query-input\":{\"@type\":\"PropertyValueSpecification\",\"valueRequired\":true,\"valueName\":\"search_term_string\"}}],\"inLanguage\":\"pt-BR\"},{\"@type\":[\"Person\",\"Organization\"],\"@id\":\"https:\\\/\\\/soldadoadrianojose.com.br\\\/#\\\/schema\\\/person\\\/16f8e8defb7a4bd6c6082efcd1bdb6bb\",\"name\":\"soldadoadrianojose\",\"image\":{\"@type\":\"ImageObject\",\"inLanguage\":\"pt-BR\",\"@id\":\"https:\\\/\\\/soldadoadrianojose.com.br\\\/wp-content\\\/uploads\\\/2023\\\/02\\\/LOGO_CLEAR-5.png\",\"url\":\"https:\\\/\\\/soldadoadrianojose.com.br\\\/wp-content\\\/uploads\\\/2023\\\/02\\\/LOGO_CLEAR-5.png\",\"contentUrl\":\"https:\\\/\\\/soldadoadrianojose.com.br\\\/wp-content\\\/uploads\\\/2023\\\/02\\\/LOGO_CLEAR-5.png\",\"width\":3508,\"height\":998,\"caption\":\"soldadoadrianojose\"},\"logo\":{\"@id\":\"https:\\\/\\\/soldadoadrianojose.com.br\\\/wp-content\\\/uploads\\\/2023\\\/02\\\/LOGO_CLEAR-5.png\"},\"sameAs\":[\"https:\\\/\\\/soldadoadrianojose.com.br\"],\"url\":\"https:\\\/\\\/soldadoadrianojose.com.br\\\/index.php\\\/author\\\/soldadoadrianojose\\\/\"}]}<\/script>\n<!-- \/ Yoast SEO plugin. -->","yoast_head_json":{"title":"Deputado Soldado Adriano Jos\u00e9 participa da solenidade de formatura de 387 policiais militares em Maring\u00e1 - Deputado Adriano Jos\u00e9","robots":{"index":"index","follow":"follow","max-snippet":"max-snippet:-1","max-image-preview":"max-image-preview:large","max-video-preview":"max-video-preview:-1"},"canonical":"https:\/\/soldadoadrianojose.com.br\/index.php\/2023\/09\/14\/deputado-soldado-adriano-jose-participa-da-solenidade-de-formatura-de-387-policiais-militares-em-maringa\/","og_locale":"pt_BR","og_type":"article","og_title":"Deputado Soldado Adriano Jos\u00e9 participa da solenidade de formatura de 387 policiais militares em Maring\u00e1 - Deputado Adriano Jos\u00e9","og_description":"Deputado Soldado Adriano Jos\u00e9 participa da solenidade de formatura de 387 policiais militares em Maring\u00e1Nesta quinta-feira (14), o deputado Soldado Adriano Jos\u00e9, presidente da Comiss\u00e3o de Seguran\u00e7a P\u00fablica da Assembleia, marcou presen\u00e7a na formatura de 387 policiais militares em Maring\u00e1, na regi\u00e3o Noroeste do Paran\u00e1. O evento contou com a presen\u00e7a do governador Ratinho Junior, [&hellip;]","og_url":"https:\/\/soldadoadrianojose.com.br\/index.php\/2023\/09\/14\/deputado-soldado-adriano-jose-participa-da-solenidade-de-formatura-de-387-policiais-militares-em-maringa\/","og_site_name":"Deputado Adriano Jos\u00e9","article_published_time":"2023-09-15T00:26:18+00:00","article_modified_time":"2023-09-15T00:26:22+00:00","og_image":[{"width":1600,"height":1042,"url":"https:\/\/soldadoadrianojose.com.br\/wp-content\/uploads\/2023\/09\/IMG-20230914-WA0161.jpg","type":"image\/jpeg"}],"author":"soldadoadrianojose","twitter_card":"summary_large_image","twitter_misc":{"Escrito por":"soldadoadrianojose","Est. tempo de leitura":"3 minutos"},"schema":{"@context":"https:\/\/schema.org","@graph":[{"@type":"Article","@id":"https:\/\/soldadoadrianojose.com.br\/index.php\/2023\/09\/14\/deputado-soldado-adriano-jose-participa-da-solenidade-de-formatura-de-387-policiais-militares-em-maringa\/#article","isPartOf":{"@id":"https:\/\/soldadoadrianojose.com.br\/index.php\/2023\/09\/14\/deputado-soldado-adriano-jose-participa-da-solenidade-de-formatura-de-387-policiais-militares-em-maringa\/"},"author":{"name":"soldadoadrianojose","@id":"https:\/\/soldadoadrianojose.com.br\/#\/schema\/person\/16f8e8defb7a4bd6c6082efcd1bdb6bb"},"headline":"Deputado Soldado Adriano Jos\u00e9 participa da solenidade de formatura de 387 policiais militares em Maring\u00e1","datePublished":"2023-09-15T00:26:18+00:00","dateModified":"2023-09-15T00:26:22+00:00","mainEntityOfPage":{"@id":"https:\/\/soldadoadrianojose.com.br\/index.php\/2023\/09\/14\/deputado-soldado-adriano-jose-participa-da-solenidade-de-formatura-de-387-policiais-militares-em-maringa\/"},"wordCount":389,"commentCount":0,"publisher":{"@id":"https:\/\/soldadoadrianojose.com.br\/#\/schema\/person\/16f8e8defb7a4bd6c6082efcd1bdb6bb"},"image":{"@id":"https:\/\/soldadoadrianojose.com.br\/index.php\/2023\/09\/14\/deputado-soldado-adriano-jose-participa-da-solenidade-de-formatura-de-387-policiais-militares-em-maringa\/#primaryimage"},"thumbnailUrl":"https:\/\/soldadoadrianojose.com.br\/wp-content\/uploads\/2023\/09\/IMG-20230914-WA0161.jpg","articleSection":["GABINETE SD"],"inLanguage":"pt-BR","potentialAction":[{"@type":"CommentAction","name":"Comment","target":["https:\/\/soldadoadrianojose.com.br\/index.php\/2023\/09\/14\/deputado-soldado-adriano-jose-participa-da-solenidade-de-formatura-de-387-policiais-militares-em-maringa\/#respond"]}]},{"@type":"WebPage","@id":"https:\/\/soldadoadrianojose.com.br\/index.php\/2023\/09\/14\/deputado-soldado-adriano-jose-participa-da-solenidade-de-formatura-de-387-policiais-militares-em-maringa\/","url":"https:\/\/soldadoadrianojose.com.br\/index.php\/2023\/09\/14\/deputado-soldado-adriano-jose-participa-da-solenidade-de-formatura-de-387-policiais-militares-em-maringa\/","name":"Deputado Soldado Adriano Jos\u00e9 participa da solenidade de formatura de 387 policiais militares em Maring\u00e1 - Deputado Adriano Jos\u00e9","isPartOf":{"@id":"https:\/\/soldadoadrianojose.com.br\/#website"},"primaryImageOfPage":{"@id":"https:\/\/soldadoadrianojose.com.br\/index.php\/2023\/09\/14\/deputado-soldado-adriano-jose-participa-da-solenidade-de-formatura-de-387-policiais-militares-em-maringa\/#primaryimage"},"image":{"@id":"https:\/\/soldadoadrianojose.com.br\/index.php\/2023\/09\/14\/deputado-soldado-adriano-jose-participa-da-solenidade-de-formatura-de-387-policiais-militares-em-maringa\/#primaryimage"},"thumbnailUrl":"https:\/\/soldadoadrianojose.com.br\/wp-content\/uploads\/2023\/09\/IMG-20230914-WA0161.jpg","datePublished":"2023-09-15T00:26:18+00:00","dateModified":"2023-09-15T00:26:22+00:00","breadcrumb":{"@id":"https:\/\/soldadoadrianojose.com.br\/index.php\/2023\/09\/14\/deputado-soldado-adriano-jose-participa-da-solenidade-de-formatura-de-387-policiais-militares-em-maringa\/#breadcrumb"},"inLanguage":"pt-BR","potentialAction":[{"@type":"ReadAction","target":["https:\/\/soldadoadrianojose.com.br\/index.php\/2023\/09\/14\/deputado-soldado-adriano-jose-participa-da-solenidade-de-formatura-de-387-policiais-militares-em-maringa\/"]}]},{"@type":"ImageObject","inLanguage":"pt-BR","@id":"https:\/\/soldadoadrianojose.com.br\/index.php\/2023\/09\/14\/deputado-soldado-adriano-jose-participa-da-solenidade-de-formatura-de-387-policiais-militares-em-maringa\/#primaryimage","url":"https:\/\/soldadoadrianojose.com.br\/wp-content\/uploads\/2023\/09\/IMG-20230914-WA0161.jpg","contentUrl":"https:\/\/soldadoadrianojose.com.br\/wp-content\/uploads\/2023\/09\/IMG-20230914-WA0161.jpg","width":1600,"height":1042},{"@type":"BreadcrumbList","@id":"https:\/\/soldadoadrianojose.com.br\/index.php\/2023\/09\/14\/deputado-soldado-adriano-jose-participa-da-solenidade-de-formatura-de-387-policiais-militares-em-maringa\/#breadcrumb","itemListElement":[{"@type":"ListItem","position":1,"name":"In\u00edcio","item":"https:\/\/soldadoadrianojose.com.br\/"},{"@type":"ListItem","position":2,"name":"Deputado Soldado Adriano Jos\u00e9 participa da solenidade de formatura de 387 policiais militares em Maring\u00e1"}]},{"@type":"WebSite","@id":"https:\/\/soldadoadrianojose.com.br\/#website","url":"https:\/\/soldadoadrianojose.com.br\/","name":"Deputado Adriano Jos\u00e9","description":"Nosso trabalho \u00e9 pelas pessoas","publisher":{"@id":"https:\/\/soldadoadrianojose.com.br\/#\/schema\/person\/16f8e8defb7a4bd6c6082efcd1bdb6bb"},"potentialAction":[{"@type":"SearchAction","target":{"@type":"EntryPoint","urlTemplate":"https:\/\/soldadoadrianojose.com.br\/?s={search_term_string}"},"query-input":{"@type":"PropertyValueSpecification","valueRequired":true,"valueName":"search_term_string"}}],"inLanguage":"pt-BR"},{"@type":["Person","Organization"],"@id":"https:\/\/soldadoadrianojose.com.br\/#\/schema\/person\/16f8e8defb7a4bd6c6082efcd1bdb6bb","name":"soldadoadrianojose","image":{"@type":"ImageObject","inLanguage":"pt-BR","@id":"https:\/\/soldadoadrianojose.com.br\/wp-content\/uploads\/2023\/02\/LOGO_CLEAR-5.png","url":"https:\/\/soldadoadrianojose.com.br\/wp-content\/uploads\/2023\/02\/LOGO_CLEAR-5.png","contentUrl":"https:\/\/soldadoadrianojose.com.br\/wp-content\/uploads\/2023\/02\/LOGO_CLEAR-5.png","width":3508,"height":998,"caption":"soldadoadrianojose"},"logo":{"@id":"https:\/\/soldadoadrianojose.com.br\/wp-content\/uploads\/2023\/02\/LOGO_CLEAR-5.png"},"sameAs":["https:\/\/soldadoadrianojose.com.br"],"url":"https:\/\/soldadoadrianojose.com.br\/index.php\/author\/soldadoadrianojose\/"}]}},"jetpack_featured_media_url":"https:\/\/soldadoadrianojose.com.br\/wp-content\/uploads\/2023\/09\/IMG-20230914-WA0161.jpg","_links":{"self":[{"href":"https:\/\/soldadoadrianojose.com.br\/index.php\/wp-json\/wp\/v2\/posts\/1105","targetHints":{"allow":["GET"]}}],"collection":[{"href":"https:\/\/soldadoadrianojose.com.br\/index.php\/wp-json\/wp\/v2\/posts"}],"about":[{"href":"https:\/\/soldadoadrianojose.com.br\/index.php\/wp-json\/wp\/v2\/types\/post"}],"author":[{"embeddable":true,"href":"https:\/\/soldadoadrianojose.com.br\/index.php\/wp-json\/wp\/v2\/users\/1"}],"replies":[{"embeddable":true,"href":"https:\/\/soldadoadrianojose.com.br\/index.php\/wp-json\/wp\/v2\/comments?post=1105"}],"version-history":[{"count":1,"href":"https:\/\/soldadoadrianojose.com.br\/index.php\/wp-json\/wp\/v2\/posts\/1105\/revisions"}],"predecessor-version":[{"id":1107,"href":"https:\/\/soldadoadrianojose.com.br\/index.php\/wp-json\/wp\/v2\/posts\/1105\/revisions\/1107"}],"wp:featuredmedia":[{"embeddable":true,"href":"https:\/\/soldadoadrianojose.com.br\/index.php\/wp-json\/wp\/v2\/media\/1106"}],"wp:attachment":[{"href":"https:\/\/soldadoadrianojose.com.br\/index.php\/wp-json\/wp\/v2\/media?parent=1105"}],"wp:term":[{"taxonomy":"category","embeddable":true,"href":"https:\/\/soldadoadrianojose.com.br\/index.php\/wp-json\/wp\/v2\/categories?post=1105"},{"taxonomy":"post_tag","embeddable":true,"href":"https:\/\/soldadoadrianojose.com.br\/index.php\/wp-json\/wp\/v2\/tags?post=1105"}],"curies":[{"name":"wp","href":"https:\/\/api.w.org\/{rel}","templated":true}]}}