{"id":1119,"date":"2023-09-19T09:40:17","date_gmt":"2023-09-19T12:40:17","guid":{"rendered":"https:\/\/soldadoadrianojose.com.br\/?p=1119"},"modified":"2023-09-19T09:40:22","modified_gmt":"2023-09-19T12:40:22","slug":"deputado-soldado-adriano-jose-presta-homenagem-ao-cabo-garozi-em-sessao-plenaria","status":"publish","type":"post","link":"https:\/\/soldadoadrianojose.com.br\/index.php\/2023\/09\/19\/deputado-soldado-adriano-jose-presta-homenagem-ao-cabo-garozi-em-sessao-plenaria\/","title":{"rendered":"Deputado Soldado Adriano Jos\u00e9 presta homenagem ao cabo Garozi em sess\u00e3o plen\u00e1ria"},"content":{"rendered":"\n<figure class=\"wp-block-image size-full\"><img fetchpriority=\"high\" decoding=\"async\" width=\"750\" height=\"750\" src=\"https:\/\/soldadoadrianojose.com.br\/wp-content\/uploads\/2023\/09\/aj.jpg\" alt=\"\" class=\"wp-image-1120\" srcset=\"https:\/\/soldadoadrianojose.com.br\/wp-content\/uploads\/2023\/09\/aj.jpg 750w, https:\/\/soldadoadrianojose.com.br\/wp-content\/uploads\/2023\/09\/aj-300x300.jpg 300w, https:\/\/soldadoadrianojose.com.br\/wp-content\/uploads\/2023\/09\/aj-150x150.jpg 150w\" sizes=\"(max-width: 750px) 100vw, 750px\" \/><figcaption class=\"wp-element-caption\"><em>Foto divulga\u00e7\u00e3o \/ Deputado Estadual Soldado Adriano Jos\u00e9<\/em><\/figcaption><\/figure>\n\n\n\n<p>O Presidente da Comiss\u00e3o de Seguran\u00e7a Publica, subiu \u00e0 tribuna ontem para abordar um assunto de muita tristeza e import\u00e2ncia j\u00e1 que o m\u00eas de setembro tem sido dif\u00edcil para a Pol\u00edcia Militar do Estado do Paran\u00e1.<\/p>\n\n\n\n<p>No come\u00e7o do m\u00eas, na regi\u00e3o de Maring\u00e1 ocorreu o feminic\u00eddio da soldada Daniela Carolina Marinelo, que foi brutalmente assassinada pelo seu companheiro. Os laudos do Instituto M\u00e9dico Legal confirmaram a covardia do crime.<br>E mais recentemente, em Cianorte, o policial militar, Cabo Gorozi, perdeu a vida em uma ocorr\u00eancia durante uma abordagem rotineira.<\/p>\n\n\n\n<p>Com profundo pesar, o Soldado Adriano compartilhou sua reflex\u00e3o sobre a realidade enfrentada pelos profissionais da seguran\u00e7a p\u00fablica. Ele ressaltou a dedica\u00e7\u00e3o e o compromisso dos policiais militares, que saem de suas casas todos os dias com a farda da pol\u00edcia militar para defender a vida da popula\u00e7\u00e3o e de suas pr\u00f3prias fam\u00edlias.<\/p>\n\n\n\n<p>O deputado destacou que a perda do cabo Garozi \u00e9 uma demonstra\u00e7\u00e3o tr\u00e1gica de como as profiss\u00f5es relacionadas \u00e0 seguran\u00e7a p\u00fablica s\u00e3o diferentes das demais. Ele enfatizou o risco constante que os policiais enfrentam ao cumprir seu dever, colocando suas vidas em perigo para proteger a sociedade.<\/p>\n\n\n\n<p>Em um gesto de solidariedade, o parlamentar se dirigiu ao presidente da casa para transmitir os mais profundos sentimentos \u00e0 Pol\u00edcia Militar do Paran\u00e1, aos familiares e amigos do cabo Garozi, e a todos os irm\u00e3os de farda. Ele expressou sua esperan\u00e7a de que situa\u00e7\u00f5es tr\u00e1gicas como essa n\u00e3o se repitam e pediu a Deus que acolha e receba o policial falecido em sua infinita bondade.<\/p>\n\n\n\n<p>O deputado do Carmo expressou solidariedade aos policiais e prop\u00f4s ao Soldado Adriano, uma discuss\u00e3o mais aprofundada sobre a seguran\u00e7a no Paran\u00e1. Ele destacou a necessidade de intensificar o policiamento nessa regi\u00e3o e buscar parcerias com o secret\u00e1rio de educa\u00e7\u00e3o para garantir a seguran\u00e7a da popula\u00e7\u00e3o. A uni\u00e3o entre os deputados e a busca por solu\u00e7\u00f5es conjuntas s\u00e3o fundamentais para enfrentar os desafios da seguran\u00e7a p\u00fablica no estado.<\/p>\n\n\n\n<p>O Adriano Jos\u00e9 assumiu o compromisso de trabalhar em conjunto com o deputado do Carmo e outros deputados para abordar essa situa\u00e7\u00e3o preocupante e reafirmou seu compromisso em lutar por melhores condi\u00e7\u00f5es de trabalho e ressaltou a import\u00e2ncia de valorizar e proteger os profissionais da seguran\u00e7a p\u00fablica, que arriscam suas vidas diariamente para garantir a seguran\u00e7a da sociedade.<\/p>\n\n\n\n<p>O deputado Soldado Adriano Jos\u00e9 encerrou seu discurso pedindo um minuto de sil\u00eancio em homenagem ao cabo Garozi, como forma de honrar sua mem\u00f3ria e expressar solidariedade \u00e0s fam\u00edlias.<\/p>\n","protected":false},"excerpt":{"rendered":"<p>O Presidente da Comiss\u00e3o de Seguran\u00e7a Publica, subiu \u00e0 tribuna ontem para abordar um assunto de muita tristeza e import\u00e2ncia j\u00e1 que o m\u00eas de setembro tem sido dif\u00edcil para a Pol\u00edcia Militar do Estado do Paran\u00e1. No come\u00e7o do m\u00eas, na regi\u00e3o de Maring\u00e1 ocorreu o feminic\u00eddio da soldada Daniela Carolina Marinelo, que foi [&hellip;]<\/p>\n","protected":false},"author":1,"featured_media":1120,"comment_status":"open","ping_status":"open","sticky":false,"template":"","format":"standard","meta":{"footnotes":""},"categories":[1],"tags":[],"class_list":["post-1119","post","type-post","status-publish","format-standard","has-post-thumbnail","hentry","category-gabinete-sd"],"yoast_head":"<!-- This site is optimized with the Yoast SEO plugin v27.4 - https:\/\/yoast.com\/product\/yoast-seo-wordpress\/ -->\n<title>Deputado Soldado Adriano Jos\u00e9 presta homenagem ao cabo Garozi em sess\u00e3o plen\u00e1ria - Deputado Adriano Jos\u00e9<\/title>\n<meta name=\"robots\" content=\"index, follow, max-snippet:-1, max-image-preview:large, max-video-preview:-1\" \/>\n<link rel=\"canonical\" href=\"https:\/\/soldadoadrianojose.com.br\/index.php\/2023\/09\/19\/deputado-soldado-adriano-jose-presta-homenagem-ao-cabo-garozi-em-sessao-plenaria\/\" \/>\n<meta property=\"og:locale\" content=\"pt_BR\" \/>\n<meta property=\"og:type\" content=\"article\" \/>\n<meta property=\"og:title\" content=\"Deputado Soldado Adriano Jos\u00e9 presta homenagem ao cabo Garozi em sess\u00e3o plen\u00e1ria - Deputado Adriano Jos\u00e9\" \/>\n<meta property=\"og:description\" content=\"O Presidente da Comiss\u00e3o de Seguran\u00e7a Publica, subiu \u00e0 tribuna ontem para abordar um assunto de muita tristeza e import\u00e2ncia j\u00e1 que o m\u00eas de setembro tem sido dif\u00edcil para a Pol\u00edcia Militar do Estado do Paran\u00e1. No come\u00e7o do m\u00eas, na regi\u00e3o de Maring\u00e1 ocorreu o feminic\u00eddio da soldada Daniela Carolina Marinelo, que foi [&hellip;]\" \/>\n<meta property=\"og:url\" content=\"https:\/\/soldadoadrianojose.com.br\/index.php\/2023\/09\/19\/deputado-soldado-adriano-jose-presta-homenagem-ao-cabo-garozi-em-sessao-plenaria\/\" \/>\n<meta property=\"og:site_name\" content=\"Deputado Adriano Jos\u00e9\" \/>\n<meta property=\"article:published_time\" content=\"2023-09-19T12:40:17+00:00\" \/>\n<meta property=\"article:modified_time\" content=\"2023-09-19T12:40:22+00:00\" \/>\n<meta property=\"og:image\" content=\"https:\/\/soldadoadrianojose.com.br\/wp-content\/uploads\/2023\/09\/aj.jpg\" \/>\n\t<meta property=\"og:image:width\" content=\"750\" \/>\n\t<meta property=\"og:image:height\" content=\"750\" \/>\n\t<meta property=\"og:image:type\" content=\"image\/jpeg\" \/>\n<meta name=\"author\" content=\"soldadoadrianojose\" \/>\n<meta name=\"twitter:card\" content=\"summary_large_image\" \/>\n<meta name=\"twitter:label1\" content=\"Escrito por\" \/>\n\t<meta name=\"twitter:data1\" content=\"soldadoadrianojose\" \/>\n\t<meta name=\"twitter:label2\" content=\"Est. tempo de leitura\" \/>\n\t<meta name=\"twitter:data2\" content=\"3 minutos\" \/>\n<script type=\"application\/ld+json\" class=\"yoast-schema-graph\">{\"@context\":\"https:\\\/\\\/schema.org\",\"@graph\":[{\"@type\":\"Article\",\"@id\":\"https:\\\/\\\/soldadoadrianojose.com.br\\\/index.php\\\/2023\\\/09\\\/19\\\/deputado-soldado-adriano-jose-presta-homenagem-ao-cabo-garozi-em-sessao-plenaria\\\/#article\",\"isPartOf\":{\"@id\":\"https:\\\/\\\/soldadoadrianojose.com.br\\\/index.php\\\/2023\\\/09\\\/19\\\/deputado-soldado-adriano-jose-presta-homenagem-ao-cabo-garozi-em-sessao-plenaria\\\/\"},\"author\":{\"name\":\"soldadoadrianojose\",\"@id\":\"https:\\\/\\\/soldadoadrianojose.com.br\\\/#\\\/schema\\\/person\\\/16f8e8defb7a4bd6c6082efcd1bdb6bb\"},\"headline\":\"Deputado Soldado Adriano Jos\u00e9 presta homenagem ao cabo Garozi em sess\u00e3o plen\u00e1ria\",\"datePublished\":\"2023-09-19T12:40:17+00:00\",\"dateModified\":\"2023-09-19T12:40:22+00:00\",\"mainEntityOfPage\":{\"@id\":\"https:\\\/\\\/soldadoadrianojose.com.br\\\/index.php\\\/2023\\\/09\\\/19\\\/deputado-soldado-adriano-jose-presta-homenagem-ao-cabo-garozi-em-sessao-plenaria\\\/\"},\"wordCount\":484,\"commentCount\":0,\"publisher\":{\"@id\":\"https:\\\/\\\/soldadoadrianojose.com.br\\\/#\\\/schema\\\/person\\\/16f8e8defb7a4bd6c6082efcd1bdb6bb\"},\"image\":{\"@id\":\"https:\\\/\\\/soldadoadrianojose.com.br\\\/index.php\\\/2023\\\/09\\\/19\\\/deputado-soldado-adriano-jose-presta-homenagem-ao-cabo-garozi-em-sessao-plenaria\\\/#primaryimage\"},\"thumbnailUrl\":\"https:\\\/\\\/soldadoadrianojose.com.br\\\/wp-content\\\/uploads\\\/2023\\\/09\\\/aj.jpg\",\"articleSection\":[\"GABINETE SD\"],\"inLanguage\":\"pt-BR\",\"potentialAction\":[{\"@type\":\"CommentAction\",\"name\":\"Comment\",\"target\":[\"https:\\\/\\\/soldadoadrianojose.com.br\\\/index.php\\\/2023\\\/09\\\/19\\\/deputado-soldado-adriano-jose-presta-homenagem-ao-cabo-garozi-em-sessao-plenaria\\\/#respond\"]}]},{\"@type\":\"WebPage\",\"@id\":\"https:\\\/\\\/soldadoadrianojose.com.br\\\/index.php\\\/2023\\\/09\\\/19\\\/deputado-soldado-adriano-jose-presta-homenagem-ao-cabo-garozi-em-sessao-plenaria\\\/\",\"url\":\"https:\\\/\\\/soldadoadrianojose.com.br\\\/index.php\\\/2023\\\/09\\\/19\\\/deputado-soldado-adriano-jose-presta-homenagem-ao-cabo-garozi-em-sessao-plenaria\\\/\",\"name\":\"Deputado Soldado Adriano Jos\u00e9 presta homenagem ao cabo Garozi em sess\u00e3o plen\u00e1ria - Deputado Adriano Jos\u00e9\",\"isPartOf\":{\"@id\":\"https:\\\/\\\/soldadoadrianojose.com.br\\\/#website\"},\"primaryImageOfPage\":{\"@id\":\"https:\\\/\\\/soldadoadrianojose.com.br\\\/index.php\\\/2023\\\/09\\\/19\\\/deputado-soldado-adriano-jose-presta-homenagem-ao-cabo-garozi-em-sessao-plenaria\\\/#primaryimage\"},\"image\":{\"@id\":\"https:\\\/\\\/soldadoadrianojose.com.br\\\/index.php\\\/2023\\\/09\\\/19\\\/deputado-soldado-adriano-jose-presta-homenagem-ao-cabo-garozi-em-sessao-plenaria\\\/#primaryimage\"},\"thumbnailUrl\":\"https:\\\/\\\/soldadoadrianojose.com.br\\\/wp-content\\\/uploads\\\/2023\\\/09\\\/aj.jpg\",\"datePublished\":\"2023-09-19T12:40:17+00:00\",\"dateModified\":\"2023-09-19T12:40:22+00:00\",\"breadcrumb\":{\"@id\":\"https:\\\/\\\/soldadoadrianojose.com.br\\\/index.php\\\/2023\\\/09\\\/19\\\/deputado-soldado-adriano-jose-presta-homenagem-ao-cabo-garozi-em-sessao-plenaria\\\/#breadcrumb\"},\"inLanguage\":\"pt-BR\",\"potentialAction\":[{\"@type\":\"ReadAction\",\"target\":[\"https:\\\/\\\/soldadoadrianojose.com.br\\\/index.php\\\/2023\\\/09\\\/19\\\/deputado-soldado-adriano-jose-presta-homenagem-ao-cabo-garozi-em-sessao-plenaria\\\/\"]}]},{\"@type\":\"ImageObject\",\"inLanguage\":\"pt-BR\",\"@id\":\"https:\\\/\\\/soldadoadrianojose.com.br\\\/index.php\\\/2023\\\/09\\\/19\\\/deputado-soldado-adriano-jose-presta-homenagem-ao-cabo-garozi-em-sessao-plenaria\\\/#primaryimage\",\"url\":\"https:\\\/\\\/soldadoadrianojose.com.br\\\/wp-content\\\/uploads\\\/2023\\\/09\\\/aj.jpg\",\"contentUrl\":\"https:\\\/\\\/soldadoadrianojose.com.br\\\/wp-content\\\/uploads\\\/2023\\\/09\\\/aj.jpg\",\"width\":750,\"height\":750},{\"@type\":\"BreadcrumbList\",\"@id\":\"https:\\\/\\\/soldadoadrianojose.com.br\\\/index.php\\\/2023\\\/09\\\/19\\\/deputado-soldado-adriano-jose-presta-homenagem-ao-cabo-garozi-em-sessao-plenaria\\\/#breadcrumb\",\"itemListElement\":[{\"@type\":\"ListItem\",\"position\":1,\"name\":\"In\u00edcio\",\"item\":\"https:\\\/\\\/soldadoadrianojose.com.br\\\/\"},{\"@type\":\"ListItem\",\"position\":2,\"name\":\"Deputado Soldado Adriano Jos\u00e9 presta homenagem ao cabo Garozi em sess\u00e3o plen\u00e1ria\"}]},{\"@type\":\"WebSite\",\"@id\":\"https:\\\/\\\/soldadoadrianojose.com.br\\\/#website\",\"url\":\"https:\\\/\\\/soldadoadrianojose.com.br\\\/\",\"name\":\"Deputado Adriano Jos\u00e9\",\"description\":\"Nosso trabalho \u00e9 pelas pessoas\",\"publisher\":{\"@id\":\"https:\\\/\\\/soldadoadrianojose.com.br\\\/#\\\/schema\\\/person\\\/16f8e8defb7a4bd6c6082efcd1bdb6bb\"},\"potentialAction\":[{\"@type\":\"SearchAction\",\"target\":{\"@type\":\"EntryPoint\",\"urlTemplate\":\"https:\\\/\\\/soldadoadrianojose.com.br\\\/?s={search_term_string}\"},\"query-input\":{\"@type\":\"PropertyValueSpecification\",\"valueRequired\":true,\"valueName\":\"search_term_string\"}}],\"inLanguage\":\"pt-BR\"},{\"@type\":[\"Person\",\"Organization\"],\"@id\":\"https:\\\/\\\/soldadoadrianojose.com.br\\\/#\\\/schema\\\/person\\\/16f8e8defb7a4bd6c6082efcd1bdb6bb\",\"name\":\"soldadoadrianojose\",\"image\":{\"@type\":\"ImageObject\",\"inLanguage\":\"pt-BR\",\"@id\":\"https:\\\/\\\/soldadoadrianojose.com.br\\\/wp-content\\\/uploads\\\/2023\\\/02\\\/LOGO_CLEAR-5.png\",\"url\":\"https:\\\/\\\/soldadoadrianojose.com.br\\\/wp-content\\\/uploads\\\/2023\\\/02\\\/LOGO_CLEAR-5.png\",\"contentUrl\":\"https:\\\/\\\/soldadoadrianojose.com.br\\\/wp-content\\\/uploads\\\/2023\\\/02\\\/LOGO_CLEAR-5.png\",\"width\":3508,\"height\":998,\"caption\":\"soldadoadrianojose\"},\"logo\":{\"@id\":\"https:\\\/\\\/soldadoadrianojose.com.br\\\/wp-content\\\/uploads\\\/2023\\\/02\\\/LOGO_CLEAR-5.png\"},\"sameAs\":[\"https:\\\/\\\/soldadoadrianojose.com.br\"],\"url\":\"https:\\\/\\\/soldadoadrianojose.com.br\\\/index.php\\\/author\\\/soldadoadrianojose\\\/\"}]}<\/script>\n<!-- \/ Yoast SEO plugin. -->","yoast_head_json":{"title":"Deputado Soldado Adriano Jos\u00e9 presta homenagem ao cabo Garozi em sess\u00e3o plen\u00e1ria - Deputado Adriano Jos\u00e9","robots":{"index":"index","follow":"follow","max-snippet":"max-snippet:-1","max-image-preview":"max-image-preview:large","max-video-preview":"max-video-preview:-1"},"canonical":"https:\/\/soldadoadrianojose.com.br\/index.php\/2023\/09\/19\/deputado-soldado-adriano-jose-presta-homenagem-ao-cabo-garozi-em-sessao-plenaria\/","og_locale":"pt_BR","og_type":"article","og_title":"Deputado Soldado Adriano Jos\u00e9 presta homenagem ao cabo Garozi em sess\u00e3o plen\u00e1ria - Deputado Adriano Jos\u00e9","og_description":"O Presidente da Comiss\u00e3o de Seguran\u00e7a Publica, subiu \u00e0 tribuna ontem para abordar um assunto de muita tristeza e import\u00e2ncia j\u00e1 que o m\u00eas de setembro tem sido dif\u00edcil para a Pol\u00edcia Militar do Estado do Paran\u00e1. No come\u00e7o do m\u00eas, na regi\u00e3o de Maring\u00e1 ocorreu o feminic\u00eddio da soldada Daniela Carolina Marinelo, que foi [&hellip;]","og_url":"https:\/\/soldadoadrianojose.com.br\/index.php\/2023\/09\/19\/deputado-soldado-adriano-jose-presta-homenagem-ao-cabo-garozi-em-sessao-plenaria\/","og_site_name":"Deputado Adriano Jos\u00e9","article_published_time":"2023-09-19T12:40:17+00:00","article_modified_time":"2023-09-19T12:40:22+00:00","og_image":[{"width":750,"height":750,"url":"https:\/\/soldadoadrianojose.com.br\/wp-content\/uploads\/2023\/09\/aj.jpg","type":"image\/jpeg"}],"author":"soldadoadrianojose","twitter_card":"summary_large_image","twitter_misc":{"Escrito por":"soldadoadrianojose","Est. tempo de leitura":"3 minutos"},"schema":{"@context":"https:\/\/schema.org","@graph":[{"@type":"Article","@id":"https:\/\/soldadoadrianojose.com.br\/index.php\/2023\/09\/19\/deputado-soldado-adriano-jose-presta-homenagem-ao-cabo-garozi-em-sessao-plenaria\/#article","isPartOf":{"@id":"https:\/\/soldadoadrianojose.com.br\/index.php\/2023\/09\/19\/deputado-soldado-adriano-jose-presta-homenagem-ao-cabo-garozi-em-sessao-plenaria\/"},"author":{"name":"soldadoadrianojose","@id":"https:\/\/soldadoadrianojose.com.br\/#\/schema\/person\/16f8e8defb7a4bd6c6082efcd1bdb6bb"},"headline":"Deputado Soldado Adriano Jos\u00e9 presta homenagem ao cabo Garozi em sess\u00e3o plen\u00e1ria","datePublished":"2023-09-19T12:40:17+00:00","dateModified":"2023-09-19T12:40:22+00:00","mainEntityOfPage":{"@id":"https:\/\/soldadoadrianojose.com.br\/index.php\/2023\/09\/19\/deputado-soldado-adriano-jose-presta-homenagem-ao-cabo-garozi-em-sessao-plenaria\/"},"wordCount":484,"commentCount":0,"publisher":{"@id":"https:\/\/soldadoadrianojose.com.br\/#\/schema\/person\/16f8e8defb7a4bd6c6082efcd1bdb6bb"},"image":{"@id":"https:\/\/soldadoadrianojose.com.br\/index.php\/2023\/09\/19\/deputado-soldado-adriano-jose-presta-homenagem-ao-cabo-garozi-em-sessao-plenaria\/#primaryimage"},"thumbnailUrl":"https:\/\/soldadoadrianojose.com.br\/wp-content\/uploads\/2023\/09\/aj.jpg","articleSection":["GABINETE SD"],"inLanguage":"pt-BR","potentialAction":[{"@type":"CommentAction","name":"Comment","target":["https:\/\/soldadoadrianojose.com.br\/index.php\/2023\/09\/19\/deputado-soldado-adriano-jose-presta-homenagem-ao-cabo-garozi-em-sessao-plenaria\/#respond"]}]},{"@type":"WebPage","@id":"https:\/\/soldadoadrianojose.com.br\/index.php\/2023\/09\/19\/deputado-soldado-adriano-jose-presta-homenagem-ao-cabo-garozi-em-sessao-plenaria\/","url":"https:\/\/soldadoadrianojose.com.br\/index.php\/2023\/09\/19\/deputado-soldado-adriano-jose-presta-homenagem-ao-cabo-garozi-em-sessao-plenaria\/","name":"Deputado Soldado Adriano Jos\u00e9 presta homenagem ao cabo Garozi em sess\u00e3o plen\u00e1ria - Deputado Adriano Jos\u00e9","isPartOf":{"@id":"https:\/\/soldadoadrianojose.com.br\/#website"},"primaryImageOfPage":{"@id":"https:\/\/soldadoadrianojose.com.br\/index.php\/2023\/09\/19\/deputado-soldado-adriano-jose-presta-homenagem-ao-cabo-garozi-em-sessao-plenaria\/#primaryimage"},"image":{"@id":"https:\/\/soldadoadrianojose.com.br\/index.php\/2023\/09\/19\/deputado-soldado-adriano-jose-presta-homenagem-ao-cabo-garozi-em-sessao-plenaria\/#primaryimage"},"thumbnailUrl":"https:\/\/soldadoadrianojose.com.br\/wp-content\/uploads\/2023\/09\/aj.jpg","datePublished":"2023-09-19T12:40:17+00:00","dateModified":"2023-09-19T12:40:22+00:00","breadcrumb":{"@id":"https:\/\/soldadoadrianojose.com.br\/index.php\/2023\/09\/19\/deputado-soldado-adriano-jose-presta-homenagem-ao-cabo-garozi-em-sessao-plenaria\/#breadcrumb"},"inLanguage":"pt-BR","potentialAction":[{"@type":"ReadAction","target":["https:\/\/soldadoadrianojose.com.br\/index.php\/2023\/09\/19\/deputado-soldado-adriano-jose-presta-homenagem-ao-cabo-garozi-em-sessao-plenaria\/"]}]},{"@type":"ImageObject","inLanguage":"pt-BR","@id":"https:\/\/soldadoadrianojose.com.br\/index.php\/2023\/09\/19\/deputado-soldado-adriano-jose-presta-homenagem-ao-cabo-garozi-em-sessao-plenaria\/#primaryimage","url":"https:\/\/soldadoadrianojose.com.br\/wp-content\/uploads\/2023\/09\/aj.jpg","contentUrl":"https:\/\/soldadoadrianojose.com.br\/wp-content\/uploads\/2023\/09\/aj.jpg","width":750,"height":750},{"@type":"BreadcrumbList","@id":"https:\/\/soldadoadrianojose.com.br\/index.php\/2023\/09\/19\/deputado-soldado-adriano-jose-presta-homenagem-ao-cabo-garozi-em-sessao-plenaria\/#breadcrumb","itemListElement":[{"@type":"ListItem","position":1,"name":"In\u00edcio","item":"https:\/\/soldadoadrianojose.com.br\/"},{"@type":"ListItem","position":2,"name":"Deputado Soldado Adriano Jos\u00e9 presta homenagem ao cabo Garozi em sess\u00e3o plen\u00e1ria"}]},{"@type":"WebSite","@id":"https:\/\/soldadoadrianojose.com.br\/#website","url":"https:\/\/soldadoadrianojose.com.br\/","name":"Deputado Adriano Jos\u00e9","description":"Nosso trabalho \u00e9 pelas pessoas","publisher":{"@id":"https:\/\/soldadoadrianojose.com.br\/#\/schema\/person\/16f8e8defb7a4bd6c6082efcd1bdb6bb"},"potentialAction":[{"@type":"SearchAction","target":{"@type":"EntryPoint","urlTemplate":"https:\/\/soldadoadrianojose.com.br\/?s={search_term_string}"},"query-input":{"@type":"PropertyValueSpecification","valueRequired":true,"valueName":"search_term_string"}}],"inLanguage":"pt-BR"},{"@type":["Person","Organization"],"@id":"https:\/\/soldadoadrianojose.com.br\/#\/schema\/person\/16f8e8defb7a4bd6c6082efcd1bdb6bb","name":"soldadoadrianojose","image":{"@type":"ImageObject","inLanguage":"pt-BR","@id":"https:\/\/soldadoadrianojose.com.br\/wp-content\/uploads\/2023\/02\/LOGO_CLEAR-5.png","url":"https:\/\/soldadoadrianojose.com.br\/wp-content\/uploads\/2023\/02\/LOGO_CLEAR-5.png","contentUrl":"https:\/\/soldadoadrianojose.com.br\/wp-content\/uploads\/2023\/02\/LOGO_CLEAR-5.png","width":3508,"height":998,"caption":"soldadoadrianojose"},"logo":{"@id":"https:\/\/soldadoadrianojose.com.br\/wp-content\/uploads\/2023\/02\/LOGO_CLEAR-5.png"},"sameAs":["https:\/\/soldadoadrianojose.com.br"],"url":"https:\/\/soldadoadrianojose.com.br\/index.php\/author\/soldadoadrianojose\/"}]}},"jetpack_featured_media_url":"https:\/\/soldadoadrianojose.com.br\/wp-content\/uploads\/2023\/09\/aj.jpg","_links":{"self":[{"href":"https:\/\/soldadoadrianojose.com.br\/index.php\/wp-json\/wp\/v2\/posts\/1119","targetHints":{"allow":["GET"]}}],"collection":[{"href":"https:\/\/soldadoadrianojose.com.br\/index.php\/wp-json\/wp\/v2\/posts"}],"about":[{"href":"https:\/\/soldadoadrianojose.com.br\/index.php\/wp-json\/wp\/v2\/types\/post"}],"author":[{"embeddable":true,"href":"https:\/\/soldadoadrianojose.com.br\/index.php\/wp-json\/wp\/v2\/users\/1"}],"replies":[{"embeddable":true,"href":"https:\/\/soldadoadrianojose.com.br\/index.php\/wp-json\/wp\/v2\/comments?post=1119"}],"version-history":[{"count":1,"href":"https:\/\/soldadoadrianojose.com.br\/index.php\/wp-json\/wp\/v2\/posts\/1119\/revisions"}],"predecessor-version":[{"id":1121,"href":"https:\/\/soldadoadrianojose.com.br\/index.php\/wp-json\/wp\/v2\/posts\/1119\/revisions\/1121"}],"wp:featuredmedia":[{"embeddable":true,"href":"https:\/\/soldadoadrianojose.com.br\/index.php\/wp-json\/wp\/v2\/media\/1120"}],"wp:attachment":[{"href":"https:\/\/soldadoadrianojose.com.br\/index.php\/wp-json\/wp\/v2\/media?parent=1119"}],"wp:term":[{"taxonomy":"category","embeddable":true,"href":"https:\/\/soldadoadrianojose.com.br\/index.php\/wp-json\/wp\/v2\/categories?post=1119"},{"taxonomy":"post_tag","embeddable":true,"href":"https:\/\/soldadoadrianojose.com.br\/index.php\/wp-json\/wp\/v2\/tags?post=1119"}],"curies":[{"name":"wp","href":"https:\/\/api.w.org\/{rel}","templated":true}]}}