{"id":1123,"date":"2023-09-21T11:04:40","date_gmt":"2023-09-21T14:04:40","guid":{"rendered":"https:\/\/soldadoadrianojose.com.br\/?p=1123"},"modified":"2023-09-21T12:22:14","modified_gmt":"2023-09-21T15:22:14","slug":"presidente-da-comissao-de-seguranca-publica-destaca-importancia-dos-consegs-durante-seminario-em-curitiba","status":"publish","type":"post","link":"https:\/\/soldadoadrianojose.com.br\/index.php\/2023\/09\/21\/presidente-da-comissao-de-seguranca-publica-destaca-importancia-dos-consegs-durante-seminario-em-curitiba\/","title":{"rendered":"Presidente da Comiss\u00e3o de Seguran\u00e7a p\u00fablica destaca import\u00e2ncia dos CONSEGs durante semin\u00e1rio em Curitiba"},"content":{"rendered":"\n<figure class=\"wp-block-image size-large is-resized\"><img fetchpriority=\"high\" decoding=\"async\" src=\"https:\/\/soldadoadrianojose.com.br\/wp-content\/uploads\/2023\/09\/WhatsApp-Image-2023-09-21-at-10.47.51-1024x682.jpeg\" alt=\"\" class=\"wp-image-1124\" style=\"width:388px;height:258px\" width=\"388\" height=\"258\" srcset=\"https:\/\/soldadoadrianojose.com.br\/wp-content\/uploads\/2023\/09\/WhatsApp-Image-2023-09-21-at-10.47.51-1024x682.jpeg 1024w, https:\/\/soldadoadrianojose.com.br\/wp-content\/uploads\/2023\/09\/WhatsApp-Image-2023-09-21-at-10.47.51-300x200.jpeg 300w, https:\/\/soldadoadrianojose.com.br\/wp-content\/uploads\/2023\/09\/WhatsApp-Image-2023-09-21-at-10.47.51-768x512.jpeg 768w, https:\/\/soldadoadrianojose.com.br\/wp-content\/uploads\/2023\/09\/WhatsApp-Image-2023-09-21-at-10.47.51-1536x1023.jpeg 1536w, https:\/\/soldadoadrianojose.com.br\/wp-content\/uploads\/2023\/09\/WhatsApp-Image-2023-09-21-at-10.47.51.jpeg 1600w\" sizes=\"(max-width: 388px) 100vw, 388px\" \/><figcaption class=\"wp-element-caption\">Foto: Eleozir Silva.<\/figcaption><\/figure>\n\n\n\n<p>O deputado estadual Soldado Adriano Jos\u00e9, presidente da Comiss\u00e3o de Seguran\u00e7a P\u00fablica, participou na noite desta quarta-feira (20), representando a Alep, do Semin\u00e1rio para os Conselhos Comunit\u00e1rios de Seguran\u00e7a (CONSEG) sobre Seguran\u00e7a no Tr\u00e2nsito, realizado pela Secretaria da Seguran\u00e7a P\u00fablica do Paran\u00e1.<\/p>\n\n\n\n<p>O evento, que aconteceu na sede da Cidade da Pol\u00edcia em Curitiba, reuniu representantes de 40 CONSEGs do estado e teve como objetivo discutir estrat\u00e9gias para reduzir mortes, les\u00f5es e preju\u00edzos decorrentes de acidentes e crimes no tr\u00e2nsito.<\/p>\n\n\n\n<p>Em sua fala, o deputado enalteceu a import\u00e2ncia dos CONSEGs para a seguran\u00e7a p\u00fablica no Paran\u00e1. &#8220;Eu trabalhei em munic\u00edpios em que t\u00ednhamos uma viatura nova gra\u00e7as ao trabalho do CONSEG. Tem munic\u00edpios que se n\u00e3o tem o apoio dos CONSEGs a seguran\u00e7a p\u00fablica n\u00e3o funciona&#8221;, afirmou.<\/p>\n\n\n\n<p>O parlamentar tamb\u00e9m destacou o orgulho das for\u00e7as de seguran\u00e7a do Paran\u00e1, ressaltando sua trajet\u00f3ria como policial militar. &#8220;Nossa Pol\u00edcia Militar, da qual tive orgulho de fazer parte por uma d\u00e9cada, nossa Pol\u00edcia Civil, Pol\u00edcia Cient\u00edfica, Pol\u00edcia Penal, nossos agentes socioeducativos s\u00e3o sem d\u00favida os melhores do nosso pa\u00eds e est\u00e3o aqui no estado do Paran\u00e1&#8221;, declarou.<\/p>\n\n\n\n<p>Como presidente da Comiss\u00e3o de Seguran\u00e7a P\u00fablica da Alep, Adriano Jos\u00e9 ressaltou as a\u00e7\u00f5es realizadas no governo Ratinho Junior, como investimentos em estrutura, tecnologia e intelig\u00eancia, o projeto Falc\u00e3o de combate \u00e0 criminalidade, a contrata\u00e7\u00e3o de novos policiais militares e delegados, entre outras medidas para valoriza\u00e7\u00e3o do capital humano na \u00e1rea.<\/p>\n\n\n\n<p>O semin\u00e1rio promovido pela Sesp faz parte das estrat\u00e9gias de alinhamento com representantes da sociedade civil organizada, por meio da Diretoria de Pol\u00edticas P\u00fablicas.<\/p>\n\n\n\n<figure class=\"wp-block-gallery has-nested-images columns-default is-cropped wp-block-gallery-1 is-layout-flex wp-block-gallery-is-layout-flex\">\n<figure class=\"wp-block-image size-large\"><img decoding=\"async\" width=\"1024\" height=\"682\" data-id=\"1127\" src=\"https:\/\/soldadoadrianojose.com.br\/wp-content\/uploads\/2023\/09\/WhatsApp-Image-2023-09-21-at-10.48.23-1-1-1024x682.jpeg\" alt=\"\" class=\"wp-image-1127\" srcset=\"https:\/\/soldadoadrianojose.com.br\/wp-content\/uploads\/2023\/09\/WhatsApp-Image-2023-09-21-at-10.48.23-1-1-1024x682.jpeg 1024w, https:\/\/soldadoadrianojose.com.br\/wp-content\/uploads\/2023\/09\/WhatsApp-Image-2023-09-21-at-10.48.23-1-1-300x200.jpeg 300w, https:\/\/soldadoadrianojose.com.br\/wp-content\/uploads\/2023\/09\/WhatsApp-Image-2023-09-21-at-10.48.23-1-1-768x512.jpeg 768w, https:\/\/soldadoadrianojose.com.br\/wp-content\/uploads\/2023\/09\/WhatsApp-Image-2023-09-21-at-10.48.23-1-1-1536x1023.jpeg 1536w, https:\/\/soldadoadrianojose.com.br\/wp-content\/uploads\/2023\/09\/WhatsApp-Image-2023-09-21-at-10.48.23-1-1.jpeg 1600w\" sizes=\"(max-width: 1024px) 100vw, 1024px\" \/><\/figure>\n\n\n\n<figure class=\"wp-block-image size-large\"><img decoding=\"async\" width=\"1024\" height=\"682\" data-id=\"1126\" src=\"https:\/\/soldadoadrianojose.com.br\/wp-content\/uploads\/2023\/09\/WhatsApp-Image-2023-09-21-at-10.48.23-1024x682.jpeg\" alt=\"\" class=\"wp-image-1126\" srcset=\"https:\/\/soldadoadrianojose.com.br\/wp-content\/uploads\/2023\/09\/WhatsApp-Image-2023-09-21-at-10.48.23-1024x682.jpeg 1024w, https:\/\/soldadoadrianojose.com.br\/wp-content\/uploads\/2023\/09\/WhatsApp-Image-2023-09-21-at-10.48.23-300x200.jpeg 300w, https:\/\/soldadoadrianojose.com.br\/wp-content\/uploads\/2023\/09\/WhatsApp-Image-2023-09-21-at-10.48.23-768x512.jpeg 768w, https:\/\/soldadoadrianojose.com.br\/wp-content\/uploads\/2023\/09\/WhatsApp-Image-2023-09-21-at-10.48.23.jpeg 1181w\" sizes=\"(max-width: 1024px) 100vw, 1024px\" \/><\/figure>\n\n\n\n<figure class=\"wp-block-image size-large\"><img loading=\"lazy\" decoding=\"async\" width=\"1024\" height=\"682\" data-id=\"1128\" src=\"https:\/\/soldadoadrianojose.com.br\/wp-content\/uploads\/2023\/09\/WhatsApp-Image-2023-09-21-at-10.48.22-2-1024x682.jpeg\" alt=\"\" class=\"wp-image-1128\" srcset=\"https:\/\/soldadoadrianojose.com.br\/wp-content\/uploads\/2023\/09\/WhatsApp-Image-2023-09-21-at-10.48.22-2-1024x682.jpeg 1024w, https:\/\/soldadoadrianojose.com.br\/wp-content\/uploads\/2023\/09\/WhatsApp-Image-2023-09-21-at-10.48.22-2-300x200.jpeg 300w, https:\/\/soldadoadrianojose.com.br\/wp-content\/uploads\/2023\/09\/WhatsApp-Image-2023-09-21-at-10.48.22-2-768x512.jpeg 768w, https:\/\/soldadoadrianojose.com.br\/wp-content\/uploads\/2023\/09\/WhatsApp-Image-2023-09-21-at-10.48.22-2-1536x1023.jpeg 1536w, https:\/\/soldadoadrianojose.com.br\/wp-content\/uploads\/2023\/09\/WhatsApp-Image-2023-09-21-at-10.48.22-2.jpeg 1600w\" sizes=\"(max-width: 1024px) 100vw, 1024px\" \/><\/figure>\n\n\n\n<figure class=\"wp-block-image size-large\"><img loading=\"lazy\" decoding=\"async\" width=\"1024\" height=\"715\" data-id=\"1129\" src=\"https:\/\/soldadoadrianojose.com.br\/wp-content\/uploads\/2023\/09\/WhatsApp-Image-2023-09-21-at-10.48.22-1-1024x715.jpeg\" alt=\"\" class=\"wp-image-1129\" srcset=\"https:\/\/soldadoadrianojose.com.br\/wp-content\/uploads\/2023\/09\/WhatsApp-Image-2023-09-21-at-10.48.22-1-1024x715.jpeg 1024w, https:\/\/soldadoadrianojose.com.br\/wp-content\/uploads\/2023\/09\/WhatsApp-Image-2023-09-21-at-10.48.22-1-300x209.jpeg 300w, https:\/\/soldadoadrianojose.com.br\/wp-content\/uploads\/2023\/09\/WhatsApp-Image-2023-09-21-at-10.48.22-1-768x536.jpeg 768w, https:\/\/soldadoadrianojose.com.br\/wp-content\/uploads\/2023\/09\/WhatsApp-Image-2023-09-21-at-10.48.22-1.jpeg 1339w\" sizes=\"(max-width: 1024px) 100vw, 1024px\" \/><\/figure>\n\n\n\n<figure class=\"wp-block-image size-large\"><img loading=\"lazy\" decoding=\"async\" width=\"1024\" height=\"550\" data-id=\"1130\" src=\"https:\/\/soldadoadrianojose.com.br\/wp-content\/uploads\/2023\/09\/WhatsApp-Image-2023-09-21-at-10.48.22-1024x550.jpeg\" alt=\"\" class=\"wp-image-1130\" srcset=\"https:\/\/soldadoadrianojose.com.br\/wp-content\/uploads\/2023\/09\/WhatsApp-Image-2023-09-21-at-10.48.22-1024x550.jpeg 1024w, https:\/\/soldadoadrianojose.com.br\/wp-content\/uploads\/2023\/09\/WhatsApp-Image-2023-09-21-at-10.48.22-300x161.jpeg 300w, https:\/\/soldadoadrianojose.com.br\/wp-content\/uploads\/2023\/09\/WhatsApp-Image-2023-09-21-at-10.48.22-768x412.jpeg 768w, https:\/\/soldadoadrianojose.com.br\/wp-content\/uploads\/2023\/09\/WhatsApp-Image-2023-09-21-at-10.48.22-1536x825.jpeg 1536w, https:\/\/soldadoadrianojose.com.br\/wp-content\/uploads\/2023\/09\/WhatsApp-Image-2023-09-21-at-10.48.22.jpeg 1600w\" sizes=\"(max-width: 1024px) 100vw, 1024px\" \/><\/figure>\n<\/figure>\n","protected":false},"excerpt":{"rendered":"<p>O deputado estadual Soldado Adriano Jos\u00e9, presidente da Comiss\u00e3o de Seguran\u00e7a P\u00fablica, participou na noite desta quarta-feira (20), representando a Alep, do Semin\u00e1rio para os Conselhos Comunit\u00e1rios de Seguran\u00e7a (CONSEG) sobre Seguran\u00e7a no Tr\u00e2nsito, realizado pela Secretaria da Seguran\u00e7a P\u00fablica do Paran\u00e1. O evento, que aconteceu na sede da Cidade da Pol\u00edcia em Curitiba, reuniu [&hellip;]<\/p>\n","protected":false},"author":1,"featured_media":1124,"comment_status":"open","ping_status":"open","sticky":false,"template":"","format":"standard","meta":{"footnotes":""},"categories":[1],"tags":[34],"class_list":["post-1123","post","type-post","status-publish","format-standard","has-post-thumbnail","hentry","category-gabinete-sd","tag-seguranca-no-transito"],"yoast_head":"<!-- This site is optimized with the Yoast SEO plugin v27.4 - https:\/\/yoast.com\/product\/yoast-seo-wordpress\/ -->\n<title>Presidente da Comiss\u00e3o de Seguran\u00e7a p\u00fablica destaca import\u00e2ncia dos CONSEGs durante semin\u00e1rio em Curitiba - Deputado Adriano Jos\u00e9<\/title>\n<meta name=\"robots\" content=\"index, follow, max-snippet:-1, max-image-preview:large, max-video-preview:-1\" \/>\n<link rel=\"canonical\" href=\"https:\/\/soldadoadrianojose.com.br\/index.php\/2023\/09\/21\/presidente-da-comissao-de-seguranca-publica-destaca-importancia-dos-consegs-durante-seminario-em-curitiba\/\" \/>\n<meta property=\"og:locale\" content=\"pt_BR\" \/>\n<meta property=\"og:type\" content=\"article\" \/>\n<meta property=\"og:title\" content=\"Presidente da Comiss\u00e3o de Seguran\u00e7a p\u00fablica destaca import\u00e2ncia dos CONSEGs durante semin\u00e1rio em Curitiba - Deputado Adriano Jos\u00e9\" \/>\n<meta property=\"og:description\" content=\"O deputado estadual Soldado Adriano Jos\u00e9, presidente da Comiss\u00e3o de Seguran\u00e7a P\u00fablica, participou na noite desta quarta-feira (20), representando a Alep, do Semin\u00e1rio para os Conselhos Comunit\u00e1rios de Seguran\u00e7a (CONSEG) sobre Seguran\u00e7a no Tr\u00e2nsito, realizado pela Secretaria da Seguran\u00e7a P\u00fablica do Paran\u00e1. O evento, que aconteceu na sede da Cidade da Pol\u00edcia em Curitiba, reuniu [&hellip;]\" \/>\n<meta property=\"og:url\" content=\"https:\/\/soldadoadrianojose.com.br\/index.php\/2023\/09\/21\/presidente-da-comissao-de-seguranca-publica-destaca-importancia-dos-consegs-durante-seminario-em-curitiba\/\" \/>\n<meta property=\"og:site_name\" content=\"Deputado Adriano Jos\u00e9\" \/>\n<meta property=\"article:published_time\" content=\"2023-09-21T14:04:40+00:00\" \/>\n<meta property=\"article:modified_time\" content=\"2023-09-21T15:22:14+00:00\" \/>\n<meta property=\"og:image\" content=\"https:\/\/soldadoadrianojose.com.br\/wp-content\/uploads\/2023\/09\/WhatsApp-Image-2023-09-21-at-10.47.51.jpeg\" \/>\n\t<meta property=\"og:image:width\" content=\"1600\" \/>\n\t<meta property=\"og:image:height\" content=\"1066\" \/>\n\t<meta property=\"og:image:type\" content=\"image\/jpeg\" \/>\n<meta name=\"author\" content=\"soldadoadrianojose\" \/>\n<meta name=\"twitter:card\" content=\"summary_large_image\" \/>\n<meta name=\"twitter:label1\" content=\"Escrito por\" \/>\n\t<meta name=\"twitter:data1\" content=\"soldadoadrianojose\" \/>\n\t<meta name=\"twitter:label2\" content=\"Est. tempo de leitura\" \/>\n\t<meta name=\"twitter:data2\" content=\"3 minutos\" \/>\n<script type=\"application\/ld+json\" class=\"yoast-schema-graph\">{\"@context\":\"https:\\\/\\\/schema.org\",\"@graph\":[{\"@type\":\"Article\",\"@id\":\"https:\\\/\\\/soldadoadrianojose.com.br\\\/index.php\\\/2023\\\/09\\\/21\\\/presidente-da-comissao-de-seguranca-publica-destaca-importancia-dos-consegs-durante-seminario-em-curitiba\\\/#article\",\"isPartOf\":{\"@id\":\"https:\\\/\\\/soldadoadrianojose.com.br\\\/index.php\\\/2023\\\/09\\\/21\\\/presidente-da-comissao-de-seguranca-publica-destaca-importancia-dos-consegs-durante-seminario-em-curitiba\\\/\"},\"author\":{\"name\":\"soldadoadrianojose\",\"@id\":\"https:\\\/\\\/soldadoadrianojose.com.br\\\/#\\\/schema\\\/person\\\/16f8e8defb7a4bd6c6082efcd1bdb6bb\"},\"headline\":\"Presidente da Comiss\u00e3o de Seguran\u00e7a p\u00fablica destaca import\u00e2ncia dos CONSEGs durante semin\u00e1rio em Curitiba\",\"datePublished\":\"2023-09-21T14:04:40+00:00\",\"dateModified\":\"2023-09-21T15:22:14+00:00\",\"mainEntityOfPage\":{\"@id\":\"https:\\\/\\\/soldadoadrianojose.com.br\\\/index.php\\\/2023\\\/09\\\/21\\\/presidente-da-comissao-de-seguranca-publica-destaca-importancia-dos-consegs-durante-seminario-em-curitiba\\\/\"},\"wordCount\":330,\"commentCount\":0,\"publisher\":{\"@id\":\"https:\\\/\\\/soldadoadrianojose.com.br\\\/#\\\/schema\\\/person\\\/16f8e8defb7a4bd6c6082efcd1bdb6bb\"},\"image\":{\"@id\":\"https:\\\/\\\/soldadoadrianojose.com.br\\\/index.php\\\/2023\\\/09\\\/21\\\/presidente-da-comissao-de-seguranca-publica-destaca-importancia-dos-consegs-durante-seminario-em-curitiba\\\/#primaryimage\"},\"thumbnailUrl\":\"https:\\\/\\\/soldadoadrianojose.com.br\\\/wp-content\\\/uploads\\\/2023\\\/09\\\/WhatsApp-Image-2023-09-21-at-10.47.51.jpeg\",\"keywords\":[\"seguranca no transito\"],\"articleSection\":[\"GABINETE SD\"],\"inLanguage\":\"pt-BR\",\"potentialAction\":[{\"@type\":\"CommentAction\",\"name\":\"Comment\",\"target\":[\"https:\\\/\\\/soldadoadrianojose.com.br\\\/index.php\\\/2023\\\/09\\\/21\\\/presidente-da-comissao-de-seguranca-publica-destaca-importancia-dos-consegs-durante-seminario-em-curitiba\\\/#respond\"]}]},{\"@type\":\"WebPage\",\"@id\":\"https:\\\/\\\/soldadoadrianojose.com.br\\\/index.php\\\/2023\\\/09\\\/21\\\/presidente-da-comissao-de-seguranca-publica-destaca-importancia-dos-consegs-durante-seminario-em-curitiba\\\/\",\"url\":\"https:\\\/\\\/soldadoadrianojose.com.br\\\/index.php\\\/2023\\\/09\\\/21\\\/presidente-da-comissao-de-seguranca-publica-destaca-importancia-dos-consegs-durante-seminario-em-curitiba\\\/\",\"name\":\"Presidente da Comiss\u00e3o de Seguran\u00e7a p\u00fablica destaca import\u00e2ncia dos CONSEGs durante semin\u00e1rio em Curitiba - Deputado Adriano Jos\u00e9\",\"isPartOf\":{\"@id\":\"https:\\\/\\\/soldadoadrianojose.com.br\\\/#website\"},\"primaryImageOfPage\":{\"@id\":\"https:\\\/\\\/soldadoadrianojose.com.br\\\/index.php\\\/2023\\\/09\\\/21\\\/presidente-da-comissao-de-seguranca-publica-destaca-importancia-dos-consegs-durante-seminario-em-curitiba\\\/#primaryimage\"},\"image\":{\"@id\":\"https:\\\/\\\/soldadoadrianojose.com.br\\\/index.php\\\/2023\\\/09\\\/21\\\/presidente-da-comissao-de-seguranca-publica-destaca-importancia-dos-consegs-durante-seminario-em-curitiba\\\/#primaryimage\"},\"thumbnailUrl\":\"https:\\\/\\\/soldadoadrianojose.com.br\\\/wp-content\\\/uploads\\\/2023\\\/09\\\/WhatsApp-Image-2023-09-21-at-10.47.51.jpeg\",\"datePublished\":\"2023-09-21T14:04:40+00:00\",\"dateModified\":\"2023-09-21T15:22:14+00:00\",\"breadcrumb\":{\"@id\":\"https:\\\/\\\/soldadoadrianojose.com.br\\\/index.php\\\/2023\\\/09\\\/21\\\/presidente-da-comissao-de-seguranca-publica-destaca-importancia-dos-consegs-durante-seminario-em-curitiba\\\/#breadcrumb\"},\"inLanguage\":\"pt-BR\",\"potentialAction\":[{\"@type\":\"ReadAction\",\"target\":[\"https:\\\/\\\/soldadoadrianojose.com.br\\\/index.php\\\/2023\\\/09\\\/21\\\/presidente-da-comissao-de-seguranca-publica-destaca-importancia-dos-consegs-durante-seminario-em-curitiba\\\/\"]}]},{\"@type\":\"ImageObject\",\"inLanguage\":\"pt-BR\",\"@id\":\"https:\\\/\\\/soldadoadrianojose.com.br\\\/index.php\\\/2023\\\/09\\\/21\\\/presidente-da-comissao-de-seguranca-publica-destaca-importancia-dos-consegs-durante-seminario-em-curitiba\\\/#primaryimage\",\"url\":\"https:\\\/\\\/soldadoadrianojose.com.br\\\/wp-content\\\/uploads\\\/2023\\\/09\\\/WhatsApp-Image-2023-09-21-at-10.47.51.jpeg\",\"contentUrl\":\"https:\\\/\\\/soldadoadrianojose.com.br\\\/wp-content\\\/uploads\\\/2023\\\/09\\\/WhatsApp-Image-2023-09-21-at-10.47.51.jpeg\",\"width\":1600,\"height\":1066},{\"@type\":\"BreadcrumbList\",\"@id\":\"https:\\\/\\\/soldadoadrianojose.com.br\\\/index.php\\\/2023\\\/09\\\/21\\\/presidente-da-comissao-de-seguranca-publica-destaca-importancia-dos-consegs-durante-seminario-em-curitiba\\\/#breadcrumb\",\"itemListElement\":[{\"@type\":\"ListItem\",\"position\":1,\"name\":\"In\u00edcio\",\"item\":\"https:\\\/\\\/soldadoadrianojose.com.br\\\/\"},{\"@type\":\"ListItem\",\"position\":2,\"name\":\"Presidente da Comiss\u00e3o de Seguran\u00e7a p\u00fablica destaca import\u00e2ncia dos CONSEGs durante semin\u00e1rio em Curitiba\"}]},{\"@type\":\"WebSite\",\"@id\":\"https:\\\/\\\/soldadoadrianojose.com.br\\\/#website\",\"url\":\"https:\\\/\\\/soldadoadrianojose.com.br\\\/\",\"name\":\"Deputado Adriano Jos\u00e9\",\"description\":\"Nosso trabalho \u00e9 pelas pessoas\",\"publisher\":{\"@id\":\"https:\\\/\\\/soldadoadrianojose.com.br\\\/#\\\/schema\\\/person\\\/16f8e8defb7a4bd6c6082efcd1bdb6bb\"},\"potentialAction\":[{\"@type\":\"SearchAction\",\"target\":{\"@type\":\"EntryPoint\",\"urlTemplate\":\"https:\\\/\\\/soldadoadrianojose.com.br\\\/?s={search_term_string}\"},\"query-input\":{\"@type\":\"PropertyValueSpecification\",\"valueRequired\":true,\"valueName\":\"search_term_string\"}}],\"inLanguage\":\"pt-BR\"},{\"@type\":[\"Person\",\"Organization\"],\"@id\":\"https:\\\/\\\/soldadoadrianojose.com.br\\\/#\\\/schema\\\/person\\\/16f8e8defb7a4bd6c6082efcd1bdb6bb\",\"name\":\"soldadoadrianojose\",\"image\":{\"@type\":\"ImageObject\",\"inLanguage\":\"pt-BR\",\"@id\":\"https:\\\/\\\/soldadoadrianojose.com.br\\\/wp-content\\\/uploads\\\/2023\\\/02\\\/LOGO_CLEAR-5.png\",\"url\":\"https:\\\/\\\/soldadoadrianojose.com.br\\\/wp-content\\\/uploads\\\/2023\\\/02\\\/LOGO_CLEAR-5.png\",\"contentUrl\":\"https:\\\/\\\/soldadoadrianojose.com.br\\\/wp-content\\\/uploads\\\/2023\\\/02\\\/LOGO_CLEAR-5.png\",\"width\":3508,\"height\":998,\"caption\":\"soldadoadrianojose\"},\"logo\":{\"@id\":\"https:\\\/\\\/soldadoadrianojose.com.br\\\/wp-content\\\/uploads\\\/2023\\\/02\\\/LOGO_CLEAR-5.png\"},\"sameAs\":[\"https:\\\/\\\/soldadoadrianojose.com.br\"],\"url\":\"https:\\\/\\\/soldadoadrianojose.com.br\\\/index.php\\\/author\\\/soldadoadrianojose\\\/\"}]}<\/script>\n<!-- \/ Yoast SEO plugin. -->","yoast_head_json":{"title":"Presidente da Comiss\u00e3o de Seguran\u00e7a p\u00fablica destaca import\u00e2ncia dos CONSEGs durante semin\u00e1rio em Curitiba - Deputado Adriano Jos\u00e9","robots":{"index":"index","follow":"follow","max-snippet":"max-snippet:-1","max-image-preview":"max-image-preview:large","max-video-preview":"max-video-preview:-1"},"canonical":"https:\/\/soldadoadrianojose.com.br\/index.php\/2023\/09\/21\/presidente-da-comissao-de-seguranca-publica-destaca-importancia-dos-consegs-durante-seminario-em-curitiba\/","og_locale":"pt_BR","og_type":"article","og_title":"Presidente da Comiss\u00e3o de Seguran\u00e7a p\u00fablica destaca import\u00e2ncia dos CONSEGs durante semin\u00e1rio em Curitiba - Deputado Adriano Jos\u00e9","og_description":"O deputado estadual Soldado Adriano Jos\u00e9, presidente da Comiss\u00e3o de Seguran\u00e7a P\u00fablica, participou na noite desta quarta-feira (20), representando a Alep, do Semin\u00e1rio para os Conselhos Comunit\u00e1rios de Seguran\u00e7a (CONSEG) sobre Seguran\u00e7a no Tr\u00e2nsito, realizado pela Secretaria da Seguran\u00e7a P\u00fablica do Paran\u00e1. O evento, que aconteceu na sede da Cidade da Pol\u00edcia em Curitiba, reuniu [&hellip;]","og_url":"https:\/\/soldadoadrianojose.com.br\/index.php\/2023\/09\/21\/presidente-da-comissao-de-seguranca-publica-destaca-importancia-dos-consegs-durante-seminario-em-curitiba\/","og_site_name":"Deputado Adriano Jos\u00e9","article_published_time":"2023-09-21T14:04:40+00:00","article_modified_time":"2023-09-21T15:22:14+00:00","og_image":[{"width":1600,"height":1066,"url":"https:\/\/soldadoadrianojose.com.br\/wp-content\/uploads\/2023\/09\/WhatsApp-Image-2023-09-21-at-10.47.51.jpeg","type":"image\/jpeg"}],"author":"soldadoadrianojose","twitter_card":"summary_large_image","twitter_misc":{"Escrito por":"soldadoadrianojose","Est. tempo de leitura":"3 minutos"},"schema":{"@context":"https:\/\/schema.org","@graph":[{"@type":"Article","@id":"https:\/\/soldadoadrianojose.com.br\/index.php\/2023\/09\/21\/presidente-da-comissao-de-seguranca-publica-destaca-importancia-dos-consegs-durante-seminario-em-curitiba\/#article","isPartOf":{"@id":"https:\/\/soldadoadrianojose.com.br\/index.php\/2023\/09\/21\/presidente-da-comissao-de-seguranca-publica-destaca-importancia-dos-consegs-durante-seminario-em-curitiba\/"},"author":{"name":"soldadoadrianojose","@id":"https:\/\/soldadoadrianojose.com.br\/#\/schema\/person\/16f8e8defb7a4bd6c6082efcd1bdb6bb"},"headline":"Presidente da Comiss\u00e3o de Seguran\u00e7a p\u00fablica destaca import\u00e2ncia dos CONSEGs durante semin\u00e1rio em Curitiba","datePublished":"2023-09-21T14:04:40+00:00","dateModified":"2023-09-21T15:22:14+00:00","mainEntityOfPage":{"@id":"https:\/\/soldadoadrianojose.com.br\/index.php\/2023\/09\/21\/presidente-da-comissao-de-seguranca-publica-destaca-importancia-dos-consegs-durante-seminario-em-curitiba\/"},"wordCount":330,"commentCount":0,"publisher":{"@id":"https:\/\/soldadoadrianojose.com.br\/#\/schema\/person\/16f8e8defb7a4bd6c6082efcd1bdb6bb"},"image":{"@id":"https:\/\/soldadoadrianojose.com.br\/index.php\/2023\/09\/21\/presidente-da-comissao-de-seguranca-publica-destaca-importancia-dos-consegs-durante-seminario-em-curitiba\/#primaryimage"},"thumbnailUrl":"https:\/\/soldadoadrianojose.com.br\/wp-content\/uploads\/2023\/09\/WhatsApp-Image-2023-09-21-at-10.47.51.jpeg","keywords":["seguranca no transito"],"articleSection":["GABINETE SD"],"inLanguage":"pt-BR","potentialAction":[{"@type":"CommentAction","name":"Comment","target":["https:\/\/soldadoadrianojose.com.br\/index.php\/2023\/09\/21\/presidente-da-comissao-de-seguranca-publica-destaca-importancia-dos-consegs-durante-seminario-em-curitiba\/#respond"]}]},{"@type":"WebPage","@id":"https:\/\/soldadoadrianojose.com.br\/index.php\/2023\/09\/21\/presidente-da-comissao-de-seguranca-publica-destaca-importancia-dos-consegs-durante-seminario-em-curitiba\/","url":"https:\/\/soldadoadrianojose.com.br\/index.php\/2023\/09\/21\/presidente-da-comissao-de-seguranca-publica-destaca-importancia-dos-consegs-durante-seminario-em-curitiba\/","name":"Presidente da Comiss\u00e3o de Seguran\u00e7a p\u00fablica destaca import\u00e2ncia dos CONSEGs durante semin\u00e1rio em Curitiba - Deputado Adriano Jos\u00e9","isPartOf":{"@id":"https:\/\/soldadoadrianojose.com.br\/#website"},"primaryImageOfPage":{"@id":"https:\/\/soldadoadrianojose.com.br\/index.php\/2023\/09\/21\/presidente-da-comissao-de-seguranca-publica-destaca-importancia-dos-consegs-durante-seminario-em-curitiba\/#primaryimage"},"image":{"@id":"https:\/\/soldadoadrianojose.com.br\/index.php\/2023\/09\/21\/presidente-da-comissao-de-seguranca-publica-destaca-importancia-dos-consegs-durante-seminario-em-curitiba\/#primaryimage"},"thumbnailUrl":"https:\/\/soldadoadrianojose.com.br\/wp-content\/uploads\/2023\/09\/WhatsApp-Image-2023-09-21-at-10.47.51.jpeg","datePublished":"2023-09-21T14:04:40+00:00","dateModified":"2023-09-21T15:22:14+00:00","breadcrumb":{"@id":"https:\/\/soldadoadrianojose.com.br\/index.php\/2023\/09\/21\/presidente-da-comissao-de-seguranca-publica-destaca-importancia-dos-consegs-durante-seminario-em-curitiba\/#breadcrumb"},"inLanguage":"pt-BR","potentialAction":[{"@type":"ReadAction","target":["https:\/\/soldadoadrianojose.com.br\/index.php\/2023\/09\/21\/presidente-da-comissao-de-seguranca-publica-destaca-importancia-dos-consegs-durante-seminario-em-curitiba\/"]}]},{"@type":"ImageObject","inLanguage":"pt-BR","@id":"https:\/\/soldadoadrianojose.com.br\/index.php\/2023\/09\/21\/presidente-da-comissao-de-seguranca-publica-destaca-importancia-dos-consegs-durante-seminario-em-curitiba\/#primaryimage","url":"https:\/\/soldadoadrianojose.com.br\/wp-content\/uploads\/2023\/09\/WhatsApp-Image-2023-09-21-at-10.47.51.jpeg","contentUrl":"https:\/\/soldadoadrianojose.com.br\/wp-content\/uploads\/2023\/09\/WhatsApp-Image-2023-09-21-at-10.47.51.jpeg","width":1600,"height":1066},{"@type":"BreadcrumbList","@id":"https:\/\/soldadoadrianojose.com.br\/index.php\/2023\/09\/21\/presidente-da-comissao-de-seguranca-publica-destaca-importancia-dos-consegs-durante-seminario-em-curitiba\/#breadcrumb","itemListElement":[{"@type":"ListItem","position":1,"name":"In\u00edcio","item":"https:\/\/soldadoadrianojose.com.br\/"},{"@type":"ListItem","position":2,"name":"Presidente da Comiss\u00e3o de Seguran\u00e7a p\u00fablica destaca import\u00e2ncia dos CONSEGs durante semin\u00e1rio em Curitiba"}]},{"@type":"WebSite","@id":"https:\/\/soldadoadrianojose.com.br\/#website","url":"https:\/\/soldadoadrianojose.com.br\/","name":"Deputado Adriano Jos\u00e9","description":"Nosso trabalho \u00e9 pelas pessoas","publisher":{"@id":"https:\/\/soldadoadrianojose.com.br\/#\/schema\/person\/16f8e8defb7a4bd6c6082efcd1bdb6bb"},"potentialAction":[{"@type":"SearchAction","target":{"@type":"EntryPoint","urlTemplate":"https:\/\/soldadoadrianojose.com.br\/?s={search_term_string}"},"query-input":{"@type":"PropertyValueSpecification","valueRequired":true,"valueName":"search_term_string"}}],"inLanguage":"pt-BR"},{"@type":["Person","Organization"],"@id":"https:\/\/soldadoadrianojose.com.br\/#\/schema\/person\/16f8e8defb7a4bd6c6082efcd1bdb6bb","name":"soldadoadrianojose","image":{"@type":"ImageObject","inLanguage":"pt-BR","@id":"https:\/\/soldadoadrianojose.com.br\/wp-content\/uploads\/2023\/02\/LOGO_CLEAR-5.png","url":"https:\/\/soldadoadrianojose.com.br\/wp-content\/uploads\/2023\/02\/LOGO_CLEAR-5.png","contentUrl":"https:\/\/soldadoadrianojose.com.br\/wp-content\/uploads\/2023\/02\/LOGO_CLEAR-5.png","width":3508,"height":998,"caption":"soldadoadrianojose"},"logo":{"@id":"https:\/\/soldadoadrianojose.com.br\/wp-content\/uploads\/2023\/02\/LOGO_CLEAR-5.png"},"sameAs":["https:\/\/soldadoadrianojose.com.br"],"url":"https:\/\/soldadoadrianojose.com.br\/index.php\/author\/soldadoadrianojose\/"}]}},"jetpack_featured_media_url":"https:\/\/soldadoadrianojose.com.br\/wp-content\/uploads\/2023\/09\/WhatsApp-Image-2023-09-21-at-10.47.51.jpeg","_links":{"self":[{"href":"https:\/\/soldadoadrianojose.com.br\/index.php\/wp-json\/wp\/v2\/posts\/1123","targetHints":{"allow":["GET"]}}],"collection":[{"href":"https:\/\/soldadoadrianojose.com.br\/index.php\/wp-json\/wp\/v2\/posts"}],"about":[{"href":"https:\/\/soldadoadrianojose.com.br\/index.php\/wp-json\/wp\/v2\/types\/post"}],"author":[{"embeddable":true,"href":"https:\/\/soldadoadrianojose.com.br\/index.php\/wp-json\/wp\/v2\/users\/1"}],"replies":[{"embeddable":true,"href":"https:\/\/soldadoadrianojose.com.br\/index.php\/wp-json\/wp\/v2\/comments?post=1123"}],"version-history":[{"count":2,"href":"https:\/\/soldadoadrianojose.com.br\/index.php\/wp-json\/wp\/v2\/posts\/1123\/revisions"}],"predecessor-version":[{"id":1132,"href":"https:\/\/soldadoadrianojose.com.br\/index.php\/wp-json\/wp\/v2\/posts\/1123\/revisions\/1132"}],"wp:featuredmedia":[{"embeddable":true,"href":"https:\/\/soldadoadrianojose.com.br\/index.php\/wp-json\/wp\/v2\/media\/1124"}],"wp:attachment":[{"href":"https:\/\/soldadoadrianojose.com.br\/index.php\/wp-json\/wp\/v2\/media?parent=1123"}],"wp:term":[{"taxonomy":"category","embeddable":true,"href":"https:\/\/soldadoadrianojose.com.br\/index.php\/wp-json\/wp\/v2\/categories?post=1123"},{"taxonomy":"post_tag","embeddable":true,"href":"https:\/\/soldadoadrianojose.com.br\/index.php\/wp-json\/wp\/v2\/tags?post=1123"}],"curies":[{"name":"wp","href":"https:\/\/api.w.org\/{rel}","templated":true}]}}