{"id":1134,"date":"2023-09-25T09:39:28","date_gmt":"2023-09-25T12:39:28","guid":{"rendered":"https:\/\/soldadoadrianojose.com.br\/?p=1134"},"modified":"2023-09-25T09:39:32","modified_gmt":"2023-09-25T12:39:32","slug":"prefeitura-de-sarandi-lanca-edital-de-concurso-com-226-vagas-em-94-cargos-inscricoes-comecam-hoje-25","status":"publish","type":"post","link":"https:\/\/soldadoadrianojose.com.br\/index.php\/2023\/09\/25\/prefeitura-de-sarandi-lanca-edital-de-concurso-com-226-vagas-em-94-cargos-inscricoes-comecam-hoje-25\/","title":{"rendered":"Prefeitura de Sarandi lan\u00e7a edital de concurso com 226 vagas em 94 cargos; inscri\u00e7\u00f5es come\u00e7am hoje 25"},"content":{"rendered":"\n<figure class=\"wp-block-image size-full\"><img fetchpriority=\"high\" decoding=\"async\" width=\"750\" height=\"750\" src=\"https:\/\/soldadoadrianojose.com.br\/wp-content\/uploads\/2023\/09\/cca.jpg\" alt=\"\" class=\"wp-image-1135\" srcset=\"https:\/\/soldadoadrianojose.com.br\/wp-content\/uploads\/2023\/09\/cca.jpg 750w, https:\/\/soldadoadrianojose.com.br\/wp-content\/uploads\/2023\/09\/cca-300x300.jpg 300w, https:\/\/soldadoadrianojose.com.br\/wp-content\/uploads\/2023\/09\/cca-150x150.jpg 150w\" sizes=\"(max-width: 750px) 100vw, 750px\" \/><figcaption class=\"wp-element-caption\"><em>Foto divulga\u00e7\u00e3o \/ PMS<\/em><\/figcaption><\/figure>\n\n\n\n<p>A Prefeitura de Sarandi lan\u00e7ou nesta ter\u00e7a, 19, o edital para realiza\u00e7\u00e3o de concurso p\u00fablico. S\u00e3o oferecidas 226 vagas distribu\u00eddas em 94 cargos. As inscri\u00e7\u00f5es ser\u00e3o realizadas entre os dias 25 de setembro e 24 de outubro. Os valores das taxas de inscri\u00e7\u00f5es variam, sendo de R$60 para n\u00edvel fundamental e m\u00e9dio, e R$120 para n\u00edvel superior. As solicita\u00e7\u00f5es de isen\u00e7\u00e3o da taxa de inscri\u00e7\u00e3o devem ser feitas nos dias 25 e 26 de setembro. O concurso ser\u00e1 realizado pelo Instituto de Educa\u00e7\u00e3o e Desenvolvimento Social Nosso Rumo.<\/p>\n\n\n\n<p>S\u00e3o cargos variados, direcionados para n\u00edveis fundamental e m\u00e9dio, com sal\u00e1rios iniciais de R$2,1 mil, e &nbsp;superior, com vencimentos iniciais de R$7,2 mil. Al\u00e9m disso, as cargas hor\u00e1rias variam entre 20 e 40 horas semanais, a depender do cargo selecionado. Entre os n\u00fameros j\u00e1 divulgados, est\u00e3o tamb\u00e9m incorporadas as vagas direcionadas para pessoas com defici\u00eancia (PcD) e cota racial.<\/p>\n\n\n\n<p>Por conta da demanda, os profissionais aprovados em cargos para \u00e1rea da educa\u00e7\u00e3o e sa\u00fade devem ser convocados ainda nos primeiros meses de 2024. Entretanto, o prazo para convoca\u00e7\u00e3o dos novos servidores \u00e9 de at\u00e9 dois anos, podendo ser prorrogado por igual prazo. As informa\u00e7\u00f5es sobre as pr\u00f3ximas etapas da sele\u00e7\u00e3o est\u00e3o dispon\u00edveis no edital\u00a0<a href=\"https:\/\/www.nossorumo.org.br\/View\/Concurso\/?id=442#home\" target=\"_blank\" rel=\"noreferrer noopener\">(clique aqui e acesse o edital)<\/a>. As datas e locais de prova devem ser divulgados nos pr\u00f3ximos meses. \u00a0<\/p>\n\n\n\n<p>Por <a href=\"http:\/\/www.sarandi.pr.gov.br\/web\/index.php\/noticias\/item\/prefeitura-de-sarandi-lanca-edital-de-concurso-com-226-vagas-em-94-cargos-inscricoes-comecam-dia-25\">PMS<\/a><\/p>\n","protected":false},"excerpt":{"rendered":"<p>A Prefeitura de Sarandi lan\u00e7ou nesta ter\u00e7a, 19, o edital para realiza\u00e7\u00e3o de concurso p\u00fablico. S\u00e3o oferecidas 226 vagas distribu\u00eddas em 94 cargos. As inscri\u00e7\u00f5es ser\u00e3o realizadas entre os dias 25 de setembro e 24 de outubro. Os valores das taxas de inscri\u00e7\u00f5es variam, sendo de R$60 para n\u00edvel fundamental e m\u00e9dio, e R$120 para [&hellip;]<\/p>\n","protected":false},"author":1,"featured_media":1135,"comment_status":"open","ping_status":"open","sticky":false,"template":"","format":"standard","meta":{"footnotes":""},"categories":[1],"tags":[],"class_list":["post-1134","post","type-post","status-publish","format-standard","has-post-thumbnail","hentry","category-gabinete-sd"],"yoast_head":"<!-- This site is optimized with the Yoast SEO plugin v27.4 - https:\/\/yoast.com\/product\/yoast-seo-wordpress\/ -->\n<title>Prefeitura de Sarandi lan\u00e7a edital de concurso com 226 vagas em 94 cargos; inscri\u00e7\u00f5es come\u00e7am hoje 25 - Deputado Adriano Jos\u00e9<\/title>\n<meta name=\"robots\" content=\"index, follow, max-snippet:-1, max-image-preview:large, max-video-preview:-1\" \/>\n<link rel=\"canonical\" href=\"https:\/\/soldadoadrianojose.com.br\/index.php\/2023\/09\/25\/prefeitura-de-sarandi-lanca-edital-de-concurso-com-226-vagas-em-94-cargos-inscricoes-comecam-hoje-25\/\" \/>\n<meta property=\"og:locale\" content=\"pt_BR\" \/>\n<meta property=\"og:type\" content=\"article\" \/>\n<meta property=\"og:title\" content=\"Prefeitura de Sarandi lan\u00e7a edital de concurso com 226 vagas em 94 cargos; inscri\u00e7\u00f5es come\u00e7am hoje 25 - Deputado Adriano Jos\u00e9\" \/>\n<meta property=\"og:description\" content=\"A Prefeitura de Sarandi lan\u00e7ou nesta ter\u00e7a, 19, o edital para realiza\u00e7\u00e3o de concurso p\u00fablico. S\u00e3o oferecidas 226 vagas distribu\u00eddas em 94 cargos. As inscri\u00e7\u00f5es ser\u00e3o realizadas entre os dias 25 de setembro e 24 de outubro. Os valores das taxas de inscri\u00e7\u00f5es variam, sendo de R$60 para n\u00edvel fundamental e m\u00e9dio, e R$120 para [&hellip;]\" \/>\n<meta property=\"og:url\" content=\"https:\/\/soldadoadrianojose.com.br\/index.php\/2023\/09\/25\/prefeitura-de-sarandi-lanca-edital-de-concurso-com-226-vagas-em-94-cargos-inscricoes-comecam-hoje-25\/\" \/>\n<meta property=\"og:site_name\" content=\"Deputado Adriano Jos\u00e9\" \/>\n<meta property=\"article:published_time\" content=\"2023-09-25T12:39:28+00:00\" \/>\n<meta property=\"article:modified_time\" content=\"2023-09-25T12:39:32+00:00\" \/>\n<meta property=\"og:image\" content=\"https:\/\/soldadoadrianojose.com.br\/wp-content\/uploads\/2023\/09\/cca.jpg\" \/>\n\t<meta property=\"og:image:width\" content=\"750\" \/>\n\t<meta property=\"og:image:height\" content=\"750\" \/>\n\t<meta property=\"og:image:type\" content=\"image\/jpeg\" \/>\n<meta name=\"author\" content=\"soldadoadrianojose\" \/>\n<meta name=\"twitter:card\" content=\"summary_large_image\" \/>\n<meta name=\"twitter:label1\" content=\"Escrito por\" \/>\n\t<meta name=\"twitter:data1\" content=\"soldadoadrianojose\" \/>\n\t<meta name=\"twitter:label2\" content=\"Est. tempo de leitura\" \/>\n\t<meta name=\"twitter:data2\" content=\"2 minutos\" \/>\n<script type=\"application\/ld+json\" class=\"yoast-schema-graph\">{\"@context\":\"https:\\\/\\\/schema.org\",\"@graph\":[{\"@type\":\"Article\",\"@id\":\"https:\\\/\\\/soldadoadrianojose.com.br\\\/index.php\\\/2023\\\/09\\\/25\\\/prefeitura-de-sarandi-lanca-edital-de-concurso-com-226-vagas-em-94-cargos-inscricoes-comecam-hoje-25\\\/#article\",\"isPartOf\":{\"@id\":\"https:\\\/\\\/soldadoadrianojose.com.br\\\/index.php\\\/2023\\\/09\\\/25\\\/prefeitura-de-sarandi-lanca-edital-de-concurso-com-226-vagas-em-94-cargos-inscricoes-comecam-hoje-25\\\/\"},\"author\":{\"name\":\"soldadoadrianojose\",\"@id\":\"https:\\\/\\\/soldadoadrianojose.com.br\\\/#\\\/schema\\\/person\\\/16f8e8defb7a4bd6c6082efcd1bdb6bb\"},\"headline\":\"Prefeitura de Sarandi lan\u00e7a edital de concurso com 226 vagas em 94 cargos; inscri\u00e7\u00f5es come\u00e7am hoje 25\",\"datePublished\":\"2023-09-25T12:39:28+00:00\",\"dateModified\":\"2023-09-25T12:39:32+00:00\",\"mainEntityOfPage\":{\"@id\":\"https:\\\/\\\/soldadoadrianojose.com.br\\\/index.php\\\/2023\\\/09\\\/25\\\/prefeitura-de-sarandi-lanca-edital-de-concurso-com-226-vagas-em-94-cargos-inscricoes-comecam-hoje-25\\\/\"},\"wordCount\":268,\"commentCount\":0,\"publisher\":{\"@id\":\"https:\\\/\\\/soldadoadrianojose.com.br\\\/#\\\/schema\\\/person\\\/16f8e8defb7a4bd6c6082efcd1bdb6bb\"},\"image\":{\"@id\":\"https:\\\/\\\/soldadoadrianojose.com.br\\\/index.php\\\/2023\\\/09\\\/25\\\/prefeitura-de-sarandi-lanca-edital-de-concurso-com-226-vagas-em-94-cargos-inscricoes-comecam-hoje-25\\\/#primaryimage\"},\"thumbnailUrl\":\"https:\\\/\\\/soldadoadrianojose.com.br\\\/wp-content\\\/uploads\\\/2023\\\/09\\\/cca.jpg\",\"articleSection\":[\"GABINETE SD\"],\"inLanguage\":\"pt-BR\",\"potentialAction\":[{\"@type\":\"CommentAction\",\"name\":\"Comment\",\"target\":[\"https:\\\/\\\/soldadoadrianojose.com.br\\\/index.php\\\/2023\\\/09\\\/25\\\/prefeitura-de-sarandi-lanca-edital-de-concurso-com-226-vagas-em-94-cargos-inscricoes-comecam-hoje-25\\\/#respond\"]}]},{\"@type\":\"WebPage\",\"@id\":\"https:\\\/\\\/soldadoadrianojose.com.br\\\/index.php\\\/2023\\\/09\\\/25\\\/prefeitura-de-sarandi-lanca-edital-de-concurso-com-226-vagas-em-94-cargos-inscricoes-comecam-hoje-25\\\/\",\"url\":\"https:\\\/\\\/soldadoadrianojose.com.br\\\/index.php\\\/2023\\\/09\\\/25\\\/prefeitura-de-sarandi-lanca-edital-de-concurso-com-226-vagas-em-94-cargos-inscricoes-comecam-hoje-25\\\/\",\"name\":\"Prefeitura de Sarandi lan\u00e7a edital de concurso com 226 vagas em 94 cargos; inscri\u00e7\u00f5es come\u00e7am hoje 25 - Deputado Adriano Jos\u00e9\",\"isPartOf\":{\"@id\":\"https:\\\/\\\/soldadoadrianojose.com.br\\\/#website\"},\"primaryImageOfPage\":{\"@id\":\"https:\\\/\\\/soldadoadrianojose.com.br\\\/index.php\\\/2023\\\/09\\\/25\\\/prefeitura-de-sarandi-lanca-edital-de-concurso-com-226-vagas-em-94-cargos-inscricoes-comecam-hoje-25\\\/#primaryimage\"},\"image\":{\"@id\":\"https:\\\/\\\/soldadoadrianojose.com.br\\\/index.php\\\/2023\\\/09\\\/25\\\/prefeitura-de-sarandi-lanca-edital-de-concurso-com-226-vagas-em-94-cargos-inscricoes-comecam-hoje-25\\\/#primaryimage\"},\"thumbnailUrl\":\"https:\\\/\\\/soldadoadrianojose.com.br\\\/wp-content\\\/uploads\\\/2023\\\/09\\\/cca.jpg\",\"datePublished\":\"2023-09-25T12:39:28+00:00\",\"dateModified\":\"2023-09-25T12:39:32+00:00\",\"breadcrumb\":{\"@id\":\"https:\\\/\\\/soldadoadrianojose.com.br\\\/index.php\\\/2023\\\/09\\\/25\\\/prefeitura-de-sarandi-lanca-edital-de-concurso-com-226-vagas-em-94-cargos-inscricoes-comecam-hoje-25\\\/#breadcrumb\"},\"inLanguage\":\"pt-BR\",\"potentialAction\":[{\"@type\":\"ReadAction\",\"target\":[\"https:\\\/\\\/soldadoadrianojose.com.br\\\/index.php\\\/2023\\\/09\\\/25\\\/prefeitura-de-sarandi-lanca-edital-de-concurso-com-226-vagas-em-94-cargos-inscricoes-comecam-hoje-25\\\/\"]}]},{\"@type\":\"ImageObject\",\"inLanguage\":\"pt-BR\",\"@id\":\"https:\\\/\\\/soldadoadrianojose.com.br\\\/index.php\\\/2023\\\/09\\\/25\\\/prefeitura-de-sarandi-lanca-edital-de-concurso-com-226-vagas-em-94-cargos-inscricoes-comecam-hoje-25\\\/#primaryimage\",\"url\":\"https:\\\/\\\/soldadoadrianojose.com.br\\\/wp-content\\\/uploads\\\/2023\\\/09\\\/cca.jpg\",\"contentUrl\":\"https:\\\/\\\/soldadoadrianojose.com.br\\\/wp-content\\\/uploads\\\/2023\\\/09\\\/cca.jpg\",\"width\":750,\"height\":750},{\"@type\":\"BreadcrumbList\",\"@id\":\"https:\\\/\\\/soldadoadrianojose.com.br\\\/index.php\\\/2023\\\/09\\\/25\\\/prefeitura-de-sarandi-lanca-edital-de-concurso-com-226-vagas-em-94-cargos-inscricoes-comecam-hoje-25\\\/#breadcrumb\",\"itemListElement\":[{\"@type\":\"ListItem\",\"position\":1,\"name\":\"In\u00edcio\",\"item\":\"https:\\\/\\\/soldadoadrianojose.com.br\\\/\"},{\"@type\":\"ListItem\",\"position\":2,\"name\":\"Prefeitura de Sarandi lan\u00e7a edital de concurso com 226 vagas em 94 cargos; inscri\u00e7\u00f5es come\u00e7am hoje 25\"}]},{\"@type\":\"WebSite\",\"@id\":\"https:\\\/\\\/soldadoadrianojose.com.br\\\/#website\",\"url\":\"https:\\\/\\\/soldadoadrianojose.com.br\\\/\",\"name\":\"Deputado Adriano Jos\u00e9\",\"description\":\"Nosso trabalho \u00e9 pelas pessoas\",\"publisher\":{\"@id\":\"https:\\\/\\\/soldadoadrianojose.com.br\\\/#\\\/schema\\\/person\\\/16f8e8defb7a4bd6c6082efcd1bdb6bb\"},\"potentialAction\":[{\"@type\":\"SearchAction\",\"target\":{\"@type\":\"EntryPoint\",\"urlTemplate\":\"https:\\\/\\\/soldadoadrianojose.com.br\\\/?s={search_term_string}\"},\"query-input\":{\"@type\":\"PropertyValueSpecification\",\"valueRequired\":true,\"valueName\":\"search_term_string\"}}],\"inLanguage\":\"pt-BR\"},{\"@type\":[\"Person\",\"Organization\"],\"@id\":\"https:\\\/\\\/soldadoadrianojose.com.br\\\/#\\\/schema\\\/person\\\/16f8e8defb7a4bd6c6082efcd1bdb6bb\",\"name\":\"soldadoadrianojose\",\"image\":{\"@type\":\"ImageObject\",\"inLanguage\":\"pt-BR\",\"@id\":\"https:\\\/\\\/soldadoadrianojose.com.br\\\/wp-content\\\/uploads\\\/2023\\\/02\\\/LOGO_CLEAR-5.png\",\"url\":\"https:\\\/\\\/soldadoadrianojose.com.br\\\/wp-content\\\/uploads\\\/2023\\\/02\\\/LOGO_CLEAR-5.png\",\"contentUrl\":\"https:\\\/\\\/soldadoadrianojose.com.br\\\/wp-content\\\/uploads\\\/2023\\\/02\\\/LOGO_CLEAR-5.png\",\"width\":3508,\"height\":998,\"caption\":\"soldadoadrianojose\"},\"logo\":{\"@id\":\"https:\\\/\\\/soldadoadrianojose.com.br\\\/wp-content\\\/uploads\\\/2023\\\/02\\\/LOGO_CLEAR-5.png\"},\"sameAs\":[\"https:\\\/\\\/soldadoadrianojose.com.br\"],\"url\":\"https:\\\/\\\/soldadoadrianojose.com.br\\\/index.php\\\/author\\\/soldadoadrianojose\\\/\"}]}<\/script>\n<!-- \/ Yoast SEO plugin. -->","yoast_head_json":{"title":"Prefeitura de Sarandi lan\u00e7a edital de concurso com 226 vagas em 94 cargos; inscri\u00e7\u00f5es come\u00e7am hoje 25 - Deputado Adriano Jos\u00e9","robots":{"index":"index","follow":"follow","max-snippet":"max-snippet:-1","max-image-preview":"max-image-preview:large","max-video-preview":"max-video-preview:-1"},"canonical":"https:\/\/soldadoadrianojose.com.br\/index.php\/2023\/09\/25\/prefeitura-de-sarandi-lanca-edital-de-concurso-com-226-vagas-em-94-cargos-inscricoes-comecam-hoje-25\/","og_locale":"pt_BR","og_type":"article","og_title":"Prefeitura de Sarandi lan\u00e7a edital de concurso com 226 vagas em 94 cargos; inscri\u00e7\u00f5es come\u00e7am hoje 25 - Deputado Adriano Jos\u00e9","og_description":"A Prefeitura de Sarandi lan\u00e7ou nesta ter\u00e7a, 19, o edital para realiza\u00e7\u00e3o de concurso p\u00fablico. S\u00e3o oferecidas 226 vagas distribu\u00eddas em 94 cargos. As inscri\u00e7\u00f5es ser\u00e3o realizadas entre os dias 25 de setembro e 24 de outubro. Os valores das taxas de inscri\u00e7\u00f5es variam, sendo de R$60 para n\u00edvel fundamental e m\u00e9dio, e R$120 para [&hellip;]","og_url":"https:\/\/soldadoadrianojose.com.br\/index.php\/2023\/09\/25\/prefeitura-de-sarandi-lanca-edital-de-concurso-com-226-vagas-em-94-cargos-inscricoes-comecam-hoje-25\/","og_site_name":"Deputado Adriano Jos\u00e9","article_published_time":"2023-09-25T12:39:28+00:00","article_modified_time":"2023-09-25T12:39:32+00:00","og_image":[{"width":750,"height":750,"url":"https:\/\/soldadoadrianojose.com.br\/wp-content\/uploads\/2023\/09\/cca.jpg","type":"image\/jpeg"}],"author":"soldadoadrianojose","twitter_card":"summary_large_image","twitter_misc":{"Escrito por":"soldadoadrianojose","Est. tempo de leitura":"2 minutos"},"schema":{"@context":"https:\/\/schema.org","@graph":[{"@type":"Article","@id":"https:\/\/soldadoadrianojose.com.br\/index.php\/2023\/09\/25\/prefeitura-de-sarandi-lanca-edital-de-concurso-com-226-vagas-em-94-cargos-inscricoes-comecam-hoje-25\/#article","isPartOf":{"@id":"https:\/\/soldadoadrianojose.com.br\/index.php\/2023\/09\/25\/prefeitura-de-sarandi-lanca-edital-de-concurso-com-226-vagas-em-94-cargos-inscricoes-comecam-hoje-25\/"},"author":{"name":"soldadoadrianojose","@id":"https:\/\/soldadoadrianojose.com.br\/#\/schema\/person\/16f8e8defb7a4bd6c6082efcd1bdb6bb"},"headline":"Prefeitura de Sarandi lan\u00e7a edital de concurso com 226 vagas em 94 cargos; inscri\u00e7\u00f5es come\u00e7am hoje 25","datePublished":"2023-09-25T12:39:28+00:00","dateModified":"2023-09-25T12:39:32+00:00","mainEntityOfPage":{"@id":"https:\/\/soldadoadrianojose.com.br\/index.php\/2023\/09\/25\/prefeitura-de-sarandi-lanca-edital-de-concurso-com-226-vagas-em-94-cargos-inscricoes-comecam-hoje-25\/"},"wordCount":268,"commentCount":0,"publisher":{"@id":"https:\/\/soldadoadrianojose.com.br\/#\/schema\/person\/16f8e8defb7a4bd6c6082efcd1bdb6bb"},"image":{"@id":"https:\/\/soldadoadrianojose.com.br\/index.php\/2023\/09\/25\/prefeitura-de-sarandi-lanca-edital-de-concurso-com-226-vagas-em-94-cargos-inscricoes-comecam-hoje-25\/#primaryimage"},"thumbnailUrl":"https:\/\/soldadoadrianojose.com.br\/wp-content\/uploads\/2023\/09\/cca.jpg","articleSection":["GABINETE SD"],"inLanguage":"pt-BR","potentialAction":[{"@type":"CommentAction","name":"Comment","target":["https:\/\/soldadoadrianojose.com.br\/index.php\/2023\/09\/25\/prefeitura-de-sarandi-lanca-edital-de-concurso-com-226-vagas-em-94-cargos-inscricoes-comecam-hoje-25\/#respond"]}]},{"@type":"WebPage","@id":"https:\/\/soldadoadrianojose.com.br\/index.php\/2023\/09\/25\/prefeitura-de-sarandi-lanca-edital-de-concurso-com-226-vagas-em-94-cargos-inscricoes-comecam-hoje-25\/","url":"https:\/\/soldadoadrianojose.com.br\/index.php\/2023\/09\/25\/prefeitura-de-sarandi-lanca-edital-de-concurso-com-226-vagas-em-94-cargos-inscricoes-comecam-hoje-25\/","name":"Prefeitura de Sarandi lan\u00e7a edital de concurso com 226 vagas em 94 cargos; inscri\u00e7\u00f5es come\u00e7am hoje 25 - Deputado Adriano Jos\u00e9","isPartOf":{"@id":"https:\/\/soldadoadrianojose.com.br\/#website"},"primaryImageOfPage":{"@id":"https:\/\/soldadoadrianojose.com.br\/index.php\/2023\/09\/25\/prefeitura-de-sarandi-lanca-edital-de-concurso-com-226-vagas-em-94-cargos-inscricoes-comecam-hoje-25\/#primaryimage"},"image":{"@id":"https:\/\/soldadoadrianojose.com.br\/index.php\/2023\/09\/25\/prefeitura-de-sarandi-lanca-edital-de-concurso-com-226-vagas-em-94-cargos-inscricoes-comecam-hoje-25\/#primaryimage"},"thumbnailUrl":"https:\/\/soldadoadrianojose.com.br\/wp-content\/uploads\/2023\/09\/cca.jpg","datePublished":"2023-09-25T12:39:28+00:00","dateModified":"2023-09-25T12:39:32+00:00","breadcrumb":{"@id":"https:\/\/soldadoadrianojose.com.br\/index.php\/2023\/09\/25\/prefeitura-de-sarandi-lanca-edital-de-concurso-com-226-vagas-em-94-cargos-inscricoes-comecam-hoje-25\/#breadcrumb"},"inLanguage":"pt-BR","potentialAction":[{"@type":"ReadAction","target":["https:\/\/soldadoadrianojose.com.br\/index.php\/2023\/09\/25\/prefeitura-de-sarandi-lanca-edital-de-concurso-com-226-vagas-em-94-cargos-inscricoes-comecam-hoje-25\/"]}]},{"@type":"ImageObject","inLanguage":"pt-BR","@id":"https:\/\/soldadoadrianojose.com.br\/index.php\/2023\/09\/25\/prefeitura-de-sarandi-lanca-edital-de-concurso-com-226-vagas-em-94-cargos-inscricoes-comecam-hoje-25\/#primaryimage","url":"https:\/\/soldadoadrianojose.com.br\/wp-content\/uploads\/2023\/09\/cca.jpg","contentUrl":"https:\/\/soldadoadrianojose.com.br\/wp-content\/uploads\/2023\/09\/cca.jpg","width":750,"height":750},{"@type":"BreadcrumbList","@id":"https:\/\/soldadoadrianojose.com.br\/index.php\/2023\/09\/25\/prefeitura-de-sarandi-lanca-edital-de-concurso-com-226-vagas-em-94-cargos-inscricoes-comecam-hoje-25\/#breadcrumb","itemListElement":[{"@type":"ListItem","position":1,"name":"In\u00edcio","item":"https:\/\/soldadoadrianojose.com.br\/"},{"@type":"ListItem","position":2,"name":"Prefeitura de Sarandi lan\u00e7a edital de concurso com 226 vagas em 94 cargos; inscri\u00e7\u00f5es come\u00e7am hoje 25"}]},{"@type":"WebSite","@id":"https:\/\/soldadoadrianojose.com.br\/#website","url":"https:\/\/soldadoadrianojose.com.br\/","name":"Deputado Adriano Jos\u00e9","description":"Nosso trabalho \u00e9 pelas pessoas","publisher":{"@id":"https:\/\/soldadoadrianojose.com.br\/#\/schema\/person\/16f8e8defb7a4bd6c6082efcd1bdb6bb"},"potentialAction":[{"@type":"SearchAction","target":{"@type":"EntryPoint","urlTemplate":"https:\/\/soldadoadrianojose.com.br\/?s={search_term_string}"},"query-input":{"@type":"PropertyValueSpecification","valueRequired":true,"valueName":"search_term_string"}}],"inLanguage":"pt-BR"},{"@type":["Person","Organization"],"@id":"https:\/\/soldadoadrianojose.com.br\/#\/schema\/person\/16f8e8defb7a4bd6c6082efcd1bdb6bb","name":"soldadoadrianojose","image":{"@type":"ImageObject","inLanguage":"pt-BR","@id":"https:\/\/soldadoadrianojose.com.br\/wp-content\/uploads\/2023\/02\/LOGO_CLEAR-5.png","url":"https:\/\/soldadoadrianojose.com.br\/wp-content\/uploads\/2023\/02\/LOGO_CLEAR-5.png","contentUrl":"https:\/\/soldadoadrianojose.com.br\/wp-content\/uploads\/2023\/02\/LOGO_CLEAR-5.png","width":3508,"height":998,"caption":"soldadoadrianojose"},"logo":{"@id":"https:\/\/soldadoadrianojose.com.br\/wp-content\/uploads\/2023\/02\/LOGO_CLEAR-5.png"},"sameAs":["https:\/\/soldadoadrianojose.com.br"],"url":"https:\/\/soldadoadrianojose.com.br\/index.php\/author\/soldadoadrianojose\/"}]}},"jetpack_featured_media_url":"https:\/\/soldadoadrianojose.com.br\/wp-content\/uploads\/2023\/09\/cca.jpg","_links":{"self":[{"href":"https:\/\/soldadoadrianojose.com.br\/index.php\/wp-json\/wp\/v2\/posts\/1134","targetHints":{"allow":["GET"]}}],"collection":[{"href":"https:\/\/soldadoadrianojose.com.br\/index.php\/wp-json\/wp\/v2\/posts"}],"about":[{"href":"https:\/\/soldadoadrianojose.com.br\/index.php\/wp-json\/wp\/v2\/types\/post"}],"author":[{"embeddable":true,"href":"https:\/\/soldadoadrianojose.com.br\/index.php\/wp-json\/wp\/v2\/users\/1"}],"replies":[{"embeddable":true,"href":"https:\/\/soldadoadrianojose.com.br\/index.php\/wp-json\/wp\/v2\/comments?post=1134"}],"version-history":[{"count":1,"href":"https:\/\/soldadoadrianojose.com.br\/index.php\/wp-json\/wp\/v2\/posts\/1134\/revisions"}],"predecessor-version":[{"id":1136,"href":"https:\/\/soldadoadrianojose.com.br\/index.php\/wp-json\/wp\/v2\/posts\/1134\/revisions\/1136"}],"wp:featuredmedia":[{"embeddable":true,"href":"https:\/\/soldadoadrianojose.com.br\/index.php\/wp-json\/wp\/v2\/media\/1135"}],"wp:attachment":[{"href":"https:\/\/soldadoadrianojose.com.br\/index.php\/wp-json\/wp\/v2\/media?parent=1134"}],"wp:term":[{"taxonomy":"category","embeddable":true,"href":"https:\/\/soldadoadrianojose.com.br\/index.php\/wp-json\/wp\/v2\/categories?post=1134"},{"taxonomy":"post_tag","embeddable":true,"href":"https:\/\/soldadoadrianojose.com.br\/index.php\/wp-json\/wp\/v2\/tags?post=1134"}],"curies":[{"name":"wp","href":"https:\/\/api.w.org\/{rel}","templated":true}]}}