{"id":1137,"date":"2023-09-25T10:39:42","date_gmt":"2023-09-25T13:39:42","guid":{"rendered":"https:\/\/soldadoadrianojose.com.br\/?p=1137"},"modified":"2023-09-25T10:39:47","modified_gmt":"2023-09-25T13:39:47","slug":"projeto-de-lei-propoe-a-criacao-do-dia-da-parada-do-orgulho-da-familia-no-parana","status":"publish","type":"post","link":"https:\/\/soldadoadrianojose.com.br\/index.php\/2023\/09\/25\/projeto-de-lei-propoe-a-criacao-do-dia-da-parada-do-orgulho-da-familia-no-parana\/","title":{"rendered":"Projeto de Lei prop\u00f5e a cria\u00e7\u00e3o do Dia da Parada do Orgulho da Fam\u00edlia no Paran\u00e1"},"content":{"rendered":"\n<figure class=\"wp-block-image size-full\"><img fetchpriority=\"high\" decoding=\"async\" width=\"750\" height=\"750\" src=\"https:\/\/soldadoadrianojose.com.br\/wp-content\/uploads\/2023\/09\/dep.jpg\" alt=\"\" class=\"wp-image-1138\" srcset=\"https:\/\/soldadoadrianojose.com.br\/wp-content\/uploads\/2023\/09\/dep.jpg 750w, https:\/\/soldadoadrianojose.com.br\/wp-content\/uploads\/2023\/09\/dep-300x300.jpg 300w, https:\/\/soldadoadrianojose.com.br\/wp-content\/uploads\/2023\/09\/dep-150x150.jpg 150w\" sizes=\"(max-width: 750px) 100vw, 750px\" \/><figcaption class=\"wp-element-caption\"><em>Foto divulga\u00e7\u00e3o<\/em><\/figcaption><\/figure>\n\n\n\n<p>O deputado estadual Soldado Adriano Jos\u00e9 apresentou na Assembleia Legislativa do Paran\u00e1 um projeto de lei que institui o Dia da Parada do Orgulho da Fam\u00edlia no calend\u00e1rio oficial de eventos do Estado. A data sugerida \u00e9 o dia 8 de dezembro, quando se comemora o Dia Nacional da Fam\u00edlia.<\/p>\n\n\n\n<p>De acordo com a justificativa do parlamentar, o objetivo \u00e9 criar um dia dedicado \u00e0 valoriza\u00e7\u00e3o e ao fortalecimento da fam\u00edlia, considerada a base da sociedade.<\/p>\n\n\n\n<p>&#8220;Vivemos um momento muito delicado da nossa hist\u00f3ria, havendo um claro e organizado movimento de enfraquecimento e desconstru\u00e7\u00e3o dos valores das fam\u00edlias. Assim, nada mais apropriado do que ter um dia voltado \u00e0 reflex\u00e3o sobre essa tem\u00e1tica&#8221;, afirmou.<\/p>\n\n\n\n<p>Adriano Jos\u00e9 destacou ainda a import\u00e2ncia de criar oportunidades para que as fam\u00edlias se re\u00fanam, compartilhem experi\u00eancias e fortale\u00e7am os la\u00e7os afetivos.<\/p>\n\n\n\n<p>&#8220;A promo\u00e7\u00e3o do orgulho das fam\u00edlias \u00e9 essencial para fortalecer os v\u00ednculos familiares e criar ambientes seguros e amorosos para todas as crian\u00e7as e adultos\u201d, disse.<\/p>\n\n\n\n<p>O projeto de lei segue agora para an\u00e1lise das comiss\u00f5es tem\u00e1ticas da Assembleia antes de ser votado pelos deputados em plen\u00e1rio.<\/p>\n","protected":false},"excerpt":{"rendered":"<p>O deputado estadual Soldado Adriano Jos\u00e9 apresentou na Assembleia Legislativa do Paran\u00e1 um projeto de lei que institui o Dia da Parada do Orgulho da Fam\u00edlia no calend\u00e1rio oficial de eventos do Estado. A data sugerida \u00e9 o dia 8 de dezembro, quando se comemora o Dia Nacional da Fam\u00edlia. De acordo com a justificativa [&hellip;]<\/p>\n","protected":false},"author":1,"featured_media":1138,"comment_status":"open","ping_status":"open","sticky":false,"template":"","format":"standard","meta":{"footnotes":""},"categories":[1],"tags":[],"class_list":["post-1137","post","type-post","status-publish","format-standard","has-post-thumbnail","hentry","category-gabinete-sd"],"yoast_head":"<!-- This site is optimized with the Yoast SEO plugin v27.4 - https:\/\/yoast.com\/product\/yoast-seo-wordpress\/ -->\n<title>Projeto de Lei prop\u00f5e a cria\u00e7\u00e3o do Dia da Parada do Orgulho da Fam\u00edlia no Paran\u00e1 - Deputado Adriano Jos\u00e9<\/title>\n<meta name=\"robots\" content=\"index, follow, max-snippet:-1, max-image-preview:large, max-video-preview:-1\" \/>\n<link rel=\"canonical\" href=\"https:\/\/soldadoadrianojose.com.br\/index.php\/2023\/09\/25\/projeto-de-lei-propoe-a-criacao-do-dia-da-parada-do-orgulho-da-familia-no-parana\/\" \/>\n<meta property=\"og:locale\" content=\"pt_BR\" \/>\n<meta property=\"og:type\" content=\"article\" \/>\n<meta property=\"og:title\" content=\"Projeto de Lei prop\u00f5e a cria\u00e7\u00e3o do Dia da Parada do Orgulho da Fam\u00edlia no Paran\u00e1 - Deputado Adriano Jos\u00e9\" \/>\n<meta property=\"og:description\" content=\"O deputado estadual Soldado Adriano Jos\u00e9 apresentou na Assembleia Legislativa do Paran\u00e1 um projeto de lei que institui o Dia da Parada do Orgulho da Fam\u00edlia no calend\u00e1rio oficial de eventos do Estado. A data sugerida \u00e9 o dia 8 de dezembro, quando se comemora o Dia Nacional da Fam\u00edlia. De acordo com a justificativa [&hellip;]\" \/>\n<meta property=\"og:url\" content=\"https:\/\/soldadoadrianojose.com.br\/index.php\/2023\/09\/25\/projeto-de-lei-propoe-a-criacao-do-dia-da-parada-do-orgulho-da-familia-no-parana\/\" \/>\n<meta property=\"og:site_name\" content=\"Deputado Adriano Jos\u00e9\" \/>\n<meta property=\"article:published_time\" content=\"2023-09-25T13:39:42+00:00\" \/>\n<meta property=\"article:modified_time\" content=\"2023-09-25T13:39:47+00:00\" \/>\n<meta property=\"og:image\" content=\"https:\/\/soldadoadrianojose.com.br\/wp-content\/uploads\/2023\/09\/dep.jpg\" \/>\n\t<meta property=\"og:image:width\" content=\"750\" \/>\n\t<meta property=\"og:image:height\" content=\"750\" \/>\n\t<meta property=\"og:image:type\" content=\"image\/jpeg\" \/>\n<meta name=\"author\" content=\"soldadoadrianojose\" \/>\n<meta name=\"twitter:card\" content=\"summary_large_image\" \/>\n<meta name=\"twitter:label1\" content=\"Escrito por\" \/>\n\t<meta name=\"twitter:data1\" content=\"soldadoadrianojose\" \/>\n\t<meta name=\"twitter:label2\" content=\"Est. tempo de leitura\" \/>\n\t<meta name=\"twitter:data2\" content=\"2 minutos\" \/>\n<script type=\"application\/ld+json\" class=\"yoast-schema-graph\">{\"@context\":\"https:\\\/\\\/schema.org\",\"@graph\":[{\"@type\":\"Article\",\"@id\":\"https:\\\/\\\/soldadoadrianojose.com.br\\\/index.php\\\/2023\\\/09\\\/25\\\/projeto-de-lei-propoe-a-criacao-do-dia-da-parada-do-orgulho-da-familia-no-parana\\\/#article\",\"isPartOf\":{\"@id\":\"https:\\\/\\\/soldadoadrianojose.com.br\\\/index.php\\\/2023\\\/09\\\/25\\\/projeto-de-lei-propoe-a-criacao-do-dia-da-parada-do-orgulho-da-familia-no-parana\\\/\"},\"author\":{\"name\":\"soldadoadrianojose\",\"@id\":\"https:\\\/\\\/soldadoadrianojose.com.br\\\/#\\\/schema\\\/person\\\/16f8e8defb7a4bd6c6082efcd1bdb6bb\"},\"headline\":\"Projeto de Lei prop\u00f5e a cria\u00e7\u00e3o do Dia da Parada do Orgulho da Fam\u00edlia no Paran\u00e1\",\"datePublished\":\"2023-09-25T13:39:42+00:00\",\"dateModified\":\"2023-09-25T13:39:47+00:00\",\"mainEntityOfPage\":{\"@id\":\"https:\\\/\\\/soldadoadrianojose.com.br\\\/index.php\\\/2023\\\/09\\\/25\\\/projeto-de-lei-propoe-a-criacao-do-dia-da-parada-do-orgulho-da-familia-no-parana\\\/\"},\"wordCount\":223,\"commentCount\":0,\"publisher\":{\"@id\":\"https:\\\/\\\/soldadoadrianojose.com.br\\\/#\\\/schema\\\/person\\\/16f8e8defb7a4bd6c6082efcd1bdb6bb\"},\"image\":{\"@id\":\"https:\\\/\\\/soldadoadrianojose.com.br\\\/index.php\\\/2023\\\/09\\\/25\\\/projeto-de-lei-propoe-a-criacao-do-dia-da-parada-do-orgulho-da-familia-no-parana\\\/#primaryimage\"},\"thumbnailUrl\":\"https:\\\/\\\/soldadoadrianojose.com.br\\\/wp-content\\\/uploads\\\/2023\\\/09\\\/dep.jpg\",\"articleSection\":[\"GABINETE SD\"],\"inLanguage\":\"pt-BR\",\"potentialAction\":[{\"@type\":\"CommentAction\",\"name\":\"Comment\",\"target\":[\"https:\\\/\\\/soldadoadrianojose.com.br\\\/index.php\\\/2023\\\/09\\\/25\\\/projeto-de-lei-propoe-a-criacao-do-dia-da-parada-do-orgulho-da-familia-no-parana\\\/#respond\"]}]},{\"@type\":\"WebPage\",\"@id\":\"https:\\\/\\\/soldadoadrianojose.com.br\\\/index.php\\\/2023\\\/09\\\/25\\\/projeto-de-lei-propoe-a-criacao-do-dia-da-parada-do-orgulho-da-familia-no-parana\\\/\",\"url\":\"https:\\\/\\\/soldadoadrianojose.com.br\\\/index.php\\\/2023\\\/09\\\/25\\\/projeto-de-lei-propoe-a-criacao-do-dia-da-parada-do-orgulho-da-familia-no-parana\\\/\",\"name\":\"Projeto de Lei prop\u00f5e a cria\u00e7\u00e3o do Dia da Parada do Orgulho da Fam\u00edlia no Paran\u00e1 - Deputado Adriano Jos\u00e9\",\"isPartOf\":{\"@id\":\"https:\\\/\\\/soldadoadrianojose.com.br\\\/#website\"},\"primaryImageOfPage\":{\"@id\":\"https:\\\/\\\/soldadoadrianojose.com.br\\\/index.php\\\/2023\\\/09\\\/25\\\/projeto-de-lei-propoe-a-criacao-do-dia-da-parada-do-orgulho-da-familia-no-parana\\\/#primaryimage\"},\"image\":{\"@id\":\"https:\\\/\\\/soldadoadrianojose.com.br\\\/index.php\\\/2023\\\/09\\\/25\\\/projeto-de-lei-propoe-a-criacao-do-dia-da-parada-do-orgulho-da-familia-no-parana\\\/#primaryimage\"},\"thumbnailUrl\":\"https:\\\/\\\/soldadoadrianojose.com.br\\\/wp-content\\\/uploads\\\/2023\\\/09\\\/dep.jpg\",\"datePublished\":\"2023-09-25T13:39:42+00:00\",\"dateModified\":\"2023-09-25T13:39:47+00:00\",\"breadcrumb\":{\"@id\":\"https:\\\/\\\/soldadoadrianojose.com.br\\\/index.php\\\/2023\\\/09\\\/25\\\/projeto-de-lei-propoe-a-criacao-do-dia-da-parada-do-orgulho-da-familia-no-parana\\\/#breadcrumb\"},\"inLanguage\":\"pt-BR\",\"potentialAction\":[{\"@type\":\"ReadAction\",\"target\":[\"https:\\\/\\\/soldadoadrianojose.com.br\\\/index.php\\\/2023\\\/09\\\/25\\\/projeto-de-lei-propoe-a-criacao-do-dia-da-parada-do-orgulho-da-familia-no-parana\\\/\"]}]},{\"@type\":\"ImageObject\",\"inLanguage\":\"pt-BR\",\"@id\":\"https:\\\/\\\/soldadoadrianojose.com.br\\\/index.php\\\/2023\\\/09\\\/25\\\/projeto-de-lei-propoe-a-criacao-do-dia-da-parada-do-orgulho-da-familia-no-parana\\\/#primaryimage\",\"url\":\"https:\\\/\\\/soldadoadrianojose.com.br\\\/wp-content\\\/uploads\\\/2023\\\/09\\\/dep.jpg\",\"contentUrl\":\"https:\\\/\\\/soldadoadrianojose.com.br\\\/wp-content\\\/uploads\\\/2023\\\/09\\\/dep.jpg\",\"width\":750,\"height\":750},{\"@type\":\"BreadcrumbList\",\"@id\":\"https:\\\/\\\/soldadoadrianojose.com.br\\\/index.php\\\/2023\\\/09\\\/25\\\/projeto-de-lei-propoe-a-criacao-do-dia-da-parada-do-orgulho-da-familia-no-parana\\\/#breadcrumb\",\"itemListElement\":[{\"@type\":\"ListItem\",\"position\":1,\"name\":\"In\u00edcio\",\"item\":\"https:\\\/\\\/soldadoadrianojose.com.br\\\/\"},{\"@type\":\"ListItem\",\"position\":2,\"name\":\"Projeto de Lei prop\u00f5e a cria\u00e7\u00e3o do Dia da Parada do Orgulho da Fam\u00edlia no Paran\u00e1\"}]},{\"@type\":\"WebSite\",\"@id\":\"https:\\\/\\\/soldadoadrianojose.com.br\\\/#website\",\"url\":\"https:\\\/\\\/soldadoadrianojose.com.br\\\/\",\"name\":\"Deputado Adriano Jos\u00e9\",\"description\":\"Nosso trabalho \u00e9 pelas pessoas\",\"publisher\":{\"@id\":\"https:\\\/\\\/soldadoadrianojose.com.br\\\/#\\\/schema\\\/person\\\/16f8e8defb7a4bd6c6082efcd1bdb6bb\"},\"potentialAction\":[{\"@type\":\"SearchAction\",\"target\":{\"@type\":\"EntryPoint\",\"urlTemplate\":\"https:\\\/\\\/soldadoadrianojose.com.br\\\/?s={search_term_string}\"},\"query-input\":{\"@type\":\"PropertyValueSpecification\",\"valueRequired\":true,\"valueName\":\"search_term_string\"}}],\"inLanguage\":\"pt-BR\"},{\"@type\":[\"Person\",\"Organization\"],\"@id\":\"https:\\\/\\\/soldadoadrianojose.com.br\\\/#\\\/schema\\\/person\\\/16f8e8defb7a4bd6c6082efcd1bdb6bb\",\"name\":\"soldadoadrianojose\",\"image\":{\"@type\":\"ImageObject\",\"inLanguage\":\"pt-BR\",\"@id\":\"https:\\\/\\\/soldadoadrianojose.com.br\\\/wp-content\\\/uploads\\\/2023\\\/02\\\/LOGO_CLEAR-5.png\",\"url\":\"https:\\\/\\\/soldadoadrianojose.com.br\\\/wp-content\\\/uploads\\\/2023\\\/02\\\/LOGO_CLEAR-5.png\",\"contentUrl\":\"https:\\\/\\\/soldadoadrianojose.com.br\\\/wp-content\\\/uploads\\\/2023\\\/02\\\/LOGO_CLEAR-5.png\",\"width\":3508,\"height\":998,\"caption\":\"soldadoadrianojose\"},\"logo\":{\"@id\":\"https:\\\/\\\/soldadoadrianojose.com.br\\\/wp-content\\\/uploads\\\/2023\\\/02\\\/LOGO_CLEAR-5.png\"},\"sameAs\":[\"https:\\\/\\\/soldadoadrianojose.com.br\"],\"url\":\"https:\\\/\\\/soldadoadrianojose.com.br\\\/index.php\\\/author\\\/soldadoadrianojose\\\/\"}]}<\/script>\n<!-- \/ Yoast SEO plugin. -->","yoast_head_json":{"title":"Projeto de Lei prop\u00f5e a cria\u00e7\u00e3o do Dia da Parada do Orgulho da Fam\u00edlia no Paran\u00e1 - Deputado Adriano Jos\u00e9","robots":{"index":"index","follow":"follow","max-snippet":"max-snippet:-1","max-image-preview":"max-image-preview:large","max-video-preview":"max-video-preview:-1"},"canonical":"https:\/\/soldadoadrianojose.com.br\/index.php\/2023\/09\/25\/projeto-de-lei-propoe-a-criacao-do-dia-da-parada-do-orgulho-da-familia-no-parana\/","og_locale":"pt_BR","og_type":"article","og_title":"Projeto de Lei prop\u00f5e a cria\u00e7\u00e3o do Dia da Parada do Orgulho da Fam\u00edlia no Paran\u00e1 - Deputado Adriano Jos\u00e9","og_description":"O deputado estadual Soldado Adriano Jos\u00e9 apresentou na Assembleia Legislativa do Paran\u00e1 um projeto de lei que institui o Dia da Parada do Orgulho da Fam\u00edlia no calend\u00e1rio oficial de eventos do Estado. A data sugerida \u00e9 o dia 8 de dezembro, quando se comemora o Dia Nacional da Fam\u00edlia. De acordo com a justificativa [&hellip;]","og_url":"https:\/\/soldadoadrianojose.com.br\/index.php\/2023\/09\/25\/projeto-de-lei-propoe-a-criacao-do-dia-da-parada-do-orgulho-da-familia-no-parana\/","og_site_name":"Deputado Adriano Jos\u00e9","article_published_time":"2023-09-25T13:39:42+00:00","article_modified_time":"2023-09-25T13:39:47+00:00","og_image":[{"width":750,"height":750,"url":"https:\/\/soldadoadrianojose.com.br\/wp-content\/uploads\/2023\/09\/dep.jpg","type":"image\/jpeg"}],"author":"soldadoadrianojose","twitter_card":"summary_large_image","twitter_misc":{"Escrito por":"soldadoadrianojose","Est. tempo de leitura":"2 minutos"},"schema":{"@context":"https:\/\/schema.org","@graph":[{"@type":"Article","@id":"https:\/\/soldadoadrianojose.com.br\/index.php\/2023\/09\/25\/projeto-de-lei-propoe-a-criacao-do-dia-da-parada-do-orgulho-da-familia-no-parana\/#article","isPartOf":{"@id":"https:\/\/soldadoadrianojose.com.br\/index.php\/2023\/09\/25\/projeto-de-lei-propoe-a-criacao-do-dia-da-parada-do-orgulho-da-familia-no-parana\/"},"author":{"name":"soldadoadrianojose","@id":"https:\/\/soldadoadrianojose.com.br\/#\/schema\/person\/16f8e8defb7a4bd6c6082efcd1bdb6bb"},"headline":"Projeto de Lei prop\u00f5e a cria\u00e7\u00e3o do Dia da Parada do Orgulho da Fam\u00edlia no Paran\u00e1","datePublished":"2023-09-25T13:39:42+00:00","dateModified":"2023-09-25T13:39:47+00:00","mainEntityOfPage":{"@id":"https:\/\/soldadoadrianojose.com.br\/index.php\/2023\/09\/25\/projeto-de-lei-propoe-a-criacao-do-dia-da-parada-do-orgulho-da-familia-no-parana\/"},"wordCount":223,"commentCount":0,"publisher":{"@id":"https:\/\/soldadoadrianojose.com.br\/#\/schema\/person\/16f8e8defb7a4bd6c6082efcd1bdb6bb"},"image":{"@id":"https:\/\/soldadoadrianojose.com.br\/index.php\/2023\/09\/25\/projeto-de-lei-propoe-a-criacao-do-dia-da-parada-do-orgulho-da-familia-no-parana\/#primaryimage"},"thumbnailUrl":"https:\/\/soldadoadrianojose.com.br\/wp-content\/uploads\/2023\/09\/dep.jpg","articleSection":["GABINETE SD"],"inLanguage":"pt-BR","potentialAction":[{"@type":"CommentAction","name":"Comment","target":["https:\/\/soldadoadrianojose.com.br\/index.php\/2023\/09\/25\/projeto-de-lei-propoe-a-criacao-do-dia-da-parada-do-orgulho-da-familia-no-parana\/#respond"]}]},{"@type":"WebPage","@id":"https:\/\/soldadoadrianojose.com.br\/index.php\/2023\/09\/25\/projeto-de-lei-propoe-a-criacao-do-dia-da-parada-do-orgulho-da-familia-no-parana\/","url":"https:\/\/soldadoadrianojose.com.br\/index.php\/2023\/09\/25\/projeto-de-lei-propoe-a-criacao-do-dia-da-parada-do-orgulho-da-familia-no-parana\/","name":"Projeto de Lei prop\u00f5e a cria\u00e7\u00e3o do Dia da Parada do Orgulho da Fam\u00edlia no Paran\u00e1 - Deputado Adriano Jos\u00e9","isPartOf":{"@id":"https:\/\/soldadoadrianojose.com.br\/#website"},"primaryImageOfPage":{"@id":"https:\/\/soldadoadrianojose.com.br\/index.php\/2023\/09\/25\/projeto-de-lei-propoe-a-criacao-do-dia-da-parada-do-orgulho-da-familia-no-parana\/#primaryimage"},"image":{"@id":"https:\/\/soldadoadrianojose.com.br\/index.php\/2023\/09\/25\/projeto-de-lei-propoe-a-criacao-do-dia-da-parada-do-orgulho-da-familia-no-parana\/#primaryimage"},"thumbnailUrl":"https:\/\/soldadoadrianojose.com.br\/wp-content\/uploads\/2023\/09\/dep.jpg","datePublished":"2023-09-25T13:39:42+00:00","dateModified":"2023-09-25T13:39:47+00:00","breadcrumb":{"@id":"https:\/\/soldadoadrianojose.com.br\/index.php\/2023\/09\/25\/projeto-de-lei-propoe-a-criacao-do-dia-da-parada-do-orgulho-da-familia-no-parana\/#breadcrumb"},"inLanguage":"pt-BR","potentialAction":[{"@type":"ReadAction","target":["https:\/\/soldadoadrianojose.com.br\/index.php\/2023\/09\/25\/projeto-de-lei-propoe-a-criacao-do-dia-da-parada-do-orgulho-da-familia-no-parana\/"]}]},{"@type":"ImageObject","inLanguage":"pt-BR","@id":"https:\/\/soldadoadrianojose.com.br\/index.php\/2023\/09\/25\/projeto-de-lei-propoe-a-criacao-do-dia-da-parada-do-orgulho-da-familia-no-parana\/#primaryimage","url":"https:\/\/soldadoadrianojose.com.br\/wp-content\/uploads\/2023\/09\/dep.jpg","contentUrl":"https:\/\/soldadoadrianojose.com.br\/wp-content\/uploads\/2023\/09\/dep.jpg","width":750,"height":750},{"@type":"BreadcrumbList","@id":"https:\/\/soldadoadrianojose.com.br\/index.php\/2023\/09\/25\/projeto-de-lei-propoe-a-criacao-do-dia-da-parada-do-orgulho-da-familia-no-parana\/#breadcrumb","itemListElement":[{"@type":"ListItem","position":1,"name":"In\u00edcio","item":"https:\/\/soldadoadrianojose.com.br\/"},{"@type":"ListItem","position":2,"name":"Projeto de Lei prop\u00f5e a cria\u00e7\u00e3o do Dia da Parada do Orgulho da Fam\u00edlia no Paran\u00e1"}]},{"@type":"WebSite","@id":"https:\/\/soldadoadrianojose.com.br\/#website","url":"https:\/\/soldadoadrianojose.com.br\/","name":"Deputado Adriano Jos\u00e9","description":"Nosso trabalho \u00e9 pelas pessoas","publisher":{"@id":"https:\/\/soldadoadrianojose.com.br\/#\/schema\/person\/16f8e8defb7a4bd6c6082efcd1bdb6bb"},"potentialAction":[{"@type":"SearchAction","target":{"@type":"EntryPoint","urlTemplate":"https:\/\/soldadoadrianojose.com.br\/?s={search_term_string}"},"query-input":{"@type":"PropertyValueSpecification","valueRequired":true,"valueName":"search_term_string"}}],"inLanguage":"pt-BR"},{"@type":["Person","Organization"],"@id":"https:\/\/soldadoadrianojose.com.br\/#\/schema\/person\/16f8e8defb7a4bd6c6082efcd1bdb6bb","name":"soldadoadrianojose","image":{"@type":"ImageObject","inLanguage":"pt-BR","@id":"https:\/\/soldadoadrianojose.com.br\/wp-content\/uploads\/2023\/02\/LOGO_CLEAR-5.png","url":"https:\/\/soldadoadrianojose.com.br\/wp-content\/uploads\/2023\/02\/LOGO_CLEAR-5.png","contentUrl":"https:\/\/soldadoadrianojose.com.br\/wp-content\/uploads\/2023\/02\/LOGO_CLEAR-5.png","width":3508,"height":998,"caption":"soldadoadrianojose"},"logo":{"@id":"https:\/\/soldadoadrianojose.com.br\/wp-content\/uploads\/2023\/02\/LOGO_CLEAR-5.png"},"sameAs":["https:\/\/soldadoadrianojose.com.br"],"url":"https:\/\/soldadoadrianojose.com.br\/index.php\/author\/soldadoadrianojose\/"}]}},"jetpack_featured_media_url":"https:\/\/soldadoadrianojose.com.br\/wp-content\/uploads\/2023\/09\/dep.jpg","_links":{"self":[{"href":"https:\/\/soldadoadrianojose.com.br\/index.php\/wp-json\/wp\/v2\/posts\/1137","targetHints":{"allow":["GET"]}}],"collection":[{"href":"https:\/\/soldadoadrianojose.com.br\/index.php\/wp-json\/wp\/v2\/posts"}],"about":[{"href":"https:\/\/soldadoadrianojose.com.br\/index.php\/wp-json\/wp\/v2\/types\/post"}],"author":[{"embeddable":true,"href":"https:\/\/soldadoadrianojose.com.br\/index.php\/wp-json\/wp\/v2\/users\/1"}],"replies":[{"embeddable":true,"href":"https:\/\/soldadoadrianojose.com.br\/index.php\/wp-json\/wp\/v2\/comments?post=1137"}],"version-history":[{"count":1,"href":"https:\/\/soldadoadrianojose.com.br\/index.php\/wp-json\/wp\/v2\/posts\/1137\/revisions"}],"predecessor-version":[{"id":1139,"href":"https:\/\/soldadoadrianojose.com.br\/index.php\/wp-json\/wp\/v2\/posts\/1137\/revisions\/1139"}],"wp:featuredmedia":[{"embeddable":true,"href":"https:\/\/soldadoadrianojose.com.br\/index.php\/wp-json\/wp\/v2\/media\/1138"}],"wp:attachment":[{"href":"https:\/\/soldadoadrianojose.com.br\/index.php\/wp-json\/wp\/v2\/media?parent=1137"}],"wp:term":[{"taxonomy":"category","embeddable":true,"href":"https:\/\/soldadoadrianojose.com.br\/index.php\/wp-json\/wp\/v2\/categories?post=1137"},{"taxonomy":"post_tag","embeddable":true,"href":"https:\/\/soldadoadrianojose.com.br\/index.php\/wp-json\/wp\/v2\/tags?post=1137"}],"curies":[{"name":"wp","href":"https:\/\/api.w.org\/{rel}","templated":true}]}}