{"id":1188,"date":"2023-10-03T11:54:12","date_gmt":"2023-10-03T14:54:12","guid":{"rendered":"https:\/\/soldadoadrianojose.com.br\/?p=1188"},"modified":"2023-10-03T12:02:11","modified_gmt":"2023-10-03T15:02:11","slug":"deputado-apresenta-projeto-para-instituir-a-semana-de-valorizacao-dos-conselheiros-tutelares","status":"publish","type":"post","link":"https:\/\/soldadoadrianojose.com.br\/index.php\/2023\/10\/03\/deputado-apresenta-projeto-para-instituir-a-semana-de-valorizacao-dos-conselheiros-tutelares\/","title":{"rendered":"Deputado apresenta projeto para instituir a Semana de Valoriza\u00e7\u00e3o dos Conselheiros Tutelares"},"content":{"rendered":"\n<figure class=\"wp-block-image size-full\"><img fetchpriority=\"high\" decoding=\"async\" width=\"800\" height=\"800\" src=\"https:\/\/soldadoadrianojose.com.br\/wp-content\/uploads\/2023\/10\/plen.jpg\" alt=\"\" class=\"wp-image-1192\" srcset=\"https:\/\/soldadoadrianojose.com.br\/wp-content\/uploads\/2023\/10\/plen.jpg 800w, https:\/\/soldadoadrianojose.com.br\/wp-content\/uploads\/2023\/10\/plen-300x300.jpg 300w, https:\/\/soldadoadrianojose.com.br\/wp-content\/uploads\/2023\/10\/plen-150x150.jpg 150w, https:\/\/soldadoadrianojose.com.br\/wp-content\/uploads\/2023\/10\/plen-768x768.jpg 768w\" sizes=\"(max-width: 800px) 100vw, 800px\" \/><\/figure>\n\n\n\n<p>O deputado estadual Soldado Adriano Jos\u00e9 protocolou na Assembleia Legislativa do Paran\u00e1 um Projeto de Lei que institui a Semana Estadual de Valoriza\u00e7\u00e3o dos Conselheiros Tutelares, a ser comemorada anualmente na semana do dia 18 de novembro.<\/p>\n\n\n\n<p>De acordo com a justificativa do parlamentar, o objetivo \u00e9 promover a relev\u00e2ncia social da fun\u00e7\u00e3o dos conselheiros tutelares, que t\u00eam a miss\u00e3o de zelar pelo cumprimento dos direitos de crian\u00e7as e adolescentes.<\/p>\n\n\n\n<p>O deputado destacou que, apesar da import\u00e2ncia, os conselheiros ainda enfrentam diversos desafios, como quest\u00f5es remunerat\u00f3rias e a necessidade de mais estrutura para desempenhar seu trabalho de prote\u00e7\u00e3o \u00e0 inf\u00e2ncia e juventude.<\/p>\n\n\n\n<p>Por isso, Adriano Jos\u00e9 prop\u00f5e a cria\u00e7\u00e3o de uma semana para valoriza\u00e7\u00e3o e conscientiza\u00e7\u00e3o sobre essa categoria, presente nos 399 munic\u00edpios do Paran\u00e1.<\/p>\n\n\n\n<p>&#8220;Espero o apoio dos nobres colegas para a aprova\u00e7\u00e3o deste projeto em prol dos profissionais que garantem direitos a meninos e meninas do nosso estado&#8221;, declarou.<\/p>\n","protected":false},"excerpt":{"rendered":"<p>O deputado estadual Soldado Adriano Jos\u00e9 protocolou na Assembleia Legislativa do Paran\u00e1 um Projeto de Lei que institui a Semana Estadual de Valoriza\u00e7\u00e3o dos Conselheiros Tutelares, a ser comemorada anualmente na semana do dia 18 de novembro. De acordo com a justificativa do parlamentar, o objetivo \u00e9 promover a relev\u00e2ncia social da fun\u00e7\u00e3o dos conselheiros [&hellip;]<\/p>\n","protected":false},"author":1,"featured_media":1192,"comment_status":"open","ping_status":"open","sticky":false,"template":"","format":"standard","meta":{"footnotes":""},"categories":[1],"tags":[],"class_list":["post-1188","post","type-post","status-publish","format-standard","has-post-thumbnail","hentry","category-gabinete-sd"],"yoast_head":"<!-- This site is optimized with the Yoast SEO plugin v27.4 - https:\/\/yoast.com\/product\/yoast-seo-wordpress\/ -->\n<title>Deputado apresenta projeto para instituir a Semana de Valoriza\u00e7\u00e3o dos Conselheiros Tutelares - Deputado Adriano Jos\u00e9<\/title>\n<meta name=\"robots\" content=\"index, follow, max-snippet:-1, max-image-preview:large, max-video-preview:-1\" \/>\n<link rel=\"canonical\" href=\"https:\/\/soldadoadrianojose.com.br\/index.php\/2023\/10\/03\/deputado-apresenta-projeto-para-instituir-a-semana-de-valorizacao-dos-conselheiros-tutelares\/\" \/>\n<meta property=\"og:locale\" content=\"pt_BR\" \/>\n<meta property=\"og:type\" content=\"article\" \/>\n<meta property=\"og:title\" content=\"Deputado apresenta projeto para instituir a Semana de Valoriza\u00e7\u00e3o dos Conselheiros Tutelares - Deputado Adriano Jos\u00e9\" \/>\n<meta property=\"og:description\" content=\"O deputado estadual Soldado Adriano Jos\u00e9 protocolou na Assembleia Legislativa do Paran\u00e1 um Projeto de Lei que institui a Semana Estadual de Valoriza\u00e7\u00e3o dos Conselheiros Tutelares, a ser comemorada anualmente na semana do dia 18 de novembro. De acordo com a justificativa do parlamentar, o objetivo \u00e9 promover a relev\u00e2ncia social da fun\u00e7\u00e3o dos conselheiros [&hellip;]\" \/>\n<meta property=\"og:url\" content=\"https:\/\/soldadoadrianojose.com.br\/index.php\/2023\/10\/03\/deputado-apresenta-projeto-para-instituir-a-semana-de-valorizacao-dos-conselheiros-tutelares\/\" \/>\n<meta property=\"og:site_name\" content=\"Deputado Adriano Jos\u00e9\" \/>\n<meta property=\"article:published_time\" content=\"2023-10-03T14:54:12+00:00\" \/>\n<meta property=\"article:modified_time\" content=\"2023-10-03T15:02:11+00:00\" \/>\n<meta property=\"og:image\" content=\"https:\/\/soldadoadrianojose.com.br\/wp-content\/uploads\/2023\/10\/plen.jpg\" \/>\n\t<meta property=\"og:image:width\" content=\"800\" \/>\n\t<meta property=\"og:image:height\" content=\"800\" \/>\n\t<meta property=\"og:image:type\" content=\"image\/jpeg\" \/>\n<meta name=\"author\" content=\"soldadoadrianojose\" \/>\n<meta name=\"twitter:card\" content=\"summary_large_image\" \/>\n<meta name=\"twitter:label1\" content=\"Escrito por\" \/>\n\t<meta name=\"twitter:data1\" content=\"soldadoadrianojose\" \/>\n\t<meta name=\"twitter:label2\" content=\"Est. tempo de leitura\" \/>\n\t<meta name=\"twitter:data2\" content=\"2 minutos\" \/>\n<script type=\"application\/ld+json\" class=\"yoast-schema-graph\">{\"@context\":\"https:\\\/\\\/schema.org\",\"@graph\":[{\"@type\":\"Article\",\"@id\":\"https:\\\/\\\/soldadoadrianojose.com.br\\\/index.php\\\/2023\\\/10\\\/03\\\/deputado-apresenta-projeto-para-instituir-a-semana-de-valorizacao-dos-conselheiros-tutelares\\\/#article\",\"isPartOf\":{\"@id\":\"https:\\\/\\\/soldadoadrianojose.com.br\\\/index.php\\\/2023\\\/10\\\/03\\\/deputado-apresenta-projeto-para-instituir-a-semana-de-valorizacao-dos-conselheiros-tutelares\\\/\"},\"author\":{\"name\":\"soldadoadrianojose\",\"@id\":\"https:\\\/\\\/soldadoadrianojose.com.br\\\/#\\\/schema\\\/person\\\/16f8e8defb7a4bd6c6082efcd1bdb6bb\"},\"headline\":\"Deputado apresenta projeto para instituir a Semana de Valoriza\u00e7\u00e3o dos Conselheiros Tutelares\",\"datePublished\":\"2023-10-03T14:54:12+00:00\",\"dateModified\":\"2023-10-03T15:02:11+00:00\",\"mainEntityOfPage\":{\"@id\":\"https:\\\/\\\/soldadoadrianojose.com.br\\\/index.php\\\/2023\\\/10\\\/03\\\/deputado-apresenta-projeto-para-instituir-a-semana-de-valorizacao-dos-conselheiros-tutelares\\\/\"},\"wordCount\":177,\"commentCount\":0,\"publisher\":{\"@id\":\"https:\\\/\\\/soldadoadrianojose.com.br\\\/#\\\/schema\\\/person\\\/16f8e8defb7a4bd6c6082efcd1bdb6bb\"},\"image\":{\"@id\":\"https:\\\/\\\/soldadoadrianojose.com.br\\\/index.php\\\/2023\\\/10\\\/03\\\/deputado-apresenta-projeto-para-instituir-a-semana-de-valorizacao-dos-conselheiros-tutelares\\\/#primaryimage\"},\"thumbnailUrl\":\"https:\\\/\\\/soldadoadrianojose.com.br\\\/wp-content\\\/uploads\\\/2023\\\/10\\\/plen.jpg\",\"articleSection\":[\"GABINETE SD\"],\"inLanguage\":\"pt-BR\",\"potentialAction\":[{\"@type\":\"CommentAction\",\"name\":\"Comment\",\"target\":[\"https:\\\/\\\/soldadoadrianojose.com.br\\\/index.php\\\/2023\\\/10\\\/03\\\/deputado-apresenta-projeto-para-instituir-a-semana-de-valorizacao-dos-conselheiros-tutelares\\\/#respond\"]}]},{\"@type\":\"WebPage\",\"@id\":\"https:\\\/\\\/soldadoadrianojose.com.br\\\/index.php\\\/2023\\\/10\\\/03\\\/deputado-apresenta-projeto-para-instituir-a-semana-de-valorizacao-dos-conselheiros-tutelares\\\/\",\"url\":\"https:\\\/\\\/soldadoadrianojose.com.br\\\/index.php\\\/2023\\\/10\\\/03\\\/deputado-apresenta-projeto-para-instituir-a-semana-de-valorizacao-dos-conselheiros-tutelares\\\/\",\"name\":\"Deputado apresenta projeto para instituir a Semana de Valoriza\u00e7\u00e3o dos Conselheiros Tutelares - Deputado Adriano Jos\u00e9\",\"isPartOf\":{\"@id\":\"https:\\\/\\\/soldadoadrianojose.com.br\\\/#website\"},\"primaryImageOfPage\":{\"@id\":\"https:\\\/\\\/soldadoadrianojose.com.br\\\/index.php\\\/2023\\\/10\\\/03\\\/deputado-apresenta-projeto-para-instituir-a-semana-de-valorizacao-dos-conselheiros-tutelares\\\/#primaryimage\"},\"image\":{\"@id\":\"https:\\\/\\\/soldadoadrianojose.com.br\\\/index.php\\\/2023\\\/10\\\/03\\\/deputado-apresenta-projeto-para-instituir-a-semana-de-valorizacao-dos-conselheiros-tutelares\\\/#primaryimage\"},\"thumbnailUrl\":\"https:\\\/\\\/soldadoadrianojose.com.br\\\/wp-content\\\/uploads\\\/2023\\\/10\\\/plen.jpg\",\"datePublished\":\"2023-10-03T14:54:12+00:00\",\"dateModified\":\"2023-10-03T15:02:11+00:00\",\"breadcrumb\":{\"@id\":\"https:\\\/\\\/soldadoadrianojose.com.br\\\/index.php\\\/2023\\\/10\\\/03\\\/deputado-apresenta-projeto-para-instituir-a-semana-de-valorizacao-dos-conselheiros-tutelares\\\/#breadcrumb\"},\"inLanguage\":\"pt-BR\",\"potentialAction\":[{\"@type\":\"ReadAction\",\"target\":[\"https:\\\/\\\/soldadoadrianojose.com.br\\\/index.php\\\/2023\\\/10\\\/03\\\/deputado-apresenta-projeto-para-instituir-a-semana-de-valorizacao-dos-conselheiros-tutelares\\\/\"]}]},{\"@type\":\"ImageObject\",\"inLanguage\":\"pt-BR\",\"@id\":\"https:\\\/\\\/soldadoadrianojose.com.br\\\/index.php\\\/2023\\\/10\\\/03\\\/deputado-apresenta-projeto-para-instituir-a-semana-de-valorizacao-dos-conselheiros-tutelares\\\/#primaryimage\",\"url\":\"https:\\\/\\\/soldadoadrianojose.com.br\\\/wp-content\\\/uploads\\\/2023\\\/10\\\/plen.jpg\",\"contentUrl\":\"https:\\\/\\\/soldadoadrianojose.com.br\\\/wp-content\\\/uploads\\\/2023\\\/10\\\/plen.jpg\",\"width\":800,\"height\":800},{\"@type\":\"BreadcrumbList\",\"@id\":\"https:\\\/\\\/soldadoadrianojose.com.br\\\/index.php\\\/2023\\\/10\\\/03\\\/deputado-apresenta-projeto-para-instituir-a-semana-de-valorizacao-dos-conselheiros-tutelares\\\/#breadcrumb\",\"itemListElement\":[{\"@type\":\"ListItem\",\"position\":1,\"name\":\"In\u00edcio\",\"item\":\"https:\\\/\\\/soldadoadrianojose.com.br\\\/\"},{\"@type\":\"ListItem\",\"position\":2,\"name\":\"Deputado apresenta projeto para instituir a Semana de Valoriza\u00e7\u00e3o dos Conselheiros Tutelares\"}]},{\"@type\":\"WebSite\",\"@id\":\"https:\\\/\\\/soldadoadrianojose.com.br\\\/#website\",\"url\":\"https:\\\/\\\/soldadoadrianojose.com.br\\\/\",\"name\":\"Deputado Adriano Jos\u00e9\",\"description\":\"Nosso trabalho \u00e9 pelas pessoas\",\"publisher\":{\"@id\":\"https:\\\/\\\/soldadoadrianojose.com.br\\\/#\\\/schema\\\/person\\\/16f8e8defb7a4bd6c6082efcd1bdb6bb\"},\"potentialAction\":[{\"@type\":\"SearchAction\",\"target\":{\"@type\":\"EntryPoint\",\"urlTemplate\":\"https:\\\/\\\/soldadoadrianojose.com.br\\\/?s={search_term_string}\"},\"query-input\":{\"@type\":\"PropertyValueSpecification\",\"valueRequired\":true,\"valueName\":\"search_term_string\"}}],\"inLanguage\":\"pt-BR\"},{\"@type\":[\"Person\",\"Organization\"],\"@id\":\"https:\\\/\\\/soldadoadrianojose.com.br\\\/#\\\/schema\\\/person\\\/16f8e8defb7a4bd6c6082efcd1bdb6bb\",\"name\":\"soldadoadrianojose\",\"image\":{\"@type\":\"ImageObject\",\"inLanguage\":\"pt-BR\",\"@id\":\"https:\\\/\\\/soldadoadrianojose.com.br\\\/wp-content\\\/uploads\\\/2023\\\/02\\\/LOGO_CLEAR-5.png\",\"url\":\"https:\\\/\\\/soldadoadrianojose.com.br\\\/wp-content\\\/uploads\\\/2023\\\/02\\\/LOGO_CLEAR-5.png\",\"contentUrl\":\"https:\\\/\\\/soldadoadrianojose.com.br\\\/wp-content\\\/uploads\\\/2023\\\/02\\\/LOGO_CLEAR-5.png\",\"width\":3508,\"height\":998,\"caption\":\"soldadoadrianojose\"},\"logo\":{\"@id\":\"https:\\\/\\\/soldadoadrianojose.com.br\\\/wp-content\\\/uploads\\\/2023\\\/02\\\/LOGO_CLEAR-5.png\"},\"sameAs\":[\"https:\\\/\\\/soldadoadrianojose.com.br\"],\"url\":\"https:\\\/\\\/soldadoadrianojose.com.br\\\/index.php\\\/author\\\/soldadoadrianojose\\\/\"}]}<\/script>\n<!-- \/ Yoast SEO plugin. -->","yoast_head_json":{"title":"Deputado apresenta projeto para instituir a Semana de Valoriza\u00e7\u00e3o dos Conselheiros Tutelares - Deputado Adriano Jos\u00e9","robots":{"index":"index","follow":"follow","max-snippet":"max-snippet:-1","max-image-preview":"max-image-preview:large","max-video-preview":"max-video-preview:-1"},"canonical":"https:\/\/soldadoadrianojose.com.br\/index.php\/2023\/10\/03\/deputado-apresenta-projeto-para-instituir-a-semana-de-valorizacao-dos-conselheiros-tutelares\/","og_locale":"pt_BR","og_type":"article","og_title":"Deputado apresenta projeto para instituir a Semana de Valoriza\u00e7\u00e3o dos Conselheiros Tutelares - Deputado Adriano Jos\u00e9","og_description":"O deputado estadual Soldado Adriano Jos\u00e9 protocolou na Assembleia Legislativa do Paran\u00e1 um Projeto de Lei que institui a Semana Estadual de Valoriza\u00e7\u00e3o dos Conselheiros Tutelares, a ser comemorada anualmente na semana do dia 18 de novembro. De acordo com a justificativa do parlamentar, o objetivo \u00e9 promover a relev\u00e2ncia social da fun\u00e7\u00e3o dos conselheiros [&hellip;]","og_url":"https:\/\/soldadoadrianojose.com.br\/index.php\/2023\/10\/03\/deputado-apresenta-projeto-para-instituir-a-semana-de-valorizacao-dos-conselheiros-tutelares\/","og_site_name":"Deputado Adriano Jos\u00e9","article_published_time":"2023-10-03T14:54:12+00:00","article_modified_time":"2023-10-03T15:02:11+00:00","og_image":[{"width":800,"height":800,"url":"https:\/\/soldadoadrianojose.com.br\/wp-content\/uploads\/2023\/10\/plen.jpg","type":"image\/jpeg"}],"author":"soldadoadrianojose","twitter_card":"summary_large_image","twitter_misc":{"Escrito por":"soldadoadrianojose","Est. tempo de leitura":"2 minutos"},"schema":{"@context":"https:\/\/schema.org","@graph":[{"@type":"Article","@id":"https:\/\/soldadoadrianojose.com.br\/index.php\/2023\/10\/03\/deputado-apresenta-projeto-para-instituir-a-semana-de-valorizacao-dos-conselheiros-tutelares\/#article","isPartOf":{"@id":"https:\/\/soldadoadrianojose.com.br\/index.php\/2023\/10\/03\/deputado-apresenta-projeto-para-instituir-a-semana-de-valorizacao-dos-conselheiros-tutelares\/"},"author":{"name":"soldadoadrianojose","@id":"https:\/\/soldadoadrianojose.com.br\/#\/schema\/person\/16f8e8defb7a4bd6c6082efcd1bdb6bb"},"headline":"Deputado apresenta projeto para instituir a Semana de Valoriza\u00e7\u00e3o dos Conselheiros Tutelares","datePublished":"2023-10-03T14:54:12+00:00","dateModified":"2023-10-03T15:02:11+00:00","mainEntityOfPage":{"@id":"https:\/\/soldadoadrianojose.com.br\/index.php\/2023\/10\/03\/deputado-apresenta-projeto-para-instituir-a-semana-de-valorizacao-dos-conselheiros-tutelares\/"},"wordCount":177,"commentCount":0,"publisher":{"@id":"https:\/\/soldadoadrianojose.com.br\/#\/schema\/person\/16f8e8defb7a4bd6c6082efcd1bdb6bb"},"image":{"@id":"https:\/\/soldadoadrianojose.com.br\/index.php\/2023\/10\/03\/deputado-apresenta-projeto-para-instituir-a-semana-de-valorizacao-dos-conselheiros-tutelares\/#primaryimage"},"thumbnailUrl":"https:\/\/soldadoadrianojose.com.br\/wp-content\/uploads\/2023\/10\/plen.jpg","articleSection":["GABINETE SD"],"inLanguage":"pt-BR","potentialAction":[{"@type":"CommentAction","name":"Comment","target":["https:\/\/soldadoadrianojose.com.br\/index.php\/2023\/10\/03\/deputado-apresenta-projeto-para-instituir-a-semana-de-valorizacao-dos-conselheiros-tutelares\/#respond"]}]},{"@type":"WebPage","@id":"https:\/\/soldadoadrianojose.com.br\/index.php\/2023\/10\/03\/deputado-apresenta-projeto-para-instituir-a-semana-de-valorizacao-dos-conselheiros-tutelares\/","url":"https:\/\/soldadoadrianojose.com.br\/index.php\/2023\/10\/03\/deputado-apresenta-projeto-para-instituir-a-semana-de-valorizacao-dos-conselheiros-tutelares\/","name":"Deputado apresenta projeto para instituir a Semana de Valoriza\u00e7\u00e3o dos Conselheiros Tutelares - Deputado Adriano Jos\u00e9","isPartOf":{"@id":"https:\/\/soldadoadrianojose.com.br\/#website"},"primaryImageOfPage":{"@id":"https:\/\/soldadoadrianojose.com.br\/index.php\/2023\/10\/03\/deputado-apresenta-projeto-para-instituir-a-semana-de-valorizacao-dos-conselheiros-tutelares\/#primaryimage"},"image":{"@id":"https:\/\/soldadoadrianojose.com.br\/index.php\/2023\/10\/03\/deputado-apresenta-projeto-para-instituir-a-semana-de-valorizacao-dos-conselheiros-tutelares\/#primaryimage"},"thumbnailUrl":"https:\/\/soldadoadrianojose.com.br\/wp-content\/uploads\/2023\/10\/plen.jpg","datePublished":"2023-10-03T14:54:12+00:00","dateModified":"2023-10-03T15:02:11+00:00","breadcrumb":{"@id":"https:\/\/soldadoadrianojose.com.br\/index.php\/2023\/10\/03\/deputado-apresenta-projeto-para-instituir-a-semana-de-valorizacao-dos-conselheiros-tutelares\/#breadcrumb"},"inLanguage":"pt-BR","potentialAction":[{"@type":"ReadAction","target":["https:\/\/soldadoadrianojose.com.br\/index.php\/2023\/10\/03\/deputado-apresenta-projeto-para-instituir-a-semana-de-valorizacao-dos-conselheiros-tutelares\/"]}]},{"@type":"ImageObject","inLanguage":"pt-BR","@id":"https:\/\/soldadoadrianojose.com.br\/index.php\/2023\/10\/03\/deputado-apresenta-projeto-para-instituir-a-semana-de-valorizacao-dos-conselheiros-tutelares\/#primaryimage","url":"https:\/\/soldadoadrianojose.com.br\/wp-content\/uploads\/2023\/10\/plen.jpg","contentUrl":"https:\/\/soldadoadrianojose.com.br\/wp-content\/uploads\/2023\/10\/plen.jpg","width":800,"height":800},{"@type":"BreadcrumbList","@id":"https:\/\/soldadoadrianojose.com.br\/index.php\/2023\/10\/03\/deputado-apresenta-projeto-para-instituir-a-semana-de-valorizacao-dos-conselheiros-tutelares\/#breadcrumb","itemListElement":[{"@type":"ListItem","position":1,"name":"In\u00edcio","item":"https:\/\/soldadoadrianojose.com.br\/"},{"@type":"ListItem","position":2,"name":"Deputado apresenta projeto para instituir a Semana de Valoriza\u00e7\u00e3o dos Conselheiros Tutelares"}]},{"@type":"WebSite","@id":"https:\/\/soldadoadrianojose.com.br\/#website","url":"https:\/\/soldadoadrianojose.com.br\/","name":"Deputado Adriano Jos\u00e9","description":"Nosso trabalho \u00e9 pelas pessoas","publisher":{"@id":"https:\/\/soldadoadrianojose.com.br\/#\/schema\/person\/16f8e8defb7a4bd6c6082efcd1bdb6bb"},"potentialAction":[{"@type":"SearchAction","target":{"@type":"EntryPoint","urlTemplate":"https:\/\/soldadoadrianojose.com.br\/?s={search_term_string}"},"query-input":{"@type":"PropertyValueSpecification","valueRequired":true,"valueName":"search_term_string"}}],"inLanguage":"pt-BR"},{"@type":["Person","Organization"],"@id":"https:\/\/soldadoadrianojose.com.br\/#\/schema\/person\/16f8e8defb7a4bd6c6082efcd1bdb6bb","name":"soldadoadrianojose","image":{"@type":"ImageObject","inLanguage":"pt-BR","@id":"https:\/\/soldadoadrianojose.com.br\/wp-content\/uploads\/2023\/02\/LOGO_CLEAR-5.png","url":"https:\/\/soldadoadrianojose.com.br\/wp-content\/uploads\/2023\/02\/LOGO_CLEAR-5.png","contentUrl":"https:\/\/soldadoadrianojose.com.br\/wp-content\/uploads\/2023\/02\/LOGO_CLEAR-5.png","width":3508,"height":998,"caption":"soldadoadrianojose"},"logo":{"@id":"https:\/\/soldadoadrianojose.com.br\/wp-content\/uploads\/2023\/02\/LOGO_CLEAR-5.png"},"sameAs":["https:\/\/soldadoadrianojose.com.br"],"url":"https:\/\/soldadoadrianojose.com.br\/index.php\/author\/soldadoadrianojose\/"}]}},"jetpack_featured_media_url":"https:\/\/soldadoadrianojose.com.br\/wp-content\/uploads\/2023\/10\/plen.jpg","_links":{"self":[{"href":"https:\/\/soldadoadrianojose.com.br\/index.php\/wp-json\/wp\/v2\/posts\/1188","targetHints":{"allow":["GET"]}}],"collection":[{"href":"https:\/\/soldadoadrianojose.com.br\/index.php\/wp-json\/wp\/v2\/posts"}],"about":[{"href":"https:\/\/soldadoadrianojose.com.br\/index.php\/wp-json\/wp\/v2\/types\/post"}],"author":[{"embeddable":true,"href":"https:\/\/soldadoadrianojose.com.br\/index.php\/wp-json\/wp\/v2\/users\/1"}],"replies":[{"embeddable":true,"href":"https:\/\/soldadoadrianojose.com.br\/index.php\/wp-json\/wp\/v2\/comments?post=1188"}],"version-history":[{"count":2,"href":"https:\/\/soldadoadrianojose.com.br\/index.php\/wp-json\/wp\/v2\/posts\/1188\/revisions"}],"predecessor-version":[{"id":1194,"href":"https:\/\/soldadoadrianojose.com.br\/index.php\/wp-json\/wp\/v2\/posts\/1188\/revisions\/1194"}],"wp:featuredmedia":[{"embeddable":true,"href":"https:\/\/soldadoadrianojose.com.br\/index.php\/wp-json\/wp\/v2\/media\/1192"}],"wp:attachment":[{"href":"https:\/\/soldadoadrianojose.com.br\/index.php\/wp-json\/wp\/v2\/media?parent=1188"}],"wp:term":[{"taxonomy":"category","embeddable":true,"href":"https:\/\/soldadoadrianojose.com.br\/index.php\/wp-json\/wp\/v2\/categories?post=1188"},{"taxonomy":"post_tag","embeddable":true,"href":"https:\/\/soldadoadrianojose.com.br\/index.php\/wp-json\/wp\/v2\/tags?post=1188"}],"curies":[{"name":"wp","href":"https:\/\/api.w.org\/{rel}","templated":true}]}}