{"id":1196,"date":"2023-10-04T17:18:40","date_gmt":"2023-10-04T20:18:40","guid":{"rendered":"https:\/\/soldadoadrianojose.com.br\/?p=1196"},"modified":"2023-10-04T17:18:45","modified_gmt":"2023-10-04T20:18:45","slug":"deputado-convida-para-audiencia-publica-sobre-carga-horaria-dos-militares-estaduais","status":"publish","type":"post","link":"https:\/\/soldadoadrianojose.com.br\/index.php\/2023\/10\/04\/deputado-convida-para-audiencia-publica-sobre-carga-horaria-dos-militares-estaduais\/","title":{"rendered":"Deputado convida para Audi\u00eancia P\u00fablica sobre Carga Hor\u00e1ria dos Militares Estaduais"},"content":{"rendered":"\n<div class=\"wp-block-columns is-layout-flex wp-container-core-columns-is-layout-28f84493 wp-block-columns-is-layout-flex\">\n<div class=\"wp-block-column is-layout-flow wp-block-column-is-layout-flow\" style=\"flex-basis:100%\">\n<figure class=\"wp-block-gallery has-nested-images columns-default is-cropped wp-block-gallery-1 is-layout-flex wp-block-gallery-is-layout-flex\">\n<figure class=\"wp-block-image size-large\"><img fetchpriority=\"high\" decoding=\"async\" width=\"1024\" height=\"683\" data-id=\"1197\" src=\"https:\/\/soldadoadrianojose.com.br\/wp-content\/uploads\/2023\/10\/09251-1024x683.jpg\" alt=\"\" class=\"wp-image-1197\" srcset=\"https:\/\/soldadoadrianojose.com.br\/wp-content\/uploads\/2023\/10\/09251-1024x683.jpg 1024w, https:\/\/soldadoadrianojose.com.br\/wp-content\/uploads\/2023\/10\/09251-300x200.jpg 300w, https:\/\/soldadoadrianojose.com.br\/wp-content\/uploads\/2023\/10\/09251-768x512.jpg 768w, https:\/\/soldadoadrianojose.com.br\/wp-content\/uploads\/2023\/10\/09251-1536x1024.jpg 1536w, https:\/\/soldadoadrianojose.com.br\/wp-content\/uploads\/2023\/10\/09251-2048x1365.jpg 2048w\" sizes=\"(max-width: 1024px) 100vw, 1024px\" \/><figcaption class=\"wp-element-caption\">Foto: divulga\u00e7\u00e3o.<\/figcaption><\/figure>\n<\/figure>\n<\/div>\n<\/div>\n\n\n\n<p>O Deputado Estadual Soldado Adriano Jos\u00e9 convida todos os policiais militares e bombeiros militares para participarem de uma Audi\u00eancia P\u00fablica a ser realizada na pr\u00f3xima ter\u00e7a-feira, dia 10 de outubro, no Audit\u00f3rio Legislativo da Assembleia Legislativa do Paran\u00e1.<\/p>\n\n\n\n<p>O deputado ressalta a relev\u00e2ncia do tema da carga hor\u00e1ria, que tem sido objeto de contato frequente por parte dos policiais, seja atrav\u00e9s do gabinete, redes sociais, telefone ou e-mail. Alinhado com o comandante geral da Pol\u00edcia Militar, o secret\u00e1rio de seguran\u00e7a p\u00fablica e o comandante do Corpo de Bombeiros, o deputado Soldado Adriano Jos\u00e9 busca tratar dessa quest\u00e3o na Assembleia Legislativa do Paran\u00e1.<\/p>\n\n\n\n<p>O convite \u00e9 estendido n\u00e3o apenas aos policiais militares e bombeiros militares, mas tamb\u00e9m aos comandantes de CRPMs, comandantes de batalh\u00f5es e companhias. O deputado ressalta a import\u00e2ncia de liberar a tropa para participar desse importante debate, que visa discutir e buscar solu\u00e7\u00f5es para a carga hor\u00e1ria dos militares estaduais.<\/p>\n\n\n\n<p>A Audi\u00eancia P\u00fablica contar\u00e1 com a presen\u00e7a de diversas autoridades civis e militares, que possuem vasto conhecimento sobre o tema em discuss\u00e3o. A participa\u00e7\u00e3o de todos \u00e9 fundamental para enriquecer o di\u00e1logo e contribuir para decis\u00f5es informadas e impactantes.<\/p>\n\n\n\n<figure class=\"wp-block-image size-large is-resized\"><img decoding=\"async\" src=\"https:\/\/soldadoadrianojose.com.br\/wp-content\/uploads\/2023\/10\/Flyer-para-culto-de-consagracao-cinza-e-dourado-elegante-3-724x1024.jpg\" alt=\"\" class=\"wp-image-1198\" style=\"width:442px;height:625px\" width=\"442\" height=\"625\" srcset=\"https:\/\/soldadoadrianojose.com.br\/wp-content\/uploads\/2023\/10\/Flyer-para-culto-de-consagracao-cinza-e-dourado-elegante-3-724x1024.jpg 724w, https:\/\/soldadoadrianojose.com.br\/wp-content\/uploads\/2023\/10\/Flyer-para-culto-de-consagracao-cinza-e-dourado-elegante-3-212x300.jpg 212w, https:\/\/soldadoadrianojose.com.br\/wp-content\/uploads\/2023\/10\/Flyer-para-culto-de-consagracao-cinza-e-dourado-elegante-3-768x1086.jpg 768w, https:\/\/soldadoadrianojose.com.br\/wp-content\/uploads\/2023\/10\/Flyer-para-culto-de-consagracao-cinza-e-dourado-elegante-3-1086x1536.jpg 1086w, https:\/\/soldadoadrianojose.com.br\/wp-content\/uploads\/2023\/10\/Flyer-para-culto-de-consagracao-cinza-e-dourado-elegante-3.jpg 1414w\" sizes=\"(max-width: 442px) 100vw, 442px\" \/><\/figure>\n\n\n\n<p>O Deputado Soldado Adriano Jos\u00e9 espera contar com a presen\u00e7a de todos os interessados nessa Audi\u00eancia P\u00fablica, que tem como objetivo moldar um futuro mais justo e seguro para aqueles que dedicam suas vidas a proteger a comunidade.<\/p>\n","protected":false},"excerpt":{"rendered":"<p>O Deputado Estadual Soldado Adriano Jos\u00e9 convida todos os policiais militares e bombeiros militares para participarem de uma Audi\u00eancia P\u00fablica a ser realizada na pr\u00f3xima ter\u00e7a-feira, dia 10 de outubro, no Audit\u00f3rio Legislativo da Assembleia Legislativa do Paran\u00e1. O deputado ressalta a relev\u00e2ncia do tema da carga hor\u00e1ria, que tem sido objeto de contato frequente [&hellip;]<\/p>\n","protected":false},"author":1,"featured_media":1197,"comment_status":"open","ping_status":"open","sticky":false,"template":"","format":"standard","meta":{"footnotes":""},"categories":[1],"tags":[35,9],"class_list":["post-1196","post","type-post","status-publish","format-standard","has-post-thumbnail","hentry","category-gabinete-sd","tag-jornada-de-trabalho-pm","tag-soldado-adriano-jose"],"yoast_head":"<!-- This site is optimized with the Yoast SEO plugin v27.4 - https:\/\/yoast.com\/product\/yoast-seo-wordpress\/ -->\n<title>Deputado convida para Audi\u00eancia P\u00fablica sobre Carga Hor\u00e1ria dos Militares Estaduais - Deputado Adriano Jos\u00e9<\/title>\n<meta name=\"robots\" content=\"index, follow, max-snippet:-1, max-image-preview:large, max-video-preview:-1\" \/>\n<link rel=\"canonical\" href=\"https:\/\/soldadoadrianojose.com.br\/index.php\/2023\/10\/04\/deputado-convida-para-audiencia-publica-sobre-carga-horaria-dos-militares-estaduais\/\" \/>\n<meta property=\"og:locale\" content=\"pt_BR\" \/>\n<meta property=\"og:type\" content=\"article\" \/>\n<meta property=\"og:title\" content=\"Deputado convida para Audi\u00eancia P\u00fablica sobre Carga Hor\u00e1ria dos Militares Estaduais - Deputado Adriano Jos\u00e9\" \/>\n<meta property=\"og:description\" content=\"O Deputado Estadual Soldado Adriano Jos\u00e9 convida todos os policiais militares e bombeiros militares para participarem de uma Audi\u00eancia P\u00fablica a ser realizada na pr\u00f3xima ter\u00e7a-feira, dia 10 de outubro, no Audit\u00f3rio Legislativo da Assembleia Legislativa do Paran\u00e1. O deputado ressalta a relev\u00e2ncia do tema da carga hor\u00e1ria, que tem sido objeto de contato frequente [&hellip;]\" \/>\n<meta property=\"og:url\" content=\"https:\/\/soldadoadrianojose.com.br\/index.php\/2023\/10\/04\/deputado-convida-para-audiencia-publica-sobre-carga-horaria-dos-militares-estaduais\/\" \/>\n<meta property=\"og:site_name\" content=\"Deputado Adriano Jos\u00e9\" \/>\n<meta property=\"article:published_time\" content=\"2023-10-04T20:18:40+00:00\" \/>\n<meta property=\"article:modified_time\" content=\"2023-10-04T20:18:45+00:00\" \/>\n<meta property=\"og:image\" content=\"https:\/\/soldadoadrianojose.com.br\/wp-content\/uploads\/2023\/10\/09251.jpg\" \/>\n\t<meta property=\"og:image:width\" content=\"2160\" \/>\n\t<meta property=\"og:image:height\" content=\"1440\" \/>\n\t<meta property=\"og:image:type\" content=\"image\/jpeg\" \/>\n<meta name=\"author\" content=\"soldadoadrianojose\" \/>\n<meta name=\"twitter:card\" content=\"summary_large_image\" \/>\n<meta name=\"twitter:label1\" content=\"Escrito por\" \/>\n\t<meta name=\"twitter:data1\" content=\"soldadoadrianojose\" \/>\n\t<meta name=\"twitter:label2\" content=\"Est. tempo de leitura\" \/>\n\t<meta name=\"twitter:data2\" content=\"2 minutos\" \/>\n<script type=\"application\/ld+json\" class=\"yoast-schema-graph\">{\"@context\":\"https:\\\/\\\/schema.org\",\"@graph\":[{\"@type\":\"Article\",\"@id\":\"https:\\\/\\\/soldadoadrianojose.com.br\\\/index.php\\\/2023\\\/10\\\/04\\\/deputado-convida-para-audiencia-publica-sobre-carga-horaria-dos-militares-estaduais\\\/#article\",\"isPartOf\":{\"@id\":\"https:\\\/\\\/soldadoadrianojose.com.br\\\/index.php\\\/2023\\\/10\\\/04\\\/deputado-convida-para-audiencia-publica-sobre-carga-horaria-dos-militares-estaduais\\\/\"},\"author\":{\"name\":\"soldadoadrianojose\",\"@id\":\"https:\\\/\\\/soldadoadrianojose.com.br\\\/#\\\/schema\\\/person\\\/16f8e8defb7a4bd6c6082efcd1bdb6bb\"},\"headline\":\"Deputado convida para Audi\u00eancia P\u00fablica sobre Carga Hor\u00e1ria dos Militares Estaduais\",\"datePublished\":\"2023-10-04T20:18:40+00:00\",\"dateModified\":\"2023-10-04T20:18:45+00:00\",\"mainEntityOfPage\":{\"@id\":\"https:\\\/\\\/soldadoadrianojose.com.br\\\/index.php\\\/2023\\\/10\\\/04\\\/deputado-convida-para-audiencia-publica-sobre-carga-horaria-dos-militares-estaduais\\\/\"},\"wordCount\":272,\"commentCount\":0,\"publisher\":{\"@id\":\"https:\\\/\\\/soldadoadrianojose.com.br\\\/#\\\/schema\\\/person\\\/16f8e8defb7a4bd6c6082efcd1bdb6bb\"},\"image\":{\"@id\":\"https:\\\/\\\/soldadoadrianojose.com.br\\\/index.php\\\/2023\\\/10\\\/04\\\/deputado-convida-para-audiencia-publica-sobre-carga-horaria-dos-militares-estaduais\\\/#primaryimage\"},\"thumbnailUrl\":\"https:\\\/\\\/soldadoadrianojose.com.br\\\/wp-content\\\/uploads\\\/2023\\\/10\\\/09251.jpg\",\"keywords\":[\"jornada de trabalho pm\",\"soldado adriano jose\"],\"articleSection\":[\"GABINETE SD\"],\"inLanguage\":\"pt-BR\",\"potentialAction\":[{\"@type\":\"CommentAction\",\"name\":\"Comment\",\"target\":[\"https:\\\/\\\/soldadoadrianojose.com.br\\\/index.php\\\/2023\\\/10\\\/04\\\/deputado-convida-para-audiencia-publica-sobre-carga-horaria-dos-militares-estaduais\\\/#respond\"]}]},{\"@type\":\"WebPage\",\"@id\":\"https:\\\/\\\/soldadoadrianojose.com.br\\\/index.php\\\/2023\\\/10\\\/04\\\/deputado-convida-para-audiencia-publica-sobre-carga-horaria-dos-militares-estaduais\\\/\",\"url\":\"https:\\\/\\\/soldadoadrianojose.com.br\\\/index.php\\\/2023\\\/10\\\/04\\\/deputado-convida-para-audiencia-publica-sobre-carga-horaria-dos-militares-estaduais\\\/\",\"name\":\"Deputado convida para Audi\u00eancia P\u00fablica sobre Carga Hor\u00e1ria dos Militares Estaduais - Deputado Adriano Jos\u00e9\",\"isPartOf\":{\"@id\":\"https:\\\/\\\/soldadoadrianojose.com.br\\\/#website\"},\"primaryImageOfPage\":{\"@id\":\"https:\\\/\\\/soldadoadrianojose.com.br\\\/index.php\\\/2023\\\/10\\\/04\\\/deputado-convida-para-audiencia-publica-sobre-carga-horaria-dos-militares-estaduais\\\/#primaryimage\"},\"image\":{\"@id\":\"https:\\\/\\\/soldadoadrianojose.com.br\\\/index.php\\\/2023\\\/10\\\/04\\\/deputado-convida-para-audiencia-publica-sobre-carga-horaria-dos-militares-estaduais\\\/#primaryimage\"},\"thumbnailUrl\":\"https:\\\/\\\/soldadoadrianojose.com.br\\\/wp-content\\\/uploads\\\/2023\\\/10\\\/09251.jpg\",\"datePublished\":\"2023-10-04T20:18:40+00:00\",\"dateModified\":\"2023-10-04T20:18:45+00:00\",\"breadcrumb\":{\"@id\":\"https:\\\/\\\/soldadoadrianojose.com.br\\\/index.php\\\/2023\\\/10\\\/04\\\/deputado-convida-para-audiencia-publica-sobre-carga-horaria-dos-militares-estaduais\\\/#breadcrumb\"},\"inLanguage\":\"pt-BR\",\"potentialAction\":[{\"@type\":\"ReadAction\",\"target\":[\"https:\\\/\\\/soldadoadrianojose.com.br\\\/index.php\\\/2023\\\/10\\\/04\\\/deputado-convida-para-audiencia-publica-sobre-carga-horaria-dos-militares-estaduais\\\/\"]}]},{\"@type\":\"ImageObject\",\"inLanguage\":\"pt-BR\",\"@id\":\"https:\\\/\\\/soldadoadrianojose.com.br\\\/index.php\\\/2023\\\/10\\\/04\\\/deputado-convida-para-audiencia-publica-sobre-carga-horaria-dos-militares-estaduais\\\/#primaryimage\",\"url\":\"https:\\\/\\\/soldadoadrianojose.com.br\\\/wp-content\\\/uploads\\\/2023\\\/10\\\/09251.jpg\",\"contentUrl\":\"https:\\\/\\\/soldadoadrianojose.com.br\\\/wp-content\\\/uploads\\\/2023\\\/10\\\/09251.jpg\",\"width\":2160,\"height\":1440},{\"@type\":\"BreadcrumbList\",\"@id\":\"https:\\\/\\\/soldadoadrianojose.com.br\\\/index.php\\\/2023\\\/10\\\/04\\\/deputado-convida-para-audiencia-publica-sobre-carga-horaria-dos-militares-estaduais\\\/#breadcrumb\",\"itemListElement\":[{\"@type\":\"ListItem\",\"position\":1,\"name\":\"In\u00edcio\",\"item\":\"https:\\\/\\\/soldadoadrianojose.com.br\\\/\"},{\"@type\":\"ListItem\",\"position\":2,\"name\":\"Deputado convida para Audi\u00eancia P\u00fablica sobre Carga Hor\u00e1ria dos Militares Estaduais\"}]},{\"@type\":\"WebSite\",\"@id\":\"https:\\\/\\\/soldadoadrianojose.com.br\\\/#website\",\"url\":\"https:\\\/\\\/soldadoadrianojose.com.br\\\/\",\"name\":\"Deputado Adriano Jos\u00e9\",\"description\":\"Nosso trabalho \u00e9 pelas pessoas\",\"publisher\":{\"@id\":\"https:\\\/\\\/soldadoadrianojose.com.br\\\/#\\\/schema\\\/person\\\/16f8e8defb7a4bd6c6082efcd1bdb6bb\"},\"potentialAction\":[{\"@type\":\"SearchAction\",\"target\":{\"@type\":\"EntryPoint\",\"urlTemplate\":\"https:\\\/\\\/soldadoadrianojose.com.br\\\/?s={search_term_string}\"},\"query-input\":{\"@type\":\"PropertyValueSpecification\",\"valueRequired\":true,\"valueName\":\"search_term_string\"}}],\"inLanguage\":\"pt-BR\"},{\"@type\":[\"Person\",\"Organization\"],\"@id\":\"https:\\\/\\\/soldadoadrianojose.com.br\\\/#\\\/schema\\\/person\\\/16f8e8defb7a4bd6c6082efcd1bdb6bb\",\"name\":\"soldadoadrianojose\",\"image\":{\"@type\":\"ImageObject\",\"inLanguage\":\"pt-BR\",\"@id\":\"https:\\\/\\\/soldadoadrianojose.com.br\\\/wp-content\\\/uploads\\\/2023\\\/02\\\/LOGO_CLEAR-5.png\",\"url\":\"https:\\\/\\\/soldadoadrianojose.com.br\\\/wp-content\\\/uploads\\\/2023\\\/02\\\/LOGO_CLEAR-5.png\",\"contentUrl\":\"https:\\\/\\\/soldadoadrianojose.com.br\\\/wp-content\\\/uploads\\\/2023\\\/02\\\/LOGO_CLEAR-5.png\",\"width\":3508,\"height\":998,\"caption\":\"soldadoadrianojose\"},\"logo\":{\"@id\":\"https:\\\/\\\/soldadoadrianojose.com.br\\\/wp-content\\\/uploads\\\/2023\\\/02\\\/LOGO_CLEAR-5.png\"},\"sameAs\":[\"https:\\\/\\\/soldadoadrianojose.com.br\"],\"url\":\"https:\\\/\\\/soldadoadrianojose.com.br\\\/index.php\\\/author\\\/soldadoadrianojose\\\/\"}]}<\/script>\n<!-- \/ Yoast SEO plugin. -->","yoast_head_json":{"title":"Deputado convida para Audi\u00eancia P\u00fablica sobre Carga Hor\u00e1ria dos Militares Estaduais - Deputado Adriano Jos\u00e9","robots":{"index":"index","follow":"follow","max-snippet":"max-snippet:-1","max-image-preview":"max-image-preview:large","max-video-preview":"max-video-preview:-1"},"canonical":"https:\/\/soldadoadrianojose.com.br\/index.php\/2023\/10\/04\/deputado-convida-para-audiencia-publica-sobre-carga-horaria-dos-militares-estaduais\/","og_locale":"pt_BR","og_type":"article","og_title":"Deputado convida para Audi\u00eancia P\u00fablica sobre Carga Hor\u00e1ria dos Militares Estaduais - Deputado Adriano Jos\u00e9","og_description":"O Deputado Estadual Soldado Adriano Jos\u00e9 convida todos os policiais militares e bombeiros militares para participarem de uma Audi\u00eancia P\u00fablica a ser realizada na pr\u00f3xima ter\u00e7a-feira, dia 10 de outubro, no Audit\u00f3rio Legislativo da Assembleia Legislativa do Paran\u00e1. O deputado ressalta a relev\u00e2ncia do tema da carga hor\u00e1ria, que tem sido objeto de contato frequente [&hellip;]","og_url":"https:\/\/soldadoadrianojose.com.br\/index.php\/2023\/10\/04\/deputado-convida-para-audiencia-publica-sobre-carga-horaria-dos-militares-estaduais\/","og_site_name":"Deputado Adriano Jos\u00e9","article_published_time":"2023-10-04T20:18:40+00:00","article_modified_time":"2023-10-04T20:18:45+00:00","og_image":[{"width":2160,"height":1440,"url":"https:\/\/soldadoadrianojose.com.br\/wp-content\/uploads\/2023\/10\/09251.jpg","type":"image\/jpeg"}],"author":"soldadoadrianojose","twitter_card":"summary_large_image","twitter_misc":{"Escrito por":"soldadoadrianojose","Est. tempo de leitura":"2 minutos"},"schema":{"@context":"https:\/\/schema.org","@graph":[{"@type":"Article","@id":"https:\/\/soldadoadrianojose.com.br\/index.php\/2023\/10\/04\/deputado-convida-para-audiencia-publica-sobre-carga-horaria-dos-militares-estaduais\/#article","isPartOf":{"@id":"https:\/\/soldadoadrianojose.com.br\/index.php\/2023\/10\/04\/deputado-convida-para-audiencia-publica-sobre-carga-horaria-dos-militares-estaduais\/"},"author":{"name":"soldadoadrianojose","@id":"https:\/\/soldadoadrianojose.com.br\/#\/schema\/person\/16f8e8defb7a4bd6c6082efcd1bdb6bb"},"headline":"Deputado convida para Audi\u00eancia P\u00fablica sobre Carga Hor\u00e1ria dos Militares Estaduais","datePublished":"2023-10-04T20:18:40+00:00","dateModified":"2023-10-04T20:18:45+00:00","mainEntityOfPage":{"@id":"https:\/\/soldadoadrianojose.com.br\/index.php\/2023\/10\/04\/deputado-convida-para-audiencia-publica-sobre-carga-horaria-dos-militares-estaduais\/"},"wordCount":272,"commentCount":0,"publisher":{"@id":"https:\/\/soldadoadrianojose.com.br\/#\/schema\/person\/16f8e8defb7a4bd6c6082efcd1bdb6bb"},"image":{"@id":"https:\/\/soldadoadrianojose.com.br\/index.php\/2023\/10\/04\/deputado-convida-para-audiencia-publica-sobre-carga-horaria-dos-militares-estaduais\/#primaryimage"},"thumbnailUrl":"https:\/\/soldadoadrianojose.com.br\/wp-content\/uploads\/2023\/10\/09251.jpg","keywords":["jornada de trabalho pm","soldado adriano jose"],"articleSection":["GABINETE SD"],"inLanguage":"pt-BR","potentialAction":[{"@type":"CommentAction","name":"Comment","target":["https:\/\/soldadoadrianojose.com.br\/index.php\/2023\/10\/04\/deputado-convida-para-audiencia-publica-sobre-carga-horaria-dos-militares-estaduais\/#respond"]}]},{"@type":"WebPage","@id":"https:\/\/soldadoadrianojose.com.br\/index.php\/2023\/10\/04\/deputado-convida-para-audiencia-publica-sobre-carga-horaria-dos-militares-estaduais\/","url":"https:\/\/soldadoadrianojose.com.br\/index.php\/2023\/10\/04\/deputado-convida-para-audiencia-publica-sobre-carga-horaria-dos-militares-estaduais\/","name":"Deputado convida para Audi\u00eancia P\u00fablica sobre Carga Hor\u00e1ria dos Militares Estaduais - Deputado Adriano Jos\u00e9","isPartOf":{"@id":"https:\/\/soldadoadrianojose.com.br\/#website"},"primaryImageOfPage":{"@id":"https:\/\/soldadoadrianojose.com.br\/index.php\/2023\/10\/04\/deputado-convida-para-audiencia-publica-sobre-carga-horaria-dos-militares-estaduais\/#primaryimage"},"image":{"@id":"https:\/\/soldadoadrianojose.com.br\/index.php\/2023\/10\/04\/deputado-convida-para-audiencia-publica-sobre-carga-horaria-dos-militares-estaduais\/#primaryimage"},"thumbnailUrl":"https:\/\/soldadoadrianojose.com.br\/wp-content\/uploads\/2023\/10\/09251.jpg","datePublished":"2023-10-04T20:18:40+00:00","dateModified":"2023-10-04T20:18:45+00:00","breadcrumb":{"@id":"https:\/\/soldadoadrianojose.com.br\/index.php\/2023\/10\/04\/deputado-convida-para-audiencia-publica-sobre-carga-horaria-dos-militares-estaduais\/#breadcrumb"},"inLanguage":"pt-BR","potentialAction":[{"@type":"ReadAction","target":["https:\/\/soldadoadrianojose.com.br\/index.php\/2023\/10\/04\/deputado-convida-para-audiencia-publica-sobre-carga-horaria-dos-militares-estaduais\/"]}]},{"@type":"ImageObject","inLanguage":"pt-BR","@id":"https:\/\/soldadoadrianojose.com.br\/index.php\/2023\/10\/04\/deputado-convida-para-audiencia-publica-sobre-carga-horaria-dos-militares-estaduais\/#primaryimage","url":"https:\/\/soldadoadrianojose.com.br\/wp-content\/uploads\/2023\/10\/09251.jpg","contentUrl":"https:\/\/soldadoadrianojose.com.br\/wp-content\/uploads\/2023\/10\/09251.jpg","width":2160,"height":1440},{"@type":"BreadcrumbList","@id":"https:\/\/soldadoadrianojose.com.br\/index.php\/2023\/10\/04\/deputado-convida-para-audiencia-publica-sobre-carga-horaria-dos-militares-estaduais\/#breadcrumb","itemListElement":[{"@type":"ListItem","position":1,"name":"In\u00edcio","item":"https:\/\/soldadoadrianojose.com.br\/"},{"@type":"ListItem","position":2,"name":"Deputado convida para Audi\u00eancia P\u00fablica sobre Carga Hor\u00e1ria dos Militares Estaduais"}]},{"@type":"WebSite","@id":"https:\/\/soldadoadrianojose.com.br\/#website","url":"https:\/\/soldadoadrianojose.com.br\/","name":"Deputado Adriano Jos\u00e9","description":"Nosso trabalho \u00e9 pelas pessoas","publisher":{"@id":"https:\/\/soldadoadrianojose.com.br\/#\/schema\/person\/16f8e8defb7a4bd6c6082efcd1bdb6bb"},"potentialAction":[{"@type":"SearchAction","target":{"@type":"EntryPoint","urlTemplate":"https:\/\/soldadoadrianojose.com.br\/?s={search_term_string}"},"query-input":{"@type":"PropertyValueSpecification","valueRequired":true,"valueName":"search_term_string"}}],"inLanguage":"pt-BR"},{"@type":["Person","Organization"],"@id":"https:\/\/soldadoadrianojose.com.br\/#\/schema\/person\/16f8e8defb7a4bd6c6082efcd1bdb6bb","name":"soldadoadrianojose","image":{"@type":"ImageObject","inLanguage":"pt-BR","@id":"https:\/\/soldadoadrianojose.com.br\/wp-content\/uploads\/2023\/02\/LOGO_CLEAR-5.png","url":"https:\/\/soldadoadrianojose.com.br\/wp-content\/uploads\/2023\/02\/LOGO_CLEAR-5.png","contentUrl":"https:\/\/soldadoadrianojose.com.br\/wp-content\/uploads\/2023\/02\/LOGO_CLEAR-5.png","width":3508,"height":998,"caption":"soldadoadrianojose"},"logo":{"@id":"https:\/\/soldadoadrianojose.com.br\/wp-content\/uploads\/2023\/02\/LOGO_CLEAR-5.png"},"sameAs":["https:\/\/soldadoadrianojose.com.br"],"url":"https:\/\/soldadoadrianojose.com.br\/index.php\/author\/soldadoadrianojose\/"}]}},"jetpack_featured_media_url":"https:\/\/soldadoadrianojose.com.br\/wp-content\/uploads\/2023\/10\/09251.jpg","_links":{"self":[{"href":"https:\/\/soldadoadrianojose.com.br\/index.php\/wp-json\/wp\/v2\/posts\/1196","targetHints":{"allow":["GET"]}}],"collection":[{"href":"https:\/\/soldadoadrianojose.com.br\/index.php\/wp-json\/wp\/v2\/posts"}],"about":[{"href":"https:\/\/soldadoadrianojose.com.br\/index.php\/wp-json\/wp\/v2\/types\/post"}],"author":[{"embeddable":true,"href":"https:\/\/soldadoadrianojose.com.br\/index.php\/wp-json\/wp\/v2\/users\/1"}],"replies":[{"embeddable":true,"href":"https:\/\/soldadoadrianojose.com.br\/index.php\/wp-json\/wp\/v2\/comments?post=1196"}],"version-history":[{"count":1,"href":"https:\/\/soldadoadrianojose.com.br\/index.php\/wp-json\/wp\/v2\/posts\/1196\/revisions"}],"predecessor-version":[{"id":1199,"href":"https:\/\/soldadoadrianojose.com.br\/index.php\/wp-json\/wp\/v2\/posts\/1196\/revisions\/1199"}],"wp:featuredmedia":[{"embeddable":true,"href":"https:\/\/soldadoadrianojose.com.br\/index.php\/wp-json\/wp\/v2\/media\/1197"}],"wp:attachment":[{"href":"https:\/\/soldadoadrianojose.com.br\/index.php\/wp-json\/wp\/v2\/media?parent=1196"}],"wp:term":[{"taxonomy":"category","embeddable":true,"href":"https:\/\/soldadoadrianojose.com.br\/index.php\/wp-json\/wp\/v2\/categories?post=1196"},{"taxonomy":"post_tag","embeddable":true,"href":"https:\/\/soldadoadrianojose.com.br\/index.php\/wp-json\/wp\/v2\/tags?post=1196"}],"curies":[{"name":"wp","href":"https:\/\/api.w.org\/{rel}","templated":true}]}}