{"id":1220,"date":"2023-10-19T16:34:04","date_gmt":"2023-10-19T19:34:04","guid":{"rendered":"https:\/\/soldadoadrianojose.com.br\/?p=1220"},"modified":"2023-10-19T16:34:09","modified_gmt":"2023-10-19T19:34:09","slug":"audiencia-publica-debatera-sobre-populacao-em-situacao-de-rua","status":"publish","type":"post","link":"https:\/\/soldadoadrianojose.com.br\/index.php\/2023\/10\/19\/audiencia-publica-debatera-sobre-populacao-em-situacao-de-rua\/","title":{"rendered":"Audi\u00eancia p\u00fablica debater\u00e1 sobre popula\u00e7\u00e3o em situa\u00e7\u00e3o de rua"},"content":{"rendered":"\n<div class=\"wp-block-jetpack-slideshow aligncenter\" data-effect=\"slide\"><div class=\"wp-block-jetpack-slideshow_container swiper-container\"><ul class=\"wp-block-jetpack-slideshow_swiper-wrapper swiper-wrapper\"><li class=\"wp-block-jetpack-slideshow_slide swiper-slide\"><figure><img fetchpriority=\"high\" decoding=\"async\" width=\"863\" height=\"575\" alt=\"\" class=\"wp-block-jetpack-slideshow_image wp-image-1221\" data-id=\"1221\" src=\"https:\/\/soldadoadrianojose.com.br\/wp-content\/uploads\/2023\/10\/nb8x0chQKSQTxXA8RwHGIdVuFKziV4KzFOSHv90x-1.jpg\" srcset=\"https:\/\/soldadoadrianojose.com.br\/wp-content\/uploads\/2023\/10\/nb8x0chQKSQTxXA8RwHGIdVuFKziV4KzFOSHv90x-1.jpg 863w, https:\/\/soldadoadrianojose.com.br\/wp-content\/uploads\/2023\/10\/nb8x0chQKSQTxXA8RwHGIdVuFKziV4KzFOSHv90x-1-300x200.jpg 300w, https:\/\/soldadoadrianojose.com.br\/wp-content\/uploads\/2023\/10\/nb8x0chQKSQTxXA8RwHGIdVuFKziV4KzFOSHv90x-1-768x512.jpg 768w\" sizes=\"(max-width: 863px) 100vw, 863px\" \/><figcaption class=\"wp-block-jetpack-slideshow_caption gallery-caption\">O deputado Soldado Adriano Jos\u00e9 (PP) \u00e9 presidente da Comiss\u00e3o de Seguran\u00e7a P\u00fablica da Assembleia.<strong><small>Cr\u00e9ditos:<\/small>Orlando Kissner\/Alep<\/strong><\/figcaption><\/figure><\/li><\/ul><a class=\"wp-block-jetpack-slideshow_button-prev swiper-button-prev swiper-button-white\" role=\"button\"><\/a><a class=\"wp-block-jetpack-slideshow_button-next swiper-button-next swiper-button-white\" role=\"button\"><\/a><a aria-label=\"Pause Slideshow\" class=\"wp-block-jetpack-slideshow_button-pause\" role=\"button\"><\/a><div class=\"wp-block-jetpack-slideshow_pagination swiper-pagination swiper-pagination-white\"><\/div><\/div><\/div>\n\n\n\n<p>O presidente da Comiss\u00e3o de Seguran\u00e7a P\u00fablica, deputado Soldado Adriano Jos\u00e9 (PP), \u00e9 o proponente da audi\u00eancia p\u00fablica &#8220;A Popula\u00e7\u00e3o de Rua e a Ordem P\u00fablica no Paran\u00e1&#8221;, que acontece na pr\u00f3xima segunda-feira (23), \u00e0s 9 horas, no Audit\u00f3rio Legislativo da Casa. \u201cEssa oportunidade ser\u00e1 valiosa para analisar as quest\u00f5es que envolvem essa tem\u00e1tica\u201d, afirma o parlamentar.<\/p>\n\n\n\n<p>\u201cO objetivo do encontro \u00e9 estabelecer um di\u00e1logo aberto e inclusivo sobre esse tema complexo, onde as preocupa\u00e7\u00f5es e ideias diversas possam ser ditas e consideradas, buscando solu\u00e7\u00f5es conjuntas\u201d, ressalta Soldado Adriano Jos\u00e9.&nbsp;<\/p>\n\n\n\n<p>Para o presidente da Abrabar-PR, Fabio Aguayo, a audi\u00eancia \u00e9 fundamental para discutir as quest\u00f5es que envolvem esse assunto, n\u00e3o apenas na capital, mas tamb\u00e9m nos grandes centros urbanos e pequenas cidades paranaenses.<\/p>\n\n\n\n<p>Ele destacou a import\u00e2ncia da participa\u00e7\u00e3o de entidades da sociedade civil que lidam diretamente com essa realidade, como os bares e restaurantes, que sofrem com furtos e depreda\u00e7\u00f5es e enfatizou a necessidade de buscar mecanismos e direcionamentos corretos para lidar com essa situa\u00e7\u00e3o, envolvendo tanto o governo federal quanto o estadual, em conjunto com a sociedade civil e as entidades envolvidas.<\/p>\n\n\n\n<p>O deputado Soldado Adriano Jos\u00e9 tem se mostrado sens\u00edvel a essa problem\u00e1tica e busca integrar os diferentes setores da sociedade na constru\u00e7\u00e3o de solu\u00e7\u00f5es eficazes, respeitando os direitos humanos. Para ele \u00e9 atrav\u00e9s do engajamento e da contribui\u00e7\u00e3o de todos que ser\u00e1 poss\u00edvel encontrar solu\u00e7\u00f5es efetivas e humanit\u00e1rias para essa realidade. \u201cA presen\u00e7a dos cidad\u00e3os fortalecer\u00e1 os esfor\u00e7os coletivos em busca de uma comunidade mais justa e solid\u00e1ria, proporcionando um futuro melhor para aqueles que se encontram em situa\u00e7\u00e3o de vulnerabilidade\u201d, conclui.<\/p>\n","protected":false},"excerpt":{"rendered":"<p>O presidente da Comiss\u00e3o de Seguran\u00e7a P\u00fablica, deputado Soldado Adriano Jos\u00e9 (PP), \u00e9 o proponente da audi\u00eancia p\u00fablica &#8220;A Popula\u00e7\u00e3o de Rua e a Ordem P\u00fablica no Paran\u00e1&#8221;, que acontece na pr\u00f3xima segunda-feira (23), \u00e0s 9 horas, no Audit\u00f3rio Legislativo da Casa. \u201cEssa oportunidade ser\u00e1 valiosa para analisar as quest\u00f5es que envolvem essa tem\u00e1tica\u201d, afirma [&hellip;]<\/p>\n","protected":false},"author":1,"featured_media":1221,"comment_status":"open","ping_status":"open","sticky":false,"template":"","format":"standard","meta":{"footnotes":""},"categories":[1,5],"tags":[40],"class_list":["post-1220","post","type-post","status-publish","format-standard","has-post-thumbnail","hentry","category-gabinete-sd","category-parana","tag-moradores-de-rua"],"yoast_head":"<!-- This site is optimized with the Yoast SEO plugin v27.4 - https:\/\/yoast.com\/product\/yoast-seo-wordpress\/ -->\n<title>Audi\u00eancia p\u00fablica debater\u00e1 sobre popula\u00e7\u00e3o em situa\u00e7\u00e3o de rua - Deputado Adriano Jos\u00e9<\/title>\n<meta name=\"robots\" content=\"index, follow, max-snippet:-1, max-image-preview:large, max-video-preview:-1\" \/>\n<link rel=\"canonical\" href=\"https:\/\/soldadoadrianojose.com.br\/index.php\/2023\/10\/19\/audiencia-publica-debatera-sobre-populacao-em-situacao-de-rua\/\" \/>\n<meta property=\"og:locale\" content=\"pt_BR\" \/>\n<meta property=\"og:type\" content=\"article\" \/>\n<meta property=\"og:title\" content=\"Audi\u00eancia p\u00fablica debater\u00e1 sobre popula\u00e7\u00e3o em situa\u00e7\u00e3o de rua - Deputado Adriano Jos\u00e9\" \/>\n<meta property=\"og:description\" content=\"O presidente da Comiss\u00e3o de Seguran\u00e7a P\u00fablica, deputado Soldado Adriano Jos\u00e9 (PP), \u00e9 o proponente da audi\u00eancia p\u00fablica &#8220;A Popula\u00e7\u00e3o de Rua e a Ordem P\u00fablica no Paran\u00e1&#8221;, que acontece na pr\u00f3xima segunda-feira (23), \u00e0s 9 horas, no Audit\u00f3rio Legislativo da Casa. \u201cEssa oportunidade ser\u00e1 valiosa para analisar as quest\u00f5es que envolvem essa tem\u00e1tica\u201d, afirma [&hellip;]\" \/>\n<meta property=\"og:url\" content=\"https:\/\/soldadoadrianojose.com.br\/index.php\/2023\/10\/19\/audiencia-publica-debatera-sobre-populacao-em-situacao-de-rua\/\" \/>\n<meta property=\"og:site_name\" content=\"Deputado Adriano Jos\u00e9\" \/>\n<meta property=\"article:published_time\" content=\"2023-10-19T19:34:04+00:00\" \/>\n<meta property=\"article:modified_time\" content=\"2023-10-19T19:34:09+00:00\" \/>\n<meta property=\"og:image\" content=\"https:\/\/soldadoadrianojose.com.br\/wp-content\/uploads\/2023\/10\/nb8x0chQKSQTxXA8RwHGIdVuFKziV4KzFOSHv90x-1.jpg\" \/>\n\t<meta property=\"og:image:width\" content=\"863\" \/>\n\t<meta property=\"og:image:height\" content=\"575\" \/>\n\t<meta property=\"og:image:type\" content=\"image\/jpeg\" \/>\n<meta name=\"author\" content=\"soldadoadrianojose\" \/>\n<meta name=\"twitter:card\" content=\"summary_large_image\" \/>\n<meta name=\"twitter:label1\" content=\"Escrito por\" \/>\n\t<meta name=\"twitter:data1\" content=\"soldadoadrianojose\" \/>\n\t<meta name=\"twitter:label2\" content=\"Est. tempo de leitura\" \/>\n\t<meta name=\"twitter:data2\" content=\"2 minutos\" \/>\n<script type=\"application\/ld+json\" class=\"yoast-schema-graph\">{\"@context\":\"https:\\\/\\\/schema.org\",\"@graph\":[{\"@type\":\"Article\",\"@id\":\"https:\\\/\\\/soldadoadrianojose.com.br\\\/index.php\\\/2023\\\/10\\\/19\\\/audiencia-publica-debatera-sobre-populacao-em-situacao-de-rua\\\/#article\",\"isPartOf\":{\"@id\":\"https:\\\/\\\/soldadoadrianojose.com.br\\\/index.php\\\/2023\\\/10\\\/19\\\/audiencia-publica-debatera-sobre-populacao-em-situacao-de-rua\\\/\"},\"author\":{\"name\":\"soldadoadrianojose\",\"@id\":\"https:\\\/\\\/soldadoadrianojose.com.br\\\/#\\\/schema\\\/person\\\/16f8e8defb7a4bd6c6082efcd1bdb6bb\"},\"headline\":\"Audi\u00eancia p\u00fablica debater\u00e1 sobre popula\u00e7\u00e3o em situa\u00e7\u00e3o de rua\",\"datePublished\":\"2023-10-19T19:34:04+00:00\",\"dateModified\":\"2023-10-19T19:34:09+00:00\",\"mainEntityOfPage\":{\"@id\":\"https:\\\/\\\/soldadoadrianojose.com.br\\\/index.php\\\/2023\\\/10\\\/19\\\/audiencia-publica-debatera-sobre-populacao-em-situacao-de-rua\\\/\"},\"wordCount\":332,\"commentCount\":0,\"publisher\":{\"@id\":\"https:\\\/\\\/soldadoadrianojose.com.br\\\/#\\\/schema\\\/person\\\/16f8e8defb7a4bd6c6082efcd1bdb6bb\"},\"image\":{\"@id\":\"https:\\\/\\\/soldadoadrianojose.com.br\\\/index.php\\\/2023\\\/10\\\/19\\\/audiencia-publica-debatera-sobre-populacao-em-situacao-de-rua\\\/#primaryimage\"},\"thumbnailUrl\":\"https:\\\/\\\/soldadoadrianojose.com.br\\\/wp-content\\\/uploads\\\/2023\\\/10\\\/nb8x0chQKSQTxXA8RwHGIdVuFKziV4KzFOSHv90x-1.jpg\",\"keywords\":[\"moradores de rua\"],\"articleSection\":[\"GABINETE SD\",\"PARAN\u00c1\"],\"inLanguage\":\"pt-BR\",\"potentialAction\":[{\"@type\":\"CommentAction\",\"name\":\"Comment\",\"target\":[\"https:\\\/\\\/soldadoadrianojose.com.br\\\/index.php\\\/2023\\\/10\\\/19\\\/audiencia-publica-debatera-sobre-populacao-em-situacao-de-rua\\\/#respond\"]}]},{\"@type\":\"WebPage\",\"@id\":\"https:\\\/\\\/soldadoadrianojose.com.br\\\/index.php\\\/2023\\\/10\\\/19\\\/audiencia-publica-debatera-sobre-populacao-em-situacao-de-rua\\\/\",\"url\":\"https:\\\/\\\/soldadoadrianojose.com.br\\\/index.php\\\/2023\\\/10\\\/19\\\/audiencia-publica-debatera-sobre-populacao-em-situacao-de-rua\\\/\",\"name\":\"Audi\u00eancia p\u00fablica debater\u00e1 sobre popula\u00e7\u00e3o em situa\u00e7\u00e3o de rua - Deputado Adriano Jos\u00e9\",\"isPartOf\":{\"@id\":\"https:\\\/\\\/soldadoadrianojose.com.br\\\/#website\"},\"primaryImageOfPage\":{\"@id\":\"https:\\\/\\\/soldadoadrianojose.com.br\\\/index.php\\\/2023\\\/10\\\/19\\\/audiencia-publica-debatera-sobre-populacao-em-situacao-de-rua\\\/#primaryimage\"},\"image\":{\"@id\":\"https:\\\/\\\/soldadoadrianojose.com.br\\\/index.php\\\/2023\\\/10\\\/19\\\/audiencia-publica-debatera-sobre-populacao-em-situacao-de-rua\\\/#primaryimage\"},\"thumbnailUrl\":\"https:\\\/\\\/soldadoadrianojose.com.br\\\/wp-content\\\/uploads\\\/2023\\\/10\\\/nb8x0chQKSQTxXA8RwHGIdVuFKziV4KzFOSHv90x-1.jpg\",\"datePublished\":\"2023-10-19T19:34:04+00:00\",\"dateModified\":\"2023-10-19T19:34:09+00:00\",\"breadcrumb\":{\"@id\":\"https:\\\/\\\/soldadoadrianojose.com.br\\\/index.php\\\/2023\\\/10\\\/19\\\/audiencia-publica-debatera-sobre-populacao-em-situacao-de-rua\\\/#breadcrumb\"},\"inLanguage\":\"pt-BR\",\"potentialAction\":[{\"@type\":\"ReadAction\",\"target\":[\"https:\\\/\\\/soldadoadrianojose.com.br\\\/index.php\\\/2023\\\/10\\\/19\\\/audiencia-publica-debatera-sobre-populacao-em-situacao-de-rua\\\/\"]}]},{\"@type\":\"ImageObject\",\"inLanguage\":\"pt-BR\",\"@id\":\"https:\\\/\\\/soldadoadrianojose.com.br\\\/index.php\\\/2023\\\/10\\\/19\\\/audiencia-publica-debatera-sobre-populacao-em-situacao-de-rua\\\/#primaryimage\",\"url\":\"https:\\\/\\\/soldadoadrianojose.com.br\\\/wp-content\\\/uploads\\\/2023\\\/10\\\/nb8x0chQKSQTxXA8RwHGIdVuFKziV4KzFOSHv90x-1.jpg\",\"contentUrl\":\"https:\\\/\\\/soldadoadrianojose.com.br\\\/wp-content\\\/uploads\\\/2023\\\/10\\\/nb8x0chQKSQTxXA8RwHGIdVuFKziV4KzFOSHv90x-1.jpg\",\"width\":863,\"height\":575},{\"@type\":\"BreadcrumbList\",\"@id\":\"https:\\\/\\\/soldadoadrianojose.com.br\\\/index.php\\\/2023\\\/10\\\/19\\\/audiencia-publica-debatera-sobre-populacao-em-situacao-de-rua\\\/#breadcrumb\",\"itemListElement\":[{\"@type\":\"ListItem\",\"position\":1,\"name\":\"In\u00edcio\",\"item\":\"https:\\\/\\\/soldadoadrianojose.com.br\\\/\"},{\"@type\":\"ListItem\",\"position\":2,\"name\":\"Audi\u00eancia p\u00fablica debater\u00e1 sobre popula\u00e7\u00e3o em situa\u00e7\u00e3o de rua\"}]},{\"@type\":\"WebSite\",\"@id\":\"https:\\\/\\\/soldadoadrianojose.com.br\\\/#website\",\"url\":\"https:\\\/\\\/soldadoadrianojose.com.br\\\/\",\"name\":\"Deputado Adriano Jos\u00e9\",\"description\":\"Nosso trabalho \u00e9 pelas pessoas\",\"publisher\":{\"@id\":\"https:\\\/\\\/soldadoadrianojose.com.br\\\/#\\\/schema\\\/person\\\/16f8e8defb7a4bd6c6082efcd1bdb6bb\"},\"potentialAction\":[{\"@type\":\"SearchAction\",\"target\":{\"@type\":\"EntryPoint\",\"urlTemplate\":\"https:\\\/\\\/soldadoadrianojose.com.br\\\/?s={search_term_string}\"},\"query-input\":{\"@type\":\"PropertyValueSpecification\",\"valueRequired\":true,\"valueName\":\"search_term_string\"}}],\"inLanguage\":\"pt-BR\"},{\"@type\":[\"Person\",\"Organization\"],\"@id\":\"https:\\\/\\\/soldadoadrianojose.com.br\\\/#\\\/schema\\\/person\\\/16f8e8defb7a4bd6c6082efcd1bdb6bb\",\"name\":\"soldadoadrianojose\",\"image\":{\"@type\":\"ImageObject\",\"inLanguage\":\"pt-BR\",\"@id\":\"https:\\\/\\\/soldadoadrianojose.com.br\\\/wp-content\\\/uploads\\\/2023\\\/02\\\/LOGO_CLEAR-5.png\",\"url\":\"https:\\\/\\\/soldadoadrianojose.com.br\\\/wp-content\\\/uploads\\\/2023\\\/02\\\/LOGO_CLEAR-5.png\",\"contentUrl\":\"https:\\\/\\\/soldadoadrianojose.com.br\\\/wp-content\\\/uploads\\\/2023\\\/02\\\/LOGO_CLEAR-5.png\",\"width\":3508,\"height\":998,\"caption\":\"soldadoadrianojose\"},\"logo\":{\"@id\":\"https:\\\/\\\/soldadoadrianojose.com.br\\\/wp-content\\\/uploads\\\/2023\\\/02\\\/LOGO_CLEAR-5.png\"},\"sameAs\":[\"https:\\\/\\\/soldadoadrianojose.com.br\"],\"url\":\"https:\\\/\\\/soldadoadrianojose.com.br\\\/index.php\\\/author\\\/soldadoadrianojose\\\/\"}]}<\/script>\n<!-- \/ Yoast SEO plugin. -->","yoast_head_json":{"title":"Audi\u00eancia p\u00fablica debater\u00e1 sobre popula\u00e7\u00e3o em situa\u00e7\u00e3o de rua - Deputado Adriano Jos\u00e9","robots":{"index":"index","follow":"follow","max-snippet":"max-snippet:-1","max-image-preview":"max-image-preview:large","max-video-preview":"max-video-preview:-1"},"canonical":"https:\/\/soldadoadrianojose.com.br\/index.php\/2023\/10\/19\/audiencia-publica-debatera-sobre-populacao-em-situacao-de-rua\/","og_locale":"pt_BR","og_type":"article","og_title":"Audi\u00eancia p\u00fablica debater\u00e1 sobre popula\u00e7\u00e3o em situa\u00e7\u00e3o de rua - Deputado Adriano Jos\u00e9","og_description":"O presidente da Comiss\u00e3o de Seguran\u00e7a P\u00fablica, deputado Soldado Adriano Jos\u00e9 (PP), \u00e9 o proponente da audi\u00eancia p\u00fablica &#8220;A Popula\u00e7\u00e3o de Rua e a Ordem P\u00fablica no Paran\u00e1&#8221;, que acontece na pr\u00f3xima segunda-feira (23), \u00e0s 9 horas, no Audit\u00f3rio Legislativo da Casa. \u201cEssa oportunidade ser\u00e1 valiosa para analisar as quest\u00f5es que envolvem essa tem\u00e1tica\u201d, afirma [&hellip;]","og_url":"https:\/\/soldadoadrianojose.com.br\/index.php\/2023\/10\/19\/audiencia-publica-debatera-sobre-populacao-em-situacao-de-rua\/","og_site_name":"Deputado Adriano Jos\u00e9","article_published_time":"2023-10-19T19:34:04+00:00","article_modified_time":"2023-10-19T19:34:09+00:00","og_image":[{"width":863,"height":575,"url":"https:\/\/soldadoadrianojose.com.br\/wp-content\/uploads\/2023\/10\/nb8x0chQKSQTxXA8RwHGIdVuFKziV4KzFOSHv90x-1.jpg","type":"image\/jpeg"}],"author":"soldadoadrianojose","twitter_card":"summary_large_image","twitter_misc":{"Escrito por":"soldadoadrianojose","Est. tempo de leitura":"2 minutos"},"schema":{"@context":"https:\/\/schema.org","@graph":[{"@type":"Article","@id":"https:\/\/soldadoadrianojose.com.br\/index.php\/2023\/10\/19\/audiencia-publica-debatera-sobre-populacao-em-situacao-de-rua\/#article","isPartOf":{"@id":"https:\/\/soldadoadrianojose.com.br\/index.php\/2023\/10\/19\/audiencia-publica-debatera-sobre-populacao-em-situacao-de-rua\/"},"author":{"name":"soldadoadrianojose","@id":"https:\/\/soldadoadrianojose.com.br\/#\/schema\/person\/16f8e8defb7a4bd6c6082efcd1bdb6bb"},"headline":"Audi\u00eancia p\u00fablica debater\u00e1 sobre popula\u00e7\u00e3o em situa\u00e7\u00e3o de rua","datePublished":"2023-10-19T19:34:04+00:00","dateModified":"2023-10-19T19:34:09+00:00","mainEntityOfPage":{"@id":"https:\/\/soldadoadrianojose.com.br\/index.php\/2023\/10\/19\/audiencia-publica-debatera-sobre-populacao-em-situacao-de-rua\/"},"wordCount":332,"commentCount":0,"publisher":{"@id":"https:\/\/soldadoadrianojose.com.br\/#\/schema\/person\/16f8e8defb7a4bd6c6082efcd1bdb6bb"},"image":{"@id":"https:\/\/soldadoadrianojose.com.br\/index.php\/2023\/10\/19\/audiencia-publica-debatera-sobre-populacao-em-situacao-de-rua\/#primaryimage"},"thumbnailUrl":"https:\/\/soldadoadrianojose.com.br\/wp-content\/uploads\/2023\/10\/nb8x0chQKSQTxXA8RwHGIdVuFKziV4KzFOSHv90x-1.jpg","keywords":["moradores de rua"],"articleSection":["GABINETE SD","PARAN\u00c1"],"inLanguage":"pt-BR","potentialAction":[{"@type":"CommentAction","name":"Comment","target":["https:\/\/soldadoadrianojose.com.br\/index.php\/2023\/10\/19\/audiencia-publica-debatera-sobre-populacao-em-situacao-de-rua\/#respond"]}]},{"@type":"WebPage","@id":"https:\/\/soldadoadrianojose.com.br\/index.php\/2023\/10\/19\/audiencia-publica-debatera-sobre-populacao-em-situacao-de-rua\/","url":"https:\/\/soldadoadrianojose.com.br\/index.php\/2023\/10\/19\/audiencia-publica-debatera-sobre-populacao-em-situacao-de-rua\/","name":"Audi\u00eancia p\u00fablica debater\u00e1 sobre popula\u00e7\u00e3o em situa\u00e7\u00e3o de rua - Deputado Adriano Jos\u00e9","isPartOf":{"@id":"https:\/\/soldadoadrianojose.com.br\/#website"},"primaryImageOfPage":{"@id":"https:\/\/soldadoadrianojose.com.br\/index.php\/2023\/10\/19\/audiencia-publica-debatera-sobre-populacao-em-situacao-de-rua\/#primaryimage"},"image":{"@id":"https:\/\/soldadoadrianojose.com.br\/index.php\/2023\/10\/19\/audiencia-publica-debatera-sobre-populacao-em-situacao-de-rua\/#primaryimage"},"thumbnailUrl":"https:\/\/soldadoadrianojose.com.br\/wp-content\/uploads\/2023\/10\/nb8x0chQKSQTxXA8RwHGIdVuFKziV4KzFOSHv90x-1.jpg","datePublished":"2023-10-19T19:34:04+00:00","dateModified":"2023-10-19T19:34:09+00:00","breadcrumb":{"@id":"https:\/\/soldadoadrianojose.com.br\/index.php\/2023\/10\/19\/audiencia-publica-debatera-sobre-populacao-em-situacao-de-rua\/#breadcrumb"},"inLanguage":"pt-BR","potentialAction":[{"@type":"ReadAction","target":["https:\/\/soldadoadrianojose.com.br\/index.php\/2023\/10\/19\/audiencia-publica-debatera-sobre-populacao-em-situacao-de-rua\/"]}]},{"@type":"ImageObject","inLanguage":"pt-BR","@id":"https:\/\/soldadoadrianojose.com.br\/index.php\/2023\/10\/19\/audiencia-publica-debatera-sobre-populacao-em-situacao-de-rua\/#primaryimage","url":"https:\/\/soldadoadrianojose.com.br\/wp-content\/uploads\/2023\/10\/nb8x0chQKSQTxXA8RwHGIdVuFKziV4KzFOSHv90x-1.jpg","contentUrl":"https:\/\/soldadoadrianojose.com.br\/wp-content\/uploads\/2023\/10\/nb8x0chQKSQTxXA8RwHGIdVuFKziV4KzFOSHv90x-1.jpg","width":863,"height":575},{"@type":"BreadcrumbList","@id":"https:\/\/soldadoadrianojose.com.br\/index.php\/2023\/10\/19\/audiencia-publica-debatera-sobre-populacao-em-situacao-de-rua\/#breadcrumb","itemListElement":[{"@type":"ListItem","position":1,"name":"In\u00edcio","item":"https:\/\/soldadoadrianojose.com.br\/"},{"@type":"ListItem","position":2,"name":"Audi\u00eancia p\u00fablica debater\u00e1 sobre popula\u00e7\u00e3o em situa\u00e7\u00e3o de rua"}]},{"@type":"WebSite","@id":"https:\/\/soldadoadrianojose.com.br\/#website","url":"https:\/\/soldadoadrianojose.com.br\/","name":"Deputado Adriano Jos\u00e9","description":"Nosso trabalho \u00e9 pelas pessoas","publisher":{"@id":"https:\/\/soldadoadrianojose.com.br\/#\/schema\/person\/16f8e8defb7a4bd6c6082efcd1bdb6bb"},"potentialAction":[{"@type":"SearchAction","target":{"@type":"EntryPoint","urlTemplate":"https:\/\/soldadoadrianojose.com.br\/?s={search_term_string}"},"query-input":{"@type":"PropertyValueSpecification","valueRequired":true,"valueName":"search_term_string"}}],"inLanguage":"pt-BR"},{"@type":["Person","Organization"],"@id":"https:\/\/soldadoadrianojose.com.br\/#\/schema\/person\/16f8e8defb7a4bd6c6082efcd1bdb6bb","name":"soldadoadrianojose","image":{"@type":"ImageObject","inLanguage":"pt-BR","@id":"https:\/\/soldadoadrianojose.com.br\/wp-content\/uploads\/2023\/02\/LOGO_CLEAR-5.png","url":"https:\/\/soldadoadrianojose.com.br\/wp-content\/uploads\/2023\/02\/LOGO_CLEAR-5.png","contentUrl":"https:\/\/soldadoadrianojose.com.br\/wp-content\/uploads\/2023\/02\/LOGO_CLEAR-5.png","width":3508,"height":998,"caption":"soldadoadrianojose"},"logo":{"@id":"https:\/\/soldadoadrianojose.com.br\/wp-content\/uploads\/2023\/02\/LOGO_CLEAR-5.png"},"sameAs":["https:\/\/soldadoadrianojose.com.br"],"url":"https:\/\/soldadoadrianojose.com.br\/index.php\/author\/soldadoadrianojose\/"}]}},"jetpack_featured_media_url":"https:\/\/soldadoadrianojose.com.br\/wp-content\/uploads\/2023\/10\/nb8x0chQKSQTxXA8RwHGIdVuFKziV4KzFOSHv90x-1.jpg","_links":{"self":[{"href":"https:\/\/soldadoadrianojose.com.br\/index.php\/wp-json\/wp\/v2\/posts\/1220","targetHints":{"allow":["GET"]}}],"collection":[{"href":"https:\/\/soldadoadrianojose.com.br\/index.php\/wp-json\/wp\/v2\/posts"}],"about":[{"href":"https:\/\/soldadoadrianojose.com.br\/index.php\/wp-json\/wp\/v2\/types\/post"}],"author":[{"embeddable":true,"href":"https:\/\/soldadoadrianojose.com.br\/index.php\/wp-json\/wp\/v2\/users\/1"}],"replies":[{"embeddable":true,"href":"https:\/\/soldadoadrianojose.com.br\/index.php\/wp-json\/wp\/v2\/comments?post=1220"}],"version-history":[{"count":1,"href":"https:\/\/soldadoadrianojose.com.br\/index.php\/wp-json\/wp\/v2\/posts\/1220\/revisions"}],"predecessor-version":[{"id":1222,"href":"https:\/\/soldadoadrianojose.com.br\/index.php\/wp-json\/wp\/v2\/posts\/1220\/revisions\/1222"}],"wp:featuredmedia":[{"embeddable":true,"href":"https:\/\/soldadoadrianojose.com.br\/index.php\/wp-json\/wp\/v2\/media\/1221"}],"wp:attachment":[{"href":"https:\/\/soldadoadrianojose.com.br\/index.php\/wp-json\/wp\/v2\/media?parent=1220"}],"wp:term":[{"taxonomy":"category","embeddable":true,"href":"https:\/\/soldadoadrianojose.com.br\/index.php\/wp-json\/wp\/v2\/categories?post=1220"},{"taxonomy":"post_tag","embeddable":true,"href":"https:\/\/soldadoadrianojose.com.br\/index.php\/wp-json\/wp\/v2\/tags?post=1220"}],"curies":[{"name":"wp","href":"https:\/\/api.w.org\/{rel}","templated":true}]}}