{"id":1227,"date":"2023-10-24T14:34:57","date_gmt":"2023-10-24T17:34:57","guid":{"rendered":"https:\/\/soldadoadrianojose.com.br\/?p=1227"},"modified":"2023-10-24T15:01:15","modified_gmt":"2023-10-24T18:01:15","slug":"entidades-e-poder-publico-defendem-atendimento-multissetorial-a-populacao-em-situacao-de-rua","status":"publish","type":"post","link":"https:\/\/soldadoadrianojose.com.br\/index.php\/2023\/10\/24\/entidades-e-poder-publico-defendem-atendimento-multissetorial-a-populacao-em-situacao-de-rua\/","title":{"rendered":"Entidades e poder p\u00fablico defendem atendimento multissetorial \u00e0 popula\u00e7\u00e3o em situa\u00e7\u00e3o de rua"},"content":{"rendered":"\n<figure class=\"wp-block-image size-full\"><img fetchpriority=\"high\" decoding=\"async\" width=\"750\" height=\"750\" src=\"https:\/\/soldadoadrianojose.com.br\/wp-content\/uploads\/2023\/10\/nv1.jpg\" alt=\"\" class=\"wp-image-1233\" srcset=\"https:\/\/soldadoadrianojose.com.br\/wp-content\/uploads\/2023\/10\/nv1.jpg 750w, https:\/\/soldadoadrianojose.com.br\/wp-content\/uploads\/2023\/10\/nv1-300x300.jpg 300w, https:\/\/soldadoadrianojose.com.br\/wp-content\/uploads\/2023\/10\/nv1-150x150.jpg 150w\" sizes=\"(max-width: 750px) 100vw, 750px\" \/><\/figure>\n\n\n\n<p><em>Audi\u00eancia P\u00fablica abordou enfrentamento ao \u201cproblema social grave, complexo e multicausal\u201d que envolve pessoas em vulnerabilidade social no Paran\u00e1.<\/em><\/p>\n\n\n\n<p>Um problema social que envolve ao mesmo tempo habita\u00e7\u00e3o, renda, emprego, educa\u00e7\u00e3o, alimenta\u00e7\u00e3o, seguran\u00e7a p\u00fablica e sa\u00fade f\u00edsica e mental. A complexidade da situa\u00e7\u00e3o&nbsp;da \u201cPopula\u00e7\u00e3o de Rua e a Ordem P\u00fablica no Paran\u00e1&#8221;, e a necessidade de uma abordagem multisetorial&nbsp;foi tema de uma Audi\u00eancia P\u00fablica realizada nesta segunda-feira (23), na Assembleia Legislativa do Paran\u00e1.<\/p>\n\n\n\n<p>Por iniciativa do presidente da Comiss\u00e3o de Seguran\u00e7a P\u00fablica, deputado Soldado Adriano Jos\u00e9 (PP), representantes do poder p\u00fablico, entidades e movimentos sociais debateram diversas quest\u00f5es que envolvem a popula\u00e7\u00e3o classificada como no \u201cmais alto n\u00edvel de vulnerabilidade social\u201d.<\/p>\n\n\n\n<p>\u201cUm tema de extrema import\u00e2ncia, n\u00e3o s\u00f3 para o Paran\u00e1, mas que tem sido discutido a n\u00edvel mundial, que \u00e9 a quest\u00e3o da popula\u00e7\u00e3o em situa\u00e7\u00e3o de rua, em vulnerabilidade social. Foi um debate profundo, com diversos \u00f3rg\u00e3os e entidades, pessoas que viveram essa realidade. Faremos alguns encaminhamentos para que possamos colaborar com essa popula\u00e7\u00e3o que tanto necessita, para diminuir esse problema e contribuir com toda a sociedade\u201d, afirmou o parlamentar.<\/p>\n\n\n\n<p>\u201cAs pessoas s\u00f3 querem ter uma vida digna e honesta. Temos uma parceria com entidades para a regulariza\u00e7\u00e3o documental, que \u00e9 muito importante, temos o programa Cuida Paran\u00e1 e pretendemos ampliar o que Curitiba j\u00e1 faz, que \u00e9 a contrata\u00e7\u00e3o de hot\u00e9is e pousadas para estender a pessoas em vulnerabilidade. Essas pessoas precisam de calor, apoio, comida, trabalho e renda\u201d, disse o secret\u00e1rio de Estado da Justi\u00e7a e Cidadania do Paran\u00e1 (Seju), Santin Roveda.<\/p>\n\n\n\n<p>\u201cA quest\u00e3o habitacional envolve v\u00e1rios tipos de p\u00fablico. Aqui no Paran\u00e1, o governador Ratinho Junior (PSD) instituiu uma pol\u00edtica habitacional pr\u00f3pria, para n\u00e3o depender apenas do \u00e2mbito federal. A habita\u00e7\u00e3o prec\u00e1ria \u00e9 nosso grande desafio. S\u00e3o a\u00e7\u00f5es diferentes para cada tipo de p\u00fablico. Uma delas \u00e9 o Programa Vida Nova, para atender a popula\u00e7\u00e3o em vulnerabilidade. A popula\u00e7\u00e3o em situa\u00e7\u00e3o de rua atinge o maior n\u00edvel de vulnerabilidade e por isso ter\u00e1 uma prioridade maior\u201d, indicou o superintendente de Programas da Companhia de Habita\u00e7\u00e3o do Paran\u00e1 (Cohapar), Kerwin Kuhlemann, que representou no evento o diretor-presidente da entidade, Jorge Luiz Lange.<\/p>\n\n\n\n<p>Representando a Secretaria da Seguran\u00e7a P\u00fablica (Sesp), o chefe de Opera\u00e7\u00f5es do Subcomando-geral da Pol\u00edcia Militar do Paran\u00e1, Major Durante, classificou a quest\u00e3o da popula\u00e7\u00e3o de rua como um problema social grave, complexo e multicausal. \u201cA seguran\u00e7a p\u00fablica \u00e9 mais um dos bra\u00e7os que precisam fazer parte desse debate. Em termos de pol\u00edtica p\u00fablica, tem pouca atua\u00e7\u00e3o. Uma das quest\u00f5es s\u00e3o as abordagens, para serem mais humanizadas, e a Sesp tem protocolos de atua\u00e7\u00e3o para que essas abordagens possam atender de uma forma mais humana\u201d.<\/p>\n\n\n\n<p>\u201c\u00c9 uma quest\u00e3o que envolve a alimenta\u00e7\u00e3o, casas de passagens, cadastro no Cad\u00danico, que \u00e9 a fonte origin\u00e1ria para o atendimento e acesso a todas as pol\u00edticas p\u00fablicas. At\u00e9 para termos um levantamento da real situa\u00e7\u00e3o dessas pessoas. \u00c9 um importante p\u00fablico a ser atendido com especial aten\u00e7\u00e3o\u201d, afirmou a chefe da Divis\u00e3o de Prote\u00e7\u00e3o Social Especial da Secretaria de Desenvolvimento Social e Fam\u00edlia (Sedef), Paula Casavar, representando o secret\u00e1rio Rog\u00e9rio Carboni,<\/p>\n\n\n\n<p>O presidente da Associa\u00e7\u00e3o Brasileira de Bares e Casas Noturnas (Abrabar), Fabio Aguayo, defende que o tema seja debatido permanentemente. \u201cS\u00e3o pessoas que parecem invis\u00edveis, s\u00f3 que est\u00e3o do nosso lado. Mas temos de separar o joio do trigo. \u00c9 um assunto pol\u00eamico e levamos o debate a s\u00e9rio. Vemos em todo o mundo um fluxo de pessoas e o governo federal quer efetivar a pol\u00edtica nacional para pessoas em situa\u00e7\u00e3o de rua. Essas pessoas precisam da aten\u00e7\u00e3o do poder p\u00fablico. Mas tem pessoas que est\u00e3o por uma situa\u00e7\u00e3o de necessidade e outras que aproveitam para cometer crimes. Por isso \u00e9 importante o debate. O empres\u00e1rio n\u00e3o pode se eximir das suas responsabilidades, n\u00e3o pensar apenas no lucro, mas tamb\u00e9m pensar nas pessoas\u201d.<\/p>\n\n\n\n<p>\u201cN\u00f3s sa\u00edmos de casa com banho tomado, bem alimentados, bem vestidos e \u00e0 noite temos a casa, o descanso. Essas pessoas que est\u00e3o nas ruas t\u00eam uma vida ingrata. Precisam de emprego, ocupa\u00e7\u00e3o, porque quando isso n\u00e3o acontece, elas se distorcem do ponto de vista f\u00edsico e mental. \u00c9 um problema bastante complexo, com caracter\u00edsticas universais. Estamos dispostos a levar adiante esse assunto. N\u00e3o d\u00e1 para ficar s\u00f3 na conversa, mas com uma linha apropriada, com a\u00e7\u00e3o coordenada e ajustada\u201d, disse o presidente da Associa\u00e7\u00e3o Comercial do Paran\u00e1 (ACP), Antonio Gilberto Deggerone.<\/p>\n\n\n\n<p>\u201cN\u00e3o basta o acolhimento ocasional, \u00e9 preciso viabilizar verdadeiramente, porque s\u00e3o seres humanos em extrema fragilidade e que t\u00eam todos os tipos de direitos violados\u201d, refor\u00e7ou a chefe do Comit\u00ea Intersetorial de Acompanhamento e Monitoramento da Pol\u00edtica Estatual da Popula\u00e7\u00e3o em Situa\u00e7\u00e3o de Rua, Dulce Darolt.<\/p>\n\n\n\n<p>Para Carlos Humberto dos Santos, membro do Movimento Nacional da Popula\u00e7\u00e3o de Rua, a quest\u00e3o \u00e9 um problema de todos. \u201cUma das principais quest\u00f5es \u00e9 da moradia. N\u00e3o adianta criar hot\u00e9is, albergues, mas uma moradia mesmo, para que possam acessar aos programas sociais. Sem uma moradia, n\u00e3o pode nem tomar um banho para buscar trabalho, por isso eu defendo o projeto Moradia Primeiro\u201d.<\/p>\n\n\n\n<p>O projeto \u00e9 uma das iniciativas desenvolvidas pela Arquidiocese de Curitiba. \u201cTemos v\u00e1rias a\u00e7\u00f5es, com a valoriza\u00e7\u00e3o da vida, mesa fraterna e atendimento. O Projeto Moradia Primeiro nasceu na arquidiocese, com par\u00f3quias que arcam com moradias, tirando as pessoas das ruas e oferecendo uma moradia e vida digna\u201d, comentou Leandro Corsi da Silva, que integra a Dimens\u00e3o Social Transformadora ligada \u00e0 entidade.<\/p>\n\n\n\n<p>Membro do Conselho de Seguran\u00e7a do Jardim Bot\u00e2nico e do Conseg Mulher, Andrea Andrejvski citou que Curitiba \u00e9 a sexta cidade no pa\u00eds com pessoas em situa\u00e7\u00e3o de rua. \u201cE a maioria est\u00e1 na regi\u00e3o do Jardim Bot\u00e2nico, que concentra sete locais de atendimento pelos \u00f3rg\u00e3os p\u00fablicos. S\u00e3o atendidas e voltam para as ruas, muitas vezes por causa do problema de abuso de drogas e \u00e1lcool, dormindo na frente das casas e dos com\u00e9rcios. \u00c9 uma situa\u00e7\u00e3o intersetorial. Requer atendimento da sa\u00fade, da seguran\u00e7a, moradia e por isso essas pessoas precisam ser ouvidas\u201d, defende,<\/p>\n\n\n\n<p>\u201cPrecisamos pensar no indiv\u00edduo, esquecer a situa\u00e7\u00e3o de rua, porque a pessoa pode ter passado por diversas situa\u00e7\u00f5es. Envolve todas as pol\u00edticas. N\u00e3o tem como trabalhar o indiv\u00edduo isoladamente\u201d, afirmou assistente social coordenadora da&nbsp;<em>Alta Complexidade<\/em>&nbsp;da&nbsp;Dire\u00e7\u00e3o de Aten\u00e7\u00e3o \u00e0 Pessoa em situa\u00e7\u00e3o de Rua da Funda\u00e7\u00e3o de A\u00e7\u00e3o Social de Curitiba, Ivana Brum.<\/p>\n\n\n\n<p>\u201cAp\u00f3s a pandemia, tudo se agravou. Trabalho com grupo para atender as necessidades emergenciais das fam\u00edlias, para ajudar a ter documenta\u00e7\u00e3o, porque compromete que tenham acesso \u00e0 moradia e a emprego. Importante tamb\u00e9m dar continuidade \u00e0 educa\u00e7\u00e3o, profissionaliza\u00e7\u00e3o\u201d, citou&nbsp;a servidora da&nbsp;Secretaria Estadual de Educa\u00e7\u00e3o do Estado do Paran\u00e1 (Seed),&nbsp;Hilda Salgueiro.<\/p>\n","protected":false},"excerpt":{"rendered":"<p>Audi\u00eancia P\u00fablica abordou enfrentamento ao \u201cproblema social grave, complexo e multicausal\u201d que envolve pessoas em vulnerabilidade social no Paran\u00e1. Um problema social que envolve ao mesmo tempo habita\u00e7\u00e3o, renda, emprego, educa\u00e7\u00e3o, alimenta\u00e7\u00e3o, seguran\u00e7a p\u00fablica e sa\u00fade f\u00edsica e mental. A complexidade da situa\u00e7\u00e3o&nbsp;da \u201cPopula\u00e7\u00e3o de Rua e a Ordem P\u00fablica no Paran\u00e1&#8221;, e a necessidade [&hellip;]<\/p>\n","protected":false},"author":1,"featured_media":1235,"comment_status":"open","ping_status":"open","sticky":false,"template":"","format":"standard","meta":{"footnotes":""},"categories":[1],"tags":[],"class_list":["post-1227","post","type-post","status-publish","format-standard","has-post-thumbnail","hentry","category-gabinete-sd"],"yoast_head":"<!-- This site is optimized with the Yoast SEO plugin v27.4 - https:\/\/yoast.com\/product\/yoast-seo-wordpress\/ -->\n<title>Entidades e poder p\u00fablico defendem atendimento multissetorial \u00e0 popula\u00e7\u00e3o em situa\u00e7\u00e3o de rua - Deputado Adriano Jos\u00e9<\/title>\n<meta name=\"robots\" content=\"index, follow, max-snippet:-1, max-image-preview:large, max-video-preview:-1\" \/>\n<link rel=\"canonical\" href=\"https:\/\/soldadoadrianojose.com.br\/index.php\/2023\/10\/24\/entidades-e-poder-publico-defendem-atendimento-multissetorial-a-populacao-em-situacao-de-rua\/\" \/>\n<meta property=\"og:locale\" content=\"pt_BR\" \/>\n<meta property=\"og:type\" content=\"article\" \/>\n<meta property=\"og:title\" content=\"Entidades e poder p\u00fablico defendem atendimento multissetorial \u00e0 popula\u00e7\u00e3o em situa\u00e7\u00e3o de rua - Deputado Adriano Jos\u00e9\" \/>\n<meta property=\"og:description\" content=\"Audi\u00eancia P\u00fablica abordou enfrentamento ao \u201cproblema social grave, complexo e multicausal\u201d que envolve pessoas em vulnerabilidade social no Paran\u00e1. Um problema social que envolve ao mesmo tempo habita\u00e7\u00e3o, renda, emprego, educa\u00e7\u00e3o, alimenta\u00e7\u00e3o, seguran\u00e7a p\u00fablica e sa\u00fade f\u00edsica e mental. A complexidade da situa\u00e7\u00e3o&nbsp;da \u201cPopula\u00e7\u00e3o de Rua e a Ordem P\u00fablica no Paran\u00e1&#8221;, e a necessidade [&hellip;]\" \/>\n<meta property=\"og:url\" content=\"https:\/\/soldadoadrianojose.com.br\/index.php\/2023\/10\/24\/entidades-e-poder-publico-defendem-atendimento-multissetorial-a-populacao-em-situacao-de-rua\/\" \/>\n<meta property=\"og:site_name\" content=\"Deputado Adriano Jos\u00e9\" \/>\n<meta property=\"article:published_time\" content=\"2023-10-24T17:34:57+00:00\" \/>\n<meta property=\"article:modified_time\" content=\"2023-10-24T18:01:15+00:00\" \/>\n<meta property=\"og:image\" content=\"https:\/\/soldadoadrianojose.com.br\/wp-content\/uploads\/2023\/10\/nv1-1.jpg\" \/>\n\t<meta property=\"og:image:width\" content=\"750\" \/>\n\t<meta property=\"og:image:height\" content=\"750\" \/>\n\t<meta property=\"og:image:type\" content=\"image\/jpeg\" \/>\n<meta name=\"author\" content=\"soldadoadrianojose\" \/>\n<meta name=\"twitter:card\" content=\"summary_large_image\" \/>\n<meta name=\"twitter:label1\" content=\"Escrito por\" \/>\n\t<meta name=\"twitter:data1\" content=\"soldadoadrianojose\" \/>\n\t<meta name=\"twitter:label2\" content=\"Est. tempo de leitura\" \/>\n\t<meta name=\"twitter:data2\" content=\"7 minutos\" \/>\n<script type=\"application\/ld+json\" class=\"yoast-schema-graph\">{\"@context\":\"https:\\\/\\\/schema.org\",\"@graph\":[{\"@type\":\"Article\",\"@id\":\"https:\\\/\\\/soldadoadrianojose.com.br\\\/index.php\\\/2023\\\/10\\\/24\\\/entidades-e-poder-publico-defendem-atendimento-multissetorial-a-populacao-em-situacao-de-rua\\\/#article\",\"isPartOf\":{\"@id\":\"https:\\\/\\\/soldadoadrianojose.com.br\\\/index.php\\\/2023\\\/10\\\/24\\\/entidades-e-poder-publico-defendem-atendimento-multissetorial-a-populacao-em-situacao-de-rua\\\/\"},\"author\":{\"name\":\"soldadoadrianojose\",\"@id\":\"https:\\\/\\\/soldadoadrianojose.com.br\\\/#\\\/schema\\\/person\\\/16f8e8defb7a4bd6c6082efcd1bdb6bb\"},\"headline\":\"Entidades e poder p\u00fablico defendem atendimento multissetorial \u00e0 popula\u00e7\u00e3o em situa\u00e7\u00e3o de rua\",\"datePublished\":\"2023-10-24T17:34:57+00:00\",\"dateModified\":\"2023-10-24T18:01:15+00:00\",\"mainEntityOfPage\":{\"@id\":\"https:\\\/\\\/soldadoadrianojose.com.br\\\/index.php\\\/2023\\\/10\\\/24\\\/entidades-e-poder-publico-defendem-atendimento-multissetorial-a-populacao-em-situacao-de-rua\\\/\"},\"wordCount\":1257,\"commentCount\":0,\"publisher\":{\"@id\":\"https:\\\/\\\/soldadoadrianojose.com.br\\\/#\\\/schema\\\/person\\\/16f8e8defb7a4bd6c6082efcd1bdb6bb\"},\"image\":{\"@id\":\"https:\\\/\\\/soldadoadrianojose.com.br\\\/index.php\\\/2023\\\/10\\\/24\\\/entidades-e-poder-publico-defendem-atendimento-multissetorial-a-populacao-em-situacao-de-rua\\\/#primaryimage\"},\"thumbnailUrl\":\"https:\\\/\\\/soldadoadrianojose.com.br\\\/wp-content\\\/uploads\\\/2023\\\/10\\\/nv1-1.jpg\",\"articleSection\":[\"GABINETE SD\"],\"inLanguage\":\"pt-BR\",\"potentialAction\":[{\"@type\":\"CommentAction\",\"name\":\"Comment\",\"target\":[\"https:\\\/\\\/soldadoadrianojose.com.br\\\/index.php\\\/2023\\\/10\\\/24\\\/entidades-e-poder-publico-defendem-atendimento-multissetorial-a-populacao-em-situacao-de-rua\\\/#respond\"]}]},{\"@type\":\"WebPage\",\"@id\":\"https:\\\/\\\/soldadoadrianojose.com.br\\\/index.php\\\/2023\\\/10\\\/24\\\/entidades-e-poder-publico-defendem-atendimento-multissetorial-a-populacao-em-situacao-de-rua\\\/\",\"url\":\"https:\\\/\\\/soldadoadrianojose.com.br\\\/index.php\\\/2023\\\/10\\\/24\\\/entidades-e-poder-publico-defendem-atendimento-multissetorial-a-populacao-em-situacao-de-rua\\\/\",\"name\":\"Entidades e poder p\u00fablico defendem atendimento multissetorial \u00e0 popula\u00e7\u00e3o em situa\u00e7\u00e3o de rua - Deputado Adriano Jos\u00e9\",\"isPartOf\":{\"@id\":\"https:\\\/\\\/soldadoadrianojose.com.br\\\/#website\"},\"primaryImageOfPage\":{\"@id\":\"https:\\\/\\\/soldadoadrianojose.com.br\\\/index.php\\\/2023\\\/10\\\/24\\\/entidades-e-poder-publico-defendem-atendimento-multissetorial-a-populacao-em-situacao-de-rua\\\/#primaryimage\"},\"image\":{\"@id\":\"https:\\\/\\\/soldadoadrianojose.com.br\\\/index.php\\\/2023\\\/10\\\/24\\\/entidades-e-poder-publico-defendem-atendimento-multissetorial-a-populacao-em-situacao-de-rua\\\/#primaryimage\"},\"thumbnailUrl\":\"https:\\\/\\\/soldadoadrianojose.com.br\\\/wp-content\\\/uploads\\\/2023\\\/10\\\/nv1-1.jpg\",\"datePublished\":\"2023-10-24T17:34:57+00:00\",\"dateModified\":\"2023-10-24T18:01:15+00:00\",\"breadcrumb\":{\"@id\":\"https:\\\/\\\/soldadoadrianojose.com.br\\\/index.php\\\/2023\\\/10\\\/24\\\/entidades-e-poder-publico-defendem-atendimento-multissetorial-a-populacao-em-situacao-de-rua\\\/#breadcrumb\"},\"inLanguage\":\"pt-BR\",\"potentialAction\":[{\"@type\":\"ReadAction\",\"target\":[\"https:\\\/\\\/soldadoadrianojose.com.br\\\/index.php\\\/2023\\\/10\\\/24\\\/entidades-e-poder-publico-defendem-atendimento-multissetorial-a-populacao-em-situacao-de-rua\\\/\"]}]},{\"@type\":\"ImageObject\",\"inLanguage\":\"pt-BR\",\"@id\":\"https:\\\/\\\/soldadoadrianojose.com.br\\\/index.php\\\/2023\\\/10\\\/24\\\/entidades-e-poder-publico-defendem-atendimento-multissetorial-a-populacao-em-situacao-de-rua\\\/#primaryimage\",\"url\":\"https:\\\/\\\/soldadoadrianojose.com.br\\\/wp-content\\\/uploads\\\/2023\\\/10\\\/nv1-1.jpg\",\"contentUrl\":\"https:\\\/\\\/soldadoadrianojose.com.br\\\/wp-content\\\/uploads\\\/2023\\\/10\\\/nv1-1.jpg\",\"width\":750,\"height\":750},{\"@type\":\"BreadcrumbList\",\"@id\":\"https:\\\/\\\/soldadoadrianojose.com.br\\\/index.php\\\/2023\\\/10\\\/24\\\/entidades-e-poder-publico-defendem-atendimento-multissetorial-a-populacao-em-situacao-de-rua\\\/#breadcrumb\",\"itemListElement\":[{\"@type\":\"ListItem\",\"position\":1,\"name\":\"In\u00edcio\",\"item\":\"https:\\\/\\\/soldadoadrianojose.com.br\\\/\"},{\"@type\":\"ListItem\",\"position\":2,\"name\":\"Entidades e poder p\u00fablico defendem atendimento multissetorial \u00e0 popula\u00e7\u00e3o em situa\u00e7\u00e3o de rua\"}]},{\"@type\":\"WebSite\",\"@id\":\"https:\\\/\\\/soldadoadrianojose.com.br\\\/#website\",\"url\":\"https:\\\/\\\/soldadoadrianojose.com.br\\\/\",\"name\":\"Deputado Adriano Jos\u00e9\",\"description\":\"Nosso trabalho \u00e9 pelas pessoas\",\"publisher\":{\"@id\":\"https:\\\/\\\/soldadoadrianojose.com.br\\\/#\\\/schema\\\/person\\\/16f8e8defb7a4bd6c6082efcd1bdb6bb\"},\"potentialAction\":[{\"@type\":\"SearchAction\",\"target\":{\"@type\":\"EntryPoint\",\"urlTemplate\":\"https:\\\/\\\/soldadoadrianojose.com.br\\\/?s={search_term_string}\"},\"query-input\":{\"@type\":\"PropertyValueSpecification\",\"valueRequired\":true,\"valueName\":\"search_term_string\"}}],\"inLanguage\":\"pt-BR\"},{\"@type\":[\"Person\",\"Organization\"],\"@id\":\"https:\\\/\\\/soldadoadrianojose.com.br\\\/#\\\/schema\\\/person\\\/16f8e8defb7a4bd6c6082efcd1bdb6bb\",\"name\":\"soldadoadrianojose\",\"image\":{\"@type\":\"ImageObject\",\"inLanguage\":\"pt-BR\",\"@id\":\"https:\\\/\\\/soldadoadrianojose.com.br\\\/wp-content\\\/uploads\\\/2023\\\/02\\\/LOGO_CLEAR-5.png\",\"url\":\"https:\\\/\\\/soldadoadrianojose.com.br\\\/wp-content\\\/uploads\\\/2023\\\/02\\\/LOGO_CLEAR-5.png\",\"contentUrl\":\"https:\\\/\\\/soldadoadrianojose.com.br\\\/wp-content\\\/uploads\\\/2023\\\/02\\\/LOGO_CLEAR-5.png\",\"width\":3508,\"height\":998,\"caption\":\"soldadoadrianojose\"},\"logo\":{\"@id\":\"https:\\\/\\\/soldadoadrianojose.com.br\\\/wp-content\\\/uploads\\\/2023\\\/02\\\/LOGO_CLEAR-5.png\"},\"sameAs\":[\"https:\\\/\\\/soldadoadrianojose.com.br\"],\"url\":\"https:\\\/\\\/soldadoadrianojose.com.br\\\/index.php\\\/author\\\/soldadoadrianojose\\\/\"}]}<\/script>\n<!-- \/ Yoast SEO plugin. -->","yoast_head_json":{"title":"Entidades e poder p\u00fablico defendem atendimento multissetorial \u00e0 popula\u00e7\u00e3o em situa\u00e7\u00e3o de rua - Deputado Adriano Jos\u00e9","robots":{"index":"index","follow":"follow","max-snippet":"max-snippet:-1","max-image-preview":"max-image-preview:large","max-video-preview":"max-video-preview:-1"},"canonical":"https:\/\/soldadoadrianojose.com.br\/index.php\/2023\/10\/24\/entidades-e-poder-publico-defendem-atendimento-multissetorial-a-populacao-em-situacao-de-rua\/","og_locale":"pt_BR","og_type":"article","og_title":"Entidades e poder p\u00fablico defendem atendimento multissetorial \u00e0 popula\u00e7\u00e3o em situa\u00e7\u00e3o de rua - Deputado Adriano Jos\u00e9","og_description":"Audi\u00eancia P\u00fablica abordou enfrentamento ao \u201cproblema social grave, complexo e multicausal\u201d que envolve pessoas em vulnerabilidade social no Paran\u00e1. Um problema social que envolve ao mesmo tempo habita\u00e7\u00e3o, renda, emprego, educa\u00e7\u00e3o, alimenta\u00e7\u00e3o, seguran\u00e7a p\u00fablica e sa\u00fade f\u00edsica e mental. A complexidade da situa\u00e7\u00e3o&nbsp;da \u201cPopula\u00e7\u00e3o de Rua e a Ordem P\u00fablica no Paran\u00e1&#8221;, e a necessidade [&hellip;]","og_url":"https:\/\/soldadoadrianojose.com.br\/index.php\/2023\/10\/24\/entidades-e-poder-publico-defendem-atendimento-multissetorial-a-populacao-em-situacao-de-rua\/","og_site_name":"Deputado Adriano Jos\u00e9","article_published_time":"2023-10-24T17:34:57+00:00","article_modified_time":"2023-10-24T18:01:15+00:00","og_image":[{"width":750,"height":750,"url":"https:\/\/soldadoadrianojose.com.br\/wp-content\/uploads\/2023\/10\/nv1-1.jpg","type":"image\/jpeg"}],"author":"soldadoadrianojose","twitter_card":"summary_large_image","twitter_misc":{"Escrito por":"soldadoadrianojose","Est. tempo de leitura":"7 minutos"},"schema":{"@context":"https:\/\/schema.org","@graph":[{"@type":"Article","@id":"https:\/\/soldadoadrianojose.com.br\/index.php\/2023\/10\/24\/entidades-e-poder-publico-defendem-atendimento-multissetorial-a-populacao-em-situacao-de-rua\/#article","isPartOf":{"@id":"https:\/\/soldadoadrianojose.com.br\/index.php\/2023\/10\/24\/entidades-e-poder-publico-defendem-atendimento-multissetorial-a-populacao-em-situacao-de-rua\/"},"author":{"name":"soldadoadrianojose","@id":"https:\/\/soldadoadrianojose.com.br\/#\/schema\/person\/16f8e8defb7a4bd6c6082efcd1bdb6bb"},"headline":"Entidades e poder p\u00fablico defendem atendimento multissetorial \u00e0 popula\u00e7\u00e3o em situa\u00e7\u00e3o de rua","datePublished":"2023-10-24T17:34:57+00:00","dateModified":"2023-10-24T18:01:15+00:00","mainEntityOfPage":{"@id":"https:\/\/soldadoadrianojose.com.br\/index.php\/2023\/10\/24\/entidades-e-poder-publico-defendem-atendimento-multissetorial-a-populacao-em-situacao-de-rua\/"},"wordCount":1257,"commentCount":0,"publisher":{"@id":"https:\/\/soldadoadrianojose.com.br\/#\/schema\/person\/16f8e8defb7a4bd6c6082efcd1bdb6bb"},"image":{"@id":"https:\/\/soldadoadrianojose.com.br\/index.php\/2023\/10\/24\/entidades-e-poder-publico-defendem-atendimento-multissetorial-a-populacao-em-situacao-de-rua\/#primaryimage"},"thumbnailUrl":"https:\/\/soldadoadrianojose.com.br\/wp-content\/uploads\/2023\/10\/nv1-1.jpg","articleSection":["GABINETE SD"],"inLanguage":"pt-BR","potentialAction":[{"@type":"CommentAction","name":"Comment","target":["https:\/\/soldadoadrianojose.com.br\/index.php\/2023\/10\/24\/entidades-e-poder-publico-defendem-atendimento-multissetorial-a-populacao-em-situacao-de-rua\/#respond"]}]},{"@type":"WebPage","@id":"https:\/\/soldadoadrianojose.com.br\/index.php\/2023\/10\/24\/entidades-e-poder-publico-defendem-atendimento-multissetorial-a-populacao-em-situacao-de-rua\/","url":"https:\/\/soldadoadrianojose.com.br\/index.php\/2023\/10\/24\/entidades-e-poder-publico-defendem-atendimento-multissetorial-a-populacao-em-situacao-de-rua\/","name":"Entidades e poder p\u00fablico defendem atendimento multissetorial \u00e0 popula\u00e7\u00e3o em situa\u00e7\u00e3o de rua - Deputado Adriano Jos\u00e9","isPartOf":{"@id":"https:\/\/soldadoadrianojose.com.br\/#website"},"primaryImageOfPage":{"@id":"https:\/\/soldadoadrianojose.com.br\/index.php\/2023\/10\/24\/entidades-e-poder-publico-defendem-atendimento-multissetorial-a-populacao-em-situacao-de-rua\/#primaryimage"},"image":{"@id":"https:\/\/soldadoadrianojose.com.br\/index.php\/2023\/10\/24\/entidades-e-poder-publico-defendem-atendimento-multissetorial-a-populacao-em-situacao-de-rua\/#primaryimage"},"thumbnailUrl":"https:\/\/soldadoadrianojose.com.br\/wp-content\/uploads\/2023\/10\/nv1-1.jpg","datePublished":"2023-10-24T17:34:57+00:00","dateModified":"2023-10-24T18:01:15+00:00","breadcrumb":{"@id":"https:\/\/soldadoadrianojose.com.br\/index.php\/2023\/10\/24\/entidades-e-poder-publico-defendem-atendimento-multissetorial-a-populacao-em-situacao-de-rua\/#breadcrumb"},"inLanguage":"pt-BR","potentialAction":[{"@type":"ReadAction","target":["https:\/\/soldadoadrianojose.com.br\/index.php\/2023\/10\/24\/entidades-e-poder-publico-defendem-atendimento-multissetorial-a-populacao-em-situacao-de-rua\/"]}]},{"@type":"ImageObject","inLanguage":"pt-BR","@id":"https:\/\/soldadoadrianojose.com.br\/index.php\/2023\/10\/24\/entidades-e-poder-publico-defendem-atendimento-multissetorial-a-populacao-em-situacao-de-rua\/#primaryimage","url":"https:\/\/soldadoadrianojose.com.br\/wp-content\/uploads\/2023\/10\/nv1-1.jpg","contentUrl":"https:\/\/soldadoadrianojose.com.br\/wp-content\/uploads\/2023\/10\/nv1-1.jpg","width":750,"height":750},{"@type":"BreadcrumbList","@id":"https:\/\/soldadoadrianojose.com.br\/index.php\/2023\/10\/24\/entidades-e-poder-publico-defendem-atendimento-multissetorial-a-populacao-em-situacao-de-rua\/#breadcrumb","itemListElement":[{"@type":"ListItem","position":1,"name":"In\u00edcio","item":"https:\/\/soldadoadrianojose.com.br\/"},{"@type":"ListItem","position":2,"name":"Entidades e poder p\u00fablico defendem atendimento multissetorial \u00e0 popula\u00e7\u00e3o em situa\u00e7\u00e3o de rua"}]},{"@type":"WebSite","@id":"https:\/\/soldadoadrianojose.com.br\/#website","url":"https:\/\/soldadoadrianojose.com.br\/","name":"Deputado Adriano Jos\u00e9","description":"Nosso trabalho \u00e9 pelas pessoas","publisher":{"@id":"https:\/\/soldadoadrianojose.com.br\/#\/schema\/person\/16f8e8defb7a4bd6c6082efcd1bdb6bb"},"potentialAction":[{"@type":"SearchAction","target":{"@type":"EntryPoint","urlTemplate":"https:\/\/soldadoadrianojose.com.br\/?s={search_term_string}"},"query-input":{"@type":"PropertyValueSpecification","valueRequired":true,"valueName":"search_term_string"}}],"inLanguage":"pt-BR"},{"@type":["Person","Organization"],"@id":"https:\/\/soldadoadrianojose.com.br\/#\/schema\/person\/16f8e8defb7a4bd6c6082efcd1bdb6bb","name":"soldadoadrianojose","image":{"@type":"ImageObject","inLanguage":"pt-BR","@id":"https:\/\/soldadoadrianojose.com.br\/wp-content\/uploads\/2023\/02\/LOGO_CLEAR-5.png","url":"https:\/\/soldadoadrianojose.com.br\/wp-content\/uploads\/2023\/02\/LOGO_CLEAR-5.png","contentUrl":"https:\/\/soldadoadrianojose.com.br\/wp-content\/uploads\/2023\/02\/LOGO_CLEAR-5.png","width":3508,"height":998,"caption":"soldadoadrianojose"},"logo":{"@id":"https:\/\/soldadoadrianojose.com.br\/wp-content\/uploads\/2023\/02\/LOGO_CLEAR-5.png"},"sameAs":["https:\/\/soldadoadrianojose.com.br"],"url":"https:\/\/soldadoadrianojose.com.br\/index.php\/author\/soldadoadrianojose\/"}]}},"jetpack_featured_media_url":"https:\/\/soldadoadrianojose.com.br\/wp-content\/uploads\/2023\/10\/nv1-1.jpg","_links":{"self":[{"href":"https:\/\/soldadoadrianojose.com.br\/index.php\/wp-json\/wp\/v2\/posts\/1227","targetHints":{"allow":["GET"]}}],"collection":[{"href":"https:\/\/soldadoadrianojose.com.br\/index.php\/wp-json\/wp\/v2\/posts"}],"about":[{"href":"https:\/\/soldadoadrianojose.com.br\/index.php\/wp-json\/wp\/v2\/types\/post"}],"author":[{"embeddable":true,"href":"https:\/\/soldadoadrianojose.com.br\/index.php\/wp-json\/wp\/v2\/users\/1"}],"replies":[{"embeddable":true,"href":"https:\/\/soldadoadrianojose.com.br\/index.php\/wp-json\/wp\/v2\/comments?post=1227"}],"version-history":[{"count":3,"href":"https:\/\/soldadoadrianojose.com.br\/index.php\/wp-json\/wp\/v2\/posts\/1227\/revisions"}],"predecessor-version":[{"id":1236,"href":"https:\/\/soldadoadrianojose.com.br\/index.php\/wp-json\/wp\/v2\/posts\/1227\/revisions\/1236"}],"wp:featuredmedia":[{"embeddable":true,"href":"https:\/\/soldadoadrianojose.com.br\/index.php\/wp-json\/wp\/v2\/media\/1235"}],"wp:attachment":[{"href":"https:\/\/soldadoadrianojose.com.br\/index.php\/wp-json\/wp\/v2\/media?parent=1227"}],"wp:term":[{"taxonomy":"category","embeddable":true,"href":"https:\/\/soldadoadrianojose.com.br\/index.php\/wp-json\/wp\/v2\/categories?post=1227"},{"taxonomy":"post_tag","embeddable":true,"href":"https:\/\/soldadoadrianojose.com.br\/index.php\/wp-json\/wp\/v2\/tags?post=1227"}],"curies":[{"name":"wp","href":"https:\/\/api.w.org\/{rel}","templated":true}]}}