{"id":1238,"date":"2023-10-25T08:28:04","date_gmt":"2023-10-25T11:28:04","guid":{"rendered":"https:\/\/soldadoadrianojose.com.br\/?p=1238"},"modified":"2023-10-25T08:28:08","modified_gmt":"2023-10-25T11:28:08","slug":"leonardo-petrelli-recebe-da-alep-o-titulo-de-cidadao-benemerito-do-parana","status":"publish","type":"post","link":"https:\/\/soldadoadrianojose.com.br\/index.php\/2023\/10\/25\/leonardo-petrelli-recebe-da-alep-o-titulo-de-cidadao-benemerito-do-parana\/","title":{"rendered":"Leonardo Petrelli recebe da Alep o t\u00edtulo de Cidad\u00e3o Benem\u00e9rito do Paran\u00e1"},"content":{"rendered":"\n<div class=\"wp-block-columns is-layout-flex wp-container-core-columns-is-layout-28f84493 wp-block-columns-is-layout-flex\">\n<div class=\"wp-block-column is-layout-flow wp-block-column-is-layout-flow\" style=\"flex-basis:100%\">\n<figure class=\"wp-block-gallery has-nested-images columns-default is-cropped wp-block-gallery-1 is-layout-flex wp-block-gallery-is-layout-flex\">\n<figure class=\"wp-block-image size-large\"><img fetchpriority=\"high\" decoding=\"async\" width=\"1500\" height=\"938\" data-id=\"1240\" src=\"https:\/\/soldadoadrianojose.com.br\/wp-content\/uploads\/2023\/10\/leonardo-petrelli-neto-1-1500x1500-1-edited.webp\" alt=\"\" class=\"wp-image-1240\" style=\"aspect-ratio:1\" srcset=\"https:\/\/soldadoadrianojose.com.br\/wp-content\/uploads\/2023\/10\/leonardo-petrelli-neto-1-1500x1500-1-edited.webp 1500w, https:\/\/soldadoadrianojose.com.br\/wp-content\/uploads\/2023\/10\/leonardo-petrelli-neto-1-1500x1500-1-edited-300x188.webp 300w, https:\/\/soldadoadrianojose.com.br\/wp-content\/uploads\/2023\/10\/leonardo-petrelli-neto-1-1500x1500-1-edited-1024x640.webp 1024w, https:\/\/soldadoadrianojose.com.br\/wp-content\/uploads\/2023\/10\/leonardo-petrelli-neto-1-1500x1500-1-edited-768x480.webp 768w\" sizes=\"(max-width: 1500px) 100vw, 1500px\" \/><figcaption class=\"wp-element-caption\">Leonardo Petrelli recebeu o t\u00edtulo de Cidad\u00e3o Benem\u00e9rito do Paran\u00e1 acompanhado de sua fam\u00edlia, a esposa Karla Petrelli e os filhos, Eduardo e M\u00e1rio Petrelli. (Foto: Fernando Ara\u00fajo)<\/figcaption><\/figure>\n<\/figure>\n<\/div>\n<\/div>\n\n\n\n<p>O presidente executivo do Grupo RIC,&nbsp;<a href=\"https:\/\/ric.com.br\/autor\/leonardo-petrelli\/\" target=\"_blank\" rel=\"noreferrer noopener\">Leonardo Petrelli Neto<\/a>, recebeu dos deputados estaduais o t\u00edtulo de Cidad\u00e3o Benem\u00e9rito do Paran\u00e1. O reconhecimento foi entregue durante sess\u00e3o solene na&nbsp;<a href=\"https:\/\/ric.com.br\/tag\/assembleia-legislativa-do-parana\/\" target=\"_blank\" rel=\"noreferrer noopener\">Assembleia Legislativa do Paran\u00e1<\/a>&nbsp;(Alep), na noite desta ter\u00e7a-feira (24).<\/p>\n\n\n\n<p>Quem prop\u00f4s a homenagem foi o deputado Alexandre Curi (PSD), que ressaltou que o empres\u00e1rio recebe o reconhecimento pelo brilhante trabalho de levar uma comunica\u00e7\u00e3o de qualidade aos paranaenses, ajudando no desenvolvimento da sociedade. E que a lideran\u00e7a de Petrelli resulta hoje no&nbsp;<a href=\"https:\/\/ric.com.br\/o-grupo-ric\/\" target=\"_blank\" rel=\"noreferrer noopener\">maior grupo de comunica\u00e7\u00e3o multiplataforma do Paran\u00e1<\/a>.<\/p>\n\n\n\n<p>Petreli agradeceu a homenagem. \u201cPara n\u00f3s significa que temos um legado, deixando realmente uma hist\u00f3ria para o Paran\u00e1, que estamos no caminho certo. O Grupo RIC faz uma comunica\u00e7\u00e3o transparente, plural, que sobretudo tem interesse em melhorar a vida do paranaense\u201d, ressaltou o presidente do Grupo RIC.<\/p>\n\n\n\n<p>Al\u00e9m de Petrelli, compuseram a mesa o vice-governador do Paran\u00e1, Darci Piana; o presidente da Alep, Ademar Traiano; os ex-governadores Orlando Pessuti e Jo\u00e3o El\u00edsio Ferraz de Campos; e os secret\u00e1rios de estado Ren\u00ea Garcia (Fazenda) e Cleber Mata (Comunica\u00e7\u00e3o).<\/p>\n\n\n\n<p>CR\u00c9DITOS: <a href=\"https:\/\/ric.com.br\/rn24h\/politica\/leonardo-petrelli-recebe-da-alep-o-titulo-de-cidadao-benemerito-do-parana\/\">POR PORTAL RIC NOTICIAS<\/a>, <a href=\"https:\/\/ric.com.br\/autor\/giselle-ulbrich\/\">Giselle Ulbrich<\/a><\/p>\n","protected":false},"excerpt":{"rendered":"<p>O presidente executivo do Grupo RIC,&nbsp;Leonardo Petrelli Neto, recebeu dos deputados estaduais o t\u00edtulo de Cidad\u00e3o Benem\u00e9rito do Paran\u00e1. O reconhecimento foi entregue durante sess\u00e3o solene na&nbsp;Assembleia Legislativa do Paran\u00e1&nbsp;(Alep), na noite desta ter\u00e7a-feira (24). Quem prop\u00f4s a homenagem foi o deputado Alexandre Curi (PSD), que ressaltou que o empres\u00e1rio recebe o reconhecimento pelo brilhante [&hellip;]<\/p>\n","protected":false},"author":1,"featured_media":1239,"comment_status":"open","ping_status":"open","sticky":false,"template":"","format":"standard","meta":{"footnotes":""},"categories":[5],"tags":[41],"class_list":["post-1238","post","type-post","status-publish","format-standard","has-post-thumbnail","hentry","category-parana","tag-leonardo-petrelli"],"yoast_head":"<!-- This site is optimized with the Yoast SEO plugin v27.4 - https:\/\/yoast.com\/product\/yoast-seo-wordpress\/ -->\n<title>Leonardo Petrelli recebe da Alep o t\u00edtulo de Cidad\u00e3o Benem\u00e9rito do Paran\u00e1 - Deputado Adriano Jos\u00e9<\/title>\n<meta name=\"robots\" content=\"index, follow, max-snippet:-1, max-image-preview:large, max-video-preview:-1\" \/>\n<link rel=\"canonical\" href=\"https:\/\/soldadoadrianojose.com.br\/index.php\/2023\/10\/25\/leonardo-petrelli-recebe-da-alep-o-titulo-de-cidadao-benemerito-do-parana\/\" \/>\n<meta property=\"og:locale\" content=\"pt_BR\" \/>\n<meta property=\"og:type\" content=\"article\" \/>\n<meta property=\"og:title\" content=\"Leonardo Petrelli recebe da Alep o t\u00edtulo de Cidad\u00e3o Benem\u00e9rito do Paran\u00e1 - Deputado Adriano Jos\u00e9\" \/>\n<meta property=\"og:description\" content=\"O presidente executivo do Grupo RIC,&nbsp;Leonardo Petrelli Neto, recebeu dos deputados estaduais o t\u00edtulo de Cidad\u00e3o Benem\u00e9rito do Paran\u00e1. O reconhecimento foi entregue durante sess\u00e3o solene na&nbsp;Assembleia Legislativa do Paran\u00e1&nbsp;(Alep), na noite desta ter\u00e7a-feira (24). Quem prop\u00f4s a homenagem foi o deputado Alexandre Curi (PSD), que ressaltou que o empres\u00e1rio recebe o reconhecimento pelo brilhante [&hellip;]\" \/>\n<meta property=\"og:url\" content=\"https:\/\/soldadoadrianojose.com.br\/index.php\/2023\/10\/25\/leonardo-petrelli-recebe-da-alep-o-titulo-de-cidadao-benemerito-do-parana\/\" \/>\n<meta property=\"og:site_name\" content=\"Deputado Adriano Jos\u00e9\" \/>\n<meta property=\"article:published_time\" content=\"2023-10-25T11:28:04+00:00\" \/>\n<meta property=\"article:modified_time\" content=\"2023-10-25T11:28:08+00:00\" \/>\n<meta property=\"og:image\" content=\"https:\/\/soldadoadrianojose.com.br\/wp-content\/uploads\/2023\/10\/leonardo-petrelli-neto-1-1500x1500-1.webp\" \/>\n\t<meta property=\"og:image:width\" content=\"1500\" \/>\n\t<meta property=\"og:image:height\" content=\"1500\" \/>\n\t<meta property=\"og:image:type\" content=\"image\/webp\" \/>\n<meta name=\"author\" content=\"soldadoadrianojose\" \/>\n<meta name=\"twitter:card\" content=\"summary_large_image\" \/>\n<meta name=\"twitter:label1\" content=\"Escrito por\" \/>\n\t<meta name=\"twitter:data1\" content=\"soldadoadrianojose\" \/>\n\t<meta name=\"twitter:label2\" content=\"Est. tempo de leitura\" \/>\n\t<meta name=\"twitter:data2\" content=\"2 minutos\" \/>\n<script type=\"application\/ld+json\" class=\"yoast-schema-graph\">{\"@context\":\"https:\\\/\\\/schema.org\",\"@graph\":[{\"@type\":\"Article\",\"@id\":\"https:\\\/\\\/soldadoadrianojose.com.br\\\/index.php\\\/2023\\\/10\\\/25\\\/leonardo-petrelli-recebe-da-alep-o-titulo-de-cidadao-benemerito-do-parana\\\/#article\",\"isPartOf\":{\"@id\":\"https:\\\/\\\/soldadoadrianojose.com.br\\\/index.php\\\/2023\\\/10\\\/25\\\/leonardo-petrelli-recebe-da-alep-o-titulo-de-cidadao-benemerito-do-parana\\\/\"},\"author\":{\"name\":\"soldadoadrianojose\",\"@id\":\"https:\\\/\\\/soldadoadrianojose.com.br\\\/#\\\/schema\\\/person\\\/16f8e8defb7a4bd6c6082efcd1bdb6bb\"},\"headline\":\"Leonardo Petrelli recebe da Alep o t\u00edtulo de Cidad\u00e3o Benem\u00e9rito do Paran\u00e1\",\"datePublished\":\"2023-10-25T11:28:04+00:00\",\"dateModified\":\"2023-10-25T11:28:08+00:00\",\"mainEntityOfPage\":{\"@id\":\"https:\\\/\\\/soldadoadrianojose.com.br\\\/index.php\\\/2023\\\/10\\\/25\\\/leonardo-petrelli-recebe-da-alep-o-titulo-de-cidadao-benemerito-do-parana\\\/\"},\"wordCount\":253,\"commentCount\":0,\"publisher\":{\"@id\":\"https:\\\/\\\/soldadoadrianojose.com.br\\\/#\\\/schema\\\/person\\\/16f8e8defb7a4bd6c6082efcd1bdb6bb\"},\"image\":{\"@id\":\"https:\\\/\\\/soldadoadrianojose.com.br\\\/index.php\\\/2023\\\/10\\\/25\\\/leonardo-petrelli-recebe-da-alep-o-titulo-de-cidadao-benemerito-do-parana\\\/#primaryimage\"},\"thumbnailUrl\":\"https:\\\/\\\/soldadoadrianojose.com.br\\\/wp-content\\\/uploads\\\/2023\\\/10\\\/leonardo-petrelli-neto-1-1500x1500-1.webp\",\"keywords\":[\"LEONARDO PETRELLI\"],\"articleSection\":[\"PARAN\u00c1\"],\"inLanguage\":\"pt-BR\",\"potentialAction\":[{\"@type\":\"CommentAction\",\"name\":\"Comment\",\"target\":[\"https:\\\/\\\/soldadoadrianojose.com.br\\\/index.php\\\/2023\\\/10\\\/25\\\/leonardo-petrelli-recebe-da-alep-o-titulo-de-cidadao-benemerito-do-parana\\\/#respond\"]}]},{\"@type\":\"WebPage\",\"@id\":\"https:\\\/\\\/soldadoadrianojose.com.br\\\/index.php\\\/2023\\\/10\\\/25\\\/leonardo-petrelli-recebe-da-alep-o-titulo-de-cidadao-benemerito-do-parana\\\/\",\"url\":\"https:\\\/\\\/soldadoadrianojose.com.br\\\/index.php\\\/2023\\\/10\\\/25\\\/leonardo-petrelli-recebe-da-alep-o-titulo-de-cidadao-benemerito-do-parana\\\/\",\"name\":\"Leonardo Petrelli recebe da Alep o t\u00edtulo de Cidad\u00e3o Benem\u00e9rito do Paran\u00e1 - Deputado Adriano Jos\u00e9\",\"isPartOf\":{\"@id\":\"https:\\\/\\\/soldadoadrianojose.com.br\\\/#website\"},\"primaryImageOfPage\":{\"@id\":\"https:\\\/\\\/soldadoadrianojose.com.br\\\/index.php\\\/2023\\\/10\\\/25\\\/leonardo-petrelli-recebe-da-alep-o-titulo-de-cidadao-benemerito-do-parana\\\/#primaryimage\"},\"image\":{\"@id\":\"https:\\\/\\\/soldadoadrianojose.com.br\\\/index.php\\\/2023\\\/10\\\/25\\\/leonardo-petrelli-recebe-da-alep-o-titulo-de-cidadao-benemerito-do-parana\\\/#primaryimage\"},\"thumbnailUrl\":\"https:\\\/\\\/soldadoadrianojose.com.br\\\/wp-content\\\/uploads\\\/2023\\\/10\\\/leonardo-petrelli-neto-1-1500x1500-1.webp\",\"datePublished\":\"2023-10-25T11:28:04+00:00\",\"dateModified\":\"2023-10-25T11:28:08+00:00\",\"breadcrumb\":{\"@id\":\"https:\\\/\\\/soldadoadrianojose.com.br\\\/index.php\\\/2023\\\/10\\\/25\\\/leonardo-petrelli-recebe-da-alep-o-titulo-de-cidadao-benemerito-do-parana\\\/#breadcrumb\"},\"inLanguage\":\"pt-BR\",\"potentialAction\":[{\"@type\":\"ReadAction\",\"target\":[\"https:\\\/\\\/soldadoadrianojose.com.br\\\/index.php\\\/2023\\\/10\\\/25\\\/leonardo-petrelli-recebe-da-alep-o-titulo-de-cidadao-benemerito-do-parana\\\/\"]}]},{\"@type\":\"ImageObject\",\"inLanguage\":\"pt-BR\",\"@id\":\"https:\\\/\\\/soldadoadrianojose.com.br\\\/index.php\\\/2023\\\/10\\\/25\\\/leonardo-petrelli-recebe-da-alep-o-titulo-de-cidadao-benemerito-do-parana\\\/#primaryimage\",\"url\":\"https:\\\/\\\/soldadoadrianojose.com.br\\\/wp-content\\\/uploads\\\/2023\\\/10\\\/leonardo-petrelli-neto-1-1500x1500-1.webp\",\"contentUrl\":\"https:\\\/\\\/soldadoadrianojose.com.br\\\/wp-content\\\/uploads\\\/2023\\\/10\\\/leonardo-petrelli-neto-1-1500x1500-1.webp\",\"width\":1500,\"height\":1500},{\"@type\":\"BreadcrumbList\",\"@id\":\"https:\\\/\\\/soldadoadrianojose.com.br\\\/index.php\\\/2023\\\/10\\\/25\\\/leonardo-petrelli-recebe-da-alep-o-titulo-de-cidadao-benemerito-do-parana\\\/#breadcrumb\",\"itemListElement\":[{\"@type\":\"ListItem\",\"position\":1,\"name\":\"In\u00edcio\",\"item\":\"https:\\\/\\\/soldadoadrianojose.com.br\\\/\"},{\"@type\":\"ListItem\",\"position\":2,\"name\":\"Leonardo Petrelli recebe da Alep o t\u00edtulo de Cidad\u00e3o Benem\u00e9rito do Paran\u00e1\"}]},{\"@type\":\"WebSite\",\"@id\":\"https:\\\/\\\/soldadoadrianojose.com.br\\\/#website\",\"url\":\"https:\\\/\\\/soldadoadrianojose.com.br\\\/\",\"name\":\"Deputado Adriano Jos\u00e9\",\"description\":\"Nosso trabalho \u00e9 pelas pessoas\",\"publisher\":{\"@id\":\"https:\\\/\\\/soldadoadrianojose.com.br\\\/#\\\/schema\\\/person\\\/16f8e8defb7a4bd6c6082efcd1bdb6bb\"},\"potentialAction\":[{\"@type\":\"SearchAction\",\"target\":{\"@type\":\"EntryPoint\",\"urlTemplate\":\"https:\\\/\\\/soldadoadrianojose.com.br\\\/?s={search_term_string}\"},\"query-input\":{\"@type\":\"PropertyValueSpecification\",\"valueRequired\":true,\"valueName\":\"search_term_string\"}}],\"inLanguage\":\"pt-BR\"},{\"@type\":[\"Person\",\"Organization\"],\"@id\":\"https:\\\/\\\/soldadoadrianojose.com.br\\\/#\\\/schema\\\/person\\\/16f8e8defb7a4bd6c6082efcd1bdb6bb\",\"name\":\"soldadoadrianojose\",\"image\":{\"@type\":\"ImageObject\",\"inLanguage\":\"pt-BR\",\"@id\":\"https:\\\/\\\/soldadoadrianojose.com.br\\\/wp-content\\\/uploads\\\/2023\\\/02\\\/LOGO_CLEAR-5.png\",\"url\":\"https:\\\/\\\/soldadoadrianojose.com.br\\\/wp-content\\\/uploads\\\/2023\\\/02\\\/LOGO_CLEAR-5.png\",\"contentUrl\":\"https:\\\/\\\/soldadoadrianojose.com.br\\\/wp-content\\\/uploads\\\/2023\\\/02\\\/LOGO_CLEAR-5.png\",\"width\":3508,\"height\":998,\"caption\":\"soldadoadrianojose\"},\"logo\":{\"@id\":\"https:\\\/\\\/soldadoadrianojose.com.br\\\/wp-content\\\/uploads\\\/2023\\\/02\\\/LOGO_CLEAR-5.png\"},\"sameAs\":[\"https:\\\/\\\/soldadoadrianojose.com.br\"],\"url\":\"https:\\\/\\\/soldadoadrianojose.com.br\\\/index.php\\\/author\\\/soldadoadrianojose\\\/\"}]}<\/script>\n<!-- \/ Yoast SEO plugin. -->","yoast_head_json":{"title":"Leonardo Petrelli recebe da Alep o t\u00edtulo de Cidad\u00e3o Benem\u00e9rito do Paran\u00e1 - Deputado Adriano Jos\u00e9","robots":{"index":"index","follow":"follow","max-snippet":"max-snippet:-1","max-image-preview":"max-image-preview:large","max-video-preview":"max-video-preview:-1"},"canonical":"https:\/\/soldadoadrianojose.com.br\/index.php\/2023\/10\/25\/leonardo-petrelli-recebe-da-alep-o-titulo-de-cidadao-benemerito-do-parana\/","og_locale":"pt_BR","og_type":"article","og_title":"Leonardo Petrelli recebe da Alep o t\u00edtulo de Cidad\u00e3o Benem\u00e9rito do Paran\u00e1 - Deputado Adriano Jos\u00e9","og_description":"O presidente executivo do Grupo RIC,&nbsp;Leonardo Petrelli Neto, recebeu dos deputados estaduais o t\u00edtulo de Cidad\u00e3o Benem\u00e9rito do Paran\u00e1. O reconhecimento foi entregue durante sess\u00e3o solene na&nbsp;Assembleia Legislativa do Paran\u00e1&nbsp;(Alep), na noite desta ter\u00e7a-feira (24). Quem prop\u00f4s a homenagem foi o deputado Alexandre Curi (PSD), que ressaltou que o empres\u00e1rio recebe o reconhecimento pelo brilhante [&hellip;]","og_url":"https:\/\/soldadoadrianojose.com.br\/index.php\/2023\/10\/25\/leonardo-petrelli-recebe-da-alep-o-titulo-de-cidadao-benemerito-do-parana\/","og_site_name":"Deputado Adriano Jos\u00e9","article_published_time":"2023-10-25T11:28:04+00:00","article_modified_time":"2023-10-25T11:28:08+00:00","og_image":[{"width":1500,"height":1500,"url":"https:\/\/soldadoadrianojose.com.br\/wp-content\/uploads\/2023\/10\/leonardo-petrelli-neto-1-1500x1500-1.webp","type":"image\/webp"}],"author":"soldadoadrianojose","twitter_card":"summary_large_image","twitter_misc":{"Escrito por":"soldadoadrianojose","Est. tempo de leitura":"2 minutos"},"schema":{"@context":"https:\/\/schema.org","@graph":[{"@type":"Article","@id":"https:\/\/soldadoadrianojose.com.br\/index.php\/2023\/10\/25\/leonardo-petrelli-recebe-da-alep-o-titulo-de-cidadao-benemerito-do-parana\/#article","isPartOf":{"@id":"https:\/\/soldadoadrianojose.com.br\/index.php\/2023\/10\/25\/leonardo-petrelli-recebe-da-alep-o-titulo-de-cidadao-benemerito-do-parana\/"},"author":{"name":"soldadoadrianojose","@id":"https:\/\/soldadoadrianojose.com.br\/#\/schema\/person\/16f8e8defb7a4bd6c6082efcd1bdb6bb"},"headline":"Leonardo Petrelli recebe da Alep o t\u00edtulo de Cidad\u00e3o Benem\u00e9rito do Paran\u00e1","datePublished":"2023-10-25T11:28:04+00:00","dateModified":"2023-10-25T11:28:08+00:00","mainEntityOfPage":{"@id":"https:\/\/soldadoadrianojose.com.br\/index.php\/2023\/10\/25\/leonardo-petrelli-recebe-da-alep-o-titulo-de-cidadao-benemerito-do-parana\/"},"wordCount":253,"commentCount":0,"publisher":{"@id":"https:\/\/soldadoadrianojose.com.br\/#\/schema\/person\/16f8e8defb7a4bd6c6082efcd1bdb6bb"},"image":{"@id":"https:\/\/soldadoadrianojose.com.br\/index.php\/2023\/10\/25\/leonardo-petrelli-recebe-da-alep-o-titulo-de-cidadao-benemerito-do-parana\/#primaryimage"},"thumbnailUrl":"https:\/\/soldadoadrianojose.com.br\/wp-content\/uploads\/2023\/10\/leonardo-petrelli-neto-1-1500x1500-1.webp","keywords":["LEONARDO PETRELLI"],"articleSection":["PARAN\u00c1"],"inLanguage":"pt-BR","potentialAction":[{"@type":"CommentAction","name":"Comment","target":["https:\/\/soldadoadrianojose.com.br\/index.php\/2023\/10\/25\/leonardo-petrelli-recebe-da-alep-o-titulo-de-cidadao-benemerito-do-parana\/#respond"]}]},{"@type":"WebPage","@id":"https:\/\/soldadoadrianojose.com.br\/index.php\/2023\/10\/25\/leonardo-petrelli-recebe-da-alep-o-titulo-de-cidadao-benemerito-do-parana\/","url":"https:\/\/soldadoadrianojose.com.br\/index.php\/2023\/10\/25\/leonardo-petrelli-recebe-da-alep-o-titulo-de-cidadao-benemerito-do-parana\/","name":"Leonardo Petrelli recebe da Alep o t\u00edtulo de Cidad\u00e3o Benem\u00e9rito do Paran\u00e1 - Deputado Adriano Jos\u00e9","isPartOf":{"@id":"https:\/\/soldadoadrianojose.com.br\/#website"},"primaryImageOfPage":{"@id":"https:\/\/soldadoadrianojose.com.br\/index.php\/2023\/10\/25\/leonardo-petrelli-recebe-da-alep-o-titulo-de-cidadao-benemerito-do-parana\/#primaryimage"},"image":{"@id":"https:\/\/soldadoadrianojose.com.br\/index.php\/2023\/10\/25\/leonardo-petrelli-recebe-da-alep-o-titulo-de-cidadao-benemerito-do-parana\/#primaryimage"},"thumbnailUrl":"https:\/\/soldadoadrianojose.com.br\/wp-content\/uploads\/2023\/10\/leonardo-petrelli-neto-1-1500x1500-1.webp","datePublished":"2023-10-25T11:28:04+00:00","dateModified":"2023-10-25T11:28:08+00:00","breadcrumb":{"@id":"https:\/\/soldadoadrianojose.com.br\/index.php\/2023\/10\/25\/leonardo-petrelli-recebe-da-alep-o-titulo-de-cidadao-benemerito-do-parana\/#breadcrumb"},"inLanguage":"pt-BR","potentialAction":[{"@type":"ReadAction","target":["https:\/\/soldadoadrianojose.com.br\/index.php\/2023\/10\/25\/leonardo-petrelli-recebe-da-alep-o-titulo-de-cidadao-benemerito-do-parana\/"]}]},{"@type":"ImageObject","inLanguage":"pt-BR","@id":"https:\/\/soldadoadrianojose.com.br\/index.php\/2023\/10\/25\/leonardo-petrelli-recebe-da-alep-o-titulo-de-cidadao-benemerito-do-parana\/#primaryimage","url":"https:\/\/soldadoadrianojose.com.br\/wp-content\/uploads\/2023\/10\/leonardo-petrelli-neto-1-1500x1500-1.webp","contentUrl":"https:\/\/soldadoadrianojose.com.br\/wp-content\/uploads\/2023\/10\/leonardo-petrelli-neto-1-1500x1500-1.webp","width":1500,"height":1500},{"@type":"BreadcrumbList","@id":"https:\/\/soldadoadrianojose.com.br\/index.php\/2023\/10\/25\/leonardo-petrelli-recebe-da-alep-o-titulo-de-cidadao-benemerito-do-parana\/#breadcrumb","itemListElement":[{"@type":"ListItem","position":1,"name":"In\u00edcio","item":"https:\/\/soldadoadrianojose.com.br\/"},{"@type":"ListItem","position":2,"name":"Leonardo Petrelli recebe da Alep o t\u00edtulo de Cidad\u00e3o Benem\u00e9rito do Paran\u00e1"}]},{"@type":"WebSite","@id":"https:\/\/soldadoadrianojose.com.br\/#website","url":"https:\/\/soldadoadrianojose.com.br\/","name":"Deputado Adriano Jos\u00e9","description":"Nosso trabalho \u00e9 pelas pessoas","publisher":{"@id":"https:\/\/soldadoadrianojose.com.br\/#\/schema\/person\/16f8e8defb7a4bd6c6082efcd1bdb6bb"},"potentialAction":[{"@type":"SearchAction","target":{"@type":"EntryPoint","urlTemplate":"https:\/\/soldadoadrianojose.com.br\/?s={search_term_string}"},"query-input":{"@type":"PropertyValueSpecification","valueRequired":true,"valueName":"search_term_string"}}],"inLanguage":"pt-BR"},{"@type":["Person","Organization"],"@id":"https:\/\/soldadoadrianojose.com.br\/#\/schema\/person\/16f8e8defb7a4bd6c6082efcd1bdb6bb","name":"soldadoadrianojose","image":{"@type":"ImageObject","inLanguage":"pt-BR","@id":"https:\/\/soldadoadrianojose.com.br\/wp-content\/uploads\/2023\/02\/LOGO_CLEAR-5.png","url":"https:\/\/soldadoadrianojose.com.br\/wp-content\/uploads\/2023\/02\/LOGO_CLEAR-5.png","contentUrl":"https:\/\/soldadoadrianojose.com.br\/wp-content\/uploads\/2023\/02\/LOGO_CLEAR-5.png","width":3508,"height":998,"caption":"soldadoadrianojose"},"logo":{"@id":"https:\/\/soldadoadrianojose.com.br\/wp-content\/uploads\/2023\/02\/LOGO_CLEAR-5.png"},"sameAs":["https:\/\/soldadoadrianojose.com.br"],"url":"https:\/\/soldadoadrianojose.com.br\/index.php\/author\/soldadoadrianojose\/"}]}},"jetpack_featured_media_url":"https:\/\/soldadoadrianojose.com.br\/wp-content\/uploads\/2023\/10\/leonardo-petrelli-neto-1-1500x1500-1.webp","_links":{"self":[{"href":"https:\/\/soldadoadrianojose.com.br\/index.php\/wp-json\/wp\/v2\/posts\/1238","targetHints":{"allow":["GET"]}}],"collection":[{"href":"https:\/\/soldadoadrianojose.com.br\/index.php\/wp-json\/wp\/v2\/posts"}],"about":[{"href":"https:\/\/soldadoadrianojose.com.br\/index.php\/wp-json\/wp\/v2\/types\/post"}],"author":[{"embeddable":true,"href":"https:\/\/soldadoadrianojose.com.br\/index.php\/wp-json\/wp\/v2\/users\/1"}],"replies":[{"embeddable":true,"href":"https:\/\/soldadoadrianojose.com.br\/index.php\/wp-json\/wp\/v2\/comments?post=1238"}],"version-history":[{"count":1,"href":"https:\/\/soldadoadrianojose.com.br\/index.php\/wp-json\/wp\/v2\/posts\/1238\/revisions"}],"predecessor-version":[{"id":1241,"href":"https:\/\/soldadoadrianojose.com.br\/index.php\/wp-json\/wp\/v2\/posts\/1238\/revisions\/1241"}],"wp:featuredmedia":[{"embeddable":true,"href":"https:\/\/soldadoadrianojose.com.br\/index.php\/wp-json\/wp\/v2\/media\/1239"}],"wp:attachment":[{"href":"https:\/\/soldadoadrianojose.com.br\/index.php\/wp-json\/wp\/v2\/media?parent=1238"}],"wp:term":[{"taxonomy":"category","embeddable":true,"href":"https:\/\/soldadoadrianojose.com.br\/index.php\/wp-json\/wp\/v2\/categories?post=1238"},{"taxonomy":"post_tag","embeddable":true,"href":"https:\/\/soldadoadrianojose.com.br\/index.php\/wp-json\/wp\/v2\/tags?post=1238"}],"curies":[{"name":"wp","href":"https:\/\/api.w.org\/{rel}","templated":true}]}}