{"id":1246,"date":"2023-10-25T18:15:41","date_gmt":"2023-10-25T21:15:41","guid":{"rendered":"https:\/\/soldadoadrianojose.com.br\/?p=1246"},"modified":"2023-10-25T18:15:46","modified_gmt":"2023-10-25T21:15:46","slug":"peoes-de-colorado-guaraci-e-nova-esperanca-participam-do-campeonato-mundial-de-montaria-em-touros-nos-eua","status":"publish","type":"post","link":"https:\/\/soldadoadrianojose.com.br\/index.php\/2023\/10\/25\/peoes-de-colorado-guaraci-e-nova-esperanca-participam-do-campeonato-mundial-de-montaria-em-touros-nos-eua\/","title":{"rendered":"Pe\u00f5es de Colorado, Guaraci e Nova Esperan\u00e7a participam do campeonato mundial de montaria em touros nos EUA"},"content":{"rendered":"\n<p>Aconteceu nesse \u00faltimo final de semana a final mundial entre equipes de montarias em touros pela PBR em Las Vegas, cidade norte-americana. O evento aconteceu na T-Mobile, uma arena de grandes eventos que \u00e9 palco das lutas de UFC.<\/p>\n\n\n\n<p>&#8220;<strong>Parab\u00e9ns aos pe\u00f5es de Guaraci e Colorado pela participa\u00e7\u00e3o no maior campeonato de montaria em touros dos EUA! Voc\u00eas representaram nossa regi\u00e3o com dedica\u00e7\u00e3o e habilidade, enchendo-nos de orgulho. Desejo muito sucesso em suas trajet\u00f3rias que seja repleta de supera\u00e7\u00f5es e conquistas&#8221;. <\/strong>Comentou o Deputado Adriano Jos\u00e9.<\/p>\n\n\n\n<figure class=\"wp-block-image size-large is-resized\"><img fetchpriority=\"high\" decoding=\"async\" width=\"768\" height=\"1024\" src=\"https:\/\/soldadoadrianojose.com.br\/wp-content\/uploads\/2023\/10\/WhatsApp-Image-2023-10-25-at-17.42.22-768x1024.jpeg\" alt=\"\" class=\"wp-image-1247\" style=\"aspect-ratio:0.75;width:249px;height:auto\" srcset=\"https:\/\/soldadoadrianojose.com.br\/wp-content\/uploads\/2023\/10\/WhatsApp-Image-2023-10-25-at-17.42.22-768x1024.jpeg 768w, https:\/\/soldadoadrianojose.com.br\/wp-content\/uploads\/2023\/10\/WhatsApp-Image-2023-10-25-at-17.42.22-225x300.jpeg 225w, https:\/\/soldadoadrianojose.com.br\/wp-content\/uploads\/2023\/10\/WhatsApp-Image-2023-10-25-at-17.42.22-1152x1536.jpeg 1152w, https:\/\/soldadoadrianojose.com.br\/wp-content\/uploads\/2023\/10\/WhatsApp-Image-2023-10-25-at-17.42.22.jpeg 1536w\" sizes=\"(max-width: 768px) 100vw, 768px\" \/><\/figure>\n\n\n\n<p>Entre os competidores estavam tr\u00eas p\u00f5es da nossa microrregi\u00e3o paranaense: Daniel Feitosa de Guaraci ; Leandro Machado de Nova Esperan\u00e7a e Paulo Eduardo Rossetto de Colorado.<\/p>\n\n\n\n<p>O Campeonato que ocorreu foi \u00e0 segunda temporada da franquia, onde os atletas s\u00e3o divididos em equipes e suas montarias somam pontos para os seus determinados times.<\/p>\n\n\n\n<p>Nessa temporada a grande campe\u00e3 foi a Texas Rattlers. A equipe liderada pelo brasileiro Jo\u00e3o Ricardo Vieira levantou o trof\u00e9u e levou para casa a bolada de U$ 900 mil d\u00f3lares, o que daria em m\u00e9dia 4 milh\u00f5es e meio de reais.<\/p>\n","protected":false},"excerpt":{"rendered":"<p>Aconteceu nesse \u00faltimo final de semana a final mundial entre equipes de montarias em touros pela PBR em Las Vegas, cidade norte-americana. O evento aconteceu na T-Mobile, uma arena de grandes eventos que \u00e9 palco das lutas de UFC. &#8220;Parab\u00e9ns aos pe\u00f5es de Guaraci e Colorado pela participa\u00e7\u00e3o no maior campeonato de montaria em touros [&hellip;]<\/p>\n","protected":false},"author":1,"featured_media":1248,"comment_status":"open","ping_status":"open","sticky":false,"template":"","format":"standard","meta":{"footnotes":""},"categories":[6,1,5],"tags":[],"class_list":["post-1246","post","type-post","status-publish","format-standard","has-post-thumbnail","hentry","category-brasil","category-gabinete-sd","category-parana"],"yoast_head":"<!-- This site is optimized with the Yoast SEO plugin v27.4 - https:\/\/yoast.com\/product\/yoast-seo-wordpress\/ -->\n<title>Pe\u00f5es de Colorado, Guaraci e Nova Esperan\u00e7a participam do campeonato mundial de montaria em touros nos EUA - Deputado Adriano Jos\u00e9<\/title>\n<meta name=\"robots\" content=\"index, follow, max-snippet:-1, max-image-preview:large, max-video-preview:-1\" \/>\n<link rel=\"canonical\" href=\"https:\/\/soldadoadrianojose.com.br\/index.php\/2023\/10\/25\/peoes-de-colorado-guaraci-e-nova-esperanca-participam-do-campeonato-mundial-de-montaria-em-touros-nos-eua\/\" \/>\n<meta property=\"og:locale\" content=\"pt_BR\" \/>\n<meta property=\"og:type\" content=\"article\" \/>\n<meta property=\"og:title\" content=\"Pe\u00f5es de Colorado, Guaraci e Nova Esperan\u00e7a participam do campeonato mundial de montaria em touros nos EUA - Deputado Adriano Jos\u00e9\" \/>\n<meta property=\"og:description\" content=\"Aconteceu nesse \u00faltimo final de semana a final mundial entre equipes de montarias em touros pela PBR em Las Vegas, cidade norte-americana. O evento aconteceu na T-Mobile, uma arena de grandes eventos que \u00e9 palco das lutas de UFC. &#8220;Parab\u00e9ns aos pe\u00f5es de Guaraci e Colorado pela participa\u00e7\u00e3o no maior campeonato de montaria em touros [&hellip;]\" \/>\n<meta property=\"og:url\" content=\"https:\/\/soldadoadrianojose.com.br\/index.php\/2023\/10\/25\/peoes-de-colorado-guaraci-e-nova-esperanca-participam-do-campeonato-mundial-de-montaria-em-touros-nos-eua\/\" \/>\n<meta property=\"og:site_name\" content=\"Deputado Adriano Jos\u00e9\" \/>\n<meta property=\"article:published_time\" content=\"2023-10-25T21:15:41+00:00\" \/>\n<meta property=\"article:modified_time\" content=\"2023-10-25T21:15:46+00:00\" \/>\n<meta property=\"og:image\" content=\"https:\/\/soldadoadrianojose.com.br\/wp-content\/uploads\/2023\/10\/WhatsApp-Image-2023-10-25-at-17.52.42.jpeg\" \/>\n\t<meta property=\"og:image:width\" content=\"1600\" \/>\n\t<meta property=\"og:image:height\" content=\"1066\" \/>\n\t<meta property=\"og:image:type\" content=\"image\/jpeg\" \/>\n<meta name=\"author\" content=\"soldadoadrianojose\" \/>\n<meta name=\"twitter:card\" content=\"summary_large_image\" \/>\n<meta name=\"twitter:label1\" content=\"Escrito por\" \/>\n\t<meta name=\"twitter:data1\" content=\"soldadoadrianojose\" \/>\n\t<meta name=\"twitter:label2\" content=\"Est. tempo de leitura\" \/>\n\t<meta name=\"twitter:data2\" content=\"2 minutos\" \/>\n<script type=\"application\/ld+json\" class=\"yoast-schema-graph\">{\"@context\":\"https:\\\/\\\/schema.org\",\"@graph\":[{\"@type\":\"Article\",\"@id\":\"https:\\\/\\\/soldadoadrianojose.com.br\\\/index.php\\\/2023\\\/10\\\/25\\\/peoes-de-colorado-guaraci-e-nova-esperanca-participam-do-campeonato-mundial-de-montaria-em-touros-nos-eua\\\/#article\",\"isPartOf\":{\"@id\":\"https:\\\/\\\/soldadoadrianojose.com.br\\\/index.php\\\/2023\\\/10\\\/25\\\/peoes-de-colorado-guaraci-e-nova-esperanca-participam-do-campeonato-mundial-de-montaria-em-touros-nos-eua\\\/\"},\"author\":{\"name\":\"soldadoadrianojose\",\"@id\":\"https:\\\/\\\/soldadoadrianojose.com.br\\\/#\\\/schema\\\/person\\\/16f8e8defb7a4bd6c6082efcd1bdb6bb\"},\"headline\":\"Pe\u00f5es de Colorado, Guaraci e Nova Esperan\u00e7a participam do campeonato mundial de montaria em touros nos EUA\",\"datePublished\":\"2023-10-25T21:15:41+00:00\",\"dateModified\":\"2023-10-25T21:15:46+00:00\",\"mainEntityOfPage\":{\"@id\":\"https:\\\/\\\/soldadoadrianojose.com.br\\\/index.php\\\/2023\\\/10\\\/25\\\/peoes-de-colorado-guaraci-e-nova-esperanca-participam-do-campeonato-mundial-de-montaria-em-touros-nos-eua\\\/\"},\"wordCount\":213,\"commentCount\":0,\"publisher\":{\"@id\":\"https:\\\/\\\/soldadoadrianojose.com.br\\\/#\\\/schema\\\/person\\\/16f8e8defb7a4bd6c6082efcd1bdb6bb\"},\"image\":{\"@id\":\"https:\\\/\\\/soldadoadrianojose.com.br\\\/index.php\\\/2023\\\/10\\\/25\\\/peoes-de-colorado-guaraci-e-nova-esperanca-participam-do-campeonato-mundial-de-montaria-em-touros-nos-eua\\\/#primaryimage\"},\"thumbnailUrl\":\"https:\\\/\\\/soldadoadrianojose.com.br\\\/wp-content\\\/uploads\\\/2023\\\/10\\\/WhatsApp-Image-2023-10-25-at-17.52.42.jpeg\",\"articleSection\":[\"BRASIL\",\"GABINETE SD\",\"PARAN\u00c1\"],\"inLanguage\":\"pt-BR\",\"potentialAction\":[{\"@type\":\"CommentAction\",\"name\":\"Comment\",\"target\":[\"https:\\\/\\\/soldadoadrianojose.com.br\\\/index.php\\\/2023\\\/10\\\/25\\\/peoes-de-colorado-guaraci-e-nova-esperanca-participam-do-campeonato-mundial-de-montaria-em-touros-nos-eua\\\/#respond\"]}]},{\"@type\":\"WebPage\",\"@id\":\"https:\\\/\\\/soldadoadrianojose.com.br\\\/index.php\\\/2023\\\/10\\\/25\\\/peoes-de-colorado-guaraci-e-nova-esperanca-participam-do-campeonato-mundial-de-montaria-em-touros-nos-eua\\\/\",\"url\":\"https:\\\/\\\/soldadoadrianojose.com.br\\\/index.php\\\/2023\\\/10\\\/25\\\/peoes-de-colorado-guaraci-e-nova-esperanca-participam-do-campeonato-mundial-de-montaria-em-touros-nos-eua\\\/\",\"name\":\"Pe\u00f5es de Colorado, Guaraci e Nova Esperan\u00e7a participam do campeonato mundial de montaria em touros nos EUA - Deputado Adriano Jos\u00e9\",\"isPartOf\":{\"@id\":\"https:\\\/\\\/soldadoadrianojose.com.br\\\/#website\"},\"primaryImageOfPage\":{\"@id\":\"https:\\\/\\\/soldadoadrianojose.com.br\\\/index.php\\\/2023\\\/10\\\/25\\\/peoes-de-colorado-guaraci-e-nova-esperanca-participam-do-campeonato-mundial-de-montaria-em-touros-nos-eua\\\/#primaryimage\"},\"image\":{\"@id\":\"https:\\\/\\\/soldadoadrianojose.com.br\\\/index.php\\\/2023\\\/10\\\/25\\\/peoes-de-colorado-guaraci-e-nova-esperanca-participam-do-campeonato-mundial-de-montaria-em-touros-nos-eua\\\/#primaryimage\"},\"thumbnailUrl\":\"https:\\\/\\\/soldadoadrianojose.com.br\\\/wp-content\\\/uploads\\\/2023\\\/10\\\/WhatsApp-Image-2023-10-25-at-17.52.42.jpeg\",\"datePublished\":\"2023-10-25T21:15:41+00:00\",\"dateModified\":\"2023-10-25T21:15:46+00:00\",\"breadcrumb\":{\"@id\":\"https:\\\/\\\/soldadoadrianojose.com.br\\\/index.php\\\/2023\\\/10\\\/25\\\/peoes-de-colorado-guaraci-e-nova-esperanca-participam-do-campeonato-mundial-de-montaria-em-touros-nos-eua\\\/#breadcrumb\"},\"inLanguage\":\"pt-BR\",\"potentialAction\":[{\"@type\":\"ReadAction\",\"target\":[\"https:\\\/\\\/soldadoadrianojose.com.br\\\/index.php\\\/2023\\\/10\\\/25\\\/peoes-de-colorado-guaraci-e-nova-esperanca-participam-do-campeonato-mundial-de-montaria-em-touros-nos-eua\\\/\"]}]},{\"@type\":\"ImageObject\",\"inLanguage\":\"pt-BR\",\"@id\":\"https:\\\/\\\/soldadoadrianojose.com.br\\\/index.php\\\/2023\\\/10\\\/25\\\/peoes-de-colorado-guaraci-e-nova-esperanca-participam-do-campeonato-mundial-de-montaria-em-touros-nos-eua\\\/#primaryimage\",\"url\":\"https:\\\/\\\/soldadoadrianojose.com.br\\\/wp-content\\\/uploads\\\/2023\\\/10\\\/WhatsApp-Image-2023-10-25-at-17.52.42.jpeg\",\"contentUrl\":\"https:\\\/\\\/soldadoadrianojose.com.br\\\/wp-content\\\/uploads\\\/2023\\\/10\\\/WhatsApp-Image-2023-10-25-at-17.52.42.jpeg\",\"width\":1600,\"height\":1066},{\"@type\":\"BreadcrumbList\",\"@id\":\"https:\\\/\\\/soldadoadrianojose.com.br\\\/index.php\\\/2023\\\/10\\\/25\\\/peoes-de-colorado-guaraci-e-nova-esperanca-participam-do-campeonato-mundial-de-montaria-em-touros-nos-eua\\\/#breadcrumb\",\"itemListElement\":[{\"@type\":\"ListItem\",\"position\":1,\"name\":\"In\u00edcio\",\"item\":\"https:\\\/\\\/soldadoadrianojose.com.br\\\/\"},{\"@type\":\"ListItem\",\"position\":2,\"name\":\"Pe\u00f5es de Colorado, Guaraci e Nova Esperan\u00e7a participam do campeonato mundial de montaria em touros nos EUA\"}]},{\"@type\":\"WebSite\",\"@id\":\"https:\\\/\\\/soldadoadrianojose.com.br\\\/#website\",\"url\":\"https:\\\/\\\/soldadoadrianojose.com.br\\\/\",\"name\":\"Deputado Adriano Jos\u00e9\",\"description\":\"Nosso trabalho \u00e9 pelas pessoas\",\"publisher\":{\"@id\":\"https:\\\/\\\/soldadoadrianojose.com.br\\\/#\\\/schema\\\/person\\\/16f8e8defb7a4bd6c6082efcd1bdb6bb\"},\"potentialAction\":[{\"@type\":\"SearchAction\",\"target\":{\"@type\":\"EntryPoint\",\"urlTemplate\":\"https:\\\/\\\/soldadoadrianojose.com.br\\\/?s={search_term_string}\"},\"query-input\":{\"@type\":\"PropertyValueSpecification\",\"valueRequired\":true,\"valueName\":\"search_term_string\"}}],\"inLanguage\":\"pt-BR\"},{\"@type\":[\"Person\",\"Organization\"],\"@id\":\"https:\\\/\\\/soldadoadrianojose.com.br\\\/#\\\/schema\\\/person\\\/16f8e8defb7a4bd6c6082efcd1bdb6bb\",\"name\":\"soldadoadrianojose\",\"image\":{\"@type\":\"ImageObject\",\"inLanguage\":\"pt-BR\",\"@id\":\"https:\\\/\\\/soldadoadrianojose.com.br\\\/wp-content\\\/uploads\\\/2023\\\/02\\\/LOGO_CLEAR-5.png\",\"url\":\"https:\\\/\\\/soldadoadrianojose.com.br\\\/wp-content\\\/uploads\\\/2023\\\/02\\\/LOGO_CLEAR-5.png\",\"contentUrl\":\"https:\\\/\\\/soldadoadrianojose.com.br\\\/wp-content\\\/uploads\\\/2023\\\/02\\\/LOGO_CLEAR-5.png\",\"width\":3508,\"height\":998,\"caption\":\"soldadoadrianojose\"},\"logo\":{\"@id\":\"https:\\\/\\\/soldadoadrianojose.com.br\\\/wp-content\\\/uploads\\\/2023\\\/02\\\/LOGO_CLEAR-5.png\"},\"sameAs\":[\"https:\\\/\\\/soldadoadrianojose.com.br\"],\"url\":\"https:\\\/\\\/soldadoadrianojose.com.br\\\/index.php\\\/author\\\/soldadoadrianojose\\\/\"}]}<\/script>\n<!-- \/ Yoast SEO plugin. -->","yoast_head_json":{"title":"Pe\u00f5es de Colorado, Guaraci e Nova Esperan\u00e7a participam do campeonato mundial de montaria em touros nos EUA - Deputado Adriano Jos\u00e9","robots":{"index":"index","follow":"follow","max-snippet":"max-snippet:-1","max-image-preview":"max-image-preview:large","max-video-preview":"max-video-preview:-1"},"canonical":"https:\/\/soldadoadrianojose.com.br\/index.php\/2023\/10\/25\/peoes-de-colorado-guaraci-e-nova-esperanca-participam-do-campeonato-mundial-de-montaria-em-touros-nos-eua\/","og_locale":"pt_BR","og_type":"article","og_title":"Pe\u00f5es de Colorado, Guaraci e Nova Esperan\u00e7a participam do campeonato mundial de montaria em touros nos EUA - Deputado Adriano Jos\u00e9","og_description":"Aconteceu nesse \u00faltimo final de semana a final mundial entre equipes de montarias em touros pela PBR em Las Vegas, cidade norte-americana. O evento aconteceu na T-Mobile, uma arena de grandes eventos que \u00e9 palco das lutas de UFC. &#8220;Parab\u00e9ns aos pe\u00f5es de Guaraci e Colorado pela participa\u00e7\u00e3o no maior campeonato de montaria em touros [&hellip;]","og_url":"https:\/\/soldadoadrianojose.com.br\/index.php\/2023\/10\/25\/peoes-de-colorado-guaraci-e-nova-esperanca-participam-do-campeonato-mundial-de-montaria-em-touros-nos-eua\/","og_site_name":"Deputado Adriano Jos\u00e9","article_published_time":"2023-10-25T21:15:41+00:00","article_modified_time":"2023-10-25T21:15:46+00:00","og_image":[{"width":1600,"height":1066,"url":"https:\/\/soldadoadrianojose.com.br\/wp-content\/uploads\/2023\/10\/WhatsApp-Image-2023-10-25-at-17.52.42.jpeg","type":"image\/jpeg"}],"author":"soldadoadrianojose","twitter_card":"summary_large_image","twitter_misc":{"Escrito por":"soldadoadrianojose","Est. tempo de leitura":"2 minutos"},"schema":{"@context":"https:\/\/schema.org","@graph":[{"@type":"Article","@id":"https:\/\/soldadoadrianojose.com.br\/index.php\/2023\/10\/25\/peoes-de-colorado-guaraci-e-nova-esperanca-participam-do-campeonato-mundial-de-montaria-em-touros-nos-eua\/#article","isPartOf":{"@id":"https:\/\/soldadoadrianojose.com.br\/index.php\/2023\/10\/25\/peoes-de-colorado-guaraci-e-nova-esperanca-participam-do-campeonato-mundial-de-montaria-em-touros-nos-eua\/"},"author":{"name":"soldadoadrianojose","@id":"https:\/\/soldadoadrianojose.com.br\/#\/schema\/person\/16f8e8defb7a4bd6c6082efcd1bdb6bb"},"headline":"Pe\u00f5es de Colorado, Guaraci e Nova Esperan\u00e7a participam do campeonato mundial de montaria em touros nos EUA","datePublished":"2023-10-25T21:15:41+00:00","dateModified":"2023-10-25T21:15:46+00:00","mainEntityOfPage":{"@id":"https:\/\/soldadoadrianojose.com.br\/index.php\/2023\/10\/25\/peoes-de-colorado-guaraci-e-nova-esperanca-participam-do-campeonato-mundial-de-montaria-em-touros-nos-eua\/"},"wordCount":213,"commentCount":0,"publisher":{"@id":"https:\/\/soldadoadrianojose.com.br\/#\/schema\/person\/16f8e8defb7a4bd6c6082efcd1bdb6bb"},"image":{"@id":"https:\/\/soldadoadrianojose.com.br\/index.php\/2023\/10\/25\/peoes-de-colorado-guaraci-e-nova-esperanca-participam-do-campeonato-mundial-de-montaria-em-touros-nos-eua\/#primaryimage"},"thumbnailUrl":"https:\/\/soldadoadrianojose.com.br\/wp-content\/uploads\/2023\/10\/WhatsApp-Image-2023-10-25-at-17.52.42.jpeg","articleSection":["BRASIL","GABINETE SD","PARAN\u00c1"],"inLanguage":"pt-BR","potentialAction":[{"@type":"CommentAction","name":"Comment","target":["https:\/\/soldadoadrianojose.com.br\/index.php\/2023\/10\/25\/peoes-de-colorado-guaraci-e-nova-esperanca-participam-do-campeonato-mundial-de-montaria-em-touros-nos-eua\/#respond"]}]},{"@type":"WebPage","@id":"https:\/\/soldadoadrianojose.com.br\/index.php\/2023\/10\/25\/peoes-de-colorado-guaraci-e-nova-esperanca-participam-do-campeonato-mundial-de-montaria-em-touros-nos-eua\/","url":"https:\/\/soldadoadrianojose.com.br\/index.php\/2023\/10\/25\/peoes-de-colorado-guaraci-e-nova-esperanca-participam-do-campeonato-mundial-de-montaria-em-touros-nos-eua\/","name":"Pe\u00f5es de Colorado, Guaraci e Nova Esperan\u00e7a participam do campeonato mundial de montaria em touros nos EUA - Deputado Adriano Jos\u00e9","isPartOf":{"@id":"https:\/\/soldadoadrianojose.com.br\/#website"},"primaryImageOfPage":{"@id":"https:\/\/soldadoadrianojose.com.br\/index.php\/2023\/10\/25\/peoes-de-colorado-guaraci-e-nova-esperanca-participam-do-campeonato-mundial-de-montaria-em-touros-nos-eua\/#primaryimage"},"image":{"@id":"https:\/\/soldadoadrianojose.com.br\/index.php\/2023\/10\/25\/peoes-de-colorado-guaraci-e-nova-esperanca-participam-do-campeonato-mundial-de-montaria-em-touros-nos-eua\/#primaryimage"},"thumbnailUrl":"https:\/\/soldadoadrianojose.com.br\/wp-content\/uploads\/2023\/10\/WhatsApp-Image-2023-10-25-at-17.52.42.jpeg","datePublished":"2023-10-25T21:15:41+00:00","dateModified":"2023-10-25T21:15:46+00:00","breadcrumb":{"@id":"https:\/\/soldadoadrianojose.com.br\/index.php\/2023\/10\/25\/peoes-de-colorado-guaraci-e-nova-esperanca-participam-do-campeonato-mundial-de-montaria-em-touros-nos-eua\/#breadcrumb"},"inLanguage":"pt-BR","potentialAction":[{"@type":"ReadAction","target":["https:\/\/soldadoadrianojose.com.br\/index.php\/2023\/10\/25\/peoes-de-colorado-guaraci-e-nova-esperanca-participam-do-campeonato-mundial-de-montaria-em-touros-nos-eua\/"]}]},{"@type":"ImageObject","inLanguage":"pt-BR","@id":"https:\/\/soldadoadrianojose.com.br\/index.php\/2023\/10\/25\/peoes-de-colorado-guaraci-e-nova-esperanca-participam-do-campeonato-mundial-de-montaria-em-touros-nos-eua\/#primaryimage","url":"https:\/\/soldadoadrianojose.com.br\/wp-content\/uploads\/2023\/10\/WhatsApp-Image-2023-10-25-at-17.52.42.jpeg","contentUrl":"https:\/\/soldadoadrianojose.com.br\/wp-content\/uploads\/2023\/10\/WhatsApp-Image-2023-10-25-at-17.52.42.jpeg","width":1600,"height":1066},{"@type":"BreadcrumbList","@id":"https:\/\/soldadoadrianojose.com.br\/index.php\/2023\/10\/25\/peoes-de-colorado-guaraci-e-nova-esperanca-participam-do-campeonato-mundial-de-montaria-em-touros-nos-eua\/#breadcrumb","itemListElement":[{"@type":"ListItem","position":1,"name":"In\u00edcio","item":"https:\/\/soldadoadrianojose.com.br\/"},{"@type":"ListItem","position":2,"name":"Pe\u00f5es de Colorado, Guaraci e Nova Esperan\u00e7a participam do campeonato mundial de montaria em touros nos EUA"}]},{"@type":"WebSite","@id":"https:\/\/soldadoadrianojose.com.br\/#website","url":"https:\/\/soldadoadrianojose.com.br\/","name":"Deputado Adriano Jos\u00e9","description":"Nosso trabalho \u00e9 pelas pessoas","publisher":{"@id":"https:\/\/soldadoadrianojose.com.br\/#\/schema\/person\/16f8e8defb7a4bd6c6082efcd1bdb6bb"},"potentialAction":[{"@type":"SearchAction","target":{"@type":"EntryPoint","urlTemplate":"https:\/\/soldadoadrianojose.com.br\/?s={search_term_string}"},"query-input":{"@type":"PropertyValueSpecification","valueRequired":true,"valueName":"search_term_string"}}],"inLanguage":"pt-BR"},{"@type":["Person","Organization"],"@id":"https:\/\/soldadoadrianojose.com.br\/#\/schema\/person\/16f8e8defb7a4bd6c6082efcd1bdb6bb","name":"soldadoadrianojose","image":{"@type":"ImageObject","inLanguage":"pt-BR","@id":"https:\/\/soldadoadrianojose.com.br\/wp-content\/uploads\/2023\/02\/LOGO_CLEAR-5.png","url":"https:\/\/soldadoadrianojose.com.br\/wp-content\/uploads\/2023\/02\/LOGO_CLEAR-5.png","contentUrl":"https:\/\/soldadoadrianojose.com.br\/wp-content\/uploads\/2023\/02\/LOGO_CLEAR-5.png","width":3508,"height":998,"caption":"soldadoadrianojose"},"logo":{"@id":"https:\/\/soldadoadrianojose.com.br\/wp-content\/uploads\/2023\/02\/LOGO_CLEAR-5.png"},"sameAs":["https:\/\/soldadoadrianojose.com.br"],"url":"https:\/\/soldadoadrianojose.com.br\/index.php\/author\/soldadoadrianojose\/"}]}},"jetpack_featured_media_url":"https:\/\/soldadoadrianojose.com.br\/wp-content\/uploads\/2023\/10\/WhatsApp-Image-2023-10-25-at-17.52.42.jpeg","_links":{"self":[{"href":"https:\/\/soldadoadrianojose.com.br\/index.php\/wp-json\/wp\/v2\/posts\/1246","targetHints":{"allow":["GET"]}}],"collection":[{"href":"https:\/\/soldadoadrianojose.com.br\/index.php\/wp-json\/wp\/v2\/posts"}],"about":[{"href":"https:\/\/soldadoadrianojose.com.br\/index.php\/wp-json\/wp\/v2\/types\/post"}],"author":[{"embeddable":true,"href":"https:\/\/soldadoadrianojose.com.br\/index.php\/wp-json\/wp\/v2\/users\/1"}],"replies":[{"embeddable":true,"href":"https:\/\/soldadoadrianojose.com.br\/index.php\/wp-json\/wp\/v2\/comments?post=1246"}],"version-history":[{"count":1,"href":"https:\/\/soldadoadrianojose.com.br\/index.php\/wp-json\/wp\/v2\/posts\/1246\/revisions"}],"predecessor-version":[{"id":1249,"href":"https:\/\/soldadoadrianojose.com.br\/index.php\/wp-json\/wp\/v2\/posts\/1246\/revisions\/1249"}],"wp:featuredmedia":[{"embeddable":true,"href":"https:\/\/soldadoadrianojose.com.br\/index.php\/wp-json\/wp\/v2\/media\/1248"}],"wp:attachment":[{"href":"https:\/\/soldadoadrianojose.com.br\/index.php\/wp-json\/wp\/v2\/media?parent=1246"}],"wp:term":[{"taxonomy":"category","embeddable":true,"href":"https:\/\/soldadoadrianojose.com.br\/index.php\/wp-json\/wp\/v2\/categories?post=1246"},{"taxonomy":"post_tag","embeddable":true,"href":"https:\/\/soldadoadrianojose.com.br\/index.php\/wp-json\/wp\/v2\/tags?post=1246"}],"curies":[{"name":"wp","href":"https:\/\/api.w.org\/{rel}","templated":true}]}}