{"id":1250,"date":"2023-10-27T16:28:14","date_gmt":"2023-10-27T19:28:14","guid":{"rendered":"https:\/\/soldadoadrianojose.com.br\/?p=1250"},"modified":"2023-10-27T16:34:46","modified_gmt":"2023-10-27T19:34:46","slug":"deputado-adriano-jose-destaca-dia-historico-para-o-parana-com-inauguracao-do-canteiro-de-obras-da-ponte-em-guaratuba","status":"publish","type":"post","link":"https:\/\/soldadoadrianojose.com.br\/index.php\/2023\/10\/27\/deputado-adriano-jose-destaca-dia-historico-para-o-parana-com-inauguracao-do-canteiro-de-obras-da-ponte-em-guaratuba\/","title":{"rendered":"Deputado Adriano Jos\u00e9 destaca dia hist\u00f3rico para o Paran\u00e1 com inaugura\u00e7\u00e3o do canteiro de obras da ponte em Guaratuba"},"content":{"rendered":"\n<figure class=\"wp-block-image size-large is-resized\"><img fetchpriority=\"high\" decoding=\"async\" width=\"1024\" height=\"683\" src=\"https:\/\/soldadoadrianojose.com.br\/wp-content\/uploads\/2023\/10\/ponte_de_guaratuba_02_0-1-1024x683.jpeg\" alt=\"\" class=\"wp-image-1254\" style=\"aspect-ratio:1.499267935578331;width:418px;height:auto\" srcset=\"https:\/\/soldadoadrianojose.com.br\/wp-content\/uploads\/2023\/10\/ponte_de_guaratuba_02_0-1-1024x683.jpeg 1024w, https:\/\/soldadoadrianojose.com.br\/wp-content\/uploads\/2023\/10\/ponte_de_guaratuba_02_0-1-300x200.jpeg 300w, https:\/\/soldadoadrianojose.com.br\/wp-content\/uploads\/2023\/10\/ponte_de_guaratuba_02_0-1-768x512.jpeg 768w, https:\/\/soldadoadrianojose.com.br\/wp-content\/uploads\/2023\/10\/ponte_de_guaratuba_02_0-1-1536x1024.jpeg 1536w, https:\/\/soldadoadrianojose.com.br\/wp-content\/uploads\/2023\/10\/ponte_de_guaratuba_02_0-1.jpeg 1620w\" sizes=\"(max-width: 1024px) 100vw, 1024px\" \/><figcaption class=\"wp-element-caption\">Ponte de Guaratuba &#8211;<\/figcaption><\/figure>\n\n\n\n<p>Evento aconteceu na manh\u00e3 desta sexta- feira (27), em Guaratuba. Investimento na obra ser\u00e1 de R$ 386,9 milh\u00f5es, com prazo total estimado para execu\u00e7\u00e3o de 32 meses.<\/p>\n\n\n\n<p>O governador Ratinho Junior (PSD) inaugurou, na manh\u00e3 desta sexta-feira (27), o canteiro de obras da ponte que ligar\u00e1 os munic\u00edpios de Matinhos e Guaratuba, no litoral do Paran\u00e1.<\/p>\n\n\n\n<p>&#8220;A gente venceu as etapas jur\u00eddicas, hoje n\u00f3s temos seguran\u00e7a jur\u00eddica, seguran\u00e7a t\u00e9cnica, ambiental tamb\u00e9m pra poder atender esse projeto e agora \u00e9 fazer com que a obra caminhe e aconte\u00e7a&#8221;, disse.<\/p>\n\n\n\n<p>A constru\u00e7\u00e3o da ponte, promessa antiga de diversos governos, se prop\u00f5e a ser a resolu\u00e7\u00e3o dos problemas de liga\u00e7\u00e3o entre os munic\u00edpios que hoje possuem como forma mais r\u00e1pida de acesso a travessia via ferry-boat.<\/p>\n\n\n\n<p>O deputado Soldado Adriano Jos\u00e9 destacou que \u201ca inaugura\u00e7\u00e3o do canteiro de obras da ponte que ligar\u00e1 Matinhos a Guaratuba \u00e9 um marco importante para o desenvolvimento da regi\u00e3o. Essa obra trar\u00e1 benef\u00edcios como melhoria da mobilidade, est\u00edmulo ao turismo e mais seguran\u00e7a para todos. Parab\u00e9ns ao governador Ratinho Junior por mais essa conquista que \u00e9 refer\u00eancia para o Brasil e solicita\u00e7\u00e3o hist\u00f3rica do Paran\u00e1 que foi atendida nesse governo.\u201d<\/p>\n\n\n\n<p>A obra foi licitada no final de 2022 e o cons\u00f3rcio vencedor foi o Nova Ponte. O investimento na obra ser\u00e1 de R$ 386,9 milh\u00f5es, com prazo total estimado para execu\u00e7\u00e3o de 32 meses.<\/p>\n\n\n\n<p>&#8220;Essa obra s\u00f3 saiu pela for\u00e7a da nossa popula\u00e7\u00e3o em querer um bem comum&#8221;, falou o governador.<\/p>\n\n\n\n<p>A constru\u00e7\u00e3o da ponte \u00e9 iniciada dois dias ap\u00f3s o Governo do Paran\u00e1 conseguir reverter na Justi\u00e7a a decis\u00e3o liminar concedida pela Justi\u00e7a Federal que suspendeu a licen\u00e7a ambiental pr\u00e9via para obra.<\/p>\n\n\n\n<p>O retorno do imediato da execu\u00e7\u00e3o do contrato foi determinado pelo presidente do Tribunal Regional Federal da 4\u00aa Regi\u00e3o (TRF-4), desembargador Fernando Quadros da Silva.<\/p>\n\n\n\n<p>A inaugura\u00e7\u00e3o desta sexta-feira \u00e9 referente apenas ao canteiro de obras da ponte, onde ser\u00e1 feita a montagem das pe\u00e7as usadas na constru\u00e7\u00e3o da estrutura.<\/p>\n\n\n\n<p>Isto porque, o Instituto \u00c1gua e Terra (IAT) teve acesso a licen\u00e7a pr\u00e9via. O \u00f3rg\u00e3o trabalha na segunda de tr\u00eas etapas para a emiss\u00e3o da licen\u00e7a ambiental definitiva, a licen\u00e7a de instala\u00e7\u00e3o, que \u00e9 a \u00fanica que permite a constru\u00e7\u00e3o da ponte.<\/p>\n\n\n\n<p>Com isso, os pilares da ponte, por exemplo, s\u00f3 poder\u00e3o ser instados ap\u00f3s a emiss\u00e3o da licen\u00e7a de instala\u00e7\u00e3o.<\/p>\n\n\n\n<p>A licen\u00e7a de instala\u00e7\u00e3o tem um prazo de 90 a 180 dias para ser obtida pelo IAT.<\/p>\n\n\n\n<p>De acordo com o governo, a ponte ter\u00e1 quatro faixas de tr\u00e1fego e cal\u00e7adas com ciclovia em ambos os lados com tr\u00eas metros de largura. Hoje, a liga\u00e7\u00e3o entre Matinhos e Guaratuba, onde a estrutura ser\u00e1 erguida, s\u00f3 \u00e9 poss\u00edvel por meio do ferry-boat.<\/p>\n\n\n\n<p>De acordo com o Governo do Paran\u00e1, os acessos \u00e0 ponte v\u00e3o passar por mudan\u00e7as. A margem norte da PR-412 ser\u00e1 alargada para facilitar o encaixe na estrutura da ponte.<\/p>\n\n\n\n<p>A chegada \u00e0 Guaratuba ser\u00e1 pelo bairro Caieiras. Ao todo, juntando a ponte e as vias que ser\u00e3o feitas, a obra deve chegar a tr\u00eas quil\u00f4metros de extens\u00e3o.<\/p>\n","protected":false},"excerpt":{"rendered":"<p>Evento aconteceu na manh\u00e3 desta sexta- feira (27), em Guaratuba. Investimento na obra ser\u00e1 de R$ 386,9 milh\u00f5es, com prazo total estimado para execu\u00e7\u00e3o de 32 meses. O governador Ratinho Junior (PSD) inaugurou, na manh\u00e3 desta sexta-feira (27), o canteiro de obras da ponte que ligar\u00e1 os munic\u00edpios de Matinhos e Guaratuba, no litoral do [&hellip;]<\/p>\n","protected":false},"author":1,"featured_media":1251,"comment_status":"open","ping_status":"open","sticky":false,"template":"","format":"standard","meta":{"footnotes":""},"categories":[5],"tags":[9],"class_list":["post-1250","post","type-post","status-publish","format-standard","has-post-thumbnail","hentry","category-parana","tag-soldado-adriano-jose"],"yoast_head":"<!-- This site is optimized with the Yoast SEO plugin v27.4 - https:\/\/yoast.com\/product\/yoast-seo-wordpress\/ -->\n<title>Deputado Adriano Jos\u00e9 destaca dia hist\u00f3rico para o Paran\u00e1 com inaugura\u00e7\u00e3o do canteiro de obras da ponte em Guaratuba - Deputado Adriano Jos\u00e9<\/title>\n<meta name=\"robots\" content=\"index, follow, max-snippet:-1, max-image-preview:large, max-video-preview:-1\" \/>\n<link rel=\"canonical\" href=\"https:\/\/soldadoadrianojose.com.br\/index.php\/2023\/10\/27\/deputado-adriano-jose-destaca-dia-historico-para-o-parana-com-inauguracao-do-canteiro-de-obras-da-ponte-em-guaratuba\/\" \/>\n<meta property=\"og:locale\" content=\"pt_BR\" \/>\n<meta property=\"og:type\" content=\"article\" \/>\n<meta property=\"og:title\" content=\"Deputado Adriano Jos\u00e9 destaca dia hist\u00f3rico para o Paran\u00e1 com inaugura\u00e7\u00e3o do canteiro de obras da ponte em Guaratuba - Deputado Adriano Jos\u00e9\" \/>\n<meta property=\"og:description\" content=\"Evento aconteceu na manh\u00e3 desta sexta- feira (27), em Guaratuba. Investimento na obra ser\u00e1 de R$ 386,9 milh\u00f5es, com prazo total estimado para execu\u00e7\u00e3o de 32 meses. O governador Ratinho Junior (PSD) inaugurou, na manh\u00e3 desta sexta-feira (27), o canteiro de obras da ponte que ligar\u00e1 os munic\u00edpios de Matinhos e Guaratuba, no litoral do [&hellip;]\" \/>\n<meta property=\"og:url\" content=\"https:\/\/soldadoadrianojose.com.br\/index.php\/2023\/10\/27\/deputado-adriano-jose-destaca-dia-historico-para-o-parana-com-inauguracao-do-canteiro-de-obras-da-ponte-em-guaratuba\/\" \/>\n<meta property=\"og:site_name\" content=\"Deputado Adriano Jos\u00e9\" \/>\n<meta property=\"article:published_time\" content=\"2023-10-27T19:28:14+00:00\" \/>\n<meta property=\"article:modified_time\" content=\"2023-10-27T19:34:46+00:00\" \/>\n<meta property=\"og:image\" content=\"https:\/\/soldadoadrianojose.com.br\/wp-content\/uploads\/2023\/10\/ponte_de_guaratuba_02_0.jpeg\" \/>\n\t<meta property=\"og:image:width\" content=\"1620\" \/>\n\t<meta property=\"og:image:height\" content=\"1080\" \/>\n\t<meta property=\"og:image:type\" content=\"image\/jpeg\" \/>\n<meta name=\"author\" content=\"soldadoadrianojose\" \/>\n<meta name=\"twitter:card\" content=\"summary_large_image\" \/>\n<meta name=\"twitter:label1\" content=\"Escrito por\" \/>\n\t<meta name=\"twitter:data1\" content=\"soldadoadrianojose\" \/>\n\t<meta name=\"twitter:label2\" content=\"Est. tempo de leitura\" \/>\n\t<meta name=\"twitter:data2\" content=\"4 minutos\" \/>\n<script type=\"application\/ld+json\" class=\"yoast-schema-graph\">{\"@context\":\"https:\\\/\\\/schema.org\",\"@graph\":[{\"@type\":\"Article\",\"@id\":\"https:\\\/\\\/soldadoadrianojose.com.br\\\/index.php\\\/2023\\\/10\\\/27\\\/deputado-adriano-jose-destaca-dia-historico-para-o-parana-com-inauguracao-do-canteiro-de-obras-da-ponte-em-guaratuba\\\/#article\",\"isPartOf\":{\"@id\":\"https:\\\/\\\/soldadoadrianojose.com.br\\\/index.php\\\/2023\\\/10\\\/27\\\/deputado-adriano-jose-destaca-dia-historico-para-o-parana-com-inauguracao-do-canteiro-de-obras-da-ponte-em-guaratuba\\\/\"},\"author\":{\"name\":\"soldadoadrianojose\",\"@id\":\"https:\\\/\\\/soldadoadrianojose.com.br\\\/#\\\/schema\\\/person\\\/16f8e8defb7a4bd6c6082efcd1bdb6bb\"},\"headline\":\"Deputado Adriano Jos\u00e9 destaca dia hist\u00f3rico para o Paran\u00e1 com inaugura\u00e7\u00e3o do canteiro de obras da ponte em Guaratuba\",\"datePublished\":\"2023-10-27T19:28:14+00:00\",\"dateModified\":\"2023-10-27T19:34:46+00:00\",\"mainEntityOfPage\":{\"@id\":\"https:\\\/\\\/soldadoadrianojose.com.br\\\/index.php\\\/2023\\\/10\\\/27\\\/deputado-adriano-jose-destaca-dia-historico-para-o-parana-com-inauguracao-do-canteiro-de-obras-da-ponte-em-guaratuba\\\/\"},\"wordCount\":582,\"commentCount\":0,\"publisher\":{\"@id\":\"https:\\\/\\\/soldadoadrianojose.com.br\\\/#\\\/schema\\\/person\\\/16f8e8defb7a4bd6c6082efcd1bdb6bb\"},\"image\":{\"@id\":\"https:\\\/\\\/soldadoadrianojose.com.br\\\/index.php\\\/2023\\\/10\\\/27\\\/deputado-adriano-jose-destaca-dia-historico-para-o-parana-com-inauguracao-do-canteiro-de-obras-da-ponte-em-guaratuba\\\/#primaryimage\"},\"thumbnailUrl\":\"https:\\\/\\\/soldadoadrianojose.com.br\\\/wp-content\\\/uploads\\\/2023\\\/10\\\/ponte_de_guaratuba_02_0.jpeg\",\"keywords\":[\"soldado adriano jose\"],\"articleSection\":[\"PARAN\u00c1\"],\"inLanguage\":\"pt-BR\",\"potentialAction\":[{\"@type\":\"CommentAction\",\"name\":\"Comment\",\"target\":[\"https:\\\/\\\/soldadoadrianojose.com.br\\\/index.php\\\/2023\\\/10\\\/27\\\/deputado-adriano-jose-destaca-dia-historico-para-o-parana-com-inauguracao-do-canteiro-de-obras-da-ponte-em-guaratuba\\\/#respond\"]}]},{\"@type\":\"WebPage\",\"@id\":\"https:\\\/\\\/soldadoadrianojose.com.br\\\/index.php\\\/2023\\\/10\\\/27\\\/deputado-adriano-jose-destaca-dia-historico-para-o-parana-com-inauguracao-do-canteiro-de-obras-da-ponte-em-guaratuba\\\/\",\"url\":\"https:\\\/\\\/soldadoadrianojose.com.br\\\/index.php\\\/2023\\\/10\\\/27\\\/deputado-adriano-jose-destaca-dia-historico-para-o-parana-com-inauguracao-do-canteiro-de-obras-da-ponte-em-guaratuba\\\/\",\"name\":\"Deputado Adriano Jos\u00e9 destaca dia hist\u00f3rico para o Paran\u00e1 com inaugura\u00e7\u00e3o do canteiro de obras da ponte em Guaratuba - Deputado Adriano Jos\u00e9\",\"isPartOf\":{\"@id\":\"https:\\\/\\\/soldadoadrianojose.com.br\\\/#website\"},\"primaryImageOfPage\":{\"@id\":\"https:\\\/\\\/soldadoadrianojose.com.br\\\/index.php\\\/2023\\\/10\\\/27\\\/deputado-adriano-jose-destaca-dia-historico-para-o-parana-com-inauguracao-do-canteiro-de-obras-da-ponte-em-guaratuba\\\/#primaryimage\"},\"image\":{\"@id\":\"https:\\\/\\\/soldadoadrianojose.com.br\\\/index.php\\\/2023\\\/10\\\/27\\\/deputado-adriano-jose-destaca-dia-historico-para-o-parana-com-inauguracao-do-canteiro-de-obras-da-ponte-em-guaratuba\\\/#primaryimage\"},\"thumbnailUrl\":\"https:\\\/\\\/soldadoadrianojose.com.br\\\/wp-content\\\/uploads\\\/2023\\\/10\\\/ponte_de_guaratuba_02_0.jpeg\",\"datePublished\":\"2023-10-27T19:28:14+00:00\",\"dateModified\":\"2023-10-27T19:34:46+00:00\",\"breadcrumb\":{\"@id\":\"https:\\\/\\\/soldadoadrianojose.com.br\\\/index.php\\\/2023\\\/10\\\/27\\\/deputado-adriano-jose-destaca-dia-historico-para-o-parana-com-inauguracao-do-canteiro-de-obras-da-ponte-em-guaratuba\\\/#breadcrumb\"},\"inLanguage\":\"pt-BR\",\"potentialAction\":[{\"@type\":\"ReadAction\",\"target\":[\"https:\\\/\\\/soldadoadrianojose.com.br\\\/index.php\\\/2023\\\/10\\\/27\\\/deputado-adriano-jose-destaca-dia-historico-para-o-parana-com-inauguracao-do-canteiro-de-obras-da-ponte-em-guaratuba\\\/\"]}]},{\"@type\":\"ImageObject\",\"inLanguage\":\"pt-BR\",\"@id\":\"https:\\\/\\\/soldadoadrianojose.com.br\\\/index.php\\\/2023\\\/10\\\/27\\\/deputado-adriano-jose-destaca-dia-historico-para-o-parana-com-inauguracao-do-canteiro-de-obras-da-ponte-em-guaratuba\\\/#primaryimage\",\"url\":\"https:\\\/\\\/soldadoadrianojose.com.br\\\/wp-content\\\/uploads\\\/2023\\\/10\\\/ponte_de_guaratuba_02_0.jpeg\",\"contentUrl\":\"https:\\\/\\\/soldadoadrianojose.com.br\\\/wp-content\\\/uploads\\\/2023\\\/10\\\/ponte_de_guaratuba_02_0.jpeg\",\"width\":1620,\"height\":1080,\"caption\":\"Ponte de Guaratuba -\"},{\"@type\":\"BreadcrumbList\",\"@id\":\"https:\\\/\\\/soldadoadrianojose.com.br\\\/index.php\\\/2023\\\/10\\\/27\\\/deputado-adriano-jose-destaca-dia-historico-para-o-parana-com-inauguracao-do-canteiro-de-obras-da-ponte-em-guaratuba\\\/#breadcrumb\",\"itemListElement\":[{\"@type\":\"ListItem\",\"position\":1,\"name\":\"In\u00edcio\",\"item\":\"https:\\\/\\\/soldadoadrianojose.com.br\\\/\"},{\"@type\":\"ListItem\",\"position\":2,\"name\":\"Deputado Adriano Jos\u00e9 destaca dia hist\u00f3rico para o Paran\u00e1 com inaugura\u00e7\u00e3o do canteiro de obras da ponte em Guaratuba\"}]},{\"@type\":\"WebSite\",\"@id\":\"https:\\\/\\\/soldadoadrianojose.com.br\\\/#website\",\"url\":\"https:\\\/\\\/soldadoadrianojose.com.br\\\/\",\"name\":\"Deputado Adriano Jos\u00e9\",\"description\":\"Nosso trabalho \u00e9 pelas pessoas\",\"publisher\":{\"@id\":\"https:\\\/\\\/soldadoadrianojose.com.br\\\/#\\\/schema\\\/person\\\/16f8e8defb7a4bd6c6082efcd1bdb6bb\"},\"potentialAction\":[{\"@type\":\"SearchAction\",\"target\":{\"@type\":\"EntryPoint\",\"urlTemplate\":\"https:\\\/\\\/soldadoadrianojose.com.br\\\/?s={search_term_string}\"},\"query-input\":{\"@type\":\"PropertyValueSpecification\",\"valueRequired\":true,\"valueName\":\"search_term_string\"}}],\"inLanguage\":\"pt-BR\"},{\"@type\":[\"Person\",\"Organization\"],\"@id\":\"https:\\\/\\\/soldadoadrianojose.com.br\\\/#\\\/schema\\\/person\\\/16f8e8defb7a4bd6c6082efcd1bdb6bb\",\"name\":\"soldadoadrianojose\",\"image\":{\"@type\":\"ImageObject\",\"inLanguage\":\"pt-BR\",\"@id\":\"https:\\\/\\\/soldadoadrianojose.com.br\\\/wp-content\\\/uploads\\\/2023\\\/02\\\/LOGO_CLEAR-5.png\",\"url\":\"https:\\\/\\\/soldadoadrianojose.com.br\\\/wp-content\\\/uploads\\\/2023\\\/02\\\/LOGO_CLEAR-5.png\",\"contentUrl\":\"https:\\\/\\\/soldadoadrianojose.com.br\\\/wp-content\\\/uploads\\\/2023\\\/02\\\/LOGO_CLEAR-5.png\",\"width\":3508,\"height\":998,\"caption\":\"soldadoadrianojose\"},\"logo\":{\"@id\":\"https:\\\/\\\/soldadoadrianojose.com.br\\\/wp-content\\\/uploads\\\/2023\\\/02\\\/LOGO_CLEAR-5.png\"},\"sameAs\":[\"https:\\\/\\\/soldadoadrianojose.com.br\"],\"url\":\"https:\\\/\\\/soldadoadrianojose.com.br\\\/index.php\\\/author\\\/soldadoadrianojose\\\/\"}]}<\/script>\n<!-- \/ Yoast SEO plugin. -->","yoast_head_json":{"title":"Deputado Adriano Jos\u00e9 destaca dia hist\u00f3rico para o Paran\u00e1 com inaugura\u00e7\u00e3o do canteiro de obras da ponte em Guaratuba - Deputado Adriano Jos\u00e9","robots":{"index":"index","follow":"follow","max-snippet":"max-snippet:-1","max-image-preview":"max-image-preview:large","max-video-preview":"max-video-preview:-1"},"canonical":"https:\/\/soldadoadrianojose.com.br\/index.php\/2023\/10\/27\/deputado-adriano-jose-destaca-dia-historico-para-o-parana-com-inauguracao-do-canteiro-de-obras-da-ponte-em-guaratuba\/","og_locale":"pt_BR","og_type":"article","og_title":"Deputado Adriano Jos\u00e9 destaca dia hist\u00f3rico para o Paran\u00e1 com inaugura\u00e7\u00e3o do canteiro de obras da ponte em Guaratuba - Deputado Adriano Jos\u00e9","og_description":"Evento aconteceu na manh\u00e3 desta sexta- feira (27), em Guaratuba. Investimento na obra ser\u00e1 de R$ 386,9 milh\u00f5es, com prazo total estimado para execu\u00e7\u00e3o de 32 meses. O governador Ratinho Junior (PSD) inaugurou, na manh\u00e3 desta sexta-feira (27), o canteiro de obras da ponte que ligar\u00e1 os munic\u00edpios de Matinhos e Guaratuba, no litoral do [&hellip;]","og_url":"https:\/\/soldadoadrianojose.com.br\/index.php\/2023\/10\/27\/deputado-adriano-jose-destaca-dia-historico-para-o-parana-com-inauguracao-do-canteiro-de-obras-da-ponte-em-guaratuba\/","og_site_name":"Deputado Adriano Jos\u00e9","article_published_time":"2023-10-27T19:28:14+00:00","article_modified_time":"2023-10-27T19:34:46+00:00","og_image":[{"width":1620,"height":1080,"url":"https:\/\/soldadoadrianojose.com.br\/wp-content\/uploads\/2023\/10\/ponte_de_guaratuba_02_0.jpeg","type":"image\/jpeg"}],"author":"soldadoadrianojose","twitter_card":"summary_large_image","twitter_misc":{"Escrito por":"soldadoadrianojose","Est. tempo de leitura":"4 minutos"},"schema":{"@context":"https:\/\/schema.org","@graph":[{"@type":"Article","@id":"https:\/\/soldadoadrianojose.com.br\/index.php\/2023\/10\/27\/deputado-adriano-jose-destaca-dia-historico-para-o-parana-com-inauguracao-do-canteiro-de-obras-da-ponte-em-guaratuba\/#article","isPartOf":{"@id":"https:\/\/soldadoadrianojose.com.br\/index.php\/2023\/10\/27\/deputado-adriano-jose-destaca-dia-historico-para-o-parana-com-inauguracao-do-canteiro-de-obras-da-ponte-em-guaratuba\/"},"author":{"name":"soldadoadrianojose","@id":"https:\/\/soldadoadrianojose.com.br\/#\/schema\/person\/16f8e8defb7a4bd6c6082efcd1bdb6bb"},"headline":"Deputado Adriano Jos\u00e9 destaca dia hist\u00f3rico para o Paran\u00e1 com inaugura\u00e7\u00e3o do canteiro de obras da ponte em Guaratuba","datePublished":"2023-10-27T19:28:14+00:00","dateModified":"2023-10-27T19:34:46+00:00","mainEntityOfPage":{"@id":"https:\/\/soldadoadrianojose.com.br\/index.php\/2023\/10\/27\/deputado-adriano-jose-destaca-dia-historico-para-o-parana-com-inauguracao-do-canteiro-de-obras-da-ponte-em-guaratuba\/"},"wordCount":582,"commentCount":0,"publisher":{"@id":"https:\/\/soldadoadrianojose.com.br\/#\/schema\/person\/16f8e8defb7a4bd6c6082efcd1bdb6bb"},"image":{"@id":"https:\/\/soldadoadrianojose.com.br\/index.php\/2023\/10\/27\/deputado-adriano-jose-destaca-dia-historico-para-o-parana-com-inauguracao-do-canteiro-de-obras-da-ponte-em-guaratuba\/#primaryimage"},"thumbnailUrl":"https:\/\/soldadoadrianojose.com.br\/wp-content\/uploads\/2023\/10\/ponte_de_guaratuba_02_0.jpeg","keywords":["soldado adriano jose"],"articleSection":["PARAN\u00c1"],"inLanguage":"pt-BR","potentialAction":[{"@type":"CommentAction","name":"Comment","target":["https:\/\/soldadoadrianojose.com.br\/index.php\/2023\/10\/27\/deputado-adriano-jose-destaca-dia-historico-para-o-parana-com-inauguracao-do-canteiro-de-obras-da-ponte-em-guaratuba\/#respond"]}]},{"@type":"WebPage","@id":"https:\/\/soldadoadrianojose.com.br\/index.php\/2023\/10\/27\/deputado-adriano-jose-destaca-dia-historico-para-o-parana-com-inauguracao-do-canteiro-de-obras-da-ponte-em-guaratuba\/","url":"https:\/\/soldadoadrianojose.com.br\/index.php\/2023\/10\/27\/deputado-adriano-jose-destaca-dia-historico-para-o-parana-com-inauguracao-do-canteiro-de-obras-da-ponte-em-guaratuba\/","name":"Deputado Adriano Jos\u00e9 destaca dia hist\u00f3rico para o Paran\u00e1 com inaugura\u00e7\u00e3o do canteiro de obras da ponte em Guaratuba - Deputado Adriano Jos\u00e9","isPartOf":{"@id":"https:\/\/soldadoadrianojose.com.br\/#website"},"primaryImageOfPage":{"@id":"https:\/\/soldadoadrianojose.com.br\/index.php\/2023\/10\/27\/deputado-adriano-jose-destaca-dia-historico-para-o-parana-com-inauguracao-do-canteiro-de-obras-da-ponte-em-guaratuba\/#primaryimage"},"image":{"@id":"https:\/\/soldadoadrianojose.com.br\/index.php\/2023\/10\/27\/deputado-adriano-jose-destaca-dia-historico-para-o-parana-com-inauguracao-do-canteiro-de-obras-da-ponte-em-guaratuba\/#primaryimage"},"thumbnailUrl":"https:\/\/soldadoadrianojose.com.br\/wp-content\/uploads\/2023\/10\/ponte_de_guaratuba_02_0.jpeg","datePublished":"2023-10-27T19:28:14+00:00","dateModified":"2023-10-27T19:34:46+00:00","breadcrumb":{"@id":"https:\/\/soldadoadrianojose.com.br\/index.php\/2023\/10\/27\/deputado-adriano-jose-destaca-dia-historico-para-o-parana-com-inauguracao-do-canteiro-de-obras-da-ponte-em-guaratuba\/#breadcrumb"},"inLanguage":"pt-BR","potentialAction":[{"@type":"ReadAction","target":["https:\/\/soldadoadrianojose.com.br\/index.php\/2023\/10\/27\/deputado-adriano-jose-destaca-dia-historico-para-o-parana-com-inauguracao-do-canteiro-de-obras-da-ponte-em-guaratuba\/"]}]},{"@type":"ImageObject","inLanguage":"pt-BR","@id":"https:\/\/soldadoadrianojose.com.br\/index.php\/2023\/10\/27\/deputado-adriano-jose-destaca-dia-historico-para-o-parana-com-inauguracao-do-canteiro-de-obras-da-ponte-em-guaratuba\/#primaryimage","url":"https:\/\/soldadoadrianojose.com.br\/wp-content\/uploads\/2023\/10\/ponte_de_guaratuba_02_0.jpeg","contentUrl":"https:\/\/soldadoadrianojose.com.br\/wp-content\/uploads\/2023\/10\/ponte_de_guaratuba_02_0.jpeg","width":1620,"height":1080,"caption":"Ponte de Guaratuba -"},{"@type":"BreadcrumbList","@id":"https:\/\/soldadoadrianojose.com.br\/index.php\/2023\/10\/27\/deputado-adriano-jose-destaca-dia-historico-para-o-parana-com-inauguracao-do-canteiro-de-obras-da-ponte-em-guaratuba\/#breadcrumb","itemListElement":[{"@type":"ListItem","position":1,"name":"In\u00edcio","item":"https:\/\/soldadoadrianojose.com.br\/"},{"@type":"ListItem","position":2,"name":"Deputado Adriano Jos\u00e9 destaca dia hist\u00f3rico para o Paran\u00e1 com inaugura\u00e7\u00e3o do canteiro de obras da ponte em Guaratuba"}]},{"@type":"WebSite","@id":"https:\/\/soldadoadrianojose.com.br\/#website","url":"https:\/\/soldadoadrianojose.com.br\/","name":"Deputado Adriano Jos\u00e9","description":"Nosso trabalho \u00e9 pelas pessoas","publisher":{"@id":"https:\/\/soldadoadrianojose.com.br\/#\/schema\/person\/16f8e8defb7a4bd6c6082efcd1bdb6bb"},"potentialAction":[{"@type":"SearchAction","target":{"@type":"EntryPoint","urlTemplate":"https:\/\/soldadoadrianojose.com.br\/?s={search_term_string}"},"query-input":{"@type":"PropertyValueSpecification","valueRequired":true,"valueName":"search_term_string"}}],"inLanguage":"pt-BR"},{"@type":["Person","Organization"],"@id":"https:\/\/soldadoadrianojose.com.br\/#\/schema\/person\/16f8e8defb7a4bd6c6082efcd1bdb6bb","name":"soldadoadrianojose","image":{"@type":"ImageObject","inLanguage":"pt-BR","@id":"https:\/\/soldadoadrianojose.com.br\/wp-content\/uploads\/2023\/02\/LOGO_CLEAR-5.png","url":"https:\/\/soldadoadrianojose.com.br\/wp-content\/uploads\/2023\/02\/LOGO_CLEAR-5.png","contentUrl":"https:\/\/soldadoadrianojose.com.br\/wp-content\/uploads\/2023\/02\/LOGO_CLEAR-5.png","width":3508,"height":998,"caption":"soldadoadrianojose"},"logo":{"@id":"https:\/\/soldadoadrianojose.com.br\/wp-content\/uploads\/2023\/02\/LOGO_CLEAR-5.png"},"sameAs":["https:\/\/soldadoadrianojose.com.br"],"url":"https:\/\/soldadoadrianojose.com.br\/index.php\/author\/soldadoadrianojose\/"}]}},"jetpack_featured_media_url":"https:\/\/soldadoadrianojose.com.br\/wp-content\/uploads\/2023\/10\/ponte_de_guaratuba_02_0.jpeg","_links":{"self":[{"href":"https:\/\/soldadoadrianojose.com.br\/index.php\/wp-json\/wp\/v2\/posts\/1250","targetHints":{"allow":["GET"]}}],"collection":[{"href":"https:\/\/soldadoadrianojose.com.br\/index.php\/wp-json\/wp\/v2\/posts"}],"about":[{"href":"https:\/\/soldadoadrianojose.com.br\/index.php\/wp-json\/wp\/v2\/types\/post"}],"author":[{"embeddable":true,"href":"https:\/\/soldadoadrianojose.com.br\/index.php\/wp-json\/wp\/v2\/users\/1"}],"replies":[{"embeddable":true,"href":"https:\/\/soldadoadrianojose.com.br\/index.php\/wp-json\/wp\/v2\/comments?post=1250"}],"version-history":[{"count":2,"href":"https:\/\/soldadoadrianojose.com.br\/index.php\/wp-json\/wp\/v2\/posts\/1250\/revisions"}],"predecessor-version":[{"id":1255,"href":"https:\/\/soldadoadrianojose.com.br\/index.php\/wp-json\/wp\/v2\/posts\/1250\/revisions\/1255"}],"wp:featuredmedia":[{"embeddable":true,"href":"https:\/\/soldadoadrianojose.com.br\/index.php\/wp-json\/wp\/v2\/media\/1251"}],"wp:attachment":[{"href":"https:\/\/soldadoadrianojose.com.br\/index.php\/wp-json\/wp\/v2\/media?parent=1250"}],"wp:term":[{"taxonomy":"category","embeddable":true,"href":"https:\/\/soldadoadrianojose.com.br\/index.php\/wp-json\/wp\/v2\/categories?post=1250"},{"taxonomy":"post_tag","embeddable":true,"href":"https:\/\/soldadoadrianojose.com.br\/index.php\/wp-json\/wp\/v2\/tags?post=1250"}],"curies":[{"name":"wp","href":"https:\/\/api.w.org\/{rel}","templated":true}]}}