{"id":1599,"date":"2023-11-13T18:48:27","date_gmt":"2023-11-13T21:48:27","guid":{"rendered":"https:\/\/soldadoadrianojose.com.br\/?p=1599"},"modified":"2023-11-13T18:48:30","modified_gmt":"2023-11-13T21:48:30","slug":"implantacao-de-colegio-civico-militar-em-goioere-e-anunciada-para-atender-demanda-da-populacao","status":"publish","type":"post","link":"https:\/\/soldadoadrianojose.com.br\/index.php\/2023\/11\/13\/implantacao-de-colegio-civico-militar-em-goioere-e-anunciada-para-atender-demanda-da-populacao\/","title":{"rendered":"Implanta\u00e7\u00e3o de col\u00e9gio C\u00edvico-Militar em Goioer\u00ea \u00e9 anunciada para atender demanda da popula\u00e7\u00e3o"},"content":{"rendered":"\n<figure class=\"wp-block-image size-full\"><img fetchpriority=\"high\" decoding=\"async\" width=\"1024\" height=\"683\" src=\"https:\/\/soldadoadrianojose.com.br\/wp-content\/uploads\/2023\/11\/adj2.jpg\" alt=\"\" class=\"wp-image-1600\" srcset=\"https:\/\/soldadoadrianojose.com.br\/wp-content\/uploads\/2023\/11\/adj2.jpg 1024w, https:\/\/soldadoadrianojose.com.br\/wp-content\/uploads\/2023\/11\/adj2-300x200.jpg 300w, https:\/\/soldadoadrianojose.com.br\/wp-content\/uploads\/2023\/11\/adj2-768x512.jpg 768w\" sizes=\"(max-width: 1024px) 100vw, 1024px\" \/><\/figure>\n\n\n\n<p>Nesta segunda-feira (13), o deputado Adriano Jos\u00e9 recebeu a confirma\u00e7\u00e3o do governador Ratinho Junior e do secret\u00e1rio da Educa\u00e7\u00e3o, Roni Miranda, de que Goioer\u00ea ser\u00e1 contemplada com uma unidade do Col\u00e9gio C\u00edvico-Militar no col\u00e9gio estadual Ribeiro de Campos.<\/p>\n\n\n\n<p>O deputado parabenizou a administra\u00e7\u00e3o municipal e os vereadores Ricardo Martins e Elton Maia pela iniciativa e luta em busca desse importante modelo de ensino para a popula\u00e7\u00e3o. Ele destacou que essa conquista \u00e9 fruto de um trabalho conjunto e que todos est\u00e3o empenhados em oferecer uma educa\u00e7\u00e3o de qualidade para a popula\u00e7\u00e3o de Goioer\u00ea.<\/p>\n\n\n\n<p>Adriano Jos\u00e9 reafirmou seu compromisso em continuar trabalhando em parceria com a administra\u00e7\u00e3o municipal e os vereadores, visando sempre o desenvolvimento e o bem-estar da popula\u00e7\u00e3o de Goioer\u00ea. A implanta\u00e7\u00e3o do col\u00e9gio C\u00edvico-Militar representa um avan\u00e7o significativo na \u00e1rea da educa\u00e7\u00e3o e ir\u00e1 beneficiar toda a comunidade escolar.<\/p>\n","protected":false},"excerpt":{"rendered":"<p>Nesta segunda-feira (13), o deputado Adriano Jos\u00e9 recebeu a confirma\u00e7\u00e3o do governador Ratinho Junior e do secret\u00e1rio da Educa\u00e7\u00e3o, Roni Miranda, de que Goioer\u00ea ser\u00e1 contemplada com uma unidade do Col\u00e9gio C\u00edvico-Militar no col\u00e9gio estadual Ribeiro de Campos. O deputado parabenizou a administra\u00e7\u00e3o municipal e os vereadores Ricardo Martins e Elton Maia pela iniciativa e [&hellip;]<\/p>\n","protected":false},"author":1,"featured_media":1600,"comment_status":"open","ping_status":"open","sticky":false,"template":"","format":"standard","meta":{"footnotes":""},"categories":[1],"tags":[],"class_list":["post-1599","post","type-post","status-publish","format-standard","has-post-thumbnail","hentry","category-gabinete-sd"],"yoast_head":"<!-- This site is optimized with the Yoast SEO plugin v27.4 - https:\/\/yoast.com\/product\/yoast-seo-wordpress\/ -->\n<title>Implanta\u00e7\u00e3o de col\u00e9gio C\u00edvico-Militar em Goioer\u00ea \u00e9 anunciada para atender demanda da popula\u00e7\u00e3o - Deputado Adriano Jos\u00e9<\/title>\n<meta name=\"robots\" content=\"index, follow, max-snippet:-1, max-image-preview:large, max-video-preview:-1\" \/>\n<link rel=\"canonical\" href=\"https:\/\/soldadoadrianojose.com.br\/index.php\/2023\/11\/13\/implantacao-de-colegio-civico-militar-em-goioere-e-anunciada-para-atender-demanda-da-populacao\/\" \/>\n<meta property=\"og:locale\" content=\"pt_BR\" \/>\n<meta property=\"og:type\" content=\"article\" \/>\n<meta property=\"og:title\" content=\"Implanta\u00e7\u00e3o de col\u00e9gio C\u00edvico-Militar em Goioer\u00ea \u00e9 anunciada para atender demanda da popula\u00e7\u00e3o - Deputado Adriano Jos\u00e9\" \/>\n<meta property=\"og:description\" content=\"Nesta segunda-feira (13), o deputado Adriano Jos\u00e9 recebeu a confirma\u00e7\u00e3o do governador Ratinho Junior e do secret\u00e1rio da Educa\u00e7\u00e3o, Roni Miranda, de que Goioer\u00ea ser\u00e1 contemplada com uma unidade do Col\u00e9gio C\u00edvico-Militar no col\u00e9gio estadual Ribeiro de Campos. O deputado parabenizou a administra\u00e7\u00e3o municipal e os vereadores Ricardo Martins e Elton Maia pela iniciativa e [&hellip;]\" \/>\n<meta property=\"og:url\" content=\"https:\/\/soldadoadrianojose.com.br\/index.php\/2023\/11\/13\/implantacao-de-colegio-civico-militar-em-goioere-e-anunciada-para-atender-demanda-da-populacao\/\" \/>\n<meta property=\"og:site_name\" content=\"Deputado Adriano Jos\u00e9\" \/>\n<meta property=\"article:published_time\" content=\"2023-11-13T21:48:27+00:00\" \/>\n<meta property=\"article:modified_time\" content=\"2023-11-13T21:48:30+00:00\" \/>\n<meta property=\"og:image\" content=\"https:\/\/soldadoadrianojose.com.br\/wp-content\/uploads\/2023\/11\/adj2.jpg\" \/>\n\t<meta property=\"og:image:width\" content=\"1024\" \/>\n\t<meta property=\"og:image:height\" content=\"683\" \/>\n\t<meta property=\"og:image:type\" content=\"image\/jpeg\" \/>\n<meta name=\"author\" content=\"soldadoadrianojose\" \/>\n<meta name=\"twitter:card\" content=\"summary_large_image\" \/>\n<meta name=\"twitter:label1\" content=\"Escrito por\" \/>\n\t<meta name=\"twitter:data1\" content=\"soldadoadrianojose\" \/>\n\t<meta name=\"twitter:label2\" content=\"Est. tempo de leitura\" \/>\n\t<meta name=\"twitter:data2\" content=\"1 minuto\" \/>\n<script type=\"application\/ld+json\" class=\"yoast-schema-graph\">{\"@context\":\"https:\\\/\\\/schema.org\",\"@graph\":[{\"@type\":\"Article\",\"@id\":\"https:\\\/\\\/soldadoadrianojose.com.br\\\/index.php\\\/2023\\\/11\\\/13\\\/implantacao-de-colegio-civico-militar-em-goioere-e-anunciada-para-atender-demanda-da-populacao\\\/#article\",\"isPartOf\":{\"@id\":\"https:\\\/\\\/soldadoadrianojose.com.br\\\/index.php\\\/2023\\\/11\\\/13\\\/implantacao-de-colegio-civico-militar-em-goioere-e-anunciada-para-atender-demanda-da-populacao\\\/\"},\"author\":{\"name\":\"soldadoadrianojose\",\"@id\":\"https:\\\/\\\/soldadoadrianojose.com.br\\\/#\\\/schema\\\/person\\\/16f8e8defb7a4bd6c6082efcd1bdb6bb\"},\"headline\":\"Implanta\u00e7\u00e3o de col\u00e9gio C\u00edvico-Militar em Goioer\u00ea \u00e9 anunciada para atender demanda da popula\u00e7\u00e3o\",\"datePublished\":\"2023-11-13T21:48:27+00:00\",\"dateModified\":\"2023-11-13T21:48:30+00:00\",\"mainEntityOfPage\":{\"@id\":\"https:\\\/\\\/soldadoadrianojose.com.br\\\/index.php\\\/2023\\\/11\\\/13\\\/implantacao-de-colegio-civico-militar-em-goioere-e-anunciada-para-atender-demanda-da-populacao\\\/\"},\"wordCount\":173,\"commentCount\":0,\"publisher\":{\"@id\":\"https:\\\/\\\/soldadoadrianojose.com.br\\\/#\\\/schema\\\/person\\\/16f8e8defb7a4bd6c6082efcd1bdb6bb\"},\"image\":{\"@id\":\"https:\\\/\\\/soldadoadrianojose.com.br\\\/index.php\\\/2023\\\/11\\\/13\\\/implantacao-de-colegio-civico-militar-em-goioere-e-anunciada-para-atender-demanda-da-populacao\\\/#primaryimage\"},\"thumbnailUrl\":\"https:\\\/\\\/soldadoadrianojose.com.br\\\/wp-content\\\/uploads\\\/2023\\\/11\\\/adj2.jpg\",\"articleSection\":[\"GABINETE SD\"],\"inLanguage\":\"pt-BR\",\"potentialAction\":[{\"@type\":\"CommentAction\",\"name\":\"Comment\",\"target\":[\"https:\\\/\\\/soldadoadrianojose.com.br\\\/index.php\\\/2023\\\/11\\\/13\\\/implantacao-de-colegio-civico-militar-em-goioere-e-anunciada-para-atender-demanda-da-populacao\\\/#respond\"]}]},{\"@type\":\"WebPage\",\"@id\":\"https:\\\/\\\/soldadoadrianojose.com.br\\\/index.php\\\/2023\\\/11\\\/13\\\/implantacao-de-colegio-civico-militar-em-goioere-e-anunciada-para-atender-demanda-da-populacao\\\/\",\"url\":\"https:\\\/\\\/soldadoadrianojose.com.br\\\/index.php\\\/2023\\\/11\\\/13\\\/implantacao-de-colegio-civico-militar-em-goioere-e-anunciada-para-atender-demanda-da-populacao\\\/\",\"name\":\"Implanta\u00e7\u00e3o de col\u00e9gio C\u00edvico-Militar em Goioer\u00ea \u00e9 anunciada para atender demanda da popula\u00e7\u00e3o - Deputado Adriano Jos\u00e9\",\"isPartOf\":{\"@id\":\"https:\\\/\\\/soldadoadrianojose.com.br\\\/#website\"},\"primaryImageOfPage\":{\"@id\":\"https:\\\/\\\/soldadoadrianojose.com.br\\\/index.php\\\/2023\\\/11\\\/13\\\/implantacao-de-colegio-civico-militar-em-goioere-e-anunciada-para-atender-demanda-da-populacao\\\/#primaryimage\"},\"image\":{\"@id\":\"https:\\\/\\\/soldadoadrianojose.com.br\\\/index.php\\\/2023\\\/11\\\/13\\\/implantacao-de-colegio-civico-militar-em-goioere-e-anunciada-para-atender-demanda-da-populacao\\\/#primaryimage\"},\"thumbnailUrl\":\"https:\\\/\\\/soldadoadrianojose.com.br\\\/wp-content\\\/uploads\\\/2023\\\/11\\\/adj2.jpg\",\"datePublished\":\"2023-11-13T21:48:27+00:00\",\"dateModified\":\"2023-11-13T21:48:30+00:00\",\"breadcrumb\":{\"@id\":\"https:\\\/\\\/soldadoadrianojose.com.br\\\/index.php\\\/2023\\\/11\\\/13\\\/implantacao-de-colegio-civico-militar-em-goioere-e-anunciada-para-atender-demanda-da-populacao\\\/#breadcrumb\"},\"inLanguage\":\"pt-BR\",\"potentialAction\":[{\"@type\":\"ReadAction\",\"target\":[\"https:\\\/\\\/soldadoadrianojose.com.br\\\/index.php\\\/2023\\\/11\\\/13\\\/implantacao-de-colegio-civico-militar-em-goioere-e-anunciada-para-atender-demanda-da-populacao\\\/\"]}]},{\"@type\":\"ImageObject\",\"inLanguage\":\"pt-BR\",\"@id\":\"https:\\\/\\\/soldadoadrianojose.com.br\\\/index.php\\\/2023\\\/11\\\/13\\\/implantacao-de-colegio-civico-militar-em-goioere-e-anunciada-para-atender-demanda-da-populacao\\\/#primaryimage\",\"url\":\"https:\\\/\\\/soldadoadrianojose.com.br\\\/wp-content\\\/uploads\\\/2023\\\/11\\\/adj2.jpg\",\"contentUrl\":\"https:\\\/\\\/soldadoadrianojose.com.br\\\/wp-content\\\/uploads\\\/2023\\\/11\\\/adj2.jpg\",\"width\":1024,\"height\":683},{\"@type\":\"BreadcrumbList\",\"@id\":\"https:\\\/\\\/soldadoadrianojose.com.br\\\/index.php\\\/2023\\\/11\\\/13\\\/implantacao-de-colegio-civico-militar-em-goioere-e-anunciada-para-atender-demanda-da-populacao\\\/#breadcrumb\",\"itemListElement\":[{\"@type\":\"ListItem\",\"position\":1,\"name\":\"In\u00edcio\",\"item\":\"https:\\\/\\\/soldadoadrianojose.com.br\\\/\"},{\"@type\":\"ListItem\",\"position\":2,\"name\":\"Implanta\u00e7\u00e3o de col\u00e9gio C\u00edvico-Militar em Goioer\u00ea \u00e9 anunciada para atender demanda da popula\u00e7\u00e3o\"}]},{\"@type\":\"WebSite\",\"@id\":\"https:\\\/\\\/soldadoadrianojose.com.br\\\/#website\",\"url\":\"https:\\\/\\\/soldadoadrianojose.com.br\\\/\",\"name\":\"Deputado Adriano Jos\u00e9\",\"description\":\"Nosso trabalho \u00e9 pelas pessoas\",\"publisher\":{\"@id\":\"https:\\\/\\\/soldadoadrianojose.com.br\\\/#\\\/schema\\\/person\\\/16f8e8defb7a4bd6c6082efcd1bdb6bb\"},\"potentialAction\":[{\"@type\":\"SearchAction\",\"target\":{\"@type\":\"EntryPoint\",\"urlTemplate\":\"https:\\\/\\\/soldadoadrianojose.com.br\\\/?s={search_term_string}\"},\"query-input\":{\"@type\":\"PropertyValueSpecification\",\"valueRequired\":true,\"valueName\":\"search_term_string\"}}],\"inLanguage\":\"pt-BR\"},{\"@type\":[\"Person\",\"Organization\"],\"@id\":\"https:\\\/\\\/soldadoadrianojose.com.br\\\/#\\\/schema\\\/person\\\/16f8e8defb7a4bd6c6082efcd1bdb6bb\",\"name\":\"soldadoadrianojose\",\"image\":{\"@type\":\"ImageObject\",\"inLanguage\":\"pt-BR\",\"@id\":\"https:\\\/\\\/soldadoadrianojose.com.br\\\/wp-content\\\/uploads\\\/2023\\\/02\\\/LOGO_CLEAR-5.png\",\"url\":\"https:\\\/\\\/soldadoadrianojose.com.br\\\/wp-content\\\/uploads\\\/2023\\\/02\\\/LOGO_CLEAR-5.png\",\"contentUrl\":\"https:\\\/\\\/soldadoadrianojose.com.br\\\/wp-content\\\/uploads\\\/2023\\\/02\\\/LOGO_CLEAR-5.png\",\"width\":3508,\"height\":998,\"caption\":\"soldadoadrianojose\"},\"logo\":{\"@id\":\"https:\\\/\\\/soldadoadrianojose.com.br\\\/wp-content\\\/uploads\\\/2023\\\/02\\\/LOGO_CLEAR-5.png\"},\"sameAs\":[\"https:\\\/\\\/soldadoadrianojose.com.br\"],\"url\":\"https:\\\/\\\/soldadoadrianojose.com.br\\\/index.php\\\/author\\\/soldadoadrianojose\\\/\"}]}<\/script>\n<!-- \/ Yoast SEO plugin. -->","yoast_head_json":{"title":"Implanta\u00e7\u00e3o de col\u00e9gio C\u00edvico-Militar em Goioer\u00ea \u00e9 anunciada para atender demanda da popula\u00e7\u00e3o - Deputado Adriano Jos\u00e9","robots":{"index":"index","follow":"follow","max-snippet":"max-snippet:-1","max-image-preview":"max-image-preview:large","max-video-preview":"max-video-preview:-1"},"canonical":"https:\/\/soldadoadrianojose.com.br\/index.php\/2023\/11\/13\/implantacao-de-colegio-civico-militar-em-goioere-e-anunciada-para-atender-demanda-da-populacao\/","og_locale":"pt_BR","og_type":"article","og_title":"Implanta\u00e7\u00e3o de col\u00e9gio C\u00edvico-Militar em Goioer\u00ea \u00e9 anunciada para atender demanda da popula\u00e7\u00e3o - Deputado Adriano Jos\u00e9","og_description":"Nesta segunda-feira (13), o deputado Adriano Jos\u00e9 recebeu a confirma\u00e7\u00e3o do governador Ratinho Junior e do secret\u00e1rio da Educa\u00e7\u00e3o, Roni Miranda, de que Goioer\u00ea ser\u00e1 contemplada com uma unidade do Col\u00e9gio C\u00edvico-Militar no col\u00e9gio estadual Ribeiro de Campos. O deputado parabenizou a administra\u00e7\u00e3o municipal e os vereadores Ricardo Martins e Elton Maia pela iniciativa e [&hellip;]","og_url":"https:\/\/soldadoadrianojose.com.br\/index.php\/2023\/11\/13\/implantacao-de-colegio-civico-militar-em-goioere-e-anunciada-para-atender-demanda-da-populacao\/","og_site_name":"Deputado Adriano Jos\u00e9","article_published_time":"2023-11-13T21:48:27+00:00","article_modified_time":"2023-11-13T21:48:30+00:00","og_image":[{"width":1024,"height":683,"url":"https:\/\/soldadoadrianojose.com.br\/wp-content\/uploads\/2023\/11\/adj2.jpg","type":"image\/jpeg"}],"author":"soldadoadrianojose","twitter_card":"summary_large_image","twitter_misc":{"Escrito por":"soldadoadrianojose","Est. tempo de leitura":"1 minuto"},"schema":{"@context":"https:\/\/schema.org","@graph":[{"@type":"Article","@id":"https:\/\/soldadoadrianojose.com.br\/index.php\/2023\/11\/13\/implantacao-de-colegio-civico-militar-em-goioere-e-anunciada-para-atender-demanda-da-populacao\/#article","isPartOf":{"@id":"https:\/\/soldadoadrianojose.com.br\/index.php\/2023\/11\/13\/implantacao-de-colegio-civico-militar-em-goioere-e-anunciada-para-atender-demanda-da-populacao\/"},"author":{"name":"soldadoadrianojose","@id":"https:\/\/soldadoadrianojose.com.br\/#\/schema\/person\/16f8e8defb7a4bd6c6082efcd1bdb6bb"},"headline":"Implanta\u00e7\u00e3o de col\u00e9gio C\u00edvico-Militar em Goioer\u00ea \u00e9 anunciada para atender demanda da popula\u00e7\u00e3o","datePublished":"2023-11-13T21:48:27+00:00","dateModified":"2023-11-13T21:48:30+00:00","mainEntityOfPage":{"@id":"https:\/\/soldadoadrianojose.com.br\/index.php\/2023\/11\/13\/implantacao-de-colegio-civico-militar-em-goioere-e-anunciada-para-atender-demanda-da-populacao\/"},"wordCount":173,"commentCount":0,"publisher":{"@id":"https:\/\/soldadoadrianojose.com.br\/#\/schema\/person\/16f8e8defb7a4bd6c6082efcd1bdb6bb"},"image":{"@id":"https:\/\/soldadoadrianojose.com.br\/index.php\/2023\/11\/13\/implantacao-de-colegio-civico-militar-em-goioere-e-anunciada-para-atender-demanda-da-populacao\/#primaryimage"},"thumbnailUrl":"https:\/\/soldadoadrianojose.com.br\/wp-content\/uploads\/2023\/11\/adj2.jpg","articleSection":["GABINETE SD"],"inLanguage":"pt-BR","potentialAction":[{"@type":"CommentAction","name":"Comment","target":["https:\/\/soldadoadrianojose.com.br\/index.php\/2023\/11\/13\/implantacao-de-colegio-civico-militar-em-goioere-e-anunciada-para-atender-demanda-da-populacao\/#respond"]}]},{"@type":"WebPage","@id":"https:\/\/soldadoadrianojose.com.br\/index.php\/2023\/11\/13\/implantacao-de-colegio-civico-militar-em-goioere-e-anunciada-para-atender-demanda-da-populacao\/","url":"https:\/\/soldadoadrianojose.com.br\/index.php\/2023\/11\/13\/implantacao-de-colegio-civico-militar-em-goioere-e-anunciada-para-atender-demanda-da-populacao\/","name":"Implanta\u00e7\u00e3o de col\u00e9gio C\u00edvico-Militar em Goioer\u00ea \u00e9 anunciada para atender demanda da popula\u00e7\u00e3o - Deputado Adriano Jos\u00e9","isPartOf":{"@id":"https:\/\/soldadoadrianojose.com.br\/#website"},"primaryImageOfPage":{"@id":"https:\/\/soldadoadrianojose.com.br\/index.php\/2023\/11\/13\/implantacao-de-colegio-civico-militar-em-goioere-e-anunciada-para-atender-demanda-da-populacao\/#primaryimage"},"image":{"@id":"https:\/\/soldadoadrianojose.com.br\/index.php\/2023\/11\/13\/implantacao-de-colegio-civico-militar-em-goioere-e-anunciada-para-atender-demanda-da-populacao\/#primaryimage"},"thumbnailUrl":"https:\/\/soldadoadrianojose.com.br\/wp-content\/uploads\/2023\/11\/adj2.jpg","datePublished":"2023-11-13T21:48:27+00:00","dateModified":"2023-11-13T21:48:30+00:00","breadcrumb":{"@id":"https:\/\/soldadoadrianojose.com.br\/index.php\/2023\/11\/13\/implantacao-de-colegio-civico-militar-em-goioere-e-anunciada-para-atender-demanda-da-populacao\/#breadcrumb"},"inLanguage":"pt-BR","potentialAction":[{"@type":"ReadAction","target":["https:\/\/soldadoadrianojose.com.br\/index.php\/2023\/11\/13\/implantacao-de-colegio-civico-militar-em-goioere-e-anunciada-para-atender-demanda-da-populacao\/"]}]},{"@type":"ImageObject","inLanguage":"pt-BR","@id":"https:\/\/soldadoadrianojose.com.br\/index.php\/2023\/11\/13\/implantacao-de-colegio-civico-militar-em-goioere-e-anunciada-para-atender-demanda-da-populacao\/#primaryimage","url":"https:\/\/soldadoadrianojose.com.br\/wp-content\/uploads\/2023\/11\/adj2.jpg","contentUrl":"https:\/\/soldadoadrianojose.com.br\/wp-content\/uploads\/2023\/11\/adj2.jpg","width":1024,"height":683},{"@type":"BreadcrumbList","@id":"https:\/\/soldadoadrianojose.com.br\/index.php\/2023\/11\/13\/implantacao-de-colegio-civico-militar-em-goioere-e-anunciada-para-atender-demanda-da-populacao\/#breadcrumb","itemListElement":[{"@type":"ListItem","position":1,"name":"In\u00edcio","item":"https:\/\/soldadoadrianojose.com.br\/"},{"@type":"ListItem","position":2,"name":"Implanta\u00e7\u00e3o de col\u00e9gio C\u00edvico-Militar em Goioer\u00ea \u00e9 anunciada para atender demanda da popula\u00e7\u00e3o"}]},{"@type":"WebSite","@id":"https:\/\/soldadoadrianojose.com.br\/#website","url":"https:\/\/soldadoadrianojose.com.br\/","name":"Deputado Adriano Jos\u00e9","description":"Nosso trabalho \u00e9 pelas pessoas","publisher":{"@id":"https:\/\/soldadoadrianojose.com.br\/#\/schema\/person\/16f8e8defb7a4bd6c6082efcd1bdb6bb"},"potentialAction":[{"@type":"SearchAction","target":{"@type":"EntryPoint","urlTemplate":"https:\/\/soldadoadrianojose.com.br\/?s={search_term_string}"},"query-input":{"@type":"PropertyValueSpecification","valueRequired":true,"valueName":"search_term_string"}}],"inLanguage":"pt-BR"},{"@type":["Person","Organization"],"@id":"https:\/\/soldadoadrianojose.com.br\/#\/schema\/person\/16f8e8defb7a4bd6c6082efcd1bdb6bb","name":"soldadoadrianojose","image":{"@type":"ImageObject","inLanguage":"pt-BR","@id":"https:\/\/soldadoadrianojose.com.br\/wp-content\/uploads\/2023\/02\/LOGO_CLEAR-5.png","url":"https:\/\/soldadoadrianojose.com.br\/wp-content\/uploads\/2023\/02\/LOGO_CLEAR-5.png","contentUrl":"https:\/\/soldadoadrianojose.com.br\/wp-content\/uploads\/2023\/02\/LOGO_CLEAR-5.png","width":3508,"height":998,"caption":"soldadoadrianojose"},"logo":{"@id":"https:\/\/soldadoadrianojose.com.br\/wp-content\/uploads\/2023\/02\/LOGO_CLEAR-5.png"},"sameAs":["https:\/\/soldadoadrianojose.com.br"],"url":"https:\/\/soldadoadrianojose.com.br\/index.php\/author\/soldadoadrianojose\/"}]}},"jetpack_featured_media_url":"https:\/\/soldadoadrianojose.com.br\/wp-content\/uploads\/2023\/11\/adj2.jpg","_links":{"self":[{"href":"https:\/\/soldadoadrianojose.com.br\/index.php\/wp-json\/wp\/v2\/posts\/1599","targetHints":{"allow":["GET"]}}],"collection":[{"href":"https:\/\/soldadoadrianojose.com.br\/index.php\/wp-json\/wp\/v2\/posts"}],"about":[{"href":"https:\/\/soldadoadrianojose.com.br\/index.php\/wp-json\/wp\/v2\/types\/post"}],"author":[{"embeddable":true,"href":"https:\/\/soldadoadrianojose.com.br\/index.php\/wp-json\/wp\/v2\/users\/1"}],"replies":[{"embeddable":true,"href":"https:\/\/soldadoadrianojose.com.br\/index.php\/wp-json\/wp\/v2\/comments?post=1599"}],"version-history":[{"count":1,"href":"https:\/\/soldadoadrianojose.com.br\/index.php\/wp-json\/wp\/v2\/posts\/1599\/revisions"}],"predecessor-version":[{"id":1601,"href":"https:\/\/soldadoadrianojose.com.br\/index.php\/wp-json\/wp\/v2\/posts\/1599\/revisions\/1601"}],"wp:featuredmedia":[{"embeddable":true,"href":"https:\/\/soldadoadrianojose.com.br\/index.php\/wp-json\/wp\/v2\/media\/1600"}],"wp:attachment":[{"href":"https:\/\/soldadoadrianojose.com.br\/index.php\/wp-json\/wp\/v2\/media?parent=1599"}],"wp:term":[{"taxonomy":"category","embeddable":true,"href":"https:\/\/soldadoadrianojose.com.br\/index.php\/wp-json\/wp\/v2\/categories?post=1599"},{"taxonomy":"post_tag","embeddable":true,"href":"https:\/\/soldadoadrianojose.com.br\/index.php\/wp-json\/wp\/v2\/tags?post=1599"}],"curies":[{"name":"wp","href":"https:\/\/api.w.org\/{rel}","templated":true}]}}