{"id":1606,"date":"2023-11-14T15:07:06","date_gmt":"2023-11-14T18:07:06","guid":{"rendered":"https:\/\/soldadoadrianojose.com.br\/?p=1606"},"modified":"2023-11-14T15:22:26","modified_gmt":"2023-11-14T18:22:26","slug":"paicandu-conquista-implantacao-de-colegio-civico-militar","status":"publish","type":"post","link":"https:\/\/soldadoadrianojose.com.br\/index.php\/2023\/11\/14\/paicandu-conquista-implantacao-de-colegio-civico-militar\/","title":{"rendered":"Pai\u00e7andu conquista implanta\u00e7\u00e3o de col\u00e9gio C\u00edvico-Militar"},"content":{"rendered":"\n<figure class=\"wp-block-image size-full is-resized\"><img fetchpriority=\"high\" decoding=\"async\" width=\"1024\" height=\"683\" src=\"https:\/\/soldadoadrianojose.com.br\/wp-content\/uploads\/2023\/11\/WhatsApp-Image-2023-11-14-at-15.09.48-1.jpeg\" alt=\"\" class=\"wp-image-1611\" style=\"width:433px;height:auto\" srcset=\"https:\/\/soldadoadrianojose.com.br\/wp-content\/uploads\/2023\/11\/WhatsApp-Image-2023-11-14-at-15.09.48-1.jpeg 1024w, https:\/\/soldadoadrianojose.com.br\/wp-content\/uploads\/2023\/11\/WhatsApp-Image-2023-11-14-at-15.09.48-1-300x200.jpeg 300w, https:\/\/soldadoadrianojose.com.br\/wp-content\/uploads\/2023\/11\/WhatsApp-Image-2023-11-14-at-15.09.48-1-768x512.jpeg 768w\" sizes=\"(max-width: 1024px) 100vw, 1024px\" \/><\/figure>\n\n\n\n<p>O deputado Adriano Jos\u00e9 anunciou excelente not\u00edcia que vai ser implementado no munic\u00edpio de Pai\u00e7andu mais um col\u00e9gio C\u00edvico-Militar. Em parceria com o prefeito Esmael, o vereador Douglas Enfermeiro e Alessio da imprensa de Pai\u00e7andu, o deputado solicitou ao governador Ratinho Junior e ao secret\u00e1rio de estado da educa\u00e7\u00e3o Roni Miranda a instala\u00e7\u00e3o dessa importante institui\u00e7\u00e3o de ensino no munic\u00edpio.<\/p>\n\n\n\n<p>A implanta\u00e7\u00e3o do col\u00e9gio C\u00edvico-Militar em Pai\u00e7andu trar\u00e1 benef\u00edcios significativos para a comunidade, proporcionando uma educa\u00e7\u00e3o de qualidade aliada a valores c\u00edvicos e disciplinares. Al\u00e9m disso, a presen\u00e7a de militares na gest\u00e3o escolar contribuir\u00e1 para a promo\u00e7\u00e3o de um ambiente seguro e harmonioso, garantindo o bem-estar dos estudantes e professores.<\/p>\n\n\n\n<p>O deputado Adriano Jos\u00e9 agradece a parceria e o apoio do prefeito Esmael, do vereador Douglas Enfermeiro e de Alessio da imprensa de Pai\u00e7andu, que foram fundamentais para a conquista desse importante investimento na educa\u00e7\u00e3o do munic\u00edpio. Ele refor\u00e7a seu compromisso em continuar trabalhando em prol do desenvolvimento de Pai\u00e7andu e se coloca \u00e0 disposi\u00e7\u00e3o da popula\u00e7\u00e3o para ouvir suas demandas e necessidades.<\/p>\n\n\n\n<p>Com a implanta\u00e7\u00e3o do col\u00e9gio C\u00edvico-Militar, Pai\u00e7andu d\u00e1 um passo importante rumo ao fortalecimento da educa\u00e7\u00e3o e seguran\u00e7a, proporcionando melhores oportunidades e um futuro promissor para os jovens do munic\u00edpio.<\/p>\n","protected":false},"excerpt":{"rendered":"<p>O deputado Adriano Jos\u00e9 anunciou excelente not\u00edcia que vai ser implementado no munic\u00edpio de Pai\u00e7andu mais um col\u00e9gio C\u00edvico-Militar. Em parceria com o prefeito Esmael, o vereador Douglas Enfermeiro e Alessio da imprensa de Pai\u00e7andu, o deputado solicitou ao governador Ratinho Junior e ao secret\u00e1rio de estado da educa\u00e7\u00e3o Roni Miranda a instala\u00e7\u00e3o dessa importante [&hellip;]<\/p>\n","protected":false},"author":1,"featured_media":1610,"comment_status":"open","ping_status":"open","sticky":false,"template":"","format":"standard","meta":{"footnotes":""},"categories":[1,5],"tags":[],"class_list":["post-1606","post","type-post","status-publish","format-standard","has-post-thumbnail","hentry","category-gabinete-sd","category-parana"],"yoast_head":"<!-- This site is optimized with the Yoast SEO plugin v27.4 - https:\/\/yoast.com\/product\/yoast-seo-wordpress\/ -->\n<title>Pai\u00e7andu conquista implanta\u00e7\u00e3o de col\u00e9gio C\u00edvico-Militar - Deputado Adriano Jos\u00e9<\/title>\n<meta name=\"robots\" content=\"index, follow, max-snippet:-1, max-image-preview:large, max-video-preview:-1\" \/>\n<link rel=\"canonical\" href=\"https:\/\/soldadoadrianojose.com.br\/index.php\/2023\/11\/14\/paicandu-conquista-implantacao-de-colegio-civico-militar\/\" \/>\n<meta property=\"og:locale\" content=\"pt_BR\" \/>\n<meta property=\"og:type\" content=\"article\" \/>\n<meta property=\"og:title\" content=\"Pai\u00e7andu conquista implanta\u00e7\u00e3o de col\u00e9gio C\u00edvico-Militar - Deputado Adriano Jos\u00e9\" \/>\n<meta property=\"og:description\" content=\"O deputado Adriano Jos\u00e9 anunciou excelente not\u00edcia que vai ser implementado no munic\u00edpio de Pai\u00e7andu mais um col\u00e9gio C\u00edvico-Militar. Em parceria com o prefeito Esmael, o vereador Douglas Enfermeiro e Alessio da imprensa de Pai\u00e7andu, o deputado solicitou ao governador Ratinho Junior e ao secret\u00e1rio de estado da educa\u00e7\u00e3o Roni Miranda a instala\u00e7\u00e3o dessa importante [&hellip;]\" \/>\n<meta property=\"og:url\" content=\"https:\/\/soldadoadrianojose.com.br\/index.php\/2023\/11\/14\/paicandu-conquista-implantacao-de-colegio-civico-militar\/\" \/>\n<meta property=\"og:site_name\" content=\"Deputado Adriano Jos\u00e9\" \/>\n<meta property=\"article:published_time\" content=\"2023-11-14T18:07:06+00:00\" \/>\n<meta property=\"article:modified_time\" content=\"2023-11-14T18:22:26+00:00\" \/>\n<meta property=\"og:image\" content=\"https:\/\/soldadoadrianojose.com.br\/wp-content\/uploads\/2023\/11\/WhatsApp-Image-2023-11-14-at-15.09.48.jpeg\" \/>\n\t<meta property=\"og:image:width\" content=\"1024\" \/>\n\t<meta property=\"og:image:height\" content=\"683\" \/>\n\t<meta property=\"og:image:type\" content=\"image\/jpeg\" \/>\n<meta name=\"author\" content=\"soldadoadrianojose\" \/>\n<meta name=\"twitter:card\" content=\"summary_large_image\" \/>\n<meta name=\"twitter:label1\" content=\"Escrito por\" \/>\n\t<meta name=\"twitter:data1\" content=\"soldadoadrianojose\" \/>\n\t<meta name=\"twitter:label2\" content=\"Est. tempo de leitura\" \/>\n\t<meta name=\"twitter:data2\" content=\"2 minutos\" \/>\n<script type=\"application\/ld+json\" class=\"yoast-schema-graph\">{\"@context\":\"https:\\\/\\\/schema.org\",\"@graph\":[{\"@type\":\"Article\",\"@id\":\"https:\\\/\\\/soldadoadrianojose.com.br\\\/index.php\\\/2023\\\/11\\\/14\\\/paicandu-conquista-implantacao-de-colegio-civico-militar\\\/#article\",\"isPartOf\":{\"@id\":\"https:\\\/\\\/soldadoadrianojose.com.br\\\/index.php\\\/2023\\\/11\\\/14\\\/paicandu-conquista-implantacao-de-colegio-civico-militar\\\/\"},\"author\":{\"name\":\"soldadoadrianojose\",\"@id\":\"https:\\\/\\\/soldadoadrianojose.com.br\\\/#\\\/schema\\\/person\\\/16f8e8defb7a4bd6c6082efcd1bdb6bb\"},\"headline\":\"Pai\u00e7andu conquista implanta\u00e7\u00e3o de col\u00e9gio C\u00edvico-Militar\",\"datePublished\":\"2023-11-14T18:07:06+00:00\",\"dateModified\":\"2023-11-14T18:22:26+00:00\",\"mainEntityOfPage\":{\"@id\":\"https:\\\/\\\/soldadoadrianojose.com.br\\\/index.php\\\/2023\\\/11\\\/14\\\/paicandu-conquista-implantacao-de-colegio-civico-militar\\\/\"},\"wordCount\":248,\"commentCount\":0,\"publisher\":{\"@id\":\"https:\\\/\\\/soldadoadrianojose.com.br\\\/#\\\/schema\\\/person\\\/16f8e8defb7a4bd6c6082efcd1bdb6bb\"},\"image\":{\"@id\":\"https:\\\/\\\/soldadoadrianojose.com.br\\\/index.php\\\/2023\\\/11\\\/14\\\/paicandu-conquista-implantacao-de-colegio-civico-militar\\\/#primaryimage\"},\"thumbnailUrl\":\"https:\\\/\\\/soldadoadrianojose.com.br\\\/wp-content\\\/uploads\\\/2023\\\/11\\\/WhatsApp-Image-2023-11-14-at-15.09.48.jpeg\",\"articleSection\":[\"GABINETE SD\",\"PARAN\u00c1\"],\"inLanguage\":\"pt-BR\",\"potentialAction\":[{\"@type\":\"CommentAction\",\"name\":\"Comment\",\"target\":[\"https:\\\/\\\/soldadoadrianojose.com.br\\\/index.php\\\/2023\\\/11\\\/14\\\/paicandu-conquista-implantacao-de-colegio-civico-militar\\\/#respond\"]}]},{\"@type\":\"WebPage\",\"@id\":\"https:\\\/\\\/soldadoadrianojose.com.br\\\/index.php\\\/2023\\\/11\\\/14\\\/paicandu-conquista-implantacao-de-colegio-civico-militar\\\/\",\"url\":\"https:\\\/\\\/soldadoadrianojose.com.br\\\/index.php\\\/2023\\\/11\\\/14\\\/paicandu-conquista-implantacao-de-colegio-civico-militar\\\/\",\"name\":\"Pai\u00e7andu conquista implanta\u00e7\u00e3o de col\u00e9gio C\u00edvico-Militar - Deputado Adriano Jos\u00e9\",\"isPartOf\":{\"@id\":\"https:\\\/\\\/soldadoadrianojose.com.br\\\/#website\"},\"primaryImageOfPage\":{\"@id\":\"https:\\\/\\\/soldadoadrianojose.com.br\\\/index.php\\\/2023\\\/11\\\/14\\\/paicandu-conquista-implantacao-de-colegio-civico-militar\\\/#primaryimage\"},\"image\":{\"@id\":\"https:\\\/\\\/soldadoadrianojose.com.br\\\/index.php\\\/2023\\\/11\\\/14\\\/paicandu-conquista-implantacao-de-colegio-civico-militar\\\/#primaryimage\"},\"thumbnailUrl\":\"https:\\\/\\\/soldadoadrianojose.com.br\\\/wp-content\\\/uploads\\\/2023\\\/11\\\/WhatsApp-Image-2023-11-14-at-15.09.48.jpeg\",\"datePublished\":\"2023-11-14T18:07:06+00:00\",\"dateModified\":\"2023-11-14T18:22:26+00:00\",\"breadcrumb\":{\"@id\":\"https:\\\/\\\/soldadoadrianojose.com.br\\\/index.php\\\/2023\\\/11\\\/14\\\/paicandu-conquista-implantacao-de-colegio-civico-militar\\\/#breadcrumb\"},\"inLanguage\":\"pt-BR\",\"potentialAction\":[{\"@type\":\"ReadAction\",\"target\":[\"https:\\\/\\\/soldadoadrianojose.com.br\\\/index.php\\\/2023\\\/11\\\/14\\\/paicandu-conquista-implantacao-de-colegio-civico-militar\\\/\"]}]},{\"@type\":\"ImageObject\",\"inLanguage\":\"pt-BR\",\"@id\":\"https:\\\/\\\/soldadoadrianojose.com.br\\\/index.php\\\/2023\\\/11\\\/14\\\/paicandu-conquista-implantacao-de-colegio-civico-militar\\\/#primaryimage\",\"url\":\"https:\\\/\\\/soldadoadrianojose.com.br\\\/wp-content\\\/uploads\\\/2023\\\/11\\\/WhatsApp-Image-2023-11-14-at-15.09.48.jpeg\",\"contentUrl\":\"https:\\\/\\\/soldadoadrianojose.com.br\\\/wp-content\\\/uploads\\\/2023\\\/11\\\/WhatsApp-Image-2023-11-14-at-15.09.48.jpeg\",\"width\":1024,\"height\":683},{\"@type\":\"BreadcrumbList\",\"@id\":\"https:\\\/\\\/soldadoadrianojose.com.br\\\/index.php\\\/2023\\\/11\\\/14\\\/paicandu-conquista-implantacao-de-colegio-civico-militar\\\/#breadcrumb\",\"itemListElement\":[{\"@type\":\"ListItem\",\"position\":1,\"name\":\"In\u00edcio\",\"item\":\"https:\\\/\\\/soldadoadrianojose.com.br\\\/\"},{\"@type\":\"ListItem\",\"position\":2,\"name\":\"Pai\u00e7andu conquista implanta\u00e7\u00e3o de col\u00e9gio C\u00edvico-Militar\"}]},{\"@type\":\"WebSite\",\"@id\":\"https:\\\/\\\/soldadoadrianojose.com.br\\\/#website\",\"url\":\"https:\\\/\\\/soldadoadrianojose.com.br\\\/\",\"name\":\"Deputado Adriano Jos\u00e9\",\"description\":\"Nosso trabalho \u00e9 pelas pessoas\",\"publisher\":{\"@id\":\"https:\\\/\\\/soldadoadrianojose.com.br\\\/#\\\/schema\\\/person\\\/16f8e8defb7a4bd6c6082efcd1bdb6bb\"},\"potentialAction\":[{\"@type\":\"SearchAction\",\"target\":{\"@type\":\"EntryPoint\",\"urlTemplate\":\"https:\\\/\\\/soldadoadrianojose.com.br\\\/?s={search_term_string}\"},\"query-input\":{\"@type\":\"PropertyValueSpecification\",\"valueRequired\":true,\"valueName\":\"search_term_string\"}}],\"inLanguage\":\"pt-BR\"},{\"@type\":[\"Person\",\"Organization\"],\"@id\":\"https:\\\/\\\/soldadoadrianojose.com.br\\\/#\\\/schema\\\/person\\\/16f8e8defb7a4bd6c6082efcd1bdb6bb\",\"name\":\"soldadoadrianojose\",\"image\":{\"@type\":\"ImageObject\",\"inLanguage\":\"pt-BR\",\"@id\":\"https:\\\/\\\/soldadoadrianojose.com.br\\\/wp-content\\\/uploads\\\/2023\\\/02\\\/LOGO_CLEAR-5.png\",\"url\":\"https:\\\/\\\/soldadoadrianojose.com.br\\\/wp-content\\\/uploads\\\/2023\\\/02\\\/LOGO_CLEAR-5.png\",\"contentUrl\":\"https:\\\/\\\/soldadoadrianojose.com.br\\\/wp-content\\\/uploads\\\/2023\\\/02\\\/LOGO_CLEAR-5.png\",\"width\":3508,\"height\":998,\"caption\":\"soldadoadrianojose\"},\"logo\":{\"@id\":\"https:\\\/\\\/soldadoadrianojose.com.br\\\/wp-content\\\/uploads\\\/2023\\\/02\\\/LOGO_CLEAR-5.png\"},\"sameAs\":[\"https:\\\/\\\/soldadoadrianojose.com.br\"],\"url\":\"https:\\\/\\\/soldadoadrianojose.com.br\\\/index.php\\\/author\\\/soldadoadrianojose\\\/\"}]}<\/script>\n<!-- \/ Yoast SEO plugin. -->","yoast_head_json":{"title":"Pai\u00e7andu conquista implanta\u00e7\u00e3o de col\u00e9gio C\u00edvico-Militar - Deputado Adriano Jos\u00e9","robots":{"index":"index","follow":"follow","max-snippet":"max-snippet:-1","max-image-preview":"max-image-preview:large","max-video-preview":"max-video-preview:-1"},"canonical":"https:\/\/soldadoadrianojose.com.br\/index.php\/2023\/11\/14\/paicandu-conquista-implantacao-de-colegio-civico-militar\/","og_locale":"pt_BR","og_type":"article","og_title":"Pai\u00e7andu conquista implanta\u00e7\u00e3o de col\u00e9gio C\u00edvico-Militar - Deputado Adriano Jos\u00e9","og_description":"O deputado Adriano Jos\u00e9 anunciou excelente not\u00edcia que vai ser implementado no munic\u00edpio de Pai\u00e7andu mais um col\u00e9gio C\u00edvico-Militar. Em parceria com o prefeito Esmael, o vereador Douglas Enfermeiro e Alessio da imprensa de Pai\u00e7andu, o deputado solicitou ao governador Ratinho Junior e ao secret\u00e1rio de estado da educa\u00e7\u00e3o Roni Miranda a instala\u00e7\u00e3o dessa importante [&hellip;]","og_url":"https:\/\/soldadoadrianojose.com.br\/index.php\/2023\/11\/14\/paicandu-conquista-implantacao-de-colegio-civico-militar\/","og_site_name":"Deputado Adriano Jos\u00e9","article_published_time":"2023-11-14T18:07:06+00:00","article_modified_time":"2023-11-14T18:22:26+00:00","og_image":[{"width":1024,"height":683,"url":"https:\/\/soldadoadrianojose.com.br\/wp-content\/uploads\/2023\/11\/WhatsApp-Image-2023-11-14-at-15.09.48.jpeg","type":"image\/jpeg"}],"author":"soldadoadrianojose","twitter_card":"summary_large_image","twitter_misc":{"Escrito por":"soldadoadrianojose","Est. tempo de leitura":"2 minutos"},"schema":{"@context":"https:\/\/schema.org","@graph":[{"@type":"Article","@id":"https:\/\/soldadoadrianojose.com.br\/index.php\/2023\/11\/14\/paicandu-conquista-implantacao-de-colegio-civico-militar\/#article","isPartOf":{"@id":"https:\/\/soldadoadrianojose.com.br\/index.php\/2023\/11\/14\/paicandu-conquista-implantacao-de-colegio-civico-militar\/"},"author":{"name":"soldadoadrianojose","@id":"https:\/\/soldadoadrianojose.com.br\/#\/schema\/person\/16f8e8defb7a4bd6c6082efcd1bdb6bb"},"headline":"Pai\u00e7andu conquista implanta\u00e7\u00e3o de col\u00e9gio C\u00edvico-Militar","datePublished":"2023-11-14T18:07:06+00:00","dateModified":"2023-11-14T18:22:26+00:00","mainEntityOfPage":{"@id":"https:\/\/soldadoadrianojose.com.br\/index.php\/2023\/11\/14\/paicandu-conquista-implantacao-de-colegio-civico-militar\/"},"wordCount":248,"commentCount":0,"publisher":{"@id":"https:\/\/soldadoadrianojose.com.br\/#\/schema\/person\/16f8e8defb7a4bd6c6082efcd1bdb6bb"},"image":{"@id":"https:\/\/soldadoadrianojose.com.br\/index.php\/2023\/11\/14\/paicandu-conquista-implantacao-de-colegio-civico-militar\/#primaryimage"},"thumbnailUrl":"https:\/\/soldadoadrianojose.com.br\/wp-content\/uploads\/2023\/11\/WhatsApp-Image-2023-11-14-at-15.09.48.jpeg","articleSection":["GABINETE SD","PARAN\u00c1"],"inLanguage":"pt-BR","potentialAction":[{"@type":"CommentAction","name":"Comment","target":["https:\/\/soldadoadrianojose.com.br\/index.php\/2023\/11\/14\/paicandu-conquista-implantacao-de-colegio-civico-militar\/#respond"]}]},{"@type":"WebPage","@id":"https:\/\/soldadoadrianojose.com.br\/index.php\/2023\/11\/14\/paicandu-conquista-implantacao-de-colegio-civico-militar\/","url":"https:\/\/soldadoadrianojose.com.br\/index.php\/2023\/11\/14\/paicandu-conquista-implantacao-de-colegio-civico-militar\/","name":"Pai\u00e7andu conquista implanta\u00e7\u00e3o de col\u00e9gio C\u00edvico-Militar - Deputado Adriano Jos\u00e9","isPartOf":{"@id":"https:\/\/soldadoadrianojose.com.br\/#website"},"primaryImageOfPage":{"@id":"https:\/\/soldadoadrianojose.com.br\/index.php\/2023\/11\/14\/paicandu-conquista-implantacao-de-colegio-civico-militar\/#primaryimage"},"image":{"@id":"https:\/\/soldadoadrianojose.com.br\/index.php\/2023\/11\/14\/paicandu-conquista-implantacao-de-colegio-civico-militar\/#primaryimage"},"thumbnailUrl":"https:\/\/soldadoadrianojose.com.br\/wp-content\/uploads\/2023\/11\/WhatsApp-Image-2023-11-14-at-15.09.48.jpeg","datePublished":"2023-11-14T18:07:06+00:00","dateModified":"2023-11-14T18:22:26+00:00","breadcrumb":{"@id":"https:\/\/soldadoadrianojose.com.br\/index.php\/2023\/11\/14\/paicandu-conquista-implantacao-de-colegio-civico-militar\/#breadcrumb"},"inLanguage":"pt-BR","potentialAction":[{"@type":"ReadAction","target":["https:\/\/soldadoadrianojose.com.br\/index.php\/2023\/11\/14\/paicandu-conquista-implantacao-de-colegio-civico-militar\/"]}]},{"@type":"ImageObject","inLanguage":"pt-BR","@id":"https:\/\/soldadoadrianojose.com.br\/index.php\/2023\/11\/14\/paicandu-conquista-implantacao-de-colegio-civico-militar\/#primaryimage","url":"https:\/\/soldadoadrianojose.com.br\/wp-content\/uploads\/2023\/11\/WhatsApp-Image-2023-11-14-at-15.09.48.jpeg","contentUrl":"https:\/\/soldadoadrianojose.com.br\/wp-content\/uploads\/2023\/11\/WhatsApp-Image-2023-11-14-at-15.09.48.jpeg","width":1024,"height":683},{"@type":"BreadcrumbList","@id":"https:\/\/soldadoadrianojose.com.br\/index.php\/2023\/11\/14\/paicandu-conquista-implantacao-de-colegio-civico-militar\/#breadcrumb","itemListElement":[{"@type":"ListItem","position":1,"name":"In\u00edcio","item":"https:\/\/soldadoadrianojose.com.br\/"},{"@type":"ListItem","position":2,"name":"Pai\u00e7andu conquista implanta\u00e7\u00e3o de col\u00e9gio C\u00edvico-Militar"}]},{"@type":"WebSite","@id":"https:\/\/soldadoadrianojose.com.br\/#website","url":"https:\/\/soldadoadrianojose.com.br\/","name":"Deputado Adriano Jos\u00e9","description":"Nosso trabalho \u00e9 pelas pessoas","publisher":{"@id":"https:\/\/soldadoadrianojose.com.br\/#\/schema\/person\/16f8e8defb7a4bd6c6082efcd1bdb6bb"},"potentialAction":[{"@type":"SearchAction","target":{"@type":"EntryPoint","urlTemplate":"https:\/\/soldadoadrianojose.com.br\/?s={search_term_string}"},"query-input":{"@type":"PropertyValueSpecification","valueRequired":true,"valueName":"search_term_string"}}],"inLanguage":"pt-BR"},{"@type":["Person","Organization"],"@id":"https:\/\/soldadoadrianojose.com.br\/#\/schema\/person\/16f8e8defb7a4bd6c6082efcd1bdb6bb","name":"soldadoadrianojose","image":{"@type":"ImageObject","inLanguage":"pt-BR","@id":"https:\/\/soldadoadrianojose.com.br\/wp-content\/uploads\/2023\/02\/LOGO_CLEAR-5.png","url":"https:\/\/soldadoadrianojose.com.br\/wp-content\/uploads\/2023\/02\/LOGO_CLEAR-5.png","contentUrl":"https:\/\/soldadoadrianojose.com.br\/wp-content\/uploads\/2023\/02\/LOGO_CLEAR-5.png","width":3508,"height":998,"caption":"soldadoadrianojose"},"logo":{"@id":"https:\/\/soldadoadrianojose.com.br\/wp-content\/uploads\/2023\/02\/LOGO_CLEAR-5.png"},"sameAs":["https:\/\/soldadoadrianojose.com.br"],"url":"https:\/\/soldadoadrianojose.com.br\/index.php\/author\/soldadoadrianojose\/"}]}},"jetpack_featured_media_url":"https:\/\/soldadoadrianojose.com.br\/wp-content\/uploads\/2023\/11\/WhatsApp-Image-2023-11-14-at-15.09.48.jpeg","_links":{"self":[{"href":"https:\/\/soldadoadrianojose.com.br\/index.php\/wp-json\/wp\/v2\/posts\/1606","targetHints":{"allow":["GET"]}}],"collection":[{"href":"https:\/\/soldadoadrianojose.com.br\/index.php\/wp-json\/wp\/v2\/posts"}],"about":[{"href":"https:\/\/soldadoadrianojose.com.br\/index.php\/wp-json\/wp\/v2\/types\/post"}],"author":[{"embeddable":true,"href":"https:\/\/soldadoadrianojose.com.br\/index.php\/wp-json\/wp\/v2\/users\/1"}],"replies":[{"embeddable":true,"href":"https:\/\/soldadoadrianojose.com.br\/index.php\/wp-json\/wp\/v2\/comments?post=1606"}],"version-history":[{"count":3,"href":"https:\/\/soldadoadrianojose.com.br\/index.php\/wp-json\/wp\/v2\/posts\/1606\/revisions"}],"predecessor-version":[{"id":1616,"href":"https:\/\/soldadoadrianojose.com.br\/index.php\/wp-json\/wp\/v2\/posts\/1606\/revisions\/1616"}],"wp:featuredmedia":[{"embeddable":true,"href":"https:\/\/soldadoadrianojose.com.br\/index.php\/wp-json\/wp\/v2\/media\/1610"}],"wp:attachment":[{"href":"https:\/\/soldadoadrianojose.com.br\/index.php\/wp-json\/wp\/v2\/media?parent=1606"}],"wp:term":[{"taxonomy":"category","embeddable":true,"href":"https:\/\/soldadoadrianojose.com.br\/index.php\/wp-json\/wp\/v2\/categories?post=1606"},{"taxonomy":"post_tag","embeddable":true,"href":"https:\/\/soldadoadrianojose.com.br\/index.php\/wp-json\/wp\/v2\/tags?post=1606"}],"curies":[{"name":"wp","href":"https:\/\/api.w.org\/{rel}","templated":true}]}}