{"id":1609,"date":"2023-11-14T15:12:58","date_gmt":"2023-11-14T18:12:58","guid":{"rendered":"https:\/\/soldadoadrianojose.com.br\/?p=1609"},"modified":"2023-11-14T15:16:03","modified_gmt":"2023-11-14T18:16:03","slug":"deputado-adriano-jose-anuncia-conquista-de-colegio-civico-militar-em-mandaguacu","status":"publish","type":"post","link":"https:\/\/soldadoadrianojose.com.br\/index.php\/2023\/11\/14\/deputado-adriano-jose-anuncia-conquista-de-colegio-civico-militar-em-mandaguacu\/","title":{"rendered":"Deputado Adriano Jos\u00e9 anuncia conquista de col\u00e9gio C\u00edvico-Militar em Mandagua\u00e7u"},"content":{"rendered":"\n<figure class=\"wp-block-image size-full is-resized\"><img fetchpriority=\"high\" decoding=\"async\" width=\"1024\" height=\"698\" src=\"https:\/\/soldadoadrianojose.com.br\/wp-content\/uploads\/2023\/11\/WhatsApp-Image-2023-11-14-at-15.12.28.jpeg\" alt=\"\" class=\"wp-image-1612\" style=\"width:442px;height:auto\" srcset=\"https:\/\/soldadoadrianojose.com.br\/wp-content\/uploads\/2023\/11\/WhatsApp-Image-2023-11-14-at-15.12.28.jpeg 1024w, https:\/\/soldadoadrianojose.com.br\/wp-content\/uploads\/2023\/11\/WhatsApp-Image-2023-11-14-at-15.12.28-300x204.jpeg 300w, https:\/\/soldadoadrianojose.com.br\/wp-content\/uploads\/2023\/11\/WhatsApp-Image-2023-11-14-at-15.12.28-768x524.jpeg 768w\" sizes=\"(max-width: 1024px) 100vw, 1024px\" \/><\/figure>\n\n\n\n<p>Uma extraordin\u00e1ria not\u00edcia para o munic\u00edpio de Mandagua\u00e7u: a conquista de um col\u00e9gio C\u00edvico-Militar. Desde o in\u00edcio de seu mandato, o deputado tem trabalhado em parceria com o governador Ratinho Junior e o secret\u00e1rio de estado da educa\u00e7\u00e3o Roni Miranda para que Mandagua\u00e7u fosse contemplada com esse importante modelo de ensino.<\/p>\n\n\n\n<p>O col\u00e9gio C\u00edvico-Militar ser\u00e1 instalado no col\u00e9gio estadual professor Francisco Jos\u00e9 Perioto, e essa conquista \u00e9 resultado do esfor\u00e7o conjunto de diversas pessoas e entidades. O deputado agradece \u00e0 administra\u00e7\u00e3o municipal, \u00e0 c\u00e2mara de vereadores, ao conselho de seguran\u00e7a municipal, ao ex-prefeito Esmael, ao secret\u00e1rio de Seguran\u00e7a Mansano, \u00e0 lideran\u00e7a Luci, ao Mancha e ao vereador Jo\u00e3o do alto. Essas pessoas foram fundamentais ao pedir e apoiar a iniciativa, trabalhando em parceria para que o col\u00e9gio C\u00edvico-Militar se tornasse uma realidade em Mandagua\u00e7u.<\/p>\n\n\n\n<p>O deputado refor\u00e7a seu compromisso em melhorar a vida da popula\u00e7\u00e3o e se coloca \u00e0 disposi\u00e7\u00e3o de todos para continuar trabalhando em prol do desenvolvimento do munic\u00edpio. Essa conquista representa um avan\u00e7o significativo na \u00e1rea da educa\u00e7\u00e3o e trar\u00e1 benef\u00edcios para toda a comunidade de Mandagua\u00e7u.<\/p>\n","protected":false},"excerpt":{"rendered":"<p>Uma extraordin\u00e1ria not\u00edcia para o munic\u00edpio de Mandagua\u00e7u: a conquista de um col\u00e9gio C\u00edvico-Militar. Desde o in\u00edcio de seu mandato, o deputado tem trabalhado em parceria com o governador Ratinho Junior e o secret\u00e1rio de estado da educa\u00e7\u00e3o Roni Miranda para que Mandagua\u00e7u fosse contemplada com esse importante modelo de ensino. O col\u00e9gio C\u00edvico-Militar ser\u00e1 [&hellip;]<\/p>\n","protected":false},"author":1,"featured_media":1612,"comment_status":"open","ping_status":"open","sticky":false,"template":"","format":"standard","meta":{"footnotes":""},"categories":[1,5],"tags":[],"class_list":["post-1609","post","type-post","status-publish","format-standard","has-post-thumbnail","hentry","category-gabinete-sd","category-parana"],"yoast_head":"<!-- This site is optimized with the Yoast SEO plugin v27.4 - https:\/\/yoast.com\/product\/yoast-seo-wordpress\/ -->\n<title>Deputado Adriano Jos\u00e9 anuncia conquista de col\u00e9gio C\u00edvico-Militar em Mandagua\u00e7u - Deputado Adriano Jos\u00e9<\/title>\n<meta name=\"robots\" content=\"index, follow, max-snippet:-1, max-image-preview:large, max-video-preview:-1\" \/>\n<link rel=\"canonical\" href=\"https:\/\/soldadoadrianojose.com.br\/index.php\/2023\/11\/14\/deputado-adriano-jose-anuncia-conquista-de-colegio-civico-militar-em-mandaguacu\/\" \/>\n<meta property=\"og:locale\" content=\"pt_BR\" \/>\n<meta property=\"og:type\" content=\"article\" \/>\n<meta property=\"og:title\" content=\"Deputado Adriano Jos\u00e9 anuncia conquista de col\u00e9gio C\u00edvico-Militar em Mandagua\u00e7u - Deputado Adriano Jos\u00e9\" \/>\n<meta property=\"og:description\" content=\"Uma extraordin\u00e1ria not\u00edcia para o munic\u00edpio de Mandagua\u00e7u: a conquista de um col\u00e9gio C\u00edvico-Militar. Desde o in\u00edcio de seu mandato, o deputado tem trabalhado em parceria com o governador Ratinho Junior e o secret\u00e1rio de estado da educa\u00e7\u00e3o Roni Miranda para que Mandagua\u00e7u fosse contemplada com esse importante modelo de ensino. O col\u00e9gio C\u00edvico-Militar ser\u00e1 [&hellip;]\" \/>\n<meta property=\"og:url\" content=\"https:\/\/soldadoadrianojose.com.br\/index.php\/2023\/11\/14\/deputado-adriano-jose-anuncia-conquista-de-colegio-civico-militar-em-mandaguacu\/\" \/>\n<meta property=\"og:site_name\" content=\"Deputado Adriano Jos\u00e9\" \/>\n<meta property=\"article:published_time\" content=\"2023-11-14T18:12:58+00:00\" \/>\n<meta property=\"article:modified_time\" content=\"2023-11-14T18:16:03+00:00\" \/>\n<meta property=\"og:image\" content=\"https:\/\/soldadoadrianojose.com.br\/wp-content\/uploads\/2023\/11\/WhatsApp-Image-2023-11-14-at-15.12.28.jpeg\" \/>\n\t<meta property=\"og:image:width\" content=\"1024\" \/>\n\t<meta property=\"og:image:height\" content=\"698\" \/>\n\t<meta property=\"og:image:type\" content=\"image\/jpeg\" \/>\n<meta name=\"author\" content=\"soldadoadrianojose\" \/>\n<meta name=\"twitter:card\" content=\"summary_large_image\" \/>\n<meta name=\"twitter:label1\" content=\"Escrito por\" \/>\n\t<meta name=\"twitter:data1\" content=\"soldadoadrianojose\" \/>\n\t<meta name=\"twitter:label2\" content=\"Est. tempo de leitura\" \/>\n\t<meta name=\"twitter:data2\" content=\"2 minutos\" \/>\n<script type=\"application\/ld+json\" class=\"yoast-schema-graph\">{\"@context\":\"https:\\\/\\\/schema.org\",\"@graph\":[{\"@type\":\"Article\",\"@id\":\"https:\\\/\\\/soldadoadrianojose.com.br\\\/index.php\\\/2023\\\/11\\\/14\\\/deputado-adriano-jose-anuncia-conquista-de-colegio-civico-militar-em-mandaguacu\\\/#article\",\"isPartOf\":{\"@id\":\"https:\\\/\\\/soldadoadrianojose.com.br\\\/index.php\\\/2023\\\/11\\\/14\\\/deputado-adriano-jose-anuncia-conquista-de-colegio-civico-militar-em-mandaguacu\\\/\"},\"author\":{\"name\":\"soldadoadrianojose\",\"@id\":\"https:\\\/\\\/soldadoadrianojose.com.br\\\/#\\\/schema\\\/person\\\/16f8e8defb7a4bd6c6082efcd1bdb6bb\"},\"headline\":\"Deputado Adriano Jos\u00e9 anuncia conquista de col\u00e9gio C\u00edvico-Militar em Mandagua\u00e7u\",\"datePublished\":\"2023-11-14T18:12:58+00:00\",\"dateModified\":\"2023-11-14T18:16:03+00:00\",\"mainEntityOfPage\":{\"@id\":\"https:\\\/\\\/soldadoadrianojose.com.br\\\/index.php\\\/2023\\\/11\\\/14\\\/deputado-adriano-jose-anuncia-conquista-de-colegio-civico-militar-em-mandaguacu\\\/\"},\"wordCount\":220,\"commentCount\":0,\"publisher\":{\"@id\":\"https:\\\/\\\/soldadoadrianojose.com.br\\\/#\\\/schema\\\/person\\\/16f8e8defb7a4bd6c6082efcd1bdb6bb\"},\"image\":{\"@id\":\"https:\\\/\\\/soldadoadrianojose.com.br\\\/index.php\\\/2023\\\/11\\\/14\\\/deputado-adriano-jose-anuncia-conquista-de-colegio-civico-militar-em-mandaguacu\\\/#primaryimage\"},\"thumbnailUrl\":\"https:\\\/\\\/soldadoadrianojose.com.br\\\/wp-content\\\/uploads\\\/2023\\\/11\\\/WhatsApp-Image-2023-11-14-at-15.12.28.jpeg\",\"articleSection\":[\"GABINETE SD\",\"PARAN\u00c1\"],\"inLanguage\":\"pt-BR\",\"potentialAction\":[{\"@type\":\"CommentAction\",\"name\":\"Comment\",\"target\":[\"https:\\\/\\\/soldadoadrianojose.com.br\\\/index.php\\\/2023\\\/11\\\/14\\\/deputado-adriano-jose-anuncia-conquista-de-colegio-civico-militar-em-mandaguacu\\\/#respond\"]}]},{\"@type\":\"WebPage\",\"@id\":\"https:\\\/\\\/soldadoadrianojose.com.br\\\/index.php\\\/2023\\\/11\\\/14\\\/deputado-adriano-jose-anuncia-conquista-de-colegio-civico-militar-em-mandaguacu\\\/\",\"url\":\"https:\\\/\\\/soldadoadrianojose.com.br\\\/index.php\\\/2023\\\/11\\\/14\\\/deputado-adriano-jose-anuncia-conquista-de-colegio-civico-militar-em-mandaguacu\\\/\",\"name\":\"Deputado Adriano Jos\u00e9 anuncia conquista de col\u00e9gio C\u00edvico-Militar em Mandagua\u00e7u - Deputado Adriano Jos\u00e9\",\"isPartOf\":{\"@id\":\"https:\\\/\\\/soldadoadrianojose.com.br\\\/#website\"},\"primaryImageOfPage\":{\"@id\":\"https:\\\/\\\/soldadoadrianojose.com.br\\\/index.php\\\/2023\\\/11\\\/14\\\/deputado-adriano-jose-anuncia-conquista-de-colegio-civico-militar-em-mandaguacu\\\/#primaryimage\"},\"image\":{\"@id\":\"https:\\\/\\\/soldadoadrianojose.com.br\\\/index.php\\\/2023\\\/11\\\/14\\\/deputado-adriano-jose-anuncia-conquista-de-colegio-civico-militar-em-mandaguacu\\\/#primaryimage\"},\"thumbnailUrl\":\"https:\\\/\\\/soldadoadrianojose.com.br\\\/wp-content\\\/uploads\\\/2023\\\/11\\\/WhatsApp-Image-2023-11-14-at-15.12.28.jpeg\",\"datePublished\":\"2023-11-14T18:12:58+00:00\",\"dateModified\":\"2023-11-14T18:16:03+00:00\",\"breadcrumb\":{\"@id\":\"https:\\\/\\\/soldadoadrianojose.com.br\\\/index.php\\\/2023\\\/11\\\/14\\\/deputado-adriano-jose-anuncia-conquista-de-colegio-civico-militar-em-mandaguacu\\\/#breadcrumb\"},\"inLanguage\":\"pt-BR\",\"potentialAction\":[{\"@type\":\"ReadAction\",\"target\":[\"https:\\\/\\\/soldadoadrianojose.com.br\\\/index.php\\\/2023\\\/11\\\/14\\\/deputado-adriano-jose-anuncia-conquista-de-colegio-civico-militar-em-mandaguacu\\\/\"]}]},{\"@type\":\"ImageObject\",\"inLanguage\":\"pt-BR\",\"@id\":\"https:\\\/\\\/soldadoadrianojose.com.br\\\/index.php\\\/2023\\\/11\\\/14\\\/deputado-adriano-jose-anuncia-conquista-de-colegio-civico-militar-em-mandaguacu\\\/#primaryimage\",\"url\":\"https:\\\/\\\/soldadoadrianojose.com.br\\\/wp-content\\\/uploads\\\/2023\\\/11\\\/WhatsApp-Image-2023-11-14-at-15.12.28.jpeg\",\"contentUrl\":\"https:\\\/\\\/soldadoadrianojose.com.br\\\/wp-content\\\/uploads\\\/2023\\\/11\\\/WhatsApp-Image-2023-11-14-at-15.12.28.jpeg\",\"width\":1024,\"height\":698},{\"@type\":\"BreadcrumbList\",\"@id\":\"https:\\\/\\\/soldadoadrianojose.com.br\\\/index.php\\\/2023\\\/11\\\/14\\\/deputado-adriano-jose-anuncia-conquista-de-colegio-civico-militar-em-mandaguacu\\\/#breadcrumb\",\"itemListElement\":[{\"@type\":\"ListItem\",\"position\":1,\"name\":\"In\u00edcio\",\"item\":\"https:\\\/\\\/soldadoadrianojose.com.br\\\/\"},{\"@type\":\"ListItem\",\"position\":2,\"name\":\"Deputado Adriano Jos\u00e9 anuncia conquista de col\u00e9gio C\u00edvico-Militar em Mandagua\u00e7u\"}]},{\"@type\":\"WebSite\",\"@id\":\"https:\\\/\\\/soldadoadrianojose.com.br\\\/#website\",\"url\":\"https:\\\/\\\/soldadoadrianojose.com.br\\\/\",\"name\":\"Deputado Adriano Jos\u00e9\",\"description\":\"Nosso trabalho \u00e9 pelas pessoas\",\"publisher\":{\"@id\":\"https:\\\/\\\/soldadoadrianojose.com.br\\\/#\\\/schema\\\/person\\\/16f8e8defb7a4bd6c6082efcd1bdb6bb\"},\"potentialAction\":[{\"@type\":\"SearchAction\",\"target\":{\"@type\":\"EntryPoint\",\"urlTemplate\":\"https:\\\/\\\/soldadoadrianojose.com.br\\\/?s={search_term_string}\"},\"query-input\":{\"@type\":\"PropertyValueSpecification\",\"valueRequired\":true,\"valueName\":\"search_term_string\"}}],\"inLanguage\":\"pt-BR\"},{\"@type\":[\"Person\",\"Organization\"],\"@id\":\"https:\\\/\\\/soldadoadrianojose.com.br\\\/#\\\/schema\\\/person\\\/16f8e8defb7a4bd6c6082efcd1bdb6bb\",\"name\":\"soldadoadrianojose\",\"image\":{\"@type\":\"ImageObject\",\"inLanguage\":\"pt-BR\",\"@id\":\"https:\\\/\\\/soldadoadrianojose.com.br\\\/wp-content\\\/uploads\\\/2023\\\/02\\\/LOGO_CLEAR-5.png\",\"url\":\"https:\\\/\\\/soldadoadrianojose.com.br\\\/wp-content\\\/uploads\\\/2023\\\/02\\\/LOGO_CLEAR-5.png\",\"contentUrl\":\"https:\\\/\\\/soldadoadrianojose.com.br\\\/wp-content\\\/uploads\\\/2023\\\/02\\\/LOGO_CLEAR-5.png\",\"width\":3508,\"height\":998,\"caption\":\"soldadoadrianojose\"},\"logo\":{\"@id\":\"https:\\\/\\\/soldadoadrianojose.com.br\\\/wp-content\\\/uploads\\\/2023\\\/02\\\/LOGO_CLEAR-5.png\"},\"sameAs\":[\"https:\\\/\\\/soldadoadrianojose.com.br\"],\"url\":\"https:\\\/\\\/soldadoadrianojose.com.br\\\/index.php\\\/author\\\/soldadoadrianojose\\\/\"}]}<\/script>\n<!-- \/ Yoast SEO plugin. -->","yoast_head_json":{"title":"Deputado Adriano Jos\u00e9 anuncia conquista de col\u00e9gio C\u00edvico-Militar em Mandagua\u00e7u - Deputado Adriano Jos\u00e9","robots":{"index":"index","follow":"follow","max-snippet":"max-snippet:-1","max-image-preview":"max-image-preview:large","max-video-preview":"max-video-preview:-1"},"canonical":"https:\/\/soldadoadrianojose.com.br\/index.php\/2023\/11\/14\/deputado-adriano-jose-anuncia-conquista-de-colegio-civico-militar-em-mandaguacu\/","og_locale":"pt_BR","og_type":"article","og_title":"Deputado Adriano Jos\u00e9 anuncia conquista de col\u00e9gio C\u00edvico-Militar em Mandagua\u00e7u - Deputado Adriano Jos\u00e9","og_description":"Uma extraordin\u00e1ria not\u00edcia para o munic\u00edpio de Mandagua\u00e7u: a conquista de um col\u00e9gio C\u00edvico-Militar. Desde o in\u00edcio de seu mandato, o deputado tem trabalhado em parceria com o governador Ratinho Junior e o secret\u00e1rio de estado da educa\u00e7\u00e3o Roni Miranda para que Mandagua\u00e7u fosse contemplada com esse importante modelo de ensino. O col\u00e9gio C\u00edvico-Militar ser\u00e1 [&hellip;]","og_url":"https:\/\/soldadoadrianojose.com.br\/index.php\/2023\/11\/14\/deputado-adriano-jose-anuncia-conquista-de-colegio-civico-militar-em-mandaguacu\/","og_site_name":"Deputado Adriano Jos\u00e9","article_published_time":"2023-11-14T18:12:58+00:00","article_modified_time":"2023-11-14T18:16:03+00:00","og_image":[{"width":1024,"height":698,"url":"https:\/\/soldadoadrianojose.com.br\/wp-content\/uploads\/2023\/11\/WhatsApp-Image-2023-11-14-at-15.12.28.jpeg","type":"image\/jpeg"}],"author":"soldadoadrianojose","twitter_card":"summary_large_image","twitter_misc":{"Escrito por":"soldadoadrianojose","Est. tempo de leitura":"2 minutos"},"schema":{"@context":"https:\/\/schema.org","@graph":[{"@type":"Article","@id":"https:\/\/soldadoadrianojose.com.br\/index.php\/2023\/11\/14\/deputado-adriano-jose-anuncia-conquista-de-colegio-civico-militar-em-mandaguacu\/#article","isPartOf":{"@id":"https:\/\/soldadoadrianojose.com.br\/index.php\/2023\/11\/14\/deputado-adriano-jose-anuncia-conquista-de-colegio-civico-militar-em-mandaguacu\/"},"author":{"name":"soldadoadrianojose","@id":"https:\/\/soldadoadrianojose.com.br\/#\/schema\/person\/16f8e8defb7a4bd6c6082efcd1bdb6bb"},"headline":"Deputado Adriano Jos\u00e9 anuncia conquista de col\u00e9gio C\u00edvico-Militar em Mandagua\u00e7u","datePublished":"2023-11-14T18:12:58+00:00","dateModified":"2023-11-14T18:16:03+00:00","mainEntityOfPage":{"@id":"https:\/\/soldadoadrianojose.com.br\/index.php\/2023\/11\/14\/deputado-adriano-jose-anuncia-conquista-de-colegio-civico-militar-em-mandaguacu\/"},"wordCount":220,"commentCount":0,"publisher":{"@id":"https:\/\/soldadoadrianojose.com.br\/#\/schema\/person\/16f8e8defb7a4bd6c6082efcd1bdb6bb"},"image":{"@id":"https:\/\/soldadoadrianojose.com.br\/index.php\/2023\/11\/14\/deputado-adriano-jose-anuncia-conquista-de-colegio-civico-militar-em-mandaguacu\/#primaryimage"},"thumbnailUrl":"https:\/\/soldadoadrianojose.com.br\/wp-content\/uploads\/2023\/11\/WhatsApp-Image-2023-11-14-at-15.12.28.jpeg","articleSection":["GABINETE SD","PARAN\u00c1"],"inLanguage":"pt-BR","potentialAction":[{"@type":"CommentAction","name":"Comment","target":["https:\/\/soldadoadrianojose.com.br\/index.php\/2023\/11\/14\/deputado-adriano-jose-anuncia-conquista-de-colegio-civico-militar-em-mandaguacu\/#respond"]}]},{"@type":"WebPage","@id":"https:\/\/soldadoadrianojose.com.br\/index.php\/2023\/11\/14\/deputado-adriano-jose-anuncia-conquista-de-colegio-civico-militar-em-mandaguacu\/","url":"https:\/\/soldadoadrianojose.com.br\/index.php\/2023\/11\/14\/deputado-adriano-jose-anuncia-conquista-de-colegio-civico-militar-em-mandaguacu\/","name":"Deputado Adriano Jos\u00e9 anuncia conquista de col\u00e9gio C\u00edvico-Militar em Mandagua\u00e7u - Deputado Adriano Jos\u00e9","isPartOf":{"@id":"https:\/\/soldadoadrianojose.com.br\/#website"},"primaryImageOfPage":{"@id":"https:\/\/soldadoadrianojose.com.br\/index.php\/2023\/11\/14\/deputado-adriano-jose-anuncia-conquista-de-colegio-civico-militar-em-mandaguacu\/#primaryimage"},"image":{"@id":"https:\/\/soldadoadrianojose.com.br\/index.php\/2023\/11\/14\/deputado-adriano-jose-anuncia-conquista-de-colegio-civico-militar-em-mandaguacu\/#primaryimage"},"thumbnailUrl":"https:\/\/soldadoadrianojose.com.br\/wp-content\/uploads\/2023\/11\/WhatsApp-Image-2023-11-14-at-15.12.28.jpeg","datePublished":"2023-11-14T18:12:58+00:00","dateModified":"2023-11-14T18:16:03+00:00","breadcrumb":{"@id":"https:\/\/soldadoadrianojose.com.br\/index.php\/2023\/11\/14\/deputado-adriano-jose-anuncia-conquista-de-colegio-civico-militar-em-mandaguacu\/#breadcrumb"},"inLanguage":"pt-BR","potentialAction":[{"@type":"ReadAction","target":["https:\/\/soldadoadrianojose.com.br\/index.php\/2023\/11\/14\/deputado-adriano-jose-anuncia-conquista-de-colegio-civico-militar-em-mandaguacu\/"]}]},{"@type":"ImageObject","inLanguage":"pt-BR","@id":"https:\/\/soldadoadrianojose.com.br\/index.php\/2023\/11\/14\/deputado-adriano-jose-anuncia-conquista-de-colegio-civico-militar-em-mandaguacu\/#primaryimage","url":"https:\/\/soldadoadrianojose.com.br\/wp-content\/uploads\/2023\/11\/WhatsApp-Image-2023-11-14-at-15.12.28.jpeg","contentUrl":"https:\/\/soldadoadrianojose.com.br\/wp-content\/uploads\/2023\/11\/WhatsApp-Image-2023-11-14-at-15.12.28.jpeg","width":1024,"height":698},{"@type":"BreadcrumbList","@id":"https:\/\/soldadoadrianojose.com.br\/index.php\/2023\/11\/14\/deputado-adriano-jose-anuncia-conquista-de-colegio-civico-militar-em-mandaguacu\/#breadcrumb","itemListElement":[{"@type":"ListItem","position":1,"name":"In\u00edcio","item":"https:\/\/soldadoadrianojose.com.br\/"},{"@type":"ListItem","position":2,"name":"Deputado Adriano Jos\u00e9 anuncia conquista de col\u00e9gio C\u00edvico-Militar em Mandagua\u00e7u"}]},{"@type":"WebSite","@id":"https:\/\/soldadoadrianojose.com.br\/#website","url":"https:\/\/soldadoadrianojose.com.br\/","name":"Deputado Adriano Jos\u00e9","description":"Nosso trabalho \u00e9 pelas pessoas","publisher":{"@id":"https:\/\/soldadoadrianojose.com.br\/#\/schema\/person\/16f8e8defb7a4bd6c6082efcd1bdb6bb"},"potentialAction":[{"@type":"SearchAction","target":{"@type":"EntryPoint","urlTemplate":"https:\/\/soldadoadrianojose.com.br\/?s={search_term_string}"},"query-input":{"@type":"PropertyValueSpecification","valueRequired":true,"valueName":"search_term_string"}}],"inLanguage":"pt-BR"},{"@type":["Person","Organization"],"@id":"https:\/\/soldadoadrianojose.com.br\/#\/schema\/person\/16f8e8defb7a4bd6c6082efcd1bdb6bb","name":"soldadoadrianojose","image":{"@type":"ImageObject","inLanguage":"pt-BR","@id":"https:\/\/soldadoadrianojose.com.br\/wp-content\/uploads\/2023\/02\/LOGO_CLEAR-5.png","url":"https:\/\/soldadoadrianojose.com.br\/wp-content\/uploads\/2023\/02\/LOGO_CLEAR-5.png","contentUrl":"https:\/\/soldadoadrianojose.com.br\/wp-content\/uploads\/2023\/02\/LOGO_CLEAR-5.png","width":3508,"height":998,"caption":"soldadoadrianojose"},"logo":{"@id":"https:\/\/soldadoadrianojose.com.br\/wp-content\/uploads\/2023\/02\/LOGO_CLEAR-5.png"},"sameAs":["https:\/\/soldadoadrianojose.com.br"],"url":"https:\/\/soldadoadrianojose.com.br\/index.php\/author\/soldadoadrianojose\/"}]}},"jetpack_featured_media_url":"https:\/\/soldadoadrianojose.com.br\/wp-content\/uploads\/2023\/11\/WhatsApp-Image-2023-11-14-at-15.12.28.jpeg","_links":{"self":[{"href":"https:\/\/soldadoadrianojose.com.br\/index.php\/wp-json\/wp\/v2\/posts\/1609","targetHints":{"allow":["GET"]}}],"collection":[{"href":"https:\/\/soldadoadrianojose.com.br\/index.php\/wp-json\/wp\/v2\/posts"}],"about":[{"href":"https:\/\/soldadoadrianojose.com.br\/index.php\/wp-json\/wp\/v2\/types\/post"}],"author":[{"embeddable":true,"href":"https:\/\/soldadoadrianojose.com.br\/index.php\/wp-json\/wp\/v2\/users\/1"}],"replies":[{"embeddable":true,"href":"https:\/\/soldadoadrianojose.com.br\/index.php\/wp-json\/wp\/v2\/comments?post=1609"}],"version-history":[{"count":2,"href":"https:\/\/soldadoadrianojose.com.br\/index.php\/wp-json\/wp\/v2\/posts\/1609\/revisions"}],"predecessor-version":[{"id":1614,"href":"https:\/\/soldadoadrianojose.com.br\/index.php\/wp-json\/wp\/v2\/posts\/1609\/revisions\/1614"}],"wp:featuredmedia":[{"embeddable":true,"href":"https:\/\/soldadoadrianojose.com.br\/index.php\/wp-json\/wp\/v2\/media\/1612"}],"wp:attachment":[{"href":"https:\/\/soldadoadrianojose.com.br\/index.php\/wp-json\/wp\/v2\/media?parent=1609"}],"wp:term":[{"taxonomy":"category","embeddable":true,"href":"https:\/\/soldadoadrianojose.com.br\/index.php\/wp-json\/wp\/v2\/categories?post=1609"},{"taxonomy":"post_tag","embeddable":true,"href":"https:\/\/soldadoadrianojose.com.br\/index.php\/wp-json\/wp\/v2\/tags?post=1609"}],"curies":[{"name":"wp","href":"https:\/\/api.w.org\/{rel}","templated":true}]}}