{"id":1625,"date":"2023-11-22T11:32:07","date_gmt":"2023-11-22T14:32:07","guid":{"rendered":"https:\/\/soldadoadrianojose.com.br\/?p=1625"},"modified":"2023-11-22T11:32:11","modified_gmt":"2023-11-22T14:32:11","slug":"projeto-que-propoe-alteracao-de-escolaridade-para-ingresso-na-pmpr-e-aprovado-hoje-na-comissao-de-seguranca-publica","status":"publish","type":"post","link":"https:\/\/soldadoadrianojose.com.br\/index.php\/2023\/11\/22\/projeto-que-propoe-alteracao-de-escolaridade-para-ingresso-na-pmpr-e-aprovado-hoje-na-comissao-de-seguranca-publica\/","title":{"rendered":"Projeto que prop\u00f5e altera\u00e7\u00e3o de escolaridade para ingresso na PMPR \u00e9 aprovado hoje na comiss\u00e3o de seguran\u00e7a p\u00fablica"},"content":{"rendered":"\n<figure class=\"wp-block-image size-large\"><img fetchpriority=\"high\" decoding=\"async\" width=\"1024\" height=\"625\" src=\"https:\/\/soldadoadrianojose.com.br\/wp-content\/uploads\/2023\/11\/WhatsApp-Image-2023-11-22-at-11.23.28-1024x625.jpeg\" alt=\"\" class=\"wp-image-1626\" srcset=\"https:\/\/soldadoadrianojose.com.br\/wp-content\/uploads\/2023\/11\/WhatsApp-Image-2023-11-22-at-11.23.28-1024x625.jpeg 1024w, https:\/\/soldadoadrianojose.com.br\/wp-content\/uploads\/2023\/11\/WhatsApp-Image-2023-11-22-at-11.23.28-300x183.jpeg 300w, https:\/\/soldadoadrianojose.com.br\/wp-content\/uploads\/2023\/11\/WhatsApp-Image-2023-11-22-at-11.23.28-768x468.jpeg 768w, https:\/\/soldadoadrianojose.com.br\/wp-content\/uploads\/2023\/11\/WhatsApp-Image-2023-11-22-at-11.23.28-1536x937.jpeg 1536w, https:\/\/soldadoadrianojose.com.br\/wp-content\/uploads\/2023\/11\/WhatsApp-Image-2023-11-22-at-11.23.28.jpeg 1600w\" sizes=\"(max-width: 1024px) 100vw, 1024px\" \/><\/figure>\n\n\n\n<p>O projeto de lei que prev\u00ea a altera\u00e7\u00e3o no n\u00edvel de escolaridade exigido para o ingresso na Pol\u00edcia Militar do Paran\u00e1 (PMPR) e no Corpo de Bombeiros Militar do Paran\u00e1 (CBMPR) foi aprovado hoje na comiss\u00e3o de seguran\u00e7a p\u00fablica da Assembleia Legislativa do Paran\u00e1. O presidente da comiss\u00e3o, deputado Adriano Jos\u00e9, destacou a import\u00e2ncia dessa medida.<\/p>\n\n\n\n<p>&#8220;Essa aprova\u00e7\u00e3o \u00e9 um passo fundamental para fortalecer a qualidade e a efici\u00eancia dos servi\u00e7os de seguran\u00e7a p\u00fablica prestados \u00e0 popula\u00e7\u00e3o paranaense. A exig\u00eancia de forma\u00e7\u00e3o superior para os candidatos a soldados e a obrigatoriedade do curso de Bacharel em Direito para oficiais da Pol\u00edcia Militar v\u00e3o proporcionar um ambiente mais seguro e promover a valoriza\u00e7\u00e3o da carreira&#8221;, afirmou o presidente da comiss\u00e3o de seguran\u00e7a p\u00fablica, que relatou o projeto.<\/p>\n\n\n\n<p>O projeto de lei, encaminhado pelo governo estadual, busca a contrata\u00e7\u00e3o de profissionais mais capacitados, adequando a sele\u00e7\u00e3o aos padr\u00f5es de qualidade exigidos pela sociedade atualmente. O Paran\u00e1 est\u00e1 acompanhando uma tend\u00eancia nacional, j\u00e1 seguida por dez estados brasileiros, que adotaram a exig\u00eancia de n\u00edvel superior para o ingresso de soldados, e 15 estados, que optaram pelo curso superior em Direito para oficiais.<\/p>\n\n\n\n<p>\u201c\u00c9 um bom projeto, que j\u00e1 era esperado h\u00e1 algum tempo pelos policiais. Eu vejo pontos positivos, mas tenho algumas preocupa\u00e7\u00f5es e acredito que n\u00f3s podemos avan\u00e7ar na discuss\u00e3o. Precisamos tratar, por exemplo, sobre a vig\u00eancia. A gente sabe que hoje h\u00e1 pessoas se preparando para os concursos, j\u00e1 pagaram cursinhos e est\u00e3o bem avan\u00e7adas e, eventualmente, ficariam impossibilitadas de participar de uma pr\u00f3xima prova. Ent\u00e3o, \u00e9 importante que a gente fa\u00e7a um debate em rela\u00e7\u00e3o a isso\u201d, explica deputado Tiago Amaral.<\/p>\n\n\n\n<p>Recentemente, o estado formou 2.400 policiais militares e 419 bombeiros militares. Com a aprova\u00e7\u00e3o do projeto, o governador Ratinho Junior j\u00e1 autorizou a realiza\u00e7\u00e3o de um novo concurso p\u00fablico para preenchimento de 360 vagas nos quadros da Pol\u00edcia Militar e do Corpo de Bombeiros.<\/p>\n\n\n\n<p>O projeto de lei aprovado altera dispositivos da Lei n\u00b0 1.943\/1954, que instituiu o C\u00f3digo da Pol\u00edcia Militar do Estado, estabelecendo, entre outros pontos, a necessidade de forma\u00e7\u00e3o superior para o ingresso nas corpora\u00e7\u00f5es. Vale ressaltar que essa lei n\u00e3o se aplica aos militares estaduais que j\u00e1 possuem v\u00ednculo funcional, bem como aos cursos de forma\u00e7\u00e3o e concursos p\u00fablicos de ingresso j\u00e1 iniciados.<\/p>\n\n\n\n<p>Com a aprova\u00e7\u00e3o do projeto na comiss\u00e3o de seguran\u00e7a p\u00fablica, aguarda-se agora a vota\u00e7\u00e3o em plen\u00e1rio, onde ser\u00e1 discutido e votado pelos demais deputados. A expectativa \u00e9 de que a medida seja aprovada e implementada em breve, fortalecendo a seguran\u00e7a p\u00fablica do Paran\u00e1.<\/p>\n","protected":false},"excerpt":{"rendered":"<p>O projeto de lei que prev\u00ea a altera\u00e7\u00e3o no n\u00edvel de escolaridade exigido para o ingresso na Pol\u00edcia Militar do Paran\u00e1 (PMPR) e no Corpo de Bombeiros Militar do Paran\u00e1 (CBMPR) foi aprovado hoje na comiss\u00e3o de seguran\u00e7a p\u00fablica da Assembleia Legislativa do Paran\u00e1. O presidente da comiss\u00e3o, deputado Adriano Jos\u00e9, destacou a import\u00e2ncia dessa [&hellip;]<\/p>\n","protected":false},"author":1,"featured_media":1627,"comment_status":"open","ping_status":"open","sticky":false,"template":"","format":"standard","meta":{"footnotes":""},"categories":[1],"tags":[44,45],"class_list":["post-1625","post","type-post","status-publish","format-standard","has-post-thumbnail","hentry","category-gabinete-sd","tag-comissao-de-seguranca","tag-ingresso-nivel-superior-pmpr"],"yoast_head":"<!-- This site is optimized with the Yoast SEO plugin v27.4 - https:\/\/yoast.com\/product\/yoast-seo-wordpress\/ -->\n<title>Projeto que prop\u00f5e altera\u00e7\u00e3o de escolaridade para ingresso na PMPR \u00e9 aprovado hoje na comiss\u00e3o de seguran\u00e7a p\u00fablica - Deputado Adriano Jos\u00e9<\/title>\n<meta name=\"robots\" content=\"index, follow, max-snippet:-1, max-image-preview:large, max-video-preview:-1\" \/>\n<link rel=\"canonical\" href=\"https:\/\/soldadoadrianojose.com.br\/index.php\/2023\/11\/22\/projeto-que-propoe-alteracao-de-escolaridade-para-ingresso-na-pmpr-e-aprovado-hoje-na-comissao-de-seguranca-publica\/\" \/>\n<meta property=\"og:locale\" content=\"pt_BR\" \/>\n<meta property=\"og:type\" content=\"article\" \/>\n<meta property=\"og:title\" content=\"Projeto que prop\u00f5e altera\u00e7\u00e3o de escolaridade para ingresso na PMPR \u00e9 aprovado hoje na comiss\u00e3o de seguran\u00e7a p\u00fablica - Deputado Adriano Jos\u00e9\" \/>\n<meta property=\"og:description\" content=\"O projeto de lei que prev\u00ea a altera\u00e7\u00e3o no n\u00edvel de escolaridade exigido para o ingresso na Pol\u00edcia Militar do Paran\u00e1 (PMPR) e no Corpo de Bombeiros Militar do Paran\u00e1 (CBMPR) foi aprovado hoje na comiss\u00e3o de seguran\u00e7a p\u00fablica da Assembleia Legislativa do Paran\u00e1. O presidente da comiss\u00e3o, deputado Adriano Jos\u00e9, destacou a import\u00e2ncia dessa [&hellip;]\" \/>\n<meta property=\"og:url\" content=\"https:\/\/soldadoadrianojose.com.br\/index.php\/2023\/11\/22\/projeto-que-propoe-alteracao-de-escolaridade-para-ingresso-na-pmpr-e-aprovado-hoje-na-comissao-de-seguranca-publica\/\" \/>\n<meta property=\"og:site_name\" content=\"Deputado Adriano Jos\u00e9\" \/>\n<meta property=\"article:published_time\" content=\"2023-11-22T14:32:07+00:00\" \/>\n<meta property=\"article:modified_time\" content=\"2023-11-22T14:32:11+00:00\" \/>\n<meta property=\"og:image\" content=\"https:\/\/soldadoadrianojose.com.br\/wp-content\/uploads\/2023\/11\/WhatsApp-Image-2023-11-22-at-11.23.28-1.jpeg\" \/>\n\t<meta property=\"og:image:width\" content=\"1600\" \/>\n\t<meta property=\"og:image:height\" content=\"976\" \/>\n\t<meta property=\"og:image:type\" content=\"image\/jpeg\" \/>\n<meta name=\"author\" content=\"soldadoadrianojose\" \/>\n<meta name=\"twitter:card\" content=\"summary_large_image\" \/>\n<meta name=\"twitter:label1\" content=\"Escrito por\" \/>\n\t<meta name=\"twitter:data1\" content=\"soldadoadrianojose\" \/>\n\t<meta name=\"twitter:label2\" content=\"Est. tempo de leitura\" \/>\n\t<meta name=\"twitter:data2\" content=\"3 minutos\" \/>\n<script type=\"application\/ld+json\" class=\"yoast-schema-graph\">{\"@context\":\"https:\\\/\\\/schema.org\",\"@graph\":[{\"@type\":\"Article\",\"@id\":\"https:\\\/\\\/soldadoadrianojose.com.br\\\/index.php\\\/2023\\\/11\\\/22\\\/projeto-que-propoe-alteracao-de-escolaridade-para-ingresso-na-pmpr-e-aprovado-hoje-na-comissao-de-seguranca-publica\\\/#article\",\"isPartOf\":{\"@id\":\"https:\\\/\\\/soldadoadrianojose.com.br\\\/index.php\\\/2023\\\/11\\\/22\\\/projeto-que-propoe-alteracao-de-escolaridade-para-ingresso-na-pmpr-e-aprovado-hoje-na-comissao-de-seguranca-publica\\\/\"},\"author\":{\"name\":\"soldadoadrianojose\",\"@id\":\"https:\\\/\\\/soldadoadrianojose.com.br\\\/#\\\/schema\\\/person\\\/16f8e8defb7a4bd6c6082efcd1bdb6bb\"},\"headline\":\"Projeto que prop\u00f5e altera\u00e7\u00e3o de escolaridade para ingresso na PMPR \u00e9 aprovado hoje na comiss\u00e3o de seguran\u00e7a p\u00fablica\",\"datePublished\":\"2023-11-22T14:32:07+00:00\",\"dateModified\":\"2023-11-22T14:32:11+00:00\",\"mainEntityOfPage\":{\"@id\":\"https:\\\/\\\/soldadoadrianojose.com.br\\\/index.php\\\/2023\\\/11\\\/22\\\/projeto-que-propoe-alteracao-de-escolaridade-para-ingresso-na-pmpr-e-aprovado-hoje-na-comissao-de-seguranca-publica\\\/\"},\"wordCount\":492,\"commentCount\":0,\"publisher\":{\"@id\":\"https:\\\/\\\/soldadoadrianojose.com.br\\\/#\\\/schema\\\/person\\\/16f8e8defb7a4bd6c6082efcd1bdb6bb\"},\"image\":{\"@id\":\"https:\\\/\\\/soldadoadrianojose.com.br\\\/index.php\\\/2023\\\/11\\\/22\\\/projeto-que-propoe-alteracao-de-escolaridade-para-ingresso-na-pmpr-e-aprovado-hoje-na-comissao-de-seguranca-publica\\\/#primaryimage\"},\"thumbnailUrl\":\"https:\\\/\\\/soldadoadrianojose.com.br\\\/wp-content\\\/uploads\\\/2023\\\/11\\\/WhatsApp-Image-2023-11-22-at-11.23.28-1.jpeg\",\"keywords\":[\"comissao de seguranca\",\"ingresso nivel superior pmpr\"],\"articleSection\":[\"GABINETE SD\"],\"inLanguage\":\"pt-BR\",\"potentialAction\":[{\"@type\":\"CommentAction\",\"name\":\"Comment\",\"target\":[\"https:\\\/\\\/soldadoadrianojose.com.br\\\/index.php\\\/2023\\\/11\\\/22\\\/projeto-que-propoe-alteracao-de-escolaridade-para-ingresso-na-pmpr-e-aprovado-hoje-na-comissao-de-seguranca-publica\\\/#respond\"]}]},{\"@type\":\"WebPage\",\"@id\":\"https:\\\/\\\/soldadoadrianojose.com.br\\\/index.php\\\/2023\\\/11\\\/22\\\/projeto-que-propoe-alteracao-de-escolaridade-para-ingresso-na-pmpr-e-aprovado-hoje-na-comissao-de-seguranca-publica\\\/\",\"url\":\"https:\\\/\\\/soldadoadrianojose.com.br\\\/index.php\\\/2023\\\/11\\\/22\\\/projeto-que-propoe-alteracao-de-escolaridade-para-ingresso-na-pmpr-e-aprovado-hoje-na-comissao-de-seguranca-publica\\\/\",\"name\":\"Projeto que prop\u00f5e altera\u00e7\u00e3o de escolaridade para ingresso na PMPR \u00e9 aprovado hoje na comiss\u00e3o de seguran\u00e7a p\u00fablica - Deputado Adriano Jos\u00e9\",\"isPartOf\":{\"@id\":\"https:\\\/\\\/soldadoadrianojose.com.br\\\/#website\"},\"primaryImageOfPage\":{\"@id\":\"https:\\\/\\\/soldadoadrianojose.com.br\\\/index.php\\\/2023\\\/11\\\/22\\\/projeto-que-propoe-alteracao-de-escolaridade-para-ingresso-na-pmpr-e-aprovado-hoje-na-comissao-de-seguranca-publica\\\/#primaryimage\"},\"image\":{\"@id\":\"https:\\\/\\\/soldadoadrianojose.com.br\\\/index.php\\\/2023\\\/11\\\/22\\\/projeto-que-propoe-alteracao-de-escolaridade-para-ingresso-na-pmpr-e-aprovado-hoje-na-comissao-de-seguranca-publica\\\/#primaryimage\"},\"thumbnailUrl\":\"https:\\\/\\\/soldadoadrianojose.com.br\\\/wp-content\\\/uploads\\\/2023\\\/11\\\/WhatsApp-Image-2023-11-22-at-11.23.28-1.jpeg\",\"datePublished\":\"2023-11-22T14:32:07+00:00\",\"dateModified\":\"2023-11-22T14:32:11+00:00\",\"breadcrumb\":{\"@id\":\"https:\\\/\\\/soldadoadrianojose.com.br\\\/index.php\\\/2023\\\/11\\\/22\\\/projeto-que-propoe-alteracao-de-escolaridade-para-ingresso-na-pmpr-e-aprovado-hoje-na-comissao-de-seguranca-publica\\\/#breadcrumb\"},\"inLanguage\":\"pt-BR\",\"potentialAction\":[{\"@type\":\"ReadAction\",\"target\":[\"https:\\\/\\\/soldadoadrianojose.com.br\\\/index.php\\\/2023\\\/11\\\/22\\\/projeto-que-propoe-alteracao-de-escolaridade-para-ingresso-na-pmpr-e-aprovado-hoje-na-comissao-de-seguranca-publica\\\/\"]}]},{\"@type\":\"ImageObject\",\"inLanguage\":\"pt-BR\",\"@id\":\"https:\\\/\\\/soldadoadrianojose.com.br\\\/index.php\\\/2023\\\/11\\\/22\\\/projeto-que-propoe-alteracao-de-escolaridade-para-ingresso-na-pmpr-e-aprovado-hoje-na-comissao-de-seguranca-publica\\\/#primaryimage\",\"url\":\"https:\\\/\\\/soldadoadrianojose.com.br\\\/wp-content\\\/uploads\\\/2023\\\/11\\\/WhatsApp-Image-2023-11-22-at-11.23.28-1.jpeg\",\"contentUrl\":\"https:\\\/\\\/soldadoadrianojose.com.br\\\/wp-content\\\/uploads\\\/2023\\\/11\\\/WhatsApp-Image-2023-11-22-at-11.23.28-1.jpeg\",\"width\":1600,\"height\":976},{\"@type\":\"BreadcrumbList\",\"@id\":\"https:\\\/\\\/soldadoadrianojose.com.br\\\/index.php\\\/2023\\\/11\\\/22\\\/projeto-que-propoe-alteracao-de-escolaridade-para-ingresso-na-pmpr-e-aprovado-hoje-na-comissao-de-seguranca-publica\\\/#breadcrumb\",\"itemListElement\":[{\"@type\":\"ListItem\",\"position\":1,\"name\":\"In\u00edcio\",\"item\":\"https:\\\/\\\/soldadoadrianojose.com.br\\\/\"},{\"@type\":\"ListItem\",\"position\":2,\"name\":\"Projeto que prop\u00f5e altera\u00e7\u00e3o de escolaridade para ingresso na PMPR \u00e9 aprovado hoje na comiss\u00e3o de seguran\u00e7a p\u00fablica\"}]},{\"@type\":\"WebSite\",\"@id\":\"https:\\\/\\\/soldadoadrianojose.com.br\\\/#website\",\"url\":\"https:\\\/\\\/soldadoadrianojose.com.br\\\/\",\"name\":\"Deputado Adriano Jos\u00e9\",\"description\":\"Nosso trabalho \u00e9 pelas pessoas\",\"publisher\":{\"@id\":\"https:\\\/\\\/soldadoadrianojose.com.br\\\/#\\\/schema\\\/person\\\/16f8e8defb7a4bd6c6082efcd1bdb6bb\"},\"potentialAction\":[{\"@type\":\"SearchAction\",\"target\":{\"@type\":\"EntryPoint\",\"urlTemplate\":\"https:\\\/\\\/soldadoadrianojose.com.br\\\/?s={search_term_string}\"},\"query-input\":{\"@type\":\"PropertyValueSpecification\",\"valueRequired\":true,\"valueName\":\"search_term_string\"}}],\"inLanguage\":\"pt-BR\"},{\"@type\":[\"Person\",\"Organization\"],\"@id\":\"https:\\\/\\\/soldadoadrianojose.com.br\\\/#\\\/schema\\\/person\\\/16f8e8defb7a4bd6c6082efcd1bdb6bb\",\"name\":\"soldadoadrianojose\",\"image\":{\"@type\":\"ImageObject\",\"inLanguage\":\"pt-BR\",\"@id\":\"https:\\\/\\\/soldadoadrianojose.com.br\\\/wp-content\\\/uploads\\\/2023\\\/02\\\/LOGO_CLEAR-5.png\",\"url\":\"https:\\\/\\\/soldadoadrianojose.com.br\\\/wp-content\\\/uploads\\\/2023\\\/02\\\/LOGO_CLEAR-5.png\",\"contentUrl\":\"https:\\\/\\\/soldadoadrianojose.com.br\\\/wp-content\\\/uploads\\\/2023\\\/02\\\/LOGO_CLEAR-5.png\",\"width\":3508,\"height\":998,\"caption\":\"soldadoadrianojose\"},\"logo\":{\"@id\":\"https:\\\/\\\/soldadoadrianojose.com.br\\\/wp-content\\\/uploads\\\/2023\\\/02\\\/LOGO_CLEAR-5.png\"},\"sameAs\":[\"https:\\\/\\\/soldadoadrianojose.com.br\"],\"url\":\"https:\\\/\\\/soldadoadrianojose.com.br\\\/index.php\\\/author\\\/soldadoadrianojose\\\/\"}]}<\/script>\n<!-- \/ Yoast SEO plugin. -->","yoast_head_json":{"title":"Projeto que prop\u00f5e altera\u00e7\u00e3o de escolaridade para ingresso na PMPR \u00e9 aprovado hoje na comiss\u00e3o de seguran\u00e7a p\u00fablica - Deputado Adriano Jos\u00e9","robots":{"index":"index","follow":"follow","max-snippet":"max-snippet:-1","max-image-preview":"max-image-preview:large","max-video-preview":"max-video-preview:-1"},"canonical":"https:\/\/soldadoadrianojose.com.br\/index.php\/2023\/11\/22\/projeto-que-propoe-alteracao-de-escolaridade-para-ingresso-na-pmpr-e-aprovado-hoje-na-comissao-de-seguranca-publica\/","og_locale":"pt_BR","og_type":"article","og_title":"Projeto que prop\u00f5e altera\u00e7\u00e3o de escolaridade para ingresso na PMPR \u00e9 aprovado hoje na comiss\u00e3o de seguran\u00e7a p\u00fablica - Deputado Adriano Jos\u00e9","og_description":"O projeto de lei que prev\u00ea a altera\u00e7\u00e3o no n\u00edvel de escolaridade exigido para o ingresso na Pol\u00edcia Militar do Paran\u00e1 (PMPR) e no Corpo de Bombeiros Militar do Paran\u00e1 (CBMPR) foi aprovado hoje na comiss\u00e3o de seguran\u00e7a p\u00fablica da Assembleia Legislativa do Paran\u00e1. O presidente da comiss\u00e3o, deputado Adriano Jos\u00e9, destacou a import\u00e2ncia dessa [&hellip;]","og_url":"https:\/\/soldadoadrianojose.com.br\/index.php\/2023\/11\/22\/projeto-que-propoe-alteracao-de-escolaridade-para-ingresso-na-pmpr-e-aprovado-hoje-na-comissao-de-seguranca-publica\/","og_site_name":"Deputado Adriano Jos\u00e9","article_published_time":"2023-11-22T14:32:07+00:00","article_modified_time":"2023-11-22T14:32:11+00:00","og_image":[{"width":1600,"height":976,"url":"https:\/\/soldadoadrianojose.com.br\/wp-content\/uploads\/2023\/11\/WhatsApp-Image-2023-11-22-at-11.23.28-1.jpeg","type":"image\/jpeg"}],"author":"soldadoadrianojose","twitter_card":"summary_large_image","twitter_misc":{"Escrito por":"soldadoadrianojose","Est. tempo de leitura":"3 minutos"},"schema":{"@context":"https:\/\/schema.org","@graph":[{"@type":"Article","@id":"https:\/\/soldadoadrianojose.com.br\/index.php\/2023\/11\/22\/projeto-que-propoe-alteracao-de-escolaridade-para-ingresso-na-pmpr-e-aprovado-hoje-na-comissao-de-seguranca-publica\/#article","isPartOf":{"@id":"https:\/\/soldadoadrianojose.com.br\/index.php\/2023\/11\/22\/projeto-que-propoe-alteracao-de-escolaridade-para-ingresso-na-pmpr-e-aprovado-hoje-na-comissao-de-seguranca-publica\/"},"author":{"name":"soldadoadrianojose","@id":"https:\/\/soldadoadrianojose.com.br\/#\/schema\/person\/16f8e8defb7a4bd6c6082efcd1bdb6bb"},"headline":"Projeto que prop\u00f5e altera\u00e7\u00e3o de escolaridade para ingresso na PMPR \u00e9 aprovado hoje na comiss\u00e3o de seguran\u00e7a p\u00fablica","datePublished":"2023-11-22T14:32:07+00:00","dateModified":"2023-11-22T14:32:11+00:00","mainEntityOfPage":{"@id":"https:\/\/soldadoadrianojose.com.br\/index.php\/2023\/11\/22\/projeto-que-propoe-alteracao-de-escolaridade-para-ingresso-na-pmpr-e-aprovado-hoje-na-comissao-de-seguranca-publica\/"},"wordCount":492,"commentCount":0,"publisher":{"@id":"https:\/\/soldadoadrianojose.com.br\/#\/schema\/person\/16f8e8defb7a4bd6c6082efcd1bdb6bb"},"image":{"@id":"https:\/\/soldadoadrianojose.com.br\/index.php\/2023\/11\/22\/projeto-que-propoe-alteracao-de-escolaridade-para-ingresso-na-pmpr-e-aprovado-hoje-na-comissao-de-seguranca-publica\/#primaryimage"},"thumbnailUrl":"https:\/\/soldadoadrianojose.com.br\/wp-content\/uploads\/2023\/11\/WhatsApp-Image-2023-11-22-at-11.23.28-1.jpeg","keywords":["comissao de seguranca","ingresso nivel superior pmpr"],"articleSection":["GABINETE SD"],"inLanguage":"pt-BR","potentialAction":[{"@type":"CommentAction","name":"Comment","target":["https:\/\/soldadoadrianojose.com.br\/index.php\/2023\/11\/22\/projeto-que-propoe-alteracao-de-escolaridade-para-ingresso-na-pmpr-e-aprovado-hoje-na-comissao-de-seguranca-publica\/#respond"]}]},{"@type":"WebPage","@id":"https:\/\/soldadoadrianojose.com.br\/index.php\/2023\/11\/22\/projeto-que-propoe-alteracao-de-escolaridade-para-ingresso-na-pmpr-e-aprovado-hoje-na-comissao-de-seguranca-publica\/","url":"https:\/\/soldadoadrianojose.com.br\/index.php\/2023\/11\/22\/projeto-que-propoe-alteracao-de-escolaridade-para-ingresso-na-pmpr-e-aprovado-hoje-na-comissao-de-seguranca-publica\/","name":"Projeto que prop\u00f5e altera\u00e7\u00e3o de escolaridade para ingresso na PMPR \u00e9 aprovado hoje na comiss\u00e3o de seguran\u00e7a p\u00fablica - Deputado Adriano Jos\u00e9","isPartOf":{"@id":"https:\/\/soldadoadrianojose.com.br\/#website"},"primaryImageOfPage":{"@id":"https:\/\/soldadoadrianojose.com.br\/index.php\/2023\/11\/22\/projeto-que-propoe-alteracao-de-escolaridade-para-ingresso-na-pmpr-e-aprovado-hoje-na-comissao-de-seguranca-publica\/#primaryimage"},"image":{"@id":"https:\/\/soldadoadrianojose.com.br\/index.php\/2023\/11\/22\/projeto-que-propoe-alteracao-de-escolaridade-para-ingresso-na-pmpr-e-aprovado-hoje-na-comissao-de-seguranca-publica\/#primaryimage"},"thumbnailUrl":"https:\/\/soldadoadrianojose.com.br\/wp-content\/uploads\/2023\/11\/WhatsApp-Image-2023-11-22-at-11.23.28-1.jpeg","datePublished":"2023-11-22T14:32:07+00:00","dateModified":"2023-11-22T14:32:11+00:00","breadcrumb":{"@id":"https:\/\/soldadoadrianojose.com.br\/index.php\/2023\/11\/22\/projeto-que-propoe-alteracao-de-escolaridade-para-ingresso-na-pmpr-e-aprovado-hoje-na-comissao-de-seguranca-publica\/#breadcrumb"},"inLanguage":"pt-BR","potentialAction":[{"@type":"ReadAction","target":["https:\/\/soldadoadrianojose.com.br\/index.php\/2023\/11\/22\/projeto-que-propoe-alteracao-de-escolaridade-para-ingresso-na-pmpr-e-aprovado-hoje-na-comissao-de-seguranca-publica\/"]}]},{"@type":"ImageObject","inLanguage":"pt-BR","@id":"https:\/\/soldadoadrianojose.com.br\/index.php\/2023\/11\/22\/projeto-que-propoe-alteracao-de-escolaridade-para-ingresso-na-pmpr-e-aprovado-hoje-na-comissao-de-seguranca-publica\/#primaryimage","url":"https:\/\/soldadoadrianojose.com.br\/wp-content\/uploads\/2023\/11\/WhatsApp-Image-2023-11-22-at-11.23.28-1.jpeg","contentUrl":"https:\/\/soldadoadrianojose.com.br\/wp-content\/uploads\/2023\/11\/WhatsApp-Image-2023-11-22-at-11.23.28-1.jpeg","width":1600,"height":976},{"@type":"BreadcrumbList","@id":"https:\/\/soldadoadrianojose.com.br\/index.php\/2023\/11\/22\/projeto-que-propoe-alteracao-de-escolaridade-para-ingresso-na-pmpr-e-aprovado-hoje-na-comissao-de-seguranca-publica\/#breadcrumb","itemListElement":[{"@type":"ListItem","position":1,"name":"In\u00edcio","item":"https:\/\/soldadoadrianojose.com.br\/"},{"@type":"ListItem","position":2,"name":"Projeto que prop\u00f5e altera\u00e7\u00e3o de escolaridade para ingresso na PMPR \u00e9 aprovado hoje na comiss\u00e3o de seguran\u00e7a p\u00fablica"}]},{"@type":"WebSite","@id":"https:\/\/soldadoadrianojose.com.br\/#website","url":"https:\/\/soldadoadrianojose.com.br\/","name":"Deputado Adriano Jos\u00e9","description":"Nosso trabalho \u00e9 pelas pessoas","publisher":{"@id":"https:\/\/soldadoadrianojose.com.br\/#\/schema\/person\/16f8e8defb7a4bd6c6082efcd1bdb6bb"},"potentialAction":[{"@type":"SearchAction","target":{"@type":"EntryPoint","urlTemplate":"https:\/\/soldadoadrianojose.com.br\/?s={search_term_string}"},"query-input":{"@type":"PropertyValueSpecification","valueRequired":true,"valueName":"search_term_string"}}],"inLanguage":"pt-BR"},{"@type":["Person","Organization"],"@id":"https:\/\/soldadoadrianojose.com.br\/#\/schema\/person\/16f8e8defb7a4bd6c6082efcd1bdb6bb","name":"soldadoadrianojose","image":{"@type":"ImageObject","inLanguage":"pt-BR","@id":"https:\/\/soldadoadrianojose.com.br\/wp-content\/uploads\/2023\/02\/LOGO_CLEAR-5.png","url":"https:\/\/soldadoadrianojose.com.br\/wp-content\/uploads\/2023\/02\/LOGO_CLEAR-5.png","contentUrl":"https:\/\/soldadoadrianojose.com.br\/wp-content\/uploads\/2023\/02\/LOGO_CLEAR-5.png","width":3508,"height":998,"caption":"soldadoadrianojose"},"logo":{"@id":"https:\/\/soldadoadrianojose.com.br\/wp-content\/uploads\/2023\/02\/LOGO_CLEAR-5.png"},"sameAs":["https:\/\/soldadoadrianojose.com.br"],"url":"https:\/\/soldadoadrianojose.com.br\/index.php\/author\/soldadoadrianojose\/"}]}},"jetpack_featured_media_url":"https:\/\/soldadoadrianojose.com.br\/wp-content\/uploads\/2023\/11\/WhatsApp-Image-2023-11-22-at-11.23.28-1.jpeg","_links":{"self":[{"href":"https:\/\/soldadoadrianojose.com.br\/index.php\/wp-json\/wp\/v2\/posts\/1625","targetHints":{"allow":["GET"]}}],"collection":[{"href":"https:\/\/soldadoadrianojose.com.br\/index.php\/wp-json\/wp\/v2\/posts"}],"about":[{"href":"https:\/\/soldadoadrianojose.com.br\/index.php\/wp-json\/wp\/v2\/types\/post"}],"author":[{"embeddable":true,"href":"https:\/\/soldadoadrianojose.com.br\/index.php\/wp-json\/wp\/v2\/users\/1"}],"replies":[{"embeddable":true,"href":"https:\/\/soldadoadrianojose.com.br\/index.php\/wp-json\/wp\/v2\/comments?post=1625"}],"version-history":[{"count":1,"href":"https:\/\/soldadoadrianojose.com.br\/index.php\/wp-json\/wp\/v2\/posts\/1625\/revisions"}],"predecessor-version":[{"id":1628,"href":"https:\/\/soldadoadrianojose.com.br\/index.php\/wp-json\/wp\/v2\/posts\/1625\/revisions\/1628"}],"wp:featuredmedia":[{"embeddable":true,"href":"https:\/\/soldadoadrianojose.com.br\/index.php\/wp-json\/wp\/v2\/media\/1627"}],"wp:attachment":[{"href":"https:\/\/soldadoadrianojose.com.br\/index.php\/wp-json\/wp\/v2\/media?parent=1625"}],"wp:term":[{"taxonomy":"category","embeddable":true,"href":"https:\/\/soldadoadrianojose.com.br\/index.php\/wp-json\/wp\/v2\/categories?post=1625"},{"taxonomy":"post_tag","embeddable":true,"href":"https:\/\/soldadoadrianojose.com.br\/index.php\/wp-json\/wp\/v2\/tags?post=1625"}],"curies":[{"name":"wp","href":"https:\/\/api.w.org\/{rel}","templated":true}]}}