{"id":1632,"date":"2023-11-28T20:36:54","date_gmt":"2023-11-28T23:36:54","guid":{"rendered":"https:\/\/soldadoadrianojose.com.br\/?p=1632"},"modified":"2023-11-28T20:36:58","modified_gmt":"2023-11-28T23:36:58","slug":"aprovado-projeto-que-aumenta-nivel-de-escolaridade-em-concursos-para-a-pm-e-bombeiros","status":"publish","type":"post","link":"https:\/\/soldadoadrianojose.com.br\/index.php\/2023\/11\/28\/aprovado-projeto-que-aumenta-nivel-de-escolaridade-em-concursos-para-a-pm-e-bombeiros\/","title":{"rendered":"Aprovado projeto que aumenta n\u00edvel de escolaridade em concursos para a PM e Bombeiros"},"content":{"rendered":"\n<figure class=\"wp-block-image size-full\"><img fetchpriority=\"high\" decoding=\"async\" width=\"863\" height=\"575\" src=\"https:\/\/soldadoadrianojose.com.br\/wp-content\/uploads\/2023\/11\/adj_2811.jpg\" alt=\"\" class=\"wp-image-1633\" srcset=\"https:\/\/soldadoadrianojose.com.br\/wp-content\/uploads\/2023\/11\/adj_2811.jpg 863w, https:\/\/soldadoadrianojose.com.br\/wp-content\/uploads\/2023\/11\/adj_2811-300x200.jpg 300w, https:\/\/soldadoadrianojose.com.br\/wp-content\/uploads\/2023\/11\/adj_2811-768x512.jpg 768w\" sizes=\"(max-width: 863px) 100vw, 863px\" \/><\/figure>\n\n\n\n<p>Segundo o Governo, a iniciativa \u00e9 necess\u00e1ria devido a crescente complexidade nas fun\u00e7\u00f5es exercidas pelas Corpora\u00e7\u00f5es.<\/p>\n\n\n\n<p>Os deputados aprovaram uma iniciativa que altera o n\u00edvel de escolaridade exigido para o ingresso nos quadros da Pol\u00edcia Militar e do Corpo de Bombeiros do Paran\u00e1. A proposta do governo passou em primeiro e segundo turno nas duas sess\u00f5es plen\u00e1rias realizadas nesta ter\u00e7a-feira (28).<\/p>\n\n\n\n<p>De acordo com o Executivo, para o ingresso de soldados, a exig\u00eancia da forma\u00e7\u00e3o passar\u00e1 de n\u00edvel m\u00e9dio para superior. Para oficiais da Pol\u00edcia Militar ser\u00e1 exigida a forma\u00e7\u00e3o de Bacharel em Direito. J\u00e1 no Corpo de Bombeiros Militar, a medida exige qualquer curso superior.<\/p>\n\n\n\n<p>Segundo o governo, o projeto de lei 850\/2023 \u00e9 necess\u00e1rio devido a crescente complexidade nas fun\u00e7\u00f5es exercidas pelas Corpora\u00e7\u00f5es. \u201cRelevante mencionar que tal medida objetiva impactar positivamente a presta\u00e7\u00e3o dos servi\u00e7os de seguran\u00e7a p\u00fablica \u00e0 popula\u00e7\u00e3o paranaense\u201d, diz a justificativa da mat\u00e9ria.<\/p>\n\n\n\n<p>Atualmente, dez estados brasileiros j\u00e1 adotaram a exig\u00eancia de n\u00edvel superior para o ingresso de soldados. No caso da solicita\u00e7\u00e3o do curso superior em Direito para oficiais, 15 estados implementaram a medida.<\/p>\n\n\n\n<p>A mudan\u00e7a vale para os editais dos novos concursos. O texto altera dispositivos da Lei n\u00b0 1.943\/1954, que instituiu o C\u00f3digo da Pol\u00edcia Militar do Estado.<\/p>\n\n\n\n<p><strong>Cidad\u00e3o honor\u00e1rio<\/strong><\/p>\n\n\n\n<p>Um pacote de projetos de lei de concess\u00e3o de t\u00edtulo de cidadania honor\u00e1ria, incluindo o ex-presidente Jair Bolsonaro e os ministros do Supremo Tribunal Federal (STF) Dias Toffoli e Andr\u00e9 Mendon\u00e7a, passou em dois turnos e, com dispensa de reda\u00e7\u00e3o final, segue para a san\u00e7\u00e3o ou veto governamental.<\/p>\n\n\n\n<p>O reconhecimento ao ex-presidente previsto no projeto 221\/2023 promoveu debates em Plen\u00e1rio e recebeu 29 votos favor\u00e1veis e 8 contr\u00e1rios em primeira discuss\u00e3o \u2013 e 27 x 9 em segundo turno.<\/p>\n\n\n\n<p>De acordo com a justificativa, \u201cBolsonaro foi o presidente da Rep\u00fablica que mais visitou e fez pelo Estado do Paran\u00e1\u201d. O texto cita obras como o novo Terminal do Aeroporto de Cascavel; a Ponte da Integra\u00e7\u00e3o Brasil-Paraguai; a nova pista do aeroporto de Foz do Igua\u00e7u, para receber voos internacionais; e a duplica\u00e7\u00e3o da BR-277 na regi\u00e3o de Cascavel.<\/p>\n\n\n\n<p>\u201cS\u00f3 em 2020, o governo federal destinou mais de R$ 38,6 bilh\u00f5es ao estado. E nas elei\u00e7\u00f5es de 2022, ele recebeu quase 65% dos votos dos paranaenses. O Paran\u00e1 adora o Bolsonaro\u201d, discursou o deputado Ricardo Arruda (PL), que assina a proposta com os deputados&nbsp;Gilberto Ribeiro (PL), Delegado Jacov\u00f3s (PL), Gilson de Souza (PL) e Marcel Micheletto (PL). A expectativa, segundo os proponentes, \u00e9 de entregar a homenagem no dia 15 de dezembro.<\/p>\n\n\n\n<p>\u201cO Bolsonaro negou a ci\u00eancia, criminalizou os educadores, disse que professor era vagabundo. Um cara que zombou das pessoas que morreram na Covid. Espalhou fake news, exaltou a ditadura, desrespeitou as mulheres. Que vergonha para a Assembleia Legislativa do Paran\u00e1. Isso tira o brilho dos t\u00edtulos dados a pessoas dignas, que agora ser\u00e3o equiparadas ao Bolsonaro. Uma afronta ao povo paranaense\u201d, rebateu o deputado Arilson Chiorato (PT).<\/p>\n\n\n\n<p>O projeto de lei 948\/2023, dos deputados Alexandre Curi (PSD) e Alexandre Amaro (Republicanos) concede o t\u00edtulo ao ministro do STF Andr\u00e9 Mendon\u00e7a. No primeiro turno foram 37 votos a favor, seis contr\u00e1rios e uma absten\u00e7\u00e3o \u2013 29 x 3 em segunda discuss\u00e3o.<\/p>\n\n\n\n<p>Nascido em Santos (SP), Andr\u00e9 Mendon\u00e7a iniciou a carreira como advogado da Petrobras, em 1997. \u00c9 advogado da Uni\u00e3o desde 2000, onde atuou em diversos setores, entre eles como Procurador Seccional da Uni\u00e3o em Londrina. Ocupa uma cadeira no Supremo Tribunal Federal desde 2021.<\/p>\n\n\n\n<p>J\u00e1 a&nbsp;proposta 157\/2018, que concede o t\u00edtulo de cidad\u00e3o honor\u00e1rio ao ministro Dias Toffoli, \u00e9 assinada pelos deputados Ademar Traiano e Luiz Claudio Romanelli, ambos do PSD, e pelo ex-deputado Plauto Mir\u00f3. O projeto recebeu 31 votos a favor na primeira discuss\u00e3o e, em segundo turno, foram 30 votos favor\u00e1veis, tr\u00eas contr\u00e1rios e tr\u00eas absten\u00e7\u00f5es.<\/p>\n\n\n\n<p>Nascido em Mar\u00edlia (SP), o homenageado \u00e9 formado em Direito pela USP, foi advogado-geral da Uni\u00e3o, presidente do Tribunal Superior Eleitoral (TSE) e integra o STF desde 2009. A proposta justifica que Toffoli j\u00e1 recebeu in\u00fameras distin\u00e7\u00f5es honrosas, de \u00f3rg\u00e3os jur\u00eddicos, sociais e pol\u00edticos \u201ccomo forma de prestigi\u00e1-lo pelos trabalhos prestados em prol da popula\u00e7\u00e3o brasileira e em defesa do Estado Democr\u00e1tico de Direito \u201c.<\/p>\n\n\n\n<p>Para completar, foi aprovado o projeto de lei 876\/2023, assinado pelo deputado Ademar Traiano, que concede o T\u00edtulo de Cidad\u00e3o Honor\u00e1rio do Paran\u00e1 a Humberto Eust\u00e1quio Soares Martins. Natural de Macei\u00f3, Alagoas, foi promotor de Justi\u00e7a, desembargador e procurador do Estado de Alagoas. Nomeado ministro do Superior Tribunal de Justi\u00e7a (STJ) em 2006, ocupou a presid\u00eancia do \u00f3rg\u00e3o e tamb\u00e9m do Conselho de Administra\u00e7\u00e3o do STJ e do Conselho da Justi\u00e7a Federal, entre os anos de 2020 a 2022.<\/p>\n\n\n\n<p><strong>Mais projetos<\/strong><\/p>\n\n\n\n<p>Com aprova\u00e7\u00e3o em segundo turno e dispensa de reda\u00e7\u00e3o final, tamb\u00e9m seguem para a san\u00e7\u00e3o o&nbsp;projeto de lei 816\/2023, assinado pelo deputado Marcio Pacheco (Republicanos), que cria o Dia da Preven\u00e7\u00e3o da Escoliose.&nbsp;E o&nbsp;projeto de lei 816\/2023, do deputado Marcel Micheletto (PL), que altera a Lei n\u00ba 11.811\/1997, que declara de Utilidade P\u00fablica a Creche Lions Ledi Maas, em Toledo.<\/p>\n\n\n\n<p>J\u00e1 o projeto de lei 274\/2023, de autoria do deputado Paulo Gomes (PP), foi aprovado em terceira discuss\u00e3o. A proposta pretende tornar mais transparente a cobran\u00e7a de couvert art\u00edstico no Estado, dispondo sobre a obrigatoriedade de coloca\u00e7\u00e3o de placas informativas com os valores da cobran\u00e7a.<\/p>\n\n\n\n<p>De iniciativa do governo, foi votado o projeto de lei complementar 9\/2023, altera o art. 40 da Lei Complementar n\u00b0 251\/2023, que reestrutura a Funda\u00e7\u00e3o Arauc\u00e1ria. A proposta passou em dois turnos e tamb\u00e9m segue para a san\u00e7\u00e3o.<\/p>\n\n\n\n<p>A iniciativa visa submeter a contabilidade da Funda\u00e7\u00e3o Arauc\u00e1ria as regras estabelecidas para as empresas estatais, no que couber, retirando a obrigatoriedade de seguir as regras da contabilidade p\u00fablica. Tal altera\u00e7\u00e3o \u00e9 poss\u00edvel tendo em vista que apenas funda\u00e7\u00f5es mantidas pelo Poder P\u00fablico devem, obrigatoriamente, adotar a contabilidade p\u00fablica, sendo facultado \u00e0s demais.<\/p>\n\n\n\n<p>Em primeiro turno foi votado o projeto de lei 830\/2023, do deputado Alisson Wandscheer (Solidariedade), que concede o T\u00edtulo de Utilidade P\u00fablica \u00e0 ONG DNA Animal, em Fazenda Rio Grande.<\/p>\n\n\n\n<p><strong>Sess\u00e3o dupla<\/strong><\/p>\n\n\n\n<p>Os deputados participam de duas sess\u00f5es plen\u00e1rias nesta quarta-feira (29). Ambas ter\u00e3o transmiss\u00e3o ao vivo e podem ser acompanhadas a partir das 9h30, pela TV Assembleia, por meio do canal 10.2, em TV aberta, e no canal 16, da Claro\/NET. O conte\u00fado tamb\u00e9m pode ser acessado pelo canal do&nbsp;<a href=\"https:\/\/www.youtube.com\/user\/TVSinalAssembleiaPR\">Youtube do Legislativo.<\/a><\/p>\n","protected":false},"excerpt":{"rendered":"<p>Segundo o Governo, a iniciativa \u00e9 necess\u00e1ria devido a crescente complexidade nas fun\u00e7\u00f5es exercidas pelas Corpora\u00e7\u00f5es. Os deputados aprovaram uma iniciativa que altera o n\u00edvel de escolaridade exigido para o ingresso nos quadros da Pol\u00edcia Militar e do Corpo de Bombeiros do Paran\u00e1. A proposta do governo passou em primeiro e segundo turno nas duas [&hellip;]<\/p>\n","protected":false},"author":1,"featured_media":1633,"comment_status":"open","ping_status":"open","sticky":false,"template":"","format":"standard","meta":{"footnotes":""},"categories":[1],"tags":[],"class_list":["post-1632","post","type-post","status-publish","format-standard","has-post-thumbnail","hentry","category-gabinete-sd"],"yoast_head":"<!-- This site is optimized with the Yoast SEO plugin v27.4 - https:\/\/yoast.com\/product\/yoast-seo-wordpress\/ -->\n<title>Aprovado projeto que aumenta n\u00edvel de escolaridade em concursos para a PM e Bombeiros - Deputado Adriano Jos\u00e9<\/title>\n<meta name=\"robots\" content=\"index, follow, max-snippet:-1, max-image-preview:large, max-video-preview:-1\" \/>\n<link rel=\"canonical\" href=\"https:\/\/soldadoadrianojose.com.br\/index.php\/2023\/11\/28\/aprovado-projeto-que-aumenta-nivel-de-escolaridade-em-concursos-para-a-pm-e-bombeiros\/\" \/>\n<meta property=\"og:locale\" content=\"pt_BR\" \/>\n<meta property=\"og:type\" content=\"article\" \/>\n<meta property=\"og:title\" content=\"Aprovado projeto que aumenta n\u00edvel de escolaridade em concursos para a PM e Bombeiros - Deputado Adriano Jos\u00e9\" \/>\n<meta property=\"og:description\" content=\"Segundo o Governo, a iniciativa \u00e9 necess\u00e1ria devido a crescente complexidade nas fun\u00e7\u00f5es exercidas pelas Corpora\u00e7\u00f5es. Os deputados aprovaram uma iniciativa que altera o n\u00edvel de escolaridade exigido para o ingresso nos quadros da Pol\u00edcia Militar e do Corpo de Bombeiros do Paran\u00e1. A proposta do governo passou em primeiro e segundo turno nas duas [&hellip;]\" \/>\n<meta property=\"og:url\" content=\"https:\/\/soldadoadrianojose.com.br\/index.php\/2023\/11\/28\/aprovado-projeto-que-aumenta-nivel-de-escolaridade-em-concursos-para-a-pm-e-bombeiros\/\" \/>\n<meta property=\"og:site_name\" content=\"Deputado Adriano Jos\u00e9\" \/>\n<meta property=\"article:published_time\" content=\"2023-11-28T23:36:54+00:00\" \/>\n<meta property=\"article:modified_time\" content=\"2023-11-28T23:36:58+00:00\" \/>\n<meta property=\"og:image\" content=\"https:\/\/soldadoadrianojose.com.br\/wp-content\/uploads\/2023\/11\/adj_2811.jpg\" \/>\n\t<meta property=\"og:image:width\" content=\"863\" \/>\n\t<meta property=\"og:image:height\" content=\"575\" \/>\n\t<meta property=\"og:image:type\" content=\"image\/jpeg\" \/>\n<meta name=\"author\" content=\"soldadoadrianojose\" \/>\n<meta name=\"twitter:card\" content=\"summary_large_image\" \/>\n<meta name=\"twitter:label1\" content=\"Escrito por\" \/>\n\t<meta name=\"twitter:data1\" content=\"soldadoadrianojose\" \/>\n\t<meta name=\"twitter:label2\" content=\"Est. tempo de leitura\" \/>\n\t<meta name=\"twitter:data2\" content=\"7 minutos\" \/>\n<script type=\"application\/ld+json\" class=\"yoast-schema-graph\">{\"@context\":\"https:\\\/\\\/schema.org\",\"@graph\":[{\"@type\":\"Article\",\"@id\":\"https:\\\/\\\/soldadoadrianojose.com.br\\\/index.php\\\/2023\\\/11\\\/28\\\/aprovado-projeto-que-aumenta-nivel-de-escolaridade-em-concursos-para-a-pm-e-bombeiros\\\/#article\",\"isPartOf\":{\"@id\":\"https:\\\/\\\/soldadoadrianojose.com.br\\\/index.php\\\/2023\\\/11\\\/28\\\/aprovado-projeto-que-aumenta-nivel-de-escolaridade-em-concursos-para-a-pm-e-bombeiros\\\/\"},\"author\":{\"name\":\"soldadoadrianojose\",\"@id\":\"https:\\\/\\\/soldadoadrianojose.com.br\\\/#\\\/schema\\\/person\\\/16f8e8defb7a4bd6c6082efcd1bdb6bb\"},\"headline\":\"Aprovado projeto que aumenta n\u00edvel de escolaridade em concursos para a PM e Bombeiros\",\"datePublished\":\"2023-11-28T23:36:54+00:00\",\"dateModified\":\"2023-11-28T23:36:58+00:00\",\"mainEntityOfPage\":{\"@id\":\"https:\\\/\\\/soldadoadrianojose.com.br\\\/index.php\\\/2023\\\/11\\\/28\\\/aprovado-projeto-que-aumenta-nivel-de-escolaridade-em-concursos-para-a-pm-e-bombeiros\\\/\"},\"wordCount\":1151,\"commentCount\":0,\"publisher\":{\"@id\":\"https:\\\/\\\/soldadoadrianojose.com.br\\\/#\\\/schema\\\/person\\\/16f8e8defb7a4bd6c6082efcd1bdb6bb\"},\"image\":{\"@id\":\"https:\\\/\\\/soldadoadrianojose.com.br\\\/index.php\\\/2023\\\/11\\\/28\\\/aprovado-projeto-que-aumenta-nivel-de-escolaridade-em-concursos-para-a-pm-e-bombeiros\\\/#primaryimage\"},\"thumbnailUrl\":\"https:\\\/\\\/soldadoadrianojose.com.br\\\/wp-content\\\/uploads\\\/2023\\\/11\\\/adj_2811.jpg\",\"articleSection\":[\"GABINETE SD\"],\"inLanguage\":\"pt-BR\",\"potentialAction\":[{\"@type\":\"CommentAction\",\"name\":\"Comment\",\"target\":[\"https:\\\/\\\/soldadoadrianojose.com.br\\\/index.php\\\/2023\\\/11\\\/28\\\/aprovado-projeto-que-aumenta-nivel-de-escolaridade-em-concursos-para-a-pm-e-bombeiros\\\/#respond\"]}]},{\"@type\":\"WebPage\",\"@id\":\"https:\\\/\\\/soldadoadrianojose.com.br\\\/index.php\\\/2023\\\/11\\\/28\\\/aprovado-projeto-que-aumenta-nivel-de-escolaridade-em-concursos-para-a-pm-e-bombeiros\\\/\",\"url\":\"https:\\\/\\\/soldadoadrianojose.com.br\\\/index.php\\\/2023\\\/11\\\/28\\\/aprovado-projeto-que-aumenta-nivel-de-escolaridade-em-concursos-para-a-pm-e-bombeiros\\\/\",\"name\":\"Aprovado projeto que aumenta n\u00edvel de escolaridade em concursos para a PM e Bombeiros - Deputado Adriano Jos\u00e9\",\"isPartOf\":{\"@id\":\"https:\\\/\\\/soldadoadrianojose.com.br\\\/#website\"},\"primaryImageOfPage\":{\"@id\":\"https:\\\/\\\/soldadoadrianojose.com.br\\\/index.php\\\/2023\\\/11\\\/28\\\/aprovado-projeto-que-aumenta-nivel-de-escolaridade-em-concursos-para-a-pm-e-bombeiros\\\/#primaryimage\"},\"image\":{\"@id\":\"https:\\\/\\\/soldadoadrianojose.com.br\\\/index.php\\\/2023\\\/11\\\/28\\\/aprovado-projeto-que-aumenta-nivel-de-escolaridade-em-concursos-para-a-pm-e-bombeiros\\\/#primaryimage\"},\"thumbnailUrl\":\"https:\\\/\\\/soldadoadrianojose.com.br\\\/wp-content\\\/uploads\\\/2023\\\/11\\\/adj_2811.jpg\",\"datePublished\":\"2023-11-28T23:36:54+00:00\",\"dateModified\":\"2023-11-28T23:36:58+00:00\",\"breadcrumb\":{\"@id\":\"https:\\\/\\\/soldadoadrianojose.com.br\\\/index.php\\\/2023\\\/11\\\/28\\\/aprovado-projeto-que-aumenta-nivel-de-escolaridade-em-concursos-para-a-pm-e-bombeiros\\\/#breadcrumb\"},\"inLanguage\":\"pt-BR\",\"potentialAction\":[{\"@type\":\"ReadAction\",\"target\":[\"https:\\\/\\\/soldadoadrianojose.com.br\\\/index.php\\\/2023\\\/11\\\/28\\\/aprovado-projeto-que-aumenta-nivel-de-escolaridade-em-concursos-para-a-pm-e-bombeiros\\\/\"]}]},{\"@type\":\"ImageObject\",\"inLanguage\":\"pt-BR\",\"@id\":\"https:\\\/\\\/soldadoadrianojose.com.br\\\/index.php\\\/2023\\\/11\\\/28\\\/aprovado-projeto-que-aumenta-nivel-de-escolaridade-em-concursos-para-a-pm-e-bombeiros\\\/#primaryimage\",\"url\":\"https:\\\/\\\/soldadoadrianojose.com.br\\\/wp-content\\\/uploads\\\/2023\\\/11\\\/adj_2811.jpg\",\"contentUrl\":\"https:\\\/\\\/soldadoadrianojose.com.br\\\/wp-content\\\/uploads\\\/2023\\\/11\\\/adj_2811.jpg\",\"width\":863,\"height\":575},{\"@type\":\"BreadcrumbList\",\"@id\":\"https:\\\/\\\/soldadoadrianojose.com.br\\\/index.php\\\/2023\\\/11\\\/28\\\/aprovado-projeto-que-aumenta-nivel-de-escolaridade-em-concursos-para-a-pm-e-bombeiros\\\/#breadcrumb\",\"itemListElement\":[{\"@type\":\"ListItem\",\"position\":1,\"name\":\"In\u00edcio\",\"item\":\"https:\\\/\\\/soldadoadrianojose.com.br\\\/\"},{\"@type\":\"ListItem\",\"position\":2,\"name\":\"Aprovado projeto que aumenta n\u00edvel de escolaridade em concursos para a PM e Bombeiros\"}]},{\"@type\":\"WebSite\",\"@id\":\"https:\\\/\\\/soldadoadrianojose.com.br\\\/#website\",\"url\":\"https:\\\/\\\/soldadoadrianojose.com.br\\\/\",\"name\":\"Deputado Adriano Jos\u00e9\",\"description\":\"Nosso trabalho \u00e9 pelas pessoas\",\"publisher\":{\"@id\":\"https:\\\/\\\/soldadoadrianojose.com.br\\\/#\\\/schema\\\/person\\\/16f8e8defb7a4bd6c6082efcd1bdb6bb\"},\"potentialAction\":[{\"@type\":\"SearchAction\",\"target\":{\"@type\":\"EntryPoint\",\"urlTemplate\":\"https:\\\/\\\/soldadoadrianojose.com.br\\\/?s={search_term_string}\"},\"query-input\":{\"@type\":\"PropertyValueSpecification\",\"valueRequired\":true,\"valueName\":\"search_term_string\"}}],\"inLanguage\":\"pt-BR\"},{\"@type\":[\"Person\",\"Organization\"],\"@id\":\"https:\\\/\\\/soldadoadrianojose.com.br\\\/#\\\/schema\\\/person\\\/16f8e8defb7a4bd6c6082efcd1bdb6bb\",\"name\":\"soldadoadrianojose\",\"image\":{\"@type\":\"ImageObject\",\"inLanguage\":\"pt-BR\",\"@id\":\"https:\\\/\\\/soldadoadrianojose.com.br\\\/wp-content\\\/uploads\\\/2023\\\/02\\\/LOGO_CLEAR-5.png\",\"url\":\"https:\\\/\\\/soldadoadrianojose.com.br\\\/wp-content\\\/uploads\\\/2023\\\/02\\\/LOGO_CLEAR-5.png\",\"contentUrl\":\"https:\\\/\\\/soldadoadrianojose.com.br\\\/wp-content\\\/uploads\\\/2023\\\/02\\\/LOGO_CLEAR-5.png\",\"width\":3508,\"height\":998,\"caption\":\"soldadoadrianojose\"},\"logo\":{\"@id\":\"https:\\\/\\\/soldadoadrianojose.com.br\\\/wp-content\\\/uploads\\\/2023\\\/02\\\/LOGO_CLEAR-5.png\"},\"sameAs\":[\"https:\\\/\\\/soldadoadrianojose.com.br\"],\"url\":\"https:\\\/\\\/soldadoadrianojose.com.br\\\/index.php\\\/author\\\/soldadoadrianojose\\\/\"}]}<\/script>\n<!-- \/ Yoast SEO plugin. -->","yoast_head_json":{"title":"Aprovado projeto que aumenta n\u00edvel de escolaridade em concursos para a PM e Bombeiros - Deputado Adriano Jos\u00e9","robots":{"index":"index","follow":"follow","max-snippet":"max-snippet:-1","max-image-preview":"max-image-preview:large","max-video-preview":"max-video-preview:-1"},"canonical":"https:\/\/soldadoadrianojose.com.br\/index.php\/2023\/11\/28\/aprovado-projeto-que-aumenta-nivel-de-escolaridade-em-concursos-para-a-pm-e-bombeiros\/","og_locale":"pt_BR","og_type":"article","og_title":"Aprovado projeto que aumenta n\u00edvel de escolaridade em concursos para a PM e Bombeiros - Deputado Adriano Jos\u00e9","og_description":"Segundo o Governo, a iniciativa \u00e9 necess\u00e1ria devido a crescente complexidade nas fun\u00e7\u00f5es exercidas pelas Corpora\u00e7\u00f5es. Os deputados aprovaram uma iniciativa que altera o n\u00edvel de escolaridade exigido para o ingresso nos quadros da Pol\u00edcia Militar e do Corpo de Bombeiros do Paran\u00e1. A proposta do governo passou em primeiro e segundo turno nas duas [&hellip;]","og_url":"https:\/\/soldadoadrianojose.com.br\/index.php\/2023\/11\/28\/aprovado-projeto-que-aumenta-nivel-de-escolaridade-em-concursos-para-a-pm-e-bombeiros\/","og_site_name":"Deputado Adriano Jos\u00e9","article_published_time":"2023-11-28T23:36:54+00:00","article_modified_time":"2023-11-28T23:36:58+00:00","og_image":[{"width":863,"height":575,"url":"https:\/\/soldadoadrianojose.com.br\/wp-content\/uploads\/2023\/11\/adj_2811.jpg","type":"image\/jpeg"}],"author":"soldadoadrianojose","twitter_card":"summary_large_image","twitter_misc":{"Escrito por":"soldadoadrianojose","Est. tempo de leitura":"7 minutos"},"schema":{"@context":"https:\/\/schema.org","@graph":[{"@type":"Article","@id":"https:\/\/soldadoadrianojose.com.br\/index.php\/2023\/11\/28\/aprovado-projeto-que-aumenta-nivel-de-escolaridade-em-concursos-para-a-pm-e-bombeiros\/#article","isPartOf":{"@id":"https:\/\/soldadoadrianojose.com.br\/index.php\/2023\/11\/28\/aprovado-projeto-que-aumenta-nivel-de-escolaridade-em-concursos-para-a-pm-e-bombeiros\/"},"author":{"name":"soldadoadrianojose","@id":"https:\/\/soldadoadrianojose.com.br\/#\/schema\/person\/16f8e8defb7a4bd6c6082efcd1bdb6bb"},"headline":"Aprovado projeto que aumenta n\u00edvel de escolaridade em concursos para a PM e Bombeiros","datePublished":"2023-11-28T23:36:54+00:00","dateModified":"2023-11-28T23:36:58+00:00","mainEntityOfPage":{"@id":"https:\/\/soldadoadrianojose.com.br\/index.php\/2023\/11\/28\/aprovado-projeto-que-aumenta-nivel-de-escolaridade-em-concursos-para-a-pm-e-bombeiros\/"},"wordCount":1151,"commentCount":0,"publisher":{"@id":"https:\/\/soldadoadrianojose.com.br\/#\/schema\/person\/16f8e8defb7a4bd6c6082efcd1bdb6bb"},"image":{"@id":"https:\/\/soldadoadrianojose.com.br\/index.php\/2023\/11\/28\/aprovado-projeto-que-aumenta-nivel-de-escolaridade-em-concursos-para-a-pm-e-bombeiros\/#primaryimage"},"thumbnailUrl":"https:\/\/soldadoadrianojose.com.br\/wp-content\/uploads\/2023\/11\/adj_2811.jpg","articleSection":["GABINETE SD"],"inLanguage":"pt-BR","potentialAction":[{"@type":"CommentAction","name":"Comment","target":["https:\/\/soldadoadrianojose.com.br\/index.php\/2023\/11\/28\/aprovado-projeto-que-aumenta-nivel-de-escolaridade-em-concursos-para-a-pm-e-bombeiros\/#respond"]}]},{"@type":"WebPage","@id":"https:\/\/soldadoadrianojose.com.br\/index.php\/2023\/11\/28\/aprovado-projeto-que-aumenta-nivel-de-escolaridade-em-concursos-para-a-pm-e-bombeiros\/","url":"https:\/\/soldadoadrianojose.com.br\/index.php\/2023\/11\/28\/aprovado-projeto-que-aumenta-nivel-de-escolaridade-em-concursos-para-a-pm-e-bombeiros\/","name":"Aprovado projeto que aumenta n\u00edvel de escolaridade em concursos para a PM e Bombeiros - Deputado Adriano Jos\u00e9","isPartOf":{"@id":"https:\/\/soldadoadrianojose.com.br\/#website"},"primaryImageOfPage":{"@id":"https:\/\/soldadoadrianojose.com.br\/index.php\/2023\/11\/28\/aprovado-projeto-que-aumenta-nivel-de-escolaridade-em-concursos-para-a-pm-e-bombeiros\/#primaryimage"},"image":{"@id":"https:\/\/soldadoadrianojose.com.br\/index.php\/2023\/11\/28\/aprovado-projeto-que-aumenta-nivel-de-escolaridade-em-concursos-para-a-pm-e-bombeiros\/#primaryimage"},"thumbnailUrl":"https:\/\/soldadoadrianojose.com.br\/wp-content\/uploads\/2023\/11\/adj_2811.jpg","datePublished":"2023-11-28T23:36:54+00:00","dateModified":"2023-11-28T23:36:58+00:00","breadcrumb":{"@id":"https:\/\/soldadoadrianojose.com.br\/index.php\/2023\/11\/28\/aprovado-projeto-que-aumenta-nivel-de-escolaridade-em-concursos-para-a-pm-e-bombeiros\/#breadcrumb"},"inLanguage":"pt-BR","potentialAction":[{"@type":"ReadAction","target":["https:\/\/soldadoadrianojose.com.br\/index.php\/2023\/11\/28\/aprovado-projeto-que-aumenta-nivel-de-escolaridade-em-concursos-para-a-pm-e-bombeiros\/"]}]},{"@type":"ImageObject","inLanguage":"pt-BR","@id":"https:\/\/soldadoadrianojose.com.br\/index.php\/2023\/11\/28\/aprovado-projeto-que-aumenta-nivel-de-escolaridade-em-concursos-para-a-pm-e-bombeiros\/#primaryimage","url":"https:\/\/soldadoadrianojose.com.br\/wp-content\/uploads\/2023\/11\/adj_2811.jpg","contentUrl":"https:\/\/soldadoadrianojose.com.br\/wp-content\/uploads\/2023\/11\/adj_2811.jpg","width":863,"height":575},{"@type":"BreadcrumbList","@id":"https:\/\/soldadoadrianojose.com.br\/index.php\/2023\/11\/28\/aprovado-projeto-que-aumenta-nivel-de-escolaridade-em-concursos-para-a-pm-e-bombeiros\/#breadcrumb","itemListElement":[{"@type":"ListItem","position":1,"name":"In\u00edcio","item":"https:\/\/soldadoadrianojose.com.br\/"},{"@type":"ListItem","position":2,"name":"Aprovado projeto que aumenta n\u00edvel de escolaridade em concursos para a PM e Bombeiros"}]},{"@type":"WebSite","@id":"https:\/\/soldadoadrianojose.com.br\/#website","url":"https:\/\/soldadoadrianojose.com.br\/","name":"Deputado Adriano Jos\u00e9","description":"Nosso trabalho \u00e9 pelas pessoas","publisher":{"@id":"https:\/\/soldadoadrianojose.com.br\/#\/schema\/person\/16f8e8defb7a4bd6c6082efcd1bdb6bb"},"potentialAction":[{"@type":"SearchAction","target":{"@type":"EntryPoint","urlTemplate":"https:\/\/soldadoadrianojose.com.br\/?s={search_term_string}"},"query-input":{"@type":"PropertyValueSpecification","valueRequired":true,"valueName":"search_term_string"}}],"inLanguage":"pt-BR"},{"@type":["Person","Organization"],"@id":"https:\/\/soldadoadrianojose.com.br\/#\/schema\/person\/16f8e8defb7a4bd6c6082efcd1bdb6bb","name":"soldadoadrianojose","image":{"@type":"ImageObject","inLanguage":"pt-BR","@id":"https:\/\/soldadoadrianojose.com.br\/wp-content\/uploads\/2023\/02\/LOGO_CLEAR-5.png","url":"https:\/\/soldadoadrianojose.com.br\/wp-content\/uploads\/2023\/02\/LOGO_CLEAR-5.png","contentUrl":"https:\/\/soldadoadrianojose.com.br\/wp-content\/uploads\/2023\/02\/LOGO_CLEAR-5.png","width":3508,"height":998,"caption":"soldadoadrianojose"},"logo":{"@id":"https:\/\/soldadoadrianojose.com.br\/wp-content\/uploads\/2023\/02\/LOGO_CLEAR-5.png"},"sameAs":["https:\/\/soldadoadrianojose.com.br"],"url":"https:\/\/soldadoadrianojose.com.br\/index.php\/author\/soldadoadrianojose\/"}]}},"jetpack_featured_media_url":"https:\/\/soldadoadrianojose.com.br\/wp-content\/uploads\/2023\/11\/adj_2811.jpg","_links":{"self":[{"href":"https:\/\/soldadoadrianojose.com.br\/index.php\/wp-json\/wp\/v2\/posts\/1632","targetHints":{"allow":["GET"]}}],"collection":[{"href":"https:\/\/soldadoadrianojose.com.br\/index.php\/wp-json\/wp\/v2\/posts"}],"about":[{"href":"https:\/\/soldadoadrianojose.com.br\/index.php\/wp-json\/wp\/v2\/types\/post"}],"author":[{"embeddable":true,"href":"https:\/\/soldadoadrianojose.com.br\/index.php\/wp-json\/wp\/v2\/users\/1"}],"replies":[{"embeddable":true,"href":"https:\/\/soldadoadrianojose.com.br\/index.php\/wp-json\/wp\/v2\/comments?post=1632"}],"version-history":[{"count":1,"href":"https:\/\/soldadoadrianojose.com.br\/index.php\/wp-json\/wp\/v2\/posts\/1632\/revisions"}],"predecessor-version":[{"id":1634,"href":"https:\/\/soldadoadrianojose.com.br\/index.php\/wp-json\/wp\/v2\/posts\/1632\/revisions\/1634"}],"wp:featuredmedia":[{"embeddable":true,"href":"https:\/\/soldadoadrianojose.com.br\/index.php\/wp-json\/wp\/v2\/media\/1633"}],"wp:attachment":[{"href":"https:\/\/soldadoadrianojose.com.br\/index.php\/wp-json\/wp\/v2\/media?parent=1632"}],"wp:term":[{"taxonomy":"category","embeddable":true,"href":"https:\/\/soldadoadrianojose.com.br\/index.php\/wp-json\/wp\/v2\/categories?post=1632"},{"taxonomy":"post_tag","embeddable":true,"href":"https:\/\/soldadoadrianojose.com.br\/index.php\/wp-json\/wp\/v2\/tags?post=1632"}],"curies":[{"name":"wp","href":"https:\/\/api.w.org\/{rel}","templated":true}]}}