{"id":1636,"date":"2023-11-29T09:30:00","date_gmt":"2023-11-29T12:30:00","guid":{"rendered":"https:\/\/soldadoadrianojose.com.br\/?p=1636"},"modified":"2023-11-29T09:30:03","modified_gmt":"2023-11-29T12:30:03","slug":"na-tribuna-deputado-adriano-jose-fala-da-importancia-dos-colegios-civicos-militares-em-dia-de-votacao","status":"publish","type":"post","link":"https:\/\/soldadoadrianojose.com.br\/index.php\/2023\/11\/29\/na-tribuna-deputado-adriano-jose-fala-da-importancia-dos-colegios-civicos-militares-em-dia-de-votacao\/","title":{"rendered":"Na tribuna deputado Adriano Jos\u00e9 fala da import\u00e2ncia dos col\u00e9gios c\u00edvicos militares em dia de vota\u00e7\u00e3o"},"content":{"rendered":"\n<figure class=\"wp-block-image size-large\"><img fetchpriority=\"high\" decoding=\"async\" width=\"1024\" height=\"682\" src=\"https:\/\/soldadoadrianojose.com.br\/wp-content\/uploads\/2023\/11\/adj_2911-1024x682.jpg\" alt=\"\" class=\"wp-image-1637\" srcset=\"https:\/\/soldadoadrianojose.com.br\/wp-content\/uploads\/2023\/11\/adj_2911-1024x682.jpg 1024w, https:\/\/soldadoadrianojose.com.br\/wp-content\/uploads\/2023\/11\/adj_2911-300x200.jpg 300w, https:\/\/soldadoadrianojose.com.br\/wp-content\/uploads\/2023\/11\/adj_2911-768x512.jpg 768w, https:\/\/soldadoadrianojose.com.br\/wp-content\/uploads\/2023\/11\/adj_2911-1536x1023.jpg 1536w, https:\/\/soldadoadrianojose.com.br\/wp-content\/uploads\/2023\/11\/adj_2911.jpg 1600w\" sizes=\"(max-width: 1024px) 100vw, 1024px\" \/><\/figure>\n\n\n\n<p>O bom momento vivido pela educa\u00e7\u00e3o no estado, que \u00e9 considerada a n\u00famero 1 do Brasil, pelo \u00cdndice de Desenvolvimento da Educa\u00e7\u00e3o B\u00e1sica (Ideb).<\/p>\n\n\n\n<p>Adriano Jos\u00e9 atribuiu esse sucesso \u00e0s pol\u00edticas implementadas pelo governador Ratinho Junior, em parceria com o secret\u00e1rio de Estado da Educa\u00e7\u00e3o, Roni Miranda, e com os professores e servidores da \u00e1rea. O governo tem valorizado os profissionais da educa\u00e7\u00e3o, ensino e alimenta\u00e7\u00e3o de qualidade. Promoveu o programa &#8220;Ganhando o Mundo&#8221;, que \u00e9 um sucesso e possibilita interc\u00e2mbios de alunos e professores para outros pa\u00edses.<\/p>\n\n\n\n<p>O deputado reconhece que o modelo de ensino c\u00edvico militar adotado no Paran\u00e1 tem se mostrado uma refer\u00eancia nacional. Atualmente contamos com 206 col\u00e9gios c\u00edvicos militares, al\u00e9m de 12 do governo federal. O governo estadual est\u00e1 prestes a implantar mais 127 unidades, e as vota\u00e7\u00f5es est\u00e3o ocorrendo at\u00e9 a data de hoje.<\/p>\n\n\n\n<p>Temos 400 pedidos de col\u00e9gios c\u00edvicos militares no Paran\u00e1. Um modelo de ensino que traz benef\u00edcios como seis aulas di\u00e1rias, uma unidade curricular de cidadania e civismo, redu\u00e7\u00e3o do abandono escolar, melhora no rendimento dos estudantes, alta frequ\u00eancia nas aulas, protagonismo juvenil e aumento de 80% no Ideb em 80% das escolas.<\/p>\n\n\n\n<p>O modelo tamb\u00e9m trabalha a quest\u00e3o do respeito, valores e disciplina, promovendo o respeito aos professores, servidores e funcion\u00e1rios. Adriano Jos\u00e9 afirmou que tem acompanhado o governador e o secret\u00e1rio Roni desde o in\u00edcio da implementa\u00e7\u00e3o desse modelo de ensino no Paran\u00e1 e que tem sido um sucesso. Ele ressaltou que ainda h\u00e1 muito a avan\u00e7ar, mas que o modelo tem se mostrado eficiente.<\/p>\n\n\n\n<p>Um dos col\u00e9gios que tem se destacado como refer\u00eancia nesse modelo \u00e9 o Col\u00e9gio de Jandaia do Sul, onde o professor Vladimir e o coordenador militar, subtenente Paulo S\u00e9rgio, juntamente com os policiais que atuam na institui\u00e7\u00e3o, trabalham intensamente a quest\u00e3o do civismo, disciplina e seguran\u00e7a dentro do col\u00e9gio. Essa equipe tem sido fundamental para o sucesso do modelo de ensino c\u00edvico militar, que tem proporcionado aos alunos uma educa\u00e7\u00e3o de qualidade e um ambiente prop\u00edcio para o aprendizado.<\/p>\n","protected":false},"excerpt":{"rendered":"<p>O bom momento vivido pela educa\u00e7\u00e3o no estado, que \u00e9 considerada a n\u00famero 1 do Brasil, pelo \u00cdndice de Desenvolvimento da Educa\u00e7\u00e3o B\u00e1sica (Ideb). Adriano Jos\u00e9 atribuiu esse sucesso \u00e0s pol\u00edticas implementadas pelo governador Ratinho Junior, em parceria com o secret\u00e1rio de Estado da Educa\u00e7\u00e3o, Roni Miranda, e com os professores e servidores da \u00e1rea. [&hellip;]<\/p>\n","protected":false},"author":1,"featured_media":1637,"comment_status":"open","ping_status":"open","sticky":false,"template":"","format":"standard","meta":{"footnotes":""},"categories":[1],"tags":[],"class_list":["post-1636","post","type-post","status-publish","format-standard","has-post-thumbnail","hentry","category-gabinete-sd"],"yoast_head":"<!-- This site is optimized with the Yoast SEO plugin v27.4 - https:\/\/yoast.com\/product\/yoast-seo-wordpress\/ -->\n<title>Na tribuna deputado Adriano Jos\u00e9 fala da import\u00e2ncia dos col\u00e9gios c\u00edvicos militares em dia de vota\u00e7\u00e3o - Deputado Adriano Jos\u00e9<\/title>\n<meta name=\"robots\" content=\"index, follow, max-snippet:-1, max-image-preview:large, max-video-preview:-1\" \/>\n<link rel=\"canonical\" href=\"https:\/\/soldadoadrianojose.com.br\/index.php\/2023\/11\/29\/na-tribuna-deputado-adriano-jose-fala-da-importancia-dos-colegios-civicos-militares-em-dia-de-votacao\/\" \/>\n<meta property=\"og:locale\" content=\"pt_BR\" \/>\n<meta property=\"og:type\" content=\"article\" \/>\n<meta property=\"og:title\" content=\"Na tribuna deputado Adriano Jos\u00e9 fala da import\u00e2ncia dos col\u00e9gios c\u00edvicos militares em dia de vota\u00e7\u00e3o - Deputado Adriano Jos\u00e9\" \/>\n<meta property=\"og:description\" content=\"O bom momento vivido pela educa\u00e7\u00e3o no estado, que \u00e9 considerada a n\u00famero 1 do Brasil, pelo \u00cdndice de Desenvolvimento da Educa\u00e7\u00e3o B\u00e1sica (Ideb). Adriano Jos\u00e9 atribuiu esse sucesso \u00e0s pol\u00edticas implementadas pelo governador Ratinho Junior, em parceria com o secret\u00e1rio de Estado da Educa\u00e7\u00e3o, Roni Miranda, e com os professores e servidores da \u00e1rea. [&hellip;]\" \/>\n<meta property=\"og:url\" content=\"https:\/\/soldadoadrianojose.com.br\/index.php\/2023\/11\/29\/na-tribuna-deputado-adriano-jose-fala-da-importancia-dos-colegios-civicos-militares-em-dia-de-votacao\/\" \/>\n<meta property=\"og:site_name\" content=\"Deputado Adriano Jos\u00e9\" \/>\n<meta property=\"article:published_time\" content=\"2023-11-29T12:30:00+00:00\" \/>\n<meta property=\"article:modified_time\" content=\"2023-11-29T12:30:03+00:00\" \/>\n<meta property=\"og:image\" content=\"https:\/\/soldadoadrianojose.com.br\/wp-content\/uploads\/2023\/11\/adj_2911.jpg\" \/>\n\t<meta property=\"og:image:width\" content=\"1600\" \/>\n\t<meta property=\"og:image:height\" content=\"1066\" \/>\n\t<meta property=\"og:image:type\" content=\"image\/jpeg\" \/>\n<meta name=\"author\" content=\"soldadoadrianojose\" \/>\n<meta name=\"twitter:card\" content=\"summary_large_image\" \/>\n<meta name=\"twitter:label1\" content=\"Escrito por\" \/>\n\t<meta name=\"twitter:data1\" content=\"soldadoadrianojose\" \/>\n\t<meta name=\"twitter:label2\" content=\"Est. tempo de leitura\" \/>\n\t<meta name=\"twitter:data2\" content=\"3 minutos\" \/>\n<script type=\"application\/ld+json\" class=\"yoast-schema-graph\">{\"@context\":\"https:\\\/\\\/schema.org\",\"@graph\":[{\"@type\":\"Article\",\"@id\":\"https:\\\/\\\/soldadoadrianojose.com.br\\\/index.php\\\/2023\\\/11\\\/29\\\/na-tribuna-deputado-adriano-jose-fala-da-importancia-dos-colegios-civicos-militares-em-dia-de-votacao\\\/#article\",\"isPartOf\":{\"@id\":\"https:\\\/\\\/soldadoadrianojose.com.br\\\/index.php\\\/2023\\\/11\\\/29\\\/na-tribuna-deputado-adriano-jose-fala-da-importancia-dos-colegios-civicos-militares-em-dia-de-votacao\\\/\"},\"author\":{\"name\":\"soldadoadrianojose\",\"@id\":\"https:\\\/\\\/soldadoadrianojose.com.br\\\/#\\\/schema\\\/person\\\/16f8e8defb7a4bd6c6082efcd1bdb6bb\"},\"headline\":\"Na tribuna deputado Adriano Jos\u00e9 fala da import\u00e2ncia dos col\u00e9gios c\u00edvicos militares em dia de vota\u00e7\u00e3o\",\"datePublished\":\"2023-11-29T12:30:00+00:00\",\"dateModified\":\"2023-11-29T12:30:03+00:00\",\"mainEntityOfPage\":{\"@id\":\"https:\\\/\\\/soldadoadrianojose.com.br\\\/index.php\\\/2023\\\/11\\\/29\\\/na-tribuna-deputado-adriano-jose-fala-da-importancia-dos-colegios-civicos-militares-em-dia-de-votacao\\\/\"},\"wordCount\":387,\"commentCount\":0,\"publisher\":{\"@id\":\"https:\\\/\\\/soldadoadrianojose.com.br\\\/#\\\/schema\\\/person\\\/16f8e8defb7a4bd6c6082efcd1bdb6bb\"},\"image\":{\"@id\":\"https:\\\/\\\/soldadoadrianojose.com.br\\\/index.php\\\/2023\\\/11\\\/29\\\/na-tribuna-deputado-adriano-jose-fala-da-importancia-dos-colegios-civicos-militares-em-dia-de-votacao\\\/#primaryimage\"},\"thumbnailUrl\":\"https:\\\/\\\/soldadoadrianojose.com.br\\\/wp-content\\\/uploads\\\/2023\\\/11\\\/adj_2911.jpg\",\"articleSection\":[\"GABINETE SD\"],\"inLanguage\":\"pt-BR\",\"potentialAction\":[{\"@type\":\"CommentAction\",\"name\":\"Comment\",\"target\":[\"https:\\\/\\\/soldadoadrianojose.com.br\\\/index.php\\\/2023\\\/11\\\/29\\\/na-tribuna-deputado-adriano-jose-fala-da-importancia-dos-colegios-civicos-militares-em-dia-de-votacao\\\/#respond\"]}]},{\"@type\":\"WebPage\",\"@id\":\"https:\\\/\\\/soldadoadrianojose.com.br\\\/index.php\\\/2023\\\/11\\\/29\\\/na-tribuna-deputado-adriano-jose-fala-da-importancia-dos-colegios-civicos-militares-em-dia-de-votacao\\\/\",\"url\":\"https:\\\/\\\/soldadoadrianojose.com.br\\\/index.php\\\/2023\\\/11\\\/29\\\/na-tribuna-deputado-adriano-jose-fala-da-importancia-dos-colegios-civicos-militares-em-dia-de-votacao\\\/\",\"name\":\"Na tribuna deputado Adriano Jos\u00e9 fala da import\u00e2ncia dos col\u00e9gios c\u00edvicos militares em dia de vota\u00e7\u00e3o - Deputado Adriano Jos\u00e9\",\"isPartOf\":{\"@id\":\"https:\\\/\\\/soldadoadrianojose.com.br\\\/#website\"},\"primaryImageOfPage\":{\"@id\":\"https:\\\/\\\/soldadoadrianojose.com.br\\\/index.php\\\/2023\\\/11\\\/29\\\/na-tribuna-deputado-adriano-jose-fala-da-importancia-dos-colegios-civicos-militares-em-dia-de-votacao\\\/#primaryimage\"},\"image\":{\"@id\":\"https:\\\/\\\/soldadoadrianojose.com.br\\\/index.php\\\/2023\\\/11\\\/29\\\/na-tribuna-deputado-adriano-jose-fala-da-importancia-dos-colegios-civicos-militares-em-dia-de-votacao\\\/#primaryimage\"},\"thumbnailUrl\":\"https:\\\/\\\/soldadoadrianojose.com.br\\\/wp-content\\\/uploads\\\/2023\\\/11\\\/adj_2911.jpg\",\"datePublished\":\"2023-11-29T12:30:00+00:00\",\"dateModified\":\"2023-11-29T12:30:03+00:00\",\"breadcrumb\":{\"@id\":\"https:\\\/\\\/soldadoadrianojose.com.br\\\/index.php\\\/2023\\\/11\\\/29\\\/na-tribuna-deputado-adriano-jose-fala-da-importancia-dos-colegios-civicos-militares-em-dia-de-votacao\\\/#breadcrumb\"},\"inLanguage\":\"pt-BR\",\"potentialAction\":[{\"@type\":\"ReadAction\",\"target\":[\"https:\\\/\\\/soldadoadrianojose.com.br\\\/index.php\\\/2023\\\/11\\\/29\\\/na-tribuna-deputado-adriano-jose-fala-da-importancia-dos-colegios-civicos-militares-em-dia-de-votacao\\\/\"]}]},{\"@type\":\"ImageObject\",\"inLanguage\":\"pt-BR\",\"@id\":\"https:\\\/\\\/soldadoadrianojose.com.br\\\/index.php\\\/2023\\\/11\\\/29\\\/na-tribuna-deputado-adriano-jose-fala-da-importancia-dos-colegios-civicos-militares-em-dia-de-votacao\\\/#primaryimage\",\"url\":\"https:\\\/\\\/soldadoadrianojose.com.br\\\/wp-content\\\/uploads\\\/2023\\\/11\\\/adj_2911.jpg\",\"contentUrl\":\"https:\\\/\\\/soldadoadrianojose.com.br\\\/wp-content\\\/uploads\\\/2023\\\/11\\\/adj_2911.jpg\",\"width\":1600,\"height\":1066},{\"@type\":\"BreadcrumbList\",\"@id\":\"https:\\\/\\\/soldadoadrianojose.com.br\\\/index.php\\\/2023\\\/11\\\/29\\\/na-tribuna-deputado-adriano-jose-fala-da-importancia-dos-colegios-civicos-militares-em-dia-de-votacao\\\/#breadcrumb\",\"itemListElement\":[{\"@type\":\"ListItem\",\"position\":1,\"name\":\"In\u00edcio\",\"item\":\"https:\\\/\\\/soldadoadrianojose.com.br\\\/\"},{\"@type\":\"ListItem\",\"position\":2,\"name\":\"Na tribuna deputado Adriano Jos\u00e9 fala da import\u00e2ncia dos col\u00e9gios c\u00edvicos militares em dia de vota\u00e7\u00e3o\"}]},{\"@type\":\"WebSite\",\"@id\":\"https:\\\/\\\/soldadoadrianojose.com.br\\\/#website\",\"url\":\"https:\\\/\\\/soldadoadrianojose.com.br\\\/\",\"name\":\"Deputado Adriano Jos\u00e9\",\"description\":\"Nosso trabalho \u00e9 pelas pessoas\",\"publisher\":{\"@id\":\"https:\\\/\\\/soldadoadrianojose.com.br\\\/#\\\/schema\\\/person\\\/16f8e8defb7a4bd6c6082efcd1bdb6bb\"},\"potentialAction\":[{\"@type\":\"SearchAction\",\"target\":{\"@type\":\"EntryPoint\",\"urlTemplate\":\"https:\\\/\\\/soldadoadrianojose.com.br\\\/?s={search_term_string}\"},\"query-input\":{\"@type\":\"PropertyValueSpecification\",\"valueRequired\":true,\"valueName\":\"search_term_string\"}}],\"inLanguage\":\"pt-BR\"},{\"@type\":[\"Person\",\"Organization\"],\"@id\":\"https:\\\/\\\/soldadoadrianojose.com.br\\\/#\\\/schema\\\/person\\\/16f8e8defb7a4bd6c6082efcd1bdb6bb\",\"name\":\"soldadoadrianojose\",\"image\":{\"@type\":\"ImageObject\",\"inLanguage\":\"pt-BR\",\"@id\":\"https:\\\/\\\/soldadoadrianojose.com.br\\\/wp-content\\\/uploads\\\/2023\\\/02\\\/LOGO_CLEAR-5.png\",\"url\":\"https:\\\/\\\/soldadoadrianojose.com.br\\\/wp-content\\\/uploads\\\/2023\\\/02\\\/LOGO_CLEAR-5.png\",\"contentUrl\":\"https:\\\/\\\/soldadoadrianojose.com.br\\\/wp-content\\\/uploads\\\/2023\\\/02\\\/LOGO_CLEAR-5.png\",\"width\":3508,\"height\":998,\"caption\":\"soldadoadrianojose\"},\"logo\":{\"@id\":\"https:\\\/\\\/soldadoadrianojose.com.br\\\/wp-content\\\/uploads\\\/2023\\\/02\\\/LOGO_CLEAR-5.png\"},\"sameAs\":[\"https:\\\/\\\/soldadoadrianojose.com.br\"],\"url\":\"https:\\\/\\\/soldadoadrianojose.com.br\\\/index.php\\\/author\\\/soldadoadrianojose\\\/\"}]}<\/script>\n<!-- \/ Yoast SEO plugin. -->","yoast_head_json":{"title":"Na tribuna deputado Adriano Jos\u00e9 fala da import\u00e2ncia dos col\u00e9gios c\u00edvicos militares em dia de vota\u00e7\u00e3o - Deputado Adriano Jos\u00e9","robots":{"index":"index","follow":"follow","max-snippet":"max-snippet:-1","max-image-preview":"max-image-preview:large","max-video-preview":"max-video-preview:-1"},"canonical":"https:\/\/soldadoadrianojose.com.br\/index.php\/2023\/11\/29\/na-tribuna-deputado-adriano-jose-fala-da-importancia-dos-colegios-civicos-militares-em-dia-de-votacao\/","og_locale":"pt_BR","og_type":"article","og_title":"Na tribuna deputado Adriano Jos\u00e9 fala da import\u00e2ncia dos col\u00e9gios c\u00edvicos militares em dia de vota\u00e7\u00e3o - Deputado Adriano Jos\u00e9","og_description":"O bom momento vivido pela educa\u00e7\u00e3o no estado, que \u00e9 considerada a n\u00famero 1 do Brasil, pelo \u00cdndice de Desenvolvimento da Educa\u00e7\u00e3o B\u00e1sica (Ideb). Adriano Jos\u00e9 atribuiu esse sucesso \u00e0s pol\u00edticas implementadas pelo governador Ratinho Junior, em parceria com o secret\u00e1rio de Estado da Educa\u00e7\u00e3o, Roni Miranda, e com os professores e servidores da \u00e1rea. [&hellip;]","og_url":"https:\/\/soldadoadrianojose.com.br\/index.php\/2023\/11\/29\/na-tribuna-deputado-adriano-jose-fala-da-importancia-dos-colegios-civicos-militares-em-dia-de-votacao\/","og_site_name":"Deputado Adriano Jos\u00e9","article_published_time":"2023-11-29T12:30:00+00:00","article_modified_time":"2023-11-29T12:30:03+00:00","og_image":[{"width":1600,"height":1066,"url":"https:\/\/soldadoadrianojose.com.br\/wp-content\/uploads\/2023\/11\/adj_2911.jpg","type":"image\/jpeg"}],"author":"soldadoadrianojose","twitter_card":"summary_large_image","twitter_misc":{"Escrito por":"soldadoadrianojose","Est. tempo de leitura":"3 minutos"},"schema":{"@context":"https:\/\/schema.org","@graph":[{"@type":"Article","@id":"https:\/\/soldadoadrianojose.com.br\/index.php\/2023\/11\/29\/na-tribuna-deputado-adriano-jose-fala-da-importancia-dos-colegios-civicos-militares-em-dia-de-votacao\/#article","isPartOf":{"@id":"https:\/\/soldadoadrianojose.com.br\/index.php\/2023\/11\/29\/na-tribuna-deputado-adriano-jose-fala-da-importancia-dos-colegios-civicos-militares-em-dia-de-votacao\/"},"author":{"name":"soldadoadrianojose","@id":"https:\/\/soldadoadrianojose.com.br\/#\/schema\/person\/16f8e8defb7a4bd6c6082efcd1bdb6bb"},"headline":"Na tribuna deputado Adriano Jos\u00e9 fala da import\u00e2ncia dos col\u00e9gios c\u00edvicos militares em dia de vota\u00e7\u00e3o","datePublished":"2023-11-29T12:30:00+00:00","dateModified":"2023-11-29T12:30:03+00:00","mainEntityOfPage":{"@id":"https:\/\/soldadoadrianojose.com.br\/index.php\/2023\/11\/29\/na-tribuna-deputado-adriano-jose-fala-da-importancia-dos-colegios-civicos-militares-em-dia-de-votacao\/"},"wordCount":387,"commentCount":0,"publisher":{"@id":"https:\/\/soldadoadrianojose.com.br\/#\/schema\/person\/16f8e8defb7a4bd6c6082efcd1bdb6bb"},"image":{"@id":"https:\/\/soldadoadrianojose.com.br\/index.php\/2023\/11\/29\/na-tribuna-deputado-adriano-jose-fala-da-importancia-dos-colegios-civicos-militares-em-dia-de-votacao\/#primaryimage"},"thumbnailUrl":"https:\/\/soldadoadrianojose.com.br\/wp-content\/uploads\/2023\/11\/adj_2911.jpg","articleSection":["GABINETE SD"],"inLanguage":"pt-BR","potentialAction":[{"@type":"CommentAction","name":"Comment","target":["https:\/\/soldadoadrianojose.com.br\/index.php\/2023\/11\/29\/na-tribuna-deputado-adriano-jose-fala-da-importancia-dos-colegios-civicos-militares-em-dia-de-votacao\/#respond"]}]},{"@type":"WebPage","@id":"https:\/\/soldadoadrianojose.com.br\/index.php\/2023\/11\/29\/na-tribuna-deputado-adriano-jose-fala-da-importancia-dos-colegios-civicos-militares-em-dia-de-votacao\/","url":"https:\/\/soldadoadrianojose.com.br\/index.php\/2023\/11\/29\/na-tribuna-deputado-adriano-jose-fala-da-importancia-dos-colegios-civicos-militares-em-dia-de-votacao\/","name":"Na tribuna deputado Adriano Jos\u00e9 fala da import\u00e2ncia dos col\u00e9gios c\u00edvicos militares em dia de vota\u00e7\u00e3o - Deputado Adriano Jos\u00e9","isPartOf":{"@id":"https:\/\/soldadoadrianojose.com.br\/#website"},"primaryImageOfPage":{"@id":"https:\/\/soldadoadrianojose.com.br\/index.php\/2023\/11\/29\/na-tribuna-deputado-adriano-jose-fala-da-importancia-dos-colegios-civicos-militares-em-dia-de-votacao\/#primaryimage"},"image":{"@id":"https:\/\/soldadoadrianojose.com.br\/index.php\/2023\/11\/29\/na-tribuna-deputado-adriano-jose-fala-da-importancia-dos-colegios-civicos-militares-em-dia-de-votacao\/#primaryimage"},"thumbnailUrl":"https:\/\/soldadoadrianojose.com.br\/wp-content\/uploads\/2023\/11\/adj_2911.jpg","datePublished":"2023-11-29T12:30:00+00:00","dateModified":"2023-11-29T12:30:03+00:00","breadcrumb":{"@id":"https:\/\/soldadoadrianojose.com.br\/index.php\/2023\/11\/29\/na-tribuna-deputado-adriano-jose-fala-da-importancia-dos-colegios-civicos-militares-em-dia-de-votacao\/#breadcrumb"},"inLanguage":"pt-BR","potentialAction":[{"@type":"ReadAction","target":["https:\/\/soldadoadrianojose.com.br\/index.php\/2023\/11\/29\/na-tribuna-deputado-adriano-jose-fala-da-importancia-dos-colegios-civicos-militares-em-dia-de-votacao\/"]}]},{"@type":"ImageObject","inLanguage":"pt-BR","@id":"https:\/\/soldadoadrianojose.com.br\/index.php\/2023\/11\/29\/na-tribuna-deputado-adriano-jose-fala-da-importancia-dos-colegios-civicos-militares-em-dia-de-votacao\/#primaryimage","url":"https:\/\/soldadoadrianojose.com.br\/wp-content\/uploads\/2023\/11\/adj_2911.jpg","contentUrl":"https:\/\/soldadoadrianojose.com.br\/wp-content\/uploads\/2023\/11\/adj_2911.jpg","width":1600,"height":1066},{"@type":"BreadcrumbList","@id":"https:\/\/soldadoadrianojose.com.br\/index.php\/2023\/11\/29\/na-tribuna-deputado-adriano-jose-fala-da-importancia-dos-colegios-civicos-militares-em-dia-de-votacao\/#breadcrumb","itemListElement":[{"@type":"ListItem","position":1,"name":"In\u00edcio","item":"https:\/\/soldadoadrianojose.com.br\/"},{"@type":"ListItem","position":2,"name":"Na tribuna deputado Adriano Jos\u00e9 fala da import\u00e2ncia dos col\u00e9gios c\u00edvicos militares em dia de vota\u00e7\u00e3o"}]},{"@type":"WebSite","@id":"https:\/\/soldadoadrianojose.com.br\/#website","url":"https:\/\/soldadoadrianojose.com.br\/","name":"Deputado Adriano Jos\u00e9","description":"Nosso trabalho \u00e9 pelas pessoas","publisher":{"@id":"https:\/\/soldadoadrianojose.com.br\/#\/schema\/person\/16f8e8defb7a4bd6c6082efcd1bdb6bb"},"potentialAction":[{"@type":"SearchAction","target":{"@type":"EntryPoint","urlTemplate":"https:\/\/soldadoadrianojose.com.br\/?s={search_term_string}"},"query-input":{"@type":"PropertyValueSpecification","valueRequired":true,"valueName":"search_term_string"}}],"inLanguage":"pt-BR"},{"@type":["Person","Organization"],"@id":"https:\/\/soldadoadrianojose.com.br\/#\/schema\/person\/16f8e8defb7a4bd6c6082efcd1bdb6bb","name":"soldadoadrianojose","image":{"@type":"ImageObject","inLanguage":"pt-BR","@id":"https:\/\/soldadoadrianojose.com.br\/wp-content\/uploads\/2023\/02\/LOGO_CLEAR-5.png","url":"https:\/\/soldadoadrianojose.com.br\/wp-content\/uploads\/2023\/02\/LOGO_CLEAR-5.png","contentUrl":"https:\/\/soldadoadrianojose.com.br\/wp-content\/uploads\/2023\/02\/LOGO_CLEAR-5.png","width":3508,"height":998,"caption":"soldadoadrianojose"},"logo":{"@id":"https:\/\/soldadoadrianojose.com.br\/wp-content\/uploads\/2023\/02\/LOGO_CLEAR-5.png"},"sameAs":["https:\/\/soldadoadrianojose.com.br"],"url":"https:\/\/soldadoadrianojose.com.br\/index.php\/author\/soldadoadrianojose\/"}]}},"jetpack_featured_media_url":"https:\/\/soldadoadrianojose.com.br\/wp-content\/uploads\/2023\/11\/adj_2911.jpg","_links":{"self":[{"href":"https:\/\/soldadoadrianojose.com.br\/index.php\/wp-json\/wp\/v2\/posts\/1636","targetHints":{"allow":["GET"]}}],"collection":[{"href":"https:\/\/soldadoadrianojose.com.br\/index.php\/wp-json\/wp\/v2\/posts"}],"about":[{"href":"https:\/\/soldadoadrianojose.com.br\/index.php\/wp-json\/wp\/v2\/types\/post"}],"author":[{"embeddable":true,"href":"https:\/\/soldadoadrianojose.com.br\/index.php\/wp-json\/wp\/v2\/users\/1"}],"replies":[{"embeddable":true,"href":"https:\/\/soldadoadrianojose.com.br\/index.php\/wp-json\/wp\/v2\/comments?post=1636"}],"version-history":[{"count":1,"href":"https:\/\/soldadoadrianojose.com.br\/index.php\/wp-json\/wp\/v2\/posts\/1636\/revisions"}],"predecessor-version":[{"id":1638,"href":"https:\/\/soldadoadrianojose.com.br\/index.php\/wp-json\/wp\/v2\/posts\/1636\/revisions\/1638"}],"wp:featuredmedia":[{"embeddable":true,"href":"https:\/\/soldadoadrianojose.com.br\/index.php\/wp-json\/wp\/v2\/media\/1637"}],"wp:attachment":[{"href":"https:\/\/soldadoadrianojose.com.br\/index.php\/wp-json\/wp\/v2\/media?parent=1636"}],"wp:term":[{"taxonomy":"category","embeddable":true,"href":"https:\/\/soldadoadrianojose.com.br\/index.php\/wp-json\/wp\/v2\/categories?post=1636"},{"taxonomy":"post_tag","embeddable":true,"href":"https:\/\/soldadoadrianojose.com.br\/index.php\/wp-json\/wp\/v2\/tags?post=1636"}],"curies":[{"name":"wp","href":"https:\/\/api.w.org\/{rel}","templated":true}]}}