{"id":1639,"date":"2023-11-29T15:49:06","date_gmt":"2023-11-29T18:49:06","guid":{"rendered":"https:\/\/soldadoadrianojose.com.br\/?p=1639"},"modified":"2023-11-29T15:55:37","modified_gmt":"2023-11-29T18:55:37","slug":"deputado-assina-liberacao-de-verba-para-sinalizacao-viaria-de-sarandi","status":"publish","type":"post","link":"https:\/\/soldadoadrianojose.com.br\/index.php\/2023\/11\/29\/deputado-assina-liberacao-de-verba-para-sinalizacao-viaria-de-sarandi\/","title":{"rendered":"Deputado assina libera\u00e7\u00e3o de verba para Sinaliza\u00e7\u00e3o Viar\u00eda de Sarandi"},"content":{"rendered":"\n<figure class=\"wp-block-image size-large is-resized\"><img fetchpriority=\"high\" decoding=\"async\" width=\"1024\" height=\"682\" src=\"https:\/\/soldadoadrianojose.com.br\/wp-content\/uploads\/2023\/11\/WhatsApp-Image-2023-11-29-at-15.45.08-1024x682.jpeg\" alt=\"\" class=\"wp-image-1640\" style=\"width:469px;height:auto\" srcset=\"https:\/\/soldadoadrianojose.com.br\/wp-content\/uploads\/2023\/11\/WhatsApp-Image-2023-11-29-at-15.45.08-1024x682.jpeg 1024w, https:\/\/soldadoadrianojose.com.br\/wp-content\/uploads\/2023\/11\/WhatsApp-Image-2023-11-29-at-15.45.08-300x200.jpeg 300w, https:\/\/soldadoadrianojose.com.br\/wp-content\/uploads\/2023\/11\/WhatsApp-Image-2023-11-29-at-15.45.08-768x512.jpeg 768w, https:\/\/soldadoadrianojose.com.br\/wp-content\/uploads\/2023\/11\/WhatsApp-Image-2023-11-29-at-15.45.08-1536x1023.jpeg 1536w, https:\/\/soldadoadrianojose.com.br\/wp-content\/uploads\/2023\/11\/WhatsApp-Image-2023-11-29-at-15.45.08.jpeg 1600w\" sizes=\"(max-width: 1024px) 100vw, 1024px\" \/><\/figure>\n\n\n\n<p>O deputado Adriano Jos\u00e9 esteve nesta segunda-feira (31) no Detran-PR para acompanhar a assinatura da ordem de servi\u00e7o que libera recursos para sinaliza\u00e7\u00e3o vi\u00e1ria em Sarandi, atendendo a pedido realizado pelo parlamentar em 2021.<\/p>\n\n\n\n<p>Ser\u00e3o investidos R$ 327 mil na execu\u00e7\u00e3o dos servi\u00e7os, por meio do programa do governador Ratinho Junior de apoio \u00e0s prefeituras na melhoria da sinaliza\u00e7\u00e3o de tr\u00e2nsito.<\/p>\n\n\n\n<p>O deputado agradeceu o empenho dos gestores e servidores do Detran-PR, especialmente o diretor geral Adriano Furtado, pelo trabalho para viabilizar os investimentos que qualificar\u00e3o a sinaliza\u00e7\u00e3o de Sarandi, trazendo mais seguran\u00e7a no tr\u00e2nsito.<\/p>\n\n\n\n<p>Adriano Jos\u00e9 refor\u00e7ou a excel\u00eancia e qualidade com que o Detran desenvolve suas a\u00e7\u00f5es em prol da seguran\u00e7a vi\u00e1ria em todo o Paran\u00e1.<\/p>\n","protected":false},"excerpt":{"rendered":"<p>O deputado Adriano Jos\u00e9 esteve nesta segunda-feira (31) no Detran-PR para acompanhar a assinatura da ordem de servi\u00e7o que libera recursos para sinaliza\u00e7\u00e3o vi\u00e1ria em Sarandi, atendendo a pedido realizado pelo parlamentar em 2021. Ser\u00e3o investidos R$ 327 mil na execu\u00e7\u00e3o dos servi\u00e7os, por meio do programa do governador Ratinho Junior de apoio \u00e0s prefeituras [&hellip;]<\/p>\n","protected":false},"author":1,"featured_media":1640,"comment_status":"open","ping_status":"open","sticky":false,"template":"","format":"standard","meta":{"footnotes":""},"categories":[1],"tags":[19,9],"class_list":["post-1639","post","type-post","status-publish","format-standard","has-post-thumbnail","hentry","category-gabinete-sd","tag-sarandi","tag-soldado-adriano-jose"],"yoast_head":"<!-- This site is optimized with the Yoast SEO plugin v27.4 - https:\/\/yoast.com\/product\/yoast-seo-wordpress\/ -->\n<title>Deputado assina libera\u00e7\u00e3o de verba para Sinaliza\u00e7\u00e3o Viar\u00eda de Sarandi - Deputado Adriano Jos\u00e9<\/title>\n<meta name=\"robots\" content=\"index, follow, max-snippet:-1, max-image-preview:large, max-video-preview:-1\" \/>\n<link rel=\"canonical\" href=\"https:\/\/soldadoadrianojose.com.br\/index.php\/2023\/11\/29\/deputado-assina-liberacao-de-verba-para-sinalizacao-viaria-de-sarandi\/\" \/>\n<meta property=\"og:locale\" content=\"pt_BR\" \/>\n<meta property=\"og:type\" content=\"article\" \/>\n<meta property=\"og:title\" content=\"Deputado assina libera\u00e7\u00e3o de verba para Sinaliza\u00e7\u00e3o Viar\u00eda de Sarandi - Deputado Adriano Jos\u00e9\" \/>\n<meta property=\"og:description\" content=\"O deputado Adriano Jos\u00e9 esteve nesta segunda-feira (31) no Detran-PR para acompanhar a assinatura da ordem de servi\u00e7o que libera recursos para sinaliza\u00e7\u00e3o vi\u00e1ria em Sarandi, atendendo a pedido realizado pelo parlamentar em 2021. Ser\u00e3o investidos R$ 327 mil na execu\u00e7\u00e3o dos servi\u00e7os, por meio do programa do governador Ratinho Junior de apoio \u00e0s prefeituras [&hellip;]\" \/>\n<meta property=\"og:url\" content=\"https:\/\/soldadoadrianojose.com.br\/index.php\/2023\/11\/29\/deputado-assina-liberacao-de-verba-para-sinalizacao-viaria-de-sarandi\/\" \/>\n<meta property=\"og:site_name\" content=\"Deputado Adriano Jos\u00e9\" \/>\n<meta property=\"article:published_time\" content=\"2023-11-29T18:49:06+00:00\" \/>\n<meta property=\"article:modified_time\" content=\"2023-11-29T18:55:37+00:00\" \/>\n<meta property=\"og:image\" content=\"https:\/\/soldadoadrianojose.com.br\/wp-content\/uploads\/2023\/11\/WhatsApp-Image-2023-11-29-at-15.45.08.jpeg\" \/>\n\t<meta property=\"og:image:width\" content=\"1600\" \/>\n\t<meta property=\"og:image:height\" content=\"1066\" \/>\n\t<meta property=\"og:image:type\" content=\"image\/jpeg\" \/>\n<meta name=\"author\" content=\"soldadoadrianojose\" \/>\n<meta name=\"twitter:card\" content=\"summary_large_image\" \/>\n<meta name=\"twitter:label1\" content=\"Escrito por\" \/>\n\t<meta name=\"twitter:data1\" content=\"soldadoadrianojose\" \/>\n\t<meta name=\"twitter:label2\" content=\"Est. tempo de leitura\" \/>\n\t<meta name=\"twitter:data2\" content=\"1 minuto\" \/>\n<script type=\"application\/ld+json\" class=\"yoast-schema-graph\">{\"@context\":\"https:\\\/\\\/schema.org\",\"@graph\":[{\"@type\":\"Article\",\"@id\":\"https:\\\/\\\/soldadoadrianojose.com.br\\\/index.php\\\/2023\\\/11\\\/29\\\/deputado-assina-liberacao-de-verba-para-sinalizacao-viaria-de-sarandi\\\/#article\",\"isPartOf\":{\"@id\":\"https:\\\/\\\/soldadoadrianojose.com.br\\\/index.php\\\/2023\\\/11\\\/29\\\/deputado-assina-liberacao-de-verba-para-sinalizacao-viaria-de-sarandi\\\/\"},\"author\":{\"name\":\"soldadoadrianojose\",\"@id\":\"https:\\\/\\\/soldadoadrianojose.com.br\\\/#\\\/schema\\\/person\\\/16f8e8defb7a4bd6c6082efcd1bdb6bb\"},\"headline\":\"Deputado assina libera\u00e7\u00e3o de verba para Sinaliza\u00e7\u00e3o Viar\u00eda de Sarandi\",\"datePublished\":\"2023-11-29T18:49:06+00:00\",\"dateModified\":\"2023-11-29T18:55:37+00:00\",\"mainEntityOfPage\":{\"@id\":\"https:\\\/\\\/soldadoadrianojose.com.br\\\/index.php\\\/2023\\\/11\\\/29\\\/deputado-assina-liberacao-de-verba-para-sinalizacao-viaria-de-sarandi\\\/\"},\"wordCount\":145,\"commentCount\":0,\"publisher\":{\"@id\":\"https:\\\/\\\/soldadoadrianojose.com.br\\\/#\\\/schema\\\/person\\\/16f8e8defb7a4bd6c6082efcd1bdb6bb\"},\"image\":{\"@id\":\"https:\\\/\\\/soldadoadrianojose.com.br\\\/index.php\\\/2023\\\/11\\\/29\\\/deputado-assina-liberacao-de-verba-para-sinalizacao-viaria-de-sarandi\\\/#primaryimage\"},\"thumbnailUrl\":\"https:\\\/\\\/soldadoadrianojose.com.br\\\/wp-content\\\/uploads\\\/2023\\\/11\\\/WhatsApp-Image-2023-11-29-at-15.45.08.jpeg\",\"keywords\":[\"sarandi\",\"soldado adriano jose\"],\"articleSection\":[\"GABINETE SD\"],\"inLanguage\":\"pt-BR\",\"potentialAction\":[{\"@type\":\"CommentAction\",\"name\":\"Comment\",\"target\":[\"https:\\\/\\\/soldadoadrianojose.com.br\\\/index.php\\\/2023\\\/11\\\/29\\\/deputado-assina-liberacao-de-verba-para-sinalizacao-viaria-de-sarandi\\\/#respond\"]}]},{\"@type\":\"WebPage\",\"@id\":\"https:\\\/\\\/soldadoadrianojose.com.br\\\/index.php\\\/2023\\\/11\\\/29\\\/deputado-assina-liberacao-de-verba-para-sinalizacao-viaria-de-sarandi\\\/\",\"url\":\"https:\\\/\\\/soldadoadrianojose.com.br\\\/index.php\\\/2023\\\/11\\\/29\\\/deputado-assina-liberacao-de-verba-para-sinalizacao-viaria-de-sarandi\\\/\",\"name\":\"Deputado assina libera\u00e7\u00e3o de verba para Sinaliza\u00e7\u00e3o Viar\u00eda de Sarandi - Deputado Adriano Jos\u00e9\",\"isPartOf\":{\"@id\":\"https:\\\/\\\/soldadoadrianojose.com.br\\\/#website\"},\"primaryImageOfPage\":{\"@id\":\"https:\\\/\\\/soldadoadrianojose.com.br\\\/index.php\\\/2023\\\/11\\\/29\\\/deputado-assina-liberacao-de-verba-para-sinalizacao-viaria-de-sarandi\\\/#primaryimage\"},\"image\":{\"@id\":\"https:\\\/\\\/soldadoadrianojose.com.br\\\/index.php\\\/2023\\\/11\\\/29\\\/deputado-assina-liberacao-de-verba-para-sinalizacao-viaria-de-sarandi\\\/#primaryimage\"},\"thumbnailUrl\":\"https:\\\/\\\/soldadoadrianojose.com.br\\\/wp-content\\\/uploads\\\/2023\\\/11\\\/WhatsApp-Image-2023-11-29-at-15.45.08.jpeg\",\"datePublished\":\"2023-11-29T18:49:06+00:00\",\"dateModified\":\"2023-11-29T18:55:37+00:00\",\"breadcrumb\":{\"@id\":\"https:\\\/\\\/soldadoadrianojose.com.br\\\/index.php\\\/2023\\\/11\\\/29\\\/deputado-assina-liberacao-de-verba-para-sinalizacao-viaria-de-sarandi\\\/#breadcrumb\"},\"inLanguage\":\"pt-BR\",\"potentialAction\":[{\"@type\":\"ReadAction\",\"target\":[\"https:\\\/\\\/soldadoadrianojose.com.br\\\/index.php\\\/2023\\\/11\\\/29\\\/deputado-assina-liberacao-de-verba-para-sinalizacao-viaria-de-sarandi\\\/\"]}]},{\"@type\":\"ImageObject\",\"inLanguage\":\"pt-BR\",\"@id\":\"https:\\\/\\\/soldadoadrianojose.com.br\\\/index.php\\\/2023\\\/11\\\/29\\\/deputado-assina-liberacao-de-verba-para-sinalizacao-viaria-de-sarandi\\\/#primaryimage\",\"url\":\"https:\\\/\\\/soldadoadrianojose.com.br\\\/wp-content\\\/uploads\\\/2023\\\/11\\\/WhatsApp-Image-2023-11-29-at-15.45.08.jpeg\",\"contentUrl\":\"https:\\\/\\\/soldadoadrianojose.com.br\\\/wp-content\\\/uploads\\\/2023\\\/11\\\/WhatsApp-Image-2023-11-29-at-15.45.08.jpeg\",\"width\":1600,\"height\":1066},{\"@type\":\"BreadcrumbList\",\"@id\":\"https:\\\/\\\/soldadoadrianojose.com.br\\\/index.php\\\/2023\\\/11\\\/29\\\/deputado-assina-liberacao-de-verba-para-sinalizacao-viaria-de-sarandi\\\/#breadcrumb\",\"itemListElement\":[{\"@type\":\"ListItem\",\"position\":1,\"name\":\"In\u00edcio\",\"item\":\"https:\\\/\\\/soldadoadrianojose.com.br\\\/\"},{\"@type\":\"ListItem\",\"position\":2,\"name\":\"Deputado assina libera\u00e7\u00e3o de verba para Sinaliza\u00e7\u00e3o Viar\u00eda de Sarandi\"}]},{\"@type\":\"WebSite\",\"@id\":\"https:\\\/\\\/soldadoadrianojose.com.br\\\/#website\",\"url\":\"https:\\\/\\\/soldadoadrianojose.com.br\\\/\",\"name\":\"Deputado Adriano Jos\u00e9\",\"description\":\"Nosso trabalho \u00e9 pelas pessoas\",\"publisher\":{\"@id\":\"https:\\\/\\\/soldadoadrianojose.com.br\\\/#\\\/schema\\\/person\\\/16f8e8defb7a4bd6c6082efcd1bdb6bb\"},\"potentialAction\":[{\"@type\":\"SearchAction\",\"target\":{\"@type\":\"EntryPoint\",\"urlTemplate\":\"https:\\\/\\\/soldadoadrianojose.com.br\\\/?s={search_term_string}\"},\"query-input\":{\"@type\":\"PropertyValueSpecification\",\"valueRequired\":true,\"valueName\":\"search_term_string\"}}],\"inLanguage\":\"pt-BR\"},{\"@type\":[\"Person\",\"Organization\"],\"@id\":\"https:\\\/\\\/soldadoadrianojose.com.br\\\/#\\\/schema\\\/person\\\/16f8e8defb7a4bd6c6082efcd1bdb6bb\",\"name\":\"soldadoadrianojose\",\"image\":{\"@type\":\"ImageObject\",\"inLanguage\":\"pt-BR\",\"@id\":\"https:\\\/\\\/soldadoadrianojose.com.br\\\/wp-content\\\/uploads\\\/2023\\\/02\\\/LOGO_CLEAR-5.png\",\"url\":\"https:\\\/\\\/soldadoadrianojose.com.br\\\/wp-content\\\/uploads\\\/2023\\\/02\\\/LOGO_CLEAR-5.png\",\"contentUrl\":\"https:\\\/\\\/soldadoadrianojose.com.br\\\/wp-content\\\/uploads\\\/2023\\\/02\\\/LOGO_CLEAR-5.png\",\"width\":3508,\"height\":998,\"caption\":\"soldadoadrianojose\"},\"logo\":{\"@id\":\"https:\\\/\\\/soldadoadrianojose.com.br\\\/wp-content\\\/uploads\\\/2023\\\/02\\\/LOGO_CLEAR-5.png\"},\"sameAs\":[\"https:\\\/\\\/soldadoadrianojose.com.br\"],\"url\":\"https:\\\/\\\/soldadoadrianojose.com.br\\\/index.php\\\/author\\\/soldadoadrianojose\\\/\"}]}<\/script>\n<!-- \/ Yoast SEO plugin. -->","yoast_head_json":{"title":"Deputado assina libera\u00e7\u00e3o de verba para Sinaliza\u00e7\u00e3o Viar\u00eda de Sarandi - Deputado Adriano Jos\u00e9","robots":{"index":"index","follow":"follow","max-snippet":"max-snippet:-1","max-image-preview":"max-image-preview:large","max-video-preview":"max-video-preview:-1"},"canonical":"https:\/\/soldadoadrianojose.com.br\/index.php\/2023\/11\/29\/deputado-assina-liberacao-de-verba-para-sinalizacao-viaria-de-sarandi\/","og_locale":"pt_BR","og_type":"article","og_title":"Deputado assina libera\u00e7\u00e3o de verba para Sinaliza\u00e7\u00e3o Viar\u00eda de Sarandi - Deputado Adriano Jos\u00e9","og_description":"O deputado Adriano Jos\u00e9 esteve nesta segunda-feira (31) no Detran-PR para acompanhar a assinatura da ordem de servi\u00e7o que libera recursos para sinaliza\u00e7\u00e3o vi\u00e1ria em Sarandi, atendendo a pedido realizado pelo parlamentar em 2021. Ser\u00e3o investidos R$ 327 mil na execu\u00e7\u00e3o dos servi\u00e7os, por meio do programa do governador Ratinho Junior de apoio \u00e0s prefeituras [&hellip;]","og_url":"https:\/\/soldadoadrianojose.com.br\/index.php\/2023\/11\/29\/deputado-assina-liberacao-de-verba-para-sinalizacao-viaria-de-sarandi\/","og_site_name":"Deputado Adriano Jos\u00e9","article_published_time":"2023-11-29T18:49:06+00:00","article_modified_time":"2023-11-29T18:55:37+00:00","og_image":[{"width":1600,"height":1066,"url":"https:\/\/soldadoadrianojose.com.br\/wp-content\/uploads\/2023\/11\/WhatsApp-Image-2023-11-29-at-15.45.08.jpeg","type":"image\/jpeg"}],"author":"soldadoadrianojose","twitter_card":"summary_large_image","twitter_misc":{"Escrito por":"soldadoadrianojose","Est. tempo de leitura":"1 minuto"},"schema":{"@context":"https:\/\/schema.org","@graph":[{"@type":"Article","@id":"https:\/\/soldadoadrianojose.com.br\/index.php\/2023\/11\/29\/deputado-assina-liberacao-de-verba-para-sinalizacao-viaria-de-sarandi\/#article","isPartOf":{"@id":"https:\/\/soldadoadrianojose.com.br\/index.php\/2023\/11\/29\/deputado-assina-liberacao-de-verba-para-sinalizacao-viaria-de-sarandi\/"},"author":{"name":"soldadoadrianojose","@id":"https:\/\/soldadoadrianojose.com.br\/#\/schema\/person\/16f8e8defb7a4bd6c6082efcd1bdb6bb"},"headline":"Deputado assina libera\u00e7\u00e3o de verba para Sinaliza\u00e7\u00e3o Viar\u00eda de Sarandi","datePublished":"2023-11-29T18:49:06+00:00","dateModified":"2023-11-29T18:55:37+00:00","mainEntityOfPage":{"@id":"https:\/\/soldadoadrianojose.com.br\/index.php\/2023\/11\/29\/deputado-assina-liberacao-de-verba-para-sinalizacao-viaria-de-sarandi\/"},"wordCount":145,"commentCount":0,"publisher":{"@id":"https:\/\/soldadoadrianojose.com.br\/#\/schema\/person\/16f8e8defb7a4bd6c6082efcd1bdb6bb"},"image":{"@id":"https:\/\/soldadoadrianojose.com.br\/index.php\/2023\/11\/29\/deputado-assina-liberacao-de-verba-para-sinalizacao-viaria-de-sarandi\/#primaryimage"},"thumbnailUrl":"https:\/\/soldadoadrianojose.com.br\/wp-content\/uploads\/2023\/11\/WhatsApp-Image-2023-11-29-at-15.45.08.jpeg","keywords":["sarandi","soldado adriano jose"],"articleSection":["GABINETE SD"],"inLanguage":"pt-BR","potentialAction":[{"@type":"CommentAction","name":"Comment","target":["https:\/\/soldadoadrianojose.com.br\/index.php\/2023\/11\/29\/deputado-assina-liberacao-de-verba-para-sinalizacao-viaria-de-sarandi\/#respond"]}]},{"@type":"WebPage","@id":"https:\/\/soldadoadrianojose.com.br\/index.php\/2023\/11\/29\/deputado-assina-liberacao-de-verba-para-sinalizacao-viaria-de-sarandi\/","url":"https:\/\/soldadoadrianojose.com.br\/index.php\/2023\/11\/29\/deputado-assina-liberacao-de-verba-para-sinalizacao-viaria-de-sarandi\/","name":"Deputado assina libera\u00e7\u00e3o de verba para Sinaliza\u00e7\u00e3o Viar\u00eda de Sarandi - Deputado Adriano Jos\u00e9","isPartOf":{"@id":"https:\/\/soldadoadrianojose.com.br\/#website"},"primaryImageOfPage":{"@id":"https:\/\/soldadoadrianojose.com.br\/index.php\/2023\/11\/29\/deputado-assina-liberacao-de-verba-para-sinalizacao-viaria-de-sarandi\/#primaryimage"},"image":{"@id":"https:\/\/soldadoadrianojose.com.br\/index.php\/2023\/11\/29\/deputado-assina-liberacao-de-verba-para-sinalizacao-viaria-de-sarandi\/#primaryimage"},"thumbnailUrl":"https:\/\/soldadoadrianojose.com.br\/wp-content\/uploads\/2023\/11\/WhatsApp-Image-2023-11-29-at-15.45.08.jpeg","datePublished":"2023-11-29T18:49:06+00:00","dateModified":"2023-11-29T18:55:37+00:00","breadcrumb":{"@id":"https:\/\/soldadoadrianojose.com.br\/index.php\/2023\/11\/29\/deputado-assina-liberacao-de-verba-para-sinalizacao-viaria-de-sarandi\/#breadcrumb"},"inLanguage":"pt-BR","potentialAction":[{"@type":"ReadAction","target":["https:\/\/soldadoadrianojose.com.br\/index.php\/2023\/11\/29\/deputado-assina-liberacao-de-verba-para-sinalizacao-viaria-de-sarandi\/"]}]},{"@type":"ImageObject","inLanguage":"pt-BR","@id":"https:\/\/soldadoadrianojose.com.br\/index.php\/2023\/11\/29\/deputado-assina-liberacao-de-verba-para-sinalizacao-viaria-de-sarandi\/#primaryimage","url":"https:\/\/soldadoadrianojose.com.br\/wp-content\/uploads\/2023\/11\/WhatsApp-Image-2023-11-29-at-15.45.08.jpeg","contentUrl":"https:\/\/soldadoadrianojose.com.br\/wp-content\/uploads\/2023\/11\/WhatsApp-Image-2023-11-29-at-15.45.08.jpeg","width":1600,"height":1066},{"@type":"BreadcrumbList","@id":"https:\/\/soldadoadrianojose.com.br\/index.php\/2023\/11\/29\/deputado-assina-liberacao-de-verba-para-sinalizacao-viaria-de-sarandi\/#breadcrumb","itemListElement":[{"@type":"ListItem","position":1,"name":"In\u00edcio","item":"https:\/\/soldadoadrianojose.com.br\/"},{"@type":"ListItem","position":2,"name":"Deputado assina libera\u00e7\u00e3o de verba para Sinaliza\u00e7\u00e3o Viar\u00eda de Sarandi"}]},{"@type":"WebSite","@id":"https:\/\/soldadoadrianojose.com.br\/#website","url":"https:\/\/soldadoadrianojose.com.br\/","name":"Deputado Adriano Jos\u00e9","description":"Nosso trabalho \u00e9 pelas pessoas","publisher":{"@id":"https:\/\/soldadoadrianojose.com.br\/#\/schema\/person\/16f8e8defb7a4bd6c6082efcd1bdb6bb"},"potentialAction":[{"@type":"SearchAction","target":{"@type":"EntryPoint","urlTemplate":"https:\/\/soldadoadrianojose.com.br\/?s={search_term_string}"},"query-input":{"@type":"PropertyValueSpecification","valueRequired":true,"valueName":"search_term_string"}}],"inLanguage":"pt-BR"},{"@type":["Person","Organization"],"@id":"https:\/\/soldadoadrianojose.com.br\/#\/schema\/person\/16f8e8defb7a4bd6c6082efcd1bdb6bb","name":"soldadoadrianojose","image":{"@type":"ImageObject","inLanguage":"pt-BR","@id":"https:\/\/soldadoadrianojose.com.br\/wp-content\/uploads\/2023\/02\/LOGO_CLEAR-5.png","url":"https:\/\/soldadoadrianojose.com.br\/wp-content\/uploads\/2023\/02\/LOGO_CLEAR-5.png","contentUrl":"https:\/\/soldadoadrianojose.com.br\/wp-content\/uploads\/2023\/02\/LOGO_CLEAR-5.png","width":3508,"height":998,"caption":"soldadoadrianojose"},"logo":{"@id":"https:\/\/soldadoadrianojose.com.br\/wp-content\/uploads\/2023\/02\/LOGO_CLEAR-5.png"},"sameAs":["https:\/\/soldadoadrianojose.com.br"],"url":"https:\/\/soldadoadrianojose.com.br\/index.php\/author\/soldadoadrianojose\/"}]}},"jetpack_featured_media_url":"https:\/\/soldadoadrianojose.com.br\/wp-content\/uploads\/2023\/11\/WhatsApp-Image-2023-11-29-at-15.45.08.jpeg","_links":{"self":[{"href":"https:\/\/soldadoadrianojose.com.br\/index.php\/wp-json\/wp\/v2\/posts\/1639","targetHints":{"allow":["GET"]}}],"collection":[{"href":"https:\/\/soldadoadrianojose.com.br\/index.php\/wp-json\/wp\/v2\/posts"}],"about":[{"href":"https:\/\/soldadoadrianojose.com.br\/index.php\/wp-json\/wp\/v2\/types\/post"}],"author":[{"embeddable":true,"href":"https:\/\/soldadoadrianojose.com.br\/index.php\/wp-json\/wp\/v2\/users\/1"}],"replies":[{"embeddable":true,"href":"https:\/\/soldadoadrianojose.com.br\/index.php\/wp-json\/wp\/v2\/comments?post=1639"}],"version-history":[{"count":2,"href":"https:\/\/soldadoadrianojose.com.br\/index.php\/wp-json\/wp\/v2\/posts\/1639\/revisions"}],"predecessor-version":[{"id":1645,"href":"https:\/\/soldadoadrianojose.com.br\/index.php\/wp-json\/wp\/v2\/posts\/1639\/revisions\/1645"}],"wp:featuredmedia":[{"embeddable":true,"href":"https:\/\/soldadoadrianojose.com.br\/index.php\/wp-json\/wp\/v2\/media\/1640"}],"wp:attachment":[{"href":"https:\/\/soldadoadrianojose.com.br\/index.php\/wp-json\/wp\/v2\/media?parent=1639"}],"wp:term":[{"taxonomy":"category","embeddable":true,"href":"https:\/\/soldadoadrianojose.com.br\/index.php\/wp-json\/wp\/v2\/categories?post=1639"},{"taxonomy":"post_tag","embeddable":true,"href":"https:\/\/soldadoadrianojose.com.br\/index.php\/wp-json\/wp\/v2\/tags?post=1639"}],"curies":[{"name":"wp","href":"https:\/\/api.w.org\/{rel}","templated":true}]}}