{"id":1646,"date":"2023-11-30T12:57:26","date_gmt":"2023-11-30T15:57:26","guid":{"rendered":"https:\/\/soldadoadrianojose.com.br\/?p=1646"},"modified":"2023-11-30T13:06:25","modified_gmt":"2023-11-30T16:06:25","slug":"com-mais-de-90-de-aprovacao-floresta-pr-aprova-colegio-civico-militar-na-cidade","status":"publish","type":"post","link":"https:\/\/soldadoadrianojose.com.br\/index.php\/2023\/11\/30\/com-mais-de-90-de-aprovacao-floresta-pr-aprova-colegio-civico-militar-na-cidade\/","title":{"rendered":"Com mais de 90% de aprova\u00e7\u00e3o, Floresta-PR aprova Col\u00e9gio C\u00edvico Militar na cidade"},"content":{"rendered":"\n<p>O deputado Soldado Adriano Jos\u00e9 esteve hoje no munic\u00edpio de Floresta para agradecer o empenho de todos os envolvidos na conquista da implanta\u00e7\u00e3o de uma unidade do Col\u00e9gio da C\u00edvico Militar na cidade.<\/p>\n\n\n\n<p>Com mais de 90% de aprova\u00e7\u00e3o em consulta realizada junto \u00e0 comunidade escolar, Floresta passar\u00e1 a contar com o modelo c\u00edvico-militar de ensino, por meio do programa coordenado pela Secretaria de Estado da Educa\u00e7\u00e3o.<\/p>\n\n\n\n<p><\/p>\n\n\n\n<p>Em discurso durante visita \u00e0 Escola Estadual Presidente Arthur Costa e, onde funcionar\u00e1 o col\u00e9gio, Adriano Jos\u00e9 parabenizou o prefeito D\u00ea, a diretora Simone de Oliveira, a secret\u00e1ria de educa\u00e7\u00e3o Selma Mansano Giroto, o vereador Jo\u00e3o Brustolin, o Sub. Tenente Afonso, o secret\u00e1rio de Fazenda Jun\u00e3o, o Secret\u00e1rio de Sa\u00fade,  Rog\u00e9rio, e Major Mansano e tamb\u00e9m professores, servidores, pais, alunos e todos os demais envolvidos nessa importante conquista, que certamente ir\u00e1 transformar ainda mais a educa\u00e7\u00e3o do nosso estado.<\/p>\n\n\n\n<figure class=\"wp-block-image size-large is-resized\"><img fetchpriority=\"high\" decoding=\"async\" width=\"1024\" height=\"768\" src=\"https:\/\/soldadoadrianojose.com.br\/wp-content\/uploads\/2023\/11\/WhatsApp-Image-2023-11-30-at-10.55.08-1024x768.jpeg\" alt=\"\" class=\"wp-image-1650\" style=\"width:452px;height:auto\" srcset=\"https:\/\/soldadoadrianojose.com.br\/wp-content\/uploads\/2023\/11\/WhatsApp-Image-2023-11-30-at-10.55.08-1024x768.jpeg 1024w, https:\/\/soldadoadrianojose.com.br\/wp-content\/uploads\/2023\/11\/WhatsApp-Image-2023-11-30-at-10.55.08-300x225.jpeg 300w, https:\/\/soldadoadrianojose.com.br\/wp-content\/uploads\/2023\/11\/WhatsApp-Image-2023-11-30-at-10.55.08-768x576.jpeg 768w, https:\/\/soldadoadrianojose.com.br\/wp-content\/uploads\/2023\/11\/WhatsApp-Image-2023-11-30-at-10.55.08-1536x1152.jpeg 1536w, https:\/\/soldadoadrianojose.com.br\/wp-content\/uploads\/2023\/11\/WhatsApp-Image-2023-11-30-at-10.55.08.jpeg 1600w\" sizes=\"(max-width: 1024px) 100vw, 1024px\" \/><\/figure>\n\n\n\n<p>O deputado ressaltou que o governador Ratinho Junior ir\u00e1 viabilizar m recursos para adequar a estrutura da institui\u00e7\u00e3o de ensino e assegurou respaldo \u00e0 melhoria cont\u00ednua da educa\u00e7\u00e3o no Paran\u00e1.<\/p>\n\n\n\n<figure class=\"wp-block-image size-large is-resized\"><img decoding=\"async\" width=\"1024\" height=\"768\" src=\"https:\/\/soldadoadrianojose.com.br\/wp-content\/uploads\/2023\/11\/WhatsApp-Image-2023-11-30-at-10.55.11-1024x768.jpeg\" alt=\"\" class=\"wp-image-1647\" style=\"width:490px;height:auto\" srcset=\"https:\/\/soldadoadrianojose.com.br\/wp-content\/uploads\/2023\/11\/WhatsApp-Image-2023-11-30-at-10.55.11-1024x768.jpeg 1024w, https:\/\/soldadoadrianojose.com.br\/wp-content\/uploads\/2023\/11\/WhatsApp-Image-2023-11-30-at-10.55.11-300x225.jpeg 300w, https:\/\/soldadoadrianojose.com.br\/wp-content\/uploads\/2023\/11\/WhatsApp-Image-2023-11-30-at-10.55.11-768x576.jpeg 768w, https:\/\/soldadoadrianojose.com.br\/wp-content\/uploads\/2023\/11\/WhatsApp-Image-2023-11-30-at-10.55.11-1536x1152.jpeg 1536w, https:\/\/soldadoadrianojose.com.br\/wp-content\/uploads\/2023\/11\/WhatsApp-Image-2023-11-30-at-10.55.11.jpeg 1600w\" sizes=\"(max-width: 1024px) 100vw, 1024px\" \/><\/figure>\n","protected":false},"excerpt":{"rendered":"<p>O deputado Soldado Adriano Jos\u00e9 esteve hoje no munic\u00edpio de Floresta para agradecer o empenho de todos os envolvidos na conquista da implanta\u00e7\u00e3o de uma unidade do Col\u00e9gio da C\u00edvico Militar na cidade. Com mais de 90% de aprova\u00e7\u00e3o em consulta realizada junto \u00e0 comunidade escolar, Floresta passar\u00e1 a contar com o modelo c\u00edvico-militar de [&hellip;]<\/p>\n","protected":false},"author":1,"featured_media":1647,"comment_status":"open","ping_status":"open","sticky":false,"template":"","format":"standard","meta":{"footnotes":""},"categories":[1,5],"tags":[47,12],"class_list":["post-1646","post","type-post","status-publish","format-standard","has-post-thumbnail","hentry","category-gabinete-sd","category-parana","tag-floresta","tag-parana"],"yoast_head":"<!-- This site is optimized with the Yoast SEO plugin v27.4 - https:\/\/yoast.com\/product\/yoast-seo-wordpress\/ -->\n<title>Com mais de 90% de aprova\u00e7\u00e3o, Floresta-PR aprova Col\u00e9gio C\u00edvico Militar na cidade - Deputado Adriano Jos\u00e9<\/title>\n<meta name=\"robots\" content=\"index, follow, max-snippet:-1, max-image-preview:large, max-video-preview:-1\" \/>\n<link rel=\"canonical\" href=\"https:\/\/soldadoadrianojose.com.br\/index.php\/2023\/11\/30\/com-mais-de-90-de-aprovacao-floresta-pr-aprova-colegio-civico-militar-na-cidade\/\" \/>\n<meta property=\"og:locale\" content=\"pt_BR\" \/>\n<meta property=\"og:type\" content=\"article\" \/>\n<meta property=\"og:title\" content=\"Com mais de 90% de aprova\u00e7\u00e3o, Floresta-PR aprova Col\u00e9gio C\u00edvico Militar na cidade - Deputado Adriano Jos\u00e9\" \/>\n<meta property=\"og:description\" content=\"O deputado Soldado Adriano Jos\u00e9 esteve hoje no munic\u00edpio de Floresta para agradecer o empenho de todos os envolvidos na conquista da implanta\u00e7\u00e3o de uma unidade do Col\u00e9gio da C\u00edvico Militar na cidade. Com mais de 90% de aprova\u00e7\u00e3o em consulta realizada junto \u00e0 comunidade escolar, Floresta passar\u00e1 a contar com o modelo c\u00edvico-militar de [&hellip;]\" \/>\n<meta property=\"og:url\" content=\"https:\/\/soldadoadrianojose.com.br\/index.php\/2023\/11\/30\/com-mais-de-90-de-aprovacao-floresta-pr-aprova-colegio-civico-militar-na-cidade\/\" \/>\n<meta property=\"og:site_name\" content=\"Deputado Adriano Jos\u00e9\" \/>\n<meta property=\"article:published_time\" content=\"2023-11-30T15:57:26+00:00\" \/>\n<meta property=\"article:modified_time\" content=\"2023-11-30T16:06:25+00:00\" \/>\n<meta property=\"og:image\" content=\"https:\/\/soldadoadrianojose.com.br\/wp-content\/uploads\/2023\/11\/WhatsApp-Image-2023-11-30-at-10.55.11.jpeg\" \/>\n\t<meta property=\"og:image:width\" content=\"1600\" \/>\n\t<meta property=\"og:image:height\" content=\"1200\" \/>\n\t<meta property=\"og:image:type\" content=\"image\/jpeg\" \/>\n<meta name=\"author\" content=\"soldadoadrianojose\" \/>\n<meta name=\"twitter:card\" content=\"summary_large_image\" \/>\n<meta name=\"twitter:label1\" content=\"Escrito por\" \/>\n\t<meta name=\"twitter:data1\" content=\"soldadoadrianojose\" \/>\n\t<meta name=\"twitter:label2\" content=\"Est. tempo de leitura\" \/>\n\t<meta name=\"twitter:data2\" content=\"2 minutos\" \/>\n<script type=\"application\/ld+json\" class=\"yoast-schema-graph\">{\"@context\":\"https:\\\/\\\/schema.org\",\"@graph\":[{\"@type\":\"Article\",\"@id\":\"https:\\\/\\\/soldadoadrianojose.com.br\\\/index.php\\\/2023\\\/11\\\/30\\\/com-mais-de-90-de-aprovacao-floresta-pr-aprova-colegio-civico-militar-na-cidade\\\/#article\",\"isPartOf\":{\"@id\":\"https:\\\/\\\/soldadoadrianojose.com.br\\\/index.php\\\/2023\\\/11\\\/30\\\/com-mais-de-90-de-aprovacao-floresta-pr-aprova-colegio-civico-militar-na-cidade\\\/\"},\"author\":{\"name\":\"soldadoadrianojose\",\"@id\":\"https:\\\/\\\/soldadoadrianojose.com.br\\\/#\\\/schema\\\/person\\\/16f8e8defb7a4bd6c6082efcd1bdb6bb\"},\"headline\":\"Com mais de 90% de aprova\u00e7\u00e3o, Floresta-PR aprova Col\u00e9gio C\u00edvico Militar na cidade\",\"datePublished\":\"2023-11-30T15:57:26+00:00\",\"dateModified\":\"2023-11-30T16:06:25+00:00\",\"mainEntityOfPage\":{\"@id\":\"https:\\\/\\\/soldadoadrianojose.com.br\\\/index.php\\\/2023\\\/11\\\/30\\\/com-mais-de-90-de-aprovacao-floresta-pr-aprova-colegio-civico-militar-na-cidade\\\/\"},\"wordCount\":208,\"commentCount\":1,\"publisher\":{\"@id\":\"https:\\\/\\\/soldadoadrianojose.com.br\\\/#\\\/schema\\\/person\\\/16f8e8defb7a4bd6c6082efcd1bdb6bb\"},\"image\":{\"@id\":\"https:\\\/\\\/soldadoadrianojose.com.br\\\/index.php\\\/2023\\\/11\\\/30\\\/com-mais-de-90-de-aprovacao-floresta-pr-aprova-colegio-civico-militar-na-cidade\\\/#primaryimage\"},\"thumbnailUrl\":\"https:\\\/\\\/soldadoadrianojose.com.br\\\/wp-content\\\/uploads\\\/2023\\\/11\\\/WhatsApp-Image-2023-11-30-at-10.55.11.jpeg\",\"keywords\":[\"floresta\",\"paran\u00e1\"],\"articleSection\":[\"GABINETE SD\",\"PARAN\u00c1\"],\"inLanguage\":\"pt-BR\",\"potentialAction\":[{\"@type\":\"CommentAction\",\"name\":\"Comment\",\"target\":[\"https:\\\/\\\/soldadoadrianojose.com.br\\\/index.php\\\/2023\\\/11\\\/30\\\/com-mais-de-90-de-aprovacao-floresta-pr-aprova-colegio-civico-militar-na-cidade\\\/#respond\"]}]},{\"@type\":\"WebPage\",\"@id\":\"https:\\\/\\\/soldadoadrianojose.com.br\\\/index.php\\\/2023\\\/11\\\/30\\\/com-mais-de-90-de-aprovacao-floresta-pr-aprova-colegio-civico-militar-na-cidade\\\/\",\"url\":\"https:\\\/\\\/soldadoadrianojose.com.br\\\/index.php\\\/2023\\\/11\\\/30\\\/com-mais-de-90-de-aprovacao-floresta-pr-aprova-colegio-civico-militar-na-cidade\\\/\",\"name\":\"Com mais de 90% de aprova\u00e7\u00e3o, Floresta-PR aprova Col\u00e9gio C\u00edvico Militar na cidade - Deputado Adriano Jos\u00e9\",\"isPartOf\":{\"@id\":\"https:\\\/\\\/soldadoadrianojose.com.br\\\/#website\"},\"primaryImageOfPage\":{\"@id\":\"https:\\\/\\\/soldadoadrianojose.com.br\\\/index.php\\\/2023\\\/11\\\/30\\\/com-mais-de-90-de-aprovacao-floresta-pr-aprova-colegio-civico-militar-na-cidade\\\/#primaryimage\"},\"image\":{\"@id\":\"https:\\\/\\\/soldadoadrianojose.com.br\\\/index.php\\\/2023\\\/11\\\/30\\\/com-mais-de-90-de-aprovacao-floresta-pr-aprova-colegio-civico-militar-na-cidade\\\/#primaryimage\"},\"thumbnailUrl\":\"https:\\\/\\\/soldadoadrianojose.com.br\\\/wp-content\\\/uploads\\\/2023\\\/11\\\/WhatsApp-Image-2023-11-30-at-10.55.11.jpeg\",\"datePublished\":\"2023-11-30T15:57:26+00:00\",\"dateModified\":\"2023-11-30T16:06:25+00:00\",\"breadcrumb\":{\"@id\":\"https:\\\/\\\/soldadoadrianojose.com.br\\\/index.php\\\/2023\\\/11\\\/30\\\/com-mais-de-90-de-aprovacao-floresta-pr-aprova-colegio-civico-militar-na-cidade\\\/#breadcrumb\"},\"inLanguage\":\"pt-BR\",\"potentialAction\":[{\"@type\":\"ReadAction\",\"target\":[\"https:\\\/\\\/soldadoadrianojose.com.br\\\/index.php\\\/2023\\\/11\\\/30\\\/com-mais-de-90-de-aprovacao-floresta-pr-aprova-colegio-civico-militar-na-cidade\\\/\"]}]},{\"@type\":\"ImageObject\",\"inLanguage\":\"pt-BR\",\"@id\":\"https:\\\/\\\/soldadoadrianojose.com.br\\\/index.php\\\/2023\\\/11\\\/30\\\/com-mais-de-90-de-aprovacao-floresta-pr-aprova-colegio-civico-militar-na-cidade\\\/#primaryimage\",\"url\":\"https:\\\/\\\/soldadoadrianojose.com.br\\\/wp-content\\\/uploads\\\/2023\\\/11\\\/WhatsApp-Image-2023-11-30-at-10.55.11.jpeg\",\"contentUrl\":\"https:\\\/\\\/soldadoadrianojose.com.br\\\/wp-content\\\/uploads\\\/2023\\\/11\\\/WhatsApp-Image-2023-11-30-at-10.55.11.jpeg\",\"width\":1600,\"height\":1200},{\"@type\":\"BreadcrumbList\",\"@id\":\"https:\\\/\\\/soldadoadrianojose.com.br\\\/index.php\\\/2023\\\/11\\\/30\\\/com-mais-de-90-de-aprovacao-floresta-pr-aprova-colegio-civico-militar-na-cidade\\\/#breadcrumb\",\"itemListElement\":[{\"@type\":\"ListItem\",\"position\":1,\"name\":\"In\u00edcio\",\"item\":\"https:\\\/\\\/soldadoadrianojose.com.br\\\/\"},{\"@type\":\"ListItem\",\"position\":2,\"name\":\"Com mais de 90% de aprova\u00e7\u00e3o, Floresta-PR aprova Col\u00e9gio C\u00edvico Militar na cidade\"}]},{\"@type\":\"WebSite\",\"@id\":\"https:\\\/\\\/soldadoadrianojose.com.br\\\/#website\",\"url\":\"https:\\\/\\\/soldadoadrianojose.com.br\\\/\",\"name\":\"Deputado Adriano Jos\u00e9\",\"description\":\"Nosso trabalho \u00e9 pelas pessoas\",\"publisher\":{\"@id\":\"https:\\\/\\\/soldadoadrianojose.com.br\\\/#\\\/schema\\\/person\\\/16f8e8defb7a4bd6c6082efcd1bdb6bb\"},\"potentialAction\":[{\"@type\":\"SearchAction\",\"target\":{\"@type\":\"EntryPoint\",\"urlTemplate\":\"https:\\\/\\\/soldadoadrianojose.com.br\\\/?s={search_term_string}\"},\"query-input\":{\"@type\":\"PropertyValueSpecification\",\"valueRequired\":true,\"valueName\":\"search_term_string\"}}],\"inLanguage\":\"pt-BR\"},{\"@type\":[\"Person\",\"Organization\"],\"@id\":\"https:\\\/\\\/soldadoadrianojose.com.br\\\/#\\\/schema\\\/person\\\/16f8e8defb7a4bd6c6082efcd1bdb6bb\",\"name\":\"soldadoadrianojose\",\"image\":{\"@type\":\"ImageObject\",\"inLanguage\":\"pt-BR\",\"@id\":\"https:\\\/\\\/soldadoadrianojose.com.br\\\/wp-content\\\/uploads\\\/2023\\\/02\\\/LOGO_CLEAR-5.png\",\"url\":\"https:\\\/\\\/soldadoadrianojose.com.br\\\/wp-content\\\/uploads\\\/2023\\\/02\\\/LOGO_CLEAR-5.png\",\"contentUrl\":\"https:\\\/\\\/soldadoadrianojose.com.br\\\/wp-content\\\/uploads\\\/2023\\\/02\\\/LOGO_CLEAR-5.png\",\"width\":3508,\"height\":998,\"caption\":\"soldadoadrianojose\"},\"logo\":{\"@id\":\"https:\\\/\\\/soldadoadrianojose.com.br\\\/wp-content\\\/uploads\\\/2023\\\/02\\\/LOGO_CLEAR-5.png\"},\"sameAs\":[\"https:\\\/\\\/soldadoadrianojose.com.br\"],\"url\":\"https:\\\/\\\/soldadoadrianojose.com.br\\\/index.php\\\/author\\\/soldadoadrianojose\\\/\"}]}<\/script>\n<!-- \/ Yoast SEO plugin. -->","yoast_head_json":{"title":"Com mais de 90% de aprova\u00e7\u00e3o, Floresta-PR aprova Col\u00e9gio C\u00edvico Militar na cidade - Deputado Adriano Jos\u00e9","robots":{"index":"index","follow":"follow","max-snippet":"max-snippet:-1","max-image-preview":"max-image-preview:large","max-video-preview":"max-video-preview:-1"},"canonical":"https:\/\/soldadoadrianojose.com.br\/index.php\/2023\/11\/30\/com-mais-de-90-de-aprovacao-floresta-pr-aprova-colegio-civico-militar-na-cidade\/","og_locale":"pt_BR","og_type":"article","og_title":"Com mais de 90% de aprova\u00e7\u00e3o, Floresta-PR aprova Col\u00e9gio C\u00edvico Militar na cidade - Deputado Adriano Jos\u00e9","og_description":"O deputado Soldado Adriano Jos\u00e9 esteve hoje no munic\u00edpio de Floresta para agradecer o empenho de todos os envolvidos na conquista da implanta\u00e7\u00e3o de uma unidade do Col\u00e9gio da C\u00edvico Militar na cidade. Com mais de 90% de aprova\u00e7\u00e3o em consulta realizada junto \u00e0 comunidade escolar, Floresta passar\u00e1 a contar com o modelo c\u00edvico-militar de [&hellip;]","og_url":"https:\/\/soldadoadrianojose.com.br\/index.php\/2023\/11\/30\/com-mais-de-90-de-aprovacao-floresta-pr-aprova-colegio-civico-militar-na-cidade\/","og_site_name":"Deputado Adriano Jos\u00e9","article_published_time":"2023-11-30T15:57:26+00:00","article_modified_time":"2023-11-30T16:06:25+00:00","og_image":[{"width":1600,"height":1200,"url":"https:\/\/soldadoadrianojose.com.br\/wp-content\/uploads\/2023\/11\/WhatsApp-Image-2023-11-30-at-10.55.11.jpeg","type":"image\/jpeg"}],"author":"soldadoadrianojose","twitter_card":"summary_large_image","twitter_misc":{"Escrito por":"soldadoadrianojose","Est. tempo de leitura":"2 minutos"},"schema":{"@context":"https:\/\/schema.org","@graph":[{"@type":"Article","@id":"https:\/\/soldadoadrianojose.com.br\/index.php\/2023\/11\/30\/com-mais-de-90-de-aprovacao-floresta-pr-aprova-colegio-civico-militar-na-cidade\/#article","isPartOf":{"@id":"https:\/\/soldadoadrianojose.com.br\/index.php\/2023\/11\/30\/com-mais-de-90-de-aprovacao-floresta-pr-aprova-colegio-civico-militar-na-cidade\/"},"author":{"name":"soldadoadrianojose","@id":"https:\/\/soldadoadrianojose.com.br\/#\/schema\/person\/16f8e8defb7a4bd6c6082efcd1bdb6bb"},"headline":"Com mais de 90% de aprova\u00e7\u00e3o, Floresta-PR aprova Col\u00e9gio C\u00edvico Militar na cidade","datePublished":"2023-11-30T15:57:26+00:00","dateModified":"2023-11-30T16:06:25+00:00","mainEntityOfPage":{"@id":"https:\/\/soldadoadrianojose.com.br\/index.php\/2023\/11\/30\/com-mais-de-90-de-aprovacao-floresta-pr-aprova-colegio-civico-militar-na-cidade\/"},"wordCount":208,"commentCount":1,"publisher":{"@id":"https:\/\/soldadoadrianojose.com.br\/#\/schema\/person\/16f8e8defb7a4bd6c6082efcd1bdb6bb"},"image":{"@id":"https:\/\/soldadoadrianojose.com.br\/index.php\/2023\/11\/30\/com-mais-de-90-de-aprovacao-floresta-pr-aprova-colegio-civico-militar-na-cidade\/#primaryimage"},"thumbnailUrl":"https:\/\/soldadoadrianojose.com.br\/wp-content\/uploads\/2023\/11\/WhatsApp-Image-2023-11-30-at-10.55.11.jpeg","keywords":["floresta","paran\u00e1"],"articleSection":["GABINETE SD","PARAN\u00c1"],"inLanguage":"pt-BR","potentialAction":[{"@type":"CommentAction","name":"Comment","target":["https:\/\/soldadoadrianojose.com.br\/index.php\/2023\/11\/30\/com-mais-de-90-de-aprovacao-floresta-pr-aprova-colegio-civico-militar-na-cidade\/#respond"]}]},{"@type":"WebPage","@id":"https:\/\/soldadoadrianojose.com.br\/index.php\/2023\/11\/30\/com-mais-de-90-de-aprovacao-floresta-pr-aprova-colegio-civico-militar-na-cidade\/","url":"https:\/\/soldadoadrianojose.com.br\/index.php\/2023\/11\/30\/com-mais-de-90-de-aprovacao-floresta-pr-aprova-colegio-civico-militar-na-cidade\/","name":"Com mais de 90% de aprova\u00e7\u00e3o, Floresta-PR aprova Col\u00e9gio C\u00edvico Militar na cidade - Deputado Adriano Jos\u00e9","isPartOf":{"@id":"https:\/\/soldadoadrianojose.com.br\/#website"},"primaryImageOfPage":{"@id":"https:\/\/soldadoadrianojose.com.br\/index.php\/2023\/11\/30\/com-mais-de-90-de-aprovacao-floresta-pr-aprova-colegio-civico-militar-na-cidade\/#primaryimage"},"image":{"@id":"https:\/\/soldadoadrianojose.com.br\/index.php\/2023\/11\/30\/com-mais-de-90-de-aprovacao-floresta-pr-aprova-colegio-civico-militar-na-cidade\/#primaryimage"},"thumbnailUrl":"https:\/\/soldadoadrianojose.com.br\/wp-content\/uploads\/2023\/11\/WhatsApp-Image-2023-11-30-at-10.55.11.jpeg","datePublished":"2023-11-30T15:57:26+00:00","dateModified":"2023-11-30T16:06:25+00:00","breadcrumb":{"@id":"https:\/\/soldadoadrianojose.com.br\/index.php\/2023\/11\/30\/com-mais-de-90-de-aprovacao-floresta-pr-aprova-colegio-civico-militar-na-cidade\/#breadcrumb"},"inLanguage":"pt-BR","potentialAction":[{"@type":"ReadAction","target":["https:\/\/soldadoadrianojose.com.br\/index.php\/2023\/11\/30\/com-mais-de-90-de-aprovacao-floresta-pr-aprova-colegio-civico-militar-na-cidade\/"]}]},{"@type":"ImageObject","inLanguage":"pt-BR","@id":"https:\/\/soldadoadrianojose.com.br\/index.php\/2023\/11\/30\/com-mais-de-90-de-aprovacao-floresta-pr-aprova-colegio-civico-militar-na-cidade\/#primaryimage","url":"https:\/\/soldadoadrianojose.com.br\/wp-content\/uploads\/2023\/11\/WhatsApp-Image-2023-11-30-at-10.55.11.jpeg","contentUrl":"https:\/\/soldadoadrianojose.com.br\/wp-content\/uploads\/2023\/11\/WhatsApp-Image-2023-11-30-at-10.55.11.jpeg","width":1600,"height":1200},{"@type":"BreadcrumbList","@id":"https:\/\/soldadoadrianojose.com.br\/index.php\/2023\/11\/30\/com-mais-de-90-de-aprovacao-floresta-pr-aprova-colegio-civico-militar-na-cidade\/#breadcrumb","itemListElement":[{"@type":"ListItem","position":1,"name":"In\u00edcio","item":"https:\/\/soldadoadrianojose.com.br\/"},{"@type":"ListItem","position":2,"name":"Com mais de 90% de aprova\u00e7\u00e3o, Floresta-PR aprova Col\u00e9gio C\u00edvico Militar na cidade"}]},{"@type":"WebSite","@id":"https:\/\/soldadoadrianojose.com.br\/#website","url":"https:\/\/soldadoadrianojose.com.br\/","name":"Deputado Adriano Jos\u00e9","description":"Nosso trabalho \u00e9 pelas pessoas","publisher":{"@id":"https:\/\/soldadoadrianojose.com.br\/#\/schema\/person\/16f8e8defb7a4bd6c6082efcd1bdb6bb"},"potentialAction":[{"@type":"SearchAction","target":{"@type":"EntryPoint","urlTemplate":"https:\/\/soldadoadrianojose.com.br\/?s={search_term_string}"},"query-input":{"@type":"PropertyValueSpecification","valueRequired":true,"valueName":"search_term_string"}}],"inLanguage":"pt-BR"},{"@type":["Person","Organization"],"@id":"https:\/\/soldadoadrianojose.com.br\/#\/schema\/person\/16f8e8defb7a4bd6c6082efcd1bdb6bb","name":"soldadoadrianojose","image":{"@type":"ImageObject","inLanguage":"pt-BR","@id":"https:\/\/soldadoadrianojose.com.br\/wp-content\/uploads\/2023\/02\/LOGO_CLEAR-5.png","url":"https:\/\/soldadoadrianojose.com.br\/wp-content\/uploads\/2023\/02\/LOGO_CLEAR-5.png","contentUrl":"https:\/\/soldadoadrianojose.com.br\/wp-content\/uploads\/2023\/02\/LOGO_CLEAR-5.png","width":3508,"height":998,"caption":"soldadoadrianojose"},"logo":{"@id":"https:\/\/soldadoadrianojose.com.br\/wp-content\/uploads\/2023\/02\/LOGO_CLEAR-5.png"},"sameAs":["https:\/\/soldadoadrianojose.com.br"],"url":"https:\/\/soldadoadrianojose.com.br\/index.php\/author\/soldadoadrianojose\/"}]}},"jetpack_featured_media_url":"https:\/\/soldadoadrianojose.com.br\/wp-content\/uploads\/2023\/11\/WhatsApp-Image-2023-11-30-at-10.55.11.jpeg","_links":{"self":[{"href":"https:\/\/soldadoadrianojose.com.br\/index.php\/wp-json\/wp\/v2\/posts\/1646","targetHints":{"allow":["GET"]}}],"collection":[{"href":"https:\/\/soldadoadrianojose.com.br\/index.php\/wp-json\/wp\/v2\/posts"}],"about":[{"href":"https:\/\/soldadoadrianojose.com.br\/index.php\/wp-json\/wp\/v2\/types\/post"}],"author":[{"embeddable":true,"href":"https:\/\/soldadoadrianojose.com.br\/index.php\/wp-json\/wp\/v2\/users\/1"}],"replies":[{"embeddable":true,"href":"https:\/\/soldadoadrianojose.com.br\/index.php\/wp-json\/wp\/v2\/comments?post=1646"}],"version-history":[{"count":5,"href":"https:\/\/soldadoadrianojose.com.br\/index.php\/wp-json\/wp\/v2\/posts\/1646\/revisions"}],"predecessor-version":[{"id":1656,"href":"https:\/\/soldadoadrianojose.com.br\/index.php\/wp-json\/wp\/v2\/posts\/1646\/revisions\/1656"}],"wp:featuredmedia":[{"embeddable":true,"href":"https:\/\/soldadoadrianojose.com.br\/index.php\/wp-json\/wp\/v2\/media\/1647"}],"wp:attachment":[{"href":"https:\/\/soldadoadrianojose.com.br\/index.php\/wp-json\/wp\/v2\/media?parent=1646"}],"wp:term":[{"taxonomy":"category","embeddable":true,"href":"https:\/\/soldadoadrianojose.com.br\/index.php\/wp-json\/wp\/v2\/categories?post=1646"},{"taxonomy":"post_tag","embeddable":true,"href":"https:\/\/soldadoadrianojose.com.br\/index.php\/wp-json\/wp\/v2\/tags?post=1646"}],"curies":[{"name":"wp","href":"https:\/\/api.w.org\/{rel}","templated":true}]}}