{"id":1657,"date":"2023-11-30T15:39:26","date_gmt":"2023-11-30T18:39:26","guid":{"rendered":"https:\/\/soldadoadrianojose.com.br\/?p=1657"},"modified":"2023-11-30T15:39:30","modified_gmt":"2023-11-30T18:39:30","slug":"82-dos-126-colegios-optam-pelo-modelo-civico-militar-para-2024","status":"publish","type":"post","link":"https:\/\/soldadoadrianojose.com.br\/index.php\/2023\/11\/30\/82-dos-126-colegios-optam-pelo-modelo-civico-militar-para-2024\/","title":{"rendered":"82 dos 126 col\u00e9gios optam pelo modelo c\u00edvico-militar para 2024"},"content":{"rendered":"\n<p>Comemoro esse expressivo apoio da comunidade escolar \u00e0 implanta\u00e7\u00e3o de mais unidades de ensino c\u00edvico-militar. Tenho acompanhado esse programa desde o in\u00edcio e ver a ades\u00e3o crescente comprova o \u00eaxito dessa iniciativa, que est\u00e1 transformando vidas atrav\u00e9s da educa\u00e7\u00e3o no Paran\u00e1&#8221;, declarou o deputado Adriano Jos\u00e9.<\/p>\n\n\n\n<p><strong>Aprova\u00e7\u00e3o representa 65% da consulta p\u00fablica. A divulga\u00e7\u00e3o oficial dos nomes e localidades das escolas que aprovaram a ades\u00e3o ser\u00e1 feita ap\u00f3s a publica\u00e7\u00e3o do resultado em Di\u00e1rio Oficial.<\/strong><\/p>\n\n\n\n<p>O Paran\u00e1 ter\u00e1 mais 82 col\u00e9gios c\u00edvico-militares a partir de 2024. Esse foi o resultado de uma&nbsp;consulta p\u00fablica realizada nesta semana (dias 28 e 29) pelo Governo do Estado, por meio da Secretaria da Educa\u00e7\u00e3o do Paran\u00e1 (Seed-PR), em 126&nbsp;escolas estaduais, o que representa uma aprova\u00e7\u00e3o de 65% ao modelo.<\/p>\n\n\n\n<p>Outras 44 comunidades escolares optaram pela manuten\u00e7\u00e3o do programa tradicional. Uma consulta ainda est\u00e1 sendo realizada nesta quinta-feira (30) em Dois Vizinhos, no Sudoeste, por conta do feriado municipal nesta semana.<\/p>\n\n\n\n<p>A divulga\u00e7\u00e3o oficial dos nomes e localidades das escolas que aprovaram a ades\u00e3o ser\u00e1 feita ap\u00f3s a publica\u00e7\u00e3o do resultado em Di\u00e1rio Oficial.<\/p>\n\n\n\n<ul class=\"wp-block-list\">\n<li><strong><a href=\"https:\/\/www.aen.pr.gov.br\/Noticia\/Apos-tres-anos-programa-de-robotica-da-rede-estadual-alcanca-16-mil-escolas\" target=\"_blank\" rel=\"noreferrer noopener\">Ap\u00f3s tr\u00eas anos, programa de rob\u00f3tica da rede estadual alcan\u00e7a 1,6 mil escolas<\/a><\/strong><\/li>\n\n\n\n<li><strong><a href=\"https:\/\/www.aen.pr.gov.br\/Noticia\/Secretaria-da-Educacao-ajuda-inserir-18-jovens-de-cursos-tecnicos-em-multinacional\" target=\"_blank\" rel=\"noreferrer noopener\">Secretaria da Educa\u00e7\u00e3o ajuda a inserir 18 jovens de cursos t\u00e9cnicos em multinacional<\/a><\/strong><\/li>\n<\/ul>\n\n\n\n<p>Nas escolas que aprovaram a ades\u00e3o ao modelo c\u00edvico-militar, as vota\u00e7\u00f5es favor\u00e1veis superaram a marca de 50% mais um voto necess\u00e1rio para a implementa\u00e7\u00e3o do programa. O pleito contou com a participa\u00e7\u00e3o ativa de milhares de pessoas e envolveu professores, funcion\u00e1rios, pais de alunos e estudantes maiores de 16 anos, garantindo a participa\u00e7\u00e3o democr\u00e1tica na decis\u00e3o.<\/p>\n\n\n\n<p>Modelo educacional que combina elementos da gest\u00e3o civil com a presen\u00e7a de profissionais militares da reserva (inativos) na administra\u00e7\u00e3o e na rotina escolar, a escola c\u00edvico-militar integra pr\u00e1ticas e valores com os princ\u00edpios educacionais, visando promover um ambiente escolar mais c\u00edvico e voltado para o desenvolvimento integral dos alunos.&nbsp;<\/p>\n\n\n\n<p>As escolas c\u00edvico-militares foram institu\u00eddas no Paran\u00e1 em 2020. Atualmente s\u00e3o&nbsp;194 col\u00e9gios nesta modalidade e 12 do modelo do programa nacional que ser\u00e3o incorporadas pelo Estado em 2024. Com as novas unidades, ser\u00e3o 288 col\u00e9gios nessa modalidade no pr\u00f3ximo ano.<\/p>\n","protected":false},"excerpt":{"rendered":"<p>Comemoro esse expressivo apoio da comunidade escolar \u00e0 implanta\u00e7\u00e3o de mais unidades de ensino c\u00edvico-militar. Tenho acompanhado esse programa desde o in\u00edcio e ver a ades\u00e3o crescente comprova o \u00eaxito dessa iniciativa, que est\u00e1 transformando vidas atrav\u00e9s da educa\u00e7\u00e3o no Paran\u00e1&#8221;, declarou o deputado Adriano Jos\u00e9. Aprova\u00e7\u00e3o representa 65% da consulta p\u00fablica. A divulga\u00e7\u00e3o oficial [&hellip;]<\/p>\n","protected":false},"author":1,"featured_media":1658,"comment_status":"open","ping_status":"open","sticky":false,"template":"","format":"standard","meta":{"footnotes":""},"categories":[5],"tags":[],"class_list":["post-1657","post","type-post","status-publish","format-standard","has-post-thumbnail","hentry","category-parana"],"yoast_head":"<!-- This site is optimized with the Yoast SEO plugin v27.4 - https:\/\/yoast.com\/product\/yoast-seo-wordpress\/ -->\n<title>82 dos 126 col\u00e9gios optam pelo modelo c\u00edvico-militar para 2024 - Deputado Adriano Jos\u00e9<\/title>\n<meta name=\"robots\" content=\"index, follow, max-snippet:-1, max-image-preview:large, max-video-preview:-1\" \/>\n<link rel=\"canonical\" href=\"https:\/\/soldadoadrianojose.com.br\/index.php\/2023\/11\/30\/82-dos-126-colegios-optam-pelo-modelo-civico-militar-para-2024\/\" \/>\n<meta property=\"og:locale\" content=\"pt_BR\" \/>\n<meta property=\"og:type\" content=\"article\" \/>\n<meta property=\"og:title\" content=\"82 dos 126 col\u00e9gios optam pelo modelo c\u00edvico-militar para 2024 - Deputado Adriano Jos\u00e9\" \/>\n<meta property=\"og:description\" content=\"Comemoro esse expressivo apoio da comunidade escolar \u00e0 implanta\u00e7\u00e3o de mais unidades de ensino c\u00edvico-militar. Tenho acompanhado esse programa desde o in\u00edcio e ver a ades\u00e3o crescente comprova o \u00eaxito dessa iniciativa, que est\u00e1 transformando vidas atrav\u00e9s da educa\u00e7\u00e3o no Paran\u00e1&#8221;, declarou o deputado Adriano Jos\u00e9. Aprova\u00e7\u00e3o representa 65% da consulta p\u00fablica. A divulga\u00e7\u00e3o oficial [&hellip;]\" \/>\n<meta property=\"og:url\" content=\"https:\/\/soldadoadrianojose.com.br\/index.php\/2023\/11\/30\/82-dos-126-colegios-optam-pelo-modelo-civico-militar-para-2024\/\" \/>\n<meta property=\"og:site_name\" content=\"Deputado Adriano Jos\u00e9\" \/>\n<meta property=\"article:published_time\" content=\"2023-11-30T18:39:26+00:00\" \/>\n<meta property=\"article:modified_time\" content=\"2023-11-30T18:39:30+00:00\" \/>\n<meta property=\"og:image\" content=\"https:\/\/soldadoadrianojose.com.br\/wp-content\/uploads\/2023\/11\/WhatsApp-Image-2023-11-30-at-13.28.45.jpeg\" \/>\n\t<meta property=\"og:image:width\" content=\"1280\" \/>\n\t<meta property=\"og:image:height\" content=\"1110\" \/>\n\t<meta property=\"og:image:type\" content=\"image\/jpeg\" \/>\n<meta name=\"author\" content=\"soldadoadrianojose\" \/>\n<meta name=\"twitter:card\" content=\"summary_large_image\" \/>\n<meta name=\"twitter:label1\" content=\"Escrito por\" \/>\n\t<meta name=\"twitter:data1\" content=\"soldadoadrianojose\" \/>\n\t<meta name=\"twitter:label2\" content=\"Est. tempo de leitura\" \/>\n\t<meta name=\"twitter:data2\" content=\"2 minutos\" \/>\n<script type=\"application\/ld+json\" class=\"yoast-schema-graph\">{\"@context\":\"https:\\\/\\\/schema.org\",\"@graph\":[{\"@type\":\"Article\",\"@id\":\"https:\\\/\\\/soldadoadrianojose.com.br\\\/index.php\\\/2023\\\/11\\\/30\\\/82-dos-126-colegios-optam-pelo-modelo-civico-militar-para-2024\\\/#article\",\"isPartOf\":{\"@id\":\"https:\\\/\\\/soldadoadrianojose.com.br\\\/index.php\\\/2023\\\/11\\\/30\\\/82-dos-126-colegios-optam-pelo-modelo-civico-militar-para-2024\\\/\"},\"author\":{\"name\":\"soldadoadrianojose\",\"@id\":\"https:\\\/\\\/soldadoadrianojose.com.br\\\/#\\\/schema\\\/person\\\/16f8e8defb7a4bd6c6082efcd1bdb6bb\"},\"headline\":\"82 dos 126 col\u00e9gios optam pelo modelo c\u00edvico-militar para 2024\",\"datePublished\":\"2023-11-30T18:39:26+00:00\",\"dateModified\":\"2023-11-30T18:39:30+00:00\",\"mainEntityOfPage\":{\"@id\":\"https:\\\/\\\/soldadoadrianojose.com.br\\\/index.php\\\/2023\\\/11\\\/30\\\/82-dos-126-colegios-optam-pelo-modelo-civico-militar-para-2024\\\/\"},\"wordCount\":403,\"commentCount\":0,\"publisher\":{\"@id\":\"https:\\\/\\\/soldadoadrianojose.com.br\\\/#\\\/schema\\\/person\\\/16f8e8defb7a4bd6c6082efcd1bdb6bb\"},\"image\":{\"@id\":\"https:\\\/\\\/soldadoadrianojose.com.br\\\/index.php\\\/2023\\\/11\\\/30\\\/82-dos-126-colegios-optam-pelo-modelo-civico-militar-para-2024\\\/#primaryimage\"},\"thumbnailUrl\":\"https:\\\/\\\/soldadoadrianojose.com.br\\\/wp-content\\\/uploads\\\/2023\\\/11\\\/WhatsApp-Image-2023-11-30-at-13.28.45.jpeg\",\"articleSection\":[\"PARAN\u00c1\"],\"inLanguage\":\"pt-BR\",\"potentialAction\":[{\"@type\":\"CommentAction\",\"name\":\"Comment\",\"target\":[\"https:\\\/\\\/soldadoadrianojose.com.br\\\/index.php\\\/2023\\\/11\\\/30\\\/82-dos-126-colegios-optam-pelo-modelo-civico-militar-para-2024\\\/#respond\"]}]},{\"@type\":\"WebPage\",\"@id\":\"https:\\\/\\\/soldadoadrianojose.com.br\\\/index.php\\\/2023\\\/11\\\/30\\\/82-dos-126-colegios-optam-pelo-modelo-civico-militar-para-2024\\\/\",\"url\":\"https:\\\/\\\/soldadoadrianojose.com.br\\\/index.php\\\/2023\\\/11\\\/30\\\/82-dos-126-colegios-optam-pelo-modelo-civico-militar-para-2024\\\/\",\"name\":\"82 dos 126 col\u00e9gios optam pelo modelo c\u00edvico-militar para 2024 - Deputado Adriano Jos\u00e9\",\"isPartOf\":{\"@id\":\"https:\\\/\\\/soldadoadrianojose.com.br\\\/#website\"},\"primaryImageOfPage\":{\"@id\":\"https:\\\/\\\/soldadoadrianojose.com.br\\\/index.php\\\/2023\\\/11\\\/30\\\/82-dos-126-colegios-optam-pelo-modelo-civico-militar-para-2024\\\/#primaryimage\"},\"image\":{\"@id\":\"https:\\\/\\\/soldadoadrianojose.com.br\\\/index.php\\\/2023\\\/11\\\/30\\\/82-dos-126-colegios-optam-pelo-modelo-civico-militar-para-2024\\\/#primaryimage\"},\"thumbnailUrl\":\"https:\\\/\\\/soldadoadrianojose.com.br\\\/wp-content\\\/uploads\\\/2023\\\/11\\\/WhatsApp-Image-2023-11-30-at-13.28.45.jpeg\",\"datePublished\":\"2023-11-30T18:39:26+00:00\",\"dateModified\":\"2023-11-30T18:39:30+00:00\",\"breadcrumb\":{\"@id\":\"https:\\\/\\\/soldadoadrianojose.com.br\\\/index.php\\\/2023\\\/11\\\/30\\\/82-dos-126-colegios-optam-pelo-modelo-civico-militar-para-2024\\\/#breadcrumb\"},\"inLanguage\":\"pt-BR\",\"potentialAction\":[{\"@type\":\"ReadAction\",\"target\":[\"https:\\\/\\\/soldadoadrianojose.com.br\\\/index.php\\\/2023\\\/11\\\/30\\\/82-dos-126-colegios-optam-pelo-modelo-civico-militar-para-2024\\\/\"]}]},{\"@type\":\"ImageObject\",\"inLanguage\":\"pt-BR\",\"@id\":\"https:\\\/\\\/soldadoadrianojose.com.br\\\/index.php\\\/2023\\\/11\\\/30\\\/82-dos-126-colegios-optam-pelo-modelo-civico-militar-para-2024\\\/#primaryimage\",\"url\":\"https:\\\/\\\/soldadoadrianojose.com.br\\\/wp-content\\\/uploads\\\/2023\\\/11\\\/WhatsApp-Image-2023-11-30-at-13.28.45.jpeg\",\"contentUrl\":\"https:\\\/\\\/soldadoadrianojose.com.br\\\/wp-content\\\/uploads\\\/2023\\\/11\\\/WhatsApp-Image-2023-11-30-at-13.28.45.jpeg\",\"width\":1280,\"height\":1110},{\"@type\":\"BreadcrumbList\",\"@id\":\"https:\\\/\\\/soldadoadrianojose.com.br\\\/index.php\\\/2023\\\/11\\\/30\\\/82-dos-126-colegios-optam-pelo-modelo-civico-militar-para-2024\\\/#breadcrumb\",\"itemListElement\":[{\"@type\":\"ListItem\",\"position\":1,\"name\":\"In\u00edcio\",\"item\":\"https:\\\/\\\/soldadoadrianojose.com.br\\\/\"},{\"@type\":\"ListItem\",\"position\":2,\"name\":\"82 dos 126 col\u00e9gios optam pelo modelo c\u00edvico-militar para 2024\"}]},{\"@type\":\"WebSite\",\"@id\":\"https:\\\/\\\/soldadoadrianojose.com.br\\\/#website\",\"url\":\"https:\\\/\\\/soldadoadrianojose.com.br\\\/\",\"name\":\"Deputado Adriano Jos\u00e9\",\"description\":\"Nosso trabalho \u00e9 pelas pessoas\",\"publisher\":{\"@id\":\"https:\\\/\\\/soldadoadrianojose.com.br\\\/#\\\/schema\\\/person\\\/16f8e8defb7a4bd6c6082efcd1bdb6bb\"},\"potentialAction\":[{\"@type\":\"SearchAction\",\"target\":{\"@type\":\"EntryPoint\",\"urlTemplate\":\"https:\\\/\\\/soldadoadrianojose.com.br\\\/?s={search_term_string}\"},\"query-input\":{\"@type\":\"PropertyValueSpecification\",\"valueRequired\":true,\"valueName\":\"search_term_string\"}}],\"inLanguage\":\"pt-BR\"},{\"@type\":[\"Person\",\"Organization\"],\"@id\":\"https:\\\/\\\/soldadoadrianojose.com.br\\\/#\\\/schema\\\/person\\\/16f8e8defb7a4bd6c6082efcd1bdb6bb\",\"name\":\"soldadoadrianojose\",\"image\":{\"@type\":\"ImageObject\",\"inLanguage\":\"pt-BR\",\"@id\":\"https:\\\/\\\/soldadoadrianojose.com.br\\\/wp-content\\\/uploads\\\/2023\\\/02\\\/LOGO_CLEAR-5.png\",\"url\":\"https:\\\/\\\/soldadoadrianojose.com.br\\\/wp-content\\\/uploads\\\/2023\\\/02\\\/LOGO_CLEAR-5.png\",\"contentUrl\":\"https:\\\/\\\/soldadoadrianojose.com.br\\\/wp-content\\\/uploads\\\/2023\\\/02\\\/LOGO_CLEAR-5.png\",\"width\":3508,\"height\":998,\"caption\":\"soldadoadrianojose\"},\"logo\":{\"@id\":\"https:\\\/\\\/soldadoadrianojose.com.br\\\/wp-content\\\/uploads\\\/2023\\\/02\\\/LOGO_CLEAR-5.png\"},\"sameAs\":[\"https:\\\/\\\/soldadoadrianojose.com.br\"],\"url\":\"https:\\\/\\\/soldadoadrianojose.com.br\\\/index.php\\\/author\\\/soldadoadrianojose\\\/\"}]}<\/script>\n<!-- \/ Yoast SEO plugin. -->","yoast_head_json":{"title":"82 dos 126 col\u00e9gios optam pelo modelo c\u00edvico-militar para 2024 - Deputado Adriano Jos\u00e9","robots":{"index":"index","follow":"follow","max-snippet":"max-snippet:-1","max-image-preview":"max-image-preview:large","max-video-preview":"max-video-preview:-1"},"canonical":"https:\/\/soldadoadrianojose.com.br\/index.php\/2023\/11\/30\/82-dos-126-colegios-optam-pelo-modelo-civico-militar-para-2024\/","og_locale":"pt_BR","og_type":"article","og_title":"82 dos 126 col\u00e9gios optam pelo modelo c\u00edvico-militar para 2024 - Deputado Adriano Jos\u00e9","og_description":"Comemoro esse expressivo apoio da comunidade escolar \u00e0 implanta\u00e7\u00e3o de mais unidades de ensino c\u00edvico-militar. Tenho acompanhado esse programa desde o in\u00edcio e ver a ades\u00e3o crescente comprova o \u00eaxito dessa iniciativa, que est\u00e1 transformando vidas atrav\u00e9s da educa\u00e7\u00e3o no Paran\u00e1&#8221;, declarou o deputado Adriano Jos\u00e9. Aprova\u00e7\u00e3o representa 65% da consulta p\u00fablica. A divulga\u00e7\u00e3o oficial [&hellip;]","og_url":"https:\/\/soldadoadrianojose.com.br\/index.php\/2023\/11\/30\/82-dos-126-colegios-optam-pelo-modelo-civico-militar-para-2024\/","og_site_name":"Deputado Adriano Jos\u00e9","article_published_time":"2023-11-30T18:39:26+00:00","article_modified_time":"2023-11-30T18:39:30+00:00","og_image":[{"width":1280,"height":1110,"url":"https:\/\/soldadoadrianojose.com.br\/wp-content\/uploads\/2023\/11\/WhatsApp-Image-2023-11-30-at-13.28.45.jpeg","type":"image\/jpeg"}],"author":"soldadoadrianojose","twitter_card":"summary_large_image","twitter_misc":{"Escrito por":"soldadoadrianojose","Est. tempo de leitura":"2 minutos"},"schema":{"@context":"https:\/\/schema.org","@graph":[{"@type":"Article","@id":"https:\/\/soldadoadrianojose.com.br\/index.php\/2023\/11\/30\/82-dos-126-colegios-optam-pelo-modelo-civico-militar-para-2024\/#article","isPartOf":{"@id":"https:\/\/soldadoadrianojose.com.br\/index.php\/2023\/11\/30\/82-dos-126-colegios-optam-pelo-modelo-civico-militar-para-2024\/"},"author":{"name":"soldadoadrianojose","@id":"https:\/\/soldadoadrianojose.com.br\/#\/schema\/person\/16f8e8defb7a4bd6c6082efcd1bdb6bb"},"headline":"82 dos 126 col\u00e9gios optam pelo modelo c\u00edvico-militar para 2024","datePublished":"2023-11-30T18:39:26+00:00","dateModified":"2023-11-30T18:39:30+00:00","mainEntityOfPage":{"@id":"https:\/\/soldadoadrianojose.com.br\/index.php\/2023\/11\/30\/82-dos-126-colegios-optam-pelo-modelo-civico-militar-para-2024\/"},"wordCount":403,"commentCount":0,"publisher":{"@id":"https:\/\/soldadoadrianojose.com.br\/#\/schema\/person\/16f8e8defb7a4bd6c6082efcd1bdb6bb"},"image":{"@id":"https:\/\/soldadoadrianojose.com.br\/index.php\/2023\/11\/30\/82-dos-126-colegios-optam-pelo-modelo-civico-militar-para-2024\/#primaryimage"},"thumbnailUrl":"https:\/\/soldadoadrianojose.com.br\/wp-content\/uploads\/2023\/11\/WhatsApp-Image-2023-11-30-at-13.28.45.jpeg","articleSection":["PARAN\u00c1"],"inLanguage":"pt-BR","potentialAction":[{"@type":"CommentAction","name":"Comment","target":["https:\/\/soldadoadrianojose.com.br\/index.php\/2023\/11\/30\/82-dos-126-colegios-optam-pelo-modelo-civico-militar-para-2024\/#respond"]}]},{"@type":"WebPage","@id":"https:\/\/soldadoadrianojose.com.br\/index.php\/2023\/11\/30\/82-dos-126-colegios-optam-pelo-modelo-civico-militar-para-2024\/","url":"https:\/\/soldadoadrianojose.com.br\/index.php\/2023\/11\/30\/82-dos-126-colegios-optam-pelo-modelo-civico-militar-para-2024\/","name":"82 dos 126 col\u00e9gios optam pelo modelo c\u00edvico-militar para 2024 - Deputado Adriano Jos\u00e9","isPartOf":{"@id":"https:\/\/soldadoadrianojose.com.br\/#website"},"primaryImageOfPage":{"@id":"https:\/\/soldadoadrianojose.com.br\/index.php\/2023\/11\/30\/82-dos-126-colegios-optam-pelo-modelo-civico-militar-para-2024\/#primaryimage"},"image":{"@id":"https:\/\/soldadoadrianojose.com.br\/index.php\/2023\/11\/30\/82-dos-126-colegios-optam-pelo-modelo-civico-militar-para-2024\/#primaryimage"},"thumbnailUrl":"https:\/\/soldadoadrianojose.com.br\/wp-content\/uploads\/2023\/11\/WhatsApp-Image-2023-11-30-at-13.28.45.jpeg","datePublished":"2023-11-30T18:39:26+00:00","dateModified":"2023-11-30T18:39:30+00:00","breadcrumb":{"@id":"https:\/\/soldadoadrianojose.com.br\/index.php\/2023\/11\/30\/82-dos-126-colegios-optam-pelo-modelo-civico-militar-para-2024\/#breadcrumb"},"inLanguage":"pt-BR","potentialAction":[{"@type":"ReadAction","target":["https:\/\/soldadoadrianojose.com.br\/index.php\/2023\/11\/30\/82-dos-126-colegios-optam-pelo-modelo-civico-militar-para-2024\/"]}]},{"@type":"ImageObject","inLanguage":"pt-BR","@id":"https:\/\/soldadoadrianojose.com.br\/index.php\/2023\/11\/30\/82-dos-126-colegios-optam-pelo-modelo-civico-militar-para-2024\/#primaryimage","url":"https:\/\/soldadoadrianojose.com.br\/wp-content\/uploads\/2023\/11\/WhatsApp-Image-2023-11-30-at-13.28.45.jpeg","contentUrl":"https:\/\/soldadoadrianojose.com.br\/wp-content\/uploads\/2023\/11\/WhatsApp-Image-2023-11-30-at-13.28.45.jpeg","width":1280,"height":1110},{"@type":"BreadcrumbList","@id":"https:\/\/soldadoadrianojose.com.br\/index.php\/2023\/11\/30\/82-dos-126-colegios-optam-pelo-modelo-civico-militar-para-2024\/#breadcrumb","itemListElement":[{"@type":"ListItem","position":1,"name":"In\u00edcio","item":"https:\/\/soldadoadrianojose.com.br\/"},{"@type":"ListItem","position":2,"name":"82 dos 126 col\u00e9gios optam pelo modelo c\u00edvico-militar para 2024"}]},{"@type":"WebSite","@id":"https:\/\/soldadoadrianojose.com.br\/#website","url":"https:\/\/soldadoadrianojose.com.br\/","name":"Deputado Adriano Jos\u00e9","description":"Nosso trabalho \u00e9 pelas pessoas","publisher":{"@id":"https:\/\/soldadoadrianojose.com.br\/#\/schema\/person\/16f8e8defb7a4bd6c6082efcd1bdb6bb"},"potentialAction":[{"@type":"SearchAction","target":{"@type":"EntryPoint","urlTemplate":"https:\/\/soldadoadrianojose.com.br\/?s={search_term_string}"},"query-input":{"@type":"PropertyValueSpecification","valueRequired":true,"valueName":"search_term_string"}}],"inLanguage":"pt-BR"},{"@type":["Person","Organization"],"@id":"https:\/\/soldadoadrianojose.com.br\/#\/schema\/person\/16f8e8defb7a4bd6c6082efcd1bdb6bb","name":"soldadoadrianojose","image":{"@type":"ImageObject","inLanguage":"pt-BR","@id":"https:\/\/soldadoadrianojose.com.br\/wp-content\/uploads\/2023\/02\/LOGO_CLEAR-5.png","url":"https:\/\/soldadoadrianojose.com.br\/wp-content\/uploads\/2023\/02\/LOGO_CLEAR-5.png","contentUrl":"https:\/\/soldadoadrianojose.com.br\/wp-content\/uploads\/2023\/02\/LOGO_CLEAR-5.png","width":3508,"height":998,"caption":"soldadoadrianojose"},"logo":{"@id":"https:\/\/soldadoadrianojose.com.br\/wp-content\/uploads\/2023\/02\/LOGO_CLEAR-5.png"},"sameAs":["https:\/\/soldadoadrianojose.com.br"],"url":"https:\/\/soldadoadrianojose.com.br\/index.php\/author\/soldadoadrianojose\/"}]}},"jetpack_featured_media_url":"https:\/\/soldadoadrianojose.com.br\/wp-content\/uploads\/2023\/11\/WhatsApp-Image-2023-11-30-at-13.28.45.jpeg","_links":{"self":[{"href":"https:\/\/soldadoadrianojose.com.br\/index.php\/wp-json\/wp\/v2\/posts\/1657","targetHints":{"allow":["GET"]}}],"collection":[{"href":"https:\/\/soldadoadrianojose.com.br\/index.php\/wp-json\/wp\/v2\/posts"}],"about":[{"href":"https:\/\/soldadoadrianojose.com.br\/index.php\/wp-json\/wp\/v2\/types\/post"}],"author":[{"embeddable":true,"href":"https:\/\/soldadoadrianojose.com.br\/index.php\/wp-json\/wp\/v2\/users\/1"}],"replies":[{"embeddable":true,"href":"https:\/\/soldadoadrianojose.com.br\/index.php\/wp-json\/wp\/v2\/comments?post=1657"}],"version-history":[{"count":1,"href":"https:\/\/soldadoadrianojose.com.br\/index.php\/wp-json\/wp\/v2\/posts\/1657\/revisions"}],"predecessor-version":[{"id":1659,"href":"https:\/\/soldadoadrianojose.com.br\/index.php\/wp-json\/wp\/v2\/posts\/1657\/revisions\/1659"}],"wp:featuredmedia":[{"embeddable":true,"href":"https:\/\/soldadoadrianojose.com.br\/index.php\/wp-json\/wp\/v2\/media\/1658"}],"wp:attachment":[{"href":"https:\/\/soldadoadrianojose.com.br\/index.php\/wp-json\/wp\/v2\/media?parent=1657"}],"wp:term":[{"taxonomy":"category","embeddable":true,"href":"https:\/\/soldadoadrianojose.com.br\/index.php\/wp-json\/wp\/v2\/categories?post=1657"},{"taxonomy":"post_tag","embeddable":true,"href":"https:\/\/soldadoadrianojose.com.br\/index.php\/wp-json\/wp\/v2\/tags?post=1657"}],"curies":[{"name":"wp","href":"https:\/\/api.w.org\/{rel}","templated":true}]}}