{"id":1660,"date":"2023-11-30T15:47:52","date_gmt":"2023-11-30T18:47:52","guid":{"rendered":"https:\/\/soldadoadrianojose.com.br\/?p=1660"},"modified":"2023-11-30T19:01:04","modified_gmt":"2023-11-30T22:01:04","slug":"mandaguacu-aprova-implantacao-do-colegio-civico-militar-com-76-2-de-votos","status":"publish","type":"post","link":"https:\/\/soldadoadrianojose.com.br\/index.php\/2023\/11\/30\/mandaguacu-aprova-implantacao-do-colegio-civico-militar-com-76-2-de-votos\/","title":{"rendered":"Mandagua\u00e7u aprova implanta\u00e7\u00e3o do Col\u00e9gio C\u00edvico Militar com 76.2% de votos."},"content":{"rendered":"\n<figure class=\"wp-block-image size-large is-resized\"><img fetchpriority=\"high\" decoding=\"async\" width=\"1024\" height=\"576\" src=\"https:\/\/soldadoadrianojose.com.br\/wp-content\/uploads\/2023\/11\/WhatsApp-Image-2023-11-30-at-13.48.39-1024x576.jpeg\" alt=\"\" class=\"wp-image-1662\" style=\"width:556px;height:auto\" srcset=\"https:\/\/soldadoadrianojose.com.br\/wp-content\/uploads\/2023\/11\/WhatsApp-Image-2023-11-30-at-13.48.39-1024x576.jpeg 1024w, https:\/\/soldadoadrianojose.com.br\/wp-content\/uploads\/2023\/11\/WhatsApp-Image-2023-11-30-at-13.48.39-300x169.jpeg 300w, https:\/\/soldadoadrianojose.com.br\/wp-content\/uploads\/2023\/11\/WhatsApp-Image-2023-11-30-at-13.48.39-768x432.jpeg 768w, https:\/\/soldadoadrianojose.com.br\/wp-content\/uploads\/2023\/11\/WhatsApp-Image-2023-11-30-at-13.48.39-1536x864.jpeg 1536w, https:\/\/soldadoadrianojose.com.br\/wp-content\/uploads\/2023\/11\/WhatsApp-Image-2023-11-30-at-13.48.39.jpeg 1600w\" sizes=\"(max-width: 1024px) 100vw, 1024px\" \/><\/figure>\n\n\n\n<p>O deputado Adriano Jos\u00e9 esteve hoje em Mandagua\u00e7u para agradecer o empenho de todos na conquista da implanta\u00e7\u00e3o de uma unidade do Col\u00e9gio C\u00edvico Militar na cidade.<\/p>\n\n\n\n<p>A Escola Estadual Professor Francisco Jos\u00e9 Perioto foi escolhida para sediar a unidade do Col\u00e9gio C\u00edvico Militar. A iniciativa visa promover uma educa\u00e7\u00e3o de qualidade, com disciplina e valores c\u00edvicos, al\u00e9m de fortalecer a seguran\u00e7a e o respeito dentro do ambiente escolar.<\/p>\n\n\n\n<figure class=\"wp-block-image size-full\"><img decoding=\"async\" width=\"1024\" height=\"768\" src=\"https:\/\/soldadoadrianojose.com.br\/wp-content\/uploads\/2023\/11\/WhatsApp-Image-2023-11-30-at-15.20.49-1.jpeg\" alt=\"\" class=\"wp-image-1664\" srcset=\"https:\/\/soldadoadrianojose.com.br\/wp-content\/uploads\/2023\/11\/WhatsApp-Image-2023-11-30-at-15.20.49-1.jpeg 1024w, https:\/\/soldadoadrianojose.com.br\/wp-content\/uploads\/2023\/11\/WhatsApp-Image-2023-11-30-at-15.20.49-1-300x225.jpeg 300w, https:\/\/soldadoadrianojose.com.br\/wp-content\/uploads\/2023\/11\/WhatsApp-Image-2023-11-30-at-15.20.49-1-768x576.jpeg 768w\" sizes=\"(max-width: 1024px) 100vw, 1024px\" \/><\/figure>\n\n\n\n<p>Estiveram presentes diversas autoridades e representantes da comunidade: Vin\u00edcius do Portal Mandagua\u00e7u, Genildo Juli\u00e3o, Vereador Jo\u00e3o do alto, Luci, presidente de bairro no Pulin\u00f3polis, prefeito Maur\u00edcio (Prof. \u00cdndio), vereador Raul Coelho, secret\u00e1rio de Seguran\u00e7a, Mansano, presidente da C\u00e2mara Fabr\u00edcio Martelozzi, Fernando, presidente do CONSEG, Marcos Rocco, secret\u00e1rio de Controle Interno, Rosane Sanches, chefe de Gabinete, e Adriana Bueno, primeira dama e secret\u00e1ria da Assist\u00eancia Social. Al\u00e9m disso , o deputado se reuniu com a diretora Marlene Veles Augusto e a diretora auxiliar Maria Aparecida do Nascimento Camilo e reafirmou o compromisso de oferecer uma educa\u00e7\u00e3o de qualidade aos estudantes de Mandagua\u00e7u.<\/p>\n\n\n\n<p>Durante o encontro, Adriano Jos\u00e9 parabenizou a todos pelo trabalho conjunto e destacou a import\u00e2ncia da implanta\u00e7\u00e3o do Col\u00e9gio C\u00edvico Militar. Ele ressaltou que essa iniciativa trar\u00e1 benef\u00edcios para a educa\u00e7\u00e3o e para a seguran\u00e7a do munic\u00edpio, al\u00e9m de proporcionar uma forma\u00e7\u00e3o integral aos estudantes.<\/p>\n\n\n\n<p>O prefeito Maur\u00edcio (Prof. \u00cdndio) tamb\u00e9m agradeceu o apoio do deputado e ressaltou a import\u00e2ncia da parceria entre o munic\u00edpio e o estado para a conquista dessa unidade do Col\u00e9gio C\u00edvico Militar. Ele destacou que essa \u00e9 uma oportunidade de oferecer uma educa\u00e7\u00e3o de qualidade aos jovens de Mandagua\u00e7u, preparando-os para o futuro.<\/p>\n","protected":false},"excerpt":{"rendered":"<p>O deputado Adriano Jos\u00e9 esteve hoje em Mandagua\u00e7u para agradecer o empenho de todos na conquista da implanta\u00e7\u00e3o de uma unidade do Col\u00e9gio C\u00edvico Militar na cidade. A Escola Estadual Professor Francisco Jos\u00e9 Perioto foi escolhida para sediar a unidade do Col\u00e9gio C\u00edvico Militar. A iniciativa visa promover uma educa\u00e7\u00e3o de qualidade, com disciplina e [&hellip;]<\/p>\n","protected":false},"author":1,"featured_media":1662,"comment_status":"open","ping_status":"open","sticky":false,"template":"","format":"standard","meta":{"footnotes":""},"categories":[48],"tags":[],"class_list":["post-1660","post","type-post","status-publish","format-standard","has-post-thumbnail","hentry","category-mandaguacu"],"yoast_head":"<!-- This site is optimized with the Yoast SEO plugin v27.4 - https:\/\/yoast.com\/product\/yoast-seo-wordpress\/ -->\n<title>Mandagua\u00e7u aprova implanta\u00e7\u00e3o do Col\u00e9gio C\u00edvico Militar com 76.2% de votos. - Deputado Adriano Jos\u00e9<\/title>\n<meta name=\"robots\" content=\"index, follow, max-snippet:-1, max-image-preview:large, max-video-preview:-1\" \/>\n<link rel=\"canonical\" href=\"https:\/\/soldadoadrianojose.com.br\/index.php\/2023\/11\/30\/mandaguacu-aprova-implantacao-do-colegio-civico-militar-com-76-2-de-votos\/\" \/>\n<meta property=\"og:locale\" content=\"pt_BR\" \/>\n<meta property=\"og:type\" content=\"article\" \/>\n<meta property=\"og:title\" content=\"Mandagua\u00e7u aprova implanta\u00e7\u00e3o do Col\u00e9gio C\u00edvico Militar com 76.2% de votos. - Deputado Adriano Jos\u00e9\" \/>\n<meta property=\"og:description\" content=\"O deputado Adriano Jos\u00e9 esteve hoje em Mandagua\u00e7u para agradecer o empenho de todos na conquista da implanta\u00e7\u00e3o de uma unidade do Col\u00e9gio C\u00edvico Militar na cidade. A Escola Estadual Professor Francisco Jos\u00e9 Perioto foi escolhida para sediar a unidade do Col\u00e9gio C\u00edvico Militar. A iniciativa visa promover uma educa\u00e7\u00e3o de qualidade, com disciplina e [&hellip;]\" \/>\n<meta property=\"og:url\" content=\"https:\/\/soldadoadrianojose.com.br\/index.php\/2023\/11\/30\/mandaguacu-aprova-implantacao-do-colegio-civico-militar-com-76-2-de-votos\/\" \/>\n<meta property=\"og:site_name\" content=\"Deputado Adriano Jos\u00e9\" \/>\n<meta property=\"article:published_time\" content=\"2023-11-30T18:47:52+00:00\" \/>\n<meta property=\"article:modified_time\" content=\"2023-11-30T22:01:04+00:00\" \/>\n<meta property=\"og:image\" content=\"https:\/\/soldadoadrianojose.com.br\/wp-content\/uploads\/2023\/11\/WhatsApp-Image-2023-11-30-at-13.48.39.jpeg\" \/>\n\t<meta property=\"og:image:width\" content=\"1600\" \/>\n\t<meta property=\"og:image:height\" content=\"900\" \/>\n\t<meta property=\"og:image:type\" content=\"image\/jpeg\" \/>\n<meta name=\"author\" content=\"soldadoadrianojose\" \/>\n<meta name=\"twitter:card\" content=\"summary_large_image\" \/>\n<meta name=\"twitter:label1\" content=\"Escrito por\" \/>\n\t<meta name=\"twitter:data1\" content=\"soldadoadrianojose\" \/>\n\t<meta name=\"twitter:label2\" content=\"Est. tempo de leitura\" \/>\n\t<meta name=\"twitter:data2\" content=\"2 minutos\" \/>\n<script type=\"application\/ld+json\" class=\"yoast-schema-graph\">{\"@context\":\"https:\\\/\\\/schema.org\",\"@graph\":[{\"@type\":\"Article\",\"@id\":\"https:\\\/\\\/soldadoadrianojose.com.br\\\/index.php\\\/2023\\\/11\\\/30\\\/mandaguacu-aprova-implantacao-do-colegio-civico-militar-com-76-2-de-votos\\\/#article\",\"isPartOf\":{\"@id\":\"https:\\\/\\\/soldadoadrianojose.com.br\\\/index.php\\\/2023\\\/11\\\/30\\\/mandaguacu-aprova-implantacao-do-colegio-civico-militar-com-76-2-de-votos\\\/\"},\"author\":{\"name\":\"soldadoadrianojose\",\"@id\":\"https:\\\/\\\/soldadoadrianojose.com.br\\\/#\\\/schema\\\/person\\\/16f8e8defb7a4bd6c6082efcd1bdb6bb\"},\"headline\":\"Mandagua\u00e7u aprova implanta\u00e7\u00e3o do Col\u00e9gio C\u00edvico Militar com 76.2% de votos.\",\"datePublished\":\"2023-11-30T18:47:52+00:00\",\"dateModified\":\"2023-11-30T22:01:04+00:00\",\"mainEntityOfPage\":{\"@id\":\"https:\\\/\\\/soldadoadrianojose.com.br\\\/index.php\\\/2023\\\/11\\\/30\\\/mandaguacu-aprova-implantacao-do-colegio-civico-militar-com-76-2-de-votos\\\/\"},\"wordCount\":324,\"commentCount\":0,\"publisher\":{\"@id\":\"https:\\\/\\\/soldadoadrianojose.com.br\\\/#\\\/schema\\\/person\\\/16f8e8defb7a4bd6c6082efcd1bdb6bb\"},\"image\":{\"@id\":\"https:\\\/\\\/soldadoadrianojose.com.br\\\/index.php\\\/2023\\\/11\\\/30\\\/mandaguacu-aprova-implantacao-do-colegio-civico-militar-com-76-2-de-votos\\\/#primaryimage\"},\"thumbnailUrl\":\"https:\\\/\\\/soldadoadrianojose.com.br\\\/wp-content\\\/uploads\\\/2023\\\/11\\\/WhatsApp-Image-2023-11-30-at-13.48.39.jpeg\",\"articleSection\":[\"MANDAGUA\u00c7U\"],\"inLanguage\":\"pt-BR\",\"potentialAction\":[{\"@type\":\"CommentAction\",\"name\":\"Comment\",\"target\":[\"https:\\\/\\\/soldadoadrianojose.com.br\\\/index.php\\\/2023\\\/11\\\/30\\\/mandaguacu-aprova-implantacao-do-colegio-civico-militar-com-76-2-de-votos\\\/#respond\"]}]},{\"@type\":\"WebPage\",\"@id\":\"https:\\\/\\\/soldadoadrianojose.com.br\\\/index.php\\\/2023\\\/11\\\/30\\\/mandaguacu-aprova-implantacao-do-colegio-civico-militar-com-76-2-de-votos\\\/\",\"url\":\"https:\\\/\\\/soldadoadrianojose.com.br\\\/index.php\\\/2023\\\/11\\\/30\\\/mandaguacu-aprova-implantacao-do-colegio-civico-militar-com-76-2-de-votos\\\/\",\"name\":\"Mandagua\u00e7u aprova implanta\u00e7\u00e3o do Col\u00e9gio C\u00edvico Militar com 76.2% de votos. - Deputado Adriano Jos\u00e9\",\"isPartOf\":{\"@id\":\"https:\\\/\\\/soldadoadrianojose.com.br\\\/#website\"},\"primaryImageOfPage\":{\"@id\":\"https:\\\/\\\/soldadoadrianojose.com.br\\\/index.php\\\/2023\\\/11\\\/30\\\/mandaguacu-aprova-implantacao-do-colegio-civico-militar-com-76-2-de-votos\\\/#primaryimage\"},\"image\":{\"@id\":\"https:\\\/\\\/soldadoadrianojose.com.br\\\/index.php\\\/2023\\\/11\\\/30\\\/mandaguacu-aprova-implantacao-do-colegio-civico-militar-com-76-2-de-votos\\\/#primaryimage\"},\"thumbnailUrl\":\"https:\\\/\\\/soldadoadrianojose.com.br\\\/wp-content\\\/uploads\\\/2023\\\/11\\\/WhatsApp-Image-2023-11-30-at-13.48.39.jpeg\",\"datePublished\":\"2023-11-30T18:47:52+00:00\",\"dateModified\":\"2023-11-30T22:01:04+00:00\",\"breadcrumb\":{\"@id\":\"https:\\\/\\\/soldadoadrianojose.com.br\\\/index.php\\\/2023\\\/11\\\/30\\\/mandaguacu-aprova-implantacao-do-colegio-civico-militar-com-76-2-de-votos\\\/#breadcrumb\"},\"inLanguage\":\"pt-BR\",\"potentialAction\":[{\"@type\":\"ReadAction\",\"target\":[\"https:\\\/\\\/soldadoadrianojose.com.br\\\/index.php\\\/2023\\\/11\\\/30\\\/mandaguacu-aprova-implantacao-do-colegio-civico-militar-com-76-2-de-votos\\\/\"]}]},{\"@type\":\"ImageObject\",\"inLanguage\":\"pt-BR\",\"@id\":\"https:\\\/\\\/soldadoadrianojose.com.br\\\/index.php\\\/2023\\\/11\\\/30\\\/mandaguacu-aprova-implantacao-do-colegio-civico-militar-com-76-2-de-votos\\\/#primaryimage\",\"url\":\"https:\\\/\\\/soldadoadrianojose.com.br\\\/wp-content\\\/uploads\\\/2023\\\/11\\\/WhatsApp-Image-2023-11-30-at-13.48.39.jpeg\",\"contentUrl\":\"https:\\\/\\\/soldadoadrianojose.com.br\\\/wp-content\\\/uploads\\\/2023\\\/11\\\/WhatsApp-Image-2023-11-30-at-13.48.39.jpeg\",\"width\":1600,\"height\":900},{\"@type\":\"BreadcrumbList\",\"@id\":\"https:\\\/\\\/soldadoadrianojose.com.br\\\/index.php\\\/2023\\\/11\\\/30\\\/mandaguacu-aprova-implantacao-do-colegio-civico-militar-com-76-2-de-votos\\\/#breadcrumb\",\"itemListElement\":[{\"@type\":\"ListItem\",\"position\":1,\"name\":\"In\u00edcio\",\"item\":\"https:\\\/\\\/soldadoadrianojose.com.br\\\/\"},{\"@type\":\"ListItem\",\"position\":2,\"name\":\"Mandagua\u00e7u aprova implanta\u00e7\u00e3o do Col\u00e9gio C\u00edvico Militar com 76.2% de votos.\"}]},{\"@type\":\"WebSite\",\"@id\":\"https:\\\/\\\/soldadoadrianojose.com.br\\\/#website\",\"url\":\"https:\\\/\\\/soldadoadrianojose.com.br\\\/\",\"name\":\"Deputado Adriano Jos\u00e9\",\"description\":\"Nosso trabalho \u00e9 pelas pessoas\",\"publisher\":{\"@id\":\"https:\\\/\\\/soldadoadrianojose.com.br\\\/#\\\/schema\\\/person\\\/16f8e8defb7a4bd6c6082efcd1bdb6bb\"},\"potentialAction\":[{\"@type\":\"SearchAction\",\"target\":{\"@type\":\"EntryPoint\",\"urlTemplate\":\"https:\\\/\\\/soldadoadrianojose.com.br\\\/?s={search_term_string}\"},\"query-input\":{\"@type\":\"PropertyValueSpecification\",\"valueRequired\":true,\"valueName\":\"search_term_string\"}}],\"inLanguage\":\"pt-BR\"},{\"@type\":[\"Person\",\"Organization\"],\"@id\":\"https:\\\/\\\/soldadoadrianojose.com.br\\\/#\\\/schema\\\/person\\\/16f8e8defb7a4bd6c6082efcd1bdb6bb\",\"name\":\"soldadoadrianojose\",\"image\":{\"@type\":\"ImageObject\",\"inLanguage\":\"pt-BR\",\"@id\":\"https:\\\/\\\/soldadoadrianojose.com.br\\\/wp-content\\\/uploads\\\/2023\\\/02\\\/LOGO_CLEAR-5.png\",\"url\":\"https:\\\/\\\/soldadoadrianojose.com.br\\\/wp-content\\\/uploads\\\/2023\\\/02\\\/LOGO_CLEAR-5.png\",\"contentUrl\":\"https:\\\/\\\/soldadoadrianojose.com.br\\\/wp-content\\\/uploads\\\/2023\\\/02\\\/LOGO_CLEAR-5.png\",\"width\":3508,\"height\":998,\"caption\":\"soldadoadrianojose\"},\"logo\":{\"@id\":\"https:\\\/\\\/soldadoadrianojose.com.br\\\/wp-content\\\/uploads\\\/2023\\\/02\\\/LOGO_CLEAR-5.png\"},\"sameAs\":[\"https:\\\/\\\/soldadoadrianojose.com.br\"],\"url\":\"https:\\\/\\\/soldadoadrianojose.com.br\\\/index.php\\\/author\\\/soldadoadrianojose\\\/\"}]}<\/script>\n<!-- \/ Yoast SEO plugin. -->","yoast_head_json":{"title":"Mandagua\u00e7u aprova implanta\u00e7\u00e3o do Col\u00e9gio C\u00edvico Militar com 76.2% de votos. - Deputado Adriano Jos\u00e9","robots":{"index":"index","follow":"follow","max-snippet":"max-snippet:-1","max-image-preview":"max-image-preview:large","max-video-preview":"max-video-preview:-1"},"canonical":"https:\/\/soldadoadrianojose.com.br\/index.php\/2023\/11\/30\/mandaguacu-aprova-implantacao-do-colegio-civico-militar-com-76-2-de-votos\/","og_locale":"pt_BR","og_type":"article","og_title":"Mandagua\u00e7u aprova implanta\u00e7\u00e3o do Col\u00e9gio C\u00edvico Militar com 76.2% de votos. - Deputado Adriano Jos\u00e9","og_description":"O deputado Adriano Jos\u00e9 esteve hoje em Mandagua\u00e7u para agradecer o empenho de todos na conquista da implanta\u00e7\u00e3o de uma unidade do Col\u00e9gio C\u00edvico Militar na cidade. A Escola Estadual Professor Francisco Jos\u00e9 Perioto foi escolhida para sediar a unidade do Col\u00e9gio C\u00edvico Militar. A iniciativa visa promover uma educa\u00e7\u00e3o de qualidade, com disciplina e [&hellip;]","og_url":"https:\/\/soldadoadrianojose.com.br\/index.php\/2023\/11\/30\/mandaguacu-aprova-implantacao-do-colegio-civico-militar-com-76-2-de-votos\/","og_site_name":"Deputado Adriano Jos\u00e9","article_published_time":"2023-11-30T18:47:52+00:00","article_modified_time":"2023-11-30T22:01:04+00:00","og_image":[{"width":1600,"height":900,"url":"https:\/\/soldadoadrianojose.com.br\/wp-content\/uploads\/2023\/11\/WhatsApp-Image-2023-11-30-at-13.48.39.jpeg","type":"image\/jpeg"}],"author":"soldadoadrianojose","twitter_card":"summary_large_image","twitter_misc":{"Escrito por":"soldadoadrianojose","Est. tempo de leitura":"2 minutos"},"schema":{"@context":"https:\/\/schema.org","@graph":[{"@type":"Article","@id":"https:\/\/soldadoadrianojose.com.br\/index.php\/2023\/11\/30\/mandaguacu-aprova-implantacao-do-colegio-civico-militar-com-76-2-de-votos\/#article","isPartOf":{"@id":"https:\/\/soldadoadrianojose.com.br\/index.php\/2023\/11\/30\/mandaguacu-aprova-implantacao-do-colegio-civico-militar-com-76-2-de-votos\/"},"author":{"name":"soldadoadrianojose","@id":"https:\/\/soldadoadrianojose.com.br\/#\/schema\/person\/16f8e8defb7a4bd6c6082efcd1bdb6bb"},"headline":"Mandagua\u00e7u aprova implanta\u00e7\u00e3o do Col\u00e9gio C\u00edvico Militar com 76.2% de votos.","datePublished":"2023-11-30T18:47:52+00:00","dateModified":"2023-11-30T22:01:04+00:00","mainEntityOfPage":{"@id":"https:\/\/soldadoadrianojose.com.br\/index.php\/2023\/11\/30\/mandaguacu-aprova-implantacao-do-colegio-civico-militar-com-76-2-de-votos\/"},"wordCount":324,"commentCount":0,"publisher":{"@id":"https:\/\/soldadoadrianojose.com.br\/#\/schema\/person\/16f8e8defb7a4bd6c6082efcd1bdb6bb"},"image":{"@id":"https:\/\/soldadoadrianojose.com.br\/index.php\/2023\/11\/30\/mandaguacu-aprova-implantacao-do-colegio-civico-militar-com-76-2-de-votos\/#primaryimage"},"thumbnailUrl":"https:\/\/soldadoadrianojose.com.br\/wp-content\/uploads\/2023\/11\/WhatsApp-Image-2023-11-30-at-13.48.39.jpeg","articleSection":["MANDAGUA\u00c7U"],"inLanguage":"pt-BR","potentialAction":[{"@type":"CommentAction","name":"Comment","target":["https:\/\/soldadoadrianojose.com.br\/index.php\/2023\/11\/30\/mandaguacu-aprova-implantacao-do-colegio-civico-militar-com-76-2-de-votos\/#respond"]}]},{"@type":"WebPage","@id":"https:\/\/soldadoadrianojose.com.br\/index.php\/2023\/11\/30\/mandaguacu-aprova-implantacao-do-colegio-civico-militar-com-76-2-de-votos\/","url":"https:\/\/soldadoadrianojose.com.br\/index.php\/2023\/11\/30\/mandaguacu-aprova-implantacao-do-colegio-civico-militar-com-76-2-de-votos\/","name":"Mandagua\u00e7u aprova implanta\u00e7\u00e3o do Col\u00e9gio C\u00edvico Militar com 76.2% de votos. - Deputado Adriano Jos\u00e9","isPartOf":{"@id":"https:\/\/soldadoadrianojose.com.br\/#website"},"primaryImageOfPage":{"@id":"https:\/\/soldadoadrianojose.com.br\/index.php\/2023\/11\/30\/mandaguacu-aprova-implantacao-do-colegio-civico-militar-com-76-2-de-votos\/#primaryimage"},"image":{"@id":"https:\/\/soldadoadrianojose.com.br\/index.php\/2023\/11\/30\/mandaguacu-aprova-implantacao-do-colegio-civico-militar-com-76-2-de-votos\/#primaryimage"},"thumbnailUrl":"https:\/\/soldadoadrianojose.com.br\/wp-content\/uploads\/2023\/11\/WhatsApp-Image-2023-11-30-at-13.48.39.jpeg","datePublished":"2023-11-30T18:47:52+00:00","dateModified":"2023-11-30T22:01:04+00:00","breadcrumb":{"@id":"https:\/\/soldadoadrianojose.com.br\/index.php\/2023\/11\/30\/mandaguacu-aprova-implantacao-do-colegio-civico-militar-com-76-2-de-votos\/#breadcrumb"},"inLanguage":"pt-BR","potentialAction":[{"@type":"ReadAction","target":["https:\/\/soldadoadrianojose.com.br\/index.php\/2023\/11\/30\/mandaguacu-aprova-implantacao-do-colegio-civico-militar-com-76-2-de-votos\/"]}]},{"@type":"ImageObject","inLanguage":"pt-BR","@id":"https:\/\/soldadoadrianojose.com.br\/index.php\/2023\/11\/30\/mandaguacu-aprova-implantacao-do-colegio-civico-militar-com-76-2-de-votos\/#primaryimage","url":"https:\/\/soldadoadrianojose.com.br\/wp-content\/uploads\/2023\/11\/WhatsApp-Image-2023-11-30-at-13.48.39.jpeg","contentUrl":"https:\/\/soldadoadrianojose.com.br\/wp-content\/uploads\/2023\/11\/WhatsApp-Image-2023-11-30-at-13.48.39.jpeg","width":1600,"height":900},{"@type":"BreadcrumbList","@id":"https:\/\/soldadoadrianojose.com.br\/index.php\/2023\/11\/30\/mandaguacu-aprova-implantacao-do-colegio-civico-militar-com-76-2-de-votos\/#breadcrumb","itemListElement":[{"@type":"ListItem","position":1,"name":"In\u00edcio","item":"https:\/\/soldadoadrianojose.com.br\/"},{"@type":"ListItem","position":2,"name":"Mandagua\u00e7u aprova implanta\u00e7\u00e3o do Col\u00e9gio C\u00edvico Militar com 76.2% de votos."}]},{"@type":"WebSite","@id":"https:\/\/soldadoadrianojose.com.br\/#website","url":"https:\/\/soldadoadrianojose.com.br\/","name":"Deputado Adriano Jos\u00e9","description":"Nosso trabalho \u00e9 pelas pessoas","publisher":{"@id":"https:\/\/soldadoadrianojose.com.br\/#\/schema\/person\/16f8e8defb7a4bd6c6082efcd1bdb6bb"},"potentialAction":[{"@type":"SearchAction","target":{"@type":"EntryPoint","urlTemplate":"https:\/\/soldadoadrianojose.com.br\/?s={search_term_string}"},"query-input":{"@type":"PropertyValueSpecification","valueRequired":true,"valueName":"search_term_string"}}],"inLanguage":"pt-BR"},{"@type":["Person","Organization"],"@id":"https:\/\/soldadoadrianojose.com.br\/#\/schema\/person\/16f8e8defb7a4bd6c6082efcd1bdb6bb","name":"soldadoadrianojose","image":{"@type":"ImageObject","inLanguage":"pt-BR","@id":"https:\/\/soldadoadrianojose.com.br\/wp-content\/uploads\/2023\/02\/LOGO_CLEAR-5.png","url":"https:\/\/soldadoadrianojose.com.br\/wp-content\/uploads\/2023\/02\/LOGO_CLEAR-5.png","contentUrl":"https:\/\/soldadoadrianojose.com.br\/wp-content\/uploads\/2023\/02\/LOGO_CLEAR-5.png","width":3508,"height":998,"caption":"soldadoadrianojose"},"logo":{"@id":"https:\/\/soldadoadrianojose.com.br\/wp-content\/uploads\/2023\/02\/LOGO_CLEAR-5.png"},"sameAs":["https:\/\/soldadoadrianojose.com.br"],"url":"https:\/\/soldadoadrianojose.com.br\/index.php\/author\/soldadoadrianojose\/"}]}},"jetpack_featured_media_url":"https:\/\/soldadoadrianojose.com.br\/wp-content\/uploads\/2023\/11\/WhatsApp-Image-2023-11-30-at-13.48.39.jpeg","_links":{"self":[{"href":"https:\/\/soldadoadrianojose.com.br\/index.php\/wp-json\/wp\/v2\/posts\/1660","targetHints":{"allow":["GET"]}}],"collection":[{"href":"https:\/\/soldadoadrianojose.com.br\/index.php\/wp-json\/wp\/v2\/posts"}],"about":[{"href":"https:\/\/soldadoadrianojose.com.br\/index.php\/wp-json\/wp\/v2\/types\/post"}],"author":[{"embeddable":true,"href":"https:\/\/soldadoadrianojose.com.br\/index.php\/wp-json\/wp\/v2\/users\/1"}],"replies":[{"embeddable":true,"href":"https:\/\/soldadoadrianojose.com.br\/index.php\/wp-json\/wp\/v2\/comments?post=1660"}],"version-history":[{"count":3,"href":"https:\/\/soldadoadrianojose.com.br\/index.php\/wp-json\/wp\/v2\/posts\/1660\/revisions"}],"predecessor-version":[{"id":1667,"href":"https:\/\/soldadoadrianojose.com.br\/index.php\/wp-json\/wp\/v2\/posts\/1660\/revisions\/1667"}],"wp:featuredmedia":[{"embeddable":true,"href":"https:\/\/soldadoadrianojose.com.br\/index.php\/wp-json\/wp\/v2\/media\/1662"}],"wp:attachment":[{"href":"https:\/\/soldadoadrianojose.com.br\/index.php\/wp-json\/wp\/v2\/media?parent=1660"}],"wp:term":[{"taxonomy":"category","embeddable":true,"href":"https:\/\/soldadoadrianojose.com.br\/index.php\/wp-json\/wp\/v2\/categories?post=1660"},{"taxonomy":"post_tag","embeddable":true,"href":"https:\/\/soldadoadrianojose.com.br\/index.php\/wp-json\/wp\/v2\/tags?post=1660"}],"curies":[{"name":"wp","href":"https:\/\/api.w.org\/{rel}","templated":true}]}}