{"id":1668,"date":"2023-12-05T15:14:42","date_gmt":"2023-12-05T18:14:42","guid":{"rendered":"https:\/\/soldadoadrianojose.com.br\/?p=1668"},"modified":"2023-12-05T15:15:50","modified_gmt":"2023-12-05T18:15:50","slug":"sessao-solene-homenegeara-atletas-e-tecnicos-paranaenses-de-corrida-de-montanha","status":"publish","type":"post","link":"https:\/\/soldadoadrianojose.com.br\/index.php\/2023\/12\/05\/sessao-solene-homenegeara-atletas-e-tecnicos-paranaenses-de-corrida-de-montanha\/","title":{"rendered":"Sess\u00e3o Solene homenagear\u00e1 atletas e t\u00e9cnicos paranaenses de Corrida de Montanha"},"content":{"rendered":"\n<figure class=\"wp-block-image size-full is-resized\"><img fetchpriority=\"high\" decoding=\"async\" width=\"1024\" height=\"1024\" src=\"https:\/\/soldadoadrianojose.com.br\/wp-content\/uploads\/2023\/12\/WhatsApp-Image-2023-12-05-at-14.57.38-1.jpeg\" alt=\"\" class=\"wp-image-1669\" style=\"width:253px;height:auto\" srcset=\"https:\/\/soldadoadrianojose.com.br\/wp-content\/uploads\/2023\/12\/WhatsApp-Image-2023-12-05-at-14.57.38-1.jpeg 1024w, https:\/\/soldadoadrianojose.com.br\/wp-content\/uploads\/2023\/12\/WhatsApp-Image-2023-12-05-at-14.57.38-1-300x300.jpeg 300w, https:\/\/soldadoadrianojose.com.br\/wp-content\/uploads\/2023\/12\/WhatsApp-Image-2023-12-05-at-14.57.38-1-150x150.jpeg 150w, https:\/\/soldadoadrianojose.com.br\/wp-content\/uploads\/2023\/12\/WhatsApp-Image-2023-12-05-at-14.57.38-1-768x768.jpeg 768w\" sizes=\"(max-width: 1024px) 100vw, 1024px\" \/><\/figure>\n\n\n\n<p>O deputado Adriano Jos\u00e9 est\u00e1 convidando para uma Sess\u00e3o Solene que ser\u00e1 realizada no dia 11 de dezembro, \u00e0s 9h, no Plen\u00e1rio da Assembleia Legislativa do Paran\u00e1.<br>A sess\u00e3o prestar\u00e1 homenagem aos paranaenses integrantes da Sele\u00e7\u00e3o Brasileira de Corrida de Montanha e Trilhas, bem como seus t\u00e9cnicos e apoiadores.<\/p>\n\n\n\n<p>Conforme destaca o convite, a sess\u00e3o solene ser\u00e1 um momento especial de celebrar n\u00e3o apenas o desempenho excepcional desses atletas que representam o Paran\u00e1 e o pa\u00eds nas competi\u00e7\u00f5es, mas tamb\u00e9m o orgulho que proporcionam ao Estado com suas conquistas. Adriano Jos\u00e9 destaca que \u201c \u00e9 uma oportunidade de reconhecer o esfor\u00e7o e a dedica\u00e7\u00e3o desses esportistas, que enfrentam desafios e superam limites em busca de seus objetivos.\u201d<br>A corrida de montanha \u00e9 uma modalidade que exige preparo f\u00edsico, t\u00e9cnica e mental, e os atletas paranaenses t\u00eam se destacado em competi\u00e7\u00f5es nacionais e internacionais. Essa homenagem \u00e9 uma forma de valorizar o trabalho desses esportistas e incentivar o desenvolvimento do esporte no estado.<br>O deputado Adriano Jos\u00e9, propositor da justa homenagem, ressalta a relev\u00e2ncia de enaltecer esses esportistas e profissionais que dignificam o nome do Paran\u00e1 no cen\u00e1rio nacional da modalidade.<br>O deputado informou ainda que protocolou projeto de lei n\u00ba 946\/2023 ( https:\/\/consultas.assembleia.pr.leg.br\/#\/proposicao) para instituir no Paran\u00e1 o Dia Estadual do Corredor de Montanhas e Trilhas, a ser comemorado no dia 11 de dezembro, estabelecendo assim um marco comemorativo para o referido esporte<\/p>\n","protected":false},"excerpt":{"rendered":"<p>O deputado Adriano Jos\u00e9 est\u00e1 convidando para uma Sess\u00e3o Solene que ser\u00e1 realizada no dia 11 de dezembro, \u00e0s 9h, no Plen\u00e1rio da Assembleia Legislativa do Paran\u00e1.A sess\u00e3o prestar\u00e1 homenagem aos paranaenses integrantes da Sele\u00e7\u00e3o Brasileira de Corrida de Montanha e Trilhas, bem como seus t\u00e9cnicos e apoiadores. Conforme destaca o convite, a sess\u00e3o solene [&hellip;]<\/p>\n","protected":false},"author":1,"featured_media":1669,"comment_status":"open","ping_status":"open","sticky":false,"template":"","format":"standard","meta":{"footnotes":""},"categories":[1,5],"tags":[49],"class_list":["post-1668","post","type-post","status-publish","format-standard","has-post-thumbnail","hentry","category-gabinete-sd","category-parana","tag-corrida-de-montanha"],"yoast_head":"<!-- This site is optimized with the Yoast SEO plugin v27.4 - https:\/\/yoast.com\/product\/yoast-seo-wordpress\/ -->\n<title>Sess\u00e3o Solene homenagear\u00e1 atletas e t\u00e9cnicos paranaenses de Corrida de Montanha - Deputado Adriano Jos\u00e9<\/title>\n<meta name=\"robots\" content=\"index, follow, max-snippet:-1, max-image-preview:large, max-video-preview:-1\" \/>\n<link rel=\"canonical\" href=\"https:\/\/soldadoadrianojose.com.br\/index.php\/2023\/12\/05\/sessao-solene-homenegeara-atletas-e-tecnicos-paranaenses-de-corrida-de-montanha\/\" \/>\n<meta property=\"og:locale\" content=\"pt_BR\" \/>\n<meta property=\"og:type\" content=\"article\" \/>\n<meta property=\"og:title\" content=\"Sess\u00e3o Solene homenagear\u00e1 atletas e t\u00e9cnicos paranaenses de Corrida de Montanha - Deputado Adriano Jos\u00e9\" \/>\n<meta property=\"og:description\" content=\"O deputado Adriano Jos\u00e9 est\u00e1 convidando para uma Sess\u00e3o Solene que ser\u00e1 realizada no dia 11 de dezembro, \u00e0s 9h, no Plen\u00e1rio da Assembleia Legislativa do Paran\u00e1.A sess\u00e3o prestar\u00e1 homenagem aos paranaenses integrantes da Sele\u00e7\u00e3o Brasileira de Corrida de Montanha e Trilhas, bem como seus t\u00e9cnicos e apoiadores. Conforme destaca o convite, a sess\u00e3o solene [&hellip;]\" \/>\n<meta property=\"og:url\" content=\"https:\/\/soldadoadrianojose.com.br\/index.php\/2023\/12\/05\/sessao-solene-homenegeara-atletas-e-tecnicos-paranaenses-de-corrida-de-montanha\/\" \/>\n<meta property=\"og:site_name\" content=\"Deputado Adriano Jos\u00e9\" \/>\n<meta property=\"article:published_time\" content=\"2023-12-05T18:14:42+00:00\" \/>\n<meta property=\"article:modified_time\" content=\"2023-12-05T18:15:50+00:00\" \/>\n<meta property=\"og:image\" content=\"https:\/\/soldadoadrianojose.com.br\/wp-content\/uploads\/2023\/12\/WhatsApp-Image-2023-12-05-at-14.57.38-1.jpeg\" \/>\n\t<meta property=\"og:image:width\" content=\"1024\" \/>\n\t<meta property=\"og:image:height\" content=\"1024\" \/>\n\t<meta property=\"og:image:type\" content=\"image\/jpeg\" \/>\n<meta name=\"author\" content=\"soldadoadrianojose\" \/>\n<meta name=\"twitter:card\" content=\"summary_large_image\" \/>\n<meta name=\"twitter:label1\" content=\"Escrito por\" \/>\n\t<meta name=\"twitter:data1\" content=\"soldadoadrianojose\" \/>\n\t<meta name=\"twitter:label2\" content=\"Est. tempo de leitura\" \/>\n\t<meta name=\"twitter:data2\" content=\"2 minutos\" \/>\n<script type=\"application\/ld+json\" class=\"yoast-schema-graph\">{\"@context\":\"https:\\\/\\\/schema.org\",\"@graph\":[{\"@type\":\"Article\",\"@id\":\"https:\\\/\\\/soldadoadrianojose.com.br\\\/index.php\\\/2023\\\/12\\\/05\\\/sessao-solene-homenegeara-atletas-e-tecnicos-paranaenses-de-corrida-de-montanha\\\/#article\",\"isPartOf\":{\"@id\":\"https:\\\/\\\/soldadoadrianojose.com.br\\\/index.php\\\/2023\\\/12\\\/05\\\/sessao-solene-homenegeara-atletas-e-tecnicos-paranaenses-de-corrida-de-montanha\\\/\"},\"author\":{\"name\":\"soldadoadrianojose\",\"@id\":\"https:\\\/\\\/soldadoadrianojose.com.br\\\/#\\\/schema\\\/person\\\/16f8e8defb7a4bd6c6082efcd1bdb6bb\"},\"headline\":\"Sess\u00e3o Solene homenagear\u00e1 atletas e t\u00e9cnicos paranaenses de Corrida de Montanha\",\"datePublished\":\"2023-12-05T18:14:42+00:00\",\"dateModified\":\"2023-12-05T18:15:50+00:00\",\"mainEntityOfPage\":{\"@id\":\"https:\\\/\\\/soldadoadrianojose.com.br\\\/index.php\\\/2023\\\/12\\\/05\\\/sessao-solene-homenegeara-atletas-e-tecnicos-paranaenses-de-corrida-de-montanha\\\/\"},\"wordCount\":262,\"commentCount\":0,\"publisher\":{\"@id\":\"https:\\\/\\\/soldadoadrianojose.com.br\\\/#\\\/schema\\\/person\\\/16f8e8defb7a4bd6c6082efcd1bdb6bb\"},\"image\":{\"@id\":\"https:\\\/\\\/soldadoadrianojose.com.br\\\/index.php\\\/2023\\\/12\\\/05\\\/sessao-solene-homenegeara-atletas-e-tecnicos-paranaenses-de-corrida-de-montanha\\\/#primaryimage\"},\"thumbnailUrl\":\"https:\\\/\\\/soldadoadrianojose.com.br\\\/wp-content\\\/uploads\\\/2023\\\/12\\\/WhatsApp-Image-2023-12-05-at-14.57.38-1.jpeg\",\"keywords\":[\"corrida de montanha\"],\"articleSection\":[\"GABINETE SD\",\"PARAN\u00c1\"],\"inLanguage\":\"pt-BR\",\"potentialAction\":[{\"@type\":\"CommentAction\",\"name\":\"Comment\",\"target\":[\"https:\\\/\\\/soldadoadrianojose.com.br\\\/index.php\\\/2023\\\/12\\\/05\\\/sessao-solene-homenegeara-atletas-e-tecnicos-paranaenses-de-corrida-de-montanha\\\/#respond\"]}]},{\"@type\":\"WebPage\",\"@id\":\"https:\\\/\\\/soldadoadrianojose.com.br\\\/index.php\\\/2023\\\/12\\\/05\\\/sessao-solene-homenegeara-atletas-e-tecnicos-paranaenses-de-corrida-de-montanha\\\/\",\"url\":\"https:\\\/\\\/soldadoadrianojose.com.br\\\/index.php\\\/2023\\\/12\\\/05\\\/sessao-solene-homenegeara-atletas-e-tecnicos-paranaenses-de-corrida-de-montanha\\\/\",\"name\":\"Sess\u00e3o Solene homenagear\u00e1 atletas e t\u00e9cnicos paranaenses de Corrida de Montanha - Deputado Adriano Jos\u00e9\",\"isPartOf\":{\"@id\":\"https:\\\/\\\/soldadoadrianojose.com.br\\\/#website\"},\"primaryImageOfPage\":{\"@id\":\"https:\\\/\\\/soldadoadrianojose.com.br\\\/index.php\\\/2023\\\/12\\\/05\\\/sessao-solene-homenegeara-atletas-e-tecnicos-paranaenses-de-corrida-de-montanha\\\/#primaryimage\"},\"image\":{\"@id\":\"https:\\\/\\\/soldadoadrianojose.com.br\\\/index.php\\\/2023\\\/12\\\/05\\\/sessao-solene-homenegeara-atletas-e-tecnicos-paranaenses-de-corrida-de-montanha\\\/#primaryimage\"},\"thumbnailUrl\":\"https:\\\/\\\/soldadoadrianojose.com.br\\\/wp-content\\\/uploads\\\/2023\\\/12\\\/WhatsApp-Image-2023-12-05-at-14.57.38-1.jpeg\",\"datePublished\":\"2023-12-05T18:14:42+00:00\",\"dateModified\":\"2023-12-05T18:15:50+00:00\",\"breadcrumb\":{\"@id\":\"https:\\\/\\\/soldadoadrianojose.com.br\\\/index.php\\\/2023\\\/12\\\/05\\\/sessao-solene-homenegeara-atletas-e-tecnicos-paranaenses-de-corrida-de-montanha\\\/#breadcrumb\"},\"inLanguage\":\"pt-BR\",\"potentialAction\":[{\"@type\":\"ReadAction\",\"target\":[\"https:\\\/\\\/soldadoadrianojose.com.br\\\/index.php\\\/2023\\\/12\\\/05\\\/sessao-solene-homenegeara-atletas-e-tecnicos-paranaenses-de-corrida-de-montanha\\\/\"]}]},{\"@type\":\"ImageObject\",\"inLanguage\":\"pt-BR\",\"@id\":\"https:\\\/\\\/soldadoadrianojose.com.br\\\/index.php\\\/2023\\\/12\\\/05\\\/sessao-solene-homenegeara-atletas-e-tecnicos-paranaenses-de-corrida-de-montanha\\\/#primaryimage\",\"url\":\"https:\\\/\\\/soldadoadrianojose.com.br\\\/wp-content\\\/uploads\\\/2023\\\/12\\\/WhatsApp-Image-2023-12-05-at-14.57.38-1.jpeg\",\"contentUrl\":\"https:\\\/\\\/soldadoadrianojose.com.br\\\/wp-content\\\/uploads\\\/2023\\\/12\\\/WhatsApp-Image-2023-12-05-at-14.57.38-1.jpeg\",\"width\":1024,\"height\":1024},{\"@type\":\"BreadcrumbList\",\"@id\":\"https:\\\/\\\/soldadoadrianojose.com.br\\\/index.php\\\/2023\\\/12\\\/05\\\/sessao-solene-homenegeara-atletas-e-tecnicos-paranaenses-de-corrida-de-montanha\\\/#breadcrumb\",\"itemListElement\":[{\"@type\":\"ListItem\",\"position\":1,\"name\":\"In\u00edcio\",\"item\":\"https:\\\/\\\/soldadoadrianojose.com.br\\\/\"},{\"@type\":\"ListItem\",\"position\":2,\"name\":\"Sess\u00e3o Solene homenagear\u00e1 atletas e t\u00e9cnicos paranaenses de Corrida de Montanha\"}]},{\"@type\":\"WebSite\",\"@id\":\"https:\\\/\\\/soldadoadrianojose.com.br\\\/#website\",\"url\":\"https:\\\/\\\/soldadoadrianojose.com.br\\\/\",\"name\":\"Deputado Adriano Jos\u00e9\",\"description\":\"Nosso trabalho \u00e9 pelas pessoas\",\"publisher\":{\"@id\":\"https:\\\/\\\/soldadoadrianojose.com.br\\\/#\\\/schema\\\/person\\\/16f8e8defb7a4bd6c6082efcd1bdb6bb\"},\"potentialAction\":[{\"@type\":\"SearchAction\",\"target\":{\"@type\":\"EntryPoint\",\"urlTemplate\":\"https:\\\/\\\/soldadoadrianojose.com.br\\\/?s={search_term_string}\"},\"query-input\":{\"@type\":\"PropertyValueSpecification\",\"valueRequired\":true,\"valueName\":\"search_term_string\"}}],\"inLanguage\":\"pt-BR\"},{\"@type\":[\"Person\",\"Organization\"],\"@id\":\"https:\\\/\\\/soldadoadrianojose.com.br\\\/#\\\/schema\\\/person\\\/16f8e8defb7a4bd6c6082efcd1bdb6bb\",\"name\":\"soldadoadrianojose\",\"image\":{\"@type\":\"ImageObject\",\"inLanguage\":\"pt-BR\",\"@id\":\"https:\\\/\\\/soldadoadrianojose.com.br\\\/wp-content\\\/uploads\\\/2023\\\/02\\\/LOGO_CLEAR-5.png\",\"url\":\"https:\\\/\\\/soldadoadrianojose.com.br\\\/wp-content\\\/uploads\\\/2023\\\/02\\\/LOGO_CLEAR-5.png\",\"contentUrl\":\"https:\\\/\\\/soldadoadrianojose.com.br\\\/wp-content\\\/uploads\\\/2023\\\/02\\\/LOGO_CLEAR-5.png\",\"width\":3508,\"height\":998,\"caption\":\"soldadoadrianojose\"},\"logo\":{\"@id\":\"https:\\\/\\\/soldadoadrianojose.com.br\\\/wp-content\\\/uploads\\\/2023\\\/02\\\/LOGO_CLEAR-5.png\"},\"sameAs\":[\"https:\\\/\\\/soldadoadrianojose.com.br\"],\"url\":\"https:\\\/\\\/soldadoadrianojose.com.br\\\/index.php\\\/author\\\/soldadoadrianojose\\\/\"}]}<\/script>\n<!-- \/ Yoast SEO plugin. -->","yoast_head_json":{"title":"Sess\u00e3o Solene homenagear\u00e1 atletas e t\u00e9cnicos paranaenses de Corrida de Montanha - Deputado Adriano Jos\u00e9","robots":{"index":"index","follow":"follow","max-snippet":"max-snippet:-1","max-image-preview":"max-image-preview:large","max-video-preview":"max-video-preview:-1"},"canonical":"https:\/\/soldadoadrianojose.com.br\/index.php\/2023\/12\/05\/sessao-solene-homenegeara-atletas-e-tecnicos-paranaenses-de-corrida-de-montanha\/","og_locale":"pt_BR","og_type":"article","og_title":"Sess\u00e3o Solene homenagear\u00e1 atletas e t\u00e9cnicos paranaenses de Corrida de Montanha - Deputado Adriano Jos\u00e9","og_description":"O deputado Adriano Jos\u00e9 est\u00e1 convidando para uma Sess\u00e3o Solene que ser\u00e1 realizada no dia 11 de dezembro, \u00e0s 9h, no Plen\u00e1rio da Assembleia Legislativa do Paran\u00e1.A sess\u00e3o prestar\u00e1 homenagem aos paranaenses integrantes da Sele\u00e7\u00e3o Brasileira de Corrida de Montanha e Trilhas, bem como seus t\u00e9cnicos e apoiadores. Conforme destaca o convite, a sess\u00e3o solene [&hellip;]","og_url":"https:\/\/soldadoadrianojose.com.br\/index.php\/2023\/12\/05\/sessao-solene-homenegeara-atletas-e-tecnicos-paranaenses-de-corrida-de-montanha\/","og_site_name":"Deputado Adriano Jos\u00e9","article_published_time":"2023-12-05T18:14:42+00:00","article_modified_time":"2023-12-05T18:15:50+00:00","og_image":[{"width":1024,"height":1024,"url":"https:\/\/soldadoadrianojose.com.br\/wp-content\/uploads\/2023\/12\/WhatsApp-Image-2023-12-05-at-14.57.38-1.jpeg","type":"image\/jpeg"}],"author":"soldadoadrianojose","twitter_card":"summary_large_image","twitter_misc":{"Escrito por":"soldadoadrianojose","Est. tempo de leitura":"2 minutos"},"schema":{"@context":"https:\/\/schema.org","@graph":[{"@type":"Article","@id":"https:\/\/soldadoadrianojose.com.br\/index.php\/2023\/12\/05\/sessao-solene-homenegeara-atletas-e-tecnicos-paranaenses-de-corrida-de-montanha\/#article","isPartOf":{"@id":"https:\/\/soldadoadrianojose.com.br\/index.php\/2023\/12\/05\/sessao-solene-homenegeara-atletas-e-tecnicos-paranaenses-de-corrida-de-montanha\/"},"author":{"name":"soldadoadrianojose","@id":"https:\/\/soldadoadrianojose.com.br\/#\/schema\/person\/16f8e8defb7a4bd6c6082efcd1bdb6bb"},"headline":"Sess\u00e3o Solene homenagear\u00e1 atletas e t\u00e9cnicos paranaenses de Corrida de Montanha","datePublished":"2023-12-05T18:14:42+00:00","dateModified":"2023-12-05T18:15:50+00:00","mainEntityOfPage":{"@id":"https:\/\/soldadoadrianojose.com.br\/index.php\/2023\/12\/05\/sessao-solene-homenegeara-atletas-e-tecnicos-paranaenses-de-corrida-de-montanha\/"},"wordCount":262,"commentCount":0,"publisher":{"@id":"https:\/\/soldadoadrianojose.com.br\/#\/schema\/person\/16f8e8defb7a4bd6c6082efcd1bdb6bb"},"image":{"@id":"https:\/\/soldadoadrianojose.com.br\/index.php\/2023\/12\/05\/sessao-solene-homenegeara-atletas-e-tecnicos-paranaenses-de-corrida-de-montanha\/#primaryimage"},"thumbnailUrl":"https:\/\/soldadoadrianojose.com.br\/wp-content\/uploads\/2023\/12\/WhatsApp-Image-2023-12-05-at-14.57.38-1.jpeg","keywords":["corrida de montanha"],"articleSection":["GABINETE SD","PARAN\u00c1"],"inLanguage":"pt-BR","potentialAction":[{"@type":"CommentAction","name":"Comment","target":["https:\/\/soldadoadrianojose.com.br\/index.php\/2023\/12\/05\/sessao-solene-homenegeara-atletas-e-tecnicos-paranaenses-de-corrida-de-montanha\/#respond"]}]},{"@type":"WebPage","@id":"https:\/\/soldadoadrianojose.com.br\/index.php\/2023\/12\/05\/sessao-solene-homenegeara-atletas-e-tecnicos-paranaenses-de-corrida-de-montanha\/","url":"https:\/\/soldadoadrianojose.com.br\/index.php\/2023\/12\/05\/sessao-solene-homenegeara-atletas-e-tecnicos-paranaenses-de-corrida-de-montanha\/","name":"Sess\u00e3o Solene homenagear\u00e1 atletas e t\u00e9cnicos paranaenses de Corrida de Montanha - Deputado Adriano Jos\u00e9","isPartOf":{"@id":"https:\/\/soldadoadrianojose.com.br\/#website"},"primaryImageOfPage":{"@id":"https:\/\/soldadoadrianojose.com.br\/index.php\/2023\/12\/05\/sessao-solene-homenegeara-atletas-e-tecnicos-paranaenses-de-corrida-de-montanha\/#primaryimage"},"image":{"@id":"https:\/\/soldadoadrianojose.com.br\/index.php\/2023\/12\/05\/sessao-solene-homenegeara-atletas-e-tecnicos-paranaenses-de-corrida-de-montanha\/#primaryimage"},"thumbnailUrl":"https:\/\/soldadoadrianojose.com.br\/wp-content\/uploads\/2023\/12\/WhatsApp-Image-2023-12-05-at-14.57.38-1.jpeg","datePublished":"2023-12-05T18:14:42+00:00","dateModified":"2023-12-05T18:15:50+00:00","breadcrumb":{"@id":"https:\/\/soldadoadrianojose.com.br\/index.php\/2023\/12\/05\/sessao-solene-homenegeara-atletas-e-tecnicos-paranaenses-de-corrida-de-montanha\/#breadcrumb"},"inLanguage":"pt-BR","potentialAction":[{"@type":"ReadAction","target":["https:\/\/soldadoadrianojose.com.br\/index.php\/2023\/12\/05\/sessao-solene-homenegeara-atletas-e-tecnicos-paranaenses-de-corrida-de-montanha\/"]}]},{"@type":"ImageObject","inLanguage":"pt-BR","@id":"https:\/\/soldadoadrianojose.com.br\/index.php\/2023\/12\/05\/sessao-solene-homenegeara-atletas-e-tecnicos-paranaenses-de-corrida-de-montanha\/#primaryimage","url":"https:\/\/soldadoadrianojose.com.br\/wp-content\/uploads\/2023\/12\/WhatsApp-Image-2023-12-05-at-14.57.38-1.jpeg","contentUrl":"https:\/\/soldadoadrianojose.com.br\/wp-content\/uploads\/2023\/12\/WhatsApp-Image-2023-12-05-at-14.57.38-1.jpeg","width":1024,"height":1024},{"@type":"BreadcrumbList","@id":"https:\/\/soldadoadrianojose.com.br\/index.php\/2023\/12\/05\/sessao-solene-homenegeara-atletas-e-tecnicos-paranaenses-de-corrida-de-montanha\/#breadcrumb","itemListElement":[{"@type":"ListItem","position":1,"name":"In\u00edcio","item":"https:\/\/soldadoadrianojose.com.br\/"},{"@type":"ListItem","position":2,"name":"Sess\u00e3o Solene homenagear\u00e1 atletas e t\u00e9cnicos paranaenses de Corrida de Montanha"}]},{"@type":"WebSite","@id":"https:\/\/soldadoadrianojose.com.br\/#website","url":"https:\/\/soldadoadrianojose.com.br\/","name":"Deputado Adriano Jos\u00e9","description":"Nosso trabalho \u00e9 pelas pessoas","publisher":{"@id":"https:\/\/soldadoadrianojose.com.br\/#\/schema\/person\/16f8e8defb7a4bd6c6082efcd1bdb6bb"},"potentialAction":[{"@type":"SearchAction","target":{"@type":"EntryPoint","urlTemplate":"https:\/\/soldadoadrianojose.com.br\/?s={search_term_string}"},"query-input":{"@type":"PropertyValueSpecification","valueRequired":true,"valueName":"search_term_string"}}],"inLanguage":"pt-BR"},{"@type":["Person","Organization"],"@id":"https:\/\/soldadoadrianojose.com.br\/#\/schema\/person\/16f8e8defb7a4bd6c6082efcd1bdb6bb","name":"soldadoadrianojose","image":{"@type":"ImageObject","inLanguage":"pt-BR","@id":"https:\/\/soldadoadrianojose.com.br\/wp-content\/uploads\/2023\/02\/LOGO_CLEAR-5.png","url":"https:\/\/soldadoadrianojose.com.br\/wp-content\/uploads\/2023\/02\/LOGO_CLEAR-5.png","contentUrl":"https:\/\/soldadoadrianojose.com.br\/wp-content\/uploads\/2023\/02\/LOGO_CLEAR-5.png","width":3508,"height":998,"caption":"soldadoadrianojose"},"logo":{"@id":"https:\/\/soldadoadrianojose.com.br\/wp-content\/uploads\/2023\/02\/LOGO_CLEAR-5.png"},"sameAs":["https:\/\/soldadoadrianojose.com.br"],"url":"https:\/\/soldadoadrianojose.com.br\/index.php\/author\/soldadoadrianojose\/"}]}},"jetpack_featured_media_url":"https:\/\/soldadoadrianojose.com.br\/wp-content\/uploads\/2023\/12\/WhatsApp-Image-2023-12-05-at-14.57.38-1.jpeg","_links":{"self":[{"href":"https:\/\/soldadoadrianojose.com.br\/index.php\/wp-json\/wp\/v2\/posts\/1668","targetHints":{"allow":["GET"]}}],"collection":[{"href":"https:\/\/soldadoadrianojose.com.br\/index.php\/wp-json\/wp\/v2\/posts"}],"about":[{"href":"https:\/\/soldadoadrianojose.com.br\/index.php\/wp-json\/wp\/v2\/types\/post"}],"author":[{"embeddable":true,"href":"https:\/\/soldadoadrianojose.com.br\/index.php\/wp-json\/wp\/v2\/users\/1"}],"replies":[{"embeddable":true,"href":"https:\/\/soldadoadrianojose.com.br\/index.php\/wp-json\/wp\/v2\/comments?post=1668"}],"version-history":[{"count":3,"href":"https:\/\/soldadoadrianojose.com.br\/index.php\/wp-json\/wp\/v2\/posts\/1668\/revisions"}],"predecessor-version":[{"id":1672,"href":"https:\/\/soldadoadrianojose.com.br\/index.php\/wp-json\/wp\/v2\/posts\/1668\/revisions\/1672"}],"wp:featuredmedia":[{"embeddable":true,"href":"https:\/\/soldadoadrianojose.com.br\/index.php\/wp-json\/wp\/v2\/media\/1669"}],"wp:attachment":[{"href":"https:\/\/soldadoadrianojose.com.br\/index.php\/wp-json\/wp\/v2\/media?parent=1668"}],"wp:term":[{"taxonomy":"category","embeddable":true,"href":"https:\/\/soldadoadrianojose.com.br\/index.php\/wp-json\/wp\/v2\/categories?post=1668"},{"taxonomy":"post_tag","embeddable":true,"href":"https:\/\/soldadoadrianojose.com.br\/index.php\/wp-json\/wp\/v2\/tags?post=1668"}],"curies":[{"name":"wp","href":"https:\/\/api.w.org\/{rel}","templated":true}]}}