{"id":1734,"date":"2023-12-07T11:25:52","date_gmt":"2023-12-07T14:25:52","guid":{"rendered":"https:\/\/soldadoadrianojose.com.br\/?p=1734"},"modified":"2023-12-07T11:25:55","modified_gmt":"2023-12-07T14:25:55","slug":"no-parana-ja-e-lei-a-exigencia-do-uso-correto-da-lingua-portuguesa","status":"publish","type":"post","link":"https:\/\/soldadoadrianojose.com.br\/index.php\/2023\/12\/07\/no-parana-ja-e-lei-a-exigencia-do-uso-correto-da-lingua-portuguesa\/","title":{"rendered":"No Paran\u00e1 j\u00e1 \u00e9 lei a exig\u00eancia do uso correto da l\u00edngua portuguesa"},"content":{"rendered":"\n<figure class=\"wp-block-image size-large is-resized\"><img fetchpriority=\"high\" decoding=\"async\" width=\"1024\" height=\"719\" src=\"https:\/\/soldadoadrianojose.com.br\/wp-content\/uploads\/2023\/09\/3-1024x719.jpg\" alt=\"\" class=\"wp-image-1088\" style=\"width:591px;height:auto\" srcset=\"https:\/\/soldadoadrianojose.com.br\/wp-content\/uploads\/2023\/09\/3-1024x719.jpg 1024w, https:\/\/soldadoadrianojose.com.br\/wp-content\/uploads\/2023\/09\/3-300x211.jpg 300w, https:\/\/soldadoadrianojose.com.br\/wp-content\/uploads\/2023\/09\/3-768x539.jpg 768w, https:\/\/soldadoadrianojose.com.br\/wp-content\/uploads\/2023\/09\/3.jpg 1363w\" sizes=\"(max-width: 1024px) 100vw, 1024px\" \/><\/figure>\n\n\n\n<p>A C\u00e2mara dos Deputados aprovou projeto de lei que busca padronizar a linguagem nos \u00f3rg\u00e3os p\u00fablicos, proibindo o uso de termos como &#8220;todes&#8221; e exigindo o cumprimento das regras gramaticais da l\u00edngua portuguesa. E aqui no estado do Paran\u00e1 j\u00e1 \u00e9 realidade.<\/p>\n\n\n\n<p>O deputado Adriano Jos\u00e9 \u00e9 tamb\u00e9m autor da Lei 21362, que foi sancionada em janeiro deste ano pelo governador Ratinho Junior, que veda expressamente \u00e0 Administra\u00e7\u00e3o Estadual, incluindo as institui\u00e7\u00f5es de ensino mantidas pelo Estado e as bancas examinadoras de sele\u00e7\u00f5es e concursos p\u00fablicos realizados ou contratados pelo Poder P\u00fablico estadual, a utiliza\u00e7\u00e3o de formas de flex\u00e3o de g\u00eanero e de n\u00famero das palavras da l\u00edngua portuguesa em contrariedade \u00e0s regras gramaticais consolidadas.<\/p>\n\n\n\n<p>A lei abrange diversos tipos de documentos e instrumentos, como publicidade institucional, informativos, circulares, e-mails, memorandos, documentos oficiais, curr\u00edculos escolares, editais, provas, exames e instrumentos cong\u00eaneres. Com isso, busca-se garantir o uso correto da l\u00edngua portuguesa, seguindo as regras gramaticais nacionais.<\/p>\n\n\n\n<p>A iniciativa do deputado Adriano Jos\u00e9, juntamente com outros parlamentares, visa promover a padroniza\u00e7\u00e3o e a corre\u00e7\u00e3o lingu\u00edstica nos documentos oficiais e nas comunica\u00e7\u00f5es do Estado do Paran\u00e1. A lei tem como objetivo evitar o uso de formas de flex\u00e3o de g\u00eanero e n\u00famero que n\u00e3o estejam de acordo com as regras gramaticais estabelecidas, buscando assim garantir a clareza e a objetividade nas comunica\u00e7\u00f5es oficiais.<\/p>\n\n\n\n<p>A lei entrou em vigor na data de sua publica\u00e7\u00e3o, em 18 de janeiro de 2023. Com isso, espera-se que a Administra\u00e7\u00e3o Estadual, as institui\u00e7\u00f5es de ensino e as bancas examinadoras de sele\u00e7\u00f5es e concursos p\u00fablicos do Estado do Paran\u00e1 estejam em conformidade com as regras gramaticais nacionais em suas comunica\u00e7\u00f5es e documentos oficiais.<\/p>\n","protected":false},"excerpt":{"rendered":"<p>A C\u00e2mara dos Deputados aprovou projeto de lei que busca padronizar a linguagem nos \u00f3rg\u00e3os p\u00fablicos, proibindo o uso de termos como &#8220;todes&#8221; e exigindo o cumprimento das regras gramaticais da l\u00edngua portuguesa. E aqui no estado do Paran\u00e1 j\u00e1 \u00e9 realidade. O deputado Adriano Jos\u00e9 \u00e9 tamb\u00e9m autor da Lei 21362, que foi sancionada [&hellip;]<\/p>\n","protected":false},"author":1,"featured_media":1088,"comment_status":"open","ping_status":"open","sticky":false,"template":"","format":"standard","meta":{"footnotes":""},"categories":[5],"tags":[],"class_list":["post-1734","post","type-post","status-publish","format-standard","has-post-thumbnail","hentry","category-parana"],"yoast_head":"<!-- This site is optimized with the Yoast SEO plugin v27.4 - https:\/\/yoast.com\/product\/yoast-seo-wordpress\/ -->\n<title>No Paran\u00e1 j\u00e1 \u00e9 lei a exig\u00eancia do uso correto da l\u00edngua portuguesa - Deputado Adriano Jos\u00e9<\/title>\n<meta name=\"robots\" content=\"index, follow, max-snippet:-1, max-image-preview:large, max-video-preview:-1\" \/>\n<link rel=\"canonical\" href=\"https:\/\/soldadoadrianojose.com.br\/index.php\/2023\/12\/07\/no-parana-ja-e-lei-a-exigencia-do-uso-correto-da-lingua-portuguesa\/\" \/>\n<meta property=\"og:locale\" content=\"pt_BR\" \/>\n<meta property=\"og:type\" content=\"article\" \/>\n<meta property=\"og:title\" content=\"No Paran\u00e1 j\u00e1 \u00e9 lei a exig\u00eancia do uso correto da l\u00edngua portuguesa - Deputado Adriano Jos\u00e9\" \/>\n<meta property=\"og:description\" content=\"A C\u00e2mara dos Deputados aprovou projeto de lei que busca padronizar a linguagem nos \u00f3rg\u00e3os p\u00fablicos, proibindo o uso de termos como &#8220;todes&#8221; e exigindo o cumprimento das regras gramaticais da l\u00edngua portuguesa. E aqui no estado do Paran\u00e1 j\u00e1 \u00e9 realidade. O deputado Adriano Jos\u00e9 \u00e9 tamb\u00e9m autor da Lei 21362, que foi sancionada [&hellip;]\" \/>\n<meta property=\"og:url\" content=\"https:\/\/soldadoadrianojose.com.br\/index.php\/2023\/12\/07\/no-parana-ja-e-lei-a-exigencia-do-uso-correto-da-lingua-portuguesa\/\" \/>\n<meta property=\"og:site_name\" content=\"Deputado Adriano Jos\u00e9\" \/>\n<meta property=\"article:published_time\" content=\"2023-12-07T14:25:52+00:00\" \/>\n<meta property=\"article:modified_time\" content=\"2023-12-07T14:25:55+00:00\" \/>\n<meta property=\"og:image\" content=\"https:\/\/soldadoadrianojose.com.br\/wp-content\/uploads\/2023\/09\/3.jpg\" \/>\n\t<meta property=\"og:image:width\" content=\"1363\" \/>\n\t<meta property=\"og:image:height\" content=\"957\" \/>\n\t<meta property=\"og:image:type\" content=\"image\/jpeg\" \/>\n<meta name=\"author\" content=\"soldadoadrianojose\" \/>\n<meta name=\"twitter:card\" content=\"summary_large_image\" \/>\n<meta name=\"twitter:label1\" content=\"Escrito por\" \/>\n\t<meta name=\"twitter:data1\" content=\"soldadoadrianojose\" \/>\n\t<meta name=\"twitter:label2\" content=\"Est. tempo de leitura\" \/>\n\t<meta name=\"twitter:data2\" content=\"2 minutos\" \/>\n<script type=\"application\/ld+json\" class=\"yoast-schema-graph\">{\"@context\":\"https:\\\/\\\/schema.org\",\"@graph\":[{\"@type\":\"Article\",\"@id\":\"https:\\\/\\\/soldadoadrianojose.com.br\\\/index.php\\\/2023\\\/12\\\/07\\\/no-parana-ja-e-lei-a-exigencia-do-uso-correto-da-lingua-portuguesa\\\/#article\",\"isPartOf\":{\"@id\":\"https:\\\/\\\/soldadoadrianojose.com.br\\\/index.php\\\/2023\\\/12\\\/07\\\/no-parana-ja-e-lei-a-exigencia-do-uso-correto-da-lingua-portuguesa\\\/\"},\"author\":{\"name\":\"soldadoadrianojose\",\"@id\":\"https:\\\/\\\/soldadoadrianojose.com.br\\\/#\\\/schema\\\/person\\\/16f8e8defb7a4bd6c6082efcd1bdb6bb\"},\"headline\":\"No Paran\u00e1 j\u00e1 \u00e9 lei a exig\u00eancia do uso correto da l\u00edngua portuguesa\",\"datePublished\":\"2023-12-07T14:25:52+00:00\",\"dateModified\":\"2023-12-07T14:25:55+00:00\",\"mainEntityOfPage\":{\"@id\":\"https:\\\/\\\/soldadoadrianojose.com.br\\\/index.php\\\/2023\\\/12\\\/07\\\/no-parana-ja-e-lei-a-exigencia-do-uso-correto-da-lingua-portuguesa\\\/\"},\"wordCount\":316,\"commentCount\":0,\"publisher\":{\"@id\":\"https:\\\/\\\/soldadoadrianojose.com.br\\\/#\\\/schema\\\/person\\\/16f8e8defb7a4bd6c6082efcd1bdb6bb\"},\"image\":{\"@id\":\"https:\\\/\\\/soldadoadrianojose.com.br\\\/index.php\\\/2023\\\/12\\\/07\\\/no-parana-ja-e-lei-a-exigencia-do-uso-correto-da-lingua-portuguesa\\\/#primaryimage\"},\"thumbnailUrl\":\"https:\\\/\\\/soldadoadrianojose.com.br\\\/wp-content\\\/uploads\\\/2023\\\/09\\\/3.jpg\",\"articleSection\":[\"PARAN\u00c1\"],\"inLanguage\":\"pt-BR\",\"potentialAction\":[{\"@type\":\"CommentAction\",\"name\":\"Comment\",\"target\":[\"https:\\\/\\\/soldadoadrianojose.com.br\\\/index.php\\\/2023\\\/12\\\/07\\\/no-parana-ja-e-lei-a-exigencia-do-uso-correto-da-lingua-portuguesa\\\/#respond\"]}]},{\"@type\":\"WebPage\",\"@id\":\"https:\\\/\\\/soldadoadrianojose.com.br\\\/index.php\\\/2023\\\/12\\\/07\\\/no-parana-ja-e-lei-a-exigencia-do-uso-correto-da-lingua-portuguesa\\\/\",\"url\":\"https:\\\/\\\/soldadoadrianojose.com.br\\\/index.php\\\/2023\\\/12\\\/07\\\/no-parana-ja-e-lei-a-exigencia-do-uso-correto-da-lingua-portuguesa\\\/\",\"name\":\"No Paran\u00e1 j\u00e1 \u00e9 lei a exig\u00eancia do uso correto da l\u00edngua portuguesa - Deputado Adriano Jos\u00e9\",\"isPartOf\":{\"@id\":\"https:\\\/\\\/soldadoadrianojose.com.br\\\/#website\"},\"primaryImageOfPage\":{\"@id\":\"https:\\\/\\\/soldadoadrianojose.com.br\\\/index.php\\\/2023\\\/12\\\/07\\\/no-parana-ja-e-lei-a-exigencia-do-uso-correto-da-lingua-portuguesa\\\/#primaryimage\"},\"image\":{\"@id\":\"https:\\\/\\\/soldadoadrianojose.com.br\\\/index.php\\\/2023\\\/12\\\/07\\\/no-parana-ja-e-lei-a-exigencia-do-uso-correto-da-lingua-portuguesa\\\/#primaryimage\"},\"thumbnailUrl\":\"https:\\\/\\\/soldadoadrianojose.com.br\\\/wp-content\\\/uploads\\\/2023\\\/09\\\/3.jpg\",\"datePublished\":\"2023-12-07T14:25:52+00:00\",\"dateModified\":\"2023-12-07T14:25:55+00:00\",\"breadcrumb\":{\"@id\":\"https:\\\/\\\/soldadoadrianojose.com.br\\\/index.php\\\/2023\\\/12\\\/07\\\/no-parana-ja-e-lei-a-exigencia-do-uso-correto-da-lingua-portuguesa\\\/#breadcrumb\"},\"inLanguage\":\"pt-BR\",\"potentialAction\":[{\"@type\":\"ReadAction\",\"target\":[\"https:\\\/\\\/soldadoadrianojose.com.br\\\/index.php\\\/2023\\\/12\\\/07\\\/no-parana-ja-e-lei-a-exigencia-do-uso-correto-da-lingua-portuguesa\\\/\"]}]},{\"@type\":\"ImageObject\",\"inLanguage\":\"pt-BR\",\"@id\":\"https:\\\/\\\/soldadoadrianojose.com.br\\\/index.php\\\/2023\\\/12\\\/07\\\/no-parana-ja-e-lei-a-exigencia-do-uso-correto-da-lingua-portuguesa\\\/#primaryimage\",\"url\":\"https:\\\/\\\/soldadoadrianojose.com.br\\\/wp-content\\\/uploads\\\/2023\\\/09\\\/3.jpg\",\"contentUrl\":\"https:\\\/\\\/soldadoadrianojose.com.br\\\/wp-content\\\/uploads\\\/2023\\\/09\\\/3.jpg\",\"width\":1363,\"height\":957},{\"@type\":\"BreadcrumbList\",\"@id\":\"https:\\\/\\\/soldadoadrianojose.com.br\\\/index.php\\\/2023\\\/12\\\/07\\\/no-parana-ja-e-lei-a-exigencia-do-uso-correto-da-lingua-portuguesa\\\/#breadcrumb\",\"itemListElement\":[{\"@type\":\"ListItem\",\"position\":1,\"name\":\"In\u00edcio\",\"item\":\"https:\\\/\\\/soldadoadrianojose.com.br\\\/\"},{\"@type\":\"ListItem\",\"position\":2,\"name\":\"No Paran\u00e1 j\u00e1 \u00e9 lei a exig\u00eancia do uso correto da l\u00edngua portuguesa\"}]},{\"@type\":\"WebSite\",\"@id\":\"https:\\\/\\\/soldadoadrianojose.com.br\\\/#website\",\"url\":\"https:\\\/\\\/soldadoadrianojose.com.br\\\/\",\"name\":\"Deputado Adriano Jos\u00e9\",\"description\":\"Nosso trabalho \u00e9 pelas pessoas\",\"publisher\":{\"@id\":\"https:\\\/\\\/soldadoadrianojose.com.br\\\/#\\\/schema\\\/person\\\/16f8e8defb7a4bd6c6082efcd1bdb6bb\"},\"potentialAction\":[{\"@type\":\"SearchAction\",\"target\":{\"@type\":\"EntryPoint\",\"urlTemplate\":\"https:\\\/\\\/soldadoadrianojose.com.br\\\/?s={search_term_string}\"},\"query-input\":{\"@type\":\"PropertyValueSpecification\",\"valueRequired\":true,\"valueName\":\"search_term_string\"}}],\"inLanguage\":\"pt-BR\"},{\"@type\":[\"Person\",\"Organization\"],\"@id\":\"https:\\\/\\\/soldadoadrianojose.com.br\\\/#\\\/schema\\\/person\\\/16f8e8defb7a4bd6c6082efcd1bdb6bb\",\"name\":\"soldadoadrianojose\",\"image\":{\"@type\":\"ImageObject\",\"inLanguage\":\"pt-BR\",\"@id\":\"https:\\\/\\\/soldadoadrianojose.com.br\\\/wp-content\\\/uploads\\\/2023\\\/02\\\/LOGO_CLEAR-5.png\",\"url\":\"https:\\\/\\\/soldadoadrianojose.com.br\\\/wp-content\\\/uploads\\\/2023\\\/02\\\/LOGO_CLEAR-5.png\",\"contentUrl\":\"https:\\\/\\\/soldadoadrianojose.com.br\\\/wp-content\\\/uploads\\\/2023\\\/02\\\/LOGO_CLEAR-5.png\",\"width\":3508,\"height\":998,\"caption\":\"soldadoadrianojose\"},\"logo\":{\"@id\":\"https:\\\/\\\/soldadoadrianojose.com.br\\\/wp-content\\\/uploads\\\/2023\\\/02\\\/LOGO_CLEAR-5.png\"},\"sameAs\":[\"https:\\\/\\\/soldadoadrianojose.com.br\"],\"url\":\"https:\\\/\\\/soldadoadrianojose.com.br\\\/index.php\\\/author\\\/soldadoadrianojose\\\/\"}]}<\/script>\n<!-- \/ Yoast SEO plugin. -->","yoast_head_json":{"title":"No Paran\u00e1 j\u00e1 \u00e9 lei a exig\u00eancia do uso correto da l\u00edngua portuguesa - Deputado Adriano Jos\u00e9","robots":{"index":"index","follow":"follow","max-snippet":"max-snippet:-1","max-image-preview":"max-image-preview:large","max-video-preview":"max-video-preview:-1"},"canonical":"https:\/\/soldadoadrianojose.com.br\/index.php\/2023\/12\/07\/no-parana-ja-e-lei-a-exigencia-do-uso-correto-da-lingua-portuguesa\/","og_locale":"pt_BR","og_type":"article","og_title":"No Paran\u00e1 j\u00e1 \u00e9 lei a exig\u00eancia do uso correto da l\u00edngua portuguesa - Deputado Adriano Jos\u00e9","og_description":"A C\u00e2mara dos Deputados aprovou projeto de lei que busca padronizar a linguagem nos \u00f3rg\u00e3os p\u00fablicos, proibindo o uso de termos como &#8220;todes&#8221; e exigindo o cumprimento das regras gramaticais da l\u00edngua portuguesa. E aqui no estado do Paran\u00e1 j\u00e1 \u00e9 realidade. O deputado Adriano Jos\u00e9 \u00e9 tamb\u00e9m autor da Lei 21362, que foi sancionada [&hellip;]","og_url":"https:\/\/soldadoadrianojose.com.br\/index.php\/2023\/12\/07\/no-parana-ja-e-lei-a-exigencia-do-uso-correto-da-lingua-portuguesa\/","og_site_name":"Deputado Adriano Jos\u00e9","article_published_time":"2023-12-07T14:25:52+00:00","article_modified_time":"2023-12-07T14:25:55+00:00","og_image":[{"width":1363,"height":957,"url":"https:\/\/soldadoadrianojose.com.br\/wp-content\/uploads\/2023\/09\/3.jpg","type":"image\/jpeg"}],"author":"soldadoadrianojose","twitter_card":"summary_large_image","twitter_misc":{"Escrito por":"soldadoadrianojose","Est. tempo de leitura":"2 minutos"},"schema":{"@context":"https:\/\/schema.org","@graph":[{"@type":"Article","@id":"https:\/\/soldadoadrianojose.com.br\/index.php\/2023\/12\/07\/no-parana-ja-e-lei-a-exigencia-do-uso-correto-da-lingua-portuguesa\/#article","isPartOf":{"@id":"https:\/\/soldadoadrianojose.com.br\/index.php\/2023\/12\/07\/no-parana-ja-e-lei-a-exigencia-do-uso-correto-da-lingua-portuguesa\/"},"author":{"name":"soldadoadrianojose","@id":"https:\/\/soldadoadrianojose.com.br\/#\/schema\/person\/16f8e8defb7a4bd6c6082efcd1bdb6bb"},"headline":"No Paran\u00e1 j\u00e1 \u00e9 lei a exig\u00eancia do uso correto da l\u00edngua portuguesa","datePublished":"2023-12-07T14:25:52+00:00","dateModified":"2023-12-07T14:25:55+00:00","mainEntityOfPage":{"@id":"https:\/\/soldadoadrianojose.com.br\/index.php\/2023\/12\/07\/no-parana-ja-e-lei-a-exigencia-do-uso-correto-da-lingua-portuguesa\/"},"wordCount":316,"commentCount":0,"publisher":{"@id":"https:\/\/soldadoadrianojose.com.br\/#\/schema\/person\/16f8e8defb7a4bd6c6082efcd1bdb6bb"},"image":{"@id":"https:\/\/soldadoadrianojose.com.br\/index.php\/2023\/12\/07\/no-parana-ja-e-lei-a-exigencia-do-uso-correto-da-lingua-portuguesa\/#primaryimage"},"thumbnailUrl":"https:\/\/soldadoadrianojose.com.br\/wp-content\/uploads\/2023\/09\/3.jpg","articleSection":["PARAN\u00c1"],"inLanguage":"pt-BR","potentialAction":[{"@type":"CommentAction","name":"Comment","target":["https:\/\/soldadoadrianojose.com.br\/index.php\/2023\/12\/07\/no-parana-ja-e-lei-a-exigencia-do-uso-correto-da-lingua-portuguesa\/#respond"]}]},{"@type":"WebPage","@id":"https:\/\/soldadoadrianojose.com.br\/index.php\/2023\/12\/07\/no-parana-ja-e-lei-a-exigencia-do-uso-correto-da-lingua-portuguesa\/","url":"https:\/\/soldadoadrianojose.com.br\/index.php\/2023\/12\/07\/no-parana-ja-e-lei-a-exigencia-do-uso-correto-da-lingua-portuguesa\/","name":"No Paran\u00e1 j\u00e1 \u00e9 lei a exig\u00eancia do uso correto da l\u00edngua portuguesa - Deputado Adriano Jos\u00e9","isPartOf":{"@id":"https:\/\/soldadoadrianojose.com.br\/#website"},"primaryImageOfPage":{"@id":"https:\/\/soldadoadrianojose.com.br\/index.php\/2023\/12\/07\/no-parana-ja-e-lei-a-exigencia-do-uso-correto-da-lingua-portuguesa\/#primaryimage"},"image":{"@id":"https:\/\/soldadoadrianojose.com.br\/index.php\/2023\/12\/07\/no-parana-ja-e-lei-a-exigencia-do-uso-correto-da-lingua-portuguesa\/#primaryimage"},"thumbnailUrl":"https:\/\/soldadoadrianojose.com.br\/wp-content\/uploads\/2023\/09\/3.jpg","datePublished":"2023-12-07T14:25:52+00:00","dateModified":"2023-12-07T14:25:55+00:00","breadcrumb":{"@id":"https:\/\/soldadoadrianojose.com.br\/index.php\/2023\/12\/07\/no-parana-ja-e-lei-a-exigencia-do-uso-correto-da-lingua-portuguesa\/#breadcrumb"},"inLanguage":"pt-BR","potentialAction":[{"@type":"ReadAction","target":["https:\/\/soldadoadrianojose.com.br\/index.php\/2023\/12\/07\/no-parana-ja-e-lei-a-exigencia-do-uso-correto-da-lingua-portuguesa\/"]}]},{"@type":"ImageObject","inLanguage":"pt-BR","@id":"https:\/\/soldadoadrianojose.com.br\/index.php\/2023\/12\/07\/no-parana-ja-e-lei-a-exigencia-do-uso-correto-da-lingua-portuguesa\/#primaryimage","url":"https:\/\/soldadoadrianojose.com.br\/wp-content\/uploads\/2023\/09\/3.jpg","contentUrl":"https:\/\/soldadoadrianojose.com.br\/wp-content\/uploads\/2023\/09\/3.jpg","width":1363,"height":957},{"@type":"BreadcrumbList","@id":"https:\/\/soldadoadrianojose.com.br\/index.php\/2023\/12\/07\/no-parana-ja-e-lei-a-exigencia-do-uso-correto-da-lingua-portuguesa\/#breadcrumb","itemListElement":[{"@type":"ListItem","position":1,"name":"In\u00edcio","item":"https:\/\/soldadoadrianojose.com.br\/"},{"@type":"ListItem","position":2,"name":"No Paran\u00e1 j\u00e1 \u00e9 lei a exig\u00eancia do uso correto da l\u00edngua portuguesa"}]},{"@type":"WebSite","@id":"https:\/\/soldadoadrianojose.com.br\/#website","url":"https:\/\/soldadoadrianojose.com.br\/","name":"Deputado Adriano Jos\u00e9","description":"Nosso trabalho \u00e9 pelas pessoas","publisher":{"@id":"https:\/\/soldadoadrianojose.com.br\/#\/schema\/person\/16f8e8defb7a4bd6c6082efcd1bdb6bb"},"potentialAction":[{"@type":"SearchAction","target":{"@type":"EntryPoint","urlTemplate":"https:\/\/soldadoadrianojose.com.br\/?s={search_term_string}"},"query-input":{"@type":"PropertyValueSpecification","valueRequired":true,"valueName":"search_term_string"}}],"inLanguage":"pt-BR"},{"@type":["Person","Organization"],"@id":"https:\/\/soldadoadrianojose.com.br\/#\/schema\/person\/16f8e8defb7a4bd6c6082efcd1bdb6bb","name":"soldadoadrianojose","image":{"@type":"ImageObject","inLanguage":"pt-BR","@id":"https:\/\/soldadoadrianojose.com.br\/wp-content\/uploads\/2023\/02\/LOGO_CLEAR-5.png","url":"https:\/\/soldadoadrianojose.com.br\/wp-content\/uploads\/2023\/02\/LOGO_CLEAR-5.png","contentUrl":"https:\/\/soldadoadrianojose.com.br\/wp-content\/uploads\/2023\/02\/LOGO_CLEAR-5.png","width":3508,"height":998,"caption":"soldadoadrianojose"},"logo":{"@id":"https:\/\/soldadoadrianojose.com.br\/wp-content\/uploads\/2023\/02\/LOGO_CLEAR-5.png"},"sameAs":["https:\/\/soldadoadrianojose.com.br"],"url":"https:\/\/soldadoadrianojose.com.br\/index.php\/author\/soldadoadrianojose\/"}]}},"jetpack_featured_media_url":"https:\/\/soldadoadrianojose.com.br\/wp-content\/uploads\/2023\/09\/3.jpg","_links":{"self":[{"href":"https:\/\/soldadoadrianojose.com.br\/index.php\/wp-json\/wp\/v2\/posts\/1734","targetHints":{"allow":["GET"]}}],"collection":[{"href":"https:\/\/soldadoadrianojose.com.br\/index.php\/wp-json\/wp\/v2\/posts"}],"about":[{"href":"https:\/\/soldadoadrianojose.com.br\/index.php\/wp-json\/wp\/v2\/types\/post"}],"author":[{"embeddable":true,"href":"https:\/\/soldadoadrianojose.com.br\/index.php\/wp-json\/wp\/v2\/users\/1"}],"replies":[{"embeddable":true,"href":"https:\/\/soldadoadrianojose.com.br\/index.php\/wp-json\/wp\/v2\/comments?post=1734"}],"version-history":[{"count":1,"href":"https:\/\/soldadoadrianojose.com.br\/index.php\/wp-json\/wp\/v2\/posts\/1734\/revisions"}],"predecessor-version":[{"id":1735,"href":"https:\/\/soldadoadrianojose.com.br\/index.php\/wp-json\/wp\/v2\/posts\/1734\/revisions\/1735"}],"wp:featuredmedia":[{"embeddable":true,"href":"https:\/\/soldadoadrianojose.com.br\/index.php\/wp-json\/wp\/v2\/media\/1088"}],"wp:attachment":[{"href":"https:\/\/soldadoadrianojose.com.br\/index.php\/wp-json\/wp\/v2\/media?parent=1734"}],"wp:term":[{"taxonomy":"category","embeddable":true,"href":"https:\/\/soldadoadrianojose.com.br\/index.php\/wp-json\/wp\/v2\/categories?post=1734"},{"taxonomy":"post_tag","embeddable":true,"href":"https:\/\/soldadoadrianojose.com.br\/index.php\/wp-json\/wp\/v2\/tags?post=1734"}],"curies":[{"name":"wp","href":"https:\/\/api.w.org\/{rel}","templated":true}]}}