{"id":1739,"date":"2023-12-08T08:19:18","date_gmt":"2023-12-08T11:19:18","guid":{"rendered":"https:\/\/soldadoadrianojose.com.br\/?p=1739"},"modified":"2023-12-08T08:19:20","modified_gmt":"2023-12-08T11:19:20","slug":"assembleia-e-fgv-formalizam-contrato-para-realizacao-do-concurso-no-proximo-dia-12","status":"publish","type":"post","link":"https:\/\/soldadoadrianojose.com.br\/index.php\/2023\/12\/08\/assembleia-e-fgv-formalizam-contrato-para-realizacao-do-concurso-no-proximo-dia-12\/","title":{"rendered":"Assembleia e FGV formalizam contrato para realiza\u00e7\u00e3o do concurso no pr\u00f3ximo dia 12"},"content":{"rendered":"\n<figure class=\"wp-block-image size-full\"><img fetchpriority=\"high\" decoding=\"async\" width=\"863\" height=\"575\" src=\"https:\/\/soldadoadrianojose.com.br\/wp-content\/uploads\/2023\/12\/alep.jpg\" alt=\"\" class=\"wp-image-1740\" srcset=\"https:\/\/soldadoadrianojose.com.br\/wp-content\/uploads\/2023\/12\/alep.jpg 863w, https:\/\/soldadoadrianojose.com.br\/wp-content\/uploads\/2023\/12\/alep-300x200.jpg 300w, https:\/\/soldadoadrianojose.com.br\/wp-content\/uploads\/2023\/12\/alep-768x512.jpg 768w\" sizes=\"(max-width: 863px) 100vw, 863px\" \/><figcaption class=\"wp-element-caption\"><em><small>Cr\u00e9ditos:<\/small> Orlando Kissner\/Alep<\/em><\/figcaption><\/figure>\n\n\n\n<p>A Assembleia Legislativa do Paran\u00e1 vai formalizar no pr\u00f3ximo dia 12, \u00e0s 11 horas, a assinatura de contrato com a Funda\u00e7\u00e3o Get\u00falio Vargas (FGV) para a realiza\u00e7\u00e3o do concurso p\u00fabico para recomposi\u00e7\u00e3o dos cargos efetivos da Casa de Lei.\u00a0<br><br>A expectativa da Assembleia \u00e9 ofertar 85 vagas com exig\u00eancia de forma\u00e7\u00e3o com n\u00edvel m\u00e9dio e superior, com sal\u00e1rios a partir de R$ 4.995,21 mil. Ser\u00e3o tr\u00eas editais, a serem elaborados pela Comiss\u00e3o Especial de Concurso P\u00fablico formada por servidores em conjunto com a FGV, destinados aos cargos de procurador, demais cargos de n\u00edvel superior e cargos de n\u00edvel m\u00e9dio.<br><br>A Funda\u00e7\u00e3o Get\u00falio Vargas \u00e9 reconhecida pela expertise em planejamento e execu\u00e7\u00e3o de concursos em todas as fases e etapas.<br><br>Segundo o presidente da Assembleia, deputado Ademar Traiano (PSD), o concurso visa recompor os quadros do legislativo com a aposentadoria de funcion\u00e1rios efetivos. \u201cCom promo\u00e7\u00f5es e progress\u00f5es que n\u00f3s concedemos aos servidores antigos, imaginamos que at\u00e9 janeiro e fevereiro, em torno de 100 servidores efetivos se aposentem.\u201d<br><br>A realiza\u00e7\u00e3o do concurso foi anunciada em mar\u00e7o, pelo presidente Traiano, \u00a0juntamente com o primeiro-secret\u00e1rio, deputado Alexandre Curi (PSD), e a segunda-secret\u00e1ria, deputada Maria Victoria (PP).\u00a0<br>De acordo com a Comiss\u00e3o Executiva, a decis\u00e3o de realizar o concurso p\u00fablico surgiu da avalia\u00e7\u00e3o de que \u00e9 importante a renova\u00e7\u00e3o do quadro funcional. Os parlamentares explicaram que, al\u00e9m de concursos realizados h\u00e1 muito tempo para \u00e1reas espec\u00edficas, o quadro \u00e9 antigo, com muitos servidores pr\u00f3ximos \u00e0 aposentadoria.<br><br>A iniciativa faz parte de uma s\u00e9rie de medidas administrativas voltadas ao fortalecimento do quadro funcional e das pol\u00edticas de transpar\u00eancia adotadas pelo Poder Legislativo.<\/p>\n","protected":false},"excerpt":{"rendered":"<p>A Assembleia Legislativa do Paran\u00e1 vai formalizar no pr\u00f3ximo dia 12, \u00e0s 11 horas, a assinatura de contrato com a Funda\u00e7\u00e3o Get\u00falio Vargas (FGV) para a realiza\u00e7\u00e3o do concurso p\u00fabico para recomposi\u00e7\u00e3o dos cargos efetivos da Casa de Lei.\u00a0 A expectativa da Assembleia \u00e9 ofertar 85 vagas com exig\u00eancia de forma\u00e7\u00e3o com n\u00edvel m\u00e9dio e [&hellip;]<\/p>\n","protected":false},"author":1,"featured_media":1740,"comment_status":"open","ping_status":"open","sticky":false,"template":"","format":"standard","meta":{"footnotes":""},"categories":[1],"tags":[],"class_list":["post-1739","post","type-post","status-publish","format-standard","has-post-thumbnail","hentry","category-gabinete-sd"],"yoast_head":"<!-- This site is optimized with the Yoast SEO plugin v27.4 - https:\/\/yoast.com\/product\/yoast-seo-wordpress\/ -->\n<title>Assembleia e FGV formalizam contrato para realiza\u00e7\u00e3o do concurso no pr\u00f3ximo dia 12 - Deputado Adriano Jos\u00e9<\/title>\n<meta name=\"robots\" content=\"index, follow, max-snippet:-1, max-image-preview:large, max-video-preview:-1\" \/>\n<link rel=\"canonical\" href=\"https:\/\/soldadoadrianojose.com.br\/index.php\/2023\/12\/08\/assembleia-e-fgv-formalizam-contrato-para-realizacao-do-concurso-no-proximo-dia-12\/\" \/>\n<meta property=\"og:locale\" content=\"pt_BR\" \/>\n<meta property=\"og:type\" content=\"article\" \/>\n<meta property=\"og:title\" content=\"Assembleia e FGV formalizam contrato para realiza\u00e7\u00e3o do concurso no pr\u00f3ximo dia 12 - Deputado Adriano Jos\u00e9\" \/>\n<meta property=\"og:description\" content=\"A Assembleia Legislativa do Paran\u00e1 vai formalizar no pr\u00f3ximo dia 12, \u00e0s 11 horas, a assinatura de contrato com a Funda\u00e7\u00e3o Get\u00falio Vargas (FGV) para a realiza\u00e7\u00e3o do concurso p\u00fabico para recomposi\u00e7\u00e3o dos cargos efetivos da Casa de Lei.\u00a0 A expectativa da Assembleia \u00e9 ofertar 85 vagas com exig\u00eancia de forma\u00e7\u00e3o com n\u00edvel m\u00e9dio e [&hellip;]\" \/>\n<meta property=\"og:url\" content=\"https:\/\/soldadoadrianojose.com.br\/index.php\/2023\/12\/08\/assembleia-e-fgv-formalizam-contrato-para-realizacao-do-concurso-no-proximo-dia-12\/\" \/>\n<meta property=\"og:site_name\" content=\"Deputado Adriano Jos\u00e9\" \/>\n<meta property=\"article:published_time\" content=\"2023-12-08T11:19:18+00:00\" \/>\n<meta property=\"article:modified_time\" content=\"2023-12-08T11:19:20+00:00\" \/>\n<meta property=\"og:image\" content=\"https:\/\/soldadoadrianojose.com.br\/wp-content\/uploads\/2023\/12\/alep.jpg\" \/>\n\t<meta property=\"og:image:width\" content=\"863\" \/>\n\t<meta property=\"og:image:height\" content=\"575\" \/>\n\t<meta property=\"og:image:type\" content=\"image\/jpeg\" \/>\n<meta name=\"author\" content=\"soldadoadrianojose\" \/>\n<meta name=\"twitter:card\" content=\"summary_large_image\" \/>\n<meta name=\"twitter:label1\" content=\"Escrito por\" \/>\n\t<meta name=\"twitter:data1\" content=\"soldadoadrianojose\" \/>\n\t<meta name=\"twitter:label2\" content=\"Est. tempo de leitura\" \/>\n\t<meta name=\"twitter:data2\" content=\"2 minutos\" \/>\n<script type=\"application\/ld+json\" class=\"yoast-schema-graph\">{\"@context\":\"https:\\\/\\\/schema.org\",\"@graph\":[{\"@type\":\"Article\",\"@id\":\"https:\\\/\\\/soldadoadrianojose.com.br\\\/index.php\\\/2023\\\/12\\\/08\\\/assembleia-e-fgv-formalizam-contrato-para-realizacao-do-concurso-no-proximo-dia-12\\\/#article\",\"isPartOf\":{\"@id\":\"https:\\\/\\\/soldadoadrianojose.com.br\\\/index.php\\\/2023\\\/12\\\/08\\\/assembleia-e-fgv-formalizam-contrato-para-realizacao-do-concurso-no-proximo-dia-12\\\/\"},\"author\":{\"name\":\"soldadoadrianojose\",\"@id\":\"https:\\\/\\\/soldadoadrianojose.com.br\\\/#\\\/schema\\\/person\\\/16f8e8defb7a4bd6c6082efcd1bdb6bb\"},\"headline\":\"Assembleia e FGV formalizam contrato para realiza\u00e7\u00e3o do concurso no pr\u00f3ximo dia 12\",\"datePublished\":\"2023-12-08T11:19:18+00:00\",\"dateModified\":\"2023-12-08T11:19:20+00:00\",\"mainEntityOfPage\":{\"@id\":\"https:\\\/\\\/soldadoadrianojose.com.br\\\/index.php\\\/2023\\\/12\\\/08\\\/assembleia-e-fgv-formalizam-contrato-para-realizacao-do-concurso-no-proximo-dia-12\\\/\"},\"wordCount\":315,\"commentCount\":0,\"publisher\":{\"@id\":\"https:\\\/\\\/soldadoadrianojose.com.br\\\/#\\\/schema\\\/person\\\/16f8e8defb7a4bd6c6082efcd1bdb6bb\"},\"image\":{\"@id\":\"https:\\\/\\\/soldadoadrianojose.com.br\\\/index.php\\\/2023\\\/12\\\/08\\\/assembleia-e-fgv-formalizam-contrato-para-realizacao-do-concurso-no-proximo-dia-12\\\/#primaryimage\"},\"thumbnailUrl\":\"https:\\\/\\\/soldadoadrianojose.com.br\\\/wp-content\\\/uploads\\\/2023\\\/12\\\/alep.jpg\",\"articleSection\":[\"GABINETE SD\"],\"inLanguage\":\"pt-BR\",\"potentialAction\":[{\"@type\":\"CommentAction\",\"name\":\"Comment\",\"target\":[\"https:\\\/\\\/soldadoadrianojose.com.br\\\/index.php\\\/2023\\\/12\\\/08\\\/assembleia-e-fgv-formalizam-contrato-para-realizacao-do-concurso-no-proximo-dia-12\\\/#respond\"]}]},{\"@type\":\"WebPage\",\"@id\":\"https:\\\/\\\/soldadoadrianojose.com.br\\\/index.php\\\/2023\\\/12\\\/08\\\/assembleia-e-fgv-formalizam-contrato-para-realizacao-do-concurso-no-proximo-dia-12\\\/\",\"url\":\"https:\\\/\\\/soldadoadrianojose.com.br\\\/index.php\\\/2023\\\/12\\\/08\\\/assembleia-e-fgv-formalizam-contrato-para-realizacao-do-concurso-no-proximo-dia-12\\\/\",\"name\":\"Assembleia e FGV formalizam contrato para realiza\u00e7\u00e3o do concurso no pr\u00f3ximo dia 12 - Deputado Adriano Jos\u00e9\",\"isPartOf\":{\"@id\":\"https:\\\/\\\/soldadoadrianojose.com.br\\\/#website\"},\"primaryImageOfPage\":{\"@id\":\"https:\\\/\\\/soldadoadrianojose.com.br\\\/index.php\\\/2023\\\/12\\\/08\\\/assembleia-e-fgv-formalizam-contrato-para-realizacao-do-concurso-no-proximo-dia-12\\\/#primaryimage\"},\"image\":{\"@id\":\"https:\\\/\\\/soldadoadrianojose.com.br\\\/index.php\\\/2023\\\/12\\\/08\\\/assembleia-e-fgv-formalizam-contrato-para-realizacao-do-concurso-no-proximo-dia-12\\\/#primaryimage\"},\"thumbnailUrl\":\"https:\\\/\\\/soldadoadrianojose.com.br\\\/wp-content\\\/uploads\\\/2023\\\/12\\\/alep.jpg\",\"datePublished\":\"2023-12-08T11:19:18+00:00\",\"dateModified\":\"2023-12-08T11:19:20+00:00\",\"breadcrumb\":{\"@id\":\"https:\\\/\\\/soldadoadrianojose.com.br\\\/index.php\\\/2023\\\/12\\\/08\\\/assembleia-e-fgv-formalizam-contrato-para-realizacao-do-concurso-no-proximo-dia-12\\\/#breadcrumb\"},\"inLanguage\":\"pt-BR\",\"potentialAction\":[{\"@type\":\"ReadAction\",\"target\":[\"https:\\\/\\\/soldadoadrianojose.com.br\\\/index.php\\\/2023\\\/12\\\/08\\\/assembleia-e-fgv-formalizam-contrato-para-realizacao-do-concurso-no-proximo-dia-12\\\/\"]}]},{\"@type\":\"ImageObject\",\"inLanguage\":\"pt-BR\",\"@id\":\"https:\\\/\\\/soldadoadrianojose.com.br\\\/index.php\\\/2023\\\/12\\\/08\\\/assembleia-e-fgv-formalizam-contrato-para-realizacao-do-concurso-no-proximo-dia-12\\\/#primaryimage\",\"url\":\"https:\\\/\\\/soldadoadrianojose.com.br\\\/wp-content\\\/uploads\\\/2023\\\/12\\\/alep.jpg\",\"contentUrl\":\"https:\\\/\\\/soldadoadrianojose.com.br\\\/wp-content\\\/uploads\\\/2023\\\/12\\\/alep.jpg\",\"width\":863,\"height\":575},{\"@type\":\"BreadcrumbList\",\"@id\":\"https:\\\/\\\/soldadoadrianojose.com.br\\\/index.php\\\/2023\\\/12\\\/08\\\/assembleia-e-fgv-formalizam-contrato-para-realizacao-do-concurso-no-proximo-dia-12\\\/#breadcrumb\",\"itemListElement\":[{\"@type\":\"ListItem\",\"position\":1,\"name\":\"In\u00edcio\",\"item\":\"https:\\\/\\\/soldadoadrianojose.com.br\\\/\"},{\"@type\":\"ListItem\",\"position\":2,\"name\":\"Assembleia e FGV formalizam contrato para realiza\u00e7\u00e3o do concurso no pr\u00f3ximo dia 12\"}]},{\"@type\":\"WebSite\",\"@id\":\"https:\\\/\\\/soldadoadrianojose.com.br\\\/#website\",\"url\":\"https:\\\/\\\/soldadoadrianojose.com.br\\\/\",\"name\":\"Deputado Adriano Jos\u00e9\",\"description\":\"Nosso trabalho \u00e9 pelas pessoas\",\"publisher\":{\"@id\":\"https:\\\/\\\/soldadoadrianojose.com.br\\\/#\\\/schema\\\/person\\\/16f8e8defb7a4bd6c6082efcd1bdb6bb\"},\"potentialAction\":[{\"@type\":\"SearchAction\",\"target\":{\"@type\":\"EntryPoint\",\"urlTemplate\":\"https:\\\/\\\/soldadoadrianojose.com.br\\\/?s={search_term_string}\"},\"query-input\":{\"@type\":\"PropertyValueSpecification\",\"valueRequired\":true,\"valueName\":\"search_term_string\"}}],\"inLanguage\":\"pt-BR\"},{\"@type\":[\"Person\",\"Organization\"],\"@id\":\"https:\\\/\\\/soldadoadrianojose.com.br\\\/#\\\/schema\\\/person\\\/16f8e8defb7a4bd6c6082efcd1bdb6bb\",\"name\":\"soldadoadrianojose\",\"image\":{\"@type\":\"ImageObject\",\"inLanguage\":\"pt-BR\",\"@id\":\"https:\\\/\\\/soldadoadrianojose.com.br\\\/wp-content\\\/uploads\\\/2023\\\/02\\\/LOGO_CLEAR-5.png\",\"url\":\"https:\\\/\\\/soldadoadrianojose.com.br\\\/wp-content\\\/uploads\\\/2023\\\/02\\\/LOGO_CLEAR-5.png\",\"contentUrl\":\"https:\\\/\\\/soldadoadrianojose.com.br\\\/wp-content\\\/uploads\\\/2023\\\/02\\\/LOGO_CLEAR-5.png\",\"width\":3508,\"height\":998,\"caption\":\"soldadoadrianojose\"},\"logo\":{\"@id\":\"https:\\\/\\\/soldadoadrianojose.com.br\\\/wp-content\\\/uploads\\\/2023\\\/02\\\/LOGO_CLEAR-5.png\"},\"sameAs\":[\"https:\\\/\\\/soldadoadrianojose.com.br\"],\"url\":\"https:\\\/\\\/soldadoadrianojose.com.br\\\/index.php\\\/author\\\/soldadoadrianojose\\\/\"}]}<\/script>\n<!-- \/ Yoast SEO plugin. -->","yoast_head_json":{"title":"Assembleia e FGV formalizam contrato para realiza\u00e7\u00e3o do concurso no pr\u00f3ximo dia 12 - Deputado Adriano Jos\u00e9","robots":{"index":"index","follow":"follow","max-snippet":"max-snippet:-1","max-image-preview":"max-image-preview:large","max-video-preview":"max-video-preview:-1"},"canonical":"https:\/\/soldadoadrianojose.com.br\/index.php\/2023\/12\/08\/assembleia-e-fgv-formalizam-contrato-para-realizacao-do-concurso-no-proximo-dia-12\/","og_locale":"pt_BR","og_type":"article","og_title":"Assembleia e FGV formalizam contrato para realiza\u00e7\u00e3o do concurso no pr\u00f3ximo dia 12 - Deputado Adriano Jos\u00e9","og_description":"A Assembleia Legislativa do Paran\u00e1 vai formalizar no pr\u00f3ximo dia 12, \u00e0s 11 horas, a assinatura de contrato com a Funda\u00e7\u00e3o Get\u00falio Vargas (FGV) para a realiza\u00e7\u00e3o do concurso p\u00fabico para recomposi\u00e7\u00e3o dos cargos efetivos da Casa de Lei.\u00a0 A expectativa da Assembleia \u00e9 ofertar 85 vagas com exig\u00eancia de forma\u00e7\u00e3o com n\u00edvel m\u00e9dio e [&hellip;]","og_url":"https:\/\/soldadoadrianojose.com.br\/index.php\/2023\/12\/08\/assembleia-e-fgv-formalizam-contrato-para-realizacao-do-concurso-no-proximo-dia-12\/","og_site_name":"Deputado Adriano Jos\u00e9","article_published_time":"2023-12-08T11:19:18+00:00","article_modified_time":"2023-12-08T11:19:20+00:00","og_image":[{"width":863,"height":575,"url":"https:\/\/soldadoadrianojose.com.br\/wp-content\/uploads\/2023\/12\/alep.jpg","type":"image\/jpeg"}],"author":"soldadoadrianojose","twitter_card":"summary_large_image","twitter_misc":{"Escrito por":"soldadoadrianojose","Est. tempo de leitura":"2 minutos"},"schema":{"@context":"https:\/\/schema.org","@graph":[{"@type":"Article","@id":"https:\/\/soldadoadrianojose.com.br\/index.php\/2023\/12\/08\/assembleia-e-fgv-formalizam-contrato-para-realizacao-do-concurso-no-proximo-dia-12\/#article","isPartOf":{"@id":"https:\/\/soldadoadrianojose.com.br\/index.php\/2023\/12\/08\/assembleia-e-fgv-formalizam-contrato-para-realizacao-do-concurso-no-proximo-dia-12\/"},"author":{"name":"soldadoadrianojose","@id":"https:\/\/soldadoadrianojose.com.br\/#\/schema\/person\/16f8e8defb7a4bd6c6082efcd1bdb6bb"},"headline":"Assembleia e FGV formalizam contrato para realiza\u00e7\u00e3o do concurso no pr\u00f3ximo dia 12","datePublished":"2023-12-08T11:19:18+00:00","dateModified":"2023-12-08T11:19:20+00:00","mainEntityOfPage":{"@id":"https:\/\/soldadoadrianojose.com.br\/index.php\/2023\/12\/08\/assembleia-e-fgv-formalizam-contrato-para-realizacao-do-concurso-no-proximo-dia-12\/"},"wordCount":315,"commentCount":0,"publisher":{"@id":"https:\/\/soldadoadrianojose.com.br\/#\/schema\/person\/16f8e8defb7a4bd6c6082efcd1bdb6bb"},"image":{"@id":"https:\/\/soldadoadrianojose.com.br\/index.php\/2023\/12\/08\/assembleia-e-fgv-formalizam-contrato-para-realizacao-do-concurso-no-proximo-dia-12\/#primaryimage"},"thumbnailUrl":"https:\/\/soldadoadrianojose.com.br\/wp-content\/uploads\/2023\/12\/alep.jpg","articleSection":["GABINETE SD"],"inLanguage":"pt-BR","potentialAction":[{"@type":"CommentAction","name":"Comment","target":["https:\/\/soldadoadrianojose.com.br\/index.php\/2023\/12\/08\/assembleia-e-fgv-formalizam-contrato-para-realizacao-do-concurso-no-proximo-dia-12\/#respond"]}]},{"@type":"WebPage","@id":"https:\/\/soldadoadrianojose.com.br\/index.php\/2023\/12\/08\/assembleia-e-fgv-formalizam-contrato-para-realizacao-do-concurso-no-proximo-dia-12\/","url":"https:\/\/soldadoadrianojose.com.br\/index.php\/2023\/12\/08\/assembleia-e-fgv-formalizam-contrato-para-realizacao-do-concurso-no-proximo-dia-12\/","name":"Assembleia e FGV formalizam contrato para realiza\u00e7\u00e3o do concurso no pr\u00f3ximo dia 12 - Deputado Adriano Jos\u00e9","isPartOf":{"@id":"https:\/\/soldadoadrianojose.com.br\/#website"},"primaryImageOfPage":{"@id":"https:\/\/soldadoadrianojose.com.br\/index.php\/2023\/12\/08\/assembleia-e-fgv-formalizam-contrato-para-realizacao-do-concurso-no-proximo-dia-12\/#primaryimage"},"image":{"@id":"https:\/\/soldadoadrianojose.com.br\/index.php\/2023\/12\/08\/assembleia-e-fgv-formalizam-contrato-para-realizacao-do-concurso-no-proximo-dia-12\/#primaryimage"},"thumbnailUrl":"https:\/\/soldadoadrianojose.com.br\/wp-content\/uploads\/2023\/12\/alep.jpg","datePublished":"2023-12-08T11:19:18+00:00","dateModified":"2023-12-08T11:19:20+00:00","breadcrumb":{"@id":"https:\/\/soldadoadrianojose.com.br\/index.php\/2023\/12\/08\/assembleia-e-fgv-formalizam-contrato-para-realizacao-do-concurso-no-proximo-dia-12\/#breadcrumb"},"inLanguage":"pt-BR","potentialAction":[{"@type":"ReadAction","target":["https:\/\/soldadoadrianojose.com.br\/index.php\/2023\/12\/08\/assembleia-e-fgv-formalizam-contrato-para-realizacao-do-concurso-no-proximo-dia-12\/"]}]},{"@type":"ImageObject","inLanguage":"pt-BR","@id":"https:\/\/soldadoadrianojose.com.br\/index.php\/2023\/12\/08\/assembleia-e-fgv-formalizam-contrato-para-realizacao-do-concurso-no-proximo-dia-12\/#primaryimage","url":"https:\/\/soldadoadrianojose.com.br\/wp-content\/uploads\/2023\/12\/alep.jpg","contentUrl":"https:\/\/soldadoadrianojose.com.br\/wp-content\/uploads\/2023\/12\/alep.jpg","width":863,"height":575},{"@type":"BreadcrumbList","@id":"https:\/\/soldadoadrianojose.com.br\/index.php\/2023\/12\/08\/assembleia-e-fgv-formalizam-contrato-para-realizacao-do-concurso-no-proximo-dia-12\/#breadcrumb","itemListElement":[{"@type":"ListItem","position":1,"name":"In\u00edcio","item":"https:\/\/soldadoadrianojose.com.br\/"},{"@type":"ListItem","position":2,"name":"Assembleia e FGV formalizam contrato para realiza\u00e7\u00e3o do concurso no pr\u00f3ximo dia 12"}]},{"@type":"WebSite","@id":"https:\/\/soldadoadrianojose.com.br\/#website","url":"https:\/\/soldadoadrianojose.com.br\/","name":"Deputado Adriano Jos\u00e9","description":"Nosso trabalho \u00e9 pelas pessoas","publisher":{"@id":"https:\/\/soldadoadrianojose.com.br\/#\/schema\/person\/16f8e8defb7a4bd6c6082efcd1bdb6bb"},"potentialAction":[{"@type":"SearchAction","target":{"@type":"EntryPoint","urlTemplate":"https:\/\/soldadoadrianojose.com.br\/?s={search_term_string}"},"query-input":{"@type":"PropertyValueSpecification","valueRequired":true,"valueName":"search_term_string"}}],"inLanguage":"pt-BR"},{"@type":["Person","Organization"],"@id":"https:\/\/soldadoadrianojose.com.br\/#\/schema\/person\/16f8e8defb7a4bd6c6082efcd1bdb6bb","name":"soldadoadrianojose","image":{"@type":"ImageObject","inLanguage":"pt-BR","@id":"https:\/\/soldadoadrianojose.com.br\/wp-content\/uploads\/2023\/02\/LOGO_CLEAR-5.png","url":"https:\/\/soldadoadrianojose.com.br\/wp-content\/uploads\/2023\/02\/LOGO_CLEAR-5.png","contentUrl":"https:\/\/soldadoadrianojose.com.br\/wp-content\/uploads\/2023\/02\/LOGO_CLEAR-5.png","width":3508,"height":998,"caption":"soldadoadrianojose"},"logo":{"@id":"https:\/\/soldadoadrianojose.com.br\/wp-content\/uploads\/2023\/02\/LOGO_CLEAR-5.png"},"sameAs":["https:\/\/soldadoadrianojose.com.br"],"url":"https:\/\/soldadoadrianojose.com.br\/index.php\/author\/soldadoadrianojose\/"}]}},"jetpack_featured_media_url":"https:\/\/soldadoadrianojose.com.br\/wp-content\/uploads\/2023\/12\/alep.jpg","_links":{"self":[{"href":"https:\/\/soldadoadrianojose.com.br\/index.php\/wp-json\/wp\/v2\/posts\/1739","targetHints":{"allow":["GET"]}}],"collection":[{"href":"https:\/\/soldadoadrianojose.com.br\/index.php\/wp-json\/wp\/v2\/posts"}],"about":[{"href":"https:\/\/soldadoadrianojose.com.br\/index.php\/wp-json\/wp\/v2\/types\/post"}],"author":[{"embeddable":true,"href":"https:\/\/soldadoadrianojose.com.br\/index.php\/wp-json\/wp\/v2\/users\/1"}],"replies":[{"embeddable":true,"href":"https:\/\/soldadoadrianojose.com.br\/index.php\/wp-json\/wp\/v2\/comments?post=1739"}],"version-history":[{"count":1,"href":"https:\/\/soldadoadrianojose.com.br\/index.php\/wp-json\/wp\/v2\/posts\/1739\/revisions"}],"predecessor-version":[{"id":1741,"href":"https:\/\/soldadoadrianojose.com.br\/index.php\/wp-json\/wp\/v2\/posts\/1739\/revisions\/1741"}],"wp:featuredmedia":[{"embeddable":true,"href":"https:\/\/soldadoadrianojose.com.br\/index.php\/wp-json\/wp\/v2\/media\/1740"}],"wp:attachment":[{"href":"https:\/\/soldadoadrianojose.com.br\/index.php\/wp-json\/wp\/v2\/media?parent=1739"}],"wp:term":[{"taxonomy":"category","embeddable":true,"href":"https:\/\/soldadoadrianojose.com.br\/index.php\/wp-json\/wp\/v2\/categories?post=1739"},{"taxonomy":"post_tag","embeddable":true,"href":"https:\/\/soldadoadrianojose.com.br\/index.php\/wp-json\/wp\/v2\/tags?post=1739"}],"curies":[{"name":"wp","href":"https:\/\/api.w.org\/{rel}","templated":true}]}}