{"id":1742,"date":"2023-12-13T10:42:12","date_gmt":"2023-12-13T13:42:12","guid":{"rendered":"https:\/\/soldadoadrianojose.com.br\/?p=1742"},"modified":"2023-12-13T17:33:51","modified_gmt":"2023-12-13T20:33:51","slug":"assembleia-e-fgv-assinam-contrato-para-realizacao-de-concurso-publico","status":"publish","type":"post","link":"https:\/\/soldadoadrianojose.com.br\/index.php\/2023\/12\/13\/assembleia-e-fgv-assinam-contrato-para-realizacao-de-concurso-publico\/","title":{"rendered":"Assembleia e FGV assinam contrato para realiza\u00e7\u00e3o de concurso p\u00fablico"},"content":{"rendered":"\n<p><small>A previs\u00e3o \u00e9 que a aplica\u00e7\u00e3o das provas ocorra no primeiro trimestre de 2024.<\/small><\/p>\n\n\n\n<p>A Assembleia Legislativa do Paran\u00e1 assinou, nesta ter\u00e7a-feira (12), o contrato com a Funda\u00e7\u00e3o Get\u00falio Vargas (FGV) para a realiza\u00e7\u00e3o do concurso p\u00fablico. O diretor adjunto da Funda\u00e7\u00e3o, Carlos Augusto Costa, esteve presente na oficializa\u00e7\u00e3o. A previs\u00e3o \u00e9 que a aplica\u00e7\u00e3o das provas ocorra no primeiro trimestre de 2024.<\/p>\n\n\n\n<p>A expectativa da Assembleia \u00e9 ofertar 85 vagas com exig\u00eancia de forma\u00e7\u00e3o com n\u00edvel m\u00e9dio e superior, com sal\u00e1rios a partir de R$ 4.995,21. Ser\u00e3o tr\u00eas editais, que est\u00e3o sendo conclu\u00eddos pela Comiss\u00e3o Especial de Concurso P\u00fablico, formada por servidores em conjunto com a FGV, destinados aos cargos de procurador, demais cargos de n\u00edvel superior e cargos de n\u00edvel m\u00e9dio.<\/p>\n\n\n\n<p>A realiza\u00e7\u00e3o do concurso foi anunciada em mar\u00e7o pela Comiss\u00e3o Executiva, que avaliou a import\u00e2ncia da renova\u00e7\u00e3o do quadro funcional. Segundo a Comiss\u00e3o, al\u00e9m dos concursos terem sido realizados h\u00e1 cerca de 40 anos, para \u00e1reas espec\u00edficas, muitos servidores est\u00e3o pr\u00f3ximos \u00e0 aposentadoria.<\/p>\n\n\n\n<p>A iniciativa faz parte de uma s\u00e9rie de medidas administrativas voltadas ao fortalecimento do quadro funcional e das pol\u00edticas de transpar\u00eancia adotadas pelo Poder Legislativo.<\/p>\n","protected":false},"excerpt":{"rendered":"<p>A previs\u00e3o \u00e9 que a aplica\u00e7\u00e3o das provas ocorra no primeiro trimestre de 2024. A Assembleia Legislativa do Paran\u00e1 assinou, nesta ter\u00e7a-feira (12), o contrato com a Funda\u00e7\u00e3o Get\u00falio Vargas (FGV) para a realiza\u00e7\u00e3o do concurso p\u00fablico. O diretor adjunto da Funda\u00e7\u00e3o, Carlos Augusto Costa, esteve presente na oficializa\u00e7\u00e3o. A previs\u00e3o \u00e9 que a aplica\u00e7\u00e3o [&hellip;]<\/p>\n","protected":false},"author":1,"featured_media":1743,"comment_status":"open","ping_status":"open","sticky":false,"template":"","format":"standard","meta":{"footnotes":""},"categories":[5],"tags":[],"class_list":["post-1742","post","type-post","status-publish","format-standard","has-post-thumbnail","hentry","category-parana"],"yoast_head":"<!-- This site is optimized with the Yoast SEO plugin v27.4 - https:\/\/yoast.com\/product\/yoast-seo-wordpress\/ -->\n<title>Assembleia e FGV assinam contrato para realiza\u00e7\u00e3o de concurso p\u00fablico - Deputado Adriano Jos\u00e9<\/title>\n<meta name=\"robots\" content=\"index, follow, max-snippet:-1, max-image-preview:large, max-video-preview:-1\" \/>\n<link rel=\"canonical\" href=\"https:\/\/soldadoadrianojose.com.br\/index.php\/2023\/12\/13\/assembleia-e-fgv-assinam-contrato-para-realizacao-de-concurso-publico\/\" \/>\n<meta property=\"og:locale\" content=\"pt_BR\" \/>\n<meta property=\"og:type\" content=\"article\" \/>\n<meta property=\"og:title\" content=\"Assembleia e FGV assinam contrato para realiza\u00e7\u00e3o de concurso p\u00fablico - Deputado Adriano Jos\u00e9\" \/>\n<meta property=\"og:description\" content=\"A previs\u00e3o \u00e9 que a aplica\u00e7\u00e3o das provas ocorra no primeiro trimestre de 2024. A Assembleia Legislativa do Paran\u00e1 assinou, nesta ter\u00e7a-feira (12), o contrato com a Funda\u00e7\u00e3o Get\u00falio Vargas (FGV) para a realiza\u00e7\u00e3o do concurso p\u00fablico. O diretor adjunto da Funda\u00e7\u00e3o, Carlos Augusto Costa, esteve presente na oficializa\u00e7\u00e3o. A previs\u00e3o \u00e9 que a aplica\u00e7\u00e3o [&hellip;]\" \/>\n<meta property=\"og:url\" content=\"https:\/\/soldadoadrianojose.com.br\/index.php\/2023\/12\/13\/assembleia-e-fgv-assinam-contrato-para-realizacao-de-concurso-publico\/\" \/>\n<meta property=\"og:site_name\" content=\"Deputado Adriano Jos\u00e9\" \/>\n<meta property=\"article:published_time\" content=\"2023-12-13T13:42:12+00:00\" \/>\n<meta property=\"article:modified_time\" content=\"2023-12-13T20:33:51+00:00\" \/>\n<meta property=\"og:image\" content=\"https:\/\/soldadoadrianojose.com.br\/wp-content\/uploads\/2023\/12\/dYc3YI79vCGf5q1Ftstu47PZuqIZ27DZmvWkPK8a.jpeg\" \/>\n\t<meta property=\"og:image:width\" content=\"863\" \/>\n\t<meta property=\"og:image:height\" content=\"592\" \/>\n\t<meta property=\"og:image:type\" content=\"image\/jpeg\" \/>\n<meta name=\"author\" content=\"soldadoadrianojose\" \/>\n<meta name=\"twitter:card\" content=\"summary_large_image\" \/>\n<meta name=\"twitter:label1\" content=\"Escrito por\" \/>\n\t<meta name=\"twitter:data1\" content=\"soldadoadrianojose\" \/>\n\t<meta name=\"twitter:label2\" content=\"Est. tempo de leitura\" \/>\n\t<meta name=\"twitter:data2\" content=\"1 minuto\" \/>\n<script type=\"application\/ld+json\" class=\"yoast-schema-graph\">{\"@context\":\"https:\\\/\\\/schema.org\",\"@graph\":[{\"@type\":\"Article\",\"@id\":\"https:\\\/\\\/soldadoadrianojose.com.br\\\/index.php\\\/2023\\\/12\\\/13\\\/assembleia-e-fgv-assinam-contrato-para-realizacao-de-concurso-publico\\\/#article\",\"isPartOf\":{\"@id\":\"https:\\\/\\\/soldadoadrianojose.com.br\\\/index.php\\\/2023\\\/12\\\/13\\\/assembleia-e-fgv-assinam-contrato-para-realizacao-de-concurso-publico\\\/\"},\"author\":{\"name\":\"soldadoadrianojose\",\"@id\":\"https:\\\/\\\/soldadoadrianojose.com.br\\\/#\\\/schema\\\/person\\\/16f8e8defb7a4bd6c6082efcd1bdb6bb\"},\"headline\":\"Assembleia e FGV assinam contrato para realiza\u00e7\u00e3o de concurso p\u00fablico\",\"datePublished\":\"2023-12-13T13:42:12+00:00\",\"dateModified\":\"2023-12-13T20:33:51+00:00\",\"mainEntityOfPage\":{\"@id\":\"https:\\\/\\\/soldadoadrianojose.com.br\\\/index.php\\\/2023\\\/12\\\/13\\\/assembleia-e-fgv-assinam-contrato-para-realizacao-de-concurso-publico\\\/\"},\"wordCount\":231,\"commentCount\":0,\"publisher\":{\"@id\":\"https:\\\/\\\/soldadoadrianojose.com.br\\\/#\\\/schema\\\/person\\\/16f8e8defb7a4bd6c6082efcd1bdb6bb\"},\"image\":{\"@id\":\"https:\\\/\\\/soldadoadrianojose.com.br\\\/index.php\\\/2023\\\/12\\\/13\\\/assembleia-e-fgv-assinam-contrato-para-realizacao-de-concurso-publico\\\/#primaryimage\"},\"thumbnailUrl\":\"https:\\\/\\\/soldadoadrianojose.com.br\\\/wp-content\\\/uploads\\\/2023\\\/12\\\/dYc3YI79vCGf5q1Ftstu47PZuqIZ27DZmvWkPK8a.jpeg\",\"articleSection\":[\"PARAN\u00c1\"],\"inLanguage\":\"pt-BR\",\"potentialAction\":[{\"@type\":\"CommentAction\",\"name\":\"Comment\",\"target\":[\"https:\\\/\\\/soldadoadrianojose.com.br\\\/index.php\\\/2023\\\/12\\\/13\\\/assembleia-e-fgv-assinam-contrato-para-realizacao-de-concurso-publico\\\/#respond\"]}]},{\"@type\":\"WebPage\",\"@id\":\"https:\\\/\\\/soldadoadrianojose.com.br\\\/index.php\\\/2023\\\/12\\\/13\\\/assembleia-e-fgv-assinam-contrato-para-realizacao-de-concurso-publico\\\/\",\"url\":\"https:\\\/\\\/soldadoadrianojose.com.br\\\/index.php\\\/2023\\\/12\\\/13\\\/assembleia-e-fgv-assinam-contrato-para-realizacao-de-concurso-publico\\\/\",\"name\":\"Assembleia e FGV assinam contrato para realiza\u00e7\u00e3o de concurso p\u00fablico - Deputado Adriano Jos\u00e9\",\"isPartOf\":{\"@id\":\"https:\\\/\\\/soldadoadrianojose.com.br\\\/#website\"},\"primaryImageOfPage\":{\"@id\":\"https:\\\/\\\/soldadoadrianojose.com.br\\\/index.php\\\/2023\\\/12\\\/13\\\/assembleia-e-fgv-assinam-contrato-para-realizacao-de-concurso-publico\\\/#primaryimage\"},\"image\":{\"@id\":\"https:\\\/\\\/soldadoadrianojose.com.br\\\/index.php\\\/2023\\\/12\\\/13\\\/assembleia-e-fgv-assinam-contrato-para-realizacao-de-concurso-publico\\\/#primaryimage\"},\"thumbnailUrl\":\"https:\\\/\\\/soldadoadrianojose.com.br\\\/wp-content\\\/uploads\\\/2023\\\/12\\\/dYc3YI79vCGf5q1Ftstu47PZuqIZ27DZmvWkPK8a.jpeg\",\"datePublished\":\"2023-12-13T13:42:12+00:00\",\"dateModified\":\"2023-12-13T20:33:51+00:00\",\"breadcrumb\":{\"@id\":\"https:\\\/\\\/soldadoadrianojose.com.br\\\/index.php\\\/2023\\\/12\\\/13\\\/assembleia-e-fgv-assinam-contrato-para-realizacao-de-concurso-publico\\\/#breadcrumb\"},\"inLanguage\":\"pt-BR\",\"potentialAction\":[{\"@type\":\"ReadAction\",\"target\":[\"https:\\\/\\\/soldadoadrianojose.com.br\\\/index.php\\\/2023\\\/12\\\/13\\\/assembleia-e-fgv-assinam-contrato-para-realizacao-de-concurso-publico\\\/\"]}]},{\"@type\":\"ImageObject\",\"inLanguage\":\"pt-BR\",\"@id\":\"https:\\\/\\\/soldadoadrianojose.com.br\\\/index.php\\\/2023\\\/12\\\/13\\\/assembleia-e-fgv-assinam-contrato-para-realizacao-de-concurso-publico\\\/#primaryimage\",\"url\":\"https:\\\/\\\/soldadoadrianojose.com.br\\\/wp-content\\\/uploads\\\/2023\\\/12\\\/dYc3YI79vCGf5q1Ftstu47PZuqIZ27DZmvWkPK8a.jpeg\",\"contentUrl\":\"https:\\\/\\\/soldadoadrianojose.com.br\\\/wp-content\\\/uploads\\\/2023\\\/12\\\/dYc3YI79vCGf5q1Ftstu47PZuqIZ27DZmvWkPK8a.jpeg\",\"width\":863,\"height\":592},{\"@type\":\"BreadcrumbList\",\"@id\":\"https:\\\/\\\/soldadoadrianojose.com.br\\\/index.php\\\/2023\\\/12\\\/13\\\/assembleia-e-fgv-assinam-contrato-para-realizacao-de-concurso-publico\\\/#breadcrumb\",\"itemListElement\":[{\"@type\":\"ListItem\",\"position\":1,\"name\":\"In\u00edcio\",\"item\":\"https:\\\/\\\/soldadoadrianojose.com.br\\\/\"},{\"@type\":\"ListItem\",\"position\":2,\"name\":\"Assembleia e FGV assinam contrato para realiza\u00e7\u00e3o de concurso p\u00fablico\"}]},{\"@type\":\"WebSite\",\"@id\":\"https:\\\/\\\/soldadoadrianojose.com.br\\\/#website\",\"url\":\"https:\\\/\\\/soldadoadrianojose.com.br\\\/\",\"name\":\"Deputado Adriano Jos\u00e9\",\"description\":\"Nosso trabalho \u00e9 pelas pessoas\",\"publisher\":{\"@id\":\"https:\\\/\\\/soldadoadrianojose.com.br\\\/#\\\/schema\\\/person\\\/16f8e8defb7a4bd6c6082efcd1bdb6bb\"},\"potentialAction\":[{\"@type\":\"SearchAction\",\"target\":{\"@type\":\"EntryPoint\",\"urlTemplate\":\"https:\\\/\\\/soldadoadrianojose.com.br\\\/?s={search_term_string}\"},\"query-input\":{\"@type\":\"PropertyValueSpecification\",\"valueRequired\":true,\"valueName\":\"search_term_string\"}}],\"inLanguage\":\"pt-BR\"},{\"@type\":[\"Person\",\"Organization\"],\"@id\":\"https:\\\/\\\/soldadoadrianojose.com.br\\\/#\\\/schema\\\/person\\\/16f8e8defb7a4bd6c6082efcd1bdb6bb\",\"name\":\"soldadoadrianojose\",\"image\":{\"@type\":\"ImageObject\",\"inLanguage\":\"pt-BR\",\"@id\":\"https:\\\/\\\/soldadoadrianojose.com.br\\\/wp-content\\\/uploads\\\/2023\\\/02\\\/LOGO_CLEAR-5.png\",\"url\":\"https:\\\/\\\/soldadoadrianojose.com.br\\\/wp-content\\\/uploads\\\/2023\\\/02\\\/LOGO_CLEAR-5.png\",\"contentUrl\":\"https:\\\/\\\/soldadoadrianojose.com.br\\\/wp-content\\\/uploads\\\/2023\\\/02\\\/LOGO_CLEAR-5.png\",\"width\":3508,\"height\":998,\"caption\":\"soldadoadrianojose\"},\"logo\":{\"@id\":\"https:\\\/\\\/soldadoadrianojose.com.br\\\/wp-content\\\/uploads\\\/2023\\\/02\\\/LOGO_CLEAR-5.png\"},\"sameAs\":[\"https:\\\/\\\/soldadoadrianojose.com.br\"],\"url\":\"https:\\\/\\\/soldadoadrianojose.com.br\\\/index.php\\\/author\\\/soldadoadrianojose\\\/\"}]}<\/script>\n<!-- \/ Yoast SEO plugin. -->","yoast_head_json":{"title":"Assembleia e FGV assinam contrato para realiza\u00e7\u00e3o de concurso p\u00fablico - Deputado Adriano Jos\u00e9","robots":{"index":"index","follow":"follow","max-snippet":"max-snippet:-1","max-image-preview":"max-image-preview:large","max-video-preview":"max-video-preview:-1"},"canonical":"https:\/\/soldadoadrianojose.com.br\/index.php\/2023\/12\/13\/assembleia-e-fgv-assinam-contrato-para-realizacao-de-concurso-publico\/","og_locale":"pt_BR","og_type":"article","og_title":"Assembleia e FGV assinam contrato para realiza\u00e7\u00e3o de concurso p\u00fablico - Deputado Adriano Jos\u00e9","og_description":"A previs\u00e3o \u00e9 que a aplica\u00e7\u00e3o das provas ocorra no primeiro trimestre de 2024. A Assembleia Legislativa do Paran\u00e1 assinou, nesta ter\u00e7a-feira (12), o contrato com a Funda\u00e7\u00e3o Get\u00falio Vargas (FGV) para a realiza\u00e7\u00e3o do concurso p\u00fablico. O diretor adjunto da Funda\u00e7\u00e3o, Carlos Augusto Costa, esteve presente na oficializa\u00e7\u00e3o. A previs\u00e3o \u00e9 que a aplica\u00e7\u00e3o [&hellip;]","og_url":"https:\/\/soldadoadrianojose.com.br\/index.php\/2023\/12\/13\/assembleia-e-fgv-assinam-contrato-para-realizacao-de-concurso-publico\/","og_site_name":"Deputado Adriano Jos\u00e9","article_published_time":"2023-12-13T13:42:12+00:00","article_modified_time":"2023-12-13T20:33:51+00:00","og_image":[{"width":863,"height":592,"url":"https:\/\/soldadoadrianojose.com.br\/wp-content\/uploads\/2023\/12\/dYc3YI79vCGf5q1Ftstu47PZuqIZ27DZmvWkPK8a.jpeg","type":"image\/jpeg"}],"author":"soldadoadrianojose","twitter_card":"summary_large_image","twitter_misc":{"Escrito por":"soldadoadrianojose","Est. tempo de leitura":"1 minuto"},"schema":{"@context":"https:\/\/schema.org","@graph":[{"@type":"Article","@id":"https:\/\/soldadoadrianojose.com.br\/index.php\/2023\/12\/13\/assembleia-e-fgv-assinam-contrato-para-realizacao-de-concurso-publico\/#article","isPartOf":{"@id":"https:\/\/soldadoadrianojose.com.br\/index.php\/2023\/12\/13\/assembleia-e-fgv-assinam-contrato-para-realizacao-de-concurso-publico\/"},"author":{"name":"soldadoadrianojose","@id":"https:\/\/soldadoadrianojose.com.br\/#\/schema\/person\/16f8e8defb7a4bd6c6082efcd1bdb6bb"},"headline":"Assembleia e FGV assinam contrato para realiza\u00e7\u00e3o de concurso p\u00fablico","datePublished":"2023-12-13T13:42:12+00:00","dateModified":"2023-12-13T20:33:51+00:00","mainEntityOfPage":{"@id":"https:\/\/soldadoadrianojose.com.br\/index.php\/2023\/12\/13\/assembleia-e-fgv-assinam-contrato-para-realizacao-de-concurso-publico\/"},"wordCount":231,"commentCount":0,"publisher":{"@id":"https:\/\/soldadoadrianojose.com.br\/#\/schema\/person\/16f8e8defb7a4bd6c6082efcd1bdb6bb"},"image":{"@id":"https:\/\/soldadoadrianojose.com.br\/index.php\/2023\/12\/13\/assembleia-e-fgv-assinam-contrato-para-realizacao-de-concurso-publico\/#primaryimage"},"thumbnailUrl":"https:\/\/soldadoadrianojose.com.br\/wp-content\/uploads\/2023\/12\/dYc3YI79vCGf5q1Ftstu47PZuqIZ27DZmvWkPK8a.jpeg","articleSection":["PARAN\u00c1"],"inLanguage":"pt-BR","potentialAction":[{"@type":"CommentAction","name":"Comment","target":["https:\/\/soldadoadrianojose.com.br\/index.php\/2023\/12\/13\/assembleia-e-fgv-assinam-contrato-para-realizacao-de-concurso-publico\/#respond"]}]},{"@type":"WebPage","@id":"https:\/\/soldadoadrianojose.com.br\/index.php\/2023\/12\/13\/assembleia-e-fgv-assinam-contrato-para-realizacao-de-concurso-publico\/","url":"https:\/\/soldadoadrianojose.com.br\/index.php\/2023\/12\/13\/assembleia-e-fgv-assinam-contrato-para-realizacao-de-concurso-publico\/","name":"Assembleia e FGV assinam contrato para realiza\u00e7\u00e3o de concurso p\u00fablico - Deputado Adriano Jos\u00e9","isPartOf":{"@id":"https:\/\/soldadoadrianojose.com.br\/#website"},"primaryImageOfPage":{"@id":"https:\/\/soldadoadrianojose.com.br\/index.php\/2023\/12\/13\/assembleia-e-fgv-assinam-contrato-para-realizacao-de-concurso-publico\/#primaryimage"},"image":{"@id":"https:\/\/soldadoadrianojose.com.br\/index.php\/2023\/12\/13\/assembleia-e-fgv-assinam-contrato-para-realizacao-de-concurso-publico\/#primaryimage"},"thumbnailUrl":"https:\/\/soldadoadrianojose.com.br\/wp-content\/uploads\/2023\/12\/dYc3YI79vCGf5q1Ftstu47PZuqIZ27DZmvWkPK8a.jpeg","datePublished":"2023-12-13T13:42:12+00:00","dateModified":"2023-12-13T20:33:51+00:00","breadcrumb":{"@id":"https:\/\/soldadoadrianojose.com.br\/index.php\/2023\/12\/13\/assembleia-e-fgv-assinam-contrato-para-realizacao-de-concurso-publico\/#breadcrumb"},"inLanguage":"pt-BR","potentialAction":[{"@type":"ReadAction","target":["https:\/\/soldadoadrianojose.com.br\/index.php\/2023\/12\/13\/assembleia-e-fgv-assinam-contrato-para-realizacao-de-concurso-publico\/"]}]},{"@type":"ImageObject","inLanguage":"pt-BR","@id":"https:\/\/soldadoadrianojose.com.br\/index.php\/2023\/12\/13\/assembleia-e-fgv-assinam-contrato-para-realizacao-de-concurso-publico\/#primaryimage","url":"https:\/\/soldadoadrianojose.com.br\/wp-content\/uploads\/2023\/12\/dYc3YI79vCGf5q1Ftstu47PZuqIZ27DZmvWkPK8a.jpeg","contentUrl":"https:\/\/soldadoadrianojose.com.br\/wp-content\/uploads\/2023\/12\/dYc3YI79vCGf5q1Ftstu47PZuqIZ27DZmvWkPK8a.jpeg","width":863,"height":592},{"@type":"BreadcrumbList","@id":"https:\/\/soldadoadrianojose.com.br\/index.php\/2023\/12\/13\/assembleia-e-fgv-assinam-contrato-para-realizacao-de-concurso-publico\/#breadcrumb","itemListElement":[{"@type":"ListItem","position":1,"name":"In\u00edcio","item":"https:\/\/soldadoadrianojose.com.br\/"},{"@type":"ListItem","position":2,"name":"Assembleia e FGV assinam contrato para realiza\u00e7\u00e3o de concurso p\u00fablico"}]},{"@type":"WebSite","@id":"https:\/\/soldadoadrianojose.com.br\/#website","url":"https:\/\/soldadoadrianojose.com.br\/","name":"Deputado Adriano Jos\u00e9","description":"Nosso trabalho \u00e9 pelas pessoas","publisher":{"@id":"https:\/\/soldadoadrianojose.com.br\/#\/schema\/person\/16f8e8defb7a4bd6c6082efcd1bdb6bb"},"potentialAction":[{"@type":"SearchAction","target":{"@type":"EntryPoint","urlTemplate":"https:\/\/soldadoadrianojose.com.br\/?s={search_term_string}"},"query-input":{"@type":"PropertyValueSpecification","valueRequired":true,"valueName":"search_term_string"}}],"inLanguage":"pt-BR"},{"@type":["Person","Organization"],"@id":"https:\/\/soldadoadrianojose.com.br\/#\/schema\/person\/16f8e8defb7a4bd6c6082efcd1bdb6bb","name":"soldadoadrianojose","image":{"@type":"ImageObject","inLanguage":"pt-BR","@id":"https:\/\/soldadoadrianojose.com.br\/wp-content\/uploads\/2023\/02\/LOGO_CLEAR-5.png","url":"https:\/\/soldadoadrianojose.com.br\/wp-content\/uploads\/2023\/02\/LOGO_CLEAR-5.png","contentUrl":"https:\/\/soldadoadrianojose.com.br\/wp-content\/uploads\/2023\/02\/LOGO_CLEAR-5.png","width":3508,"height":998,"caption":"soldadoadrianojose"},"logo":{"@id":"https:\/\/soldadoadrianojose.com.br\/wp-content\/uploads\/2023\/02\/LOGO_CLEAR-5.png"},"sameAs":["https:\/\/soldadoadrianojose.com.br"],"url":"https:\/\/soldadoadrianojose.com.br\/index.php\/author\/soldadoadrianojose\/"}]}},"jetpack_featured_media_url":"https:\/\/soldadoadrianojose.com.br\/wp-content\/uploads\/2023\/12\/dYc3YI79vCGf5q1Ftstu47PZuqIZ27DZmvWkPK8a.jpeg","_links":{"self":[{"href":"https:\/\/soldadoadrianojose.com.br\/index.php\/wp-json\/wp\/v2\/posts\/1742","targetHints":{"allow":["GET"]}}],"collection":[{"href":"https:\/\/soldadoadrianojose.com.br\/index.php\/wp-json\/wp\/v2\/posts"}],"about":[{"href":"https:\/\/soldadoadrianojose.com.br\/index.php\/wp-json\/wp\/v2\/types\/post"}],"author":[{"embeddable":true,"href":"https:\/\/soldadoadrianojose.com.br\/index.php\/wp-json\/wp\/v2\/users\/1"}],"replies":[{"embeddable":true,"href":"https:\/\/soldadoadrianojose.com.br\/index.php\/wp-json\/wp\/v2\/comments?post=1742"}],"version-history":[{"count":2,"href":"https:\/\/soldadoadrianojose.com.br\/index.php\/wp-json\/wp\/v2\/posts\/1742\/revisions"}],"predecessor-version":[{"id":1776,"href":"https:\/\/soldadoadrianojose.com.br\/index.php\/wp-json\/wp\/v2\/posts\/1742\/revisions\/1776"}],"wp:featuredmedia":[{"embeddable":true,"href":"https:\/\/soldadoadrianojose.com.br\/index.php\/wp-json\/wp\/v2\/media\/1743"}],"wp:attachment":[{"href":"https:\/\/soldadoadrianojose.com.br\/index.php\/wp-json\/wp\/v2\/media?parent=1742"}],"wp:term":[{"taxonomy":"category","embeddable":true,"href":"https:\/\/soldadoadrianojose.com.br\/index.php\/wp-json\/wp\/v2\/categories?post=1742"},{"taxonomy":"post_tag","embeddable":true,"href":"https:\/\/soldadoadrianojose.com.br\/index.php\/wp-json\/wp\/v2\/tags?post=1742"}],"curies":[{"name":"wp","href":"https:\/\/api.w.org\/{rel}","templated":true}]}}