{"id":1778,"date":"2023-12-14T10:54:31","date_gmt":"2023-12-14T13:54:31","guid":{"rendered":"https:\/\/soldadoadrianojose.com.br\/?p=1778"},"modified":"2023-12-14T10:54:35","modified_gmt":"2023-12-14T13:54:35","slug":"terra-rica-aprova-implantacao-de-colegio-civico-militar","status":"publish","type":"post","link":"https:\/\/soldadoadrianojose.com.br\/index.php\/2023\/12\/14\/terra-rica-aprova-implantacao-de-colegio-civico-militar\/","title":{"rendered":"Terra Rica aprova implanta\u00e7\u00e3o de col\u00e9gio c\u00edvico-militar"},"content":{"rendered":"\n<p>A popula\u00e7\u00e3o de Terra Rica decidiu pela implementa\u00e7\u00e3o do modelo c\u00edvico-militar na rede de ensino. Em consulta popular, 75,25% dos eleitores votaram a favor do modelo de ensino.<\/p>\n\n\n\n<p>Foram registrados 365 votos pela aprova\u00e7\u00e3o do col\u00e9gio c\u00edvico-militar. O modelo prev\u00ea uma gest\u00e3o compartilhada entre militares e servidores civis, com foco na disciplina e civismo dos alunos.<\/p>\n\n\n\n<p>Em comemora\u00e7\u00e3o ao resultado, o deputado Adriano Jos\u00e9 disse \u201cTenho certeza que o col\u00e9gio c\u00edvico-militar trar\u00e1 grandes benef\u00edcios para os alunos e toda comunidade escolar de Terra Rica. Este projeto visa fortalecer valores como disciplina, civismo e amor \u00e0 p\u00e1tria&#8221;.<\/p>\n\n\n\n<p>O deputado parabenizou o prefeito J\u00falio Leite, o vereador Cristiano o Investigador Castanha, o Allan Silva da Terra Mix e todos os envolvidos pelo trabalho conjunto e destacou a import\u00e2ncia da implanta\u00e7\u00e3o do Col\u00e9gio C\u00edvico Militar. Adriano Jos\u00e9 tamb\u00e9m ressaltou que essa iniciativa ira proporcionar uma forma\u00e7\u00e3o integral aos estudantes.<\/p>\n\n\n\n<p>O deputado refor\u00e7ou seu compromisso de seguir apoiando iniciativas que melhorem a qualidade da educa\u00e7\u00e3o p\u00fablica no Paran\u00e1.<\/p>\n","protected":false},"excerpt":{"rendered":"<p>A popula\u00e7\u00e3o de Terra Rica decidiu pela implementa\u00e7\u00e3o do modelo c\u00edvico-militar na rede de ensino. Em consulta popular, 75,25% dos eleitores votaram a favor do modelo de ensino. Foram registrados 365 votos pela aprova\u00e7\u00e3o do col\u00e9gio c\u00edvico-militar. O modelo prev\u00ea uma gest\u00e3o compartilhada entre militares e servidores civis, com foco na disciplina e civismo dos [&hellip;]<\/p>\n","protected":false},"author":1,"featured_media":1779,"comment_status":"open","ping_status":"open","sticky":false,"template":"","format":"standard","meta":{"footnotes":""},"categories":[5],"tags":[],"class_list":["post-1778","post","type-post","status-publish","format-standard","has-post-thumbnail","hentry","category-parana"],"yoast_head":"<!-- This site is optimized with the Yoast SEO plugin v27.4 - https:\/\/yoast.com\/product\/yoast-seo-wordpress\/ -->\n<title>Terra Rica aprova implanta\u00e7\u00e3o de col\u00e9gio c\u00edvico-militar - Deputado Adriano Jos\u00e9<\/title>\n<meta name=\"robots\" content=\"index, follow, max-snippet:-1, max-image-preview:large, max-video-preview:-1\" \/>\n<link rel=\"canonical\" href=\"https:\/\/soldadoadrianojose.com.br\/index.php\/2023\/12\/14\/terra-rica-aprova-implantacao-de-colegio-civico-militar\/\" \/>\n<meta property=\"og:locale\" content=\"pt_BR\" \/>\n<meta property=\"og:type\" content=\"article\" \/>\n<meta property=\"og:title\" content=\"Terra Rica aprova implanta\u00e7\u00e3o de col\u00e9gio c\u00edvico-militar - Deputado Adriano Jos\u00e9\" \/>\n<meta property=\"og:description\" content=\"A popula\u00e7\u00e3o de Terra Rica decidiu pela implementa\u00e7\u00e3o do modelo c\u00edvico-militar na rede de ensino. Em consulta popular, 75,25% dos eleitores votaram a favor do modelo de ensino. Foram registrados 365 votos pela aprova\u00e7\u00e3o do col\u00e9gio c\u00edvico-militar. O modelo prev\u00ea uma gest\u00e3o compartilhada entre militares e servidores civis, com foco na disciplina e civismo dos [&hellip;]\" \/>\n<meta property=\"og:url\" content=\"https:\/\/soldadoadrianojose.com.br\/index.php\/2023\/12\/14\/terra-rica-aprova-implantacao-de-colegio-civico-militar\/\" \/>\n<meta property=\"og:site_name\" content=\"Deputado Adriano Jos\u00e9\" \/>\n<meta property=\"article:published_time\" content=\"2023-12-14T13:54:31+00:00\" \/>\n<meta property=\"article:modified_time\" content=\"2023-12-14T13:54:35+00:00\" \/>\n<meta property=\"og:image\" content=\"https:\/\/soldadoadrianojose.com.br\/wp-content\/uploads\/2023\/12\/colegio-pm-2.jpg.webp\" \/>\n\t<meta property=\"og:image:width\" content=\"620\" \/>\n\t<meta property=\"og:image:height\" content=\"413\" \/>\n\t<meta property=\"og:image:type\" content=\"image\/webp\" \/>\n<meta name=\"author\" content=\"soldadoadrianojose\" \/>\n<meta name=\"twitter:card\" content=\"summary_large_image\" \/>\n<meta name=\"twitter:label1\" content=\"Escrito por\" \/>\n\t<meta name=\"twitter:data1\" content=\"soldadoadrianojose\" \/>\n\t<meta name=\"twitter:label2\" content=\"Est. tempo de leitura\" \/>\n\t<meta name=\"twitter:data2\" content=\"1 minuto\" \/>\n<script type=\"application\/ld+json\" class=\"yoast-schema-graph\">{\"@context\":\"https:\\\/\\\/schema.org\",\"@graph\":[{\"@type\":\"Article\",\"@id\":\"https:\\\/\\\/soldadoadrianojose.com.br\\\/index.php\\\/2023\\\/12\\\/14\\\/terra-rica-aprova-implantacao-de-colegio-civico-militar\\\/#article\",\"isPartOf\":{\"@id\":\"https:\\\/\\\/soldadoadrianojose.com.br\\\/index.php\\\/2023\\\/12\\\/14\\\/terra-rica-aprova-implantacao-de-colegio-civico-militar\\\/\"},\"author\":{\"name\":\"soldadoadrianojose\",\"@id\":\"https:\\\/\\\/soldadoadrianojose.com.br\\\/#\\\/schema\\\/person\\\/16f8e8defb7a4bd6c6082efcd1bdb6bb\"},\"headline\":\"Terra Rica aprova implanta\u00e7\u00e3o de col\u00e9gio c\u00edvico-militar\",\"datePublished\":\"2023-12-14T13:54:31+00:00\",\"dateModified\":\"2023-12-14T13:54:35+00:00\",\"mainEntityOfPage\":{\"@id\":\"https:\\\/\\\/soldadoadrianojose.com.br\\\/index.php\\\/2023\\\/12\\\/14\\\/terra-rica-aprova-implantacao-de-colegio-civico-militar\\\/\"},\"wordCount\":193,\"commentCount\":0,\"publisher\":{\"@id\":\"https:\\\/\\\/soldadoadrianojose.com.br\\\/#\\\/schema\\\/person\\\/16f8e8defb7a4bd6c6082efcd1bdb6bb\"},\"image\":{\"@id\":\"https:\\\/\\\/soldadoadrianojose.com.br\\\/index.php\\\/2023\\\/12\\\/14\\\/terra-rica-aprova-implantacao-de-colegio-civico-militar\\\/#primaryimage\"},\"thumbnailUrl\":\"https:\\\/\\\/soldadoadrianojose.com.br\\\/wp-content\\\/uploads\\\/2023\\\/12\\\/colegio-pm-2.jpg.webp\",\"articleSection\":[\"PARAN\u00c1\"],\"inLanguage\":\"pt-BR\",\"potentialAction\":[{\"@type\":\"CommentAction\",\"name\":\"Comment\",\"target\":[\"https:\\\/\\\/soldadoadrianojose.com.br\\\/index.php\\\/2023\\\/12\\\/14\\\/terra-rica-aprova-implantacao-de-colegio-civico-militar\\\/#respond\"]}]},{\"@type\":\"WebPage\",\"@id\":\"https:\\\/\\\/soldadoadrianojose.com.br\\\/index.php\\\/2023\\\/12\\\/14\\\/terra-rica-aprova-implantacao-de-colegio-civico-militar\\\/\",\"url\":\"https:\\\/\\\/soldadoadrianojose.com.br\\\/index.php\\\/2023\\\/12\\\/14\\\/terra-rica-aprova-implantacao-de-colegio-civico-militar\\\/\",\"name\":\"Terra Rica aprova implanta\u00e7\u00e3o de col\u00e9gio c\u00edvico-militar - Deputado Adriano Jos\u00e9\",\"isPartOf\":{\"@id\":\"https:\\\/\\\/soldadoadrianojose.com.br\\\/#website\"},\"primaryImageOfPage\":{\"@id\":\"https:\\\/\\\/soldadoadrianojose.com.br\\\/index.php\\\/2023\\\/12\\\/14\\\/terra-rica-aprova-implantacao-de-colegio-civico-militar\\\/#primaryimage\"},\"image\":{\"@id\":\"https:\\\/\\\/soldadoadrianojose.com.br\\\/index.php\\\/2023\\\/12\\\/14\\\/terra-rica-aprova-implantacao-de-colegio-civico-militar\\\/#primaryimage\"},\"thumbnailUrl\":\"https:\\\/\\\/soldadoadrianojose.com.br\\\/wp-content\\\/uploads\\\/2023\\\/12\\\/colegio-pm-2.jpg.webp\",\"datePublished\":\"2023-12-14T13:54:31+00:00\",\"dateModified\":\"2023-12-14T13:54:35+00:00\",\"breadcrumb\":{\"@id\":\"https:\\\/\\\/soldadoadrianojose.com.br\\\/index.php\\\/2023\\\/12\\\/14\\\/terra-rica-aprova-implantacao-de-colegio-civico-militar\\\/#breadcrumb\"},\"inLanguage\":\"pt-BR\",\"potentialAction\":[{\"@type\":\"ReadAction\",\"target\":[\"https:\\\/\\\/soldadoadrianojose.com.br\\\/index.php\\\/2023\\\/12\\\/14\\\/terra-rica-aprova-implantacao-de-colegio-civico-militar\\\/\"]}]},{\"@type\":\"ImageObject\",\"inLanguage\":\"pt-BR\",\"@id\":\"https:\\\/\\\/soldadoadrianojose.com.br\\\/index.php\\\/2023\\\/12\\\/14\\\/terra-rica-aprova-implantacao-de-colegio-civico-militar\\\/#primaryimage\",\"url\":\"https:\\\/\\\/soldadoadrianojose.com.br\\\/wp-content\\\/uploads\\\/2023\\\/12\\\/colegio-pm-2.jpg.webp\",\"contentUrl\":\"https:\\\/\\\/soldadoadrianojose.com.br\\\/wp-content\\\/uploads\\\/2023\\\/12\\\/colegio-pm-2.jpg.webp\",\"width\":620,\"height\":413},{\"@type\":\"BreadcrumbList\",\"@id\":\"https:\\\/\\\/soldadoadrianojose.com.br\\\/index.php\\\/2023\\\/12\\\/14\\\/terra-rica-aprova-implantacao-de-colegio-civico-militar\\\/#breadcrumb\",\"itemListElement\":[{\"@type\":\"ListItem\",\"position\":1,\"name\":\"In\u00edcio\",\"item\":\"https:\\\/\\\/soldadoadrianojose.com.br\\\/\"},{\"@type\":\"ListItem\",\"position\":2,\"name\":\"Terra Rica aprova implanta\u00e7\u00e3o de col\u00e9gio c\u00edvico-militar\"}]},{\"@type\":\"WebSite\",\"@id\":\"https:\\\/\\\/soldadoadrianojose.com.br\\\/#website\",\"url\":\"https:\\\/\\\/soldadoadrianojose.com.br\\\/\",\"name\":\"Deputado Adriano Jos\u00e9\",\"description\":\"Nosso trabalho \u00e9 pelas pessoas\",\"publisher\":{\"@id\":\"https:\\\/\\\/soldadoadrianojose.com.br\\\/#\\\/schema\\\/person\\\/16f8e8defb7a4bd6c6082efcd1bdb6bb\"},\"potentialAction\":[{\"@type\":\"SearchAction\",\"target\":{\"@type\":\"EntryPoint\",\"urlTemplate\":\"https:\\\/\\\/soldadoadrianojose.com.br\\\/?s={search_term_string}\"},\"query-input\":{\"@type\":\"PropertyValueSpecification\",\"valueRequired\":true,\"valueName\":\"search_term_string\"}}],\"inLanguage\":\"pt-BR\"},{\"@type\":[\"Person\",\"Organization\"],\"@id\":\"https:\\\/\\\/soldadoadrianojose.com.br\\\/#\\\/schema\\\/person\\\/16f8e8defb7a4bd6c6082efcd1bdb6bb\",\"name\":\"soldadoadrianojose\",\"image\":{\"@type\":\"ImageObject\",\"inLanguage\":\"pt-BR\",\"@id\":\"https:\\\/\\\/soldadoadrianojose.com.br\\\/wp-content\\\/uploads\\\/2023\\\/02\\\/LOGO_CLEAR-5.png\",\"url\":\"https:\\\/\\\/soldadoadrianojose.com.br\\\/wp-content\\\/uploads\\\/2023\\\/02\\\/LOGO_CLEAR-5.png\",\"contentUrl\":\"https:\\\/\\\/soldadoadrianojose.com.br\\\/wp-content\\\/uploads\\\/2023\\\/02\\\/LOGO_CLEAR-5.png\",\"width\":3508,\"height\":998,\"caption\":\"soldadoadrianojose\"},\"logo\":{\"@id\":\"https:\\\/\\\/soldadoadrianojose.com.br\\\/wp-content\\\/uploads\\\/2023\\\/02\\\/LOGO_CLEAR-5.png\"},\"sameAs\":[\"https:\\\/\\\/soldadoadrianojose.com.br\"],\"url\":\"https:\\\/\\\/soldadoadrianojose.com.br\\\/index.php\\\/author\\\/soldadoadrianojose\\\/\"}]}<\/script>\n<!-- \/ Yoast SEO plugin. -->","yoast_head_json":{"title":"Terra Rica aprova implanta\u00e7\u00e3o de col\u00e9gio c\u00edvico-militar - Deputado Adriano Jos\u00e9","robots":{"index":"index","follow":"follow","max-snippet":"max-snippet:-1","max-image-preview":"max-image-preview:large","max-video-preview":"max-video-preview:-1"},"canonical":"https:\/\/soldadoadrianojose.com.br\/index.php\/2023\/12\/14\/terra-rica-aprova-implantacao-de-colegio-civico-militar\/","og_locale":"pt_BR","og_type":"article","og_title":"Terra Rica aprova implanta\u00e7\u00e3o de col\u00e9gio c\u00edvico-militar - Deputado Adriano Jos\u00e9","og_description":"A popula\u00e7\u00e3o de Terra Rica decidiu pela implementa\u00e7\u00e3o do modelo c\u00edvico-militar na rede de ensino. Em consulta popular, 75,25% dos eleitores votaram a favor do modelo de ensino. Foram registrados 365 votos pela aprova\u00e7\u00e3o do col\u00e9gio c\u00edvico-militar. O modelo prev\u00ea uma gest\u00e3o compartilhada entre militares e servidores civis, com foco na disciplina e civismo dos [&hellip;]","og_url":"https:\/\/soldadoadrianojose.com.br\/index.php\/2023\/12\/14\/terra-rica-aprova-implantacao-de-colegio-civico-militar\/","og_site_name":"Deputado Adriano Jos\u00e9","article_published_time":"2023-12-14T13:54:31+00:00","article_modified_time":"2023-12-14T13:54:35+00:00","og_image":[{"width":620,"height":413,"url":"https:\/\/soldadoadrianojose.com.br\/wp-content\/uploads\/2023\/12\/colegio-pm-2.jpg.webp","type":"image\/webp"}],"author":"soldadoadrianojose","twitter_card":"summary_large_image","twitter_misc":{"Escrito por":"soldadoadrianojose","Est. tempo de leitura":"1 minuto"},"schema":{"@context":"https:\/\/schema.org","@graph":[{"@type":"Article","@id":"https:\/\/soldadoadrianojose.com.br\/index.php\/2023\/12\/14\/terra-rica-aprova-implantacao-de-colegio-civico-militar\/#article","isPartOf":{"@id":"https:\/\/soldadoadrianojose.com.br\/index.php\/2023\/12\/14\/terra-rica-aprova-implantacao-de-colegio-civico-militar\/"},"author":{"name":"soldadoadrianojose","@id":"https:\/\/soldadoadrianojose.com.br\/#\/schema\/person\/16f8e8defb7a4bd6c6082efcd1bdb6bb"},"headline":"Terra Rica aprova implanta\u00e7\u00e3o de col\u00e9gio c\u00edvico-militar","datePublished":"2023-12-14T13:54:31+00:00","dateModified":"2023-12-14T13:54:35+00:00","mainEntityOfPage":{"@id":"https:\/\/soldadoadrianojose.com.br\/index.php\/2023\/12\/14\/terra-rica-aprova-implantacao-de-colegio-civico-militar\/"},"wordCount":193,"commentCount":0,"publisher":{"@id":"https:\/\/soldadoadrianojose.com.br\/#\/schema\/person\/16f8e8defb7a4bd6c6082efcd1bdb6bb"},"image":{"@id":"https:\/\/soldadoadrianojose.com.br\/index.php\/2023\/12\/14\/terra-rica-aprova-implantacao-de-colegio-civico-militar\/#primaryimage"},"thumbnailUrl":"https:\/\/soldadoadrianojose.com.br\/wp-content\/uploads\/2023\/12\/colegio-pm-2.jpg.webp","articleSection":["PARAN\u00c1"],"inLanguage":"pt-BR","potentialAction":[{"@type":"CommentAction","name":"Comment","target":["https:\/\/soldadoadrianojose.com.br\/index.php\/2023\/12\/14\/terra-rica-aprova-implantacao-de-colegio-civico-militar\/#respond"]}]},{"@type":"WebPage","@id":"https:\/\/soldadoadrianojose.com.br\/index.php\/2023\/12\/14\/terra-rica-aprova-implantacao-de-colegio-civico-militar\/","url":"https:\/\/soldadoadrianojose.com.br\/index.php\/2023\/12\/14\/terra-rica-aprova-implantacao-de-colegio-civico-militar\/","name":"Terra Rica aprova implanta\u00e7\u00e3o de col\u00e9gio c\u00edvico-militar - Deputado Adriano Jos\u00e9","isPartOf":{"@id":"https:\/\/soldadoadrianojose.com.br\/#website"},"primaryImageOfPage":{"@id":"https:\/\/soldadoadrianojose.com.br\/index.php\/2023\/12\/14\/terra-rica-aprova-implantacao-de-colegio-civico-militar\/#primaryimage"},"image":{"@id":"https:\/\/soldadoadrianojose.com.br\/index.php\/2023\/12\/14\/terra-rica-aprova-implantacao-de-colegio-civico-militar\/#primaryimage"},"thumbnailUrl":"https:\/\/soldadoadrianojose.com.br\/wp-content\/uploads\/2023\/12\/colegio-pm-2.jpg.webp","datePublished":"2023-12-14T13:54:31+00:00","dateModified":"2023-12-14T13:54:35+00:00","breadcrumb":{"@id":"https:\/\/soldadoadrianojose.com.br\/index.php\/2023\/12\/14\/terra-rica-aprova-implantacao-de-colegio-civico-militar\/#breadcrumb"},"inLanguage":"pt-BR","potentialAction":[{"@type":"ReadAction","target":["https:\/\/soldadoadrianojose.com.br\/index.php\/2023\/12\/14\/terra-rica-aprova-implantacao-de-colegio-civico-militar\/"]}]},{"@type":"ImageObject","inLanguage":"pt-BR","@id":"https:\/\/soldadoadrianojose.com.br\/index.php\/2023\/12\/14\/terra-rica-aprova-implantacao-de-colegio-civico-militar\/#primaryimage","url":"https:\/\/soldadoadrianojose.com.br\/wp-content\/uploads\/2023\/12\/colegio-pm-2.jpg.webp","contentUrl":"https:\/\/soldadoadrianojose.com.br\/wp-content\/uploads\/2023\/12\/colegio-pm-2.jpg.webp","width":620,"height":413},{"@type":"BreadcrumbList","@id":"https:\/\/soldadoadrianojose.com.br\/index.php\/2023\/12\/14\/terra-rica-aprova-implantacao-de-colegio-civico-militar\/#breadcrumb","itemListElement":[{"@type":"ListItem","position":1,"name":"In\u00edcio","item":"https:\/\/soldadoadrianojose.com.br\/"},{"@type":"ListItem","position":2,"name":"Terra Rica aprova implanta\u00e7\u00e3o de col\u00e9gio c\u00edvico-militar"}]},{"@type":"WebSite","@id":"https:\/\/soldadoadrianojose.com.br\/#website","url":"https:\/\/soldadoadrianojose.com.br\/","name":"Deputado Adriano Jos\u00e9","description":"Nosso trabalho \u00e9 pelas pessoas","publisher":{"@id":"https:\/\/soldadoadrianojose.com.br\/#\/schema\/person\/16f8e8defb7a4bd6c6082efcd1bdb6bb"},"potentialAction":[{"@type":"SearchAction","target":{"@type":"EntryPoint","urlTemplate":"https:\/\/soldadoadrianojose.com.br\/?s={search_term_string}"},"query-input":{"@type":"PropertyValueSpecification","valueRequired":true,"valueName":"search_term_string"}}],"inLanguage":"pt-BR"},{"@type":["Person","Organization"],"@id":"https:\/\/soldadoadrianojose.com.br\/#\/schema\/person\/16f8e8defb7a4bd6c6082efcd1bdb6bb","name":"soldadoadrianojose","image":{"@type":"ImageObject","inLanguage":"pt-BR","@id":"https:\/\/soldadoadrianojose.com.br\/wp-content\/uploads\/2023\/02\/LOGO_CLEAR-5.png","url":"https:\/\/soldadoadrianojose.com.br\/wp-content\/uploads\/2023\/02\/LOGO_CLEAR-5.png","contentUrl":"https:\/\/soldadoadrianojose.com.br\/wp-content\/uploads\/2023\/02\/LOGO_CLEAR-5.png","width":3508,"height":998,"caption":"soldadoadrianojose"},"logo":{"@id":"https:\/\/soldadoadrianojose.com.br\/wp-content\/uploads\/2023\/02\/LOGO_CLEAR-5.png"},"sameAs":["https:\/\/soldadoadrianojose.com.br"],"url":"https:\/\/soldadoadrianojose.com.br\/index.php\/author\/soldadoadrianojose\/"}]}},"jetpack_featured_media_url":"https:\/\/soldadoadrianojose.com.br\/wp-content\/uploads\/2023\/12\/colegio-pm-2.jpg.webp","_links":{"self":[{"href":"https:\/\/soldadoadrianojose.com.br\/index.php\/wp-json\/wp\/v2\/posts\/1778","targetHints":{"allow":["GET"]}}],"collection":[{"href":"https:\/\/soldadoadrianojose.com.br\/index.php\/wp-json\/wp\/v2\/posts"}],"about":[{"href":"https:\/\/soldadoadrianojose.com.br\/index.php\/wp-json\/wp\/v2\/types\/post"}],"author":[{"embeddable":true,"href":"https:\/\/soldadoadrianojose.com.br\/index.php\/wp-json\/wp\/v2\/users\/1"}],"replies":[{"embeddable":true,"href":"https:\/\/soldadoadrianojose.com.br\/index.php\/wp-json\/wp\/v2\/comments?post=1778"}],"version-history":[{"count":1,"href":"https:\/\/soldadoadrianojose.com.br\/index.php\/wp-json\/wp\/v2\/posts\/1778\/revisions"}],"predecessor-version":[{"id":1780,"href":"https:\/\/soldadoadrianojose.com.br\/index.php\/wp-json\/wp\/v2\/posts\/1778\/revisions\/1780"}],"wp:featuredmedia":[{"embeddable":true,"href":"https:\/\/soldadoadrianojose.com.br\/index.php\/wp-json\/wp\/v2\/media\/1779"}],"wp:attachment":[{"href":"https:\/\/soldadoadrianojose.com.br\/index.php\/wp-json\/wp\/v2\/media?parent=1778"}],"wp:term":[{"taxonomy":"category","embeddable":true,"href":"https:\/\/soldadoadrianojose.com.br\/index.php\/wp-json\/wp\/v2\/categories?post=1778"},{"taxonomy":"post_tag","embeddable":true,"href":"https:\/\/soldadoadrianojose.com.br\/index.php\/wp-json\/wp\/v2\/tags?post=1778"}],"curies":[{"name":"wp","href":"https:\/\/api.w.org\/{rel}","templated":true}]}}