{"id":1782,"date":"2023-12-15T12:39:23","date_gmt":"2023-12-15T15:39:23","guid":{"rendered":"https:\/\/soldadoadrianojose.com.br\/?p=1782"},"modified":"2023-12-15T12:40:42","modified_gmt":"2023-12-15T15:40:42","slug":"deputado-adriano-jose-apresenta-balanco-da-comissao-de-seguranca-de-2023","status":"publish","type":"post","link":"https:\/\/soldadoadrianojose.com.br\/index.php\/2023\/12\/15\/deputado-adriano-jose-apresenta-balanco-da-comissao-de-seguranca-de-2023\/","title":{"rendered":"Deputado Adriano Jos\u00e9 apresenta balan\u00e7o da comiss\u00e3o de seguran\u00e7a de 2023"},"content":{"rendered":"\n<p>O deputado Adriano Jos\u00e9, presidente da Comiss\u00e3o de Seguran\u00e7a P\u00fablica da Assembleia Legislativa, apresentou o balan\u00e7o das atividades realizadas pela comiss\u00e3o no segundo semestre de 2023. O relat\u00f3rio abrange o per\u00edodo de julho a dezembro e destaca as principais a\u00e7\u00f5es e projetos discutidos e votados pelos membros da comiss\u00e3o.<\/p>\n\n\n\n<figure class=\"wp-block-audio\"><audio controls src=\"https:\/\/soldadoadrianojose.com.br\/wp-content\/uploads\/2023\/12\/WhatsApp-Audio-2023-12-15-at-11.52.09-online-audio-converter.com_.mp3\"><\/audio><\/figure>\n\n\n\n<p>A comiss\u00e3o tem como objetivo discutir e apreciar projetos de lei relacionados \u00e0 seguran\u00e7a p\u00fablica do estado. Durante o semestre, foram realizadas reuni\u00f5es presenciais em plen\u00e1rio para debater e votar os projetos em pauta.<\/p>\n\n\n\n<p>No relat\u00f3rio, s\u00e3o mencionadas as atas das reuni\u00f5es ordin\u00e1rias da comiss\u00e3o, onde foram discutidos e votados diversos projetos de lei. Al\u00e9m disso, a comiss\u00e3o tamb\u00e9m realizou uma audi\u00eancia p\u00fablica para debater e encaminhar solu\u00e7\u00f5es para a situa\u00e7\u00e3o das pessoas em situa\u00e7\u00e3o de rua no estado do Paran\u00e1. A audi\u00eancia contou com a participa\u00e7\u00e3o de representantes da sociedade civil organizada e institui\u00e7\u00f5es p\u00fablicas, como a Associa\u00e7\u00e3o Comercial do Paran\u00e1, CONSEGS, ABRABAR, Defensoria P\u00fablica, Secretaria de Justi\u00e7a, Secretaria de Seguran\u00e7a P\u00fablica e Minist\u00e9rio P\u00fablico.<\/p>\n\n\n\n<p>No balan\u00e7o apresentado, o presidente da comiss\u00e3o destaca o compromisso da comiss\u00e3o em atender todas as demandas apresentadas e ressalta a import\u00e2ncia do trabalho conjunto entre a iniciativa privada e o poder p\u00fablico para oferecer oportunidades de qualifica\u00e7\u00e3o, moradia e assist\u00eancia social para as pessoas em situa\u00e7\u00e3o de rua.<\/p>\n\n\n\n<p>O relat\u00f3rio da Comiss\u00e3o de Seguran\u00e7a P\u00fablica do Paran\u00e1 evidencia o empenho dos deputados em promover a seguran\u00e7a e o bem-estar da popula\u00e7\u00e3o paranaense, por meio da an\u00e1lise e vota\u00e7\u00e3o de projetos de lei que visam fortalecer as institui\u00e7\u00f5es de seguran\u00e7a p\u00fablica e combater a criminalidade no estado.<\/p>\n","protected":false},"excerpt":{"rendered":"<p>O deputado Adriano Jos\u00e9, presidente da Comiss\u00e3o de Seguran\u00e7a P\u00fablica da Assembleia Legislativa, apresentou o balan\u00e7o das atividades realizadas pela comiss\u00e3o no segundo semestre de 2023. O relat\u00f3rio abrange o per\u00edodo de julho a dezembro e destaca as principais a\u00e7\u00f5es e projetos discutidos e votados pelos membros da comiss\u00e3o. A comiss\u00e3o tem como objetivo discutir [&hellip;]<\/p>\n","protected":false},"author":1,"featured_media":1783,"comment_status":"open","ping_status":"open","sticky":false,"template":"","format":"standard","meta":{"footnotes":""},"categories":[5],"tags":[51,12],"class_list":["post-1782","post","type-post","status-publish","format-standard","has-post-thumbnail","hentry","category-parana","tag-deputado-adriano-jose-2","tag-parana"],"yoast_head":"<!-- This site is optimized with the Yoast SEO plugin v27.4 - https:\/\/yoast.com\/product\/yoast-seo-wordpress\/ -->\n<title>Deputado Adriano Jos\u00e9 apresenta balan\u00e7o da comiss\u00e3o de seguran\u00e7a de 2023 - Deputado Adriano Jos\u00e9<\/title>\n<meta name=\"robots\" content=\"index, follow, max-snippet:-1, max-image-preview:large, max-video-preview:-1\" \/>\n<link rel=\"canonical\" href=\"https:\/\/soldadoadrianojose.com.br\/index.php\/2023\/12\/15\/deputado-adriano-jose-apresenta-balanco-da-comissao-de-seguranca-de-2023\/\" \/>\n<meta property=\"og:locale\" content=\"pt_BR\" \/>\n<meta property=\"og:type\" content=\"article\" \/>\n<meta property=\"og:title\" content=\"Deputado Adriano Jos\u00e9 apresenta balan\u00e7o da comiss\u00e3o de seguran\u00e7a de 2023 - Deputado Adriano Jos\u00e9\" \/>\n<meta property=\"og:description\" content=\"O deputado Adriano Jos\u00e9, presidente da Comiss\u00e3o de Seguran\u00e7a P\u00fablica da Assembleia Legislativa, apresentou o balan\u00e7o das atividades realizadas pela comiss\u00e3o no segundo semestre de 2023. O relat\u00f3rio abrange o per\u00edodo de julho a dezembro e destaca as principais a\u00e7\u00f5es e projetos discutidos e votados pelos membros da comiss\u00e3o. A comiss\u00e3o tem como objetivo discutir [&hellip;]\" \/>\n<meta property=\"og:url\" content=\"https:\/\/soldadoadrianojose.com.br\/index.php\/2023\/12\/15\/deputado-adriano-jose-apresenta-balanco-da-comissao-de-seguranca-de-2023\/\" \/>\n<meta property=\"og:site_name\" content=\"Deputado Adriano Jos\u00e9\" \/>\n<meta property=\"article:published_time\" content=\"2023-12-15T15:39:23+00:00\" \/>\n<meta property=\"article:modified_time\" content=\"2023-12-15T15:40:42+00:00\" \/>\n<meta property=\"og:image\" content=\"https:\/\/soldadoadrianojose.com.br\/wp-content\/uploads\/2023\/12\/WhatsApp-Image-2023-12-15-at-12.30.14.jpeg\" \/>\n\t<meta property=\"og:image:width\" content=\"1600\" \/>\n\t<meta property=\"og:image:height\" content=\"1066\" \/>\n\t<meta property=\"og:image:type\" content=\"image\/jpeg\" \/>\n<meta name=\"author\" content=\"soldadoadrianojose\" \/>\n<meta name=\"twitter:card\" content=\"summary_large_image\" \/>\n<meta name=\"twitter:label1\" content=\"Escrito por\" \/>\n\t<meta name=\"twitter:data1\" content=\"soldadoadrianojose\" \/>\n\t<meta name=\"twitter:label2\" content=\"Est. tempo de leitura\" \/>\n\t<meta name=\"twitter:data2\" content=\"2 minutos\" \/>\n<script type=\"application\/ld+json\" class=\"yoast-schema-graph\">{\"@context\":\"https:\\\/\\\/schema.org\",\"@graph\":[{\"@type\":\"Article\",\"@id\":\"https:\\\/\\\/soldadoadrianojose.com.br\\\/index.php\\\/2023\\\/12\\\/15\\\/deputado-adriano-jose-apresenta-balanco-da-comissao-de-seguranca-de-2023\\\/#article\",\"isPartOf\":{\"@id\":\"https:\\\/\\\/soldadoadrianojose.com.br\\\/index.php\\\/2023\\\/12\\\/15\\\/deputado-adriano-jose-apresenta-balanco-da-comissao-de-seguranca-de-2023\\\/\"},\"author\":{\"name\":\"soldadoadrianojose\",\"@id\":\"https:\\\/\\\/soldadoadrianojose.com.br\\\/#\\\/schema\\\/person\\\/16f8e8defb7a4bd6c6082efcd1bdb6bb\"},\"headline\":\"Deputado Adriano Jos\u00e9 apresenta balan\u00e7o da comiss\u00e3o de seguran\u00e7a de 2023\",\"datePublished\":\"2023-12-15T15:39:23+00:00\",\"dateModified\":\"2023-12-15T15:40:42+00:00\",\"mainEntityOfPage\":{\"@id\":\"https:\\\/\\\/soldadoadrianojose.com.br\\\/index.php\\\/2023\\\/12\\\/15\\\/deputado-adriano-jose-apresenta-balanco-da-comissao-de-seguranca-de-2023\\\/\"},\"wordCount\":330,\"commentCount\":0,\"publisher\":{\"@id\":\"https:\\\/\\\/soldadoadrianojose.com.br\\\/#\\\/schema\\\/person\\\/16f8e8defb7a4bd6c6082efcd1bdb6bb\"},\"image\":{\"@id\":\"https:\\\/\\\/soldadoadrianojose.com.br\\\/index.php\\\/2023\\\/12\\\/15\\\/deputado-adriano-jose-apresenta-balanco-da-comissao-de-seguranca-de-2023\\\/#primaryimage\"},\"thumbnailUrl\":\"https:\\\/\\\/soldadoadrianojose.com.br\\\/wp-content\\\/uploads\\\/2023\\\/12\\\/WhatsApp-Image-2023-12-15-at-12.30.14.jpeg\",\"keywords\":[\"deputado adriano jos\u00e9\",\"paran\u00e1\"],\"articleSection\":[\"PARAN\u00c1\"],\"inLanguage\":\"pt-BR\",\"potentialAction\":[{\"@type\":\"CommentAction\",\"name\":\"Comment\",\"target\":[\"https:\\\/\\\/soldadoadrianojose.com.br\\\/index.php\\\/2023\\\/12\\\/15\\\/deputado-adriano-jose-apresenta-balanco-da-comissao-de-seguranca-de-2023\\\/#respond\"]}]},{\"@type\":\"WebPage\",\"@id\":\"https:\\\/\\\/soldadoadrianojose.com.br\\\/index.php\\\/2023\\\/12\\\/15\\\/deputado-adriano-jose-apresenta-balanco-da-comissao-de-seguranca-de-2023\\\/\",\"url\":\"https:\\\/\\\/soldadoadrianojose.com.br\\\/index.php\\\/2023\\\/12\\\/15\\\/deputado-adriano-jose-apresenta-balanco-da-comissao-de-seguranca-de-2023\\\/\",\"name\":\"Deputado Adriano Jos\u00e9 apresenta balan\u00e7o da comiss\u00e3o de seguran\u00e7a de 2023 - Deputado Adriano Jos\u00e9\",\"isPartOf\":{\"@id\":\"https:\\\/\\\/soldadoadrianojose.com.br\\\/#website\"},\"primaryImageOfPage\":{\"@id\":\"https:\\\/\\\/soldadoadrianojose.com.br\\\/index.php\\\/2023\\\/12\\\/15\\\/deputado-adriano-jose-apresenta-balanco-da-comissao-de-seguranca-de-2023\\\/#primaryimage\"},\"image\":{\"@id\":\"https:\\\/\\\/soldadoadrianojose.com.br\\\/index.php\\\/2023\\\/12\\\/15\\\/deputado-adriano-jose-apresenta-balanco-da-comissao-de-seguranca-de-2023\\\/#primaryimage\"},\"thumbnailUrl\":\"https:\\\/\\\/soldadoadrianojose.com.br\\\/wp-content\\\/uploads\\\/2023\\\/12\\\/WhatsApp-Image-2023-12-15-at-12.30.14.jpeg\",\"datePublished\":\"2023-12-15T15:39:23+00:00\",\"dateModified\":\"2023-12-15T15:40:42+00:00\",\"breadcrumb\":{\"@id\":\"https:\\\/\\\/soldadoadrianojose.com.br\\\/index.php\\\/2023\\\/12\\\/15\\\/deputado-adriano-jose-apresenta-balanco-da-comissao-de-seguranca-de-2023\\\/#breadcrumb\"},\"inLanguage\":\"pt-BR\",\"potentialAction\":[{\"@type\":\"ReadAction\",\"target\":[\"https:\\\/\\\/soldadoadrianojose.com.br\\\/index.php\\\/2023\\\/12\\\/15\\\/deputado-adriano-jose-apresenta-balanco-da-comissao-de-seguranca-de-2023\\\/\"]}]},{\"@type\":\"ImageObject\",\"inLanguage\":\"pt-BR\",\"@id\":\"https:\\\/\\\/soldadoadrianojose.com.br\\\/index.php\\\/2023\\\/12\\\/15\\\/deputado-adriano-jose-apresenta-balanco-da-comissao-de-seguranca-de-2023\\\/#primaryimage\",\"url\":\"https:\\\/\\\/soldadoadrianojose.com.br\\\/wp-content\\\/uploads\\\/2023\\\/12\\\/WhatsApp-Image-2023-12-15-at-12.30.14.jpeg\",\"contentUrl\":\"https:\\\/\\\/soldadoadrianojose.com.br\\\/wp-content\\\/uploads\\\/2023\\\/12\\\/WhatsApp-Image-2023-12-15-at-12.30.14.jpeg\",\"width\":1600,\"height\":1066},{\"@type\":\"BreadcrumbList\",\"@id\":\"https:\\\/\\\/soldadoadrianojose.com.br\\\/index.php\\\/2023\\\/12\\\/15\\\/deputado-adriano-jose-apresenta-balanco-da-comissao-de-seguranca-de-2023\\\/#breadcrumb\",\"itemListElement\":[{\"@type\":\"ListItem\",\"position\":1,\"name\":\"In\u00edcio\",\"item\":\"https:\\\/\\\/soldadoadrianojose.com.br\\\/\"},{\"@type\":\"ListItem\",\"position\":2,\"name\":\"Deputado Adriano Jos\u00e9 apresenta balan\u00e7o da comiss\u00e3o de seguran\u00e7a de 2023\"}]},{\"@type\":\"WebSite\",\"@id\":\"https:\\\/\\\/soldadoadrianojose.com.br\\\/#website\",\"url\":\"https:\\\/\\\/soldadoadrianojose.com.br\\\/\",\"name\":\"Deputado Adriano Jos\u00e9\",\"description\":\"Nosso trabalho \u00e9 pelas pessoas\",\"publisher\":{\"@id\":\"https:\\\/\\\/soldadoadrianojose.com.br\\\/#\\\/schema\\\/person\\\/16f8e8defb7a4bd6c6082efcd1bdb6bb\"},\"potentialAction\":[{\"@type\":\"SearchAction\",\"target\":{\"@type\":\"EntryPoint\",\"urlTemplate\":\"https:\\\/\\\/soldadoadrianojose.com.br\\\/?s={search_term_string}\"},\"query-input\":{\"@type\":\"PropertyValueSpecification\",\"valueRequired\":true,\"valueName\":\"search_term_string\"}}],\"inLanguage\":\"pt-BR\"},{\"@type\":[\"Person\",\"Organization\"],\"@id\":\"https:\\\/\\\/soldadoadrianojose.com.br\\\/#\\\/schema\\\/person\\\/16f8e8defb7a4bd6c6082efcd1bdb6bb\",\"name\":\"soldadoadrianojose\",\"image\":{\"@type\":\"ImageObject\",\"inLanguage\":\"pt-BR\",\"@id\":\"https:\\\/\\\/soldadoadrianojose.com.br\\\/wp-content\\\/uploads\\\/2023\\\/02\\\/LOGO_CLEAR-5.png\",\"url\":\"https:\\\/\\\/soldadoadrianojose.com.br\\\/wp-content\\\/uploads\\\/2023\\\/02\\\/LOGO_CLEAR-5.png\",\"contentUrl\":\"https:\\\/\\\/soldadoadrianojose.com.br\\\/wp-content\\\/uploads\\\/2023\\\/02\\\/LOGO_CLEAR-5.png\",\"width\":3508,\"height\":998,\"caption\":\"soldadoadrianojose\"},\"logo\":{\"@id\":\"https:\\\/\\\/soldadoadrianojose.com.br\\\/wp-content\\\/uploads\\\/2023\\\/02\\\/LOGO_CLEAR-5.png\"},\"sameAs\":[\"https:\\\/\\\/soldadoadrianojose.com.br\"],\"url\":\"https:\\\/\\\/soldadoadrianojose.com.br\\\/index.php\\\/author\\\/soldadoadrianojose\\\/\"}]}<\/script>\n<!-- \/ Yoast SEO plugin. -->","yoast_head_json":{"title":"Deputado Adriano Jos\u00e9 apresenta balan\u00e7o da comiss\u00e3o de seguran\u00e7a de 2023 - Deputado Adriano Jos\u00e9","robots":{"index":"index","follow":"follow","max-snippet":"max-snippet:-1","max-image-preview":"max-image-preview:large","max-video-preview":"max-video-preview:-1"},"canonical":"https:\/\/soldadoadrianojose.com.br\/index.php\/2023\/12\/15\/deputado-adriano-jose-apresenta-balanco-da-comissao-de-seguranca-de-2023\/","og_locale":"pt_BR","og_type":"article","og_title":"Deputado Adriano Jos\u00e9 apresenta balan\u00e7o da comiss\u00e3o de seguran\u00e7a de 2023 - Deputado Adriano Jos\u00e9","og_description":"O deputado Adriano Jos\u00e9, presidente da Comiss\u00e3o de Seguran\u00e7a P\u00fablica da Assembleia Legislativa, apresentou o balan\u00e7o das atividades realizadas pela comiss\u00e3o no segundo semestre de 2023. O relat\u00f3rio abrange o per\u00edodo de julho a dezembro e destaca as principais a\u00e7\u00f5es e projetos discutidos e votados pelos membros da comiss\u00e3o. A comiss\u00e3o tem como objetivo discutir [&hellip;]","og_url":"https:\/\/soldadoadrianojose.com.br\/index.php\/2023\/12\/15\/deputado-adriano-jose-apresenta-balanco-da-comissao-de-seguranca-de-2023\/","og_site_name":"Deputado Adriano Jos\u00e9","article_published_time":"2023-12-15T15:39:23+00:00","article_modified_time":"2023-12-15T15:40:42+00:00","og_image":[{"width":1600,"height":1066,"url":"https:\/\/soldadoadrianojose.com.br\/wp-content\/uploads\/2023\/12\/WhatsApp-Image-2023-12-15-at-12.30.14.jpeg","type":"image\/jpeg"}],"author":"soldadoadrianojose","twitter_card":"summary_large_image","twitter_misc":{"Escrito por":"soldadoadrianojose","Est. tempo de leitura":"2 minutos"},"schema":{"@context":"https:\/\/schema.org","@graph":[{"@type":"Article","@id":"https:\/\/soldadoadrianojose.com.br\/index.php\/2023\/12\/15\/deputado-adriano-jose-apresenta-balanco-da-comissao-de-seguranca-de-2023\/#article","isPartOf":{"@id":"https:\/\/soldadoadrianojose.com.br\/index.php\/2023\/12\/15\/deputado-adriano-jose-apresenta-balanco-da-comissao-de-seguranca-de-2023\/"},"author":{"name":"soldadoadrianojose","@id":"https:\/\/soldadoadrianojose.com.br\/#\/schema\/person\/16f8e8defb7a4bd6c6082efcd1bdb6bb"},"headline":"Deputado Adriano Jos\u00e9 apresenta balan\u00e7o da comiss\u00e3o de seguran\u00e7a de 2023","datePublished":"2023-12-15T15:39:23+00:00","dateModified":"2023-12-15T15:40:42+00:00","mainEntityOfPage":{"@id":"https:\/\/soldadoadrianojose.com.br\/index.php\/2023\/12\/15\/deputado-adriano-jose-apresenta-balanco-da-comissao-de-seguranca-de-2023\/"},"wordCount":330,"commentCount":0,"publisher":{"@id":"https:\/\/soldadoadrianojose.com.br\/#\/schema\/person\/16f8e8defb7a4bd6c6082efcd1bdb6bb"},"image":{"@id":"https:\/\/soldadoadrianojose.com.br\/index.php\/2023\/12\/15\/deputado-adriano-jose-apresenta-balanco-da-comissao-de-seguranca-de-2023\/#primaryimage"},"thumbnailUrl":"https:\/\/soldadoadrianojose.com.br\/wp-content\/uploads\/2023\/12\/WhatsApp-Image-2023-12-15-at-12.30.14.jpeg","keywords":["deputado adriano jos\u00e9","paran\u00e1"],"articleSection":["PARAN\u00c1"],"inLanguage":"pt-BR","potentialAction":[{"@type":"CommentAction","name":"Comment","target":["https:\/\/soldadoadrianojose.com.br\/index.php\/2023\/12\/15\/deputado-adriano-jose-apresenta-balanco-da-comissao-de-seguranca-de-2023\/#respond"]}]},{"@type":"WebPage","@id":"https:\/\/soldadoadrianojose.com.br\/index.php\/2023\/12\/15\/deputado-adriano-jose-apresenta-balanco-da-comissao-de-seguranca-de-2023\/","url":"https:\/\/soldadoadrianojose.com.br\/index.php\/2023\/12\/15\/deputado-adriano-jose-apresenta-balanco-da-comissao-de-seguranca-de-2023\/","name":"Deputado Adriano Jos\u00e9 apresenta balan\u00e7o da comiss\u00e3o de seguran\u00e7a de 2023 - Deputado Adriano Jos\u00e9","isPartOf":{"@id":"https:\/\/soldadoadrianojose.com.br\/#website"},"primaryImageOfPage":{"@id":"https:\/\/soldadoadrianojose.com.br\/index.php\/2023\/12\/15\/deputado-adriano-jose-apresenta-balanco-da-comissao-de-seguranca-de-2023\/#primaryimage"},"image":{"@id":"https:\/\/soldadoadrianojose.com.br\/index.php\/2023\/12\/15\/deputado-adriano-jose-apresenta-balanco-da-comissao-de-seguranca-de-2023\/#primaryimage"},"thumbnailUrl":"https:\/\/soldadoadrianojose.com.br\/wp-content\/uploads\/2023\/12\/WhatsApp-Image-2023-12-15-at-12.30.14.jpeg","datePublished":"2023-12-15T15:39:23+00:00","dateModified":"2023-12-15T15:40:42+00:00","breadcrumb":{"@id":"https:\/\/soldadoadrianojose.com.br\/index.php\/2023\/12\/15\/deputado-adriano-jose-apresenta-balanco-da-comissao-de-seguranca-de-2023\/#breadcrumb"},"inLanguage":"pt-BR","potentialAction":[{"@type":"ReadAction","target":["https:\/\/soldadoadrianojose.com.br\/index.php\/2023\/12\/15\/deputado-adriano-jose-apresenta-balanco-da-comissao-de-seguranca-de-2023\/"]}]},{"@type":"ImageObject","inLanguage":"pt-BR","@id":"https:\/\/soldadoadrianojose.com.br\/index.php\/2023\/12\/15\/deputado-adriano-jose-apresenta-balanco-da-comissao-de-seguranca-de-2023\/#primaryimage","url":"https:\/\/soldadoadrianojose.com.br\/wp-content\/uploads\/2023\/12\/WhatsApp-Image-2023-12-15-at-12.30.14.jpeg","contentUrl":"https:\/\/soldadoadrianojose.com.br\/wp-content\/uploads\/2023\/12\/WhatsApp-Image-2023-12-15-at-12.30.14.jpeg","width":1600,"height":1066},{"@type":"BreadcrumbList","@id":"https:\/\/soldadoadrianojose.com.br\/index.php\/2023\/12\/15\/deputado-adriano-jose-apresenta-balanco-da-comissao-de-seguranca-de-2023\/#breadcrumb","itemListElement":[{"@type":"ListItem","position":1,"name":"In\u00edcio","item":"https:\/\/soldadoadrianojose.com.br\/"},{"@type":"ListItem","position":2,"name":"Deputado Adriano Jos\u00e9 apresenta balan\u00e7o da comiss\u00e3o de seguran\u00e7a de 2023"}]},{"@type":"WebSite","@id":"https:\/\/soldadoadrianojose.com.br\/#website","url":"https:\/\/soldadoadrianojose.com.br\/","name":"Deputado Adriano Jos\u00e9","description":"Nosso trabalho \u00e9 pelas pessoas","publisher":{"@id":"https:\/\/soldadoadrianojose.com.br\/#\/schema\/person\/16f8e8defb7a4bd6c6082efcd1bdb6bb"},"potentialAction":[{"@type":"SearchAction","target":{"@type":"EntryPoint","urlTemplate":"https:\/\/soldadoadrianojose.com.br\/?s={search_term_string}"},"query-input":{"@type":"PropertyValueSpecification","valueRequired":true,"valueName":"search_term_string"}}],"inLanguage":"pt-BR"},{"@type":["Person","Organization"],"@id":"https:\/\/soldadoadrianojose.com.br\/#\/schema\/person\/16f8e8defb7a4bd6c6082efcd1bdb6bb","name":"soldadoadrianojose","image":{"@type":"ImageObject","inLanguage":"pt-BR","@id":"https:\/\/soldadoadrianojose.com.br\/wp-content\/uploads\/2023\/02\/LOGO_CLEAR-5.png","url":"https:\/\/soldadoadrianojose.com.br\/wp-content\/uploads\/2023\/02\/LOGO_CLEAR-5.png","contentUrl":"https:\/\/soldadoadrianojose.com.br\/wp-content\/uploads\/2023\/02\/LOGO_CLEAR-5.png","width":3508,"height":998,"caption":"soldadoadrianojose"},"logo":{"@id":"https:\/\/soldadoadrianojose.com.br\/wp-content\/uploads\/2023\/02\/LOGO_CLEAR-5.png"},"sameAs":["https:\/\/soldadoadrianojose.com.br"],"url":"https:\/\/soldadoadrianojose.com.br\/index.php\/author\/soldadoadrianojose\/"}]}},"jetpack_featured_media_url":"https:\/\/soldadoadrianojose.com.br\/wp-content\/uploads\/2023\/12\/WhatsApp-Image-2023-12-15-at-12.30.14.jpeg","_links":{"self":[{"href":"https:\/\/soldadoadrianojose.com.br\/index.php\/wp-json\/wp\/v2\/posts\/1782","targetHints":{"allow":["GET"]}}],"collection":[{"href":"https:\/\/soldadoadrianojose.com.br\/index.php\/wp-json\/wp\/v2\/posts"}],"about":[{"href":"https:\/\/soldadoadrianojose.com.br\/index.php\/wp-json\/wp\/v2\/types\/post"}],"author":[{"embeddable":true,"href":"https:\/\/soldadoadrianojose.com.br\/index.php\/wp-json\/wp\/v2\/users\/1"}],"replies":[{"embeddable":true,"href":"https:\/\/soldadoadrianojose.com.br\/index.php\/wp-json\/wp\/v2\/comments?post=1782"}],"version-history":[{"count":2,"href":"https:\/\/soldadoadrianojose.com.br\/index.php\/wp-json\/wp\/v2\/posts\/1782\/revisions"}],"predecessor-version":[{"id":1787,"href":"https:\/\/soldadoadrianojose.com.br\/index.php\/wp-json\/wp\/v2\/posts\/1782\/revisions\/1787"}],"wp:featuredmedia":[{"embeddable":true,"href":"https:\/\/soldadoadrianojose.com.br\/index.php\/wp-json\/wp\/v2\/media\/1783"}],"wp:attachment":[{"href":"https:\/\/soldadoadrianojose.com.br\/index.php\/wp-json\/wp\/v2\/media?parent=1782"}],"wp:term":[{"taxonomy":"category","embeddable":true,"href":"https:\/\/soldadoadrianojose.com.br\/index.php\/wp-json\/wp\/v2\/categories?post=1782"},{"taxonomy":"post_tag","embeddable":true,"href":"https:\/\/soldadoadrianojose.com.br\/index.php\/wp-json\/wp\/v2\/tags?post=1782"}],"curies":[{"name":"wp","href":"https:\/\/api.w.org\/{rel}","templated":true}]}}