{"id":1921,"date":"2024-01-03T15:17:02","date_gmt":"2024-01-03T18:17:02","guid":{"rendered":"https:\/\/soldadoadrianojose.com.br\/?p=1921"},"modified":"2024-01-03T15:17:04","modified_gmt":"2024-01-03T18:17:04","slug":"estado-do-parana-anuncia-concursos-publicos-com-260-vagas-para-varias-funcoes","status":"publish","type":"post","link":"https:\/\/soldadoadrianojose.com.br\/index.php\/2024\/01\/03\/estado-do-parana-anuncia-concursos-publicos-com-260-vagas-para-varias-funcoes\/","title":{"rendered":"Estado do Paran\u00e1 anuncia concursos p\u00fablicos com 260 vagas para v\u00e1rias fun\u00e7\u00f5es"},"content":{"rendered":"\n<p>O governador Carlos Massa Ratinho Junior anunciou nesta quarta-feira (03) a realiza\u00e7\u00e3o de um concurso p\u00fablico em 2024 com 253 vagas para o Quadro Pr\u00f3prio do Poder Executivo (QPPE), que \u00e9 o quadro com profissionais de v\u00e1rias especializa\u00e7\u00f5es distintas que trabalham em diversas secretarias. Os sal\u00e1rios iniciais variam de R$ 4.231,60 a R$ 7.616,88, al\u00e9m de um aux\u00edlio alimenta\u00e7\u00e3o no valor de R$ 634,74. H\u00e1 reserva de vagas para afrodescendentes e pessoas com defici\u00eancia. O edital do certame j\u00e1 est\u00e1 dispon\u00edvel&nbsp;<a href=\"https:\/\/www.aen.pr.gov.br\/sites\/default\/arquivos_restritos\/files\/documento\/2024-01\/edital_002-24_-_abertura_concurso_publico_qppe_1.pdf\" target=\"_blank\" rel=\"noreferrer noopener\">AQUI<\/a>&nbsp;.<\/p>\n\n\n\n<p>O per\u00edodo de inscri\u00e7\u00f5es para o concurso vai de 5 de fevereiro a 7 de mar\u00e7o e os valores das taxas s\u00e3o de R$ 90 e R$ 130, dependendo do cargo que o candidato ir\u00e1 concorrer. Os candidatos que desejarem solicitar a taxa de isen\u00e7\u00e3o de inscri\u00e7\u00e3o ter\u00e3o entre os dias 5 e 9 de fevereiro para isso.<\/p>\n\n\n\n<p>A prova objetiva est\u00e1 marcada para o dia 14 de abril e a aplica\u00e7\u00e3o ocorrer\u00e1 em seis cidades: Curitiba, Cascavel, Francisco Beltr\u00e3o, Guarapuava, Londrina e Umuarama. Todas as etapas e informa\u00e7\u00f5es sobre o certame podem ser acompanhados no&nbsp;<a href=\"https:\/\/www.institutoaocp.org.br\/\" target=\"_blank\" rel=\"noreferrer noopener\">site oficial do concurso<\/a>. Al\u00e9m da prova objetiva, o candidato aprovado passar\u00e1 por avalia\u00e7\u00e3o m\u00e9dica.&nbsp;<\/p>\n\n\n\n<p>Das 253 vagas, 203 ser\u00e3o destinadas a candidatos com forma\u00e7\u00e3o de n\u00edvel superior, abrangendo campos como Administrador, Analista de Procuradoria, Assistente Social, Bibliotec\u00e1rio, Comunicador Social, Contador, Desenhista Industrial Gr\u00e1fico, Economista, Engenheiro Ambiental, Engenheiro Cart\u00f3grafo, Engenheiro Civil, Engenheiro de Pesca, Engenheiro de Seguran\u00e7a do Trabalho, Engenheiro Eletricista, Engenheiro Mec\u00e2nico, Estat\u00edstico, M\u00e9dico, Nutricionista, Pedagogo, Profissional de Tecnologia da Informa\u00e7\u00e3o, Psic\u00f3logo e Terapeuta Ocupacional.&nbsp;<\/p>\n\n\n\n<p>As 50 vagas restantes ser\u00e3o disponibilizadas para n\u00edvel m\u00e9dio\/t\u00e9cnico, promovendo a inclus\u00e3o de diversos perfis profissionais no servi\u00e7o p\u00fablico. Elas ser\u00e3o para&nbsp;Fiscal de Meio Ambiente, Fiscal Metrol\u00f3gico, T\u00e9cnico de Enfermagem, T\u00e9cnico de Laborat\u00f3rio, T\u00e9cnico de Manejo e Meio Ambiente, T\u00e9cnico de Seguran\u00e7a do Trabalho.<\/p>\n\n\n\n<p>&#8220;Esta \u00e9 uma oportunidade para aqueles que desejam contribuir com o desenvolvimento do Paran\u00e1 por meio do servi\u00e7o p\u00fablico. Estamos comprometidos em fortalecer nosso quadro de servidores com profissionais dedicados&#8221;, afirmou o secret\u00e1rio da Administra\u00e7\u00e3o e Previd\u00eancia, Elisandro Frigo.<\/p>\n\n\n\n<p>Ele ressaltou que o Estado promoveu uma moderniza\u00e7\u00e3o das carreiras do QPPE em 2023, assegurando regras claras de progress\u00e3o e crescimento profissional para os futuros servidores. &#8220;Com as recentes atualiza\u00e7\u00f5es nas carreiras do Quadro Pr\u00f3prio do Poder Executivo, garantimos um ambiente prop\u00edcio para o desenvolvimento dos nossos servidores. Isso reflete diretamente na qualidade do servi\u00e7o p\u00fablico que oferecemos \u00e0 popula\u00e7\u00e3o&#8221;, concluiu.<\/p>\n\n\n\n<p>O QPPE foi institu\u00eddo pela Lei Estadual n\u00ba 13.666, de 05 de julho de 2002, em substitui\u00e7\u00e3o ao anterior Quadro Geral do Estado. Ele engloba boa parte dos servidores estaduais, uma vez que seus agentes encontram-se distribu\u00eddos nos \u00f3rg\u00e3os p\u00fablicos que comp\u00f5em a Administra\u00e7\u00e3o Direta e Indireta do Estado.<\/p>\n\n\n\n<p><strong>ADAPAR&nbsp;<\/strong>\u2013 O&nbsp;governador tamb\u00e9m autorizou a realiza\u00e7\u00e3o de um concurso para a Ag\u00eancia de Defesa Agropecu\u00e1ria do Paran\u00e1 (Adapar), disponibilizando sete vagas para o cargo de Assistente de Fiscaliza\u00e7\u00e3o da Defesa Agropecu\u00e1ria, complementando as 260 novas contrata\u00e7\u00f5es no Estado. O edital est\u00e1&nbsp;<a href=\"https:\/\/www.aen.pr.gov.br\/sites\/default\/arquivos_restritos\/files\/documento\/2024-01\/edital_001-24_-_abertura_concurso_publico_adapar_3.pdf\" target=\"_blank\" rel=\"noreferrer noopener\">AQUI<\/a>&nbsp;.<\/p>\n\n\n\n<p>Neste caso, as inscri\u00e7\u00f5es poder\u00e3o ser realizadas entre 18 de janeiro e 19 de fevereiro. A prova objetiva deve acontecer no dia 17 de mar\u00e7o. O requisito m\u00ednimo \u00e9 ensino m\u00e9dio profissionalizante com t\u00edtulo de T\u00e9cnico Agr\u00edcola ou T\u00e9cnico em Agropecu\u00e1ria. O sal\u00e1rio inicial \u00e9 de&nbsp;R$ 4.919,24.<\/p>\n\n\n\n<p>Na Adapar, o trabalho consiste em executar atividades em estabelecimentos industriais, comerciais, de servi\u00e7os e agropecu\u00e1rios para apoiar a execu\u00e7\u00e3o das atividades dos programas, realizar cadastros, conter e vacinar animais, capturar morcegos, inspecionar documentos e ve\u00edculos que transportam animais, vegetais e produtos de interesse da fiscaliza\u00e7\u00e3o do tr\u00e2nsito agropecu\u00e1rio em rodovias, dar destina\u00e7\u00e3o a produtos apreendidos, fazer diagn\u00f3sticos e vistorias, auxiliar na coleta de amostras de interesse da defesa agropecu\u00e1ria, entre outras atividades.<\/p>\n\n\n\n<p>Nos \u00faltimos anos a Adapar desempenhou um papel fundamental para o crescimento e defesa da produ\u00e7\u00e3o agroindustrial com o trabalho pelo fim da vacina\u00e7\u00e3o contra a febre aftosa, com a conquista do certificado internacional que permite a expans\u00e3o das vendas dos frigor\u00edficos, e a implementa\u00e7\u00e3o do Sistema Unificado Estadual de Sanidade Agroindustrial Artesanal e de Pequeno Porte (Susaf), que possibilita que agroind\u00fastrias municipais comercializem produtos em outras cidades que n\u00e3o as de origem. Al\u00e9m disso, intensificou o trabalho de controle da gripe avi\u00e1ria e do greening dos citros.<\/p>\n\n\n\n<p><strong>VALIDADE\u00a0<\/strong>\u2013 Os dois concursos ter\u00e3o validade de dois anos, podendo ser prorrogado por mais dois. Isso significa que mais candidatos poder\u00e3o ser chamados no per\u00edodo, al\u00e9m das 260 vagas iniciais.<\/p>\n","protected":false},"excerpt":{"rendered":"<p>O governador Carlos Massa Ratinho Junior anunciou nesta quarta-feira (03) a realiza\u00e7\u00e3o de um concurso p\u00fablico em 2024 com 253 vagas para o Quadro Pr\u00f3prio do Poder Executivo (QPPE), que \u00e9 o quadro com profissionais de v\u00e1rias especializa\u00e7\u00f5es distintas que trabalham em diversas secretarias. Os sal\u00e1rios iniciais variam de R$ 4.231,60 a R$ 7.616,88, al\u00e9m [&hellip;]<\/p>\n","protected":false},"author":1,"featured_media":1922,"comment_status":"open","ping_status":"open","sticky":false,"template":"","format":"standard","meta":{"footnotes":""},"categories":[5],"tags":[],"class_list":["post-1921","post","type-post","status-publish","format-standard","has-post-thumbnail","hentry","category-parana"],"yoast_head":"<!-- This site is optimized with the Yoast SEO plugin v27.4 - https:\/\/yoast.com\/product\/yoast-seo-wordpress\/ -->\n<title>Estado do Paran\u00e1 anuncia concursos p\u00fablicos com 260 vagas para v\u00e1rias fun\u00e7\u00f5es - Deputado Adriano Jos\u00e9<\/title>\n<meta name=\"robots\" content=\"index, follow, max-snippet:-1, max-image-preview:large, max-video-preview:-1\" \/>\n<link rel=\"canonical\" href=\"https:\/\/soldadoadrianojose.com.br\/index.php\/2024\/01\/03\/estado-do-parana-anuncia-concursos-publicos-com-260-vagas-para-varias-funcoes\/\" \/>\n<meta property=\"og:locale\" content=\"pt_BR\" \/>\n<meta property=\"og:type\" content=\"article\" \/>\n<meta property=\"og:title\" content=\"Estado do Paran\u00e1 anuncia concursos p\u00fablicos com 260 vagas para v\u00e1rias fun\u00e7\u00f5es - Deputado Adriano Jos\u00e9\" \/>\n<meta property=\"og:description\" content=\"O governador Carlos Massa Ratinho Junior anunciou nesta quarta-feira (03) a realiza\u00e7\u00e3o de um concurso p\u00fablico em 2024 com 253 vagas para o Quadro Pr\u00f3prio do Poder Executivo (QPPE), que \u00e9 o quadro com profissionais de v\u00e1rias especializa\u00e7\u00f5es distintas que trabalham em diversas secretarias. Os sal\u00e1rios iniciais variam de R$ 4.231,60 a R$ 7.616,88, al\u00e9m [&hellip;]\" \/>\n<meta property=\"og:url\" content=\"https:\/\/soldadoadrianojose.com.br\/index.php\/2024\/01\/03\/estado-do-parana-anuncia-concursos-publicos-com-260-vagas-para-varias-funcoes\/\" \/>\n<meta property=\"og:site_name\" content=\"Deputado Adriano Jos\u00e9\" \/>\n<meta property=\"article:published_time\" content=\"2024-01-03T18:17:02+00:00\" \/>\n<meta property=\"article:modified_time\" content=\"2024-01-03T18:17:04+00:00\" \/>\n<meta property=\"og:image\" content=\"https:\/\/soldadoadrianojose.com.br\/wp-content\/uploads\/2024\/01\/40704c3d-bba3-4486-90d5-258cb5e60914.jpeg\" \/>\n\t<meta property=\"og:image:width\" content=\"700\" \/>\n\t<meta property=\"og:image:height\" content=\"542\" \/>\n\t<meta property=\"og:image:type\" content=\"image\/jpeg\" \/>\n<meta name=\"author\" content=\"soldadoadrianojose\" \/>\n<meta name=\"twitter:card\" content=\"summary_large_image\" \/>\n<meta name=\"twitter:label1\" content=\"Escrito por\" \/>\n\t<meta name=\"twitter:data1\" content=\"soldadoadrianojose\" \/>\n\t<meta name=\"twitter:label2\" content=\"Est. tempo de leitura\" \/>\n\t<meta name=\"twitter:data2\" content=\"5 minutos\" \/>\n<script type=\"application\/ld+json\" class=\"yoast-schema-graph\">{\"@context\":\"https:\\\/\\\/schema.org\",\"@graph\":[{\"@type\":\"Article\",\"@id\":\"https:\\\/\\\/soldadoadrianojose.com.br\\\/index.php\\\/2024\\\/01\\\/03\\\/estado-do-parana-anuncia-concursos-publicos-com-260-vagas-para-varias-funcoes\\\/#article\",\"isPartOf\":{\"@id\":\"https:\\\/\\\/soldadoadrianojose.com.br\\\/index.php\\\/2024\\\/01\\\/03\\\/estado-do-parana-anuncia-concursos-publicos-com-260-vagas-para-varias-funcoes\\\/\"},\"author\":{\"name\":\"soldadoadrianojose\",\"@id\":\"https:\\\/\\\/soldadoadrianojose.com.br\\\/#\\\/schema\\\/person\\\/16f8e8defb7a4bd6c6082efcd1bdb6bb\"},\"headline\":\"Estado do Paran\u00e1 anuncia concursos p\u00fablicos com 260 vagas para v\u00e1rias fun\u00e7\u00f5es\",\"datePublished\":\"2024-01-03T18:17:02+00:00\",\"dateModified\":\"2024-01-03T18:17:04+00:00\",\"mainEntityOfPage\":{\"@id\":\"https:\\\/\\\/soldadoadrianojose.com.br\\\/index.php\\\/2024\\\/01\\\/03\\\/estado-do-parana-anuncia-concursos-publicos-com-260-vagas-para-varias-funcoes\\\/\"},\"wordCount\":837,\"commentCount\":0,\"publisher\":{\"@id\":\"https:\\\/\\\/soldadoadrianojose.com.br\\\/#\\\/schema\\\/person\\\/16f8e8defb7a4bd6c6082efcd1bdb6bb\"},\"image\":{\"@id\":\"https:\\\/\\\/soldadoadrianojose.com.br\\\/index.php\\\/2024\\\/01\\\/03\\\/estado-do-parana-anuncia-concursos-publicos-com-260-vagas-para-varias-funcoes\\\/#primaryimage\"},\"thumbnailUrl\":\"https:\\\/\\\/soldadoadrianojose.com.br\\\/wp-content\\\/uploads\\\/2024\\\/01\\\/40704c3d-bba3-4486-90d5-258cb5e60914.jpeg\",\"articleSection\":[\"PARAN\u00c1\"],\"inLanguage\":\"pt-BR\",\"potentialAction\":[{\"@type\":\"CommentAction\",\"name\":\"Comment\",\"target\":[\"https:\\\/\\\/soldadoadrianojose.com.br\\\/index.php\\\/2024\\\/01\\\/03\\\/estado-do-parana-anuncia-concursos-publicos-com-260-vagas-para-varias-funcoes\\\/#respond\"]}]},{\"@type\":\"WebPage\",\"@id\":\"https:\\\/\\\/soldadoadrianojose.com.br\\\/index.php\\\/2024\\\/01\\\/03\\\/estado-do-parana-anuncia-concursos-publicos-com-260-vagas-para-varias-funcoes\\\/\",\"url\":\"https:\\\/\\\/soldadoadrianojose.com.br\\\/index.php\\\/2024\\\/01\\\/03\\\/estado-do-parana-anuncia-concursos-publicos-com-260-vagas-para-varias-funcoes\\\/\",\"name\":\"Estado do Paran\u00e1 anuncia concursos p\u00fablicos com 260 vagas para v\u00e1rias fun\u00e7\u00f5es - Deputado Adriano Jos\u00e9\",\"isPartOf\":{\"@id\":\"https:\\\/\\\/soldadoadrianojose.com.br\\\/#website\"},\"primaryImageOfPage\":{\"@id\":\"https:\\\/\\\/soldadoadrianojose.com.br\\\/index.php\\\/2024\\\/01\\\/03\\\/estado-do-parana-anuncia-concursos-publicos-com-260-vagas-para-varias-funcoes\\\/#primaryimage\"},\"image\":{\"@id\":\"https:\\\/\\\/soldadoadrianojose.com.br\\\/index.php\\\/2024\\\/01\\\/03\\\/estado-do-parana-anuncia-concursos-publicos-com-260-vagas-para-varias-funcoes\\\/#primaryimage\"},\"thumbnailUrl\":\"https:\\\/\\\/soldadoadrianojose.com.br\\\/wp-content\\\/uploads\\\/2024\\\/01\\\/40704c3d-bba3-4486-90d5-258cb5e60914.jpeg\",\"datePublished\":\"2024-01-03T18:17:02+00:00\",\"dateModified\":\"2024-01-03T18:17:04+00:00\",\"breadcrumb\":{\"@id\":\"https:\\\/\\\/soldadoadrianojose.com.br\\\/index.php\\\/2024\\\/01\\\/03\\\/estado-do-parana-anuncia-concursos-publicos-com-260-vagas-para-varias-funcoes\\\/#breadcrumb\"},\"inLanguage\":\"pt-BR\",\"potentialAction\":[{\"@type\":\"ReadAction\",\"target\":[\"https:\\\/\\\/soldadoadrianojose.com.br\\\/index.php\\\/2024\\\/01\\\/03\\\/estado-do-parana-anuncia-concursos-publicos-com-260-vagas-para-varias-funcoes\\\/\"]}]},{\"@type\":\"ImageObject\",\"inLanguage\":\"pt-BR\",\"@id\":\"https:\\\/\\\/soldadoadrianojose.com.br\\\/index.php\\\/2024\\\/01\\\/03\\\/estado-do-parana-anuncia-concursos-publicos-com-260-vagas-para-varias-funcoes\\\/#primaryimage\",\"url\":\"https:\\\/\\\/soldadoadrianojose.com.br\\\/wp-content\\\/uploads\\\/2024\\\/01\\\/40704c3d-bba3-4486-90d5-258cb5e60914.jpeg\",\"contentUrl\":\"https:\\\/\\\/soldadoadrianojose.com.br\\\/wp-content\\\/uploads\\\/2024\\\/01\\\/40704c3d-bba3-4486-90d5-258cb5e60914.jpeg\",\"width\":700,\"height\":542},{\"@type\":\"BreadcrumbList\",\"@id\":\"https:\\\/\\\/soldadoadrianojose.com.br\\\/index.php\\\/2024\\\/01\\\/03\\\/estado-do-parana-anuncia-concursos-publicos-com-260-vagas-para-varias-funcoes\\\/#breadcrumb\",\"itemListElement\":[{\"@type\":\"ListItem\",\"position\":1,\"name\":\"In\u00edcio\",\"item\":\"https:\\\/\\\/soldadoadrianojose.com.br\\\/\"},{\"@type\":\"ListItem\",\"position\":2,\"name\":\"Estado do Paran\u00e1 anuncia concursos p\u00fablicos com 260 vagas para v\u00e1rias fun\u00e7\u00f5es\"}]},{\"@type\":\"WebSite\",\"@id\":\"https:\\\/\\\/soldadoadrianojose.com.br\\\/#website\",\"url\":\"https:\\\/\\\/soldadoadrianojose.com.br\\\/\",\"name\":\"Deputado Adriano Jos\u00e9\",\"description\":\"Nosso trabalho \u00e9 pelas pessoas\",\"publisher\":{\"@id\":\"https:\\\/\\\/soldadoadrianojose.com.br\\\/#\\\/schema\\\/person\\\/16f8e8defb7a4bd6c6082efcd1bdb6bb\"},\"potentialAction\":[{\"@type\":\"SearchAction\",\"target\":{\"@type\":\"EntryPoint\",\"urlTemplate\":\"https:\\\/\\\/soldadoadrianojose.com.br\\\/?s={search_term_string}\"},\"query-input\":{\"@type\":\"PropertyValueSpecification\",\"valueRequired\":true,\"valueName\":\"search_term_string\"}}],\"inLanguage\":\"pt-BR\"},{\"@type\":[\"Person\",\"Organization\"],\"@id\":\"https:\\\/\\\/soldadoadrianojose.com.br\\\/#\\\/schema\\\/person\\\/16f8e8defb7a4bd6c6082efcd1bdb6bb\",\"name\":\"soldadoadrianojose\",\"image\":{\"@type\":\"ImageObject\",\"inLanguage\":\"pt-BR\",\"@id\":\"https:\\\/\\\/soldadoadrianojose.com.br\\\/wp-content\\\/uploads\\\/2023\\\/02\\\/LOGO_CLEAR-5.png\",\"url\":\"https:\\\/\\\/soldadoadrianojose.com.br\\\/wp-content\\\/uploads\\\/2023\\\/02\\\/LOGO_CLEAR-5.png\",\"contentUrl\":\"https:\\\/\\\/soldadoadrianojose.com.br\\\/wp-content\\\/uploads\\\/2023\\\/02\\\/LOGO_CLEAR-5.png\",\"width\":3508,\"height\":998,\"caption\":\"soldadoadrianojose\"},\"logo\":{\"@id\":\"https:\\\/\\\/soldadoadrianojose.com.br\\\/wp-content\\\/uploads\\\/2023\\\/02\\\/LOGO_CLEAR-5.png\"},\"sameAs\":[\"https:\\\/\\\/soldadoadrianojose.com.br\"],\"url\":\"https:\\\/\\\/soldadoadrianojose.com.br\\\/index.php\\\/author\\\/soldadoadrianojose\\\/\"}]}<\/script>\n<!-- \/ Yoast SEO plugin. -->","yoast_head_json":{"title":"Estado do Paran\u00e1 anuncia concursos p\u00fablicos com 260 vagas para v\u00e1rias fun\u00e7\u00f5es - Deputado Adriano Jos\u00e9","robots":{"index":"index","follow":"follow","max-snippet":"max-snippet:-1","max-image-preview":"max-image-preview:large","max-video-preview":"max-video-preview:-1"},"canonical":"https:\/\/soldadoadrianojose.com.br\/index.php\/2024\/01\/03\/estado-do-parana-anuncia-concursos-publicos-com-260-vagas-para-varias-funcoes\/","og_locale":"pt_BR","og_type":"article","og_title":"Estado do Paran\u00e1 anuncia concursos p\u00fablicos com 260 vagas para v\u00e1rias fun\u00e7\u00f5es - Deputado Adriano Jos\u00e9","og_description":"O governador Carlos Massa Ratinho Junior anunciou nesta quarta-feira (03) a realiza\u00e7\u00e3o de um concurso p\u00fablico em 2024 com 253 vagas para o Quadro Pr\u00f3prio do Poder Executivo (QPPE), que \u00e9 o quadro com profissionais de v\u00e1rias especializa\u00e7\u00f5es distintas que trabalham em diversas secretarias. Os sal\u00e1rios iniciais variam de R$ 4.231,60 a R$ 7.616,88, al\u00e9m [&hellip;]","og_url":"https:\/\/soldadoadrianojose.com.br\/index.php\/2024\/01\/03\/estado-do-parana-anuncia-concursos-publicos-com-260-vagas-para-varias-funcoes\/","og_site_name":"Deputado Adriano Jos\u00e9","article_published_time":"2024-01-03T18:17:02+00:00","article_modified_time":"2024-01-03T18:17:04+00:00","og_image":[{"width":700,"height":542,"url":"https:\/\/soldadoadrianojose.com.br\/wp-content\/uploads\/2024\/01\/40704c3d-bba3-4486-90d5-258cb5e60914.jpeg","type":"image\/jpeg"}],"author":"soldadoadrianojose","twitter_card":"summary_large_image","twitter_misc":{"Escrito por":"soldadoadrianojose","Est. tempo de leitura":"5 minutos"},"schema":{"@context":"https:\/\/schema.org","@graph":[{"@type":"Article","@id":"https:\/\/soldadoadrianojose.com.br\/index.php\/2024\/01\/03\/estado-do-parana-anuncia-concursos-publicos-com-260-vagas-para-varias-funcoes\/#article","isPartOf":{"@id":"https:\/\/soldadoadrianojose.com.br\/index.php\/2024\/01\/03\/estado-do-parana-anuncia-concursos-publicos-com-260-vagas-para-varias-funcoes\/"},"author":{"name":"soldadoadrianojose","@id":"https:\/\/soldadoadrianojose.com.br\/#\/schema\/person\/16f8e8defb7a4bd6c6082efcd1bdb6bb"},"headline":"Estado do Paran\u00e1 anuncia concursos p\u00fablicos com 260 vagas para v\u00e1rias fun\u00e7\u00f5es","datePublished":"2024-01-03T18:17:02+00:00","dateModified":"2024-01-03T18:17:04+00:00","mainEntityOfPage":{"@id":"https:\/\/soldadoadrianojose.com.br\/index.php\/2024\/01\/03\/estado-do-parana-anuncia-concursos-publicos-com-260-vagas-para-varias-funcoes\/"},"wordCount":837,"commentCount":0,"publisher":{"@id":"https:\/\/soldadoadrianojose.com.br\/#\/schema\/person\/16f8e8defb7a4bd6c6082efcd1bdb6bb"},"image":{"@id":"https:\/\/soldadoadrianojose.com.br\/index.php\/2024\/01\/03\/estado-do-parana-anuncia-concursos-publicos-com-260-vagas-para-varias-funcoes\/#primaryimage"},"thumbnailUrl":"https:\/\/soldadoadrianojose.com.br\/wp-content\/uploads\/2024\/01\/40704c3d-bba3-4486-90d5-258cb5e60914.jpeg","articleSection":["PARAN\u00c1"],"inLanguage":"pt-BR","potentialAction":[{"@type":"CommentAction","name":"Comment","target":["https:\/\/soldadoadrianojose.com.br\/index.php\/2024\/01\/03\/estado-do-parana-anuncia-concursos-publicos-com-260-vagas-para-varias-funcoes\/#respond"]}]},{"@type":"WebPage","@id":"https:\/\/soldadoadrianojose.com.br\/index.php\/2024\/01\/03\/estado-do-parana-anuncia-concursos-publicos-com-260-vagas-para-varias-funcoes\/","url":"https:\/\/soldadoadrianojose.com.br\/index.php\/2024\/01\/03\/estado-do-parana-anuncia-concursos-publicos-com-260-vagas-para-varias-funcoes\/","name":"Estado do Paran\u00e1 anuncia concursos p\u00fablicos com 260 vagas para v\u00e1rias fun\u00e7\u00f5es - Deputado Adriano Jos\u00e9","isPartOf":{"@id":"https:\/\/soldadoadrianojose.com.br\/#website"},"primaryImageOfPage":{"@id":"https:\/\/soldadoadrianojose.com.br\/index.php\/2024\/01\/03\/estado-do-parana-anuncia-concursos-publicos-com-260-vagas-para-varias-funcoes\/#primaryimage"},"image":{"@id":"https:\/\/soldadoadrianojose.com.br\/index.php\/2024\/01\/03\/estado-do-parana-anuncia-concursos-publicos-com-260-vagas-para-varias-funcoes\/#primaryimage"},"thumbnailUrl":"https:\/\/soldadoadrianojose.com.br\/wp-content\/uploads\/2024\/01\/40704c3d-bba3-4486-90d5-258cb5e60914.jpeg","datePublished":"2024-01-03T18:17:02+00:00","dateModified":"2024-01-03T18:17:04+00:00","breadcrumb":{"@id":"https:\/\/soldadoadrianojose.com.br\/index.php\/2024\/01\/03\/estado-do-parana-anuncia-concursos-publicos-com-260-vagas-para-varias-funcoes\/#breadcrumb"},"inLanguage":"pt-BR","potentialAction":[{"@type":"ReadAction","target":["https:\/\/soldadoadrianojose.com.br\/index.php\/2024\/01\/03\/estado-do-parana-anuncia-concursos-publicos-com-260-vagas-para-varias-funcoes\/"]}]},{"@type":"ImageObject","inLanguage":"pt-BR","@id":"https:\/\/soldadoadrianojose.com.br\/index.php\/2024\/01\/03\/estado-do-parana-anuncia-concursos-publicos-com-260-vagas-para-varias-funcoes\/#primaryimage","url":"https:\/\/soldadoadrianojose.com.br\/wp-content\/uploads\/2024\/01\/40704c3d-bba3-4486-90d5-258cb5e60914.jpeg","contentUrl":"https:\/\/soldadoadrianojose.com.br\/wp-content\/uploads\/2024\/01\/40704c3d-bba3-4486-90d5-258cb5e60914.jpeg","width":700,"height":542},{"@type":"BreadcrumbList","@id":"https:\/\/soldadoadrianojose.com.br\/index.php\/2024\/01\/03\/estado-do-parana-anuncia-concursos-publicos-com-260-vagas-para-varias-funcoes\/#breadcrumb","itemListElement":[{"@type":"ListItem","position":1,"name":"In\u00edcio","item":"https:\/\/soldadoadrianojose.com.br\/"},{"@type":"ListItem","position":2,"name":"Estado do Paran\u00e1 anuncia concursos p\u00fablicos com 260 vagas para v\u00e1rias fun\u00e7\u00f5es"}]},{"@type":"WebSite","@id":"https:\/\/soldadoadrianojose.com.br\/#website","url":"https:\/\/soldadoadrianojose.com.br\/","name":"Deputado Adriano Jos\u00e9","description":"Nosso trabalho \u00e9 pelas pessoas","publisher":{"@id":"https:\/\/soldadoadrianojose.com.br\/#\/schema\/person\/16f8e8defb7a4bd6c6082efcd1bdb6bb"},"potentialAction":[{"@type":"SearchAction","target":{"@type":"EntryPoint","urlTemplate":"https:\/\/soldadoadrianojose.com.br\/?s={search_term_string}"},"query-input":{"@type":"PropertyValueSpecification","valueRequired":true,"valueName":"search_term_string"}}],"inLanguage":"pt-BR"},{"@type":["Person","Organization"],"@id":"https:\/\/soldadoadrianojose.com.br\/#\/schema\/person\/16f8e8defb7a4bd6c6082efcd1bdb6bb","name":"soldadoadrianojose","image":{"@type":"ImageObject","inLanguage":"pt-BR","@id":"https:\/\/soldadoadrianojose.com.br\/wp-content\/uploads\/2023\/02\/LOGO_CLEAR-5.png","url":"https:\/\/soldadoadrianojose.com.br\/wp-content\/uploads\/2023\/02\/LOGO_CLEAR-5.png","contentUrl":"https:\/\/soldadoadrianojose.com.br\/wp-content\/uploads\/2023\/02\/LOGO_CLEAR-5.png","width":3508,"height":998,"caption":"soldadoadrianojose"},"logo":{"@id":"https:\/\/soldadoadrianojose.com.br\/wp-content\/uploads\/2023\/02\/LOGO_CLEAR-5.png"},"sameAs":["https:\/\/soldadoadrianojose.com.br"],"url":"https:\/\/soldadoadrianojose.com.br\/index.php\/author\/soldadoadrianojose\/"}]}},"jetpack_featured_media_url":"https:\/\/soldadoadrianojose.com.br\/wp-content\/uploads\/2024\/01\/40704c3d-bba3-4486-90d5-258cb5e60914.jpeg","_links":{"self":[{"href":"https:\/\/soldadoadrianojose.com.br\/index.php\/wp-json\/wp\/v2\/posts\/1921","targetHints":{"allow":["GET"]}}],"collection":[{"href":"https:\/\/soldadoadrianojose.com.br\/index.php\/wp-json\/wp\/v2\/posts"}],"about":[{"href":"https:\/\/soldadoadrianojose.com.br\/index.php\/wp-json\/wp\/v2\/types\/post"}],"author":[{"embeddable":true,"href":"https:\/\/soldadoadrianojose.com.br\/index.php\/wp-json\/wp\/v2\/users\/1"}],"replies":[{"embeddable":true,"href":"https:\/\/soldadoadrianojose.com.br\/index.php\/wp-json\/wp\/v2\/comments?post=1921"}],"version-history":[{"count":1,"href":"https:\/\/soldadoadrianojose.com.br\/index.php\/wp-json\/wp\/v2\/posts\/1921\/revisions"}],"predecessor-version":[{"id":1923,"href":"https:\/\/soldadoadrianojose.com.br\/index.php\/wp-json\/wp\/v2\/posts\/1921\/revisions\/1923"}],"wp:featuredmedia":[{"embeddable":true,"href":"https:\/\/soldadoadrianojose.com.br\/index.php\/wp-json\/wp\/v2\/media\/1922"}],"wp:attachment":[{"href":"https:\/\/soldadoadrianojose.com.br\/index.php\/wp-json\/wp\/v2\/media?parent=1921"}],"wp:term":[{"taxonomy":"category","embeddable":true,"href":"https:\/\/soldadoadrianojose.com.br\/index.php\/wp-json\/wp\/v2\/categories?post=1921"},{"taxonomy":"post_tag","embeddable":true,"href":"https:\/\/soldadoadrianojose.com.br\/index.php\/wp-json\/wp\/v2\/tags?post=1921"}],"curies":[{"name":"wp","href":"https:\/\/api.w.org\/{rel}","templated":true}]}}