{"id":1931,"date":"2024-01-19T08:51:01","date_gmt":"2024-01-19T11:51:01","guid":{"rendered":"https:\/\/soldadoadrianojose.com.br\/?p=1931"},"modified":"2024-01-19T08:51:11","modified_gmt":"2024-01-19T11:51:11","slug":"inscricoes-para-militares-que-desejam-atuar-nas-escolas-civico-militares-estao-abertas","status":"publish","type":"post","link":"https:\/\/soldadoadrianojose.com.br\/index.php\/2024\/01\/19\/inscricoes-para-militares-que-desejam-atuar-nas-escolas-civico-militares-estao-abertas\/","title":{"rendered":"Inscri\u00e7\u00f5es para militares que desejam atuar nas escolas c\u00edvico-militares est\u00e3o abertas"},"content":{"rendered":"\n<p>A Secretaria de Educa\u00e7\u00e3o do Estado do Paran\u00e1 (Seed-PR) anunciou a abertura de inscri\u00e7\u00f5es de militares da reserva interessados em desempenhar o papel de monitores nas escolas c\u00edvico-militares, recebendo um sal\u00e1rio de R$ 5.500,00 a partir do ano de 2024.<\/p>\n\n\n\n<p>\u201cA realiza\u00e7\u00e3o desta&nbsp;inscri\u00e7\u00e3o para monitores nas escolas c\u00edvico-militares&nbsp;\u00e9 uma excelente iniciativa, permitindo que os militares da reserva designados contribuam para educa\u00e7\u00e3o integral dos estudantes, promovendo a constru\u00e7\u00e3o de um ambiente educacional enriquecedor e refor\u00e7ado de valores c\u00edvicos\u201d, declarou o&nbsp;deputado Adriano Jos\u00e9.<\/p>\n\n\n\n<p>As inscri\u00e7\u00f5es ser\u00e3o efetuadas exclusivamente online, no per\u00edodo de 15 de janeiro a 16 de fevereiro. O edital do processo seletivo, j\u00e1 dispon\u00edvel, tem como objetivo a forma\u00e7\u00e3o de um cadastro de reserva, ou eventual chamamento imediato conforme a demanda das escolas.<\/p>\n\n\n\n<p>O edital abrange os 312 col\u00e9gios c\u00edvico-militares no Paran\u00e1, disponibilizando um total de 596 vagas para candidatos interessados em contribuir para a forma\u00e7\u00e3o c\u00edvica e educacional dos alunos.<\/p>\n\n\n\n<p>Informa\u00e7\u00f5es detalhadas sobre o processo, contendo o passo a passo devido para o preenchimento do formul\u00e1rio de inscri\u00e7\u00e3o, encontram-se dispon\u00edveis na p\u00e1gina da Seed-PR. Os requisitos, formalizados ap\u00f3s o encerramento das inscri\u00e7\u00f5es, incluem a apresenta\u00e7\u00e3o de certid\u00f5es e a subsequente realiza\u00e7\u00e3o de exames cl\u00ednicos, seguindo as orienta\u00e7\u00f5es estabelecidas no edital.<\/p>\n","protected":false},"excerpt":{"rendered":"<p>A Secretaria de Educa\u00e7\u00e3o do Estado do Paran\u00e1 (Seed-PR) anunciou a abertura de inscri\u00e7\u00f5es de militares da reserva interessados em desempenhar o papel de monitores nas escolas c\u00edvico-militares, recebendo um sal\u00e1rio de R$ 5.500,00 a partir do ano de 2024. \u201cA realiza\u00e7\u00e3o desta&nbsp;inscri\u00e7\u00e3o para monitores nas escolas c\u00edvico-militares&nbsp;\u00e9 uma excelente iniciativa, permitindo que os militares [&hellip;]<\/p>\n","protected":false},"author":1,"featured_media":1932,"comment_status":"open","ping_status":"open","sticky":false,"template":"","format":"standard","meta":{"footnotes":""},"categories":[5],"tags":[],"class_list":["post-1931","post","type-post","status-publish","format-standard","has-post-thumbnail","hentry","category-parana"],"yoast_head":"<!-- This site is optimized with the Yoast SEO plugin v27.4 - https:\/\/yoast.com\/product\/yoast-seo-wordpress\/ -->\n<title>Inscri\u00e7\u00f5es para militares que desejam atuar nas escolas c\u00edvico-militares est\u00e3o abertas - Deputado Adriano Jos\u00e9<\/title>\n<meta name=\"robots\" content=\"index, follow, max-snippet:-1, max-image-preview:large, max-video-preview:-1\" \/>\n<link rel=\"canonical\" href=\"https:\/\/soldadoadrianojose.com.br\/index.php\/2024\/01\/19\/inscricoes-para-militares-que-desejam-atuar-nas-escolas-civico-militares-estao-abertas\/\" \/>\n<meta property=\"og:locale\" content=\"pt_BR\" \/>\n<meta property=\"og:type\" content=\"article\" \/>\n<meta property=\"og:title\" content=\"Inscri\u00e7\u00f5es para militares que desejam atuar nas escolas c\u00edvico-militares est\u00e3o abertas - Deputado Adriano Jos\u00e9\" \/>\n<meta property=\"og:description\" content=\"A Secretaria de Educa\u00e7\u00e3o do Estado do Paran\u00e1 (Seed-PR) anunciou a abertura de inscri\u00e7\u00f5es de militares da reserva interessados em desempenhar o papel de monitores nas escolas c\u00edvico-militares, recebendo um sal\u00e1rio de R$ 5.500,00 a partir do ano de 2024. \u201cA realiza\u00e7\u00e3o desta&nbsp;inscri\u00e7\u00e3o para monitores nas escolas c\u00edvico-militares&nbsp;\u00e9 uma excelente iniciativa, permitindo que os militares [&hellip;]\" \/>\n<meta property=\"og:url\" content=\"https:\/\/soldadoadrianojose.com.br\/index.php\/2024\/01\/19\/inscricoes-para-militares-que-desejam-atuar-nas-escolas-civico-militares-estao-abertas\/\" \/>\n<meta property=\"og:site_name\" content=\"Deputado Adriano Jos\u00e9\" \/>\n<meta property=\"article:published_time\" content=\"2024-01-19T11:51:01+00:00\" \/>\n<meta property=\"article:modified_time\" content=\"2024-01-19T11:51:11+00:00\" \/>\n<meta property=\"og:image\" content=\"https:\/\/soldadoadrianojose.com.br\/wp-content\/uploads\/2024\/01\/a648d2268dea44118bb9d40f6ce104dc_65a6ad49004cf.jpeg\" \/>\n\t<meta property=\"og:image:width\" content=\"1305\" \/>\n\t<meta property=\"og:image:height\" content=\"870\" \/>\n\t<meta property=\"og:image:type\" content=\"image\/jpeg\" \/>\n<meta name=\"author\" content=\"soldadoadrianojose\" \/>\n<meta name=\"twitter:card\" content=\"summary_large_image\" \/>\n<meta name=\"twitter:label1\" content=\"Escrito por\" \/>\n\t<meta name=\"twitter:data1\" content=\"soldadoadrianojose\" \/>\n\t<meta name=\"twitter:label2\" content=\"Est. tempo de leitura\" \/>\n\t<meta name=\"twitter:data2\" content=\"2 minutos\" \/>\n<script type=\"application\/ld+json\" class=\"yoast-schema-graph\">{\"@context\":\"https:\\\/\\\/schema.org\",\"@graph\":[{\"@type\":\"Article\",\"@id\":\"https:\\\/\\\/soldadoadrianojose.com.br\\\/index.php\\\/2024\\\/01\\\/19\\\/inscricoes-para-militares-que-desejam-atuar-nas-escolas-civico-militares-estao-abertas\\\/#article\",\"isPartOf\":{\"@id\":\"https:\\\/\\\/soldadoadrianojose.com.br\\\/index.php\\\/2024\\\/01\\\/19\\\/inscricoes-para-militares-que-desejam-atuar-nas-escolas-civico-militares-estao-abertas\\\/\"},\"author\":{\"name\":\"soldadoadrianojose\",\"@id\":\"https:\\\/\\\/soldadoadrianojose.com.br\\\/#\\\/schema\\\/person\\\/16f8e8defb7a4bd6c6082efcd1bdb6bb\"},\"headline\":\"Inscri\u00e7\u00f5es para militares que desejam atuar nas escolas c\u00edvico-militares est\u00e3o abertas\",\"datePublished\":\"2024-01-19T11:51:01+00:00\",\"dateModified\":\"2024-01-19T11:51:11+00:00\",\"mainEntityOfPage\":{\"@id\":\"https:\\\/\\\/soldadoadrianojose.com.br\\\/index.php\\\/2024\\\/01\\\/19\\\/inscricoes-para-militares-que-desejam-atuar-nas-escolas-civico-militares-estao-abertas\\\/\"},\"wordCount\":246,\"commentCount\":0,\"publisher\":{\"@id\":\"https:\\\/\\\/soldadoadrianojose.com.br\\\/#\\\/schema\\\/person\\\/16f8e8defb7a4bd6c6082efcd1bdb6bb\"},\"image\":{\"@id\":\"https:\\\/\\\/soldadoadrianojose.com.br\\\/index.php\\\/2024\\\/01\\\/19\\\/inscricoes-para-militares-que-desejam-atuar-nas-escolas-civico-militares-estao-abertas\\\/#primaryimage\"},\"thumbnailUrl\":\"https:\\\/\\\/soldadoadrianojose.com.br\\\/wp-content\\\/uploads\\\/2024\\\/01\\\/a648d2268dea44118bb9d40f6ce104dc_65a6ad49004cf.jpeg\",\"articleSection\":[\"PARAN\u00c1\"],\"inLanguage\":\"pt-BR\",\"potentialAction\":[{\"@type\":\"CommentAction\",\"name\":\"Comment\",\"target\":[\"https:\\\/\\\/soldadoadrianojose.com.br\\\/index.php\\\/2024\\\/01\\\/19\\\/inscricoes-para-militares-que-desejam-atuar-nas-escolas-civico-militares-estao-abertas\\\/#respond\"]}]},{\"@type\":\"WebPage\",\"@id\":\"https:\\\/\\\/soldadoadrianojose.com.br\\\/index.php\\\/2024\\\/01\\\/19\\\/inscricoes-para-militares-que-desejam-atuar-nas-escolas-civico-militares-estao-abertas\\\/\",\"url\":\"https:\\\/\\\/soldadoadrianojose.com.br\\\/index.php\\\/2024\\\/01\\\/19\\\/inscricoes-para-militares-que-desejam-atuar-nas-escolas-civico-militares-estao-abertas\\\/\",\"name\":\"Inscri\u00e7\u00f5es para militares que desejam atuar nas escolas c\u00edvico-militares est\u00e3o abertas - Deputado Adriano Jos\u00e9\",\"isPartOf\":{\"@id\":\"https:\\\/\\\/soldadoadrianojose.com.br\\\/#website\"},\"primaryImageOfPage\":{\"@id\":\"https:\\\/\\\/soldadoadrianojose.com.br\\\/index.php\\\/2024\\\/01\\\/19\\\/inscricoes-para-militares-que-desejam-atuar-nas-escolas-civico-militares-estao-abertas\\\/#primaryimage\"},\"image\":{\"@id\":\"https:\\\/\\\/soldadoadrianojose.com.br\\\/index.php\\\/2024\\\/01\\\/19\\\/inscricoes-para-militares-que-desejam-atuar-nas-escolas-civico-militares-estao-abertas\\\/#primaryimage\"},\"thumbnailUrl\":\"https:\\\/\\\/soldadoadrianojose.com.br\\\/wp-content\\\/uploads\\\/2024\\\/01\\\/a648d2268dea44118bb9d40f6ce104dc_65a6ad49004cf.jpeg\",\"datePublished\":\"2024-01-19T11:51:01+00:00\",\"dateModified\":\"2024-01-19T11:51:11+00:00\",\"breadcrumb\":{\"@id\":\"https:\\\/\\\/soldadoadrianojose.com.br\\\/index.php\\\/2024\\\/01\\\/19\\\/inscricoes-para-militares-que-desejam-atuar-nas-escolas-civico-militares-estao-abertas\\\/#breadcrumb\"},\"inLanguage\":\"pt-BR\",\"potentialAction\":[{\"@type\":\"ReadAction\",\"target\":[\"https:\\\/\\\/soldadoadrianojose.com.br\\\/index.php\\\/2024\\\/01\\\/19\\\/inscricoes-para-militares-que-desejam-atuar-nas-escolas-civico-militares-estao-abertas\\\/\"]}]},{\"@type\":\"ImageObject\",\"inLanguage\":\"pt-BR\",\"@id\":\"https:\\\/\\\/soldadoadrianojose.com.br\\\/index.php\\\/2024\\\/01\\\/19\\\/inscricoes-para-militares-que-desejam-atuar-nas-escolas-civico-militares-estao-abertas\\\/#primaryimage\",\"url\":\"https:\\\/\\\/soldadoadrianojose.com.br\\\/wp-content\\\/uploads\\\/2024\\\/01\\\/a648d2268dea44118bb9d40f6ce104dc_65a6ad49004cf.jpeg\",\"contentUrl\":\"https:\\\/\\\/soldadoadrianojose.com.br\\\/wp-content\\\/uploads\\\/2024\\\/01\\\/a648d2268dea44118bb9d40f6ce104dc_65a6ad49004cf.jpeg\",\"width\":1305,\"height\":870,\"caption\":\"Foto: Lucas Fermin\\\/SEED-PR\"},{\"@type\":\"BreadcrumbList\",\"@id\":\"https:\\\/\\\/soldadoadrianojose.com.br\\\/index.php\\\/2024\\\/01\\\/19\\\/inscricoes-para-militares-que-desejam-atuar-nas-escolas-civico-militares-estao-abertas\\\/#breadcrumb\",\"itemListElement\":[{\"@type\":\"ListItem\",\"position\":1,\"name\":\"In\u00edcio\",\"item\":\"https:\\\/\\\/soldadoadrianojose.com.br\\\/\"},{\"@type\":\"ListItem\",\"position\":2,\"name\":\"Inscri\u00e7\u00f5es para militares que desejam atuar nas escolas c\u00edvico-militares est\u00e3o abertas\"}]},{\"@type\":\"WebSite\",\"@id\":\"https:\\\/\\\/soldadoadrianojose.com.br\\\/#website\",\"url\":\"https:\\\/\\\/soldadoadrianojose.com.br\\\/\",\"name\":\"Deputado Adriano Jos\u00e9\",\"description\":\"Nosso trabalho \u00e9 pelas pessoas\",\"publisher\":{\"@id\":\"https:\\\/\\\/soldadoadrianojose.com.br\\\/#\\\/schema\\\/person\\\/16f8e8defb7a4bd6c6082efcd1bdb6bb\"},\"potentialAction\":[{\"@type\":\"SearchAction\",\"target\":{\"@type\":\"EntryPoint\",\"urlTemplate\":\"https:\\\/\\\/soldadoadrianojose.com.br\\\/?s={search_term_string}\"},\"query-input\":{\"@type\":\"PropertyValueSpecification\",\"valueRequired\":true,\"valueName\":\"search_term_string\"}}],\"inLanguage\":\"pt-BR\"},{\"@type\":[\"Person\",\"Organization\"],\"@id\":\"https:\\\/\\\/soldadoadrianojose.com.br\\\/#\\\/schema\\\/person\\\/16f8e8defb7a4bd6c6082efcd1bdb6bb\",\"name\":\"soldadoadrianojose\",\"image\":{\"@type\":\"ImageObject\",\"inLanguage\":\"pt-BR\",\"@id\":\"https:\\\/\\\/soldadoadrianojose.com.br\\\/wp-content\\\/uploads\\\/2023\\\/02\\\/LOGO_CLEAR-5.png\",\"url\":\"https:\\\/\\\/soldadoadrianojose.com.br\\\/wp-content\\\/uploads\\\/2023\\\/02\\\/LOGO_CLEAR-5.png\",\"contentUrl\":\"https:\\\/\\\/soldadoadrianojose.com.br\\\/wp-content\\\/uploads\\\/2023\\\/02\\\/LOGO_CLEAR-5.png\",\"width\":3508,\"height\":998,\"caption\":\"soldadoadrianojose\"},\"logo\":{\"@id\":\"https:\\\/\\\/soldadoadrianojose.com.br\\\/wp-content\\\/uploads\\\/2023\\\/02\\\/LOGO_CLEAR-5.png\"},\"sameAs\":[\"https:\\\/\\\/soldadoadrianojose.com.br\"],\"url\":\"https:\\\/\\\/soldadoadrianojose.com.br\\\/index.php\\\/author\\\/soldadoadrianojose\\\/\"}]}<\/script>\n<!-- \/ Yoast SEO plugin. -->","yoast_head_json":{"title":"Inscri\u00e7\u00f5es para militares que desejam atuar nas escolas c\u00edvico-militares est\u00e3o abertas - Deputado Adriano Jos\u00e9","robots":{"index":"index","follow":"follow","max-snippet":"max-snippet:-1","max-image-preview":"max-image-preview:large","max-video-preview":"max-video-preview:-1"},"canonical":"https:\/\/soldadoadrianojose.com.br\/index.php\/2024\/01\/19\/inscricoes-para-militares-que-desejam-atuar-nas-escolas-civico-militares-estao-abertas\/","og_locale":"pt_BR","og_type":"article","og_title":"Inscri\u00e7\u00f5es para militares que desejam atuar nas escolas c\u00edvico-militares est\u00e3o abertas - Deputado Adriano Jos\u00e9","og_description":"A Secretaria de Educa\u00e7\u00e3o do Estado do Paran\u00e1 (Seed-PR) anunciou a abertura de inscri\u00e7\u00f5es de militares da reserva interessados em desempenhar o papel de monitores nas escolas c\u00edvico-militares, recebendo um sal\u00e1rio de R$ 5.500,00 a partir do ano de 2024. \u201cA realiza\u00e7\u00e3o desta&nbsp;inscri\u00e7\u00e3o para monitores nas escolas c\u00edvico-militares&nbsp;\u00e9 uma excelente iniciativa, permitindo que os militares [&hellip;]","og_url":"https:\/\/soldadoadrianojose.com.br\/index.php\/2024\/01\/19\/inscricoes-para-militares-que-desejam-atuar-nas-escolas-civico-militares-estao-abertas\/","og_site_name":"Deputado Adriano Jos\u00e9","article_published_time":"2024-01-19T11:51:01+00:00","article_modified_time":"2024-01-19T11:51:11+00:00","og_image":[{"width":1305,"height":870,"url":"https:\/\/soldadoadrianojose.com.br\/wp-content\/uploads\/2024\/01\/a648d2268dea44118bb9d40f6ce104dc_65a6ad49004cf.jpeg","type":"image\/jpeg"}],"author":"soldadoadrianojose","twitter_card":"summary_large_image","twitter_misc":{"Escrito por":"soldadoadrianojose","Est. tempo de leitura":"2 minutos"},"schema":{"@context":"https:\/\/schema.org","@graph":[{"@type":"Article","@id":"https:\/\/soldadoadrianojose.com.br\/index.php\/2024\/01\/19\/inscricoes-para-militares-que-desejam-atuar-nas-escolas-civico-militares-estao-abertas\/#article","isPartOf":{"@id":"https:\/\/soldadoadrianojose.com.br\/index.php\/2024\/01\/19\/inscricoes-para-militares-que-desejam-atuar-nas-escolas-civico-militares-estao-abertas\/"},"author":{"name":"soldadoadrianojose","@id":"https:\/\/soldadoadrianojose.com.br\/#\/schema\/person\/16f8e8defb7a4bd6c6082efcd1bdb6bb"},"headline":"Inscri\u00e7\u00f5es para militares que desejam atuar nas escolas c\u00edvico-militares est\u00e3o abertas","datePublished":"2024-01-19T11:51:01+00:00","dateModified":"2024-01-19T11:51:11+00:00","mainEntityOfPage":{"@id":"https:\/\/soldadoadrianojose.com.br\/index.php\/2024\/01\/19\/inscricoes-para-militares-que-desejam-atuar-nas-escolas-civico-militares-estao-abertas\/"},"wordCount":246,"commentCount":0,"publisher":{"@id":"https:\/\/soldadoadrianojose.com.br\/#\/schema\/person\/16f8e8defb7a4bd6c6082efcd1bdb6bb"},"image":{"@id":"https:\/\/soldadoadrianojose.com.br\/index.php\/2024\/01\/19\/inscricoes-para-militares-que-desejam-atuar-nas-escolas-civico-militares-estao-abertas\/#primaryimage"},"thumbnailUrl":"https:\/\/soldadoadrianojose.com.br\/wp-content\/uploads\/2024\/01\/a648d2268dea44118bb9d40f6ce104dc_65a6ad49004cf.jpeg","articleSection":["PARAN\u00c1"],"inLanguage":"pt-BR","potentialAction":[{"@type":"CommentAction","name":"Comment","target":["https:\/\/soldadoadrianojose.com.br\/index.php\/2024\/01\/19\/inscricoes-para-militares-que-desejam-atuar-nas-escolas-civico-militares-estao-abertas\/#respond"]}]},{"@type":"WebPage","@id":"https:\/\/soldadoadrianojose.com.br\/index.php\/2024\/01\/19\/inscricoes-para-militares-que-desejam-atuar-nas-escolas-civico-militares-estao-abertas\/","url":"https:\/\/soldadoadrianojose.com.br\/index.php\/2024\/01\/19\/inscricoes-para-militares-que-desejam-atuar-nas-escolas-civico-militares-estao-abertas\/","name":"Inscri\u00e7\u00f5es para militares que desejam atuar nas escolas c\u00edvico-militares est\u00e3o abertas - Deputado Adriano Jos\u00e9","isPartOf":{"@id":"https:\/\/soldadoadrianojose.com.br\/#website"},"primaryImageOfPage":{"@id":"https:\/\/soldadoadrianojose.com.br\/index.php\/2024\/01\/19\/inscricoes-para-militares-que-desejam-atuar-nas-escolas-civico-militares-estao-abertas\/#primaryimage"},"image":{"@id":"https:\/\/soldadoadrianojose.com.br\/index.php\/2024\/01\/19\/inscricoes-para-militares-que-desejam-atuar-nas-escolas-civico-militares-estao-abertas\/#primaryimage"},"thumbnailUrl":"https:\/\/soldadoadrianojose.com.br\/wp-content\/uploads\/2024\/01\/a648d2268dea44118bb9d40f6ce104dc_65a6ad49004cf.jpeg","datePublished":"2024-01-19T11:51:01+00:00","dateModified":"2024-01-19T11:51:11+00:00","breadcrumb":{"@id":"https:\/\/soldadoadrianojose.com.br\/index.php\/2024\/01\/19\/inscricoes-para-militares-que-desejam-atuar-nas-escolas-civico-militares-estao-abertas\/#breadcrumb"},"inLanguage":"pt-BR","potentialAction":[{"@type":"ReadAction","target":["https:\/\/soldadoadrianojose.com.br\/index.php\/2024\/01\/19\/inscricoes-para-militares-que-desejam-atuar-nas-escolas-civico-militares-estao-abertas\/"]}]},{"@type":"ImageObject","inLanguage":"pt-BR","@id":"https:\/\/soldadoadrianojose.com.br\/index.php\/2024\/01\/19\/inscricoes-para-militares-que-desejam-atuar-nas-escolas-civico-militares-estao-abertas\/#primaryimage","url":"https:\/\/soldadoadrianojose.com.br\/wp-content\/uploads\/2024\/01\/a648d2268dea44118bb9d40f6ce104dc_65a6ad49004cf.jpeg","contentUrl":"https:\/\/soldadoadrianojose.com.br\/wp-content\/uploads\/2024\/01\/a648d2268dea44118bb9d40f6ce104dc_65a6ad49004cf.jpeg","width":1305,"height":870,"caption":"Foto: Lucas Fermin\/SEED-PR"},{"@type":"BreadcrumbList","@id":"https:\/\/soldadoadrianojose.com.br\/index.php\/2024\/01\/19\/inscricoes-para-militares-que-desejam-atuar-nas-escolas-civico-militares-estao-abertas\/#breadcrumb","itemListElement":[{"@type":"ListItem","position":1,"name":"In\u00edcio","item":"https:\/\/soldadoadrianojose.com.br\/"},{"@type":"ListItem","position":2,"name":"Inscri\u00e7\u00f5es para militares que desejam atuar nas escolas c\u00edvico-militares est\u00e3o abertas"}]},{"@type":"WebSite","@id":"https:\/\/soldadoadrianojose.com.br\/#website","url":"https:\/\/soldadoadrianojose.com.br\/","name":"Deputado Adriano Jos\u00e9","description":"Nosso trabalho \u00e9 pelas pessoas","publisher":{"@id":"https:\/\/soldadoadrianojose.com.br\/#\/schema\/person\/16f8e8defb7a4bd6c6082efcd1bdb6bb"},"potentialAction":[{"@type":"SearchAction","target":{"@type":"EntryPoint","urlTemplate":"https:\/\/soldadoadrianojose.com.br\/?s={search_term_string}"},"query-input":{"@type":"PropertyValueSpecification","valueRequired":true,"valueName":"search_term_string"}}],"inLanguage":"pt-BR"},{"@type":["Person","Organization"],"@id":"https:\/\/soldadoadrianojose.com.br\/#\/schema\/person\/16f8e8defb7a4bd6c6082efcd1bdb6bb","name":"soldadoadrianojose","image":{"@type":"ImageObject","inLanguage":"pt-BR","@id":"https:\/\/soldadoadrianojose.com.br\/wp-content\/uploads\/2023\/02\/LOGO_CLEAR-5.png","url":"https:\/\/soldadoadrianojose.com.br\/wp-content\/uploads\/2023\/02\/LOGO_CLEAR-5.png","contentUrl":"https:\/\/soldadoadrianojose.com.br\/wp-content\/uploads\/2023\/02\/LOGO_CLEAR-5.png","width":3508,"height":998,"caption":"soldadoadrianojose"},"logo":{"@id":"https:\/\/soldadoadrianojose.com.br\/wp-content\/uploads\/2023\/02\/LOGO_CLEAR-5.png"},"sameAs":["https:\/\/soldadoadrianojose.com.br"],"url":"https:\/\/soldadoadrianojose.com.br\/index.php\/author\/soldadoadrianojose\/"}]}},"jetpack_featured_media_url":"https:\/\/soldadoadrianojose.com.br\/wp-content\/uploads\/2024\/01\/a648d2268dea44118bb9d40f6ce104dc_65a6ad49004cf.jpeg","_links":{"self":[{"href":"https:\/\/soldadoadrianojose.com.br\/index.php\/wp-json\/wp\/v2\/posts\/1931","targetHints":{"allow":["GET"]}}],"collection":[{"href":"https:\/\/soldadoadrianojose.com.br\/index.php\/wp-json\/wp\/v2\/posts"}],"about":[{"href":"https:\/\/soldadoadrianojose.com.br\/index.php\/wp-json\/wp\/v2\/types\/post"}],"author":[{"embeddable":true,"href":"https:\/\/soldadoadrianojose.com.br\/index.php\/wp-json\/wp\/v2\/users\/1"}],"replies":[{"embeddable":true,"href":"https:\/\/soldadoadrianojose.com.br\/index.php\/wp-json\/wp\/v2\/comments?post=1931"}],"version-history":[{"count":1,"href":"https:\/\/soldadoadrianojose.com.br\/index.php\/wp-json\/wp\/v2\/posts\/1931\/revisions"}],"predecessor-version":[{"id":1933,"href":"https:\/\/soldadoadrianojose.com.br\/index.php\/wp-json\/wp\/v2\/posts\/1931\/revisions\/1933"}],"wp:featuredmedia":[{"embeddable":true,"href":"https:\/\/soldadoadrianojose.com.br\/index.php\/wp-json\/wp\/v2\/media\/1932"}],"wp:attachment":[{"href":"https:\/\/soldadoadrianojose.com.br\/index.php\/wp-json\/wp\/v2\/media?parent=1931"}],"wp:term":[{"taxonomy":"category","embeddable":true,"href":"https:\/\/soldadoadrianojose.com.br\/index.php\/wp-json\/wp\/v2\/categories?post=1931"},{"taxonomy":"post_tag","embeddable":true,"href":"https:\/\/soldadoadrianojose.com.br\/index.php\/wp-json\/wp\/v2\/tags?post=1931"}],"curies":[{"name":"wp","href":"https:\/\/api.w.org\/{rel}","templated":true}]}}