{"id":1935,"date":"2024-01-22T12:33:19","date_gmt":"2024-01-22T15:33:19","guid":{"rendered":"https:\/\/soldadoadrianojose.com.br\/?p=1935"},"modified":"2024-01-22T12:33:22","modified_gmt":"2024-01-22T15:33:22","slug":"deputado-soldado-adriano-jose-pp-fala-sobre-expectativas-para-2024","status":"publish","type":"post","link":"https:\/\/soldadoadrianojose.com.br\/index.php\/2024\/01\/22\/deputado-soldado-adriano-jose-pp-fala-sobre-expectativas-para-2024\/","title":{"rendered":"Deputado Soldado Adriano Jos\u00e9 (PP) fala sobre expectativas para 2024"},"content":{"rendered":"\n<p>O deputado Soldado Adriano Jos\u00e9 (PP), afirma que entra em 2024 com grandes perspectivas em seu segundo ano do segundo mandato. Como presidente da comiss\u00e3o de seguran\u00e7a p\u00fablica, ele reafirma seu compromisso em continuar trabalhando nessa \u00e1rea, mas tamb\u00e9m em outras \u00e1reas importantes para o desenvolvimento dos munic\u00edpios paranaenses.<\/p>\n\n\n\n<p>Adriano Jos\u00e9 ressalta que pretende colocar em pr\u00e1tica todo o conhecimento adquirido ao longo dos \u00faltimos anos em benef\u00edcio da popula\u00e7\u00e3o paranaense. Ele afirma que continuar\u00e1 trabalhando para liberar recursos e atender \u00e0s demandas dos munic\u00edpios em diversas \u00e1reas, n\u00e3o se limitando apenas \u00e0 seguran\u00e7a p\u00fablica. Ele destaca que a seguran\u00e7a no estado vive um dos melhores momentos, gra\u00e7as aos investimentos do governador Ratinho Junior em estrutura, tecnologia e intelig\u00eancia. O deputado tamb\u00e9m menciona melhorias recentes, como aquisi\u00e7\u00e3o de viaturas, armamentos, o projeto Falc\u00e3o e contrata\u00e7\u00e3o de policiais militares para refor\u00e7ar o policiamento nos munic\u00edpios.<\/p>\n\n\n\n<p>Al\u00e9m disso, Adriano Jos\u00e9 valoriza n\u00e3o apenas a pol\u00edcia militar e civil, mas tamb\u00e9m a pol\u00edcia penal, cient\u00edfica, os agentes de seguran\u00e7a socioeducativos e o corpo de bombeiros. Ele ressaltou a import\u00e2ncia de trabalhar em parceria com o governador para valorizar ainda mais esses profissionais.<\/p>\n\n\n\n<p>O deputado tem como objetivo n\u00e3o apenas atuar na \u00e1rea da seguran\u00e7a, mas tamb\u00e9m contribuir para o desenvolvimento de outras \u00e1reas nos munic\u00edpios do Paran\u00e1. Ele espera avan\u00e7os ainda maiores em 2024 e pretende trabalhar em conjunto com o governo estadual para atender \u00e0s necessidades da popula\u00e7\u00e3o.<\/p>\n","protected":false},"excerpt":{"rendered":"<p>O deputado Soldado Adriano Jos\u00e9 (PP), afirma que entra em 2024 com grandes perspectivas em seu segundo ano do segundo mandato. Como presidente da comiss\u00e3o de seguran\u00e7a p\u00fablica, ele reafirma seu compromisso em continuar trabalhando nessa \u00e1rea, mas tamb\u00e9m em outras \u00e1reas importantes para o desenvolvimento dos munic\u00edpios paranaenses. Adriano Jos\u00e9 ressalta que pretende colocar [&hellip;]<\/p>\n","protected":false},"author":1,"featured_media":1936,"comment_status":"open","ping_status":"open","sticky":false,"template":"","format":"standard","meta":{"footnotes":""},"categories":[5],"tags":[],"class_list":["post-1935","post","type-post","status-publish","format-standard","has-post-thumbnail","hentry","category-parana"],"yoast_head":"<!-- This site is optimized with the Yoast SEO plugin v27.4 - https:\/\/yoast.com\/product\/yoast-seo-wordpress\/ -->\n<title>Deputado Soldado Adriano Jos\u00e9 (PP) fala sobre expectativas para 2024 - Deputado Adriano Jos\u00e9<\/title>\n<meta name=\"robots\" content=\"index, follow, max-snippet:-1, max-image-preview:large, max-video-preview:-1\" \/>\n<link rel=\"canonical\" href=\"https:\/\/soldadoadrianojose.com.br\/index.php\/2024\/01\/22\/deputado-soldado-adriano-jose-pp-fala-sobre-expectativas-para-2024\/\" \/>\n<meta property=\"og:locale\" content=\"pt_BR\" \/>\n<meta property=\"og:type\" content=\"article\" \/>\n<meta property=\"og:title\" content=\"Deputado Soldado Adriano Jos\u00e9 (PP) fala sobre expectativas para 2024 - Deputado Adriano Jos\u00e9\" \/>\n<meta property=\"og:description\" content=\"O deputado Soldado Adriano Jos\u00e9 (PP), afirma que entra em 2024 com grandes perspectivas em seu segundo ano do segundo mandato. Como presidente da comiss\u00e3o de seguran\u00e7a p\u00fablica, ele reafirma seu compromisso em continuar trabalhando nessa \u00e1rea, mas tamb\u00e9m em outras \u00e1reas importantes para o desenvolvimento dos munic\u00edpios paranaenses. Adriano Jos\u00e9 ressalta que pretende colocar [&hellip;]\" \/>\n<meta property=\"og:url\" content=\"https:\/\/soldadoadrianojose.com.br\/index.php\/2024\/01\/22\/deputado-soldado-adriano-jose-pp-fala-sobre-expectativas-para-2024\/\" \/>\n<meta property=\"og:site_name\" content=\"Deputado Adriano Jos\u00e9\" \/>\n<meta property=\"article:published_time\" content=\"2024-01-22T15:33:19+00:00\" \/>\n<meta property=\"article:modified_time\" content=\"2024-01-22T15:33:22+00:00\" \/>\n<meta property=\"og:image\" content=\"https:\/\/soldadoadrianojose.com.br\/wp-content\/uploads\/2024\/01\/cBCLCVatjjQ1N06ymKzF9x54LJ26aqXlA4PDoERp.jpeg\" \/>\n\t<meta property=\"og:image:width\" content=\"863\" \/>\n\t<meta property=\"og:image:height\" content=\"575\" \/>\n\t<meta property=\"og:image:type\" content=\"image\/jpeg\" \/>\n<meta name=\"author\" content=\"soldadoadrianojose\" \/>\n<meta name=\"twitter:card\" content=\"summary_large_image\" \/>\n<meta name=\"twitter:label1\" content=\"Escrito por\" \/>\n\t<meta name=\"twitter:data1\" content=\"soldadoadrianojose\" \/>\n\t<meta name=\"twitter:label2\" content=\"Est. tempo de leitura\" \/>\n\t<meta name=\"twitter:data2\" content=\"2 minutos\" \/>\n<script type=\"application\/ld+json\" class=\"yoast-schema-graph\">{\"@context\":\"https:\\\/\\\/schema.org\",\"@graph\":[{\"@type\":\"Article\",\"@id\":\"https:\\\/\\\/soldadoadrianojose.com.br\\\/index.php\\\/2024\\\/01\\\/22\\\/deputado-soldado-adriano-jose-pp-fala-sobre-expectativas-para-2024\\\/#article\",\"isPartOf\":{\"@id\":\"https:\\\/\\\/soldadoadrianojose.com.br\\\/index.php\\\/2024\\\/01\\\/22\\\/deputado-soldado-adriano-jose-pp-fala-sobre-expectativas-para-2024\\\/\"},\"author\":{\"name\":\"soldadoadrianojose\",\"@id\":\"https:\\\/\\\/soldadoadrianojose.com.br\\\/#\\\/schema\\\/person\\\/16f8e8defb7a4bd6c6082efcd1bdb6bb\"},\"headline\":\"Deputado Soldado Adriano Jos\u00e9 (PP) fala sobre expectativas para 2024\",\"datePublished\":\"2024-01-22T15:33:19+00:00\",\"dateModified\":\"2024-01-22T15:33:22+00:00\",\"mainEntityOfPage\":{\"@id\":\"https:\\\/\\\/soldadoadrianojose.com.br\\\/index.php\\\/2024\\\/01\\\/22\\\/deputado-soldado-adriano-jose-pp-fala-sobre-expectativas-para-2024\\\/\"},\"wordCount\":277,\"commentCount\":0,\"publisher\":{\"@id\":\"https:\\\/\\\/soldadoadrianojose.com.br\\\/#\\\/schema\\\/person\\\/16f8e8defb7a4bd6c6082efcd1bdb6bb\"},\"image\":{\"@id\":\"https:\\\/\\\/soldadoadrianojose.com.br\\\/index.php\\\/2024\\\/01\\\/22\\\/deputado-soldado-adriano-jose-pp-fala-sobre-expectativas-para-2024\\\/#primaryimage\"},\"thumbnailUrl\":\"https:\\\/\\\/soldadoadrianojose.com.br\\\/wp-content\\\/uploads\\\/2024\\\/01\\\/cBCLCVatjjQ1N06ymKzF9x54LJ26aqXlA4PDoERp.jpeg\",\"articleSection\":[\"PARAN\u00c1\"],\"inLanguage\":\"pt-BR\",\"potentialAction\":[{\"@type\":\"CommentAction\",\"name\":\"Comment\",\"target\":[\"https:\\\/\\\/soldadoadrianojose.com.br\\\/index.php\\\/2024\\\/01\\\/22\\\/deputado-soldado-adriano-jose-pp-fala-sobre-expectativas-para-2024\\\/#respond\"]}]},{\"@type\":\"WebPage\",\"@id\":\"https:\\\/\\\/soldadoadrianojose.com.br\\\/index.php\\\/2024\\\/01\\\/22\\\/deputado-soldado-adriano-jose-pp-fala-sobre-expectativas-para-2024\\\/\",\"url\":\"https:\\\/\\\/soldadoadrianojose.com.br\\\/index.php\\\/2024\\\/01\\\/22\\\/deputado-soldado-adriano-jose-pp-fala-sobre-expectativas-para-2024\\\/\",\"name\":\"Deputado Soldado Adriano Jos\u00e9 (PP) fala sobre expectativas para 2024 - Deputado Adriano Jos\u00e9\",\"isPartOf\":{\"@id\":\"https:\\\/\\\/soldadoadrianojose.com.br\\\/#website\"},\"primaryImageOfPage\":{\"@id\":\"https:\\\/\\\/soldadoadrianojose.com.br\\\/index.php\\\/2024\\\/01\\\/22\\\/deputado-soldado-adriano-jose-pp-fala-sobre-expectativas-para-2024\\\/#primaryimage\"},\"image\":{\"@id\":\"https:\\\/\\\/soldadoadrianojose.com.br\\\/index.php\\\/2024\\\/01\\\/22\\\/deputado-soldado-adriano-jose-pp-fala-sobre-expectativas-para-2024\\\/#primaryimage\"},\"thumbnailUrl\":\"https:\\\/\\\/soldadoadrianojose.com.br\\\/wp-content\\\/uploads\\\/2024\\\/01\\\/cBCLCVatjjQ1N06ymKzF9x54LJ26aqXlA4PDoERp.jpeg\",\"datePublished\":\"2024-01-22T15:33:19+00:00\",\"dateModified\":\"2024-01-22T15:33:22+00:00\",\"breadcrumb\":{\"@id\":\"https:\\\/\\\/soldadoadrianojose.com.br\\\/index.php\\\/2024\\\/01\\\/22\\\/deputado-soldado-adriano-jose-pp-fala-sobre-expectativas-para-2024\\\/#breadcrumb\"},\"inLanguage\":\"pt-BR\",\"potentialAction\":[{\"@type\":\"ReadAction\",\"target\":[\"https:\\\/\\\/soldadoadrianojose.com.br\\\/index.php\\\/2024\\\/01\\\/22\\\/deputado-soldado-adriano-jose-pp-fala-sobre-expectativas-para-2024\\\/\"]}]},{\"@type\":\"ImageObject\",\"inLanguage\":\"pt-BR\",\"@id\":\"https:\\\/\\\/soldadoadrianojose.com.br\\\/index.php\\\/2024\\\/01\\\/22\\\/deputado-soldado-adriano-jose-pp-fala-sobre-expectativas-para-2024\\\/#primaryimage\",\"url\":\"https:\\\/\\\/soldadoadrianojose.com.br\\\/wp-content\\\/uploads\\\/2024\\\/01\\\/cBCLCVatjjQ1N06ymKzF9x54LJ26aqXlA4PDoERp.jpeg\",\"contentUrl\":\"https:\\\/\\\/soldadoadrianojose.com.br\\\/wp-content\\\/uploads\\\/2024\\\/01\\\/cBCLCVatjjQ1N06ymKzF9x54LJ26aqXlA4PDoERp.jpeg\",\"width\":863,\"height\":575},{\"@type\":\"BreadcrumbList\",\"@id\":\"https:\\\/\\\/soldadoadrianojose.com.br\\\/index.php\\\/2024\\\/01\\\/22\\\/deputado-soldado-adriano-jose-pp-fala-sobre-expectativas-para-2024\\\/#breadcrumb\",\"itemListElement\":[{\"@type\":\"ListItem\",\"position\":1,\"name\":\"In\u00edcio\",\"item\":\"https:\\\/\\\/soldadoadrianojose.com.br\\\/\"},{\"@type\":\"ListItem\",\"position\":2,\"name\":\"Deputado Soldado Adriano Jos\u00e9 (PP) fala sobre expectativas para 2024\"}]},{\"@type\":\"WebSite\",\"@id\":\"https:\\\/\\\/soldadoadrianojose.com.br\\\/#website\",\"url\":\"https:\\\/\\\/soldadoadrianojose.com.br\\\/\",\"name\":\"Deputado Adriano Jos\u00e9\",\"description\":\"Nosso trabalho \u00e9 pelas pessoas\",\"publisher\":{\"@id\":\"https:\\\/\\\/soldadoadrianojose.com.br\\\/#\\\/schema\\\/person\\\/16f8e8defb7a4bd6c6082efcd1bdb6bb\"},\"potentialAction\":[{\"@type\":\"SearchAction\",\"target\":{\"@type\":\"EntryPoint\",\"urlTemplate\":\"https:\\\/\\\/soldadoadrianojose.com.br\\\/?s={search_term_string}\"},\"query-input\":{\"@type\":\"PropertyValueSpecification\",\"valueRequired\":true,\"valueName\":\"search_term_string\"}}],\"inLanguage\":\"pt-BR\"},{\"@type\":[\"Person\",\"Organization\"],\"@id\":\"https:\\\/\\\/soldadoadrianojose.com.br\\\/#\\\/schema\\\/person\\\/16f8e8defb7a4bd6c6082efcd1bdb6bb\",\"name\":\"soldadoadrianojose\",\"image\":{\"@type\":\"ImageObject\",\"inLanguage\":\"pt-BR\",\"@id\":\"https:\\\/\\\/soldadoadrianojose.com.br\\\/wp-content\\\/uploads\\\/2023\\\/02\\\/LOGO_CLEAR-5.png\",\"url\":\"https:\\\/\\\/soldadoadrianojose.com.br\\\/wp-content\\\/uploads\\\/2023\\\/02\\\/LOGO_CLEAR-5.png\",\"contentUrl\":\"https:\\\/\\\/soldadoadrianojose.com.br\\\/wp-content\\\/uploads\\\/2023\\\/02\\\/LOGO_CLEAR-5.png\",\"width\":3508,\"height\":998,\"caption\":\"soldadoadrianojose\"},\"logo\":{\"@id\":\"https:\\\/\\\/soldadoadrianojose.com.br\\\/wp-content\\\/uploads\\\/2023\\\/02\\\/LOGO_CLEAR-5.png\"},\"sameAs\":[\"https:\\\/\\\/soldadoadrianojose.com.br\"],\"url\":\"https:\\\/\\\/soldadoadrianojose.com.br\\\/index.php\\\/author\\\/soldadoadrianojose\\\/\"}]}<\/script>\n<!-- \/ Yoast SEO plugin. -->","yoast_head_json":{"title":"Deputado Soldado Adriano Jos\u00e9 (PP) fala sobre expectativas para 2024 - Deputado Adriano Jos\u00e9","robots":{"index":"index","follow":"follow","max-snippet":"max-snippet:-1","max-image-preview":"max-image-preview:large","max-video-preview":"max-video-preview:-1"},"canonical":"https:\/\/soldadoadrianojose.com.br\/index.php\/2024\/01\/22\/deputado-soldado-adriano-jose-pp-fala-sobre-expectativas-para-2024\/","og_locale":"pt_BR","og_type":"article","og_title":"Deputado Soldado Adriano Jos\u00e9 (PP) fala sobre expectativas para 2024 - Deputado Adriano Jos\u00e9","og_description":"O deputado Soldado Adriano Jos\u00e9 (PP), afirma que entra em 2024 com grandes perspectivas em seu segundo ano do segundo mandato. Como presidente da comiss\u00e3o de seguran\u00e7a p\u00fablica, ele reafirma seu compromisso em continuar trabalhando nessa \u00e1rea, mas tamb\u00e9m em outras \u00e1reas importantes para o desenvolvimento dos munic\u00edpios paranaenses. Adriano Jos\u00e9 ressalta que pretende colocar [&hellip;]","og_url":"https:\/\/soldadoadrianojose.com.br\/index.php\/2024\/01\/22\/deputado-soldado-adriano-jose-pp-fala-sobre-expectativas-para-2024\/","og_site_name":"Deputado Adriano Jos\u00e9","article_published_time":"2024-01-22T15:33:19+00:00","article_modified_time":"2024-01-22T15:33:22+00:00","og_image":[{"width":863,"height":575,"url":"https:\/\/soldadoadrianojose.com.br\/wp-content\/uploads\/2024\/01\/cBCLCVatjjQ1N06ymKzF9x54LJ26aqXlA4PDoERp.jpeg","type":"image\/jpeg"}],"author":"soldadoadrianojose","twitter_card":"summary_large_image","twitter_misc":{"Escrito por":"soldadoadrianojose","Est. tempo de leitura":"2 minutos"},"schema":{"@context":"https:\/\/schema.org","@graph":[{"@type":"Article","@id":"https:\/\/soldadoadrianojose.com.br\/index.php\/2024\/01\/22\/deputado-soldado-adriano-jose-pp-fala-sobre-expectativas-para-2024\/#article","isPartOf":{"@id":"https:\/\/soldadoadrianojose.com.br\/index.php\/2024\/01\/22\/deputado-soldado-adriano-jose-pp-fala-sobre-expectativas-para-2024\/"},"author":{"name":"soldadoadrianojose","@id":"https:\/\/soldadoadrianojose.com.br\/#\/schema\/person\/16f8e8defb7a4bd6c6082efcd1bdb6bb"},"headline":"Deputado Soldado Adriano Jos\u00e9 (PP) fala sobre expectativas para 2024","datePublished":"2024-01-22T15:33:19+00:00","dateModified":"2024-01-22T15:33:22+00:00","mainEntityOfPage":{"@id":"https:\/\/soldadoadrianojose.com.br\/index.php\/2024\/01\/22\/deputado-soldado-adriano-jose-pp-fala-sobre-expectativas-para-2024\/"},"wordCount":277,"commentCount":0,"publisher":{"@id":"https:\/\/soldadoadrianojose.com.br\/#\/schema\/person\/16f8e8defb7a4bd6c6082efcd1bdb6bb"},"image":{"@id":"https:\/\/soldadoadrianojose.com.br\/index.php\/2024\/01\/22\/deputado-soldado-adriano-jose-pp-fala-sobre-expectativas-para-2024\/#primaryimage"},"thumbnailUrl":"https:\/\/soldadoadrianojose.com.br\/wp-content\/uploads\/2024\/01\/cBCLCVatjjQ1N06ymKzF9x54LJ26aqXlA4PDoERp.jpeg","articleSection":["PARAN\u00c1"],"inLanguage":"pt-BR","potentialAction":[{"@type":"CommentAction","name":"Comment","target":["https:\/\/soldadoadrianojose.com.br\/index.php\/2024\/01\/22\/deputado-soldado-adriano-jose-pp-fala-sobre-expectativas-para-2024\/#respond"]}]},{"@type":"WebPage","@id":"https:\/\/soldadoadrianojose.com.br\/index.php\/2024\/01\/22\/deputado-soldado-adriano-jose-pp-fala-sobre-expectativas-para-2024\/","url":"https:\/\/soldadoadrianojose.com.br\/index.php\/2024\/01\/22\/deputado-soldado-adriano-jose-pp-fala-sobre-expectativas-para-2024\/","name":"Deputado Soldado Adriano Jos\u00e9 (PP) fala sobre expectativas para 2024 - Deputado Adriano Jos\u00e9","isPartOf":{"@id":"https:\/\/soldadoadrianojose.com.br\/#website"},"primaryImageOfPage":{"@id":"https:\/\/soldadoadrianojose.com.br\/index.php\/2024\/01\/22\/deputado-soldado-adriano-jose-pp-fala-sobre-expectativas-para-2024\/#primaryimage"},"image":{"@id":"https:\/\/soldadoadrianojose.com.br\/index.php\/2024\/01\/22\/deputado-soldado-adriano-jose-pp-fala-sobre-expectativas-para-2024\/#primaryimage"},"thumbnailUrl":"https:\/\/soldadoadrianojose.com.br\/wp-content\/uploads\/2024\/01\/cBCLCVatjjQ1N06ymKzF9x54LJ26aqXlA4PDoERp.jpeg","datePublished":"2024-01-22T15:33:19+00:00","dateModified":"2024-01-22T15:33:22+00:00","breadcrumb":{"@id":"https:\/\/soldadoadrianojose.com.br\/index.php\/2024\/01\/22\/deputado-soldado-adriano-jose-pp-fala-sobre-expectativas-para-2024\/#breadcrumb"},"inLanguage":"pt-BR","potentialAction":[{"@type":"ReadAction","target":["https:\/\/soldadoadrianojose.com.br\/index.php\/2024\/01\/22\/deputado-soldado-adriano-jose-pp-fala-sobre-expectativas-para-2024\/"]}]},{"@type":"ImageObject","inLanguage":"pt-BR","@id":"https:\/\/soldadoadrianojose.com.br\/index.php\/2024\/01\/22\/deputado-soldado-adriano-jose-pp-fala-sobre-expectativas-para-2024\/#primaryimage","url":"https:\/\/soldadoadrianojose.com.br\/wp-content\/uploads\/2024\/01\/cBCLCVatjjQ1N06ymKzF9x54LJ26aqXlA4PDoERp.jpeg","contentUrl":"https:\/\/soldadoadrianojose.com.br\/wp-content\/uploads\/2024\/01\/cBCLCVatjjQ1N06ymKzF9x54LJ26aqXlA4PDoERp.jpeg","width":863,"height":575},{"@type":"BreadcrumbList","@id":"https:\/\/soldadoadrianojose.com.br\/index.php\/2024\/01\/22\/deputado-soldado-adriano-jose-pp-fala-sobre-expectativas-para-2024\/#breadcrumb","itemListElement":[{"@type":"ListItem","position":1,"name":"In\u00edcio","item":"https:\/\/soldadoadrianojose.com.br\/"},{"@type":"ListItem","position":2,"name":"Deputado Soldado Adriano Jos\u00e9 (PP) fala sobre expectativas para 2024"}]},{"@type":"WebSite","@id":"https:\/\/soldadoadrianojose.com.br\/#website","url":"https:\/\/soldadoadrianojose.com.br\/","name":"Deputado Adriano Jos\u00e9","description":"Nosso trabalho \u00e9 pelas pessoas","publisher":{"@id":"https:\/\/soldadoadrianojose.com.br\/#\/schema\/person\/16f8e8defb7a4bd6c6082efcd1bdb6bb"},"potentialAction":[{"@type":"SearchAction","target":{"@type":"EntryPoint","urlTemplate":"https:\/\/soldadoadrianojose.com.br\/?s={search_term_string}"},"query-input":{"@type":"PropertyValueSpecification","valueRequired":true,"valueName":"search_term_string"}}],"inLanguage":"pt-BR"},{"@type":["Person","Organization"],"@id":"https:\/\/soldadoadrianojose.com.br\/#\/schema\/person\/16f8e8defb7a4bd6c6082efcd1bdb6bb","name":"soldadoadrianojose","image":{"@type":"ImageObject","inLanguage":"pt-BR","@id":"https:\/\/soldadoadrianojose.com.br\/wp-content\/uploads\/2023\/02\/LOGO_CLEAR-5.png","url":"https:\/\/soldadoadrianojose.com.br\/wp-content\/uploads\/2023\/02\/LOGO_CLEAR-5.png","contentUrl":"https:\/\/soldadoadrianojose.com.br\/wp-content\/uploads\/2023\/02\/LOGO_CLEAR-5.png","width":3508,"height":998,"caption":"soldadoadrianojose"},"logo":{"@id":"https:\/\/soldadoadrianojose.com.br\/wp-content\/uploads\/2023\/02\/LOGO_CLEAR-5.png"},"sameAs":["https:\/\/soldadoadrianojose.com.br"],"url":"https:\/\/soldadoadrianojose.com.br\/index.php\/author\/soldadoadrianojose\/"}]}},"jetpack_featured_media_url":"https:\/\/soldadoadrianojose.com.br\/wp-content\/uploads\/2024\/01\/cBCLCVatjjQ1N06ymKzF9x54LJ26aqXlA4PDoERp.jpeg","_links":{"self":[{"href":"https:\/\/soldadoadrianojose.com.br\/index.php\/wp-json\/wp\/v2\/posts\/1935","targetHints":{"allow":["GET"]}}],"collection":[{"href":"https:\/\/soldadoadrianojose.com.br\/index.php\/wp-json\/wp\/v2\/posts"}],"about":[{"href":"https:\/\/soldadoadrianojose.com.br\/index.php\/wp-json\/wp\/v2\/types\/post"}],"author":[{"embeddable":true,"href":"https:\/\/soldadoadrianojose.com.br\/index.php\/wp-json\/wp\/v2\/users\/1"}],"replies":[{"embeddable":true,"href":"https:\/\/soldadoadrianojose.com.br\/index.php\/wp-json\/wp\/v2\/comments?post=1935"}],"version-history":[{"count":1,"href":"https:\/\/soldadoadrianojose.com.br\/index.php\/wp-json\/wp\/v2\/posts\/1935\/revisions"}],"predecessor-version":[{"id":1937,"href":"https:\/\/soldadoadrianojose.com.br\/index.php\/wp-json\/wp\/v2\/posts\/1935\/revisions\/1937"}],"wp:featuredmedia":[{"embeddable":true,"href":"https:\/\/soldadoadrianojose.com.br\/index.php\/wp-json\/wp\/v2\/media\/1936"}],"wp:attachment":[{"href":"https:\/\/soldadoadrianojose.com.br\/index.php\/wp-json\/wp\/v2\/media?parent=1935"}],"wp:term":[{"taxonomy":"category","embeddable":true,"href":"https:\/\/soldadoadrianojose.com.br\/index.php\/wp-json\/wp\/v2\/categories?post=1935"},{"taxonomy":"post_tag","embeddable":true,"href":"https:\/\/soldadoadrianojose.com.br\/index.php\/wp-json\/wp\/v2\/tags?post=1935"}],"curies":[{"name":"wp","href":"https:\/\/api.w.org\/{rel}","templated":true}]}}