{"id":1938,"date":"2024-01-24T11:13:15","date_gmt":"2024-01-24T14:13:15","guid":{"rendered":"https:\/\/soldadoadrianojose.com.br\/?p=1938"},"modified":"2024-01-24T11:15:43","modified_gmt":"2024-01-24T14:15:43","slug":"cida-borghetti-recebe-o-titulo-de-cidada-benemerita-do-parana-em-fevereiro","status":"publish","type":"post","link":"https:\/\/soldadoadrianojose.com.br\/index.php\/2024\/01\/24\/cida-borghetti-recebe-o-titulo-de-cidada-benemerita-do-parana-em-fevereiro\/","title":{"rendered":"Cida Borghetti recebe o t\u00edtulo de cidad\u00e3 benem\u00e9rita do Paran\u00e1 em fevereiro"},"content":{"rendered":"\n<p>A ex-governadora do Paran\u00e1 Cida Borghetti (PP) receber\u00e1 no pr\u00f3ximo dia 27 de fevereiro o t\u00edtulo de cidad\u00e3 benem\u00e9rita do Estado. <\/p>\n\n\n\n<p>&#8220;Com imensa satisfa\u00e7\u00e3o propus na assembleia e agora vamos entregar \u00e0 ex-governadora Cida Borghetti o t\u00edtulo de Cidad\u00e3 Benem\u00e9rita do Paran\u00e1 no pr\u00f3ximo m\u00eas. Uma honraria mais que merecida por sua brilhante trajet\u00f3ria de realiza\u00e7\u00f5es em prol do nosso estado&#8221;, declarou o deputado Adriano Jos\u00e9, autor do projeto de lei que concedeu a homenagem.<\/p>\n\n\n\n<p>&#8220;Cida desempenhou o cargo de governadora de forma exemplar, com di\u00e1logo, \u00e9tica e transpar\u00eancia. Seu compromisso com o desenvolvimento econ\u00f4mico e social do Paran\u00e1 \u00e9 not\u00f3rio. Entrou para a hist\u00f3ria tamb\u00e9m como a 1a mulher a governar o estado. Este t\u00edtulo reflete o apre\u00e7o e admira\u00e7\u00e3o conquistados junto \u00e0 Assembleia e toda nossa popula\u00e7\u00e3o&#8221;, completou o parlamentar.<\/p>\n\n\n\n<p>Maria Aparecida Borghetti \u00e9 natural de Ca\u00e7ador (SC). Ela \u00e9 empres\u00e1ria, formada em administra\u00e7\u00e3o p\u00fablica pela Unisul, tem especializa\u00e7\u00e3o em pol\u00edticas p\u00fablicas pela Universidade Federal do Rio de Janeiro. Na vida p\u00fablica, em 2021 Cida Borghetti foi nomeada pelo presidente da Rep\u00fablica, Jair Bolsonaro, para o cargo de conselheira administrativa da Itaipu Binacional. Anteriormente, foi deputada estadual, federal e governadora do estado do Paran\u00e1. Em 2002, foi eleita deputada estadual, com 53.225 votos; em 2006 foi reeleita deputada estadual com 66. 492 votos, per\u00edodo em que teve 101 projetos aprovados e sancionados; em 2010, foi eleita deputada federal com 147.910 votos e presidiu a Comiss\u00e3o Especial que aprovou o Marco Legal da Primeira Inf\u00e2ncia. Em 2014, foi eleita vice-governadora do estado do Paran\u00e1 com 3,3 milh\u00f5es de votos. Em oito meses \u00e0 frente do governo paranaense realizou uma gest\u00e3o eficiente, transparente e com di\u00e1logo com todos os setores.\u00a0<\/p>\n","protected":false},"excerpt":{"rendered":"<p>A ex-governadora do Paran\u00e1 Cida Borghetti (PP) receber\u00e1 no pr\u00f3ximo dia 27 de fevereiro o t\u00edtulo de cidad\u00e3 benem\u00e9rita do Estado. &#8220;Com imensa satisfa\u00e7\u00e3o propus na assembleia e agora vamos entregar \u00e0 ex-governadora Cida Borghetti o t\u00edtulo de Cidad\u00e3 Benem\u00e9rita do Paran\u00e1 no pr\u00f3ximo m\u00eas. Uma honraria mais que merecida por sua brilhante trajet\u00f3ria de [&hellip;]<\/p>\n","protected":false},"author":1,"featured_media":1940,"comment_status":"open","ping_status":"open","sticky":false,"template":"","format":"standard","meta":{"footnotes":""},"categories":[1],"tags":[],"class_list":["post-1938","post","type-post","status-publish","format-standard","has-post-thumbnail","hentry","category-gabinete-sd"],"yoast_head":"<!-- This site is optimized with the Yoast SEO plugin v27.4 - https:\/\/yoast.com\/product\/yoast-seo-wordpress\/ -->\n<title>Cida Borghetti recebe o t\u00edtulo de cidad\u00e3 benem\u00e9rita do Paran\u00e1 em fevereiro - Deputado Adriano Jos\u00e9<\/title>\n<meta name=\"robots\" content=\"index, follow, max-snippet:-1, max-image-preview:large, max-video-preview:-1\" \/>\n<link rel=\"canonical\" href=\"https:\/\/soldadoadrianojose.com.br\/index.php\/2024\/01\/24\/cida-borghetti-recebe-o-titulo-de-cidada-benemerita-do-parana-em-fevereiro\/\" \/>\n<meta property=\"og:locale\" content=\"pt_BR\" \/>\n<meta property=\"og:type\" content=\"article\" \/>\n<meta property=\"og:title\" content=\"Cida Borghetti recebe o t\u00edtulo de cidad\u00e3 benem\u00e9rita do Paran\u00e1 em fevereiro - Deputado Adriano Jos\u00e9\" \/>\n<meta property=\"og:description\" content=\"A ex-governadora do Paran\u00e1 Cida Borghetti (PP) receber\u00e1 no pr\u00f3ximo dia 27 de fevereiro o t\u00edtulo de cidad\u00e3 benem\u00e9rita do Estado. &#8220;Com imensa satisfa\u00e7\u00e3o propus na assembleia e agora vamos entregar \u00e0 ex-governadora Cida Borghetti o t\u00edtulo de Cidad\u00e3 Benem\u00e9rita do Paran\u00e1 no pr\u00f3ximo m\u00eas. Uma honraria mais que merecida por sua brilhante trajet\u00f3ria de [&hellip;]\" \/>\n<meta property=\"og:url\" content=\"https:\/\/soldadoadrianojose.com.br\/index.php\/2024\/01\/24\/cida-borghetti-recebe-o-titulo-de-cidada-benemerita-do-parana-em-fevereiro\/\" \/>\n<meta property=\"og:site_name\" content=\"Deputado Adriano Jos\u00e9\" \/>\n<meta property=\"article:published_time\" content=\"2024-01-24T14:13:15+00:00\" \/>\n<meta property=\"article:modified_time\" content=\"2024-01-24T14:15:43+00:00\" \/>\n<meta property=\"og:image\" content=\"https:\/\/soldadoadrianojose.com.br\/wp-content\/uploads\/2024\/01\/WhatsApp-Image-2024-01-24-at-11.12.52.jpeg\" \/>\n\t<meta property=\"og:image:width\" content=\"863\" \/>\n\t<meta property=\"og:image:height\" content=\"485\" \/>\n\t<meta property=\"og:image:type\" content=\"image\/jpeg\" \/>\n<meta name=\"author\" content=\"soldadoadrianojose\" \/>\n<meta name=\"twitter:card\" content=\"summary_large_image\" \/>\n<meta name=\"twitter:label1\" content=\"Escrito por\" \/>\n\t<meta name=\"twitter:data1\" content=\"soldadoadrianojose\" \/>\n\t<meta name=\"twitter:label2\" content=\"Est. tempo de leitura\" \/>\n\t<meta name=\"twitter:data2\" content=\"2 minutos\" \/>\n<script type=\"application\/ld+json\" class=\"yoast-schema-graph\">{\"@context\":\"https:\\\/\\\/schema.org\",\"@graph\":[{\"@type\":\"Article\",\"@id\":\"https:\\\/\\\/soldadoadrianojose.com.br\\\/index.php\\\/2024\\\/01\\\/24\\\/cida-borghetti-recebe-o-titulo-de-cidada-benemerita-do-parana-em-fevereiro\\\/#article\",\"isPartOf\":{\"@id\":\"https:\\\/\\\/soldadoadrianojose.com.br\\\/index.php\\\/2024\\\/01\\\/24\\\/cida-borghetti-recebe-o-titulo-de-cidada-benemerita-do-parana-em-fevereiro\\\/\"},\"author\":{\"name\":\"soldadoadrianojose\",\"@id\":\"https:\\\/\\\/soldadoadrianojose.com.br\\\/#\\\/schema\\\/person\\\/16f8e8defb7a4bd6c6082efcd1bdb6bb\"},\"headline\":\"Cida Borghetti recebe o t\u00edtulo de cidad\u00e3 benem\u00e9rita do Paran\u00e1 em fevereiro\",\"datePublished\":\"2024-01-24T14:13:15+00:00\",\"dateModified\":\"2024-01-24T14:15:43+00:00\",\"mainEntityOfPage\":{\"@id\":\"https:\\\/\\\/soldadoadrianojose.com.br\\\/index.php\\\/2024\\\/01\\\/24\\\/cida-borghetti-recebe-o-titulo-de-cidada-benemerita-do-parana-em-fevereiro\\\/\"},\"wordCount\":311,\"commentCount\":0,\"publisher\":{\"@id\":\"https:\\\/\\\/soldadoadrianojose.com.br\\\/#\\\/schema\\\/person\\\/16f8e8defb7a4bd6c6082efcd1bdb6bb\"},\"image\":{\"@id\":\"https:\\\/\\\/soldadoadrianojose.com.br\\\/index.php\\\/2024\\\/01\\\/24\\\/cida-borghetti-recebe-o-titulo-de-cidada-benemerita-do-parana-em-fevereiro\\\/#primaryimage\"},\"thumbnailUrl\":\"https:\\\/\\\/soldadoadrianojose.com.br\\\/wp-content\\\/uploads\\\/2024\\\/01\\\/WhatsApp-Image-2024-01-24-at-11.12.52.jpeg\",\"articleSection\":[\"GABINETE SD\"],\"inLanguage\":\"pt-BR\",\"potentialAction\":[{\"@type\":\"CommentAction\",\"name\":\"Comment\",\"target\":[\"https:\\\/\\\/soldadoadrianojose.com.br\\\/index.php\\\/2024\\\/01\\\/24\\\/cida-borghetti-recebe-o-titulo-de-cidada-benemerita-do-parana-em-fevereiro\\\/#respond\"]}]},{\"@type\":\"WebPage\",\"@id\":\"https:\\\/\\\/soldadoadrianojose.com.br\\\/index.php\\\/2024\\\/01\\\/24\\\/cida-borghetti-recebe-o-titulo-de-cidada-benemerita-do-parana-em-fevereiro\\\/\",\"url\":\"https:\\\/\\\/soldadoadrianojose.com.br\\\/index.php\\\/2024\\\/01\\\/24\\\/cida-borghetti-recebe-o-titulo-de-cidada-benemerita-do-parana-em-fevereiro\\\/\",\"name\":\"Cida Borghetti recebe o t\u00edtulo de cidad\u00e3 benem\u00e9rita do Paran\u00e1 em fevereiro - Deputado Adriano Jos\u00e9\",\"isPartOf\":{\"@id\":\"https:\\\/\\\/soldadoadrianojose.com.br\\\/#website\"},\"primaryImageOfPage\":{\"@id\":\"https:\\\/\\\/soldadoadrianojose.com.br\\\/index.php\\\/2024\\\/01\\\/24\\\/cida-borghetti-recebe-o-titulo-de-cidada-benemerita-do-parana-em-fevereiro\\\/#primaryimage\"},\"image\":{\"@id\":\"https:\\\/\\\/soldadoadrianojose.com.br\\\/index.php\\\/2024\\\/01\\\/24\\\/cida-borghetti-recebe-o-titulo-de-cidada-benemerita-do-parana-em-fevereiro\\\/#primaryimage\"},\"thumbnailUrl\":\"https:\\\/\\\/soldadoadrianojose.com.br\\\/wp-content\\\/uploads\\\/2024\\\/01\\\/WhatsApp-Image-2024-01-24-at-11.12.52.jpeg\",\"datePublished\":\"2024-01-24T14:13:15+00:00\",\"dateModified\":\"2024-01-24T14:15:43+00:00\",\"breadcrumb\":{\"@id\":\"https:\\\/\\\/soldadoadrianojose.com.br\\\/index.php\\\/2024\\\/01\\\/24\\\/cida-borghetti-recebe-o-titulo-de-cidada-benemerita-do-parana-em-fevereiro\\\/#breadcrumb\"},\"inLanguage\":\"pt-BR\",\"potentialAction\":[{\"@type\":\"ReadAction\",\"target\":[\"https:\\\/\\\/soldadoadrianojose.com.br\\\/index.php\\\/2024\\\/01\\\/24\\\/cida-borghetti-recebe-o-titulo-de-cidada-benemerita-do-parana-em-fevereiro\\\/\"]}]},{\"@type\":\"ImageObject\",\"inLanguage\":\"pt-BR\",\"@id\":\"https:\\\/\\\/soldadoadrianojose.com.br\\\/index.php\\\/2024\\\/01\\\/24\\\/cida-borghetti-recebe-o-titulo-de-cidada-benemerita-do-parana-em-fevereiro\\\/#primaryimage\",\"url\":\"https:\\\/\\\/soldadoadrianojose.com.br\\\/wp-content\\\/uploads\\\/2024\\\/01\\\/WhatsApp-Image-2024-01-24-at-11.12.52.jpeg\",\"contentUrl\":\"https:\\\/\\\/soldadoadrianojose.com.br\\\/wp-content\\\/uploads\\\/2024\\\/01\\\/WhatsApp-Image-2024-01-24-at-11.12.52.jpeg\",\"width\":863,\"height\":485},{\"@type\":\"BreadcrumbList\",\"@id\":\"https:\\\/\\\/soldadoadrianojose.com.br\\\/index.php\\\/2024\\\/01\\\/24\\\/cida-borghetti-recebe-o-titulo-de-cidada-benemerita-do-parana-em-fevereiro\\\/#breadcrumb\",\"itemListElement\":[{\"@type\":\"ListItem\",\"position\":1,\"name\":\"In\u00edcio\",\"item\":\"https:\\\/\\\/soldadoadrianojose.com.br\\\/\"},{\"@type\":\"ListItem\",\"position\":2,\"name\":\"Cida Borghetti recebe o t\u00edtulo de cidad\u00e3 benem\u00e9rita do Paran\u00e1 em fevereiro\"}]},{\"@type\":\"WebSite\",\"@id\":\"https:\\\/\\\/soldadoadrianojose.com.br\\\/#website\",\"url\":\"https:\\\/\\\/soldadoadrianojose.com.br\\\/\",\"name\":\"Deputado Adriano Jos\u00e9\",\"description\":\"Nosso trabalho \u00e9 pelas pessoas\",\"publisher\":{\"@id\":\"https:\\\/\\\/soldadoadrianojose.com.br\\\/#\\\/schema\\\/person\\\/16f8e8defb7a4bd6c6082efcd1bdb6bb\"},\"potentialAction\":[{\"@type\":\"SearchAction\",\"target\":{\"@type\":\"EntryPoint\",\"urlTemplate\":\"https:\\\/\\\/soldadoadrianojose.com.br\\\/?s={search_term_string}\"},\"query-input\":{\"@type\":\"PropertyValueSpecification\",\"valueRequired\":true,\"valueName\":\"search_term_string\"}}],\"inLanguage\":\"pt-BR\"},{\"@type\":[\"Person\",\"Organization\"],\"@id\":\"https:\\\/\\\/soldadoadrianojose.com.br\\\/#\\\/schema\\\/person\\\/16f8e8defb7a4bd6c6082efcd1bdb6bb\",\"name\":\"soldadoadrianojose\",\"image\":{\"@type\":\"ImageObject\",\"inLanguage\":\"pt-BR\",\"@id\":\"https:\\\/\\\/soldadoadrianojose.com.br\\\/wp-content\\\/uploads\\\/2023\\\/02\\\/LOGO_CLEAR-5.png\",\"url\":\"https:\\\/\\\/soldadoadrianojose.com.br\\\/wp-content\\\/uploads\\\/2023\\\/02\\\/LOGO_CLEAR-5.png\",\"contentUrl\":\"https:\\\/\\\/soldadoadrianojose.com.br\\\/wp-content\\\/uploads\\\/2023\\\/02\\\/LOGO_CLEAR-5.png\",\"width\":3508,\"height\":998,\"caption\":\"soldadoadrianojose\"},\"logo\":{\"@id\":\"https:\\\/\\\/soldadoadrianojose.com.br\\\/wp-content\\\/uploads\\\/2023\\\/02\\\/LOGO_CLEAR-5.png\"},\"sameAs\":[\"https:\\\/\\\/soldadoadrianojose.com.br\"],\"url\":\"https:\\\/\\\/soldadoadrianojose.com.br\\\/index.php\\\/author\\\/soldadoadrianojose\\\/\"}]}<\/script>\n<!-- \/ Yoast SEO plugin. -->","yoast_head_json":{"title":"Cida Borghetti recebe o t\u00edtulo de cidad\u00e3 benem\u00e9rita do Paran\u00e1 em fevereiro - Deputado Adriano Jos\u00e9","robots":{"index":"index","follow":"follow","max-snippet":"max-snippet:-1","max-image-preview":"max-image-preview:large","max-video-preview":"max-video-preview:-1"},"canonical":"https:\/\/soldadoadrianojose.com.br\/index.php\/2024\/01\/24\/cida-borghetti-recebe-o-titulo-de-cidada-benemerita-do-parana-em-fevereiro\/","og_locale":"pt_BR","og_type":"article","og_title":"Cida Borghetti recebe o t\u00edtulo de cidad\u00e3 benem\u00e9rita do Paran\u00e1 em fevereiro - Deputado Adriano Jos\u00e9","og_description":"A ex-governadora do Paran\u00e1 Cida Borghetti (PP) receber\u00e1 no pr\u00f3ximo dia 27 de fevereiro o t\u00edtulo de cidad\u00e3 benem\u00e9rita do Estado. &#8220;Com imensa satisfa\u00e7\u00e3o propus na assembleia e agora vamos entregar \u00e0 ex-governadora Cida Borghetti o t\u00edtulo de Cidad\u00e3 Benem\u00e9rita do Paran\u00e1 no pr\u00f3ximo m\u00eas. Uma honraria mais que merecida por sua brilhante trajet\u00f3ria de [&hellip;]","og_url":"https:\/\/soldadoadrianojose.com.br\/index.php\/2024\/01\/24\/cida-borghetti-recebe-o-titulo-de-cidada-benemerita-do-parana-em-fevereiro\/","og_site_name":"Deputado Adriano Jos\u00e9","article_published_time":"2024-01-24T14:13:15+00:00","article_modified_time":"2024-01-24T14:15:43+00:00","og_image":[{"width":863,"height":485,"url":"https:\/\/soldadoadrianojose.com.br\/wp-content\/uploads\/2024\/01\/WhatsApp-Image-2024-01-24-at-11.12.52.jpeg","type":"image\/jpeg"}],"author":"soldadoadrianojose","twitter_card":"summary_large_image","twitter_misc":{"Escrito por":"soldadoadrianojose","Est. tempo de leitura":"2 minutos"},"schema":{"@context":"https:\/\/schema.org","@graph":[{"@type":"Article","@id":"https:\/\/soldadoadrianojose.com.br\/index.php\/2024\/01\/24\/cida-borghetti-recebe-o-titulo-de-cidada-benemerita-do-parana-em-fevereiro\/#article","isPartOf":{"@id":"https:\/\/soldadoadrianojose.com.br\/index.php\/2024\/01\/24\/cida-borghetti-recebe-o-titulo-de-cidada-benemerita-do-parana-em-fevereiro\/"},"author":{"name":"soldadoadrianojose","@id":"https:\/\/soldadoadrianojose.com.br\/#\/schema\/person\/16f8e8defb7a4bd6c6082efcd1bdb6bb"},"headline":"Cida Borghetti recebe o t\u00edtulo de cidad\u00e3 benem\u00e9rita do Paran\u00e1 em fevereiro","datePublished":"2024-01-24T14:13:15+00:00","dateModified":"2024-01-24T14:15:43+00:00","mainEntityOfPage":{"@id":"https:\/\/soldadoadrianojose.com.br\/index.php\/2024\/01\/24\/cida-borghetti-recebe-o-titulo-de-cidada-benemerita-do-parana-em-fevereiro\/"},"wordCount":311,"commentCount":0,"publisher":{"@id":"https:\/\/soldadoadrianojose.com.br\/#\/schema\/person\/16f8e8defb7a4bd6c6082efcd1bdb6bb"},"image":{"@id":"https:\/\/soldadoadrianojose.com.br\/index.php\/2024\/01\/24\/cida-borghetti-recebe-o-titulo-de-cidada-benemerita-do-parana-em-fevereiro\/#primaryimage"},"thumbnailUrl":"https:\/\/soldadoadrianojose.com.br\/wp-content\/uploads\/2024\/01\/WhatsApp-Image-2024-01-24-at-11.12.52.jpeg","articleSection":["GABINETE SD"],"inLanguage":"pt-BR","potentialAction":[{"@type":"CommentAction","name":"Comment","target":["https:\/\/soldadoadrianojose.com.br\/index.php\/2024\/01\/24\/cida-borghetti-recebe-o-titulo-de-cidada-benemerita-do-parana-em-fevereiro\/#respond"]}]},{"@type":"WebPage","@id":"https:\/\/soldadoadrianojose.com.br\/index.php\/2024\/01\/24\/cida-borghetti-recebe-o-titulo-de-cidada-benemerita-do-parana-em-fevereiro\/","url":"https:\/\/soldadoadrianojose.com.br\/index.php\/2024\/01\/24\/cida-borghetti-recebe-o-titulo-de-cidada-benemerita-do-parana-em-fevereiro\/","name":"Cida Borghetti recebe o t\u00edtulo de cidad\u00e3 benem\u00e9rita do Paran\u00e1 em fevereiro - Deputado Adriano Jos\u00e9","isPartOf":{"@id":"https:\/\/soldadoadrianojose.com.br\/#website"},"primaryImageOfPage":{"@id":"https:\/\/soldadoadrianojose.com.br\/index.php\/2024\/01\/24\/cida-borghetti-recebe-o-titulo-de-cidada-benemerita-do-parana-em-fevereiro\/#primaryimage"},"image":{"@id":"https:\/\/soldadoadrianojose.com.br\/index.php\/2024\/01\/24\/cida-borghetti-recebe-o-titulo-de-cidada-benemerita-do-parana-em-fevereiro\/#primaryimage"},"thumbnailUrl":"https:\/\/soldadoadrianojose.com.br\/wp-content\/uploads\/2024\/01\/WhatsApp-Image-2024-01-24-at-11.12.52.jpeg","datePublished":"2024-01-24T14:13:15+00:00","dateModified":"2024-01-24T14:15:43+00:00","breadcrumb":{"@id":"https:\/\/soldadoadrianojose.com.br\/index.php\/2024\/01\/24\/cida-borghetti-recebe-o-titulo-de-cidada-benemerita-do-parana-em-fevereiro\/#breadcrumb"},"inLanguage":"pt-BR","potentialAction":[{"@type":"ReadAction","target":["https:\/\/soldadoadrianojose.com.br\/index.php\/2024\/01\/24\/cida-borghetti-recebe-o-titulo-de-cidada-benemerita-do-parana-em-fevereiro\/"]}]},{"@type":"ImageObject","inLanguage":"pt-BR","@id":"https:\/\/soldadoadrianojose.com.br\/index.php\/2024\/01\/24\/cida-borghetti-recebe-o-titulo-de-cidada-benemerita-do-parana-em-fevereiro\/#primaryimage","url":"https:\/\/soldadoadrianojose.com.br\/wp-content\/uploads\/2024\/01\/WhatsApp-Image-2024-01-24-at-11.12.52.jpeg","contentUrl":"https:\/\/soldadoadrianojose.com.br\/wp-content\/uploads\/2024\/01\/WhatsApp-Image-2024-01-24-at-11.12.52.jpeg","width":863,"height":485},{"@type":"BreadcrumbList","@id":"https:\/\/soldadoadrianojose.com.br\/index.php\/2024\/01\/24\/cida-borghetti-recebe-o-titulo-de-cidada-benemerita-do-parana-em-fevereiro\/#breadcrumb","itemListElement":[{"@type":"ListItem","position":1,"name":"In\u00edcio","item":"https:\/\/soldadoadrianojose.com.br\/"},{"@type":"ListItem","position":2,"name":"Cida Borghetti recebe o t\u00edtulo de cidad\u00e3 benem\u00e9rita do Paran\u00e1 em fevereiro"}]},{"@type":"WebSite","@id":"https:\/\/soldadoadrianojose.com.br\/#website","url":"https:\/\/soldadoadrianojose.com.br\/","name":"Deputado Adriano Jos\u00e9","description":"Nosso trabalho \u00e9 pelas pessoas","publisher":{"@id":"https:\/\/soldadoadrianojose.com.br\/#\/schema\/person\/16f8e8defb7a4bd6c6082efcd1bdb6bb"},"potentialAction":[{"@type":"SearchAction","target":{"@type":"EntryPoint","urlTemplate":"https:\/\/soldadoadrianojose.com.br\/?s={search_term_string}"},"query-input":{"@type":"PropertyValueSpecification","valueRequired":true,"valueName":"search_term_string"}}],"inLanguage":"pt-BR"},{"@type":["Person","Organization"],"@id":"https:\/\/soldadoadrianojose.com.br\/#\/schema\/person\/16f8e8defb7a4bd6c6082efcd1bdb6bb","name":"soldadoadrianojose","image":{"@type":"ImageObject","inLanguage":"pt-BR","@id":"https:\/\/soldadoadrianojose.com.br\/wp-content\/uploads\/2023\/02\/LOGO_CLEAR-5.png","url":"https:\/\/soldadoadrianojose.com.br\/wp-content\/uploads\/2023\/02\/LOGO_CLEAR-5.png","contentUrl":"https:\/\/soldadoadrianojose.com.br\/wp-content\/uploads\/2023\/02\/LOGO_CLEAR-5.png","width":3508,"height":998,"caption":"soldadoadrianojose"},"logo":{"@id":"https:\/\/soldadoadrianojose.com.br\/wp-content\/uploads\/2023\/02\/LOGO_CLEAR-5.png"},"sameAs":["https:\/\/soldadoadrianojose.com.br"],"url":"https:\/\/soldadoadrianojose.com.br\/index.php\/author\/soldadoadrianojose\/"}]}},"jetpack_featured_media_url":"https:\/\/soldadoadrianojose.com.br\/wp-content\/uploads\/2024\/01\/WhatsApp-Image-2024-01-24-at-11.12.52.jpeg","_links":{"self":[{"href":"https:\/\/soldadoadrianojose.com.br\/index.php\/wp-json\/wp\/v2\/posts\/1938","targetHints":{"allow":["GET"]}}],"collection":[{"href":"https:\/\/soldadoadrianojose.com.br\/index.php\/wp-json\/wp\/v2\/posts"}],"about":[{"href":"https:\/\/soldadoadrianojose.com.br\/index.php\/wp-json\/wp\/v2\/types\/post"}],"author":[{"embeddable":true,"href":"https:\/\/soldadoadrianojose.com.br\/index.php\/wp-json\/wp\/v2\/users\/1"}],"replies":[{"embeddable":true,"href":"https:\/\/soldadoadrianojose.com.br\/index.php\/wp-json\/wp\/v2\/comments?post=1938"}],"version-history":[{"count":1,"href":"https:\/\/soldadoadrianojose.com.br\/index.php\/wp-json\/wp\/v2\/posts\/1938\/revisions"}],"predecessor-version":[{"id":1939,"href":"https:\/\/soldadoadrianojose.com.br\/index.php\/wp-json\/wp\/v2\/posts\/1938\/revisions\/1939"}],"wp:featuredmedia":[{"embeddable":true,"href":"https:\/\/soldadoadrianojose.com.br\/index.php\/wp-json\/wp\/v2\/media\/1940"}],"wp:attachment":[{"href":"https:\/\/soldadoadrianojose.com.br\/index.php\/wp-json\/wp\/v2\/media?parent=1938"}],"wp:term":[{"taxonomy":"category","embeddable":true,"href":"https:\/\/soldadoadrianojose.com.br\/index.php\/wp-json\/wp\/v2\/categories?post=1938"},{"taxonomy":"post_tag","embeddable":true,"href":"https:\/\/soldadoadrianojose.com.br\/index.php\/wp-json\/wp\/v2\/tags?post=1938"}],"curies":[{"name":"wp","href":"https:\/\/api.w.org\/{rel}","templated":true}]}}