{"id":1948,"date":"2024-01-26T13:28:57","date_gmt":"2024-01-26T16:28:57","guid":{"rendered":"https:\/\/soldadoadrianojose.com.br\/?p=1948"},"modified":"2024-01-26T15:06:17","modified_gmt":"2024-01-26T18:06:17","slug":"adriano-jose-prestigia-a-posse-do-prefeito-julio-leite-na-amunpar","status":"publish","type":"post","link":"https:\/\/soldadoadrianojose.com.br\/index.php\/2024\/01\/26\/adriano-jose-prestigia-a-posse-do-prefeito-julio-leite-na-amunpar\/","title":{"rendered":"Deputado Adriano Jos\u00e9 prestigia a posse do prefeito J\u00falio Leite na Amunpar"},"content":{"rendered":"\n<p>Na manh\u00e3 desta sexta-feira (26), Julio Leite assumiu oficialmente a presid\u00eancia da Associa\u00e7\u00e3o dos Munic\u00edpios do Noroeste Paranaense (Amunpar), em uma cerim\u00f4nia marcada por discursos de otimismo e comprometimento. O evento contou com a presen\u00e7a de diversas autoridades, entre elas Ricardo Barros, secret\u00e1rio da Ind\u00fastria, Com\u00e9rcio e Servi\u00e7os do Paran\u00e1.<\/p>\n\n\n\n<p>Barros destacou a import\u00e2ncia do momento para a economia paranaense. \u201cO Paran\u00e1 passar por um excelente momento e estamos indo a cada associa\u00e7\u00e3o dos munic\u00edpios para divulgar e colocar a nossa secretaria e o governador Ratinho Junior \u00e0 disposi\u00e7\u00e3o de parcerias com os prefeitos\u201d, explicou.<\/p>\n\n\n\n<figure class=\"wp-block-gallery has-nested-images columns-default is-cropped wp-block-gallery-1 is-layout-flex wp-block-gallery-is-layout-flex\">\n<figure class=\"wp-block-image size-large\"><a href=\"https:\/\/soldadoadrianojose.com.br\/wp-content\/uploads\/2024\/01\/WhatsApp-Image-2024-01-26-at-13.18.03.jpeg\"><img fetchpriority=\"high\" decoding=\"async\" width=\"1024\" height=\"683\" data-id=\"1950\" src=\"https:\/\/soldadoadrianojose.com.br\/wp-content\/uploads\/2024\/01\/WhatsApp-Image-2024-01-26-at-13.18.03.jpeg\" alt=\"\" class=\"wp-image-1950\" srcset=\"https:\/\/soldadoadrianojose.com.br\/wp-content\/uploads\/2024\/01\/WhatsApp-Image-2024-01-26-at-13.18.03.jpeg 1024w, https:\/\/soldadoadrianojose.com.br\/wp-content\/uploads\/2024\/01\/WhatsApp-Image-2024-01-26-at-13.18.03-300x200.jpeg 300w, https:\/\/soldadoadrianojose.com.br\/wp-content\/uploads\/2024\/01\/WhatsApp-Image-2024-01-26-at-13.18.03-768x512.jpeg 768w\" sizes=\"(max-width: 1024px) 100vw, 1024px\" \/><\/a><\/figure>\n\n\n\n<figure class=\"wp-block-image size-large\"><a href=\"https:\/\/soldadoadrianojose.com.br\/wp-content\/uploads\/2024\/01\/WhatsApp-Image-2024-01-26-at-13.18.02-2.jpeg\"><img decoding=\"async\" width=\"1024\" height=\"683\" data-id=\"1949\" src=\"https:\/\/soldadoadrianojose.com.br\/wp-content\/uploads\/2024\/01\/WhatsApp-Image-2024-01-26-at-13.18.02-2.jpeg\" alt=\"\" class=\"wp-image-1949\" srcset=\"https:\/\/soldadoadrianojose.com.br\/wp-content\/uploads\/2024\/01\/WhatsApp-Image-2024-01-26-at-13.18.02-2.jpeg 1024w, https:\/\/soldadoadrianojose.com.br\/wp-content\/uploads\/2024\/01\/WhatsApp-Image-2024-01-26-at-13.18.02-2-300x200.jpeg 300w, https:\/\/soldadoadrianojose.com.br\/wp-content\/uploads\/2024\/01\/WhatsApp-Image-2024-01-26-at-13.18.02-2-768x512.jpeg 768w\" sizes=\"(max-width: 1024px) 100vw, 1024px\" \/><\/a><\/figure>\n\n\n\n<figure class=\"wp-block-image size-large\"><a href=\"https:\/\/soldadoadrianojose.com.br\/wp-content\/uploads\/2024\/01\/WhatsApp-Image-2024-01-26-at-13.18.02-1.jpeg\"><img decoding=\"async\" width=\"1024\" height=\"683\" data-id=\"1951\" src=\"https:\/\/soldadoadrianojose.com.br\/wp-content\/uploads\/2024\/01\/WhatsApp-Image-2024-01-26-at-13.18.02-1.jpeg\" alt=\"\" class=\"wp-image-1951\" srcset=\"https:\/\/soldadoadrianojose.com.br\/wp-content\/uploads\/2024\/01\/WhatsApp-Image-2024-01-26-at-13.18.02-1.jpeg 1024w, https:\/\/soldadoadrianojose.com.br\/wp-content\/uploads\/2024\/01\/WhatsApp-Image-2024-01-26-at-13.18.02-1-300x200.jpeg 300w, https:\/\/soldadoadrianojose.com.br\/wp-content\/uploads\/2024\/01\/WhatsApp-Image-2024-01-26-at-13.18.02-1-768x512.jpeg 768w\" sizes=\"(max-width: 1024px) 100vw, 1024px\" \/><\/a><\/figure>\n<\/figure>\n\n\n\n<p>O deputado Adriano Jos\u00e9 parabenizou o novo presidente da Amunpar e manifestou confian\u00e7a na continuidade do trabalho realizado pela associa\u00e7\u00e3o. \u201cQuero parabenizar o prefeito Julio Leite.Tenho certeza que dar\u00e1 continuidade ao brilhante trabalho realizando na Amunpar pelo prefeito Vico, com engajamento e aproxima\u00e7\u00e3o dos prefeitos da regi\u00e3o\u201d, declarou. Adriano Jos\u00e9 reafirmou seu compromisso de, junto com o governador Ratinho Junior, prefeitos e prefeitas, continuar trabalhando para desenvolver e melhorar cada vez mais a regi\u00e3o da AMUNPAR, Paranava\u00ed e todos os demais munic\u00edpios.<\/p>\n\n\n\n<p>Edimar Santos, Prefeito de Santa Cec\u00edlia do Pav\u00e3o e Presidente da Associa\u00e7\u00e3o do Munic\u00edpios do Paran\u00e1 (AMP), tamb\u00e9m esteve presente e expressou seu desejo de que a Amunpar leve adiante pautas que impactem positivamente a vida das pessoas em cada cidade do Paran\u00e1.<\/p>\n\n\n\n<figure class=\"wp-block-image size-full\"><img loading=\"lazy\" decoding=\"async\" width=\"1024\" height=\"683\" src=\"https:\/\/soldadoadrianojose.com.br\/wp-content\/uploads\/2024\/01\/WhatsApp-Image-2024-01-26-at-13.18.03-1.jpeg\" alt=\"\" class=\"wp-image-1952\" srcset=\"https:\/\/soldadoadrianojose.com.br\/wp-content\/uploads\/2024\/01\/WhatsApp-Image-2024-01-26-at-13.18.03-1.jpeg 1024w, https:\/\/soldadoadrianojose.com.br\/wp-content\/uploads\/2024\/01\/WhatsApp-Image-2024-01-26-at-13.18.03-1-300x200.jpeg 300w, https:\/\/soldadoadrianojose.com.br\/wp-content\/uploads\/2024\/01\/WhatsApp-Image-2024-01-26-at-13.18.03-1-768x512.jpeg 768w\" sizes=\"(max-width: 1024px) 100vw, 1024px\" \/><\/figure>\n\n\n\n<p>A posse de Julio Leite, prefeito de Terra Rica, marca o in\u00edcio de uma nova fase para a Amunpar, com expectativas de parcerias s\u00f3lidas e a continuidade do desenvolvimento regional no Noroeste Paranaense.<\/p>\n\n\n\n<p>Durante sua fala, Leite pontuou que j\u00e1 iniciou di\u00e1logos com os governos estadual e federal para discutir prioridades no in\u00edcio do seu mandato. Ele destacou o foco em demandas hist\u00f3ricas, como a duplica\u00e7\u00e3o da BR-376, a constru\u00e7\u00e3o da ponte entre Paran\u00e1 e Mato Grosso do Sul, a luta pelo curso de medicina em Paranava\u00ed e o fortalecimento do turismo regional. \u201cVamos cobrar celeridade do governo nessas demandas que j\u00e1 s\u00e3o hist\u00f3ricas\u201d, afirmou<\/p>\n\n\n\n<p><\/p>\n\n\n\n<figure class=\"wp-block-image size-full\"><img loading=\"lazy\" decoding=\"async\" width=\"1024\" height=\"683\" src=\"https:\/\/soldadoadrianojose.com.br\/wp-content\/uploads\/2024\/01\/WhatsApp-Image-2024-01-26-at-13.18.02.jpeg\" alt=\"\" class=\"wp-image-1953\" srcset=\"https:\/\/soldadoadrianojose.com.br\/wp-content\/uploads\/2024\/01\/WhatsApp-Image-2024-01-26-at-13.18.02.jpeg 1024w, https:\/\/soldadoadrianojose.com.br\/wp-content\/uploads\/2024\/01\/WhatsApp-Image-2024-01-26-at-13.18.02-300x200.jpeg 300w, https:\/\/soldadoadrianojose.com.br\/wp-content\/uploads\/2024\/01\/WhatsApp-Image-2024-01-26-at-13.18.02-768x512.jpeg 768w\" sizes=\"(max-width: 1024px) 100vw, 1024px\" \/><\/figure>\n","protected":false},"excerpt":{"rendered":"<p>Na manh\u00e3 desta sexta-feira (26), Julio Leite assumiu oficialmente a presid\u00eancia da Associa\u00e7\u00e3o dos Munic\u00edpios do Noroeste Paranaense (Amunpar), em uma cerim\u00f4nia marcada por discursos de otimismo e comprometimento. O evento contou com a presen\u00e7a de diversas autoridades, entre elas Ricardo Barros, secret\u00e1rio da Ind\u00fastria, Com\u00e9rcio e Servi\u00e7os do Paran\u00e1. Barros destacou a import\u00e2ncia do [&hellip;]<\/p>\n","protected":false},"author":1,"featured_media":1954,"comment_status":"open","ping_status":"open","sticky":false,"template":"","format":"standard","meta":{"footnotes":""},"categories":[5],"tags":[55,13,12,9],"class_list":["post-1948","post","type-post","status-publish","format-standard","has-post-thumbnail","hentry","category-parana","tag-amunpar","tag-deputado","tag-parana","tag-soldado-adriano-jose"],"yoast_head":"<!-- This site is optimized with the Yoast SEO plugin v27.4 - https:\/\/yoast.com\/product\/yoast-seo-wordpress\/ -->\n<title>Deputado Adriano Jos\u00e9 prestigia a posse do prefeito J\u00falio Leite na Amunpar - Deputado Adriano Jos\u00e9<\/title>\n<meta name=\"robots\" content=\"index, follow, max-snippet:-1, max-image-preview:large, max-video-preview:-1\" \/>\n<link rel=\"canonical\" href=\"https:\/\/soldadoadrianojose.com.br\/index.php\/2024\/01\/26\/adriano-jose-prestigia-a-posse-do-prefeito-julio-leite-na-amunpar\/\" \/>\n<meta property=\"og:locale\" content=\"pt_BR\" \/>\n<meta property=\"og:type\" content=\"article\" \/>\n<meta property=\"og:title\" content=\"Deputado Adriano Jos\u00e9 prestigia a posse do prefeito J\u00falio Leite na Amunpar - Deputado Adriano Jos\u00e9\" \/>\n<meta property=\"og:description\" content=\"Na manh\u00e3 desta sexta-feira (26), Julio Leite assumiu oficialmente a presid\u00eancia da Associa\u00e7\u00e3o dos Munic\u00edpios do Noroeste Paranaense (Amunpar), em uma cerim\u00f4nia marcada por discursos de otimismo e comprometimento. O evento contou com a presen\u00e7a de diversas autoridades, entre elas Ricardo Barros, secret\u00e1rio da Ind\u00fastria, Com\u00e9rcio e Servi\u00e7os do Paran\u00e1. Barros destacou a import\u00e2ncia do [&hellip;]\" \/>\n<meta property=\"og:url\" content=\"https:\/\/soldadoadrianojose.com.br\/index.php\/2024\/01\/26\/adriano-jose-prestigia-a-posse-do-prefeito-julio-leite-na-amunpar\/\" \/>\n<meta property=\"og:site_name\" content=\"Deputado Adriano Jos\u00e9\" \/>\n<meta property=\"article:published_time\" content=\"2024-01-26T16:28:57+00:00\" \/>\n<meta property=\"article:modified_time\" content=\"2024-01-26T18:06:17+00:00\" \/>\n<meta property=\"og:image\" content=\"https:\/\/soldadoadrianojose.com.br\/wp-content\/uploads\/2024\/01\/WhatsApp-Image-2024-01-26-at-13.18.01.jpeg\" \/>\n\t<meta property=\"og:image:width\" content=\"1024\" \/>\n\t<meta property=\"og:image:height\" content=\"683\" \/>\n\t<meta property=\"og:image:type\" content=\"image\/jpeg\" \/>\n<meta name=\"author\" content=\"soldadoadrianojose\" \/>\n<meta name=\"twitter:card\" content=\"summary_large_image\" \/>\n<meta name=\"twitter:label1\" content=\"Escrito por\" \/>\n\t<meta name=\"twitter:data1\" content=\"soldadoadrianojose\" \/>\n\t<meta name=\"twitter:label2\" content=\"Est. tempo de leitura\" \/>\n\t<meta name=\"twitter:data2\" content=\"3 minutos\" \/>\n<script type=\"application\/ld+json\" class=\"yoast-schema-graph\">{\"@context\":\"https:\\\/\\\/schema.org\",\"@graph\":[{\"@type\":\"Article\",\"@id\":\"https:\\\/\\\/soldadoadrianojose.com.br\\\/index.php\\\/2024\\\/01\\\/26\\\/adriano-jose-prestigia-a-posse-do-prefeito-julio-leite-na-amunpar\\\/#article\",\"isPartOf\":{\"@id\":\"https:\\\/\\\/soldadoadrianojose.com.br\\\/index.php\\\/2024\\\/01\\\/26\\\/adriano-jose-prestigia-a-posse-do-prefeito-julio-leite-na-amunpar\\\/\"},\"author\":{\"name\":\"soldadoadrianojose\",\"@id\":\"https:\\\/\\\/soldadoadrianojose.com.br\\\/#\\\/schema\\\/person\\\/16f8e8defb7a4bd6c6082efcd1bdb6bb\"},\"headline\":\"Deputado Adriano Jos\u00e9 prestigia a posse do prefeito J\u00falio Leite na Amunpar\",\"datePublished\":\"2024-01-26T16:28:57+00:00\",\"dateModified\":\"2024-01-26T18:06:17+00:00\",\"mainEntityOfPage\":{\"@id\":\"https:\\\/\\\/soldadoadrianojose.com.br\\\/index.php\\\/2024\\\/01\\\/26\\\/adriano-jose-prestigia-a-posse-do-prefeito-julio-leite-na-amunpar\\\/\"},\"wordCount\":370,\"commentCount\":0,\"publisher\":{\"@id\":\"https:\\\/\\\/soldadoadrianojose.com.br\\\/#\\\/schema\\\/person\\\/16f8e8defb7a4bd6c6082efcd1bdb6bb\"},\"image\":{\"@id\":\"https:\\\/\\\/soldadoadrianojose.com.br\\\/index.php\\\/2024\\\/01\\\/26\\\/adriano-jose-prestigia-a-posse-do-prefeito-julio-leite-na-amunpar\\\/#primaryimage\"},\"thumbnailUrl\":\"https:\\\/\\\/soldadoadrianojose.com.br\\\/wp-content\\\/uploads\\\/2024\\\/01\\\/WhatsApp-Image-2024-01-26-at-13.18.01.jpeg\",\"keywords\":[\"amunpar\",\"deputado\",\"paran\u00e1\",\"soldado adriano jose\"],\"articleSection\":[\"PARAN\u00c1\"],\"inLanguage\":\"pt-BR\",\"potentialAction\":[{\"@type\":\"CommentAction\",\"name\":\"Comment\",\"target\":[\"https:\\\/\\\/soldadoadrianojose.com.br\\\/index.php\\\/2024\\\/01\\\/26\\\/adriano-jose-prestigia-a-posse-do-prefeito-julio-leite-na-amunpar\\\/#respond\"]}]},{\"@type\":\"WebPage\",\"@id\":\"https:\\\/\\\/soldadoadrianojose.com.br\\\/index.php\\\/2024\\\/01\\\/26\\\/adriano-jose-prestigia-a-posse-do-prefeito-julio-leite-na-amunpar\\\/\",\"url\":\"https:\\\/\\\/soldadoadrianojose.com.br\\\/index.php\\\/2024\\\/01\\\/26\\\/adriano-jose-prestigia-a-posse-do-prefeito-julio-leite-na-amunpar\\\/\",\"name\":\"Deputado Adriano Jos\u00e9 prestigia a posse do prefeito J\u00falio Leite na Amunpar - Deputado Adriano Jos\u00e9\",\"isPartOf\":{\"@id\":\"https:\\\/\\\/soldadoadrianojose.com.br\\\/#website\"},\"primaryImageOfPage\":{\"@id\":\"https:\\\/\\\/soldadoadrianojose.com.br\\\/index.php\\\/2024\\\/01\\\/26\\\/adriano-jose-prestigia-a-posse-do-prefeito-julio-leite-na-amunpar\\\/#primaryimage\"},\"image\":{\"@id\":\"https:\\\/\\\/soldadoadrianojose.com.br\\\/index.php\\\/2024\\\/01\\\/26\\\/adriano-jose-prestigia-a-posse-do-prefeito-julio-leite-na-amunpar\\\/#primaryimage\"},\"thumbnailUrl\":\"https:\\\/\\\/soldadoadrianojose.com.br\\\/wp-content\\\/uploads\\\/2024\\\/01\\\/WhatsApp-Image-2024-01-26-at-13.18.01.jpeg\",\"datePublished\":\"2024-01-26T16:28:57+00:00\",\"dateModified\":\"2024-01-26T18:06:17+00:00\",\"breadcrumb\":{\"@id\":\"https:\\\/\\\/soldadoadrianojose.com.br\\\/index.php\\\/2024\\\/01\\\/26\\\/adriano-jose-prestigia-a-posse-do-prefeito-julio-leite-na-amunpar\\\/#breadcrumb\"},\"inLanguage\":\"pt-BR\",\"potentialAction\":[{\"@type\":\"ReadAction\",\"target\":[\"https:\\\/\\\/soldadoadrianojose.com.br\\\/index.php\\\/2024\\\/01\\\/26\\\/adriano-jose-prestigia-a-posse-do-prefeito-julio-leite-na-amunpar\\\/\"]}]},{\"@type\":\"ImageObject\",\"inLanguage\":\"pt-BR\",\"@id\":\"https:\\\/\\\/soldadoadrianojose.com.br\\\/index.php\\\/2024\\\/01\\\/26\\\/adriano-jose-prestigia-a-posse-do-prefeito-julio-leite-na-amunpar\\\/#primaryimage\",\"url\":\"https:\\\/\\\/soldadoadrianojose.com.br\\\/wp-content\\\/uploads\\\/2024\\\/01\\\/WhatsApp-Image-2024-01-26-at-13.18.01.jpeg\",\"contentUrl\":\"https:\\\/\\\/soldadoadrianojose.com.br\\\/wp-content\\\/uploads\\\/2024\\\/01\\\/WhatsApp-Image-2024-01-26-at-13.18.01.jpeg\",\"width\":1024,\"height\":683},{\"@type\":\"BreadcrumbList\",\"@id\":\"https:\\\/\\\/soldadoadrianojose.com.br\\\/index.php\\\/2024\\\/01\\\/26\\\/adriano-jose-prestigia-a-posse-do-prefeito-julio-leite-na-amunpar\\\/#breadcrumb\",\"itemListElement\":[{\"@type\":\"ListItem\",\"position\":1,\"name\":\"In\u00edcio\",\"item\":\"https:\\\/\\\/soldadoadrianojose.com.br\\\/\"},{\"@type\":\"ListItem\",\"position\":2,\"name\":\"Deputado Adriano Jos\u00e9 prestigia a posse do prefeito J\u00falio Leite na Amunpar\"}]},{\"@type\":\"WebSite\",\"@id\":\"https:\\\/\\\/soldadoadrianojose.com.br\\\/#website\",\"url\":\"https:\\\/\\\/soldadoadrianojose.com.br\\\/\",\"name\":\"Deputado Adriano Jos\u00e9\",\"description\":\"Nosso trabalho \u00e9 pelas pessoas\",\"publisher\":{\"@id\":\"https:\\\/\\\/soldadoadrianojose.com.br\\\/#\\\/schema\\\/person\\\/16f8e8defb7a4bd6c6082efcd1bdb6bb\"},\"potentialAction\":[{\"@type\":\"SearchAction\",\"target\":{\"@type\":\"EntryPoint\",\"urlTemplate\":\"https:\\\/\\\/soldadoadrianojose.com.br\\\/?s={search_term_string}\"},\"query-input\":{\"@type\":\"PropertyValueSpecification\",\"valueRequired\":true,\"valueName\":\"search_term_string\"}}],\"inLanguage\":\"pt-BR\"},{\"@type\":[\"Person\",\"Organization\"],\"@id\":\"https:\\\/\\\/soldadoadrianojose.com.br\\\/#\\\/schema\\\/person\\\/16f8e8defb7a4bd6c6082efcd1bdb6bb\",\"name\":\"soldadoadrianojose\",\"image\":{\"@type\":\"ImageObject\",\"inLanguage\":\"pt-BR\",\"@id\":\"https:\\\/\\\/soldadoadrianojose.com.br\\\/wp-content\\\/uploads\\\/2023\\\/02\\\/LOGO_CLEAR-5.png\",\"url\":\"https:\\\/\\\/soldadoadrianojose.com.br\\\/wp-content\\\/uploads\\\/2023\\\/02\\\/LOGO_CLEAR-5.png\",\"contentUrl\":\"https:\\\/\\\/soldadoadrianojose.com.br\\\/wp-content\\\/uploads\\\/2023\\\/02\\\/LOGO_CLEAR-5.png\",\"width\":3508,\"height\":998,\"caption\":\"soldadoadrianojose\"},\"logo\":{\"@id\":\"https:\\\/\\\/soldadoadrianojose.com.br\\\/wp-content\\\/uploads\\\/2023\\\/02\\\/LOGO_CLEAR-5.png\"},\"sameAs\":[\"https:\\\/\\\/soldadoadrianojose.com.br\"],\"url\":\"https:\\\/\\\/soldadoadrianojose.com.br\\\/index.php\\\/author\\\/soldadoadrianojose\\\/\"}]}<\/script>\n<!-- \/ Yoast SEO plugin. -->","yoast_head_json":{"title":"Deputado Adriano Jos\u00e9 prestigia a posse do prefeito J\u00falio Leite na Amunpar - Deputado Adriano Jos\u00e9","robots":{"index":"index","follow":"follow","max-snippet":"max-snippet:-1","max-image-preview":"max-image-preview:large","max-video-preview":"max-video-preview:-1"},"canonical":"https:\/\/soldadoadrianojose.com.br\/index.php\/2024\/01\/26\/adriano-jose-prestigia-a-posse-do-prefeito-julio-leite-na-amunpar\/","og_locale":"pt_BR","og_type":"article","og_title":"Deputado Adriano Jos\u00e9 prestigia a posse do prefeito J\u00falio Leite na Amunpar - Deputado Adriano Jos\u00e9","og_description":"Na manh\u00e3 desta sexta-feira (26), Julio Leite assumiu oficialmente a presid\u00eancia da Associa\u00e7\u00e3o dos Munic\u00edpios do Noroeste Paranaense (Amunpar), em uma cerim\u00f4nia marcada por discursos de otimismo e comprometimento. O evento contou com a presen\u00e7a de diversas autoridades, entre elas Ricardo Barros, secret\u00e1rio da Ind\u00fastria, Com\u00e9rcio e Servi\u00e7os do Paran\u00e1. Barros destacou a import\u00e2ncia do [&hellip;]","og_url":"https:\/\/soldadoadrianojose.com.br\/index.php\/2024\/01\/26\/adriano-jose-prestigia-a-posse-do-prefeito-julio-leite-na-amunpar\/","og_site_name":"Deputado Adriano Jos\u00e9","article_published_time":"2024-01-26T16:28:57+00:00","article_modified_time":"2024-01-26T18:06:17+00:00","og_image":[{"width":1024,"height":683,"url":"https:\/\/soldadoadrianojose.com.br\/wp-content\/uploads\/2024\/01\/WhatsApp-Image-2024-01-26-at-13.18.01.jpeg","type":"image\/jpeg"}],"author":"soldadoadrianojose","twitter_card":"summary_large_image","twitter_misc":{"Escrito por":"soldadoadrianojose","Est. tempo de leitura":"3 minutos"},"schema":{"@context":"https:\/\/schema.org","@graph":[{"@type":"Article","@id":"https:\/\/soldadoadrianojose.com.br\/index.php\/2024\/01\/26\/adriano-jose-prestigia-a-posse-do-prefeito-julio-leite-na-amunpar\/#article","isPartOf":{"@id":"https:\/\/soldadoadrianojose.com.br\/index.php\/2024\/01\/26\/adriano-jose-prestigia-a-posse-do-prefeito-julio-leite-na-amunpar\/"},"author":{"name":"soldadoadrianojose","@id":"https:\/\/soldadoadrianojose.com.br\/#\/schema\/person\/16f8e8defb7a4bd6c6082efcd1bdb6bb"},"headline":"Deputado Adriano Jos\u00e9 prestigia a posse do prefeito J\u00falio Leite na Amunpar","datePublished":"2024-01-26T16:28:57+00:00","dateModified":"2024-01-26T18:06:17+00:00","mainEntityOfPage":{"@id":"https:\/\/soldadoadrianojose.com.br\/index.php\/2024\/01\/26\/adriano-jose-prestigia-a-posse-do-prefeito-julio-leite-na-amunpar\/"},"wordCount":370,"commentCount":0,"publisher":{"@id":"https:\/\/soldadoadrianojose.com.br\/#\/schema\/person\/16f8e8defb7a4bd6c6082efcd1bdb6bb"},"image":{"@id":"https:\/\/soldadoadrianojose.com.br\/index.php\/2024\/01\/26\/adriano-jose-prestigia-a-posse-do-prefeito-julio-leite-na-amunpar\/#primaryimage"},"thumbnailUrl":"https:\/\/soldadoadrianojose.com.br\/wp-content\/uploads\/2024\/01\/WhatsApp-Image-2024-01-26-at-13.18.01.jpeg","keywords":["amunpar","deputado","paran\u00e1","soldado adriano jose"],"articleSection":["PARAN\u00c1"],"inLanguage":"pt-BR","potentialAction":[{"@type":"CommentAction","name":"Comment","target":["https:\/\/soldadoadrianojose.com.br\/index.php\/2024\/01\/26\/adriano-jose-prestigia-a-posse-do-prefeito-julio-leite-na-amunpar\/#respond"]}]},{"@type":"WebPage","@id":"https:\/\/soldadoadrianojose.com.br\/index.php\/2024\/01\/26\/adriano-jose-prestigia-a-posse-do-prefeito-julio-leite-na-amunpar\/","url":"https:\/\/soldadoadrianojose.com.br\/index.php\/2024\/01\/26\/adriano-jose-prestigia-a-posse-do-prefeito-julio-leite-na-amunpar\/","name":"Deputado Adriano Jos\u00e9 prestigia a posse do prefeito J\u00falio Leite na Amunpar - Deputado Adriano Jos\u00e9","isPartOf":{"@id":"https:\/\/soldadoadrianojose.com.br\/#website"},"primaryImageOfPage":{"@id":"https:\/\/soldadoadrianojose.com.br\/index.php\/2024\/01\/26\/adriano-jose-prestigia-a-posse-do-prefeito-julio-leite-na-amunpar\/#primaryimage"},"image":{"@id":"https:\/\/soldadoadrianojose.com.br\/index.php\/2024\/01\/26\/adriano-jose-prestigia-a-posse-do-prefeito-julio-leite-na-amunpar\/#primaryimage"},"thumbnailUrl":"https:\/\/soldadoadrianojose.com.br\/wp-content\/uploads\/2024\/01\/WhatsApp-Image-2024-01-26-at-13.18.01.jpeg","datePublished":"2024-01-26T16:28:57+00:00","dateModified":"2024-01-26T18:06:17+00:00","breadcrumb":{"@id":"https:\/\/soldadoadrianojose.com.br\/index.php\/2024\/01\/26\/adriano-jose-prestigia-a-posse-do-prefeito-julio-leite-na-amunpar\/#breadcrumb"},"inLanguage":"pt-BR","potentialAction":[{"@type":"ReadAction","target":["https:\/\/soldadoadrianojose.com.br\/index.php\/2024\/01\/26\/adriano-jose-prestigia-a-posse-do-prefeito-julio-leite-na-amunpar\/"]}]},{"@type":"ImageObject","inLanguage":"pt-BR","@id":"https:\/\/soldadoadrianojose.com.br\/index.php\/2024\/01\/26\/adriano-jose-prestigia-a-posse-do-prefeito-julio-leite-na-amunpar\/#primaryimage","url":"https:\/\/soldadoadrianojose.com.br\/wp-content\/uploads\/2024\/01\/WhatsApp-Image-2024-01-26-at-13.18.01.jpeg","contentUrl":"https:\/\/soldadoadrianojose.com.br\/wp-content\/uploads\/2024\/01\/WhatsApp-Image-2024-01-26-at-13.18.01.jpeg","width":1024,"height":683},{"@type":"BreadcrumbList","@id":"https:\/\/soldadoadrianojose.com.br\/index.php\/2024\/01\/26\/adriano-jose-prestigia-a-posse-do-prefeito-julio-leite-na-amunpar\/#breadcrumb","itemListElement":[{"@type":"ListItem","position":1,"name":"In\u00edcio","item":"https:\/\/soldadoadrianojose.com.br\/"},{"@type":"ListItem","position":2,"name":"Deputado Adriano Jos\u00e9 prestigia a posse do prefeito J\u00falio Leite na Amunpar"}]},{"@type":"WebSite","@id":"https:\/\/soldadoadrianojose.com.br\/#website","url":"https:\/\/soldadoadrianojose.com.br\/","name":"Deputado Adriano Jos\u00e9","description":"Nosso trabalho \u00e9 pelas pessoas","publisher":{"@id":"https:\/\/soldadoadrianojose.com.br\/#\/schema\/person\/16f8e8defb7a4bd6c6082efcd1bdb6bb"},"potentialAction":[{"@type":"SearchAction","target":{"@type":"EntryPoint","urlTemplate":"https:\/\/soldadoadrianojose.com.br\/?s={search_term_string}"},"query-input":{"@type":"PropertyValueSpecification","valueRequired":true,"valueName":"search_term_string"}}],"inLanguage":"pt-BR"},{"@type":["Person","Organization"],"@id":"https:\/\/soldadoadrianojose.com.br\/#\/schema\/person\/16f8e8defb7a4bd6c6082efcd1bdb6bb","name":"soldadoadrianojose","image":{"@type":"ImageObject","inLanguage":"pt-BR","@id":"https:\/\/soldadoadrianojose.com.br\/wp-content\/uploads\/2023\/02\/LOGO_CLEAR-5.png","url":"https:\/\/soldadoadrianojose.com.br\/wp-content\/uploads\/2023\/02\/LOGO_CLEAR-5.png","contentUrl":"https:\/\/soldadoadrianojose.com.br\/wp-content\/uploads\/2023\/02\/LOGO_CLEAR-5.png","width":3508,"height":998,"caption":"soldadoadrianojose"},"logo":{"@id":"https:\/\/soldadoadrianojose.com.br\/wp-content\/uploads\/2023\/02\/LOGO_CLEAR-5.png"},"sameAs":["https:\/\/soldadoadrianojose.com.br"],"url":"https:\/\/soldadoadrianojose.com.br\/index.php\/author\/soldadoadrianojose\/"}]}},"jetpack_featured_media_url":"https:\/\/soldadoadrianojose.com.br\/wp-content\/uploads\/2024\/01\/WhatsApp-Image-2024-01-26-at-13.18.01.jpeg","_links":{"self":[{"href":"https:\/\/soldadoadrianojose.com.br\/index.php\/wp-json\/wp\/v2\/posts\/1948","targetHints":{"allow":["GET"]}}],"collection":[{"href":"https:\/\/soldadoadrianojose.com.br\/index.php\/wp-json\/wp\/v2\/posts"}],"about":[{"href":"https:\/\/soldadoadrianojose.com.br\/index.php\/wp-json\/wp\/v2\/types\/post"}],"author":[{"embeddable":true,"href":"https:\/\/soldadoadrianojose.com.br\/index.php\/wp-json\/wp\/v2\/users\/1"}],"replies":[{"embeddable":true,"href":"https:\/\/soldadoadrianojose.com.br\/index.php\/wp-json\/wp\/v2\/comments?post=1948"}],"version-history":[{"count":4,"href":"https:\/\/soldadoadrianojose.com.br\/index.php\/wp-json\/wp\/v2\/posts\/1948\/revisions"}],"predecessor-version":[{"id":1958,"href":"https:\/\/soldadoadrianojose.com.br\/index.php\/wp-json\/wp\/v2\/posts\/1948\/revisions\/1958"}],"wp:featuredmedia":[{"embeddable":true,"href":"https:\/\/soldadoadrianojose.com.br\/index.php\/wp-json\/wp\/v2\/media\/1954"}],"wp:attachment":[{"href":"https:\/\/soldadoadrianojose.com.br\/index.php\/wp-json\/wp\/v2\/media?parent=1948"}],"wp:term":[{"taxonomy":"category","embeddable":true,"href":"https:\/\/soldadoadrianojose.com.br\/index.php\/wp-json\/wp\/v2\/categories?post=1948"},{"taxonomy":"post_tag","embeddable":true,"href":"https:\/\/soldadoadrianojose.com.br\/index.php\/wp-json\/wp\/v2\/tags?post=1948"}],"curies":[{"name":"wp","href":"https:\/\/api.w.org\/{rel}","templated":true}]}}