{"id":1959,"date":"2024-01-26T16:48:54","date_gmt":"2024-01-26T19:48:54","guid":{"rendered":"https:\/\/soldadoadrianojose.com.br\/?p=1959"},"modified":"2024-01-26T18:08:00","modified_gmt":"2024-01-26T21:08:00","slug":"deputado-adriano-jose-comemora-assinatura-de-termo-entre-seti-uem-amunpar-e-projetec-projeto-executivo-de-engenharia-e-arquitetura","status":"publish","type":"post","link":"https:\/\/soldadoadrianojose.com.br\/index.php\/2024\/01\/26\/deputado-adriano-jose-comemora-assinatura-de-termo-entre-seti-uem-amunpar-e-projetec-projeto-executivo-de-engenharia-e-arquitetura\/","title":{"rendered":"Deputado Adriano Jos\u00e9 comemora assinatura de termo entre SETI, UEM, AMUNPAR e Projetec &#8211; projeto executivo de engenharia e arquitetura."},"content":{"rendered":"\n<p>O deputado Adriano Jos\u00e9 esteve presente junto com os prefeitos e o reitor da UEM em reuni\u00e3o importante na AMUNPAR, em Paranava\u00ed, para assinar o termo de compromisso de ades\u00e3o ao programa da UEM em parceria com a SETI, que tem como objetivo elaborar projetos das \u00e1reas de engenharia nas cidades que possuem capacidade de execu\u00e7\u00e3o, por meio de a\u00e7\u00f5es voltados para o desenvolvimento regional.<\/p>\n\n\n\n<p>Durante a reuni\u00e3o Adriano Jos\u00e9 elogiou o trabalho realizado pelo reitor da UEM, professor Leandro Vanalli por contribuir com a parceria e por apoiar os munic\u00edpios. Ele destacou que a UEM tem sido fundamental na regi\u00e3o de Maring\u00e1, auxiliando os prefeitos da Amusep na elabora\u00e7\u00e3o de projetos para trazer recursos para as cidades. Agora, com essa parceria com a Amunpar, o deputado acredita que os munic\u00edpios da regi\u00e3o ser\u00e3o ainda mais beneficiados.\u2028<\/p>\n\n\n\n<p>O reitor da UEM, professor Vanalli, agradeceu o deputado Adriano Jos\u00e9 pelo apoio \u00e0 universidade na Assembleia Legislativa ressaltando o empenho do deputado em viabilizar o Projetec, que instala escrit\u00f3rios de engenharia nas universidades para elaborar projetos para os munic\u00edpios. Com o apoio dos prefeitos para expandir o escrit\u00f3rio da UEM, ser\u00e3o realizados mais projetos, contribuindo para o desenvolvimento regional.<\/p>\n\n\n\n<p>J\u00falio Leite, Prefeito de Terra Rica e novo presidente da Amunpar, ressaltou a import\u00e2ncia de ter bons projetos para apresentar aos deputados. Ele destacou a parceria com a UEM, que fornecer\u00e1 projetos sem custo por meio da Secretaria de Tecnologia do Estado, permitindo que os munic\u00edpios tenham projetos a custo zero. Leite afirmou que assinar\u00e1 o termo de compromisso de ades\u00e3o ao programa da UEM em nome de todos os prefeitos, para poderem elaborar projetos em seus munic\u00edpios.<\/p>\n\n\n\n<p>Essa parceria entre a SETI, UEM, AMUNPAR e Projetec promete impulsionar o desenvolvimento regional, trazendo benef\u00edcios para os munic\u00edpios do Paran\u00e1. Com a uni\u00e3o de esfor\u00e7os entre as institui\u00e7\u00f5es de ensino superior e as prefeituras, espera-se que novos projetos sejam elaborados e que recursos sejam direcionados para as cidades, promovendo o crescimento e a melhoria da qualidade de vida da popula\u00e7\u00e3o.<\/p>\n","protected":false},"excerpt":{"rendered":"<p>O deputado Adriano Jos\u00e9 esteve presente junto com os prefeitos e o reitor da UEM em reuni\u00e3o importante na AMUNPAR, em Paranava\u00ed, para assinar o termo de compromisso de ades\u00e3o ao programa da UEM em parceria com a SETI, que tem como objetivo elaborar projetos das \u00e1reas de engenharia nas cidades que possuem capacidade de [&hellip;]<\/p>\n","protected":false},"author":1,"featured_media":1960,"comment_status":"open","ping_status":"open","sticky":false,"template":"","format":"standard","meta":{"footnotes":""},"categories":[5],"tags":[59,13,12,56,9,57],"class_list":["post-1959","post","type-post","status-publish","format-standard","has-post-thumbnail","hentry","category-parana","tag-amusep","tag-deputado","tag-parana","tag-projetec","tag-soldado-adriano-jose","tag-uem"],"yoast_head":"<!-- This site is optimized with the Yoast SEO plugin v27.4 - https:\/\/yoast.com\/product\/yoast-seo-wordpress\/ -->\n<title>Deputado Adriano Jos\u00e9 comemora assinatura de termo entre SETI, UEM, AMUNPAR e Projetec - projeto executivo de engenharia e arquitetura. - Deputado Adriano Jos\u00e9<\/title>\n<meta name=\"robots\" content=\"index, follow, max-snippet:-1, max-image-preview:large, max-video-preview:-1\" \/>\n<link rel=\"canonical\" href=\"https:\/\/soldadoadrianojose.com.br\/index.php\/2024\/01\/26\/deputado-adriano-jose-comemora-assinatura-de-termo-entre-seti-uem-amunpar-e-projetec-projeto-executivo-de-engenharia-e-arquitetura\/\" \/>\n<meta property=\"og:locale\" content=\"pt_BR\" \/>\n<meta property=\"og:type\" content=\"article\" \/>\n<meta property=\"og:title\" content=\"Deputado Adriano Jos\u00e9 comemora assinatura de termo entre SETI, UEM, AMUNPAR e Projetec - projeto executivo de engenharia e arquitetura. - Deputado Adriano Jos\u00e9\" \/>\n<meta property=\"og:description\" content=\"O deputado Adriano Jos\u00e9 esteve presente junto com os prefeitos e o reitor da UEM em reuni\u00e3o importante na AMUNPAR, em Paranava\u00ed, para assinar o termo de compromisso de ades\u00e3o ao programa da UEM em parceria com a SETI, que tem como objetivo elaborar projetos das \u00e1reas de engenharia nas cidades que possuem capacidade de [&hellip;]\" \/>\n<meta property=\"og:url\" content=\"https:\/\/soldadoadrianojose.com.br\/index.php\/2024\/01\/26\/deputado-adriano-jose-comemora-assinatura-de-termo-entre-seti-uem-amunpar-e-projetec-projeto-executivo-de-engenharia-e-arquitetura\/\" \/>\n<meta property=\"og:site_name\" content=\"Deputado Adriano Jos\u00e9\" \/>\n<meta property=\"article:published_time\" content=\"2024-01-26T19:48:54+00:00\" \/>\n<meta property=\"article:modified_time\" content=\"2024-01-26T21:08:00+00:00\" \/>\n<meta property=\"og:image\" content=\"https:\/\/soldadoadrianojose.com.br\/wp-content\/uploads\/2024\/01\/WhatsApp-Image-2024-01-26-at-16.45.17-1.jpeg\" \/>\n\t<meta property=\"og:image:width\" content=\"960\" \/>\n\t<meta property=\"og:image:height\" content=\"719\" \/>\n\t<meta property=\"og:image:type\" content=\"image\/jpeg\" \/>\n<meta name=\"author\" content=\"soldadoadrianojose\" \/>\n<meta name=\"twitter:card\" content=\"summary_large_image\" \/>\n<meta name=\"twitter:label1\" content=\"Escrito por\" \/>\n\t<meta name=\"twitter:data1\" content=\"soldadoadrianojose\" \/>\n\t<meta name=\"twitter:label2\" content=\"Est. tempo de leitura\" \/>\n\t<meta name=\"twitter:data2\" content=\"3 minutos\" \/>\n<script type=\"application\/ld+json\" class=\"yoast-schema-graph\">{\"@context\":\"https:\\\/\\\/schema.org\",\"@graph\":[{\"@type\":\"Article\",\"@id\":\"https:\\\/\\\/soldadoadrianojose.com.br\\\/index.php\\\/2024\\\/01\\\/26\\\/deputado-adriano-jose-comemora-assinatura-de-termo-entre-seti-uem-amunpar-e-projetec-projeto-executivo-de-engenharia-e-arquitetura\\\/#article\",\"isPartOf\":{\"@id\":\"https:\\\/\\\/soldadoadrianojose.com.br\\\/index.php\\\/2024\\\/01\\\/26\\\/deputado-adriano-jose-comemora-assinatura-de-termo-entre-seti-uem-amunpar-e-projetec-projeto-executivo-de-engenharia-e-arquitetura\\\/\"},\"author\":{\"name\":\"soldadoadrianojose\",\"@id\":\"https:\\\/\\\/soldadoadrianojose.com.br\\\/#\\\/schema\\\/person\\\/16f8e8defb7a4bd6c6082efcd1bdb6bb\"},\"headline\":\"Deputado Adriano Jos\u00e9 comemora assinatura de termo entre SETI, UEM, AMUNPAR e Projetec &#8211; projeto executivo de engenharia e arquitetura.\",\"datePublished\":\"2024-01-26T19:48:54+00:00\",\"dateModified\":\"2024-01-26T21:08:00+00:00\",\"mainEntityOfPage\":{\"@id\":\"https:\\\/\\\/soldadoadrianojose.com.br\\\/index.php\\\/2024\\\/01\\\/26\\\/deputado-adriano-jose-comemora-assinatura-de-termo-entre-seti-uem-amunpar-e-projetec-projeto-executivo-de-engenharia-e-arquitetura\\\/\"},\"wordCount\":381,\"commentCount\":0,\"publisher\":{\"@id\":\"https:\\\/\\\/soldadoadrianojose.com.br\\\/#\\\/schema\\\/person\\\/16f8e8defb7a4bd6c6082efcd1bdb6bb\"},\"image\":{\"@id\":\"https:\\\/\\\/soldadoadrianojose.com.br\\\/index.php\\\/2024\\\/01\\\/26\\\/deputado-adriano-jose-comemora-assinatura-de-termo-entre-seti-uem-amunpar-e-projetec-projeto-executivo-de-engenharia-e-arquitetura\\\/#primaryimage\"},\"thumbnailUrl\":\"https:\\\/\\\/soldadoadrianojose.com.br\\\/wp-content\\\/uploads\\\/2024\\\/01\\\/WhatsApp-Image-2024-01-26-at-16.45.17-1.jpeg\",\"keywords\":[\"AMUSEP\",\"deputado\",\"paran\u00e1\",\"projetec\",\"soldado adriano jose\",\"uem\"],\"articleSection\":[\"PARAN\u00c1\"],\"inLanguage\":\"pt-BR\",\"potentialAction\":[{\"@type\":\"CommentAction\",\"name\":\"Comment\",\"target\":[\"https:\\\/\\\/soldadoadrianojose.com.br\\\/index.php\\\/2024\\\/01\\\/26\\\/deputado-adriano-jose-comemora-assinatura-de-termo-entre-seti-uem-amunpar-e-projetec-projeto-executivo-de-engenharia-e-arquitetura\\\/#respond\"]}]},{\"@type\":\"WebPage\",\"@id\":\"https:\\\/\\\/soldadoadrianojose.com.br\\\/index.php\\\/2024\\\/01\\\/26\\\/deputado-adriano-jose-comemora-assinatura-de-termo-entre-seti-uem-amunpar-e-projetec-projeto-executivo-de-engenharia-e-arquitetura\\\/\",\"url\":\"https:\\\/\\\/soldadoadrianojose.com.br\\\/index.php\\\/2024\\\/01\\\/26\\\/deputado-adriano-jose-comemora-assinatura-de-termo-entre-seti-uem-amunpar-e-projetec-projeto-executivo-de-engenharia-e-arquitetura\\\/\",\"name\":\"Deputado Adriano Jos\u00e9 comemora assinatura de termo entre SETI, UEM, AMUNPAR e Projetec - projeto executivo de engenharia e arquitetura. - Deputado Adriano Jos\u00e9\",\"isPartOf\":{\"@id\":\"https:\\\/\\\/soldadoadrianojose.com.br\\\/#website\"},\"primaryImageOfPage\":{\"@id\":\"https:\\\/\\\/soldadoadrianojose.com.br\\\/index.php\\\/2024\\\/01\\\/26\\\/deputado-adriano-jose-comemora-assinatura-de-termo-entre-seti-uem-amunpar-e-projetec-projeto-executivo-de-engenharia-e-arquitetura\\\/#primaryimage\"},\"image\":{\"@id\":\"https:\\\/\\\/soldadoadrianojose.com.br\\\/index.php\\\/2024\\\/01\\\/26\\\/deputado-adriano-jose-comemora-assinatura-de-termo-entre-seti-uem-amunpar-e-projetec-projeto-executivo-de-engenharia-e-arquitetura\\\/#primaryimage\"},\"thumbnailUrl\":\"https:\\\/\\\/soldadoadrianojose.com.br\\\/wp-content\\\/uploads\\\/2024\\\/01\\\/WhatsApp-Image-2024-01-26-at-16.45.17-1.jpeg\",\"datePublished\":\"2024-01-26T19:48:54+00:00\",\"dateModified\":\"2024-01-26T21:08:00+00:00\",\"breadcrumb\":{\"@id\":\"https:\\\/\\\/soldadoadrianojose.com.br\\\/index.php\\\/2024\\\/01\\\/26\\\/deputado-adriano-jose-comemora-assinatura-de-termo-entre-seti-uem-amunpar-e-projetec-projeto-executivo-de-engenharia-e-arquitetura\\\/#breadcrumb\"},\"inLanguage\":\"pt-BR\",\"potentialAction\":[{\"@type\":\"ReadAction\",\"target\":[\"https:\\\/\\\/soldadoadrianojose.com.br\\\/index.php\\\/2024\\\/01\\\/26\\\/deputado-adriano-jose-comemora-assinatura-de-termo-entre-seti-uem-amunpar-e-projetec-projeto-executivo-de-engenharia-e-arquitetura\\\/\"]}]},{\"@type\":\"ImageObject\",\"inLanguage\":\"pt-BR\",\"@id\":\"https:\\\/\\\/soldadoadrianojose.com.br\\\/index.php\\\/2024\\\/01\\\/26\\\/deputado-adriano-jose-comemora-assinatura-de-termo-entre-seti-uem-amunpar-e-projetec-projeto-executivo-de-engenharia-e-arquitetura\\\/#primaryimage\",\"url\":\"https:\\\/\\\/soldadoadrianojose.com.br\\\/wp-content\\\/uploads\\\/2024\\\/01\\\/WhatsApp-Image-2024-01-26-at-16.45.17-1.jpeg\",\"contentUrl\":\"https:\\\/\\\/soldadoadrianojose.com.br\\\/wp-content\\\/uploads\\\/2024\\\/01\\\/WhatsApp-Image-2024-01-26-at-16.45.17-1.jpeg\",\"width\":960,\"height\":719},{\"@type\":\"BreadcrumbList\",\"@id\":\"https:\\\/\\\/soldadoadrianojose.com.br\\\/index.php\\\/2024\\\/01\\\/26\\\/deputado-adriano-jose-comemora-assinatura-de-termo-entre-seti-uem-amunpar-e-projetec-projeto-executivo-de-engenharia-e-arquitetura\\\/#breadcrumb\",\"itemListElement\":[{\"@type\":\"ListItem\",\"position\":1,\"name\":\"In\u00edcio\",\"item\":\"https:\\\/\\\/soldadoadrianojose.com.br\\\/\"},{\"@type\":\"ListItem\",\"position\":2,\"name\":\"Deputado Adriano Jos\u00e9 comemora assinatura de termo entre SETI, UEM, AMUNPAR e Projetec &#8211; projeto executivo de engenharia e arquitetura.\"}]},{\"@type\":\"WebSite\",\"@id\":\"https:\\\/\\\/soldadoadrianojose.com.br\\\/#website\",\"url\":\"https:\\\/\\\/soldadoadrianojose.com.br\\\/\",\"name\":\"Deputado Adriano Jos\u00e9\",\"description\":\"Nosso trabalho \u00e9 pelas pessoas\",\"publisher\":{\"@id\":\"https:\\\/\\\/soldadoadrianojose.com.br\\\/#\\\/schema\\\/person\\\/16f8e8defb7a4bd6c6082efcd1bdb6bb\"},\"potentialAction\":[{\"@type\":\"SearchAction\",\"target\":{\"@type\":\"EntryPoint\",\"urlTemplate\":\"https:\\\/\\\/soldadoadrianojose.com.br\\\/?s={search_term_string}\"},\"query-input\":{\"@type\":\"PropertyValueSpecification\",\"valueRequired\":true,\"valueName\":\"search_term_string\"}}],\"inLanguage\":\"pt-BR\"},{\"@type\":[\"Person\",\"Organization\"],\"@id\":\"https:\\\/\\\/soldadoadrianojose.com.br\\\/#\\\/schema\\\/person\\\/16f8e8defb7a4bd6c6082efcd1bdb6bb\",\"name\":\"soldadoadrianojose\",\"image\":{\"@type\":\"ImageObject\",\"inLanguage\":\"pt-BR\",\"@id\":\"https:\\\/\\\/soldadoadrianojose.com.br\\\/wp-content\\\/uploads\\\/2023\\\/02\\\/LOGO_CLEAR-5.png\",\"url\":\"https:\\\/\\\/soldadoadrianojose.com.br\\\/wp-content\\\/uploads\\\/2023\\\/02\\\/LOGO_CLEAR-5.png\",\"contentUrl\":\"https:\\\/\\\/soldadoadrianojose.com.br\\\/wp-content\\\/uploads\\\/2023\\\/02\\\/LOGO_CLEAR-5.png\",\"width\":3508,\"height\":998,\"caption\":\"soldadoadrianojose\"},\"logo\":{\"@id\":\"https:\\\/\\\/soldadoadrianojose.com.br\\\/wp-content\\\/uploads\\\/2023\\\/02\\\/LOGO_CLEAR-5.png\"},\"sameAs\":[\"https:\\\/\\\/soldadoadrianojose.com.br\"],\"url\":\"https:\\\/\\\/soldadoadrianojose.com.br\\\/index.php\\\/author\\\/soldadoadrianojose\\\/\"}]}<\/script>\n<!-- \/ Yoast SEO plugin. -->","yoast_head_json":{"title":"Deputado Adriano Jos\u00e9 comemora assinatura de termo entre SETI, UEM, AMUNPAR e Projetec - projeto executivo de engenharia e arquitetura. - Deputado Adriano Jos\u00e9","robots":{"index":"index","follow":"follow","max-snippet":"max-snippet:-1","max-image-preview":"max-image-preview:large","max-video-preview":"max-video-preview:-1"},"canonical":"https:\/\/soldadoadrianojose.com.br\/index.php\/2024\/01\/26\/deputado-adriano-jose-comemora-assinatura-de-termo-entre-seti-uem-amunpar-e-projetec-projeto-executivo-de-engenharia-e-arquitetura\/","og_locale":"pt_BR","og_type":"article","og_title":"Deputado Adriano Jos\u00e9 comemora assinatura de termo entre SETI, UEM, AMUNPAR e Projetec - projeto executivo de engenharia e arquitetura. - Deputado Adriano Jos\u00e9","og_description":"O deputado Adriano Jos\u00e9 esteve presente junto com os prefeitos e o reitor da UEM em reuni\u00e3o importante na AMUNPAR, em Paranava\u00ed, para assinar o termo de compromisso de ades\u00e3o ao programa da UEM em parceria com a SETI, que tem como objetivo elaborar projetos das \u00e1reas de engenharia nas cidades que possuem capacidade de [&hellip;]","og_url":"https:\/\/soldadoadrianojose.com.br\/index.php\/2024\/01\/26\/deputado-adriano-jose-comemora-assinatura-de-termo-entre-seti-uem-amunpar-e-projetec-projeto-executivo-de-engenharia-e-arquitetura\/","og_site_name":"Deputado Adriano Jos\u00e9","article_published_time":"2024-01-26T19:48:54+00:00","article_modified_time":"2024-01-26T21:08:00+00:00","og_image":[{"width":960,"height":719,"url":"https:\/\/soldadoadrianojose.com.br\/wp-content\/uploads\/2024\/01\/WhatsApp-Image-2024-01-26-at-16.45.17-1.jpeg","type":"image\/jpeg"}],"author":"soldadoadrianojose","twitter_card":"summary_large_image","twitter_misc":{"Escrito por":"soldadoadrianojose","Est. tempo de leitura":"3 minutos"},"schema":{"@context":"https:\/\/schema.org","@graph":[{"@type":"Article","@id":"https:\/\/soldadoadrianojose.com.br\/index.php\/2024\/01\/26\/deputado-adriano-jose-comemora-assinatura-de-termo-entre-seti-uem-amunpar-e-projetec-projeto-executivo-de-engenharia-e-arquitetura\/#article","isPartOf":{"@id":"https:\/\/soldadoadrianojose.com.br\/index.php\/2024\/01\/26\/deputado-adriano-jose-comemora-assinatura-de-termo-entre-seti-uem-amunpar-e-projetec-projeto-executivo-de-engenharia-e-arquitetura\/"},"author":{"name":"soldadoadrianojose","@id":"https:\/\/soldadoadrianojose.com.br\/#\/schema\/person\/16f8e8defb7a4bd6c6082efcd1bdb6bb"},"headline":"Deputado Adriano Jos\u00e9 comemora assinatura de termo entre SETI, UEM, AMUNPAR e Projetec &#8211; projeto executivo de engenharia e arquitetura.","datePublished":"2024-01-26T19:48:54+00:00","dateModified":"2024-01-26T21:08:00+00:00","mainEntityOfPage":{"@id":"https:\/\/soldadoadrianojose.com.br\/index.php\/2024\/01\/26\/deputado-adriano-jose-comemora-assinatura-de-termo-entre-seti-uem-amunpar-e-projetec-projeto-executivo-de-engenharia-e-arquitetura\/"},"wordCount":381,"commentCount":0,"publisher":{"@id":"https:\/\/soldadoadrianojose.com.br\/#\/schema\/person\/16f8e8defb7a4bd6c6082efcd1bdb6bb"},"image":{"@id":"https:\/\/soldadoadrianojose.com.br\/index.php\/2024\/01\/26\/deputado-adriano-jose-comemora-assinatura-de-termo-entre-seti-uem-amunpar-e-projetec-projeto-executivo-de-engenharia-e-arquitetura\/#primaryimage"},"thumbnailUrl":"https:\/\/soldadoadrianojose.com.br\/wp-content\/uploads\/2024\/01\/WhatsApp-Image-2024-01-26-at-16.45.17-1.jpeg","keywords":["AMUSEP","deputado","paran\u00e1","projetec","soldado adriano jose","uem"],"articleSection":["PARAN\u00c1"],"inLanguage":"pt-BR","potentialAction":[{"@type":"CommentAction","name":"Comment","target":["https:\/\/soldadoadrianojose.com.br\/index.php\/2024\/01\/26\/deputado-adriano-jose-comemora-assinatura-de-termo-entre-seti-uem-amunpar-e-projetec-projeto-executivo-de-engenharia-e-arquitetura\/#respond"]}]},{"@type":"WebPage","@id":"https:\/\/soldadoadrianojose.com.br\/index.php\/2024\/01\/26\/deputado-adriano-jose-comemora-assinatura-de-termo-entre-seti-uem-amunpar-e-projetec-projeto-executivo-de-engenharia-e-arquitetura\/","url":"https:\/\/soldadoadrianojose.com.br\/index.php\/2024\/01\/26\/deputado-adriano-jose-comemora-assinatura-de-termo-entre-seti-uem-amunpar-e-projetec-projeto-executivo-de-engenharia-e-arquitetura\/","name":"Deputado Adriano Jos\u00e9 comemora assinatura de termo entre SETI, UEM, AMUNPAR e Projetec - projeto executivo de engenharia e arquitetura. - Deputado Adriano Jos\u00e9","isPartOf":{"@id":"https:\/\/soldadoadrianojose.com.br\/#website"},"primaryImageOfPage":{"@id":"https:\/\/soldadoadrianojose.com.br\/index.php\/2024\/01\/26\/deputado-adriano-jose-comemora-assinatura-de-termo-entre-seti-uem-amunpar-e-projetec-projeto-executivo-de-engenharia-e-arquitetura\/#primaryimage"},"image":{"@id":"https:\/\/soldadoadrianojose.com.br\/index.php\/2024\/01\/26\/deputado-adriano-jose-comemora-assinatura-de-termo-entre-seti-uem-amunpar-e-projetec-projeto-executivo-de-engenharia-e-arquitetura\/#primaryimage"},"thumbnailUrl":"https:\/\/soldadoadrianojose.com.br\/wp-content\/uploads\/2024\/01\/WhatsApp-Image-2024-01-26-at-16.45.17-1.jpeg","datePublished":"2024-01-26T19:48:54+00:00","dateModified":"2024-01-26T21:08:00+00:00","breadcrumb":{"@id":"https:\/\/soldadoadrianojose.com.br\/index.php\/2024\/01\/26\/deputado-adriano-jose-comemora-assinatura-de-termo-entre-seti-uem-amunpar-e-projetec-projeto-executivo-de-engenharia-e-arquitetura\/#breadcrumb"},"inLanguage":"pt-BR","potentialAction":[{"@type":"ReadAction","target":["https:\/\/soldadoadrianojose.com.br\/index.php\/2024\/01\/26\/deputado-adriano-jose-comemora-assinatura-de-termo-entre-seti-uem-amunpar-e-projetec-projeto-executivo-de-engenharia-e-arquitetura\/"]}]},{"@type":"ImageObject","inLanguage":"pt-BR","@id":"https:\/\/soldadoadrianojose.com.br\/index.php\/2024\/01\/26\/deputado-adriano-jose-comemora-assinatura-de-termo-entre-seti-uem-amunpar-e-projetec-projeto-executivo-de-engenharia-e-arquitetura\/#primaryimage","url":"https:\/\/soldadoadrianojose.com.br\/wp-content\/uploads\/2024\/01\/WhatsApp-Image-2024-01-26-at-16.45.17-1.jpeg","contentUrl":"https:\/\/soldadoadrianojose.com.br\/wp-content\/uploads\/2024\/01\/WhatsApp-Image-2024-01-26-at-16.45.17-1.jpeg","width":960,"height":719},{"@type":"BreadcrumbList","@id":"https:\/\/soldadoadrianojose.com.br\/index.php\/2024\/01\/26\/deputado-adriano-jose-comemora-assinatura-de-termo-entre-seti-uem-amunpar-e-projetec-projeto-executivo-de-engenharia-e-arquitetura\/#breadcrumb","itemListElement":[{"@type":"ListItem","position":1,"name":"In\u00edcio","item":"https:\/\/soldadoadrianojose.com.br\/"},{"@type":"ListItem","position":2,"name":"Deputado Adriano Jos\u00e9 comemora assinatura de termo entre SETI, UEM, AMUNPAR e Projetec &#8211; projeto executivo de engenharia e arquitetura."}]},{"@type":"WebSite","@id":"https:\/\/soldadoadrianojose.com.br\/#website","url":"https:\/\/soldadoadrianojose.com.br\/","name":"Deputado Adriano Jos\u00e9","description":"Nosso trabalho \u00e9 pelas pessoas","publisher":{"@id":"https:\/\/soldadoadrianojose.com.br\/#\/schema\/person\/16f8e8defb7a4bd6c6082efcd1bdb6bb"},"potentialAction":[{"@type":"SearchAction","target":{"@type":"EntryPoint","urlTemplate":"https:\/\/soldadoadrianojose.com.br\/?s={search_term_string}"},"query-input":{"@type":"PropertyValueSpecification","valueRequired":true,"valueName":"search_term_string"}}],"inLanguage":"pt-BR"},{"@type":["Person","Organization"],"@id":"https:\/\/soldadoadrianojose.com.br\/#\/schema\/person\/16f8e8defb7a4bd6c6082efcd1bdb6bb","name":"soldadoadrianojose","image":{"@type":"ImageObject","inLanguage":"pt-BR","@id":"https:\/\/soldadoadrianojose.com.br\/wp-content\/uploads\/2023\/02\/LOGO_CLEAR-5.png","url":"https:\/\/soldadoadrianojose.com.br\/wp-content\/uploads\/2023\/02\/LOGO_CLEAR-5.png","contentUrl":"https:\/\/soldadoadrianojose.com.br\/wp-content\/uploads\/2023\/02\/LOGO_CLEAR-5.png","width":3508,"height":998,"caption":"soldadoadrianojose"},"logo":{"@id":"https:\/\/soldadoadrianojose.com.br\/wp-content\/uploads\/2023\/02\/LOGO_CLEAR-5.png"},"sameAs":["https:\/\/soldadoadrianojose.com.br"],"url":"https:\/\/soldadoadrianojose.com.br\/index.php\/author\/soldadoadrianojose\/"}]}},"jetpack_featured_media_url":"https:\/\/soldadoadrianojose.com.br\/wp-content\/uploads\/2024\/01\/WhatsApp-Image-2024-01-26-at-16.45.17-1.jpeg","_links":{"self":[{"href":"https:\/\/soldadoadrianojose.com.br\/index.php\/wp-json\/wp\/v2\/posts\/1959","targetHints":{"allow":["GET"]}}],"collection":[{"href":"https:\/\/soldadoadrianojose.com.br\/index.php\/wp-json\/wp\/v2\/posts"}],"about":[{"href":"https:\/\/soldadoadrianojose.com.br\/index.php\/wp-json\/wp\/v2\/types\/post"}],"author":[{"embeddable":true,"href":"https:\/\/soldadoadrianojose.com.br\/index.php\/wp-json\/wp\/v2\/users\/1"}],"replies":[{"embeddable":true,"href":"https:\/\/soldadoadrianojose.com.br\/index.php\/wp-json\/wp\/v2\/comments?post=1959"}],"version-history":[{"count":3,"href":"https:\/\/soldadoadrianojose.com.br\/index.php\/wp-json\/wp\/v2\/posts\/1959\/revisions"}],"predecessor-version":[{"id":1967,"href":"https:\/\/soldadoadrianojose.com.br\/index.php\/wp-json\/wp\/v2\/posts\/1959\/revisions\/1967"}],"wp:featuredmedia":[{"embeddable":true,"href":"https:\/\/soldadoadrianojose.com.br\/index.php\/wp-json\/wp\/v2\/media\/1960"}],"wp:attachment":[{"href":"https:\/\/soldadoadrianojose.com.br\/index.php\/wp-json\/wp\/v2\/media?parent=1959"}],"wp:term":[{"taxonomy":"category","embeddable":true,"href":"https:\/\/soldadoadrianojose.com.br\/index.php\/wp-json\/wp\/v2\/categories?post=1959"},{"taxonomy":"post_tag","embeddable":true,"href":"https:\/\/soldadoadrianojose.com.br\/index.php\/wp-json\/wp\/v2\/tags?post=1959"}],"curies":[{"name":"wp","href":"https:\/\/api.w.org\/{rel}","templated":true}]}}