{"id":1963,"date":"2024-01-26T17:40:17","date_gmt":"2024-01-26T20:40:17","guid":{"rendered":"https:\/\/soldadoadrianojose.com.br\/?p=1963"},"modified":"2024-01-26T17:40:21","modified_gmt":"2024-01-26T20:40:21","slug":"deputado-adriano-jose-reforca-compromisso-com-municipios-em-posse-da-amuvi","status":"publish","type":"post","link":"https:\/\/soldadoadrianojose.com.br\/index.php\/2024\/01\/26\/deputado-adriano-jose-reforca-compromisso-com-municipios-em-posse-da-amuvi\/","title":{"rendered":"Deputado Adriano Jos\u00e9 refor\u00e7a compromisso com munic\u00edpios em posse da AMUVI"},"content":{"rendered":"\n<p>A Associa\u00e7\u00e3o dos Munic\u00edpios do Vale do Iva\u00ed (AMUVI) realizou hoje, sexta-feira, 26 de janeiro, a solenidade de posse do novo presidente, o prefeito de Cambira, Emerson Toledo Pires. Ele assume no lugar do at\u00e9 ent\u00e3o presidente, Lauro de Souza Silva J\u00fanior, de Jandaia do Sul.<\/p>\n\n\n\n<p>A cerim\u00f4nia ocorreu no sal\u00e3o paroquial de Cambira e contou com a presen\u00e7a do prefeito Toledo e do ex-presidente Lauro, participaram os prefeitos S\u00e9rgio Onofre de Arapongas, Mois\u00e9s de Rio Bom, Adhemar Rejani de Marumbi, Beia de Bom Sucesso, Moacir de Novo Itacolomi, Edimilson de Kalor\u00e9 e Dalton de Borraz\u00f3polis e outras lideran\u00e7as.<\/p>\n\n\n\n<p>Toledo assume a presid\u00eancia da AMUVI estando em seu segundo mandato em Cambira e sem disputar a reelei\u00e7\u00e3o, podendo dedicar-se integralmente \u00e0 associa\u00e7\u00e3o.<\/p>\n\n\n\n<p>O deputado Adriano Jos\u00e9 parabenizou o novo presidente da AMUVI, prefeito Emerson Toledo Pires, desejando sucesso em sua gest\u00e3o e afirmando que ele pode contar com o seu apoio. O deputado tamb\u00e9m reafirmou seu compromisso de continuar atuando junto ao governador Ratinho Junior com o objetivo de melhorar a vida da popula\u00e7\u00e3o dos munic\u00edpios associados \u00e0 AMUVI.<\/p>\n","protected":false},"excerpt":{"rendered":"<p>A Associa\u00e7\u00e3o dos Munic\u00edpios do Vale do Iva\u00ed (AMUVI) realizou hoje, sexta-feira, 26 de janeiro, a solenidade de posse do novo presidente, o prefeito de Cambira, Emerson Toledo Pires. Ele assume no lugar do at\u00e9 ent\u00e3o presidente, Lauro de Souza Silva J\u00fanior, de Jandaia do Sul. A cerim\u00f4nia ocorreu no sal\u00e3o paroquial de Cambira e [&hellip;]<\/p>\n","protected":false},"author":1,"featured_media":1964,"comment_status":"open","ping_status":"open","sticky":false,"template":"","format":"standard","meta":{"footnotes":""},"categories":[5],"tags":[61,13,12,9],"class_list":["post-1963","post","type-post","status-publish","format-standard","has-post-thumbnail","hentry","category-parana","tag-cambira","tag-deputado","tag-parana","tag-soldado-adriano-jose"],"yoast_head":"<!-- This site is optimized with the Yoast SEO plugin v27.4 - https:\/\/yoast.com\/product\/yoast-seo-wordpress\/ -->\n<title>Deputado Adriano Jos\u00e9 refor\u00e7a compromisso com munic\u00edpios em posse da AMUVI - Deputado Adriano Jos\u00e9<\/title>\n<meta name=\"robots\" content=\"index, follow, max-snippet:-1, max-image-preview:large, max-video-preview:-1\" \/>\n<link rel=\"canonical\" href=\"https:\/\/soldadoadrianojose.com.br\/index.php\/2024\/01\/26\/deputado-adriano-jose-reforca-compromisso-com-municipios-em-posse-da-amuvi\/\" \/>\n<meta property=\"og:locale\" content=\"pt_BR\" \/>\n<meta property=\"og:type\" content=\"article\" \/>\n<meta property=\"og:title\" content=\"Deputado Adriano Jos\u00e9 refor\u00e7a compromisso com munic\u00edpios em posse da AMUVI - Deputado Adriano Jos\u00e9\" \/>\n<meta property=\"og:description\" content=\"A Associa\u00e7\u00e3o dos Munic\u00edpios do Vale do Iva\u00ed (AMUVI) realizou hoje, sexta-feira, 26 de janeiro, a solenidade de posse do novo presidente, o prefeito de Cambira, Emerson Toledo Pires. Ele assume no lugar do at\u00e9 ent\u00e3o presidente, Lauro de Souza Silva J\u00fanior, de Jandaia do Sul. A cerim\u00f4nia ocorreu no sal\u00e3o paroquial de Cambira e [&hellip;]\" \/>\n<meta property=\"og:url\" content=\"https:\/\/soldadoadrianojose.com.br\/index.php\/2024\/01\/26\/deputado-adriano-jose-reforca-compromisso-com-municipios-em-posse-da-amuvi\/\" \/>\n<meta property=\"og:site_name\" content=\"Deputado Adriano Jos\u00e9\" \/>\n<meta property=\"article:published_time\" content=\"2024-01-26T20:40:17+00:00\" \/>\n<meta property=\"article:modified_time\" content=\"2024-01-26T20:40:21+00:00\" \/>\n<meta property=\"og:image\" content=\"https:\/\/soldadoadrianojose.com.br\/wp-content\/uploads\/2024\/01\/WhatsApp-Image-2024-01-26-at-17.37.07.jpeg\" \/>\n\t<meta property=\"og:image:width\" content=\"1323\" \/>\n\t<meta property=\"og:image:height\" content=\"874\" \/>\n\t<meta property=\"og:image:type\" content=\"image\/jpeg\" \/>\n<meta name=\"author\" content=\"soldadoadrianojose\" \/>\n<meta name=\"twitter:card\" content=\"summary_large_image\" \/>\n<meta name=\"twitter:label1\" content=\"Escrito por\" \/>\n\t<meta name=\"twitter:data1\" content=\"soldadoadrianojose\" \/>\n\t<meta name=\"twitter:label2\" content=\"Est. tempo de leitura\" \/>\n\t<meta name=\"twitter:data2\" content=\"2 minutos\" \/>\n<script type=\"application\/ld+json\" class=\"yoast-schema-graph\">{\"@context\":\"https:\\\/\\\/schema.org\",\"@graph\":[{\"@type\":\"Article\",\"@id\":\"https:\\\/\\\/soldadoadrianojose.com.br\\\/index.php\\\/2024\\\/01\\\/26\\\/deputado-adriano-jose-reforca-compromisso-com-municipios-em-posse-da-amuvi\\\/#article\",\"isPartOf\":{\"@id\":\"https:\\\/\\\/soldadoadrianojose.com.br\\\/index.php\\\/2024\\\/01\\\/26\\\/deputado-adriano-jose-reforca-compromisso-com-municipios-em-posse-da-amuvi\\\/\"},\"author\":{\"name\":\"soldadoadrianojose\",\"@id\":\"https:\\\/\\\/soldadoadrianojose.com.br\\\/#\\\/schema\\\/person\\\/16f8e8defb7a4bd6c6082efcd1bdb6bb\"},\"headline\":\"Deputado Adriano Jos\u00e9 refor\u00e7a compromisso com munic\u00edpios em posse da AMUVI\",\"datePublished\":\"2024-01-26T20:40:17+00:00\",\"dateModified\":\"2024-01-26T20:40:21+00:00\",\"mainEntityOfPage\":{\"@id\":\"https:\\\/\\\/soldadoadrianojose.com.br\\\/index.php\\\/2024\\\/01\\\/26\\\/deputado-adriano-jose-reforca-compromisso-com-municipios-em-posse-da-amuvi\\\/\"},\"wordCount\":207,\"commentCount\":0,\"publisher\":{\"@id\":\"https:\\\/\\\/soldadoadrianojose.com.br\\\/#\\\/schema\\\/person\\\/16f8e8defb7a4bd6c6082efcd1bdb6bb\"},\"image\":{\"@id\":\"https:\\\/\\\/soldadoadrianojose.com.br\\\/index.php\\\/2024\\\/01\\\/26\\\/deputado-adriano-jose-reforca-compromisso-com-municipios-em-posse-da-amuvi\\\/#primaryimage\"},\"thumbnailUrl\":\"https:\\\/\\\/soldadoadrianojose.com.br\\\/wp-content\\\/uploads\\\/2024\\\/01\\\/WhatsApp-Image-2024-01-26-at-17.37.07.jpeg\",\"keywords\":[\"cambira\",\"deputado\",\"paran\u00e1\",\"soldado adriano jose\"],\"articleSection\":[\"PARAN\u00c1\"],\"inLanguage\":\"pt-BR\",\"potentialAction\":[{\"@type\":\"CommentAction\",\"name\":\"Comment\",\"target\":[\"https:\\\/\\\/soldadoadrianojose.com.br\\\/index.php\\\/2024\\\/01\\\/26\\\/deputado-adriano-jose-reforca-compromisso-com-municipios-em-posse-da-amuvi\\\/#respond\"]}]},{\"@type\":\"WebPage\",\"@id\":\"https:\\\/\\\/soldadoadrianojose.com.br\\\/index.php\\\/2024\\\/01\\\/26\\\/deputado-adriano-jose-reforca-compromisso-com-municipios-em-posse-da-amuvi\\\/\",\"url\":\"https:\\\/\\\/soldadoadrianojose.com.br\\\/index.php\\\/2024\\\/01\\\/26\\\/deputado-adriano-jose-reforca-compromisso-com-municipios-em-posse-da-amuvi\\\/\",\"name\":\"Deputado Adriano Jos\u00e9 refor\u00e7a compromisso com munic\u00edpios em posse da AMUVI - Deputado Adriano Jos\u00e9\",\"isPartOf\":{\"@id\":\"https:\\\/\\\/soldadoadrianojose.com.br\\\/#website\"},\"primaryImageOfPage\":{\"@id\":\"https:\\\/\\\/soldadoadrianojose.com.br\\\/index.php\\\/2024\\\/01\\\/26\\\/deputado-adriano-jose-reforca-compromisso-com-municipios-em-posse-da-amuvi\\\/#primaryimage\"},\"image\":{\"@id\":\"https:\\\/\\\/soldadoadrianojose.com.br\\\/index.php\\\/2024\\\/01\\\/26\\\/deputado-adriano-jose-reforca-compromisso-com-municipios-em-posse-da-amuvi\\\/#primaryimage\"},\"thumbnailUrl\":\"https:\\\/\\\/soldadoadrianojose.com.br\\\/wp-content\\\/uploads\\\/2024\\\/01\\\/WhatsApp-Image-2024-01-26-at-17.37.07.jpeg\",\"datePublished\":\"2024-01-26T20:40:17+00:00\",\"dateModified\":\"2024-01-26T20:40:21+00:00\",\"breadcrumb\":{\"@id\":\"https:\\\/\\\/soldadoadrianojose.com.br\\\/index.php\\\/2024\\\/01\\\/26\\\/deputado-adriano-jose-reforca-compromisso-com-municipios-em-posse-da-amuvi\\\/#breadcrumb\"},\"inLanguage\":\"pt-BR\",\"potentialAction\":[{\"@type\":\"ReadAction\",\"target\":[\"https:\\\/\\\/soldadoadrianojose.com.br\\\/index.php\\\/2024\\\/01\\\/26\\\/deputado-adriano-jose-reforca-compromisso-com-municipios-em-posse-da-amuvi\\\/\"]}]},{\"@type\":\"ImageObject\",\"inLanguage\":\"pt-BR\",\"@id\":\"https:\\\/\\\/soldadoadrianojose.com.br\\\/index.php\\\/2024\\\/01\\\/26\\\/deputado-adriano-jose-reforca-compromisso-com-municipios-em-posse-da-amuvi\\\/#primaryimage\",\"url\":\"https:\\\/\\\/soldadoadrianojose.com.br\\\/wp-content\\\/uploads\\\/2024\\\/01\\\/WhatsApp-Image-2024-01-26-at-17.37.07.jpeg\",\"contentUrl\":\"https:\\\/\\\/soldadoadrianojose.com.br\\\/wp-content\\\/uploads\\\/2024\\\/01\\\/WhatsApp-Image-2024-01-26-at-17.37.07.jpeg\",\"width\":1323,\"height\":874},{\"@type\":\"BreadcrumbList\",\"@id\":\"https:\\\/\\\/soldadoadrianojose.com.br\\\/index.php\\\/2024\\\/01\\\/26\\\/deputado-adriano-jose-reforca-compromisso-com-municipios-em-posse-da-amuvi\\\/#breadcrumb\",\"itemListElement\":[{\"@type\":\"ListItem\",\"position\":1,\"name\":\"In\u00edcio\",\"item\":\"https:\\\/\\\/soldadoadrianojose.com.br\\\/\"},{\"@type\":\"ListItem\",\"position\":2,\"name\":\"Deputado Adriano Jos\u00e9 refor\u00e7a compromisso com munic\u00edpios em posse da AMUVI\"}]},{\"@type\":\"WebSite\",\"@id\":\"https:\\\/\\\/soldadoadrianojose.com.br\\\/#website\",\"url\":\"https:\\\/\\\/soldadoadrianojose.com.br\\\/\",\"name\":\"Deputado Adriano Jos\u00e9\",\"description\":\"Nosso trabalho \u00e9 pelas pessoas\",\"publisher\":{\"@id\":\"https:\\\/\\\/soldadoadrianojose.com.br\\\/#\\\/schema\\\/person\\\/16f8e8defb7a4bd6c6082efcd1bdb6bb\"},\"potentialAction\":[{\"@type\":\"SearchAction\",\"target\":{\"@type\":\"EntryPoint\",\"urlTemplate\":\"https:\\\/\\\/soldadoadrianojose.com.br\\\/?s={search_term_string}\"},\"query-input\":{\"@type\":\"PropertyValueSpecification\",\"valueRequired\":true,\"valueName\":\"search_term_string\"}}],\"inLanguage\":\"pt-BR\"},{\"@type\":[\"Person\",\"Organization\"],\"@id\":\"https:\\\/\\\/soldadoadrianojose.com.br\\\/#\\\/schema\\\/person\\\/16f8e8defb7a4bd6c6082efcd1bdb6bb\",\"name\":\"soldadoadrianojose\",\"image\":{\"@type\":\"ImageObject\",\"inLanguage\":\"pt-BR\",\"@id\":\"https:\\\/\\\/soldadoadrianojose.com.br\\\/wp-content\\\/uploads\\\/2023\\\/02\\\/LOGO_CLEAR-5.png\",\"url\":\"https:\\\/\\\/soldadoadrianojose.com.br\\\/wp-content\\\/uploads\\\/2023\\\/02\\\/LOGO_CLEAR-5.png\",\"contentUrl\":\"https:\\\/\\\/soldadoadrianojose.com.br\\\/wp-content\\\/uploads\\\/2023\\\/02\\\/LOGO_CLEAR-5.png\",\"width\":3508,\"height\":998,\"caption\":\"soldadoadrianojose\"},\"logo\":{\"@id\":\"https:\\\/\\\/soldadoadrianojose.com.br\\\/wp-content\\\/uploads\\\/2023\\\/02\\\/LOGO_CLEAR-5.png\"},\"sameAs\":[\"https:\\\/\\\/soldadoadrianojose.com.br\"],\"url\":\"https:\\\/\\\/soldadoadrianojose.com.br\\\/index.php\\\/author\\\/soldadoadrianojose\\\/\"}]}<\/script>\n<!-- \/ Yoast SEO plugin. -->","yoast_head_json":{"title":"Deputado Adriano Jos\u00e9 refor\u00e7a compromisso com munic\u00edpios em posse da AMUVI - Deputado Adriano Jos\u00e9","robots":{"index":"index","follow":"follow","max-snippet":"max-snippet:-1","max-image-preview":"max-image-preview:large","max-video-preview":"max-video-preview:-1"},"canonical":"https:\/\/soldadoadrianojose.com.br\/index.php\/2024\/01\/26\/deputado-adriano-jose-reforca-compromisso-com-municipios-em-posse-da-amuvi\/","og_locale":"pt_BR","og_type":"article","og_title":"Deputado Adriano Jos\u00e9 refor\u00e7a compromisso com munic\u00edpios em posse da AMUVI - Deputado Adriano Jos\u00e9","og_description":"A Associa\u00e7\u00e3o dos Munic\u00edpios do Vale do Iva\u00ed (AMUVI) realizou hoje, sexta-feira, 26 de janeiro, a solenidade de posse do novo presidente, o prefeito de Cambira, Emerson Toledo Pires. Ele assume no lugar do at\u00e9 ent\u00e3o presidente, Lauro de Souza Silva J\u00fanior, de Jandaia do Sul. A cerim\u00f4nia ocorreu no sal\u00e3o paroquial de Cambira e [&hellip;]","og_url":"https:\/\/soldadoadrianojose.com.br\/index.php\/2024\/01\/26\/deputado-adriano-jose-reforca-compromisso-com-municipios-em-posse-da-amuvi\/","og_site_name":"Deputado Adriano Jos\u00e9","article_published_time":"2024-01-26T20:40:17+00:00","article_modified_time":"2024-01-26T20:40:21+00:00","og_image":[{"width":1323,"height":874,"url":"https:\/\/soldadoadrianojose.com.br\/wp-content\/uploads\/2024\/01\/WhatsApp-Image-2024-01-26-at-17.37.07.jpeg","type":"image\/jpeg"}],"author":"soldadoadrianojose","twitter_card":"summary_large_image","twitter_misc":{"Escrito por":"soldadoadrianojose","Est. tempo de leitura":"2 minutos"},"schema":{"@context":"https:\/\/schema.org","@graph":[{"@type":"Article","@id":"https:\/\/soldadoadrianojose.com.br\/index.php\/2024\/01\/26\/deputado-adriano-jose-reforca-compromisso-com-municipios-em-posse-da-amuvi\/#article","isPartOf":{"@id":"https:\/\/soldadoadrianojose.com.br\/index.php\/2024\/01\/26\/deputado-adriano-jose-reforca-compromisso-com-municipios-em-posse-da-amuvi\/"},"author":{"name":"soldadoadrianojose","@id":"https:\/\/soldadoadrianojose.com.br\/#\/schema\/person\/16f8e8defb7a4bd6c6082efcd1bdb6bb"},"headline":"Deputado Adriano Jos\u00e9 refor\u00e7a compromisso com munic\u00edpios em posse da AMUVI","datePublished":"2024-01-26T20:40:17+00:00","dateModified":"2024-01-26T20:40:21+00:00","mainEntityOfPage":{"@id":"https:\/\/soldadoadrianojose.com.br\/index.php\/2024\/01\/26\/deputado-adriano-jose-reforca-compromisso-com-municipios-em-posse-da-amuvi\/"},"wordCount":207,"commentCount":0,"publisher":{"@id":"https:\/\/soldadoadrianojose.com.br\/#\/schema\/person\/16f8e8defb7a4bd6c6082efcd1bdb6bb"},"image":{"@id":"https:\/\/soldadoadrianojose.com.br\/index.php\/2024\/01\/26\/deputado-adriano-jose-reforca-compromisso-com-municipios-em-posse-da-amuvi\/#primaryimage"},"thumbnailUrl":"https:\/\/soldadoadrianojose.com.br\/wp-content\/uploads\/2024\/01\/WhatsApp-Image-2024-01-26-at-17.37.07.jpeg","keywords":["cambira","deputado","paran\u00e1","soldado adriano jose"],"articleSection":["PARAN\u00c1"],"inLanguage":"pt-BR","potentialAction":[{"@type":"CommentAction","name":"Comment","target":["https:\/\/soldadoadrianojose.com.br\/index.php\/2024\/01\/26\/deputado-adriano-jose-reforca-compromisso-com-municipios-em-posse-da-amuvi\/#respond"]}]},{"@type":"WebPage","@id":"https:\/\/soldadoadrianojose.com.br\/index.php\/2024\/01\/26\/deputado-adriano-jose-reforca-compromisso-com-municipios-em-posse-da-amuvi\/","url":"https:\/\/soldadoadrianojose.com.br\/index.php\/2024\/01\/26\/deputado-adriano-jose-reforca-compromisso-com-municipios-em-posse-da-amuvi\/","name":"Deputado Adriano Jos\u00e9 refor\u00e7a compromisso com munic\u00edpios em posse da AMUVI - Deputado Adriano Jos\u00e9","isPartOf":{"@id":"https:\/\/soldadoadrianojose.com.br\/#website"},"primaryImageOfPage":{"@id":"https:\/\/soldadoadrianojose.com.br\/index.php\/2024\/01\/26\/deputado-adriano-jose-reforca-compromisso-com-municipios-em-posse-da-amuvi\/#primaryimage"},"image":{"@id":"https:\/\/soldadoadrianojose.com.br\/index.php\/2024\/01\/26\/deputado-adriano-jose-reforca-compromisso-com-municipios-em-posse-da-amuvi\/#primaryimage"},"thumbnailUrl":"https:\/\/soldadoadrianojose.com.br\/wp-content\/uploads\/2024\/01\/WhatsApp-Image-2024-01-26-at-17.37.07.jpeg","datePublished":"2024-01-26T20:40:17+00:00","dateModified":"2024-01-26T20:40:21+00:00","breadcrumb":{"@id":"https:\/\/soldadoadrianojose.com.br\/index.php\/2024\/01\/26\/deputado-adriano-jose-reforca-compromisso-com-municipios-em-posse-da-amuvi\/#breadcrumb"},"inLanguage":"pt-BR","potentialAction":[{"@type":"ReadAction","target":["https:\/\/soldadoadrianojose.com.br\/index.php\/2024\/01\/26\/deputado-adriano-jose-reforca-compromisso-com-municipios-em-posse-da-amuvi\/"]}]},{"@type":"ImageObject","inLanguage":"pt-BR","@id":"https:\/\/soldadoadrianojose.com.br\/index.php\/2024\/01\/26\/deputado-adriano-jose-reforca-compromisso-com-municipios-em-posse-da-amuvi\/#primaryimage","url":"https:\/\/soldadoadrianojose.com.br\/wp-content\/uploads\/2024\/01\/WhatsApp-Image-2024-01-26-at-17.37.07.jpeg","contentUrl":"https:\/\/soldadoadrianojose.com.br\/wp-content\/uploads\/2024\/01\/WhatsApp-Image-2024-01-26-at-17.37.07.jpeg","width":1323,"height":874},{"@type":"BreadcrumbList","@id":"https:\/\/soldadoadrianojose.com.br\/index.php\/2024\/01\/26\/deputado-adriano-jose-reforca-compromisso-com-municipios-em-posse-da-amuvi\/#breadcrumb","itemListElement":[{"@type":"ListItem","position":1,"name":"In\u00edcio","item":"https:\/\/soldadoadrianojose.com.br\/"},{"@type":"ListItem","position":2,"name":"Deputado Adriano Jos\u00e9 refor\u00e7a compromisso com munic\u00edpios em posse da AMUVI"}]},{"@type":"WebSite","@id":"https:\/\/soldadoadrianojose.com.br\/#website","url":"https:\/\/soldadoadrianojose.com.br\/","name":"Deputado Adriano Jos\u00e9","description":"Nosso trabalho \u00e9 pelas pessoas","publisher":{"@id":"https:\/\/soldadoadrianojose.com.br\/#\/schema\/person\/16f8e8defb7a4bd6c6082efcd1bdb6bb"},"potentialAction":[{"@type":"SearchAction","target":{"@type":"EntryPoint","urlTemplate":"https:\/\/soldadoadrianojose.com.br\/?s={search_term_string}"},"query-input":{"@type":"PropertyValueSpecification","valueRequired":true,"valueName":"search_term_string"}}],"inLanguage":"pt-BR"},{"@type":["Person","Organization"],"@id":"https:\/\/soldadoadrianojose.com.br\/#\/schema\/person\/16f8e8defb7a4bd6c6082efcd1bdb6bb","name":"soldadoadrianojose","image":{"@type":"ImageObject","inLanguage":"pt-BR","@id":"https:\/\/soldadoadrianojose.com.br\/wp-content\/uploads\/2023\/02\/LOGO_CLEAR-5.png","url":"https:\/\/soldadoadrianojose.com.br\/wp-content\/uploads\/2023\/02\/LOGO_CLEAR-5.png","contentUrl":"https:\/\/soldadoadrianojose.com.br\/wp-content\/uploads\/2023\/02\/LOGO_CLEAR-5.png","width":3508,"height":998,"caption":"soldadoadrianojose"},"logo":{"@id":"https:\/\/soldadoadrianojose.com.br\/wp-content\/uploads\/2023\/02\/LOGO_CLEAR-5.png"},"sameAs":["https:\/\/soldadoadrianojose.com.br"],"url":"https:\/\/soldadoadrianojose.com.br\/index.php\/author\/soldadoadrianojose\/"}]}},"jetpack_featured_media_url":"https:\/\/soldadoadrianojose.com.br\/wp-content\/uploads\/2024\/01\/WhatsApp-Image-2024-01-26-at-17.37.07.jpeg","_links":{"self":[{"href":"https:\/\/soldadoadrianojose.com.br\/index.php\/wp-json\/wp\/v2\/posts\/1963","targetHints":{"allow":["GET"]}}],"collection":[{"href":"https:\/\/soldadoadrianojose.com.br\/index.php\/wp-json\/wp\/v2\/posts"}],"about":[{"href":"https:\/\/soldadoadrianojose.com.br\/index.php\/wp-json\/wp\/v2\/types\/post"}],"author":[{"embeddable":true,"href":"https:\/\/soldadoadrianojose.com.br\/index.php\/wp-json\/wp\/v2\/users\/1"}],"replies":[{"embeddable":true,"href":"https:\/\/soldadoadrianojose.com.br\/index.php\/wp-json\/wp\/v2\/comments?post=1963"}],"version-history":[{"count":1,"href":"https:\/\/soldadoadrianojose.com.br\/index.php\/wp-json\/wp\/v2\/posts\/1963\/revisions"}],"predecessor-version":[{"id":1965,"href":"https:\/\/soldadoadrianojose.com.br\/index.php\/wp-json\/wp\/v2\/posts\/1963\/revisions\/1965"}],"wp:featuredmedia":[{"embeddable":true,"href":"https:\/\/soldadoadrianojose.com.br\/index.php\/wp-json\/wp\/v2\/media\/1964"}],"wp:attachment":[{"href":"https:\/\/soldadoadrianojose.com.br\/index.php\/wp-json\/wp\/v2\/media?parent=1963"}],"wp:term":[{"taxonomy":"category","embeddable":true,"href":"https:\/\/soldadoadrianojose.com.br\/index.php\/wp-json\/wp\/v2\/categories?post=1963"},{"taxonomy":"post_tag","embeddable":true,"href":"https:\/\/soldadoadrianojose.com.br\/index.php\/wp-json\/wp\/v2\/tags?post=1963"}],"curies":[{"name":"wp","href":"https:\/\/api.w.org\/{rel}","templated":true}]}}