{"id":1968,"date":"2024-01-27T16:06:51","date_gmt":"2024-01-27T19:06:51","guid":{"rendered":"https:\/\/soldadoadrianojose.com.br\/?p=1968"},"modified":"2024-01-27T16:08:39","modified_gmt":"2024-01-27T19:08:39","slug":"deputado-adriano-jose-protocola-projeto-de-lei-para-tornar-feijao-da-fundacao-evento-oficial-do-parana","status":"publish","type":"post","link":"https:\/\/soldadoadrianojose.com.br\/index.php\/2024\/01\/27\/deputado-adriano-jose-protocola-projeto-de-lei-para-tornar-feijao-da-fundacao-evento-oficial-do-parana\/","title":{"rendered":"Deputado Adriano Jos\u00e9 protocola projeto de lei para tornar &#8220;Feij\u00e3o da Funda\u00e7\u00e3o&#8221; evento oficial do Paran\u00e1"},"content":{"rendered":"\n<p>O Deputado Adriano Jos\u00e9 apresentou projeto de lei para incluir o &#8220;Feij\u00e3o da Funda\u00e7\u00e3o&#8221; no calend\u00e1rio oficial de eventos do Estado do Paran\u00e1. Realizado desde 2003 pela Funda\u00e7\u00e3o Francisco Bertoncello, o evento beneficente se tornou um marco no ver\u00e3o paranaense, atraindo milhares de pessoas e revertendo toda a renda para o trabalho social da institui\u00e7\u00e3o com crian\u00e7as \u00f3rf\u00e3s e vulner\u00e1veis.<\/p>\n\n\n\n<p>Conforme destacou o deputado, o &#8220;Feij\u00e3o da Funda\u00e7\u00e3o&#8221; conquistou ao longo dos anos n\u00e3o s\u00f3 o p\u00fablico, que cresce a cada edi\u00e7\u00e3o, mas tamb\u00e9m notoriedade no cen\u00e1rio cultural do Paran\u00e1. Sua inclus\u00e3o no calend\u00e1rio oficial representa reconhecimento a essa trajet\u00f3ria e contribui para divulgar ainda mais o trabalho realizado pela Funda\u00e7\u00e3o Francisco Bertoncello e seu presidente Francisco Bertoncello Jr.<\/p>\n\n\n\n<p>O projeto de lei agora ser\u00e1 analisado pela Assembleia Legislativa do Paran\u00e1. Se aprovado, o &#8220;Feij\u00e3o da Funda\u00e7\u00e3o&#8221; passar\u00e1 a constar oficialmente no calend\u00e1rio de eventos do Estado.<\/p>\n\n\n\n<pre class=\"wp-block-preformatted has-small-font-size\">Foto: Aline Feliz<\/pre>\n","protected":false},"excerpt":{"rendered":"<p>O Deputado Adriano Jos\u00e9 apresentou projeto de lei para incluir o &#8220;Feij\u00e3o da Funda\u00e7\u00e3o&#8221; no calend\u00e1rio oficial de eventos do Estado do Paran\u00e1. Realizado desde 2003 pela Funda\u00e7\u00e3o Francisco Bertoncello, o evento beneficente se tornou um marco no ver\u00e3o paranaense, atraindo milhares de pessoas e revertendo toda a renda para o trabalho social da institui\u00e7\u00e3o [&hellip;]<\/p>\n","protected":false},"author":1,"featured_media":1969,"comment_status":"open","ping_status":"open","sticky":false,"template":"","format":"standard","meta":{"footnotes":""},"categories":[5],"tags":[],"class_list":["post-1968","post","type-post","status-publish","format-standard","has-post-thumbnail","hentry","category-parana"],"yoast_head":"<!-- This site is optimized with the Yoast SEO plugin v27.4 - https:\/\/yoast.com\/product\/yoast-seo-wordpress\/ -->\n<title>Deputado Adriano Jos\u00e9 protocola projeto de lei para tornar &quot;Feij\u00e3o da Funda\u00e7\u00e3o&quot; evento oficial do Paran\u00e1 - Deputado Adriano Jos\u00e9<\/title>\n<meta name=\"robots\" content=\"index, follow, max-snippet:-1, max-image-preview:large, max-video-preview:-1\" \/>\n<link rel=\"canonical\" href=\"https:\/\/soldadoadrianojose.com.br\/index.php\/2024\/01\/27\/deputado-adriano-jose-protocola-projeto-de-lei-para-tornar-feijao-da-fundacao-evento-oficial-do-parana\/\" \/>\n<meta property=\"og:locale\" content=\"pt_BR\" \/>\n<meta property=\"og:type\" content=\"article\" \/>\n<meta property=\"og:title\" content=\"Deputado Adriano Jos\u00e9 protocola projeto de lei para tornar &quot;Feij\u00e3o da Funda\u00e7\u00e3o&quot; evento oficial do Paran\u00e1 - Deputado Adriano Jos\u00e9\" \/>\n<meta property=\"og:description\" content=\"O Deputado Adriano Jos\u00e9 apresentou projeto de lei para incluir o &#8220;Feij\u00e3o da Funda\u00e7\u00e3o&#8221; no calend\u00e1rio oficial de eventos do Estado do Paran\u00e1. Realizado desde 2003 pela Funda\u00e7\u00e3o Francisco Bertoncello, o evento beneficente se tornou um marco no ver\u00e3o paranaense, atraindo milhares de pessoas e revertendo toda a renda para o trabalho social da institui\u00e7\u00e3o [&hellip;]\" \/>\n<meta property=\"og:url\" content=\"https:\/\/soldadoadrianojose.com.br\/index.php\/2024\/01\/27\/deputado-adriano-jose-protocola-projeto-de-lei-para-tornar-feijao-da-fundacao-evento-oficial-do-parana\/\" \/>\n<meta property=\"og:site_name\" content=\"Deputado Adriano Jos\u00e9\" \/>\n<meta property=\"article:published_time\" content=\"2024-01-27T19:06:51+00:00\" \/>\n<meta property=\"article:modified_time\" content=\"2024-01-27T19:08:39+00:00\" \/>\n<meta property=\"og:image\" content=\"https:\/\/soldadoadrianojose.com.br\/wp-content\/uploads\/2024\/01\/WhatsApp-Image-2024-01-27-at-16.05.04.jpeg\" \/>\n\t<meta property=\"og:image:width\" content=\"950\" \/>\n\t<meta property=\"og:image:height\" content=\"689\" \/>\n\t<meta property=\"og:image:type\" content=\"image\/jpeg\" \/>\n<meta name=\"author\" content=\"soldadoadrianojose\" \/>\n<meta name=\"twitter:card\" content=\"summary_large_image\" \/>\n<meta name=\"twitter:label1\" content=\"Escrito por\" \/>\n\t<meta name=\"twitter:data1\" content=\"soldadoadrianojose\" \/>\n\t<meta name=\"twitter:label2\" content=\"Est. tempo de leitura\" \/>\n\t<meta name=\"twitter:data2\" content=\"2 minutos\" \/>\n<script type=\"application\/ld+json\" class=\"yoast-schema-graph\">{\"@context\":\"https:\\\/\\\/schema.org\",\"@graph\":[{\"@type\":\"Article\",\"@id\":\"https:\\\/\\\/soldadoadrianojose.com.br\\\/index.php\\\/2024\\\/01\\\/27\\\/deputado-adriano-jose-protocola-projeto-de-lei-para-tornar-feijao-da-fundacao-evento-oficial-do-parana\\\/#article\",\"isPartOf\":{\"@id\":\"https:\\\/\\\/soldadoadrianojose.com.br\\\/index.php\\\/2024\\\/01\\\/27\\\/deputado-adriano-jose-protocola-projeto-de-lei-para-tornar-feijao-da-fundacao-evento-oficial-do-parana\\\/\"},\"author\":{\"name\":\"soldadoadrianojose\",\"@id\":\"https:\\\/\\\/soldadoadrianojose.com.br\\\/#\\\/schema\\\/person\\\/16f8e8defb7a4bd6c6082efcd1bdb6bb\"},\"headline\":\"Deputado Adriano Jos\u00e9 protocola projeto de lei para tornar &#8220;Feij\u00e3o da Funda\u00e7\u00e3o&#8221; evento oficial do Paran\u00e1\",\"datePublished\":\"2024-01-27T19:06:51+00:00\",\"dateModified\":\"2024-01-27T19:08:39+00:00\",\"mainEntityOfPage\":{\"@id\":\"https:\\\/\\\/soldadoadrianojose.com.br\\\/index.php\\\/2024\\\/01\\\/27\\\/deputado-adriano-jose-protocola-projeto-de-lei-para-tornar-feijao-da-fundacao-evento-oficial-do-parana\\\/\"},\"wordCount\":187,\"commentCount\":0,\"publisher\":{\"@id\":\"https:\\\/\\\/soldadoadrianojose.com.br\\\/#\\\/schema\\\/person\\\/16f8e8defb7a4bd6c6082efcd1bdb6bb\"},\"image\":{\"@id\":\"https:\\\/\\\/soldadoadrianojose.com.br\\\/index.php\\\/2024\\\/01\\\/27\\\/deputado-adriano-jose-protocola-projeto-de-lei-para-tornar-feijao-da-fundacao-evento-oficial-do-parana\\\/#primaryimage\"},\"thumbnailUrl\":\"https:\\\/\\\/soldadoadrianojose.com.br\\\/wp-content\\\/uploads\\\/2024\\\/01\\\/WhatsApp-Image-2024-01-27-at-16.05.04.jpeg\",\"articleSection\":[\"PARAN\u00c1\"],\"inLanguage\":\"pt-BR\",\"potentialAction\":[{\"@type\":\"CommentAction\",\"name\":\"Comment\",\"target\":[\"https:\\\/\\\/soldadoadrianojose.com.br\\\/index.php\\\/2024\\\/01\\\/27\\\/deputado-adriano-jose-protocola-projeto-de-lei-para-tornar-feijao-da-fundacao-evento-oficial-do-parana\\\/#respond\"]}]},{\"@type\":\"WebPage\",\"@id\":\"https:\\\/\\\/soldadoadrianojose.com.br\\\/index.php\\\/2024\\\/01\\\/27\\\/deputado-adriano-jose-protocola-projeto-de-lei-para-tornar-feijao-da-fundacao-evento-oficial-do-parana\\\/\",\"url\":\"https:\\\/\\\/soldadoadrianojose.com.br\\\/index.php\\\/2024\\\/01\\\/27\\\/deputado-adriano-jose-protocola-projeto-de-lei-para-tornar-feijao-da-fundacao-evento-oficial-do-parana\\\/\",\"name\":\"Deputado Adriano Jos\u00e9 protocola projeto de lei para tornar \\\"Feij\u00e3o da Funda\u00e7\u00e3o\\\" evento oficial do Paran\u00e1 - Deputado Adriano Jos\u00e9\",\"isPartOf\":{\"@id\":\"https:\\\/\\\/soldadoadrianojose.com.br\\\/#website\"},\"primaryImageOfPage\":{\"@id\":\"https:\\\/\\\/soldadoadrianojose.com.br\\\/index.php\\\/2024\\\/01\\\/27\\\/deputado-adriano-jose-protocola-projeto-de-lei-para-tornar-feijao-da-fundacao-evento-oficial-do-parana\\\/#primaryimage\"},\"image\":{\"@id\":\"https:\\\/\\\/soldadoadrianojose.com.br\\\/index.php\\\/2024\\\/01\\\/27\\\/deputado-adriano-jose-protocola-projeto-de-lei-para-tornar-feijao-da-fundacao-evento-oficial-do-parana\\\/#primaryimage\"},\"thumbnailUrl\":\"https:\\\/\\\/soldadoadrianojose.com.br\\\/wp-content\\\/uploads\\\/2024\\\/01\\\/WhatsApp-Image-2024-01-27-at-16.05.04.jpeg\",\"datePublished\":\"2024-01-27T19:06:51+00:00\",\"dateModified\":\"2024-01-27T19:08:39+00:00\",\"breadcrumb\":{\"@id\":\"https:\\\/\\\/soldadoadrianojose.com.br\\\/index.php\\\/2024\\\/01\\\/27\\\/deputado-adriano-jose-protocola-projeto-de-lei-para-tornar-feijao-da-fundacao-evento-oficial-do-parana\\\/#breadcrumb\"},\"inLanguage\":\"pt-BR\",\"potentialAction\":[{\"@type\":\"ReadAction\",\"target\":[\"https:\\\/\\\/soldadoadrianojose.com.br\\\/index.php\\\/2024\\\/01\\\/27\\\/deputado-adriano-jose-protocola-projeto-de-lei-para-tornar-feijao-da-fundacao-evento-oficial-do-parana\\\/\"]}]},{\"@type\":\"ImageObject\",\"inLanguage\":\"pt-BR\",\"@id\":\"https:\\\/\\\/soldadoadrianojose.com.br\\\/index.php\\\/2024\\\/01\\\/27\\\/deputado-adriano-jose-protocola-projeto-de-lei-para-tornar-feijao-da-fundacao-evento-oficial-do-parana\\\/#primaryimage\",\"url\":\"https:\\\/\\\/soldadoadrianojose.com.br\\\/wp-content\\\/uploads\\\/2024\\\/01\\\/WhatsApp-Image-2024-01-27-at-16.05.04.jpeg\",\"contentUrl\":\"https:\\\/\\\/soldadoadrianojose.com.br\\\/wp-content\\\/uploads\\\/2024\\\/01\\\/WhatsApp-Image-2024-01-27-at-16.05.04.jpeg\",\"width\":950,\"height\":689,\"caption\":\"Foto: Aline Feliz\"},{\"@type\":\"BreadcrumbList\",\"@id\":\"https:\\\/\\\/soldadoadrianojose.com.br\\\/index.php\\\/2024\\\/01\\\/27\\\/deputado-adriano-jose-protocola-projeto-de-lei-para-tornar-feijao-da-fundacao-evento-oficial-do-parana\\\/#breadcrumb\",\"itemListElement\":[{\"@type\":\"ListItem\",\"position\":1,\"name\":\"In\u00edcio\",\"item\":\"https:\\\/\\\/soldadoadrianojose.com.br\\\/\"},{\"@type\":\"ListItem\",\"position\":2,\"name\":\"Deputado Adriano Jos\u00e9 protocola projeto de lei para tornar &#8220;Feij\u00e3o da Funda\u00e7\u00e3o&#8221; evento oficial do Paran\u00e1\"}]},{\"@type\":\"WebSite\",\"@id\":\"https:\\\/\\\/soldadoadrianojose.com.br\\\/#website\",\"url\":\"https:\\\/\\\/soldadoadrianojose.com.br\\\/\",\"name\":\"Deputado Adriano Jos\u00e9\",\"description\":\"Nosso trabalho \u00e9 pelas pessoas\",\"publisher\":{\"@id\":\"https:\\\/\\\/soldadoadrianojose.com.br\\\/#\\\/schema\\\/person\\\/16f8e8defb7a4bd6c6082efcd1bdb6bb\"},\"potentialAction\":[{\"@type\":\"SearchAction\",\"target\":{\"@type\":\"EntryPoint\",\"urlTemplate\":\"https:\\\/\\\/soldadoadrianojose.com.br\\\/?s={search_term_string}\"},\"query-input\":{\"@type\":\"PropertyValueSpecification\",\"valueRequired\":true,\"valueName\":\"search_term_string\"}}],\"inLanguage\":\"pt-BR\"},{\"@type\":[\"Person\",\"Organization\"],\"@id\":\"https:\\\/\\\/soldadoadrianojose.com.br\\\/#\\\/schema\\\/person\\\/16f8e8defb7a4bd6c6082efcd1bdb6bb\",\"name\":\"soldadoadrianojose\",\"image\":{\"@type\":\"ImageObject\",\"inLanguage\":\"pt-BR\",\"@id\":\"https:\\\/\\\/soldadoadrianojose.com.br\\\/wp-content\\\/uploads\\\/2023\\\/02\\\/LOGO_CLEAR-5.png\",\"url\":\"https:\\\/\\\/soldadoadrianojose.com.br\\\/wp-content\\\/uploads\\\/2023\\\/02\\\/LOGO_CLEAR-5.png\",\"contentUrl\":\"https:\\\/\\\/soldadoadrianojose.com.br\\\/wp-content\\\/uploads\\\/2023\\\/02\\\/LOGO_CLEAR-5.png\",\"width\":3508,\"height\":998,\"caption\":\"soldadoadrianojose\"},\"logo\":{\"@id\":\"https:\\\/\\\/soldadoadrianojose.com.br\\\/wp-content\\\/uploads\\\/2023\\\/02\\\/LOGO_CLEAR-5.png\"},\"sameAs\":[\"https:\\\/\\\/soldadoadrianojose.com.br\"],\"url\":\"https:\\\/\\\/soldadoadrianojose.com.br\\\/index.php\\\/author\\\/soldadoadrianojose\\\/\"}]}<\/script>\n<!-- \/ Yoast SEO plugin. -->","yoast_head_json":{"title":"Deputado Adriano Jos\u00e9 protocola projeto de lei para tornar \"Feij\u00e3o da Funda\u00e7\u00e3o\" evento oficial do Paran\u00e1 - Deputado Adriano Jos\u00e9","robots":{"index":"index","follow":"follow","max-snippet":"max-snippet:-1","max-image-preview":"max-image-preview:large","max-video-preview":"max-video-preview:-1"},"canonical":"https:\/\/soldadoadrianojose.com.br\/index.php\/2024\/01\/27\/deputado-adriano-jose-protocola-projeto-de-lei-para-tornar-feijao-da-fundacao-evento-oficial-do-parana\/","og_locale":"pt_BR","og_type":"article","og_title":"Deputado Adriano Jos\u00e9 protocola projeto de lei para tornar \"Feij\u00e3o da Funda\u00e7\u00e3o\" evento oficial do Paran\u00e1 - Deputado Adriano Jos\u00e9","og_description":"O Deputado Adriano Jos\u00e9 apresentou projeto de lei para incluir o &#8220;Feij\u00e3o da Funda\u00e7\u00e3o&#8221; no calend\u00e1rio oficial de eventos do Estado do Paran\u00e1. Realizado desde 2003 pela Funda\u00e7\u00e3o Francisco Bertoncello, o evento beneficente se tornou um marco no ver\u00e3o paranaense, atraindo milhares de pessoas e revertendo toda a renda para o trabalho social da institui\u00e7\u00e3o [&hellip;]","og_url":"https:\/\/soldadoadrianojose.com.br\/index.php\/2024\/01\/27\/deputado-adriano-jose-protocola-projeto-de-lei-para-tornar-feijao-da-fundacao-evento-oficial-do-parana\/","og_site_name":"Deputado Adriano Jos\u00e9","article_published_time":"2024-01-27T19:06:51+00:00","article_modified_time":"2024-01-27T19:08:39+00:00","og_image":[{"width":950,"height":689,"url":"https:\/\/soldadoadrianojose.com.br\/wp-content\/uploads\/2024\/01\/WhatsApp-Image-2024-01-27-at-16.05.04.jpeg","type":"image\/jpeg"}],"author":"soldadoadrianojose","twitter_card":"summary_large_image","twitter_misc":{"Escrito por":"soldadoadrianojose","Est. tempo de leitura":"2 minutos"},"schema":{"@context":"https:\/\/schema.org","@graph":[{"@type":"Article","@id":"https:\/\/soldadoadrianojose.com.br\/index.php\/2024\/01\/27\/deputado-adriano-jose-protocola-projeto-de-lei-para-tornar-feijao-da-fundacao-evento-oficial-do-parana\/#article","isPartOf":{"@id":"https:\/\/soldadoadrianojose.com.br\/index.php\/2024\/01\/27\/deputado-adriano-jose-protocola-projeto-de-lei-para-tornar-feijao-da-fundacao-evento-oficial-do-parana\/"},"author":{"name":"soldadoadrianojose","@id":"https:\/\/soldadoadrianojose.com.br\/#\/schema\/person\/16f8e8defb7a4bd6c6082efcd1bdb6bb"},"headline":"Deputado Adriano Jos\u00e9 protocola projeto de lei para tornar &#8220;Feij\u00e3o da Funda\u00e7\u00e3o&#8221; evento oficial do Paran\u00e1","datePublished":"2024-01-27T19:06:51+00:00","dateModified":"2024-01-27T19:08:39+00:00","mainEntityOfPage":{"@id":"https:\/\/soldadoadrianojose.com.br\/index.php\/2024\/01\/27\/deputado-adriano-jose-protocola-projeto-de-lei-para-tornar-feijao-da-fundacao-evento-oficial-do-parana\/"},"wordCount":187,"commentCount":0,"publisher":{"@id":"https:\/\/soldadoadrianojose.com.br\/#\/schema\/person\/16f8e8defb7a4bd6c6082efcd1bdb6bb"},"image":{"@id":"https:\/\/soldadoadrianojose.com.br\/index.php\/2024\/01\/27\/deputado-adriano-jose-protocola-projeto-de-lei-para-tornar-feijao-da-fundacao-evento-oficial-do-parana\/#primaryimage"},"thumbnailUrl":"https:\/\/soldadoadrianojose.com.br\/wp-content\/uploads\/2024\/01\/WhatsApp-Image-2024-01-27-at-16.05.04.jpeg","articleSection":["PARAN\u00c1"],"inLanguage":"pt-BR","potentialAction":[{"@type":"CommentAction","name":"Comment","target":["https:\/\/soldadoadrianojose.com.br\/index.php\/2024\/01\/27\/deputado-adriano-jose-protocola-projeto-de-lei-para-tornar-feijao-da-fundacao-evento-oficial-do-parana\/#respond"]}]},{"@type":"WebPage","@id":"https:\/\/soldadoadrianojose.com.br\/index.php\/2024\/01\/27\/deputado-adriano-jose-protocola-projeto-de-lei-para-tornar-feijao-da-fundacao-evento-oficial-do-parana\/","url":"https:\/\/soldadoadrianojose.com.br\/index.php\/2024\/01\/27\/deputado-adriano-jose-protocola-projeto-de-lei-para-tornar-feijao-da-fundacao-evento-oficial-do-parana\/","name":"Deputado Adriano Jos\u00e9 protocola projeto de lei para tornar \"Feij\u00e3o da Funda\u00e7\u00e3o\" evento oficial do Paran\u00e1 - Deputado Adriano Jos\u00e9","isPartOf":{"@id":"https:\/\/soldadoadrianojose.com.br\/#website"},"primaryImageOfPage":{"@id":"https:\/\/soldadoadrianojose.com.br\/index.php\/2024\/01\/27\/deputado-adriano-jose-protocola-projeto-de-lei-para-tornar-feijao-da-fundacao-evento-oficial-do-parana\/#primaryimage"},"image":{"@id":"https:\/\/soldadoadrianojose.com.br\/index.php\/2024\/01\/27\/deputado-adriano-jose-protocola-projeto-de-lei-para-tornar-feijao-da-fundacao-evento-oficial-do-parana\/#primaryimage"},"thumbnailUrl":"https:\/\/soldadoadrianojose.com.br\/wp-content\/uploads\/2024\/01\/WhatsApp-Image-2024-01-27-at-16.05.04.jpeg","datePublished":"2024-01-27T19:06:51+00:00","dateModified":"2024-01-27T19:08:39+00:00","breadcrumb":{"@id":"https:\/\/soldadoadrianojose.com.br\/index.php\/2024\/01\/27\/deputado-adriano-jose-protocola-projeto-de-lei-para-tornar-feijao-da-fundacao-evento-oficial-do-parana\/#breadcrumb"},"inLanguage":"pt-BR","potentialAction":[{"@type":"ReadAction","target":["https:\/\/soldadoadrianojose.com.br\/index.php\/2024\/01\/27\/deputado-adriano-jose-protocola-projeto-de-lei-para-tornar-feijao-da-fundacao-evento-oficial-do-parana\/"]}]},{"@type":"ImageObject","inLanguage":"pt-BR","@id":"https:\/\/soldadoadrianojose.com.br\/index.php\/2024\/01\/27\/deputado-adriano-jose-protocola-projeto-de-lei-para-tornar-feijao-da-fundacao-evento-oficial-do-parana\/#primaryimage","url":"https:\/\/soldadoadrianojose.com.br\/wp-content\/uploads\/2024\/01\/WhatsApp-Image-2024-01-27-at-16.05.04.jpeg","contentUrl":"https:\/\/soldadoadrianojose.com.br\/wp-content\/uploads\/2024\/01\/WhatsApp-Image-2024-01-27-at-16.05.04.jpeg","width":950,"height":689,"caption":"Foto: Aline Feliz"},{"@type":"BreadcrumbList","@id":"https:\/\/soldadoadrianojose.com.br\/index.php\/2024\/01\/27\/deputado-adriano-jose-protocola-projeto-de-lei-para-tornar-feijao-da-fundacao-evento-oficial-do-parana\/#breadcrumb","itemListElement":[{"@type":"ListItem","position":1,"name":"In\u00edcio","item":"https:\/\/soldadoadrianojose.com.br\/"},{"@type":"ListItem","position":2,"name":"Deputado Adriano Jos\u00e9 protocola projeto de lei para tornar &#8220;Feij\u00e3o da Funda\u00e7\u00e3o&#8221; evento oficial do Paran\u00e1"}]},{"@type":"WebSite","@id":"https:\/\/soldadoadrianojose.com.br\/#website","url":"https:\/\/soldadoadrianojose.com.br\/","name":"Deputado Adriano Jos\u00e9","description":"Nosso trabalho \u00e9 pelas pessoas","publisher":{"@id":"https:\/\/soldadoadrianojose.com.br\/#\/schema\/person\/16f8e8defb7a4bd6c6082efcd1bdb6bb"},"potentialAction":[{"@type":"SearchAction","target":{"@type":"EntryPoint","urlTemplate":"https:\/\/soldadoadrianojose.com.br\/?s={search_term_string}"},"query-input":{"@type":"PropertyValueSpecification","valueRequired":true,"valueName":"search_term_string"}}],"inLanguage":"pt-BR"},{"@type":["Person","Organization"],"@id":"https:\/\/soldadoadrianojose.com.br\/#\/schema\/person\/16f8e8defb7a4bd6c6082efcd1bdb6bb","name":"soldadoadrianojose","image":{"@type":"ImageObject","inLanguage":"pt-BR","@id":"https:\/\/soldadoadrianojose.com.br\/wp-content\/uploads\/2023\/02\/LOGO_CLEAR-5.png","url":"https:\/\/soldadoadrianojose.com.br\/wp-content\/uploads\/2023\/02\/LOGO_CLEAR-5.png","contentUrl":"https:\/\/soldadoadrianojose.com.br\/wp-content\/uploads\/2023\/02\/LOGO_CLEAR-5.png","width":3508,"height":998,"caption":"soldadoadrianojose"},"logo":{"@id":"https:\/\/soldadoadrianojose.com.br\/wp-content\/uploads\/2023\/02\/LOGO_CLEAR-5.png"},"sameAs":["https:\/\/soldadoadrianojose.com.br"],"url":"https:\/\/soldadoadrianojose.com.br\/index.php\/author\/soldadoadrianojose\/"}]}},"jetpack_featured_media_url":"https:\/\/soldadoadrianojose.com.br\/wp-content\/uploads\/2024\/01\/WhatsApp-Image-2024-01-27-at-16.05.04.jpeg","_links":{"self":[{"href":"https:\/\/soldadoadrianojose.com.br\/index.php\/wp-json\/wp\/v2\/posts\/1968","targetHints":{"allow":["GET"]}}],"collection":[{"href":"https:\/\/soldadoadrianojose.com.br\/index.php\/wp-json\/wp\/v2\/posts"}],"about":[{"href":"https:\/\/soldadoadrianojose.com.br\/index.php\/wp-json\/wp\/v2\/types\/post"}],"author":[{"embeddable":true,"href":"https:\/\/soldadoadrianojose.com.br\/index.php\/wp-json\/wp\/v2\/users\/1"}],"replies":[{"embeddable":true,"href":"https:\/\/soldadoadrianojose.com.br\/index.php\/wp-json\/wp\/v2\/comments?post=1968"}],"version-history":[{"count":2,"href":"https:\/\/soldadoadrianojose.com.br\/index.php\/wp-json\/wp\/v2\/posts\/1968\/revisions"}],"predecessor-version":[{"id":1972,"href":"https:\/\/soldadoadrianojose.com.br\/index.php\/wp-json\/wp\/v2\/posts\/1968\/revisions\/1972"}],"wp:featuredmedia":[{"embeddable":true,"href":"https:\/\/soldadoadrianojose.com.br\/index.php\/wp-json\/wp\/v2\/media\/1969"}],"wp:attachment":[{"href":"https:\/\/soldadoadrianojose.com.br\/index.php\/wp-json\/wp\/v2\/media?parent=1968"}],"wp:term":[{"taxonomy":"category","embeddable":true,"href":"https:\/\/soldadoadrianojose.com.br\/index.php\/wp-json\/wp\/v2\/categories?post=1968"},{"taxonomy":"post_tag","embeddable":true,"href":"https:\/\/soldadoadrianojose.com.br\/index.php\/wp-json\/wp\/v2\/tags?post=1968"}],"curies":[{"name":"wp","href":"https:\/\/api.w.org\/{rel}","templated":true}]}}