{"id":198,"date":"2023-02-27T10:04:32","date_gmt":"2023-02-27T13:04:32","guid":{"rendered":"https:\/\/soldadoadrianojose.com.br\/?p=198"},"modified":"2023-02-27T10:31:24","modified_gmt":"2023-02-27T13:31:24","slug":"estado-confirma-investimento-de-r-28-milhoes-na-reforma-de-pontes-na-regiao-de-ibaiti","status":"publish","type":"post","link":"https:\/\/soldadoadrianojose.com.br\/index.php\/2023\/02\/27\/estado-confirma-investimento-de-r-28-milhoes-na-reforma-de-pontes-na-regiao-de-ibaiti\/","title":{"rendered":"Estado confirma investimento de R$ 2,8 milh\u00f5es na reforma de pontes na regi\u00e3o de Ibaiti"},"content":{"rendered":"\n<p><strong>Al\u00e9m de cinco pontes beneficiando Ibaiti, Curi\u00fava, Sapopema, Figueira, Pinhal\u00e3o e Tomazina, no Norte Pioneiro, edital inclui um viaduto em Ventania, nos Campos Gerais. Pre\u00e7o final ficou em R$ 2.873.619,34.<\/strong><\/p>\n\n\n\n<p>O Departamento de Estradas de Rodagem do Paran\u00e1 (DER\/PR) publicou a classifica\u00e7\u00e3o final da licita\u00e7\u00e3o para reformar cinco pontes em Ibaiti, Curi\u00fava, Sapopema, Figueira, Pinhal\u00e3o e Tomazina, no Norte Pioneiro, e um viaduto em Ventania, nos Campos Gerais.<\/p>\n\n\n\n<p>A Zuli Construtora de Obras Ltda. teve seus documentos habilitados e foi declarada a vencedora com a proposta de pre\u00e7o de R$ 2.873.619,34. Agora o resultado segue para a homologa\u00e7\u00e3o, que ser\u00e1 publicada em Di\u00e1rio Oficial, dando in\u00edcio aos tr\u00e2mites para assinatura de contrato e execu\u00e7\u00e3o das obras.<\/p>\n\n\n\n<p>Est\u00e3o previstos reparos das estruturas de concreto, instala\u00e7\u00e3o de dispositivos de drenagem, recupera\u00e7\u00e3o e instala\u00e7\u00e3o de dispositivos de seguran\u00e7a, como defensas met\u00e1licas, melhorias no pavimento, refor\u00e7o na sinaliza\u00e7\u00e3o horizontal e vertical, ro\u00e7ada da vegeta\u00e7\u00e3o, poda de \u00e1rvores pr\u00f3ximas ao tabuleiro, al\u00e9m de nova pintura. Ap\u00f3s emiss\u00e3o da ordem de servi\u00e7o, o prazo de execu\u00e7\u00e3o ser\u00e1 de 150 dias.<\/p>\n\n\n\n<p>A localiza\u00e7\u00e3o das pontes desta nova licita\u00e7\u00e3o pode ser verificada&nbsp;<a href=\"https:\/\/www.google.com\/maps\/d\/viewer?mid=1q8rMo_XFxnpe-EIZeEYOUg07-O2A_mA&amp;ll=-23.39881702122478%2C-51.164938500000005&amp;z=6\" target=\"_blank\" rel=\"noreferrer noopener\">neste mapa<\/a>, na aba CP 194\/2022, em refer\u00eancia \u00e0 identifica\u00e7\u00e3o do edital no portal Compras Paran\u00e1.<\/p>\n\n\n\n<ul class=\"wp-block-list\">\n<li><strong><a href=\"https:\/\/www.aen.pr.gov.br\/Noticia\/Para-fiscalizar-excesso-de-carga-DER-PR-ativa-balancas-nos-Campos-Gerais\" target=\"_blank\" rel=\"noreferrer noopener\">Para fiscalizar excesso de carga, DER-PR ativa balan\u00e7as nos Campos Gerais<\/a><\/strong><\/li>\n\n\n\n<li><strong><a href=\"https:\/\/www.aen.pr.gov.br\/Noticia\/Estado-recebe-propostas-para-conservacao-de-22997-km-de-rodovias-na-regiao-Oeste\" target=\"_blank\" rel=\"noreferrer noopener\">Estado recebe propostas para conserva\u00e7\u00e3o de 229,97 km de rodovias na regi\u00e3o Oeste<\/a><\/strong><\/li>\n<\/ul>\n\n\n\n<p><strong>\u00c0 FRENTE PARAN\u00c1<\/strong>&nbsp;\u2013 As obras fazem parte de um pacote de 20 editais do governo estadual que est\u00e1 revitalizando 195 pontes e viadutos em todo Paran\u00e1, com investimento estimado de R$ 118 milh\u00f5es. Esse \u00e9 o maior programa de reformas de obras de arte especiais (OAEs) da hist\u00f3ria do Estado, sendo uma das iniciativas do&nbsp;<a href=\"https:\/\/www.aen.pr.gov.br\/Noticia\/Frente-Parana-governador-anuncia-pacote-de-obras-de-infraestrutura-de-R-34-bilhoes\" target=\"_blank\" rel=\"noreferrer noopener\">\u00c0 Frente Paran\u00e1<\/a>, pacote bilion\u00e1rio de investimentos em infraestrutura em diversas regi\u00f5es do Paran\u00e1.<\/p>\n\n\n\n<p><strong>Confira as pontes e o viaduto contemplados:<\/strong><\/p>\n\n\n\n<p>Ponte Rio Barra Grande \u2013 PR-090 \u2013 no limite entre Curi\u00fava e Sapopema<\/p>\n\n\n\n<p>Ponte Rio Laranjinha \u2013 PRC-272 \u2013 Figueira<\/p>\n\n\n\n<p>Ponte Ribeir\u00e3o Grande \u2013 PRC-272 \u2013 Pinhal\u00e3o<\/p>\n\n\n\n<p>Ponte Rio Engano II \u2013 PR-436 \u2013 Ibaiti<\/p>\n\n\n\n<p>Ponte Rio das Cinzas \u2013 PRC-272 \u2013 Tomazina<\/p>\n\n\n\n<p>Viaduto Ferrovia km 213,33 \u2013 PR-090 \u2013 Ventania<\/p>\n","protected":false},"excerpt":{"rendered":"<p>Al\u00e9m de cinco pontes beneficiando Ibaiti, Curi\u00fava, Sapopema, Figueira, Pinhal\u00e3o e Tomazina, no Norte Pioneiro, edital inclui um viaduto em Ventania, nos Campos Gerais. Pre\u00e7o final ficou em R$ 2.873.619,34. O Departamento de Estradas de Rodagem do Paran\u00e1 (DER\/PR) publicou a classifica\u00e7\u00e3o final da licita\u00e7\u00e3o para reformar cinco pontes em Ibaiti, Curi\u00fava, Sapopema, Figueira, Pinhal\u00e3o [&hellip;]<\/p>\n","protected":false},"author":1,"featured_media":199,"comment_status":"open","ping_status":"open","sticky":false,"template":"","format":"standard","meta":{"footnotes":""},"categories":[5],"tags":[],"class_list":["post-198","post","type-post","status-publish","format-standard","has-post-thumbnail","hentry","category-parana"],"yoast_head":"<!-- This site is optimized with the Yoast SEO plugin v27.4 - https:\/\/yoast.com\/product\/yoast-seo-wordpress\/ -->\n<title>Estado confirma investimento de R$ 2,8 milh\u00f5es na reforma de pontes na regi\u00e3o de Ibaiti - Deputado Adriano Jos\u00e9<\/title>\n<meta name=\"robots\" content=\"index, follow, max-snippet:-1, max-image-preview:large, max-video-preview:-1\" \/>\n<link rel=\"canonical\" href=\"https:\/\/soldadoadrianojose.com.br\/index.php\/2023\/02\/27\/estado-confirma-investimento-de-r-28-milhoes-na-reforma-de-pontes-na-regiao-de-ibaiti\/\" \/>\n<meta property=\"og:locale\" content=\"pt_BR\" \/>\n<meta property=\"og:type\" content=\"article\" \/>\n<meta property=\"og:title\" content=\"Estado confirma investimento de R$ 2,8 milh\u00f5es na reforma de pontes na regi\u00e3o de Ibaiti - Deputado Adriano Jos\u00e9\" \/>\n<meta property=\"og:description\" content=\"Al\u00e9m de cinco pontes beneficiando Ibaiti, Curi\u00fava, Sapopema, Figueira, Pinhal\u00e3o e Tomazina, no Norte Pioneiro, edital inclui um viaduto em Ventania, nos Campos Gerais. Pre\u00e7o final ficou em R$ 2.873.619,34. O Departamento de Estradas de Rodagem do Paran\u00e1 (DER\/PR) publicou a classifica\u00e7\u00e3o final da licita\u00e7\u00e3o para reformar cinco pontes em Ibaiti, Curi\u00fava, Sapopema, Figueira, Pinhal\u00e3o [&hellip;]\" \/>\n<meta property=\"og:url\" content=\"https:\/\/soldadoadrianojose.com.br\/index.php\/2023\/02\/27\/estado-confirma-investimento-de-r-28-milhoes-na-reforma-de-pontes-na-regiao-de-ibaiti\/\" \/>\n<meta property=\"og:site_name\" content=\"Deputado Adriano Jos\u00e9\" \/>\n<meta property=\"article:published_time\" content=\"2023-02-27T13:04:32+00:00\" \/>\n<meta property=\"article:modified_time\" content=\"2023-02-27T13:31:24+00:00\" \/>\n<meta property=\"og:image\" content=\"https:\/\/soldadoadrianojose.com.br\/wp-content\/uploads\/2023\/02\/ponte_rio_barra_grande_pr-090_no_limite_entre_curiuva_e_sapopema_cp194.jpeg\" \/>\n\t<meta property=\"og:image:width\" content=\"1926\" \/>\n\t<meta property=\"og:image:height\" content=\"1284\" \/>\n\t<meta property=\"og:image:type\" content=\"image\/jpeg\" \/>\n<meta name=\"author\" content=\"soldadoadrianojose\" \/>\n<meta name=\"twitter:card\" content=\"summary_large_image\" \/>\n<meta name=\"twitter:label1\" content=\"Escrito por\" \/>\n\t<meta name=\"twitter:data1\" content=\"soldadoadrianojose\" \/>\n\t<meta name=\"twitter:label2\" content=\"Est. tempo de leitura\" \/>\n\t<meta name=\"twitter:data2\" content=\"2 minutos\" \/>\n<script type=\"application\/ld+json\" class=\"yoast-schema-graph\">{\"@context\":\"https:\\\/\\\/schema.org\",\"@graph\":[{\"@type\":\"Article\",\"@id\":\"https:\\\/\\\/soldadoadrianojose.com.br\\\/index.php\\\/2023\\\/02\\\/27\\\/estado-confirma-investimento-de-r-28-milhoes-na-reforma-de-pontes-na-regiao-de-ibaiti\\\/#article\",\"isPartOf\":{\"@id\":\"https:\\\/\\\/soldadoadrianojose.com.br\\\/index.php\\\/2023\\\/02\\\/27\\\/estado-confirma-investimento-de-r-28-milhoes-na-reforma-de-pontes-na-regiao-de-ibaiti\\\/\"},\"author\":{\"name\":\"soldadoadrianojose\",\"@id\":\"https:\\\/\\\/soldadoadrianojose.com.br\\\/#\\\/schema\\\/person\\\/16f8e8defb7a4bd6c6082efcd1bdb6bb\"},\"headline\":\"Estado confirma investimento de R$ 2,8 milh\u00f5es na reforma de pontes na regi\u00e3o de Ibaiti\",\"datePublished\":\"2023-02-27T13:04:32+00:00\",\"dateModified\":\"2023-02-27T13:31:24+00:00\",\"mainEntityOfPage\":{\"@id\":\"https:\\\/\\\/soldadoadrianojose.com.br\\\/index.php\\\/2023\\\/02\\\/27\\\/estado-confirma-investimento-de-r-28-milhoes-na-reforma-de-pontes-na-regiao-de-ibaiti\\\/\"},\"wordCount\":390,\"commentCount\":0,\"publisher\":{\"@id\":\"https:\\\/\\\/soldadoadrianojose.com.br\\\/#\\\/schema\\\/person\\\/16f8e8defb7a4bd6c6082efcd1bdb6bb\"},\"image\":{\"@id\":\"https:\\\/\\\/soldadoadrianojose.com.br\\\/index.php\\\/2023\\\/02\\\/27\\\/estado-confirma-investimento-de-r-28-milhoes-na-reforma-de-pontes-na-regiao-de-ibaiti\\\/#primaryimage\"},\"thumbnailUrl\":\"https:\\\/\\\/soldadoadrianojose.com.br\\\/wp-content\\\/uploads\\\/2023\\\/02\\\/ponte_rio_barra_grande_pr-090_no_limite_entre_curiuva_e_sapopema_cp194.jpeg\",\"articleSection\":[\"PARAN\u00c1\"],\"inLanguage\":\"pt-BR\",\"potentialAction\":[{\"@type\":\"CommentAction\",\"name\":\"Comment\",\"target\":[\"https:\\\/\\\/soldadoadrianojose.com.br\\\/index.php\\\/2023\\\/02\\\/27\\\/estado-confirma-investimento-de-r-28-milhoes-na-reforma-de-pontes-na-regiao-de-ibaiti\\\/#respond\"]}]},{\"@type\":\"WebPage\",\"@id\":\"https:\\\/\\\/soldadoadrianojose.com.br\\\/index.php\\\/2023\\\/02\\\/27\\\/estado-confirma-investimento-de-r-28-milhoes-na-reforma-de-pontes-na-regiao-de-ibaiti\\\/\",\"url\":\"https:\\\/\\\/soldadoadrianojose.com.br\\\/index.php\\\/2023\\\/02\\\/27\\\/estado-confirma-investimento-de-r-28-milhoes-na-reforma-de-pontes-na-regiao-de-ibaiti\\\/\",\"name\":\"Estado confirma investimento de R$ 2,8 milh\u00f5es na reforma de pontes na regi\u00e3o de Ibaiti - Deputado Adriano Jos\u00e9\",\"isPartOf\":{\"@id\":\"https:\\\/\\\/soldadoadrianojose.com.br\\\/#website\"},\"primaryImageOfPage\":{\"@id\":\"https:\\\/\\\/soldadoadrianojose.com.br\\\/index.php\\\/2023\\\/02\\\/27\\\/estado-confirma-investimento-de-r-28-milhoes-na-reforma-de-pontes-na-regiao-de-ibaiti\\\/#primaryimage\"},\"image\":{\"@id\":\"https:\\\/\\\/soldadoadrianojose.com.br\\\/index.php\\\/2023\\\/02\\\/27\\\/estado-confirma-investimento-de-r-28-milhoes-na-reforma-de-pontes-na-regiao-de-ibaiti\\\/#primaryimage\"},\"thumbnailUrl\":\"https:\\\/\\\/soldadoadrianojose.com.br\\\/wp-content\\\/uploads\\\/2023\\\/02\\\/ponte_rio_barra_grande_pr-090_no_limite_entre_curiuva_e_sapopema_cp194.jpeg\",\"datePublished\":\"2023-02-27T13:04:32+00:00\",\"dateModified\":\"2023-02-27T13:31:24+00:00\",\"breadcrumb\":{\"@id\":\"https:\\\/\\\/soldadoadrianojose.com.br\\\/index.php\\\/2023\\\/02\\\/27\\\/estado-confirma-investimento-de-r-28-milhoes-na-reforma-de-pontes-na-regiao-de-ibaiti\\\/#breadcrumb\"},\"inLanguage\":\"pt-BR\",\"potentialAction\":[{\"@type\":\"ReadAction\",\"target\":[\"https:\\\/\\\/soldadoadrianojose.com.br\\\/index.php\\\/2023\\\/02\\\/27\\\/estado-confirma-investimento-de-r-28-milhoes-na-reforma-de-pontes-na-regiao-de-ibaiti\\\/\"]}]},{\"@type\":\"ImageObject\",\"inLanguage\":\"pt-BR\",\"@id\":\"https:\\\/\\\/soldadoadrianojose.com.br\\\/index.php\\\/2023\\\/02\\\/27\\\/estado-confirma-investimento-de-r-28-milhoes-na-reforma-de-pontes-na-regiao-de-ibaiti\\\/#primaryimage\",\"url\":\"https:\\\/\\\/soldadoadrianojose.com.br\\\/wp-content\\\/uploads\\\/2023\\\/02\\\/ponte_rio_barra_grande_pr-090_no_limite_entre_curiuva_e_sapopema_cp194.jpeg\",\"contentUrl\":\"https:\\\/\\\/soldadoadrianojose.com.br\\\/wp-content\\\/uploads\\\/2023\\\/02\\\/ponte_rio_barra_grande_pr-090_no_limite_entre_curiuva_e_sapopema_cp194.jpeg\",\"width\":1926,\"height\":1284,\"caption\":\"Ponte Rio Barra Grande PR-090 no limite entre Curi\u00fava e Sapopema\"},{\"@type\":\"BreadcrumbList\",\"@id\":\"https:\\\/\\\/soldadoadrianojose.com.br\\\/index.php\\\/2023\\\/02\\\/27\\\/estado-confirma-investimento-de-r-28-milhoes-na-reforma-de-pontes-na-regiao-de-ibaiti\\\/#breadcrumb\",\"itemListElement\":[{\"@type\":\"ListItem\",\"position\":1,\"name\":\"In\u00edcio\",\"item\":\"https:\\\/\\\/soldadoadrianojose.com.br\\\/\"},{\"@type\":\"ListItem\",\"position\":2,\"name\":\"Estado confirma investimento de R$ 2,8 milh\u00f5es na reforma de pontes na regi\u00e3o de Ibaiti\"}]},{\"@type\":\"WebSite\",\"@id\":\"https:\\\/\\\/soldadoadrianojose.com.br\\\/#website\",\"url\":\"https:\\\/\\\/soldadoadrianojose.com.br\\\/\",\"name\":\"Deputado Adriano Jos\u00e9\",\"description\":\"Nosso trabalho \u00e9 pelas pessoas\",\"publisher\":{\"@id\":\"https:\\\/\\\/soldadoadrianojose.com.br\\\/#\\\/schema\\\/person\\\/16f8e8defb7a4bd6c6082efcd1bdb6bb\"},\"potentialAction\":[{\"@type\":\"SearchAction\",\"target\":{\"@type\":\"EntryPoint\",\"urlTemplate\":\"https:\\\/\\\/soldadoadrianojose.com.br\\\/?s={search_term_string}\"},\"query-input\":{\"@type\":\"PropertyValueSpecification\",\"valueRequired\":true,\"valueName\":\"search_term_string\"}}],\"inLanguage\":\"pt-BR\"},{\"@type\":[\"Person\",\"Organization\"],\"@id\":\"https:\\\/\\\/soldadoadrianojose.com.br\\\/#\\\/schema\\\/person\\\/16f8e8defb7a4bd6c6082efcd1bdb6bb\",\"name\":\"soldadoadrianojose\",\"image\":{\"@type\":\"ImageObject\",\"inLanguage\":\"pt-BR\",\"@id\":\"https:\\\/\\\/soldadoadrianojose.com.br\\\/wp-content\\\/uploads\\\/2023\\\/02\\\/LOGO_CLEAR-5.png\",\"url\":\"https:\\\/\\\/soldadoadrianojose.com.br\\\/wp-content\\\/uploads\\\/2023\\\/02\\\/LOGO_CLEAR-5.png\",\"contentUrl\":\"https:\\\/\\\/soldadoadrianojose.com.br\\\/wp-content\\\/uploads\\\/2023\\\/02\\\/LOGO_CLEAR-5.png\",\"width\":3508,\"height\":998,\"caption\":\"soldadoadrianojose\"},\"logo\":{\"@id\":\"https:\\\/\\\/soldadoadrianojose.com.br\\\/wp-content\\\/uploads\\\/2023\\\/02\\\/LOGO_CLEAR-5.png\"},\"sameAs\":[\"https:\\\/\\\/soldadoadrianojose.com.br\"],\"url\":\"https:\\\/\\\/soldadoadrianojose.com.br\\\/index.php\\\/author\\\/soldadoadrianojose\\\/\"}]}<\/script>\n<!-- \/ Yoast SEO plugin. -->","yoast_head_json":{"title":"Estado confirma investimento de R$ 2,8 milh\u00f5es na reforma de pontes na regi\u00e3o de Ibaiti - Deputado Adriano Jos\u00e9","robots":{"index":"index","follow":"follow","max-snippet":"max-snippet:-1","max-image-preview":"max-image-preview:large","max-video-preview":"max-video-preview:-1"},"canonical":"https:\/\/soldadoadrianojose.com.br\/index.php\/2023\/02\/27\/estado-confirma-investimento-de-r-28-milhoes-na-reforma-de-pontes-na-regiao-de-ibaiti\/","og_locale":"pt_BR","og_type":"article","og_title":"Estado confirma investimento de R$ 2,8 milh\u00f5es na reforma de pontes na regi\u00e3o de Ibaiti - Deputado Adriano Jos\u00e9","og_description":"Al\u00e9m de cinco pontes beneficiando Ibaiti, Curi\u00fava, Sapopema, Figueira, Pinhal\u00e3o e Tomazina, no Norte Pioneiro, edital inclui um viaduto em Ventania, nos Campos Gerais. Pre\u00e7o final ficou em R$ 2.873.619,34. O Departamento de Estradas de Rodagem do Paran\u00e1 (DER\/PR) publicou a classifica\u00e7\u00e3o final da licita\u00e7\u00e3o para reformar cinco pontes em Ibaiti, Curi\u00fava, Sapopema, Figueira, Pinhal\u00e3o [&hellip;]","og_url":"https:\/\/soldadoadrianojose.com.br\/index.php\/2023\/02\/27\/estado-confirma-investimento-de-r-28-milhoes-na-reforma-de-pontes-na-regiao-de-ibaiti\/","og_site_name":"Deputado Adriano Jos\u00e9","article_published_time":"2023-02-27T13:04:32+00:00","article_modified_time":"2023-02-27T13:31:24+00:00","og_image":[{"width":1926,"height":1284,"url":"https:\/\/soldadoadrianojose.com.br\/wp-content\/uploads\/2023\/02\/ponte_rio_barra_grande_pr-090_no_limite_entre_curiuva_e_sapopema_cp194.jpeg","type":"image\/jpeg"}],"author":"soldadoadrianojose","twitter_card":"summary_large_image","twitter_misc":{"Escrito por":"soldadoadrianojose","Est. tempo de leitura":"2 minutos"},"schema":{"@context":"https:\/\/schema.org","@graph":[{"@type":"Article","@id":"https:\/\/soldadoadrianojose.com.br\/index.php\/2023\/02\/27\/estado-confirma-investimento-de-r-28-milhoes-na-reforma-de-pontes-na-regiao-de-ibaiti\/#article","isPartOf":{"@id":"https:\/\/soldadoadrianojose.com.br\/index.php\/2023\/02\/27\/estado-confirma-investimento-de-r-28-milhoes-na-reforma-de-pontes-na-regiao-de-ibaiti\/"},"author":{"name":"soldadoadrianojose","@id":"https:\/\/soldadoadrianojose.com.br\/#\/schema\/person\/16f8e8defb7a4bd6c6082efcd1bdb6bb"},"headline":"Estado confirma investimento de R$ 2,8 milh\u00f5es na reforma de pontes na regi\u00e3o de Ibaiti","datePublished":"2023-02-27T13:04:32+00:00","dateModified":"2023-02-27T13:31:24+00:00","mainEntityOfPage":{"@id":"https:\/\/soldadoadrianojose.com.br\/index.php\/2023\/02\/27\/estado-confirma-investimento-de-r-28-milhoes-na-reforma-de-pontes-na-regiao-de-ibaiti\/"},"wordCount":390,"commentCount":0,"publisher":{"@id":"https:\/\/soldadoadrianojose.com.br\/#\/schema\/person\/16f8e8defb7a4bd6c6082efcd1bdb6bb"},"image":{"@id":"https:\/\/soldadoadrianojose.com.br\/index.php\/2023\/02\/27\/estado-confirma-investimento-de-r-28-milhoes-na-reforma-de-pontes-na-regiao-de-ibaiti\/#primaryimage"},"thumbnailUrl":"https:\/\/soldadoadrianojose.com.br\/wp-content\/uploads\/2023\/02\/ponte_rio_barra_grande_pr-090_no_limite_entre_curiuva_e_sapopema_cp194.jpeg","articleSection":["PARAN\u00c1"],"inLanguage":"pt-BR","potentialAction":[{"@type":"CommentAction","name":"Comment","target":["https:\/\/soldadoadrianojose.com.br\/index.php\/2023\/02\/27\/estado-confirma-investimento-de-r-28-milhoes-na-reforma-de-pontes-na-regiao-de-ibaiti\/#respond"]}]},{"@type":"WebPage","@id":"https:\/\/soldadoadrianojose.com.br\/index.php\/2023\/02\/27\/estado-confirma-investimento-de-r-28-milhoes-na-reforma-de-pontes-na-regiao-de-ibaiti\/","url":"https:\/\/soldadoadrianojose.com.br\/index.php\/2023\/02\/27\/estado-confirma-investimento-de-r-28-milhoes-na-reforma-de-pontes-na-regiao-de-ibaiti\/","name":"Estado confirma investimento de R$ 2,8 milh\u00f5es na reforma de pontes na regi\u00e3o de Ibaiti - Deputado Adriano Jos\u00e9","isPartOf":{"@id":"https:\/\/soldadoadrianojose.com.br\/#website"},"primaryImageOfPage":{"@id":"https:\/\/soldadoadrianojose.com.br\/index.php\/2023\/02\/27\/estado-confirma-investimento-de-r-28-milhoes-na-reforma-de-pontes-na-regiao-de-ibaiti\/#primaryimage"},"image":{"@id":"https:\/\/soldadoadrianojose.com.br\/index.php\/2023\/02\/27\/estado-confirma-investimento-de-r-28-milhoes-na-reforma-de-pontes-na-regiao-de-ibaiti\/#primaryimage"},"thumbnailUrl":"https:\/\/soldadoadrianojose.com.br\/wp-content\/uploads\/2023\/02\/ponte_rio_barra_grande_pr-090_no_limite_entre_curiuva_e_sapopema_cp194.jpeg","datePublished":"2023-02-27T13:04:32+00:00","dateModified":"2023-02-27T13:31:24+00:00","breadcrumb":{"@id":"https:\/\/soldadoadrianojose.com.br\/index.php\/2023\/02\/27\/estado-confirma-investimento-de-r-28-milhoes-na-reforma-de-pontes-na-regiao-de-ibaiti\/#breadcrumb"},"inLanguage":"pt-BR","potentialAction":[{"@type":"ReadAction","target":["https:\/\/soldadoadrianojose.com.br\/index.php\/2023\/02\/27\/estado-confirma-investimento-de-r-28-milhoes-na-reforma-de-pontes-na-regiao-de-ibaiti\/"]}]},{"@type":"ImageObject","inLanguage":"pt-BR","@id":"https:\/\/soldadoadrianojose.com.br\/index.php\/2023\/02\/27\/estado-confirma-investimento-de-r-28-milhoes-na-reforma-de-pontes-na-regiao-de-ibaiti\/#primaryimage","url":"https:\/\/soldadoadrianojose.com.br\/wp-content\/uploads\/2023\/02\/ponte_rio_barra_grande_pr-090_no_limite_entre_curiuva_e_sapopema_cp194.jpeg","contentUrl":"https:\/\/soldadoadrianojose.com.br\/wp-content\/uploads\/2023\/02\/ponte_rio_barra_grande_pr-090_no_limite_entre_curiuva_e_sapopema_cp194.jpeg","width":1926,"height":1284,"caption":"Ponte Rio Barra Grande PR-090 no limite entre Curi\u00fava e Sapopema"},{"@type":"BreadcrumbList","@id":"https:\/\/soldadoadrianojose.com.br\/index.php\/2023\/02\/27\/estado-confirma-investimento-de-r-28-milhoes-na-reforma-de-pontes-na-regiao-de-ibaiti\/#breadcrumb","itemListElement":[{"@type":"ListItem","position":1,"name":"In\u00edcio","item":"https:\/\/soldadoadrianojose.com.br\/"},{"@type":"ListItem","position":2,"name":"Estado confirma investimento de R$ 2,8 milh\u00f5es na reforma de pontes na regi\u00e3o de Ibaiti"}]},{"@type":"WebSite","@id":"https:\/\/soldadoadrianojose.com.br\/#website","url":"https:\/\/soldadoadrianojose.com.br\/","name":"Deputado Adriano Jos\u00e9","description":"Nosso trabalho \u00e9 pelas pessoas","publisher":{"@id":"https:\/\/soldadoadrianojose.com.br\/#\/schema\/person\/16f8e8defb7a4bd6c6082efcd1bdb6bb"},"potentialAction":[{"@type":"SearchAction","target":{"@type":"EntryPoint","urlTemplate":"https:\/\/soldadoadrianojose.com.br\/?s={search_term_string}"},"query-input":{"@type":"PropertyValueSpecification","valueRequired":true,"valueName":"search_term_string"}}],"inLanguage":"pt-BR"},{"@type":["Person","Organization"],"@id":"https:\/\/soldadoadrianojose.com.br\/#\/schema\/person\/16f8e8defb7a4bd6c6082efcd1bdb6bb","name":"soldadoadrianojose","image":{"@type":"ImageObject","inLanguage":"pt-BR","@id":"https:\/\/soldadoadrianojose.com.br\/wp-content\/uploads\/2023\/02\/LOGO_CLEAR-5.png","url":"https:\/\/soldadoadrianojose.com.br\/wp-content\/uploads\/2023\/02\/LOGO_CLEAR-5.png","contentUrl":"https:\/\/soldadoadrianojose.com.br\/wp-content\/uploads\/2023\/02\/LOGO_CLEAR-5.png","width":3508,"height":998,"caption":"soldadoadrianojose"},"logo":{"@id":"https:\/\/soldadoadrianojose.com.br\/wp-content\/uploads\/2023\/02\/LOGO_CLEAR-5.png"},"sameAs":["https:\/\/soldadoadrianojose.com.br"],"url":"https:\/\/soldadoadrianojose.com.br\/index.php\/author\/soldadoadrianojose\/"}]}},"jetpack_featured_media_url":"https:\/\/soldadoadrianojose.com.br\/wp-content\/uploads\/2023\/02\/ponte_rio_barra_grande_pr-090_no_limite_entre_curiuva_e_sapopema_cp194.jpeg","_links":{"self":[{"href":"https:\/\/soldadoadrianojose.com.br\/index.php\/wp-json\/wp\/v2\/posts\/198","targetHints":{"allow":["GET"]}}],"collection":[{"href":"https:\/\/soldadoadrianojose.com.br\/index.php\/wp-json\/wp\/v2\/posts"}],"about":[{"href":"https:\/\/soldadoadrianojose.com.br\/index.php\/wp-json\/wp\/v2\/types\/post"}],"author":[{"embeddable":true,"href":"https:\/\/soldadoadrianojose.com.br\/index.php\/wp-json\/wp\/v2\/users\/1"}],"replies":[{"embeddable":true,"href":"https:\/\/soldadoadrianojose.com.br\/index.php\/wp-json\/wp\/v2\/comments?post=198"}],"version-history":[{"count":1,"href":"https:\/\/soldadoadrianojose.com.br\/index.php\/wp-json\/wp\/v2\/posts\/198\/revisions"}],"predecessor-version":[{"id":200,"href":"https:\/\/soldadoadrianojose.com.br\/index.php\/wp-json\/wp\/v2\/posts\/198\/revisions\/200"}],"wp:featuredmedia":[{"embeddable":true,"href":"https:\/\/soldadoadrianojose.com.br\/index.php\/wp-json\/wp\/v2\/media\/199"}],"wp:attachment":[{"href":"https:\/\/soldadoadrianojose.com.br\/index.php\/wp-json\/wp\/v2\/media?parent=198"}],"wp:term":[{"taxonomy":"category","embeddable":true,"href":"https:\/\/soldadoadrianojose.com.br\/index.php\/wp-json\/wp\/v2\/categories?post=198"},{"taxonomy":"post_tag","embeddable":true,"href":"https:\/\/soldadoadrianojose.com.br\/index.php\/wp-json\/wp\/v2\/tags?post=198"}],"curies":[{"name":"wp","href":"https:\/\/api.w.org\/{rel}","templated":true}]}}