{"id":1999,"date":"2024-02-27T17:18:44","date_gmt":"2024-02-27T20:18:44","guid":{"rendered":"https:\/\/soldadoadrianojose.com.br\/?p=1999"},"modified":"2024-02-27T17:18:49","modified_gmt":"2024-02-27T20:18:49","slug":"deputado-adriano-jose-representa-comissao-de-seguranca-publica-no-lancamento-do-colombo-mais-protegida-e-conectada","status":"publish","type":"post","link":"https:\/\/soldadoadrianojose.com.br\/index.php\/2024\/02\/27\/deputado-adriano-jose-representa-comissao-de-seguranca-publica-no-lancamento-do-colombo-mais-protegida-e-conectada\/","title":{"rendered":"Deputado Adriano Jos\u00e9 representa comiss\u00e3o de seguran\u00e7a p\u00fablica no lan\u00e7amento do Colombo Mais Protegida e Conectada"},"content":{"rendered":"\n<p>Na manh\u00e3 desta ter\u00e7a-feira, 27, foi lan\u00e7ado o programa Colombo Mais Protegida e Conectada, que prev\u00ea uma s\u00e9rie de medidas para ampliar a seguran\u00e7a p\u00fablica na cidade. O evento contou com a presen\u00e7a do deputado Adriano Jos\u00e9, presidente da comiss\u00e3o de seguran\u00e7a p\u00fablica da Assembleia Legislativa do Paran\u00e1, representando o colegiado.<\/p>\n\n\n\n<figure class=\"wp-block-gallery has-nested-images columns-default is-cropped wp-block-gallery-1 is-layout-flex wp-block-gallery-is-layout-flex\">\n<figure class=\"wp-block-image size-large\"><img fetchpriority=\"high\" decoding=\"async\" width=\"1024\" height=\"683\" data-id=\"2001\" src=\"https:\/\/soldadoadrianojose.com.br\/wp-content\/uploads\/2024\/02\/WhatsApp-Image-2024-02-27-at-11.36.22-1024x683.jpeg\" alt=\"\" class=\"wp-image-2001\" srcset=\"https:\/\/soldadoadrianojose.com.br\/wp-content\/uploads\/2024\/02\/WhatsApp-Image-2024-02-27-at-11.36.22-1024x683.jpeg 1024w, https:\/\/soldadoadrianojose.com.br\/wp-content\/uploads\/2024\/02\/WhatsApp-Image-2024-02-27-at-11.36.22-300x200.jpeg 300w, https:\/\/soldadoadrianojose.com.br\/wp-content\/uploads\/2024\/02\/WhatsApp-Image-2024-02-27-at-11.36.22-768x512.jpeg 768w, https:\/\/soldadoadrianojose.com.br\/wp-content\/uploads\/2024\/02\/WhatsApp-Image-2024-02-27-at-11.36.22.jpeg 1375w\" sizes=\"(max-width: 1024px) 100vw, 1024px\" \/><\/figure>\n\n\n\n<figure class=\"wp-block-image size-large\"><img decoding=\"async\" width=\"1024\" height=\"683\" data-id=\"2002\" src=\"https:\/\/soldadoadrianojose.com.br\/wp-content\/uploads\/2024\/02\/WhatsApp-Image-2024-02-27-at-11.09.19-1024x683.jpeg\" alt=\"\" class=\"wp-image-2002\" srcset=\"https:\/\/soldadoadrianojose.com.br\/wp-content\/uploads\/2024\/02\/WhatsApp-Image-2024-02-27-at-11.09.19-1024x683.jpeg 1024w, https:\/\/soldadoadrianojose.com.br\/wp-content\/uploads\/2024\/02\/WhatsApp-Image-2024-02-27-at-11.09.19-300x200.jpeg 300w, https:\/\/soldadoadrianojose.com.br\/wp-content\/uploads\/2024\/02\/WhatsApp-Image-2024-02-27-at-11.09.19-768x512.jpeg 768w, https:\/\/soldadoadrianojose.com.br\/wp-content\/uploads\/2024\/02\/WhatsApp-Image-2024-02-27-at-11.09.19-1536x1024.jpeg 1536w, https:\/\/soldadoadrianojose.com.br\/wp-content\/uploads\/2024\/02\/WhatsApp-Image-2024-02-27-at-11.09.19.jpeg 1600w\" sizes=\"(max-width: 1024px) 100vw, 1024px\" \/><\/figure>\n\n\n\n<figure class=\"wp-block-image size-large\"><img decoding=\"async\" width=\"1024\" height=\"683\" data-id=\"2003\" src=\"https:\/\/soldadoadrianojose.com.br\/wp-content\/uploads\/2024\/02\/WhatsApp-Image-2024-02-27-at-11.08.52-1024x683.jpeg\" alt=\"\" class=\"wp-image-2003\" srcset=\"https:\/\/soldadoadrianojose.com.br\/wp-content\/uploads\/2024\/02\/WhatsApp-Image-2024-02-27-at-11.08.52-1024x683.jpeg 1024w, https:\/\/soldadoadrianojose.com.br\/wp-content\/uploads\/2024\/02\/WhatsApp-Image-2024-02-27-at-11.08.52-300x200.jpeg 300w, https:\/\/soldadoadrianojose.com.br\/wp-content\/uploads\/2024\/02\/WhatsApp-Image-2024-02-27-at-11.08.52-768x512.jpeg 768w, https:\/\/soldadoadrianojose.com.br\/wp-content\/uploads\/2024\/02\/WhatsApp-Image-2024-02-27-at-11.08.52-1536x1024.jpeg 1536w, https:\/\/soldadoadrianojose.com.br\/wp-content\/uploads\/2024\/02\/WhatsApp-Image-2024-02-27-at-11.08.52.jpeg 1600w\" sizes=\"(max-width: 1024px) 100vw, 1024px\" \/><\/figure>\n\n\n\n<figure class=\"wp-block-image size-large\"><img loading=\"lazy\" decoding=\"async\" width=\"1024\" height=\"701\" data-id=\"2004\" src=\"https:\/\/soldadoadrianojose.com.br\/wp-content\/uploads\/2024\/02\/WhatsApp-Image-2024-02-27-at-12.05.41-1024x701.jpeg\" alt=\"\" class=\"wp-image-2004\" srcset=\"https:\/\/soldadoadrianojose.com.br\/wp-content\/uploads\/2024\/02\/WhatsApp-Image-2024-02-27-at-12.05.41-1024x701.jpeg 1024w, https:\/\/soldadoadrianojose.com.br\/wp-content\/uploads\/2024\/02\/WhatsApp-Image-2024-02-27-at-12.05.41-300x205.jpeg 300w, https:\/\/soldadoadrianojose.com.br\/wp-content\/uploads\/2024\/02\/WhatsApp-Image-2024-02-27-at-12.05.41-768x526.jpeg 768w, https:\/\/soldadoadrianojose.com.br\/wp-content\/uploads\/2024\/02\/WhatsApp-Image-2024-02-27-at-12.05.41-1536x1051.jpeg 1536w, https:\/\/soldadoadrianojose.com.br\/wp-content\/uploads\/2024\/02\/WhatsApp-Image-2024-02-27-at-12.05.41.jpeg 1600w\" sizes=\"(max-width: 1024px) 100vw, 1024px\" \/><\/figure>\n\n\n\n<figure class=\"wp-block-image size-large\"><img loading=\"lazy\" decoding=\"async\" width=\"1024\" height=\"663\" data-id=\"2005\" src=\"https:\/\/soldadoadrianojose.com.br\/wp-content\/uploads\/2024\/02\/WhatsApp-Image-2024-02-27-at-12.05.02-1-1024x663.jpeg\" alt=\"\" class=\"wp-image-2005\" srcset=\"https:\/\/soldadoadrianojose.com.br\/wp-content\/uploads\/2024\/02\/WhatsApp-Image-2024-02-27-at-12.05.02-1-1024x663.jpeg 1024w, https:\/\/soldadoadrianojose.com.br\/wp-content\/uploads\/2024\/02\/WhatsApp-Image-2024-02-27-at-12.05.02-1-300x194.jpeg 300w, https:\/\/soldadoadrianojose.com.br\/wp-content\/uploads\/2024\/02\/WhatsApp-Image-2024-02-27-at-12.05.02-1-768x497.jpeg 768w, https:\/\/soldadoadrianojose.com.br\/wp-content\/uploads\/2024\/02\/WhatsApp-Image-2024-02-27-at-12.05.02-1-1536x995.jpeg 1536w, https:\/\/soldadoadrianojose.com.br\/wp-content\/uploads\/2024\/02\/WhatsApp-Image-2024-02-27-at-12.05.02-1.jpeg 1600w\" sizes=\"(max-width: 1024px) 100vw, 1024px\" \/><\/figure>\n\n\n\n<figure class=\"wp-block-image size-large\"><img loading=\"lazy\" decoding=\"async\" width=\"1024\" height=\"684\" data-id=\"2006\" src=\"https:\/\/soldadoadrianojose.com.br\/wp-content\/uploads\/2024\/02\/2024022714.39.21-1024x684.jpeg\" alt=\"\" class=\"wp-image-2006\" srcset=\"https:\/\/soldadoadrianojose.com.br\/wp-content\/uploads\/2024\/02\/2024022714.39.21-1024x684.jpeg 1024w, https:\/\/soldadoadrianojose.com.br\/wp-content\/uploads\/2024\/02\/2024022714.39.21-300x200.jpeg 300w, https:\/\/soldadoadrianojose.com.br\/wp-content\/uploads\/2024\/02\/2024022714.39.21-768x513.jpeg 768w, https:\/\/soldadoadrianojose.com.br\/wp-content\/uploads\/2024\/02\/2024022714.39.21-1536x1025.jpeg 1536w, https:\/\/soldadoadrianojose.com.br\/wp-content\/uploads\/2024\/02\/2024022714.39.21.jpeg 1600w\" sizes=\"(max-width: 1024px) 100vw, 1024px\" \/><\/figure>\n<\/figure>\n\n\n\n<p>O prefeito Helder Lazarotto entregou para a popula\u00e7\u00e3o o maior programa de videomonitoramento de Colombo com quase mil c\u00e2meras inteligentes de seguran\u00e7a, com tecnologia de biometria facial e integra\u00e7\u00e3o de diversos servi\u00e7os p\u00fablicos; o que vai permitir o monitoramento de ocorr\u00eancias em tempo real, em diversos pontos estrat\u00e9gicos.<\/p>\n\n\n\n<p>\u00c9 o maior sistema de monitoramento por c\u00e2meras e outras tecnologias integradas, o que representa mais um marco importante para a seguran\u00e7a p\u00fablica de Colombo.<\/p>\n\n\n\n<p>Durante o evento, Adriano Jos\u00e9 parabenizou a gest\u00e3o municipal pelos investimentos em seguran\u00e7a e destacou a import\u00e2ncia de investir em equipamentos e efetivo para que a Guarda Municipal, uma das melhores do pa\u00eds, possa trabalhar. O deputado tamb\u00e9m elogiou as novas tecnologias que ser\u00e3o empregadas, como c\u00e2meras com reconhecimento facial e de placas. &#8220;\u00c9 um exemplo de gest\u00e3o e um exemplo de investimento na seguran\u00e7a p\u00fablica. Reafirmo o compromisso de, junto com o governador Ratinho Junior, melhorar a vida da popula\u00e7\u00e3o de Colombo&#8221;, finalizou.<\/p>\n\n\n\n<p>Na ocasi\u00e3o, secret\u00e1rio de Estado de Seguran\u00e7a P\u00fablica do Paran\u00e1, Hudson Le\u00f4ncio Teixeira, participou da cerim\u00f4nia, juntamente com as autoridades municipais e estaduais.<\/p>\n\n\n\n<p>Ao total, s\u00e3o quase mil c\u00e2meras espalhadas em diversos pontos estrat\u00e9gicos e acessos de Internet gratuitos para a popula\u00e7\u00e3o, com o intuito de cuidar das pessoas e da cidade com o uso da tecnologia.<\/p>\n\n\n\n<p>O projeto inovador, permitir\u00e1 a integra\u00e7\u00e3o de v\u00e1rios \u00f3rg\u00e3os do servi\u00e7o p\u00fablico para oferecer mais agilidade no atendimento ao cidad\u00e3o. \u201cA partir de agora temos uma Colombo mais segura. O sistema \u00e9 integrado \u00e0s bases de dados estaduais e federais, o que aumenta a assertividade e efetividade do trabalho das for\u00e7as de seguran\u00e7a, principalmente, no controle de entradas e sa\u00eddas do munic\u00edpio\u201d, disse o prefeito, Helder Lazarotto.<\/p>\n\n\n\n<p>Os monitores, da central de monitoramento, ser\u00e3o os olhos virtuais da Prefeitura, voltados \u00e0 seguran\u00e7a da popula\u00e7\u00e3o, tr\u00e2nsito e dos equipamentos p\u00fablicos, em tempo real.<\/p>\n\n\n\n<p>\u201cCom a cria\u00e7\u00e3o de uma rede de vigil\u00e2ncia abrangente, utilizando tecnologia de ponta para monitorar \u00e1reas p\u00fablicas do munic\u00edpio, espera-se reduzir os \u00edndices de criminalidade e proporcionar uma cidade mais segura e tranquila para todos os colombenses\u201d, explica o prefeito.<\/p>\n\n\n\n<p>A implementa\u00e7\u00e3o do sistema de monitoramento 24h, coordenado pela Secretaria de Governo em parceria com a Secretaria de Tecnologia da Informa\u00e7\u00e3o, tem como objetivo aumentar a seguran\u00e7a e a conectividade na cidade.<\/p>\n\n\n\n<p>\u201cVamos entregar \u00e0 popula\u00e7\u00e3o um novo sistema que vai possibilitar a gera\u00e7\u00e3o de informa\u00e7\u00f5es importantes e estrat\u00e9gicas para que sejam tomadas decis\u00f5es \u00e1geis e precisas em situa\u00e7\u00f5es emergenciais\u201d, ressaltou o secret\u00e1rio da pasta, Ademir Garcia.<\/p>\n\n\n\n<p>O Programa Colombo Mais Protegida e Conectada representa um avan\u00e7o significativo na seguran\u00e7a p\u00fablica de Colombo e demonstra o compromisso das autoridades em proporcionar um ambiente mais seguro e conectado para a popula\u00e7\u00e3o.<\/p>\n","protected":false},"excerpt":{"rendered":"<p>Na manh\u00e3 desta ter\u00e7a-feira, 27, foi lan\u00e7ado o programa Colombo Mais Protegida e Conectada, que prev\u00ea uma s\u00e9rie de medidas para ampliar a seguran\u00e7a p\u00fablica na cidade. O evento contou com a presen\u00e7a do deputado Adriano Jos\u00e9, presidente da comiss\u00e3o de seguran\u00e7a p\u00fablica da Assembleia Legislativa do Paran\u00e1, representando o colegiado. O prefeito Helder Lazarotto [&hellip;]<\/p>\n","protected":false},"author":1,"featured_media":2000,"comment_status":"open","ping_status":"open","sticky":false,"template":"","format":"standard","meta":{"footnotes":""},"categories":[64],"tags":[66,68],"class_list":["post-1999","post","type-post","status-publish","format-standard","has-post-thumbnail","hentry","category-colombo","tag-colombo","tag-seguranca"],"yoast_head":"<!-- This site is optimized with the Yoast SEO plugin v27.4 - https:\/\/yoast.com\/product\/yoast-seo-wordpress\/ -->\n<title>Deputado Adriano Jos\u00e9 representa comiss\u00e3o de seguran\u00e7a p\u00fablica no lan\u00e7amento do Colombo Mais Protegida e Conectada - Deputado Adriano Jos\u00e9<\/title>\n<meta name=\"robots\" content=\"index, follow, max-snippet:-1, max-image-preview:large, max-video-preview:-1\" \/>\n<link rel=\"canonical\" href=\"https:\/\/soldadoadrianojose.com.br\/index.php\/2024\/02\/27\/deputado-adriano-jose-representa-comissao-de-seguranca-publica-no-lancamento-do-colombo-mais-protegida-e-conectada\/\" \/>\n<meta property=\"og:locale\" content=\"pt_BR\" \/>\n<meta property=\"og:type\" content=\"article\" \/>\n<meta property=\"og:title\" content=\"Deputado Adriano Jos\u00e9 representa comiss\u00e3o de seguran\u00e7a p\u00fablica no lan\u00e7amento do Colombo Mais Protegida e Conectada - Deputado Adriano Jos\u00e9\" \/>\n<meta property=\"og:description\" content=\"Na manh\u00e3 desta ter\u00e7a-feira, 27, foi lan\u00e7ado o programa Colombo Mais Protegida e Conectada, que prev\u00ea uma s\u00e9rie de medidas para ampliar a seguran\u00e7a p\u00fablica na cidade. O evento contou com a presen\u00e7a do deputado Adriano Jos\u00e9, presidente da comiss\u00e3o de seguran\u00e7a p\u00fablica da Assembleia Legislativa do Paran\u00e1, representando o colegiado. O prefeito Helder Lazarotto [&hellip;]\" \/>\n<meta property=\"og:url\" content=\"https:\/\/soldadoadrianojose.com.br\/index.php\/2024\/02\/27\/deputado-adriano-jose-representa-comissao-de-seguranca-publica-no-lancamento-do-colombo-mais-protegida-e-conectada\/\" \/>\n<meta property=\"og:site_name\" content=\"Deputado Adriano Jos\u00e9\" \/>\n<meta property=\"article:published_time\" content=\"2024-02-27T20:18:44+00:00\" \/>\n<meta property=\"article:modified_time\" content=\"2024-02-27T20:18:49+00:00\" \/>\n<meta property=\"og:image\" content=\"https:\/\/soldadoadrianojose.com.br\/wp-content\/uploads\/2024\/02\/WhatsApp-Image-2024-02-27-at-12.05.02.jpeg\" \/>\n\t<meta property=\"og:image:width\" content=\"1600\" \/>\n\t<meta property=\"og:image:height\" content=\"1036\" \/>\n\t<meta property=\"og:image:type\" content=\"image\/jpeg\" \/>\n<meta name=\"author\" content=\"soldadoadrianojose\" \/>\n<meta name=\"twitter:card\" content=\"summary_large_image\" \/>\n<meta name=\"twitter:label1\" content=\"Escrito por\" \/>\n\t<meta name=\"twitter:data1\" content=\"soldadoadrianojose\" \/>\n\t<meta name=\"twitter:label2\" content=\"Est. tempo de leitura\" \/>\n\t<meta name=\"twitter:data2\" content=\"5 minutos\" \/>\n<script type=\"application\/ld+json\" class=\"yoast-schema-graph\">{\"@context\":\"https:\\\/\\\/schema.org\",\"@graph\":[{\"@type\":\"Article\",\"@id\":\"https:\\\/\\\/soldadoadrianojose.com.br\\\/index.php\\\/2024\\\/02\\\/27\\\/deputado-adriano-jose-representa-comissao-de-seguranca-publica-no-lancamento-do-colombo-mais-protegida-e-conectada\\\/#article\",\"isPartOf\":{\"@id\":\"https:\\\/\\\/soldadoadrianojose.com.br\\\/index.php\\\/2024\\\/02\\\/27\\\/deputado-adriano-jose-representa-comissao-de-seguranca-publica-no-lancamento-do-colombo-mais-protegida-e-conectada\\\/\"},\"author\":{\"name\":\"soldadoadrianojose\",\"@id\":\"https:\\\/\\\/soldadoadrianojose.com.br\\\/#\\\/schema\\\/person\\\/16f8e8defb7a4bd6c6082efcd1bdb6bb\"},\"headline\":\"Deputado Adriano Jos\u00e9 representa comiss\u00e3o de seguran\u00e7a p\u00fablica no lan\u00e7amento do Colombo Mais Protegida e Conectada\",\"datePublished\":\"2024-02-27T20:18:44+00:00\",\"dateModified\":\"2024-02-27T20:18:49+00:00\",\"mainEntityOfPage\":{\"@id\":\"https:\\\/\\\/soldadoadrianojose.com.br\\\/index.php\\\/2024\\\/02\\\/27\\\/deputado-adriano-jose-representa-comissao-de-seguranca-publica-no-lancamento-do-colombo-mais-protegida-e-conectada\\\/\"},\"wordCount\":585,\"commentCount\":0,\"publisher\":{\"@id\":\"https:\\\/\\\/soldadoadrianojose.com.br\\\/#\\\/schema\\\/person\\\/16f8e8defb7a4bd6c6082efcd1bdb6bb\"},\"image\":{\"@id\":\"https:\\\/\\\/soldadoadrianojose.com.br\\\/index.php\\\/2024\\\/02\\\/27\\\/deputado-adriano-jose-representa-comissao-de-seguranca-publica-no-lancamento-do-colombo-mais-protegida-e-conectada\\\/#primaryimage\"},\"thumbnailUrl\":\"https:\\\/\\\/soldadoadrianojose.com.br\\\/wp-content\\\/uploads\\\/2024\\\/02\\\/WhatsApp-Image-2024-02-27-at-12.05.02.jpeg\",\"keywords\":[\"COLOMBO\",\"seguran\u00e7a\"],\"articleSection\":[\"COLOMBO\"],\"inLanguage\":\"pt-BR\",\"potentialAction\":[{\"@type\":\"CommentAction\",\"name\":\"Comment\",\"target\":[\"https:\\\/\\\/soldadoadrianojose.com.br\\\/index.php\\\/2024\\\/02\\\/27\\\/deputado-adriano-jose-representa-comissao-de-seguranca-publica-no-lancamento-do-colombo-mais-protegida-e-conectada\\\/#respond\"]}]},{\"@type\":\"WebPage\",\"@id\":\"https:\\\/\\\/soldadoadrianojose.com.br\\\/index.php\\\/2024\\\/02\\\/27\\\/deputado-adriano-jose-representa-comissao-de-seguranca-publica-no-lancamento-do-colombo-mais-protegida-e-conectada\\\/\",\"url\":\"https:\\\/\\\/soldadoadrianojose.com.br\\\/index.php\\\/2024\\\/02\\\/27\\\/deputado-adriano-jose-representa-comissao-de-seguranca-publica-no-lancamento-do-colombo-mais-protegida-e-conectada\\\/\",\"name\":\"Deputado Adriano Jos\u00e9 representa comiss\u00e3o de seguran\u00e7a p\u00fablica no lan\u00e7amento do Colombo Mais Protegida e Conectada - Deputado Adriano Jos\u00e9\",\"isPartOf\":{\"@id\":\"https:\\\/\\\/soldadoadrianojose.com.br\\\/#website\"},\"primaryImageOfPage\":{\"@id\":\"https:\\\/\\\/soldadoadrianojose.com.br\\\/index.php\\\/2024\\\/02\\\/27\\\/deputado-adriano-jose-representa-comissao-de-seguranca-publica-no-lancamento-do-colombo-mais-protegida-e-conectada\\\/#primaryimage\"},\"image\":{\"@id\":\"https:\\\/\\\/soldadoadrianojose.com.br\\\/index.php\\\/2024\\\/02\\\/27\\\/deputado-adriano-jose-representa-comissao-de-seguranca-publica-no-lancamento-do-colombo-mais-protegida-e-conectada\\\/#primaryimage\"},\"thumbnailUrl\":\"https:\\\/\\\/soldadoadrianojose.com.br\\\/wp-content\\\/uploads\\\/2024\\\/02\\\/WhatsApp-Image-2024-02-27-at-12.05.02.jpeg\",\"datePublished\":\"2024-02-27T20:18:44+00:00\",\"dateModified\":\"2024-02-27T20:18:49+00:00\",\"breadcrumb\":{\"@id\":\"https:\\\/\\\/soldadoadrianojose.com.br\\\/index.php\\\/2024\\\/02\\\/27\\\/deputado-adriano-jose-representa-comissao-de-seguranca-publica-no-lancamento-do-colombo-mais-protegida-e-conectada\\\/#breadcrumb\"},\"inLanguage\":\"pt-BR\",\"potentialAction\":[{\"@type\":\"ReadAction\",\"target\":[\"https:\\\/\\\/soldadoadrianojose.com.br\\\/index.php\\\/2024\\\/02\\\/27\\\/deputado-adriano-jose-representa-comissao-de-seguranca-publica-no-lancamento-do-colombo-mais-protegida-e-conectada\\\/\"]}]},{\"@type\":\"ImageObject\",\"inLanguage\":\"pt-BR\",\"@id\":\"https:\\\/\\\/soldadoadrianojose.com.br\\\/index.php\\\/2024\\\/02\\\/27\\\/deputado-adriano-jose-representa-comissao-de-seguranca-publica-no-lancamento-do-colombo-mais-protegida-e-conectada\\\/#primaryimage\",\"url\":\"https:\\\/\\\/soldadoadrianojose.com.br\\\/wp-content\\\/uploads\\\/2024\\\/02\\\/WhatsApp-Image-2024-02-27-at-12.05.02.jpeg\",\"contentUrl\":\"https:\\\/\\\/soldadoadrianojose.com.br\\\/wp-content\\\/uploads\\\/2024\\\/02\\\/WhatsApp-Image-2024-02-27-at-12.05.02.jpeg\",\"width\":1600,\"height\":1036},{\"@type\":\"BreadcrumbList\",\"@id\":\"https:\\\/\\\/soldadoadrianojose.com.br\\\/index.php\\\/2024\\\/02\\\/27\\\/deputado-adriano-jose-representa-comissao-de-seguranca-publica-no-lancamento-do-colombo-mais-protegida-e-conectada\\\/#breadcrumb\",\"itemListElement\":[{\"@type\":\"ListItem\",\"position\":1,\"name\":\"In\u00edcio\",\"item\":\"https:\\\/\\\/soldadoadrianojose.com.br\\\/\"},{\"@type\":\"ListItem\",\"position\":2,\"name\":\"Deputado Adriano Jos\u00e9 representa comiss\u00e3o de seguran\u00e7a p\u00fablica no lan\u00e7amento do Colombo Mais Protegida e Conectada\"}]},{\"@type\":\"WebSite\",\"@id\":\"https:\\\/\\\/soldadoadrianojose.com.br\\\/#website\",\"url\":\"https:\\\/\\\/soldadoadrianojose.com.br\\\/\",\"name\":\"Deputado Adriano Jos\u00e9\",\"description\":\"Nosso trabalho \u00e9 pelas pessoas\",\"publisher\":{\"@id\":\"https:\\\/\\\/soldadoadrianojose.com.br\\\/#\\\/schema\\\/person\\\/16f8e8defb7a4bd6c6082efcd1bdb6bb\"},\"potentialAction\":[{\"@type\":\"SearchAction\",\"target\":{\"@type\":\"EntryPoint\",\"urlTemplate\":\"https:\\\/\\\/soldadoadrianojose.com.br\\\/?s={search_term_string}\"},\"query-input\":{\"@type\":\"PropertyValueSpecification\",\"valueRequired\":true,\"valueName\":\"search_term_string\"}}],\"inLanguage\":\"pt-BR\"},{\"@type\":[\"Person\",\"Organization\"],\"@id\":\"https:\\\/\\\/soldadoadrianojose.com.br\\\/#\\\/schema\\\/person\\\/16f8e8defb7a4bd6c6082efcd1bdb6bb\",\"name\":\"soldadoadrianojose\",\"image\":{\"@type\":\"ImageObject\",\"inLanguage\":\"pt-BR\",\"@id\":\"https:\\\/\\\/soldadoadrianojose.com.br\\\/wp-content\\\/uploads\\\/2023\\\/02\\\/LOGO_CLEAR-5.png\",\"url\":\"https:\\\/\\\/soldadoadrianojose.com.br\\\/wp-content\\\/uploads\\\/2023\\\/02\\\/LOGO_CLEAR-5.png\",\"contentUrl\":\"https:\\\/\\\/soldadoadrianojose.com.br\\\/wp-content\\\/uploads\\\/2023\\\/02\\\/LOGO_CLEAR-5.png\",\"width\":3508,\"height\":998,\"caption\":\"soldadoadrianojose\"},\"logo\":{\"@id\":\"https:\\\/\\\/soldadoadrianojose.com.br\\\/wp-content\\\/uploads\\\/2023\\\/02\\\/LOGO_CLEAR-5.png\"},\"sameAs\":[\"https:\\\/\\\/soldadoadrianojose.com.br\"],\"url\":\"https:\\\/\\\/soldadoadrianojose.com.br\\\/index.php\\\/author\\\/soldadoadrianojose\\\/\"}]}<\/script>\n<!-- \/ Yoast SEO plugin. -->","yoast_head_json":{"title":"Deputado Adriano Jos\u00e9 representa comiss\u00e3o de seguran\u00e7a p\u00fablica no lan\u00e7amento do Colombo Mais Protegida e Conectada - Deputado Adriano Jos\u00e9","robots":{"index":"index","follow":"follow","max-snippet":"max-snippet:-1","max-image-preview":"max-image-preview:large","max-video-preview":"max-video-preview:-1"},"canonical":"https:\/\/soldadoadrianojose.com.br\/index.php\/2024\/02\/27\/deputado-adriano-jose-representa-comissao-de-seguranca-publica-no-lancamento-do-colombo-mais-protegida-e-conectada\/","og_locale":"pt_BR","og_type":"article","og_title":"Deputado Adriano Jos\u00e9 representa comiss\u00e3o de seguran\u00e7a p\u00fablica no lan\u00e7amento do Colombo Mais Protegida e Conectada - Deputado Adriano Jos\u00e9","og_description":"Na manh\u00e3 desta ter\u00e7a-feira, 27, foi lan\u00e7ado o programa Colombo Mais Protegida e Conectada, que prev\u00ea uma s\u00e9rie de medidas para ampliar a seguran\u00e7a p\u00fablica na cidade. O evento contou com a presen\u00e7a do deputado Adriano Jos\u00e9, presidente da comiss\u00e3o de seguran\u00e7a p\u00fablica da Assembleia Legislativa do Paran\u00e1, representando o colegiado. O prefeito Helder Lazarotto [&hellip;]","og_url":"https:\/\/soldadoadrianojose.com.br\/index.php\/2024\/02\/27\/deputado-adriano-jose-representa-comissao-de-seguranca-publica-no-lancamento-do-colombo-mais-protegida-e-conectada\/","og_site_name":"Deputado Adriano Jos\u00e9","article_published_time":"2024-02-27T20:18:44+00:00","article_modified_time":"2024-02-27T20:18:49+00:00","og_image":[{"width":1600,"height":1036,"url":"https:\/\/soldadoadrianojose.com.br\/wp-content\/uploads\/2024\/02\/WhatsApp-Image-2024-02-27-at-12.05.02.jpeg","type":"image\/jpeg"}],"author":"soldadoadrianojose","twitter_card":"summary_large_image","twitter_misc":{"Escrito por":"soldadoadrianojose","Est. tempo de leitura":"5 minutos"},"schema":{"@context":"https:\/\/schema.org","@graph":[{"@type":"Article","@id":"https:\/\/soldadoadrianojose.com.br\/index.php\/2024\/02\/27\/deputado-adriano-jose-representa-comissao-de-seguranca-publica-no-lancamento-do-colombo-mais-protegida-e-conectada\/#article","isPartOf":{"@id":"https:\/\/soldadoadrianojose.com.br\/index.php\/2024\/02\/27\/deputado-adriano-jose-representa-comissao-de-seguranca-publica-no-lancamento-do-colombo-mais-protegida-e-conectada\/"},"author":{"name":"soldadoadrianojose","@id":"https:\/\/soldadoadrianojose.com.br\/#\/schema\/person\/16f8e8defb7a4bd6c6082efcd1bdb6bb"},"headline":"Deputado Adriano Jos\u00e9 representa comiss\u00e3o de seguran\u00e7a p\u00fablica no lan\u00e7amento do Colombo Mais Protegida e Conectada","datePublished":"2024-02-27T20:18:44+00:00","dateModified":"2024-02-27T20:18:49+00:00","mainEntityOfPage":{"@id":"https:\/\/soldadoadrianojose.com.br\/index.php\/2024\/02\/27\/deputado-adriano-jose-representa-comissao-de-seguranca-publica-no-lancamento-do-colombo-mais-protegida-e-conectada\/"},"wordCount":585,"commentCount":0,"publisher":{"@id":"https:\/\/soldadoadrianojose.com.br\/#\/schema\/person\/16f8e8defb7a4bd6c6082efcd1bdb6bb"},"image":{"@id":"https:\/\/soldadoadrianojose.com.br\/index.php\/2024\/02\/27\/deputado-adriano-jose-representa-comissao-de-seguranca-publica-no-lancamento-do-colombo-mais-protegida-e-conectada\/#primaryimage"},"thumbnailUrl":"https:\/\/soldadoadrianojose.com.br\/wp-content\/uploads\/2024\/02\/WhatsApp-Image-2024-02-27-at-12.05.02.jpeg","keywords":["COLOMBO","seguran\u00e7a"],"articleSection":["COLOMBO"],"inLanguage":"pt-BR","potentialAction":[{"@type":"CommentAction","name":"Comment","target":["https:\/\/soldadoadrianojose.com.br\/index.php\/2024\/02\/27\/deputado-adriano-jose-representa-comissao-de-seguranca-publica-no-lancamento-do-colombo-mais-protegida-e-conectada\/#respond"]}]},{"@type":"WebPage","@id":"https:\/\/soldadoadrianojose.com.br\/index.php\/2024\/02\/27\/deputado-adriano-jose-representa-comissao-de-seguranca-publica-no-lancamento-do-colombo-mais-protegida-e-conectada\/","url":"https:\/\/soldadoadrianojose.com.br\/index.php\/2024\/02\/27\/deputado-adriano-jose-representa-comissao-de-seguranca-publica-no-lancamento-do-colombo-mais-protegida-e-conectada\/","name":"Deputado Adriano Jos\u00e9 representa comiss\u00e3o de seguran\u00e7a p\u00fablica no lan\u00e7amento do Colombo Mais Protegida e Conectada - Deputado Adriano Jos\u00e9","isPartOf":{"@id":"https:\/\/soldadoadrianojose.com.br\/#website"},"primaryImageOfPage":{"@id":"https:\/\/soldadoadrianojose.com.br\/index.php\/2024\/02\/27\/deputado-adriano-jose-representa-comissao-de-seguranca-publica-no-lancamento-do-colombo-mais-protegida-e-conectada\/#primaryimage"},"image":{"@id":"https:\/\/soldadoadrianojose.com.br\/index.php\/2024\/02\/27\/deputado-adriano-jose-representa-comissao-de-seguranca-publica-no-lancamento-do-colombo-mais-protegida-e-conectada\/#primaryimage"},"thumbnailUrl":"https:\/\/soldadoadrianojose.com.br\/wp-content\/uploads\/2024\/02\/WhatsApp-Image-2024-02-27-at-12.05.02.jpeg","datePublished":"2024-02-27T20:18:44+00:00","dateModified":"2024-02-27T20:18:49+00:00","breadcrumb":{"@id":"https:\/\/soldadoadrianojose.com.br\/index.php\/2024\/02\/27\/deputado-adriano-jose-representa-comissao-de-seguranca-publica-no-lancamento-do-colombo-mais-protegida-e-conectada\/#breadcrumb"},"inLanguage":"pt-BR","potentialAction":[{"@type":"ReadAction","target":["https:\/\/soldadoadrianojose.com.br\/index.php\/2024\/02\/27\/deputado-adriano-jose-representa-comissao-de-seguranca-publica-no-lancamento-do-colombo-mais-protegida-e-conectada\/"]}]},{"@type":"ImageObject","inLanguage":"pt-BR","@id":"https:\/\/soldadoadrianojose.com.br\/index.php\/2024\/02\/27\/deputado-adriano-jose-representa-comissao-de-seguranca-publica-no-lancamento-do-colombo-mais-protegida-e-conectada\/#primaryimage","url":"https:\/\/soldadoadrianojose.com.br\/wp-content\/uploads\/2024\/02\/WhatsApp-Image-2024-02-27-at-12.05.02.jpeg","contentUrl":"https:\/\/soldadoadrianojose.com.br\/wp-content\/uploads\/2024\/02\/WhatsApp-Image-2024-02-27-at-12.05.02.jpeg","width":1600,"height":1036},{"@type":"BreadcrumbList","@id":"https:\/\/soldadoadrianojose.com.br\/index.php\/2024\/02\/27\/deputado-adriano-jose-representa-comissao-de-seguranca-publica-no-lancamento-do-colombo-mais-protegida-e-conectada\/#breadcrumb","itemListElement":[{"@type":"ListItem","position":1,"name":"In\u00edcio","item":"https:\/\/soldadoadrianojose.com.br\/"},{"@type":"ListItem","position":2,"name":"Deputado Adriano Jos\u00e9 representa comiss\u00e3o de seguran\u00e7a p\u00fablica no lan\u00e7amento do Colombo Mais Protegida e Conectada"}]},{"@type":"WebSite","@id":"https:\/\/soldadoadrianojose.com.br\/#website","url":"https:\/\/soldadoadrianojose.com.br\/","name":"Deputado Adriano Jos\u00e9","description":"Nosso trabalho \u00e9 pelas pessoas","publisher":{"@id":"https:\/\/soldadoadrianojose.com.br\/#\/schema\/person\/16f8e8defb7a4bd6c6082efcd1bdb6bb"},"potentialAction":[{"@type":"SearchAction","target":{"@type":"EntryPoint","urlTemplate":"https:\/\/soldadoadrianojose.com.br\/?s={search_term_string}"},"query-input":{"@type":"PropertyValueSpecification","valueRequired":true,"valueName":"search_term_string"}}],"inLanguage":"pt-BR"},{"@type":["Person","Organization"],"@id":"https:\/\/soldadoadrianojose.com.br\/#\/schema\/person\/16f8e8defb7a4bd6c6082efcd1bdb6bb","name":"soldadoadrianojose","image":{"@type":"ImageObject","inLanguage":"pt-BR","@id":"https:\/\/soldadoadrianojose.com.br\/wp-content\/uploads\/2023\/02\/LOGO_CLEAR-5.png","url":"https:\/\/soldadoadrianojose.com.br\/wp-content\/uploads\/2023\/02\/LOGO_CLEAR-5.png","contentUrl":"https:\/\/soldadoadrianojose.com.br\/wp-content\/uploads\/2023\/02\/LOGO_CLEAR-5.png","width":3508,"height":998,"caption":"soldadoadrianojose"},"logo":{"@id":"https:\/\/soldadoadrianojose.com.br\/wp-content\/uploads\/2023\/02\/LOGO_CLEAR-5.png"},"sameAs":["https:\/\/soldadoadrianojose.com.br"],"url":"https:\/\/soldadoadrianojose.com.br\/index.php\/author\/soldadoadrianojose\/"}]}},"jetpack_featured_media_url":"https:\/\/soldadoadrianojose.com.br\/wp-content\/uploads\/2024\/02\/WhatsApp-Image-2024-02-27-at-12.05.02.jpeg","_links":{"self":[{"href":"https:\/\/soldadoadrianojose.com.br\/index.php\/wp-json\/wp\/v2\/posts\/1999","targetHints":{"allow":["GET"]}}],"collection":[{"href":"https:\/\/soldadoadrianojose.com.br\/index.php\/wp-json\/wp\/v2\/posts"}],"about":[{"href":"https:\/\/soldadoadrianojose.com.br\/index.php\/wp-json\/wp\/v2\/types\/post"}],"author":[{"embeddable":true,"href":"https:\/\/soldadoadrianojose.com.br\/index.php\/wp-json\/wp\/v2\/users\/1"}],"replies":[{"embeddable":true,"href":"https:\/\/soldadoadrianojose.com.br\/index.php\/wp-json\/wp\/v2\/comments?post=1999"}],"version-history":[{"count":1,"href":"https:\/\/soldadoadrianojose.com.br\/index.php\/wp-json\/wp\/v2\/posts\/1999\/revisions"}],"predecessor-version":[{"id":2007,"href":"https:\/\/soldadoadrianojose.com.br\/index.php\/wp-json\/wp\/v2\/posts\/1999\/revisions\/2007"}],"wp:featuredmedia":[{"embeddable":true,"href":"https:\/\/soldadoadrianojose.com.br\/index.php\/wp-json\/wp\/v2\/media\/2000"}],"wp:attachment":[{"href":"https:\/\/soldadoadrianojose.com.br\/index.php\/wp-json\/wp\/v2\/media?parent=1999"}],"wp:term":[{"taxonomy":"category","embeddable":true,"href":"https:\/\/soldadoadrianojose.com.br\/index.php\/wp-json\/wp\/v2\/categories?post=1999"},{"taxonomy":"post_tag","embeddable":true,"href":"https:\/\/soldadoadrianojose.com.br\/index.php\/wp-json\/wp\/v2\/tags?post=1999"}],"curies":[{"name":"wp","href":"https:\/\/api.w.org\/{rel}","templated":true}]}}