{"id":2028,"date":"2024-03-04T17:46:40","date_gmt":"2024-03-04T20:46:40","guid":{"rendered":"https:\/\/soldadoadrianojose.com.br\/?p=2028"},"modified":"2024-03-04T17:47:15","modified_gmt":"2024-03-04T20:47:15","slug":"deputado-adriano-jose-e-governador-ratinho-junior-reforcam-apoio-a-48a-festa-do-peao-de-boiadeiro-de-colorado","status":"publish","type":"post","link":"https:\/\/soldadoadrianojose.com.br\/index.php\/2024\/03\/04\/deputado-adriano-jose-e-governador-ratinho-junior-reforcam-apoio-a-48a-festa-do-peao-de-boiadeiro-de-colorado\/","title":{"rendered":"Deputado Adriano Jos\u00e9 e Governador Ratinho J\u00fanior refor\u00e7am apoio \u00e0 48\u00aa Festa do Pe\u00e3o de Boiadeiro de Colorado"},"content":{"rendered":"\n<p>O deputado Adriano Jos\u00e9 esteve hoje com o presidente e diretoria da Sociedade Rural de Colorado para entregar pessoalmente o convite ao governador Ratinho J\u00fanior para a 48\u00aa edi\u00e7\u00e3o da tradicional Festa do Pe\u00e3o de Boiadeiro de Colorado.<\/p>\n\n\n\n<p>Acompanhado pelo presidente Jos\u00e9 Am\u00e9rico Sichieri, vice-presidente Andr\u00e9 Guandalini e tesoureiro Luciano Marcelo de Andrade, Adriano Jos\u00e9 destacou a import\u00e2ncia deste evento para o calend\u00e1rio de rodeios no Paran\u00e1 e no Brasil.<\/p>\n\n\n\n<figure class=\"wp-block-image size-large is-resized\"><img fetchpriority=\"high\" decoding=\"async\" width=\"1024\" height=\"768\" src=\"https:\/\/soldadoadrianojose.com.br\/wp-content\/uploads\/2024\/03\/WhatsApp-Image-2024-03-04-at-17.27.58-1024x768.jpeg\" alt=\"\" class=\"wp-image-2030\" style=\"width:434px;height:auto\" srcset=\"https:\/\/soldadoadrianojose.com.br\/wp-content\/uploads\/2024\/03\/WhatsApp-Image-2024-03-04-at-17.27.58-1024x768.jpeg 1024w, https:\/\/soldadoadrianojose.com.br\/wp-content\/uploads\/2024\/03\/WhatsApp-Image-2024-03-04-at-17.27.58-300x225.jpeg 300w, https:\/\/soldadoadrianojose.com.br\/wp-content\/uploads\/2024\/03\/WhatsApp-Image-2024-03-04-at-17.27.58-768x576.jpeg 768w, https:\/\/soldadoadrianojose.com.br\/wp-content\/uploads\/2024\/03\/WhatsApp-Image-2024-03-04-at-17.27.58-1536x1152.jpeg 1536w, https:\/\/soldadoadrianojose.com.br\/wp-content\/uploads\/2024\/03\/WhatsApp-Image-2024-03-04-at-17.27.58.jpeg 1600w\" sizes=\"(max-width: 1024px) 100vw, 1024px\" \/><\/figure>\n\n\n\n<p>&#8220;A Festa do Pe\u00e3o de Boiadeiro de Colorado \u00e9 o maior do sul do brasil e um verdadeiro orgulho para os paranaenses. Agrade\u00e7o ao governador Ratinho J\u00fanior por todo o apoio que tem dado \u00e0 Sociedade Rural na realiza\u00e7\u00e3o desta grande festa e em outros eventos que movimentam a economia e cultura&#8221;, afirmou o deputado.<\/p>\n\n\n\n<p>O governador recebeu o convite com muita alegria e j\u00e1 aproveitou para convidar toda a popula\u00e7\u00e3o paranaense a participar deste que \u00e9 um dos cinco maiores rodeios do Brasil. A festa ocorrer\u00e1 de 15 a 24 de mar\u00e7o no Parque de Rodeios Benedito Ign\u00e1cio Ribeiro, em Colorado.<\/p>\n\n\n\n<p>A 48\u00aa edi\u00e7\u00e3o promete ser inesquec\u00edvel, com emocionantes competi\u00e7\u00f5es de montaria em touros, provas de cutiano em cavalos e a tradicional prova de tr\u00eas tambores exclusiva para mulheres. Al\u00e9m disso, o evento oferecer\u00e1 shows musicais, op\u00e7\u00f5es de camping e \u00e1reas vips.<\/p>\n\n\n\n<p>O deputado Adriano Jos\u00e9 parabenizou a diretoria da Sociedade Rural de Colorado pela excelente organiza\u00e7\u00e3o e refor\u00e7ou seu compromisso em buscar sempre o melhor para fortalecer as tradi\u00e7\u00f5es e a cultura do rodeio no estado do Paran\u00e1. Deputado Adriano Jos\u00e9 e Governador Ratinho J\u00fanior refor\u00e7am apoio \u00e0 48\u00aa Festa do Pe\u00e3o de Boiadeiro de Colorado<\/p>\n","protected":false},"excerpt":{"rendered":"<p>O deputado Adriano Jos\u00e9 esteve hoje com o presidente e diretoria da Sociedade Rural de Colorado para entregar pessoalmente o convite ao governador Ratinho J\u00fanior para a 48\u00aa edi\u00e7\u00e3o da tradicional Festa do Pe\u00e3o de Boiadeiro de Colorado. Acompanhado pelo presidente Jos\u00e9 Am\u00e9rico Sichieri, vice-presidente Andr\u00e9 Guandalini e tesoureiro Luciano Marcelo de Andrade, Adriano Jos\u00e9 [&hellip;]<\/p>\n","protected":false},"author":1,"featured_media":2029,"comment_status":"open","ping_status":"open","sticky":false,"template":"","format":"standard","meta":{"footnotes":""},"categories":[69],"tags":[70,72,71],"class_list":["post-2028","post","type-post","status-publish","format-standard","has-post-thumbnail","hentry","category-colorado","tag-colorado","tag-parana-2","tag-rodeio-colorado"],"yoast_head":"<!-- This site is optimized with the Yoast SEO plugin v27.4 - https:\/\/yoast.com\/product\/yoast-seo-wordpress\/ -->\n<title>Deputado Adriano Jos\u00e9 e Governador Ratinho J\u00fanior refor\u00e7am apoio \u00e0 48\u00aa Festa do Pe\u00e3o de Boiadeiro de Colorado - Deputado Adriano Jos\u00e9<\/title>\n<meta name=\"robots\" content=\"index, follow, max-snippet:-1, max-image-preview:large, max-video-preview:-1\" \/>\n<link rel=\"canonical\" href=\"https:\/\/soldadoadrianojose.com.br\/index.php\/2024\/03\/04\/deputado-adriano-jose-e-governador-ratinho-junior-reforcam-apoio-a-48a-festa-do-peao-de-boiadeiro-de-colorado\/\" \/>\n<meta property=\"og:locale\" content=\"pt_BR\" \/>\n<meta property=\"og:type\" content=\"article\" \/>\n<meta property=\"og:title\" content=\"Deputado Adriano Jos\u00e9 e Governador Ratinho J\u00fanior refor\u00e7am apoio \u00e0 48\u00aa Festa do Pe\u00e3o de Boiadeiro de Colorado - Deputado Adriano Jos\u00e9\" \/>\n<meta property=\"og:description\" content=\"O deputado Adriano Jos\u00e9 esteve hoje com o presidente e diretoria da Sociedade Rural de Colorado para entregar pessoalmente o convite ao governador Ratinho J\u00fanior para a 48\u00aa edi\u00e7\u00e3o da tradicional Festa do Pe\u00e3o de Boiadeiro de Colorado. Acompanhado pelo presidente Jos\u00e9 Am\u00e9rico Sichieri, vice-presidente Andr\u00e9 Guandalini e tesoureiro Luciano Marcelo de Andrade, Adriano Jos\u00e9 [&hellip;]\" \/>\n<meta property=\"og:url\" content=\"https:\/\/soldadoadrianojose.com.br\/index.php\/2024\/03\/04\/deputado-adriano-jose-e-governador-ratinho-junior-reforcam-apoio-a-48a-festa-do-peao-de-boiadeiro-de-colorado\/\" \/>\n<meta property=\"og:site_name\" content=\"Deputado Adriano Jos\u00e9\" \/>\n<meta property=\"article:published_time\" content=\"2024-03-04T20:46:40+00:00\" \/>\n<meta property=\"article:modified_time\" content=\"2024-03-04T20:47:15+00:00\" \/>\n<meta property=\"og:image\" content=\"https:\/\/soldadoadrianojose.com.br\/wp-content\/uploads\/2024\/03\/WhatsApp-Image-2024-03-04-at-16.15.13.jpeg\" \/>\n\t<meta property=\"og:image:width\" content=\"1600\" \/>\n\t<meta property=\"og:image:height\" content=\"1067\" \/>\n\t<meta property=\"og:image:type\" content=\"image\/jpeg\" \/>\n<meta name=\"author\" content=\"soldadoadrianojose\" \/>\n<meta name=\"twitter:card\" content=\"summary_large_image\" \/>\n<meta name=\"twitter:label1\" content=\"Escrito por\" \/>\n\t<meta name=\"twitter:data1\" content=\"soldadoadrianojose\" \/>\n\t<meta name=\"twitter:label2\" content=\"Est. tempo de leitura\" \/>\n\t<meta name=\"twitter:data2\" content=\"2 minutos\" \/>\n<script type=\"application\/ld+json\" class=\"yoast-schema-graph\">{\"@context\":\"https:\\\/\\\/schema.org\",\"@graph\":[{\"@type\":\"Article\",\"@id\":\"https:\\\/\\\/soldadoadrianojose.com.br\\\/index.php\\\/2024\\\/03\\\/04\\\/deputado-adriano-jose-e-governador-ratinho-junior-reforcam-apoio-a-48a-festa-do-peao-de-boiadeiro-de-colorado\\\/#article\",\"isPartOf\":{\"@id\":\"https:\\\/\\\/soldadoadrianojose.com.br\\\/index.php\\\/2024\\\/03\\\/04\\\/deputado-adriano-jose-e-governador-ratinho-junior-reforcam-apoio-a-48a-festa-do-peao-de-boiadeiro-de-colorado\\\/\"},\"author\":{\"name\":\"soldadoadrianojose\",\"@id\":\"https:\\\/\\\/soldadoadrianojose.com.br\\\/#\\\/schema\\\/person\\\/16f8e8defb7a4bd6c6082efcd1bdb6bb\"},\"headline\":\"Deputado Adriano Jos\u00e9 e Governador Ratinho J\u00fanior refor\u00e7am apoio \u00e0 48\u00aa Festa do Pe\u00e3o de Boiadeiro de Colorado\",\"datePublished\":\"2024-03-04T20:46:40+00:00\",\"dateModified\":\"2024-03-04T20:47:15+00:00\",\"mainEntityOfPage\":{\"@id\":\"https:\\\/\\\/soldadoadrianojose.com.br\\\/index.php\\\/2024\\\/03\\\/04\\\/deputado-adriano-jose-e-governador-ratinho-junior-reforcam-apoio-a-48a-festa-do-peao-de-boiadeiro-de-colorado\\\/\"},\"wordCount\":303,\"commentCount\":0,\"publisher\":{\"@id\":\"https:\\\/\\\/soldadoadrianojose.com.br\\\/#\\\/schema\\\/person\\\/16f8e8defb7a4bd6c6082efcd1bdb6bb\"},\"image\":{\"@id\":\"https:\\\/\\\/soldadoadrianojose.com.br\\\/index.php\\\/2024\\\/03\\\/04\\\/deputado-adriano-jose-e-governador-ratinho-junior-reforcam-apoio-a-48a-festa-do-peao-de-boiadeiro-de-colorado\\\/#primaryimage\"},\"thumbnailUrl\":\"https:\\\/\\\/soldadoadrianojose.com.br\\\/wp-content\\\/uploads\\\/2024\\\/03\\\/WhatsApp-Image-2024-03-04-at-16.15.13.jpeg\",\"keywords\":[\"COLORADO\",\"PARAN\u00c1\",\"RODEIO COLORADO\"],\"articleSection\":[\"COLORADO\"],\"inLanguage\":\"pt-BR\",\"potentialAction\":[{\"@type\":\"CommentAction\",\"name\":\"Comment\",\"target\":[\"https:\\\/\\\/soldadoadrianojose.com.br\\\/index.php\\\/2024\\\/03\\\/04\\\/deputado-adriano-jose-e-governador-ratinho-junior-reforcam-apoio-a-48a-festa-do-peao-de-boiadeiro-de-colorado\\\/#respond\"]}]},{\"@type\":\"WebPage\",\"@id\":\"https:\\\/\\\/soldadoadrianojose.com.br\\\/index.php\\\/2024\\\/03\\\/04\\\/deputado-adriano-jose-e-governador-ratinho-junior-reforcam-apoio-a-48a-festa-do-peao-de-boiadeiro-de-colorado\\\/\",\"url\":\"https:\\\/\\\/soldadoadrianojose.com.br\\\/index.php\\\/2024\\\/03\\\/04\\\/deputado-adriano-jose-e-governador-ratinho-junior-reforcam-apoio-a-48a-festa-do-peao-de-boiadeiro-de-colorado\\\/\",\"name\":\"Deputado Adriano Jos\u00e9 e Governador Ratinho J\u00fanior refor\u00e7am apoio \u00e0 48\u00aa Festa do Pe\u00e3o de Boiadeiro de Colorado - Deputado Adriano Jos\u00e9\",\"isPartOf\":{\"@id\":\"https:\\\/\\\/soldadoadrianojose.com.br\\\/#website\"},\"primaryImageOfPage\":{\"@id\":\"https:\\\/\\\/soldadoadrianojose.com.br\\\/index.php\\\/2024\\\/03\\\/04\\\/deputado-adriano-jose-e-governador-ratinho-junior-reforcam-apoio-a-48a-festa-do-peao-de-boiadeiro-de-colorado\\\/#primaryimage\"},\"image\":{\"@id\":\"https:\\\/\\\/soldadoadrianojose.com.br\\\/index.php\\\/2024\\\/03\\\/04\\\/deputado-adriano-jose-e-governador-ratinho-junior-reforcam-apoio-a-48a-festa-do-peao-de-boiadeiro-de-colorado\\\/#primaryimage\"},\"thumbnailUrl\":\"https:\\\/\\\/soldadoadrianojose.com.br\\\/wp-content\\\/uploads\\\/2024\\\/03\\\/WhatsApp-Image-2024-03-04-at-16.15.13.jpeg\",\"datePublished\":\"2024-03-04T20:46:40+00:00\",\"dateModified\":\"2024-03-04T20:47:15+00:00\",\"breadcrumb\":{\"@id\":\"https:\\\/\\\/soldadoadrianojose.com.br\\\/index.php\\\/2024\\\/03\\\/04\\\/deputado-adriano-jose-e-governador-ratinho-junior-reforcam-apoio-a-48a-festa-do-peao-de-boiadeiro-de-colorado\\\/#breadcrumb\"},\"inLanguage\":\"pt-BR\",\"potentialAction\":[{\"@type\":\"ReadAction\",\"target\":[\"https:\\\/\\\/soldadoadrianojose.com.br\\\/index.php\\\/2024\\\/03\\\/04\\\/deputado-adriano-jose-e-governador-ratinho-junior-reforcam-apoio-a-48a-festa-do-peao-de-boiadeiro-de-colorado\\\/\"]}]},{\"@type\":\"ImageObject\",\"inLanguage\":\"pt-BR\",\"@id\":\"https:\\\/\\\/soldadoadrianojose.com.br\\\/index.php\\\/2024\\\/03\\\/04\\\/deputado-adriano-jose-e-governador-ratinho-junior-reforcam-apoio-a-48a-festa-do-peao-de-boiadeiro-de-colorado\\\/#primaryimage\",\"url\":\"https:\\\/\\\/soldadoadrianojose.com.br\\\/wp-content\\\/uploads\\\/2024\\\/03\\\/WhatsApp-Image-2024-03-04-at-16.15.13.jpeg\",\"contentUrl\":\"https:\\\/\\\/soldadoadrianojose.com.br\\\/wp-content\\\/uploads\\\/2024\\\/03\\\/WhatsApp-Image-2024-03-04-at-16.15.13.jpeg\",\"width\":1600,\"height\":1067},{\"@type\":\"BreadcrumbList\",\"@id\":\"https:\\\/\\\/soldadoadrianojose.com.br\\\/index.php\\\/2024\\\/03\\\/04\\\/deputado-adriano-jose-e-governador-ratinho-junior-reforcam-apoio-a-48a-festa-do-peao-de-boiadeiro-de-colorado\\\/#breadcrumb\",\"itemListElement\":[{\"@type\":\"ListItem\",\"position\":1,\"name\":\"In\u00edcio\",\"item\":\"https:\\\/\\\/soldadoadrianojose.com.br\\\/\"},{\"@type\":\"ListItem\",\"position\":2,\"name\":\"Deputado Adriano Jos\u00e9 e Governador Ratinho J\u00fanior refor\u00e7am apoio \u00e0 48\u00aa Festa do Pe\u00e3o de Boiadeiro de Colorado\"}]},{\"@type\":\"WebSite\",\"@id\":\"https:\\\/\\\/soldadoadrianojose.com.br\\\/#website\",\"url\":\"https:\\\/\\\/soldadoadrianojose.com.br\\\/\",\"name\":\"Deputado Adriano Jos\u00e9\",\"description\":\"Nosso trabalho \u00e9 pelas pessoas\",\"publisher\":{\"@id\":\"https:\\\/\\\/soldadoadrianojose.com.br\\\/#\\\/schema\\\/person\\\/16f8e8defb7a4bd6c6082efcd1bdb6bb\"},\"potentialAction\":[{\"@type\":\"SearchAction\",\"target\":{\"@type\":\"EntryPoint\",\"urlTemplate\":\"https:\\\/\\\/soldadoadrianojose.com.br\\\/?s={search_term_string}\"},\"query-input\":{\"@type\":\"PropertyValueSpecification\",\"valueRequired\":true,\"valueName\":\"search_term_string\"}}],\"inLanguage\":\"pt-BR\"},{\"@type\":[\"Person\",\"Organization\"],\"@id\":\"https:\\\/\\\/soldadoadrianojose.com.br\\\/#\\\/schema\\\/person\\\/16f8e8defb7a4bd6c6082efcd1bdb6bb\",\"name\":\"soldadoadrianojose\",\"image\":{\"@type\":\"ImageObject\",\"inLanguage\":\"pt-BR\",\"@id\":\"https:\\\/\\\/soldadoadrianojose.com.br\\\/wp-content\\\/uploads\\\/2023\\\/02\\\/LOGO_CLEAR-5.png\",\"url\":\"https:\\\/\\\/soldadoadrianojose.com.br\\\/wp-content\\\/uploads\\\/2023\\\/02\\\/LOGO_CLEAR-5.png\",\"contentUrl\":\"https:\\\/\\\/soldadoadrianojose.com.br\\\/wp-content\\\/uploads\\\/2023\\\/02\\\/LOGO_CLEAR-5.png\",\"width\":3508,\"height\":998,\"caption\":\"soldadoadrianojose\"},\"logo\":{\"@id\":\"https:\\\/\\\/soldadoadrianojose.com.br\\\/wp-content\\\/uploads\\\/2023\\\/02\\\/LOGO_CLEAR-5.png\"},\"sameAs\":[\"https:\\\/\\\/soldadoadrianojose.com.br\"],\"url\":\"https:\\\/\\\/soldadoadrianojose.com.br\\\/index.php\\\/author\\\/soldadoadrianojose\\\/\"}]}<\/script>\n<!-- \/ Yoast SEO plugin. -->","yoast_head_json":{"title":"Deputado Adriano Jos\u00e9 e Governador Ratinho J\u00fanior refor\u00e7am apoio \u00e0 48\u00aa Festa do Pe\u00e3o de Boiadeiro de Colorado - Deputado Adriano Jos\u00e9","robots":{"index":"index","follow":"follow","max-snippet":"max-snippet:-1","max-image-preview":"max-image-preview:large","max-video-preview":"max-video-preview:-1"},"canonical":"https:\/\/soldadoadrianojose.com.br\/index.php\/2024\/03\/04\/deputado-adriano-jose-e-governador-ratinho-junior-reforcam-apoio-a-48a-festa-do-peao-de-boiadeiro-de-colorado\/","og_locale":"pt_BR","og_type":"article","og_title":"Deputado Adriano Jos\u00e9 e Governador Ratinho J\u00fanior refor\u00e7am apoio \u00e0 48\u00aa Festa do Pe\u00e3o de Boiadeiro de Colorado - Deputado Adriano Jos\u00e9","og_description":"O deputado Adriano Jos\u00e9 esteve hoje com o presidente e diretoria da Sociedade Rural de Colorado para entregar pessoalmente o convite ao governador Ratinho J\u00fanior para a 48\u00aa edi\u00e7\u00e3o da tradicional Festa do Pe\u00e3o de Boiadeiro de Colorado. Acompanhado pelo presidente Jos\u00e9 Am\u00e9rico Sichieri, vice-presidente Andr\u00e9 Guandalini e tesoureiro Luciano Marcelo de Andrade, Adriano Jos\u00e9 [&hellip;]","og_url":"https:\/\/soldadoadrianojose.com.br\/index.php\/2024\/03\/04\/deputado-adriano-jose-e-governador-ratinho-junior-reforcam-apoio-a-48a-festa-do-peao-de-boiadeiro-de-colorado\/","og_site_name":"Deputado Adriano Jos\u00e9","article_published_time":"2024-03-04T20:46:40+00:00","article_modified_time":"2024-03-04T20:47:15+00:00","og_image":[{"width":1600,"height":1067,"url":"https:\/\/soldadoadrianojose.com.br\/wp-content\/uploads\/2024\/03\/WhatsApp-Image-2024-03-04-at-16.15.13.jpeg","type":"image\/jpeg"}],"author":"soldadoadrianojose","twitter_card":"summary_large_image","twitter_misc":{"Escrito por":"soldadoadrianojose","Est. tempo de leitura":"2 minutos"},"schema":{"@context":"https:\/\/schema.org","@graph":[{"@type":"Article","@id":"https:\/\/soldadoadrianojose.com.br\/index.php\/2024\/03\/04\/deputado-adriano-jose-e-governador-ratinho-junior-reforcam-apoio-a-48a-festa-do-peao-de-boiadeiro-de-colorado\/#article","isPartOf":{"@id":"https:\/\/soldadoadrianojose.com.br\/index.php\/2024\/03\/04\/deputado-adriano-jose-e-governador-ratinho-junior-reforcam-apoio-a-48a-festa-do-peao-de-boiadeiro-de-colorado\/"},"author":{"name":"soldadoadrianojose","@id":"https:\/\/soldadoadrianojose.com.br\/#\/schema\/person\/16f8e8defb7a4bd6c6082efcd1bdb6bb"},"headline":"Deputado Adriano Jos\u00e9 e Governador Ratinho J\u00fanior refor\u00e7am apoio \u00e0 48\u00aa Festa do Pe\u00e3o de Boiadeiro de Colorado","datePublished":"2024-03-04T20:46:40+00:00","dateModified":"2024-03-04T20:47:15+00:00","mainEntityOfPage":{"@id":"https:\/\/soldadoadrianojose.com.br\/index.php\/2024\/03\/04\/deputado-adriano-jose-e-governador-ratinho-junior-reforcam-apoio-a-48a-festa-do-peao-de-boiadeiro-de-colorado\/"},"wordCount":303,"commentCount":0,"publisher":{"@id":"https:\/\/soldadoadrianojose.com.br\/#\/schema\/person\/16f8e8defb7a4bd6c6082efcd1bdb6bb"},"image":{"@id":"https:\/\/soldadoadrianojose.com.br\/index.php\/2024\/03\/04\/deputado-adriano-jose-e-governador-ratinho-junior-reforcam-apoio-a-48a-festa-do-peao-de-boiadeiro-de-colorado\/#primaryimage"},"thumbnailUrl":"https:\/\/soldadoadrianojose.com.br\/wp-content\/uploads\/2024\/03\/WhatsApp-Image-2024-03-04-at-16.15.13.jpeg","keywords":["COLORADO","PARAN\u00c1","RODEIO COLORADO"],"articleSection":["COLORADO"],"inLanguage":"pt-BR","potentialAction":[{"@type":"CommentAction","name":"Comment","target":["https:\/\/soldadoadrianojose.com.br\/index.php\/2024\/03\/04\/deputado-adriano-jose-e-governador-ratinho-junior-reforcam-apoio-a-48a-festa-do-peao-de-boiadeiro-de-colorado\/#respond"]}]},{"@type":"WebPage","@id":"https:\/\/soldadoadrianojose.com.br\/index.php\/2024\/03\/04\/deputado-adriano-jose-e-governador-ratinho-junior-reforcam-apoio-a-48a-festa-do-peao-de-boiadeiro-de-colorado\/","url":"https:\/\/soldadoadrianojose.com.br\/index.php\/2024\/03\/04\/deputado-adriano-jose-e-governador-ratinho-junior-reforcam-apoio-a-48a-festa-do-peao-de-boiadeiro-de-colorado\/","name":"Deputado Adriano Jos\u00e9 e Governador Ratinho J\u00fanior refor\u00e7am apoio \u00e0 48\u00aa Festa do Pe\u00e3o de Boiadeiro de Colorado - Deputado Adriano Jos\u00e9","isPartOf":{"@id":"https:\/\/soldadoadrianojose.com.br\/#website"},"primaryImageOfPage":{"@id":"https:\/\/soldadoadrianojose.com.br\/index.php\/2024\/03\/04\/deputado-adriano-jose-e-governador-ratinho-junior-reforcam-apoio-a-48a-festa-do-peao-de-boiadeiro-de-colorado\/#primaryimage"},"image":{"@id":"https:\/\/soldadoadrianojose.com.br\/index.php\/2024\/03\/04\/deputado-adriano-jose-e-governador-ratinho-junior-reforcam-apoio-a-48a-festa-do-peao-de-boiadeiro-de-colorado\/#primaryimage"},"thumbnailUrl":"https:\/\/soldadoadrianojose.com.br\/wp-content\/uploads\/2024\/03\/WhatsApp-Image-2024-03-04-at-16.15.13.jpeg","datePublished":"2024-03-04T20:46:40+00:00","dateModified":"2024-03-04T20:47:15+00:00","breadcrumb":{"@id":"https:\/\/soldadoadrianojose.com.br\/index.php\/2024\/03\/04\/deputado-adriano-jose-e-governador-ratinho-junior-reforcam-apoio-a-48a-festa-do-peao-de-boiadeiro-de-colorado\/#breadcrumb"},"inLanguage":"pt-BR","potentialAction":[{"@type":"ReadAction","target":["https:\/\/soldadoadrianojose.com.br\/index.php\/2024\/03\/04\/deputado-adriano-jose-e-governador-ratinho-junior-reforcam-apoio-a-48a-festa-do-peao-de-boiadeiro-de-colorado\/"]}]},{"@type":"ImageObject","inLanguage":"pt-BR","@id":"https:\/\/soldadoadrianojose.com.br\/index.php\/2024\/03\/04\/deputado-adriano-jose-e-governador-ratinho-junior-reforcam-apoio-a-48a-festa-do-peao-de-boiadeiro-de-colorado\/#primaryimage","url":"https:\/\/soldadoadrianojose.com.br\/wp-content\/uploads\/2024\/03\/WhatsApp-Image-2024-03-04-at-16.15.13.jpeg","contentUrl":"https:\/\/soldadoadrianojose.com.br\/wp-content\/uploads\/2024\/03\/WhatsApp-Image-2024-03-04-at-16.15.13.jpeg","width":1600,"height":1067},{"@type":"BreadcrumbList","@id":"https:\/\/soldadoadrianojose.com.br\/index.php\/2024\/03\/04\/deputado-adriano-jose-e-governador-ratinho-junior-reforcam-apoio-a-48a-festa-do-peao-de-boiadeiro-de-colorado\/#breadcrumb","itemListElement":[{"@type":"ListItem","position":1,"name":"In\u00edcio","item":"https:\/\/soldadoadrianojose.com.br\/"},{"@type":"ListItem","position":2,"name":"Deputado Adriano Jos\u00e9 e Governador Ratinho J\u00fanior refor\u00e7am apoio \u00e0 48\u00aa Festa do Pe\u00e3o de Boiadeiro de Colorado"}]},{"@type":"WebSite","@id":"https:\/\/soldadoadrianojose.com.br\/#website","url":"https:\/\/soldadoadrianojose.com.br\/","name":"Deputado Adriano Jos\u00e9","description":"Nosso trabalho \u00e9 pelas pessoas","publisher":{"@id":"https:\/\/soldadoadrianojose.com.br\/#\/schema\/person\/16f8e8defb7a4bd6c6082efcd1bdb6bb"},"potentialAction":[{"@type":"SearchAction","target":{"@type":"EntryPoint","urlTemplate":"https:\/\/soldadoadrianojose.com.br\/?s={search_term_string}"},"query-input":{"@type":"PropertyValueSpecification","valueRequired":true,"valueName":"search_term_string"}}],"inLanguage":"pt-BR"},{"@type":["Person","Organization"],"@id":"https:\/\/soldadoadrianojose.com.br\/#\/schema\/person\/16f8e8defb7a4bd6c6082efcd1bdb6bb","name":"soldadoadrianojose","image":{"@type":"ImageObject","inLanguage":"pt-BR","@id":"https:\/\/soldadoadrianojose.com.br\/wp-content\/uploads\/2023\/02\/LOGO_CLEAR-5.png","url":"https:\/\/soldadoadrianojose.com.br\/wp-content\/uploads\/2023\/02\/LOGO_CLEAR-5.png","contentUrl":"https:\/\/soldadoadrianojose.com.br\/wp-content\/uploads\/2023\/02\/LOGO_CLEAR-5.png","width":3508,"height":998,"caption":"soldadoadrianojose"},"logo":{"@id":"https:\/\/soldadoadrianojose.com.br\/wp-content\/uploads\/2023\/02\/LOGO_CLEAR-5.png"},"sameAs":["https:\/\/soldadoadrianojose.com.br"],"url":"https:\/\/soldadoadrianojose.com.br\/index.php\/author\/soldadoadrianojose\/"}]}},"jetpack_featured_media_url":"https:\/\/soldadoadrianojose.com.br\/wp-content\/uploads\/2024\/03\/WhatsApp-Image-2024-03-04-at-16.15.13.jpeg","_links":{"self":[{"href":"https:\/\/soldadoadrianojose.com.br\/index.php\/wp-json\/wp\/v2\/posts\/2028","targetHints":{"allow":["GET"]}}],"collection":[{"href":"https:\/\/soldadoadrianojose.com.br\/index.php\/wp-json\/wp\/v2\/posts"}],"about":[{"href":"https:\/\/soldadoadrianojose.com.br\/index.php\/wp-json\/wp\/v2\/types\/post"}],"author":[{"embeddable":true,"href":"https:\/\/soldadoadrianojose.com.br\/index.php\/wp-json\/wp\/v2\/users\/1"}],"replies":[{"embeddable":true,"href":"https:\/\/soldadoadrianojose.com.br\/index.php\/wp-json\/wp\/v2\/comments?post=2028"}],"version-history":[{"count":2,"href":"https:\/\/soldadoadrianojose.com.br\/index.php\/wp-json\/wp\/v2\/posts\/2028\/revisions"}],"predecessor-version":[{"id":2032,"href":"https:\/\/soldadoadrianojose.com.br\/index.php\/wp-json\/wp\/v2\/posts\/2028\/revisions\/2032"}],"wp:featuredmedia":[{"embeddable":true,"href":"https:\/\/soldadoadrianojose.com.br\/index.php\/wp-json\/wp\/v2\/media\/2029"}],"wp:attachment":[{"href":"https:\/\/soldadoadrianojose.com.br\/index.php\/wp-json\/wp\/v2\/media?parent=2028"}],"wp:term":[{"taxonomy":"category","embeddable":true,"href":"https:\/\/soldadoadrianojose.com.br\/index.php\/wp-json\/wp\/v2\/categories?post=2028"},{"taxonomy":"post_tag","embeddable":true,"href":"https:\/\/soldadoadrianojose.com.br\/index.php\/wp-json\/wp\/v2\/tags?post=2028"}],"curies":[{"name":"wp","href":"https:\/\/api.w.org\/{rel}","templated":true}]}}