{"id":2053,"date":"2024-04-02T09:40:25","date_gmt":"2024-04-02T12:40:25","guid":{"rendered":"https:\/\/soldadoadrianojose.com.br\/?p=2053"},"modified":"2024-04-02T09:40:26","modified_gmt":"2024-04-02T12:40:26","slug":"conselhos-comunitarios-de-seguranca-serao-homenageados-em-sessao-solene","status":"publish","type":"post","link":"https:\/\/soldadoadrianojose.com.br\/index.php\/2024\/04\/02\/conselhos-comunitarios-de-seguranca-serao-homenageados-em-sessao-solene\/","title":{"rendered":"Conselhos Comunit\u00e1rios de Seguran\u00e7a ser\u00e3o homenageados em Sess\u00e3o Solene"},"content":{"rendered":"\n<p>O deputado Adriano Jos\u00e9 (PP), presidente da Comiss\u00e3o de Seguran\u00e7a P\u00fablica da Assembleia, \u00e9 o proponente da solenidade.<\/p>\n\n\n\n<p>O Deputado Adriano Jos\u00e9, presidente da Comiss\u00e3o de Seguran\u00e7a P\u00fablica, protocolou requerimento para a realiza\u00e7\u00e3o de Sess\u00e3o Solene em homenagem ao &#8220;Dia Estadual dos Conselhos Comunit\u00e1rios de Seguran\u00e7a no Estado do Paran\u00e1&#8221;. O evento est\u00e1 marcado para iniciar \u00e0s 18 horas do dia 02 de abril de 2024 (ter\u00e7a-feira), no Plen\u00e1rio da Casa de Leis.<\/p>\n\n\n\n<p>O parlamentar enaltece a relev\u00e2ncia dos Conselhos Comunit\u00e1rios de Seguran\u00e7a (CONSEGs) para o fortalecimento das pol\u00edticas de seguran\u00e7a p\u00fablica em todo o Paran\u00e1. &#8220;Eu trabalhei em munic\u00edpios onde t\u00ednhamos viaturas novas gra\u00e7as \u00e0 atua\u00e7\u00e3o dos CONSEGs. H\u00e1 cidades em que, se n\u00e3o fosse o apoio dessas entidades, a seguran\u00e7a p\u00fablica n\u00e3o funcionaria adequadamente&#8221;, afirmou.<\/p>\n\n\n\n<p>Adriano Jos\u00e9 tamb\u00e9m manifestou seu orgulho pelas for\u00e7as policiais paranaenses, destacando sua trajet\u00f3ria de uma d\u00e9cada como policial militar. &#8220;Nossa Pol\u00edcia Militar, da qual tive a honra de fazer parte, nossa Pol\u00edcia Civil, Cient\u00edfica, Penal e nossos agentes socioeducativos s\u00e3o, sem d\u00favida, os melhores do pa\u00eds e est\u00e3o aqui no Paran\u00e1&#8221;, declarou.<\/p>\n\n\n\n<p>Como presidente da Comiss\u00e3o de Seguran\u00e7a P\u00fablica, o deputado ressaltou as a\u00e7\u00f5es promovidas pelo governo Ratinho Junior, como investimentos em estrutura, tecnologia, intelig\u00eancia, o Projeto Falc\u00e3o de combate \u00e0 criminalidade, a contrata\u00e7\u00e3o de novos policiais e delegados, visando a valoriza\u00e7\u00e3o do capital humano na \u00e1rea.<\/p>\n\n\n\n<p>&#8220;Os CONSEGs exercem papel fundamental ao aproximar a comunidade dos agentes de seguran\u00e7a. Essa parceria estreita os la\u00e7os, promove a troca de informa\u00e7\u00f5es e une esfor\u00e7os em prol de cidades mais seguras. Por isso, nada mais justo que prestarmos essa homenagem a essas entidades t\u00e3o relevantes para o Paran\u00e1&#8221;, concluiu Adriano Jos\u00e9.<\/p>\n","protected":false},"excerpt":{"rendered":"<p>O deputado Adriano Jos\u00e9 (PP), presidente da Comiss\u00e3o de Seguran\u00e7a P\u00fablica da Assembleia, \u00e9 o proponente da solenidade. O Deputado Adriano Jos\u00e9, presidente da Comiss\u00e3o de Seguran\u00e7a P\u00fablica, protocolou requerimento para a realiza\u00e7\u00e3o de Sess\u00e3o Solene em homenagem ao &#8220;Dia Estadual dos Conselhos Comunit\u00e1rios de Seguran\u00e7a no Estado do Paran\u00e1&#8221;. O evento est\u00e1 marcado para [&hellip;]<\/p>\n","protected":false},"author":1,"featured_media":2054,"comment_status":"open","ping_status":"open","sticky":false,"template":"","format":"standard","meta":{"footnotes":""},"categories":[5],"tags":[74,12],"class_list":["post-2053","post","type-post","status-publish","format-standard","has-post-thumbnail","hentry","category-parana","tag-conselhos-de-seguranca","tag-parana"],"yoast_head":"<!-- This site is optimized with the Yoast SEO plugin v27.4 - https:\/\/yoast.com\/product\/yoast-seo-wordpress\/ -->\n<title>Conselhos Comunit\u00e1rios de Seguran\u00e7a ser\u00e3o homenageados em Sess\u00e3o Solene - Deputado Adriano Jos\u00e9<\/title>\n<meta name=\"robots\" content=\"index, follow, max-snippet:-1, max-image-preview:large, max-video-preview:-1\" \/>\n<link rel=\"canonical\" href=\"https:\/\/soldadoadrianojose.com.br\/index.php\/2024\/04\/02\/conselhos-comunitarios-de-seguranca-serao-homenageados-em-sessao-solene\/\" \/>\n<meta property=\"og:locale\" content=\"pt_BR\" \/>\n<meta property=\"og:type\" content=\"article\" \/>\n<meta property=\"og:title\" content=\"Conselhos Comunit\u00e1rios de Seguran\u00e7a ser\u00e3o homenageados em Sess\u00e3o Solene - Deputado Adriano Jos\u00e9\" \/>\n<meta property=\"og:description\" content=\"O deputado Adriano Jos\u00e9 (PP), presidente da Comiss\u00e3o de Seguran\u00e7a P\u00fablica da Assembleia, \u00e9 o proponente da solenidade. O Deputado Adriano Jos\u00e9, presidente da Comiss\u00e3o de Seguran\u00e7a P\u00fablica, protocolou requerimento para a realiza\u00e7\u00e3o de Sess\u00e3o Solene em homenagem ao &#8220;Dia Estadual dos Conselhos Comunit\u00e1rios de Seguran\u00e7a no Estado do Paran\u00e1&#8221;. O evento est\u00e1 marcado para [&hellip;]\" \/>\n<meta property=\"og:url\" content=\"https:\/\/soldadoadrianojose.com.br\/index.php\/2024\/04\/02\/conselhos-comunitarios-de-seguranca-serao-homenageados-em-sessao-solene\/\" \/>\n<meta property=\"og:site_name\" content=\"Deputado Adriano Jos\u00e9\" \/>\n<meta property=\"article:published_time\" content=\"2024-04-02T12:40:25+00:00\" \/>\n<meta property=\"article:modified_time\" content=\"2024-04-02T12:40:26+00:00\" \/>\n<meta property=\"og:image\" content=\"https:\/\/soldadoadrianojose.com.br\/wp-content\/uploads\/2024\/04\/uBrIhe93o6l1xQrJHNVql9yXxj9CHHkwLfB09Wd0.jpeg\" \/>\n\t<meta property=\"og:image:width\" content=\"863\" \/>\n\t<meta property=\"og:image:height\" content=\"575\" \/>\n\t<meta property=\"og:image:type\" content=\"image\/jpeg\" \/>\n<meta name=\"author\" content=\"soldadoadrianojose\" \/>\n<meta name=\"twitter:card\" content=\"summary_large_image\" \/>\n<meta name=\"twitter:label1\" content=\"Escrito por\" \/>\n\t<meta name=\"twitter:data1\" content=\"soldadoadrianojose\" \/>\n\t<meta name=\"twitter:label2\" content=\"Est. tempo de leitura\" \/>\n\t<meta name=\"twitter:data2\" content=\"2 minutos\" \/>\n<script type=\"application\/ld+json\" class=\"yoast-schema-graph\">{\"@context\":\"https:\\\/\\\/schema.org\",\"@graph\":[{\"@type\":\"Article\",\"@id\":\"https:\\\/\\\/soldadoadrianojose.com.br\\\/index.php\\\/2024\\\/04\\\/02\\\/conselhos-comunitarios-de-seguranca-serao-homenageados-em-sessao-solene\\\/#article\",\"isPartOf\":{\"@id\":\"https:\\\/\\\/soldadoadrianojose.com.br\\\/index.php\\\/2024\\\/04\\\/02\\\/conselhos-comunitarios-de-seguranca-serao-homenageados-em-sessao-solene\\\/\"},\"author\":{\"name\":\"soldadoadrianojose\",\"@id\":\"https:\\\/\\\/soldadoadrianojose.com.br\\\/#\\\/schema\\\/person\\\/16f8e8defb7a4bd6c6082efcd1bdb6bb\"},\"headline\":\"Conselhos Comunit\u00e1rios de Seguran\u00e7a ser\u00e3o homenageados em Sess\u00e3o Solene\",\"datePublished\":\"2024-04-02T12:40:25+00:00\",\"dateModified\":\"2024-04-02T12:40:26+00:00\",\"mainEntityOfPage\":{\"@id\":\"https:\\\/\\\/soldadoadrianojose.com.br\\\/index.php\\\/2024\\\/04\\\/02\\\/conselhos-comunitarios-de-seguranca-serao-homenageados-em-sessao-solene\\\/\"},\"wordCount\":333,\"commentCount\":0,\"publisher\":{\"@id\":\"https:\\\/\\\/soldadoadrianojose.com.br\\\/#\\\/schema\\\/person\\\/16f8e8defb7a4bd6c6082efcd1bdb6bb\"},\"image\":{\"@id\":\"https:\\\/\\\/soldadoadrianojose.com.br\\\/index.php\\\/2024\\\/04\\\/02\\\/conselhos-comunitarios-de-seguranca-serao-homenageados-em-sessao-solene\\\/#primaryimage\"},\"thumbnailUrl\":\"https:\\\/\\\/soldadoadrianojose.com.br\\\/wp-content\\\/uploads\\\/2024\\\/04\\\/uBrIhe93o6l1xQrJHNVql9yXxj9CHHkwLfB09Wd0.jpeg\",\"keywords\":[\"conselhos de seguran\u00e7a\",\"paran\u00e1\"],\"articleSection\":[\"PARAN\u00c1\"],\"inLanguage\":\"pt-BR\",\"potentialAction\":[{\"@type\":\"CommentAction\",\"name\":\"Comment\",\"target\":[\"https:\\\/\\\/soldadoadrianojose.com.br\\\/index.php\\\/2024\\\/04\\\/02\\\/conselhos-comunitarios-de-seguranca-serao-homenageados-em-sessao-solene\\\/#respond\"]}]},{\"@type\":\"WebPage\",\"@id\":\"https:\\\/\\\/soldadoadrianojose.com.br\\\/index.php\\\/2024\\\/04\\\/02\\\/conselhos-comunitarios-de-seguranca-serao-homenageados-em-sessao-solene\\\/\",\"url\":\"https:\\\/\\\/soldadoadrianojose.com.br\\\/index.php\\\/2024\\\/04\\\/02\\\/conselhos-comunitarios-de-seguranca-serao-homenageados-em-sessao-solene\\\/\",\"name\":\"Conselhos Comunit\u00e1rios de Seguran\u00e7a ser\u00e3o homenageados em Sess\u00e3o Solene - Deputado Adriano Jos\u00e9\",\"isPartOf\":{\"@id\":\"https:\\\/\\\/soldadoadrianojose.com.br\\\/#website\"},\"primaryImageOfPage\":{\"@id\":\"https:\\\/\\\/soldadoadrianojose.com.br\\\/index.php\\\/2024\\\/04\\\/02\\\/conselhos-comunitarios-de-seguranca-serao-homenageados-em-sessao-solene\\\/#primaryimage\"},\"image\":{\"@id\":\"https:\\\/\\\/soldadoadrianojose.com.br\\\/index.php\\\/2024\\\/04\\\/02\\\/conselhos-comunitarios-de-seguranca-serao-homenageados-em-sessao-solene\\\/#primaryimage\"},\"thumbnailUrl\":\"https:\\\/\\\/soldadoadrianojose.com.br\\\/wp-content\\\/uploads\\\/2024\\\/04\\\/uBrIhe93o6l1xQrJHNVql9yXxj9CHHkwLfB09Wd0.jpeg\",\"datePublished\":\"2024-04-02T12:40:25+00:00\",\"dateModified\":\"2024-04-02T12:40:26+00:00\",\"breadcrumb\":{\"@id\":\"https:\\\/\\\/soldadoadrianojose.com.br\\\/index.php\\\/2024\\\/04\\\/02\\\/conselhos-comunitarios-de-seguranca-serao-homenageados-em-sessao-solene\\\/#breadcrumb\"},\"inLanguage\":\"pt-BR\",\"potentialAction\":[{\"@type\":\"ReadAction\",\"target\":[\"https:\\\/\\\/soldadoadrianojose.com.br\\\/index.php\\\/2024\\\/04\\\/02\\\/conselhos-comunitarios-de-seguranca-serao-homenageados-em-sessao-solene\\\/\"]}]},{\"@type\":\"ImageObject\",\"inLanguage\":\"pt-BR\",\"@id\":\"https:\\\/\\\/soldadoadrianojose.com.br\\\/index.php\\\/2024\\\/04\\\/02\\\/conselhos-comunitarios-de-seguranca-serao-homenageados-em-sessao-solene\\\/#primaryimage\",\"url\":\"https:\\\/\\\/soldadoadrianojose.com.br\\\/wp-content\\\/uploads\\\/2024\\\/04\\\/uBrIhe93o6l1xQrJHNVql9yXxj9CHHkwLfB09Wd0.jpeg\",\"contentUrl\":\"https:\\\/\\\/soldadoadrianojose.com.br\\\/wp-content\\\/uploads\\\/2024\\\/04\\\/uBrIhe93o6l1xQrJHNVql9yXxj9CHHkwLfB09Wd0.jpeg\",\"width\":863,\"height\":575},{\"@type\":\"BreadcrumbList\",\"@id\":\"https:\\\/\\\/soldadoadrianojose.com.br\\\/index.php\\\/2024\\\/04\\\/02\\\/conselhos-comunitarios-de-seguranca-serao-homenageados-em-sessao-solene\\\/#breadcrumb\",\"itemListElement\":[{\"@type\":\"ListItem\",\"position\":1,\"name\":\"In\u00edcio\",\"item\":\"https:\\\/\\\/soldadoadrianojose.com.br\\\/\"},{\"@type\":\"ListItem\",\"position\":2,\"name\":\"Conselhos Comunit\u00e1rios de Seguran\u00e7a ser\u00e3o homenageados em Sess\u00e3o Solene\"}]},{\"@type\":\"WebSite\",\"@id\":\"https:\\\/\\\/soldadoadrianojose.com.br\\\/#website\",\"url\":\"https:\\\/\\\/soldadoadrianojose.com.br\\\/\",\"name\":\"Deputado Adriano Jos\u00e9\",\"description\":\"Nosso trabalho \u00e9 pelas pessoas\",\"publisher\":{\"@id\":\"https:\\\/\\\/soldadoadrianojose.com.br\\\/#\\\/schema\\\/person\\\/16f8e8defb7a4bd6c6082efcd1bdb6bb\"},\"potentialAction\":[{\"@type\":\"SearchAction\",\"target\":{\"@type\":\"EntryPoint\",\"urlTemplate\":\"https:\\\/\\\/soldadoadrianojose.com.br\\\/?s={search_term_string}\"},\"query-input\":{\"@type\":\"PropertyValueSpecification\",\"valueRequired\":true,\"valueName\":\"search_term_string\"}}],\"inLanguage\":\"pt-BR\"},{\"@type\":[\"Person\",\"Organization\"],\"@id\":\"https:\\\/\\\/soldadoadrianojose.com.br\\\/#\\\/schema\\\/person\\\/16f8e8defb7a4bd6c6082efcd1bdb6bb\",\"name\":\"soldadoadrianojose\",\"image\":{\"@type\":\"ImageObject\",\"inLanguage\":\"pt-BR\",\"@id\":\"https:\\\/\\\/soldadoadrianojose.com.br\\\/wp-content\\\/uploads\\\/2023\\\/02\\\/LOGO_CLEAR-5.png\",\"url\":\"https:\\\/\\\/soldadoadrianojose.com.br\\\/wp-content\\\/uploads\\\/2023\\\/02\\\/LOGO_CLEAR-5.png\",\"contentUrl\":\"https:\\\/\\\/soldadoadrianojose.com.br\\\/wp-content\\\/uploads\\\/2023\\\/02\\\/LOGO_CLEAR-5.png\",\"width\":3508,\"height\":998,\"caption\":\"soldadoadrianojose\"},\"logo\":{\"@id\":\"https:\\\/\\\/soldadoadrianojose.com.br\\\/wp-content\\\/uploads\\\/2023\\\/02\\\/LOGO_CLEAR-5.png\"},\"sameAs\":[\"https:\\\/\\\/soldadoadrianojose.com.br\"],\"url\":\"https:\\\/\\\/soldadoadrianojose.com.br\\\/index.php\\\/author\\\/soldadoadrianojose\\\/\"}]}<\/script>\n<!-- \/ Yoast SEO plugin. -->","yoast_head_json":{"title":"Conselhos Comunit\u00e1rios de Seguran\u00e7a ser\u00e3o homenageados em Sess\u00e3o Solene - Deputado Adriano Jos\u00e9","robots":{"index":"index","follow":"follow","max-snippet":"max-snippet:-1","max-image-preview":"max-image-preview:large","max-video-preview":"max-video-preview:-1"},"canonical":"https:\/\/soldadoadrianojose.com.br\/index.php\/2024\/04\/02\/conselhos-comunitarios-de-seguranca-serao-homenageados-em-sessao-solene\/","og_locale":"pt_BR","og_type":"article","og_title":"Conselhos Comunit\u00e1rios de Seguran\u00e7a ser\u00e3o homenageados em Sess\u00e3o Solene - Deputado Adriano Jos\u00e9","og_description":"O deputado Adriano Jos\u00e9 (PP), presidente da Comiss\u00e3o de Seguran\u00e7a P\u00fablica da Assembleia, \u00e9 o proponente da solenidade. O Deputado Adriano Jos\u00e9, presidente da Comiss\u00e3o de Seguran\u00e7a P\u00fablica, protocolou requerimento para a realiza\u00e7\u00e3o de Sess\u00e3o Solene em homenagem ao &#8220;Dia Estadual dos Conselhos Comunit\u00e1rios de Seguran\u00e7a no Estado do Paran\u00e1&#8221;. O evento est\u00e1 marcado para [&hellip;]","og_url":"https:\/\/soldadoadrianojose.com.br\/index.php\/2024\/04\/02\/conselhos-comunitarios-de-seguranca-serao-homenageados-em-sessao-solene\/","og_site_name":"Deputado Adriano Jos\u00e9","article_published_time":"2024-04-02T12:40:25+00:00","article_modified_time":"2024-04-02T12:40:26+00:00","og_image":[{"width":863,"height":575,"url":"https:\/\/soldadoadrianojose.com.br\/wp-content\/uploads\/2024\/04\/uBrIhe93o6l1xQrJHNVql9yXxj9CHHkwLfB09Wd0.jpeg","type":"image\/jpeg"}],"author":"soldadoadrianojose","twitter_card":"summary_large_image","twitter_misc":{"Escrito por":"soldadoadrianojose","Est. tempo de leitura":"2 minutos"},"schema":{"@context":"https:\/\/schema.org","@graph":[{"@type":"Article","@id":"https:\/\/soldadoadrianojose.com.br\/index.php\/2024\/04\/02\/conselhos-comunitarios-de-seguranca-serao-homenageados-em-sessao-solene\/#article","isPartOf":{"@id":"https:\/\/soldadoadrianojose.com.br\/index.php\/2024\/04\/02\/conselhos-comunitarios-de-seguranca-serao-homenageados-em-sessao-solene\/"},"author":{"name":"soldadoadrianojose","@id":"https:\/\/soldadoadrianojose.com.br\/#\/schema\/person\/16f8e8defb7a4bd6c6082efcd1bdb6bb"},"headline":"Conselhos Comunit\u00e1rios de Seguran\u00e7a ser\u00e3o homenageados em Sess\u00e3o Solene","datePublished":"2024-04-02T12:40:25+00:00","dateModified":"2024-04-02T12:40:26+00:00","mainEntityOfPage":{"@id":"https:\/\/soldadoadrianojose.com.br\/index.php\/2024\/04\/02\/conselhos-comunitarios-de-seguranca-serao-homenageados-em-sessao-solene\/"},"wordCount":333,"commentCount":0,"publisher":{"@id":"https:\/\/soldadoadrianojose.com.br\/#\/schema\/person\/16f8e8defb7a4bd6c6082efcd1bdb6bb"},"image":{"@id":"https:\/\/soldadoadrianojose.com.br\/index.php\/2024\/04\/02\/conselhos-comunitarios-de-seguranca-serao-homenageados-em-sessao-solene\/#primaryimage"},"thumbnailUrl":"https:\/\/soldadoadrianojose.com.br\/wp-content\/uploads\/2024\/04\/uBrIhe93o6l1xQrJHNVql9yXxj9CHHkwLfB09Wd0.jpeg","keywords":["conselhos de seguran\u00e7a","paran\u00e1"],"articleSection":["PARAN\u00c1"],"inLanguage":"pt-BR","potentialAction":[{"@type":"CommentAction","name":"Comment","target":["https:\/\/soldadoadrianojose.com.br\/index.php\/2024\/04\/02\/conselhos-comunitarios-de-seguranca-serao-homenageados-em-sessao-solene\/#respond"]}]},{"@type":"WebPage","@id":"https:\/\/soldadoadrianojose.com.br\/index.php\/2024\/04\/02\/conselhos-comunitarios-de-seguranca-serao-homenageados-em-sessao-solene\/","url":"https:\/\/soldadoadrianojose.com.br\/index.php\/2024\/04\/02\/conselhos-comunitarios-de-seguranca-serao-homenageados-em-sessao-solene\/","name":"Conselhos Comunit\u00e1rios de Seguran\u00e7a ser\u00e3o homenageados em Sess\u00e3o Solene - Deputado Adriano Jos\u00e9","isPartOf":{"@id":"https:\/\/soldadoadrianojose.com.br\/#website"},"primaryImageOfPage":{"@id":"https:\/\/soldadoadrianojose.com.br\/index.php\/2024\/04\/02\/conselhos-comunitarios-de-seguranca-serao-homenageados-em-sessao-solene\/#primaryimage"},"image":{"@id":"https:\/\/soldadoadrianojose.com.br\/index.php\/2024\/04\/02\/conselhos-comunitarios-de-seguranca-serao-homenageados-em-sessao-solene\/#primaryimage"},"thumbnailUrl":"https:\/\/soldadoadrianojose.com.br\/wp-content\/uploads\/2024\/04\/uBrIhe93o6l1xQrJHNVql9yXxj9CHHkwLfB09Wd0.jpeg","datePublished":"2024-04-02T12:40:25+00:00","dateModified":"2024-04-02T12:40:26+00:00","breadcrumb":{"@id":"https:\/\/soldadoadrianojose.com.br\/index.php\/2024\/04\/02\/conselhos-comunitarios-de-seguranca-serao-homenageados-em-sessao-solene\/#breadcrumb"},"inLanguage":"pt-BR","potentialAction":[{"@type":"ReadAction","target":["https:\/\/soldadoadrianojose.com.br\/index.php\/2024\/04\/02\/conselhos-comunitarios-de-seguranca-serao-homenageados-em-sessao-solene\/"]}]},{"@type":"ImageObject","inLanguage":"pt-BR","@id":"https:\/\/soldadoadrianojose.com.br\/index.php\/2024\/04\/02\/conselhos-comunitarios-de-seguranca-serao-homenageados-em-sessao-solene\/#primaryimage","url":"https:\/\/soldadoadrianojose.com.br\/wp-content\/uploads\/2024\/04\/uBrIhe93o6l1xQrJHNVql9yXxj9CHHkwLfB09Wd0.jpeg","contentUrl":"https:\/\/soldadoadrianojose.com.br\/wp-content\/uploads\/2024\/04\/uBrIhe93o6l1xQrJHNVql9yXxj9CHHkwLfB09Wd0.jpeg","width":863,"height":575},{"@type":"BreadcrumbList","@id":"https:\/\/soldadoadrianojose.com.br\/index.php\/2024\/04\/02\/conselhos-comunitarios-de-seguranca-serao-homenageados-em-sessao-solene\/#breadcrumb","itemListElement":[{"@type":"ListItem","position":1,"name":"In\u00edcio","item":"https:\/\/soldadoadrianojose.com.br\/"},{"@type":"ListItem","position":2,"name":"Conselhos Comunit\u00e1rios de Seguran\u00e7a ser\u00e3o homenageados em Sess\u00e3o Solene"}]},{"@type":"WebSite","@id":"https:\/\/soldadoadrianojose.com.br\/#website","url":"https:\/\/soldadoadrianojose.com.br\/","name":"Deputado Adriano Jos\u00e9","description":"Nosso trabalho \u00e9 pelas pessoas","publisher":{"@id":"https:\/\/soldadoadrianojose.com.br\/#\/schema\/person\/16f8e8defb7a4bd6c6082efcd1bdb6bb"},"potentialAction":[{"@type":"SearchAction","target":{"@type":"EntryPoint","urlTemplate":"https:\/\/soldadoadrianojose.com.br\/?s={search_term_string}"},"query-input":{"@type":"PropertyValueSpecification","valueRequired":true,"valueName":"search_term_string"}}],"inLanguage":"pt-BR"},{"@type":["Person","Organization"],"@id":"https:\/\/soldadoadrianojose.com.br\/#\/schema\/person\/16f8e8defb7a4bd6c6082efcd1bdb6bb","name":"soldadoadrianojose","image":{"@type":"ImageObject","inLanguage":"pt-BR","@id":"https:\/\/soldadoadrianojose.com.br\/wp-content\/uploads\/2023\/02\/LOGO_CLEAR-5.png","url":"https:\/\/soldadoadrianojose.com.br\/wp-content\/uploads\/2023\/02\/LOGO_CLEAR-5.png","contentUrl":"https:\/\/soldadoadrianojose.com.br\/wp-content\/uploads\/2023\/02\/LOGO_CLEAR-5.png","width":3508,"height":998,"caption":"soldadoadrianojose"},"logo":{"@id":"https:\/\/soldadoadrianojose.com.br\/wp-content\/uploads\/2023\/02\/LOGO_CLEAR-5.png"},"sameAs":["https:\/\/soldadoadrianojose.com.br"],"url":"https:\/\/soldadoadrianojose.com.br\/index.php\/author\/soldadoadrianojose\/"}]}},"jetpack_featured_media_url":"https:\/\/soldadoadrianojose.com.br\/wp-content\/uploads\/2024\/04\/uBrIhe93o6l1xQrJHNVql9yXxj9CHHkwLfB09Wd0.jpeg","_links":{"self":[{"href":"https:\/\/soldadoadrianojose.com.br\/index.php\/wp-json\/wp\/v2\/posts\/2053","targetHints":{"allow":["GET"]}}],"collection":[{"href":"https:\/\/soldadoadrianojose.com.br\/index.php\/wp-json\/wp\/v2\/posts"}],"about":[{"href":"https:\/\/soldadoadrianojose.com.br\/index.php\/wp-json\/wp\/v2\/types\/post"}],"author":[{"embeddable":true,"href":"https:\/\/soldadoadrianojose.com.br\/index.php\/wp-json\/wp\/v2\/users\/1"}],"replies":[{"embeddable":true,"href":"https:\/\/soldadoadrianojose.com.br\/index.php\/wp-json\/wp\/v2\/comments?post=2053"}],"version-history":[{"count":1,"href":"https:\/\/soldadoadrianojose.com.br\/index.php\/wp-json\/wp\/v2\/posts\/2053\/revisions"}],"predecessor-version":[{"id":2055,"href":"https:\/\/soldadoadrianojose.com.br\/index.php\/wp-json\/wp\/v2\/posts\/2053\/revisions\/2055"}],"wp:featuredmedia":[{"embeddable":true,"href":"https:\/\/soldadoadrianojose.com.br\/index.php\/wp-json\/wp\/v2\/media\/2054"}],"wp:attachment":[{"href":"https:\/\/soldadoadrianojose.com.br\/index.php\/wp-json\/wp\/v2\/media?parent=2053"}],"wp:term":[{"taxonomy":"category","embeddable":true,"href":"https:\/\/soldadoadrianojose.com.br\/index.php\/wp-json\/wp\/v2\/categories?post=2053"},{"taxonomy":"post_tag","embeddable":true,"href":"https:\/\/soldadoadrianojose.com.br\/index.php\/wp-json\/wp\/v2\/tags?post=2053"}],"curies":[{"name":"wp","href":"https:\/\/api.w.org\/{rel}","templated":true}]}}