{"id":2056,"date":"2024-04-05T14:56:02","date_gmt":"2024-04-05T17:56:02","guid":{"rendered":"https:\/\/soldadoadrianojose.com.br\/?p=2056"},"modified":"2024-04-05T15:06:47","modified_gmt":"2024-04-05T18:06:47","slug":"abril-laranja-protegendo-nossos-animais-contra-os-mau-tratos","status":"publish","type":"post","link":"https:\/\/soldadoadrianojose.com.br\/index.php\/2024\/04\/05\/abril-laranja-protegendo-nossos-animais-contra-os-mau-tratos\/","title":{"rendered":"Abril Laranja: Protegendo nossos animais contra os mau-tratos"},"content":{"rendered":"\n<p>\u00c0 medida que abril se aproxima, \u00e9 importante lembrar que este m\u00eas marca uma oportunidade crucial para refletirmos sobre o bem-estar dos nossos amigos de quatro patas. O &#8220;Abril Laranja&#8221; \u00e9 uma iniciativa voltada para a preven\u00e7\u00e3o da crueldade animal, destacando a import\u00e2ncia de proteger e cuidar dos nossos melhores amigos.<\/p>\n\n\n\n<figure class=\"wp-block-image size-full is-resized\"><img fetchpriority=\"high\" decoding=\"async\" width=\"499\" height=\"637\" src=\"https:\/\/soldadoadrianojose.com.br\/wp-content\/uploads\/2024\/04\/WhatsApp-Image-2024-04-05-at-14.51.15-e1712340392717.jpeg\" alt=\"\" class=\"wp-image-2058\" style=\"width:241px;height:auto\" srcset=\"https:\/\/soldadoadrianojose.com.br\/wp-content\/uploads\/2024\/04\/WhatsApp-Image-2024-04-05-at-14.51.15-e1712340392717.jpeg 499w, https:\/\/soldadoadrianojose.com.br\/wp-content\/uploads\/2024\/04\/WhatsApp-Image-2024-04-05-at-14.51.15-e1712340392717-235x300.jpeg 235w\" sizes=\"(max-width: 499px) 100vw, 499px\" \/><\/figure>\n\n\n\n<p>Como estudante de veterin\u00e1ria, reconhe\u00e7o a necessidade de educar e sensibilizar a comunidade sobre as formas de prevenir a crueldade contra os animais. \u00c9 fundamental entender que os animais merecem ser tratados com dignidade e respeito, independentemente da sua esp\u00e9cie ou condi\u00e7\u00e3o.<\/p>\n\n\n\n<p>A crueldade animal pode assumir v\u00e1rias formas, desde abandono e neglig\u00eancia at\u00e9 abuso f\u00edsico e emocional. Todos os dias, in\u00fameros animais sofrem nas m\u00e3os de indiv\u00edduos sem consci\u00eancia ou compaix\u00e3o. No entanto, podemos fazer a diferen\u00e7a ao tomar medidas proativas para proteger essas criaturas indefesas.<\/p>\n\n\n\n<p>A preven\u00e7\u00e3o da crueldade animal come\u00e7a com a conscientiza\u00e7\u00e3o e a educa\u00e7\u00e3o. Devemos ensinar aos nossos amigos, familiares e comunidade em geral a import\u00e2ncia de tratar os animais com gentileza e empatia. Al\u00e9m disso, \u00e9 fundamental denunciar qualquer forma de abuso ou neglig\u00eancia que testemunhemos.<\/p>\n\n\n\n<p>Como cidad\u00e3os respons\u00e1veis, tamb\u00e9m podemos contribuir adotando uma postura de cuidado e compaix\u00e3o em rela\u00e7\u00e3o aos animais. Isso inclui fornecer-lhes abrigo, alimenta\u00e7\u00e3o adequada, cuidados veterin\u00e1rios e, acima de tudo, amor e carinho.<\/p>\n\n\n\n<p>Neste Abril Laranja, convidamos todos voc\u00eas a se juntarem a n\u00f3s na luta contra a crueldade animal. Vamos nos unir para criar um ambiente onde os animais possam viver livres do medo e da dor, onde sejam valorizados como membros importantes de nossas comunidades.<\/p>\n","protected":false},"excerpt":{"rendered":"<p>\u00c0 medida que abril se aproxima, \u00e9 importante lembrar que este m\u00eas marca uma oportunidade crucial para refletirmos sobre o bem-estar dos nossos amigos de quatro patas. O &#8220;Abril Laranja&#8221; \u00e9 uma iniciativa voltada para a preven\u00e7\u00e3o da crueldade animal, destacando a import\u00e2ncia de proteger e cuidar dos nossos melhores amigos. Como estudante de veterin\u00e1ria, [&hellip;]<\/p>\n","protected":false},"author":1,"featured_media":2057,"comment_status":"open","ping_status":"open","sticky":false,"template":"","format":"standard","meta":{"footnotes":""},"categories":[1],"tags":[],"class_list":["post-2056","post","type-post","status-publish","format-standard","has-post-thumbnail","hentry","category-gabinete-sd"],"yoast_head":"<!-- This site is optimized with the Yoast SEO plugin v27.4 - https:\/\/yoast.com\/product\/yoast-seo-wordpress\/ -->\n<title>Abril Laranja: Protegendo nossos animais contra os mau-tratos - Deputado Adriano Jos\u00e9<\/title>\n<meta name=\"robots\" content=\"index, follow, max-snippet:-1, max-image-preview:large, max-video-preview:-1\" \/>\n<link rel=\"canonical\" href=\"https:\/\/soldadoadrianojose.com.br\/index.php\/2024\/04\/05\/abril-laranja-protegendo-nossos-animais-contra-os-mau-tratos\/\" \/>\n<meta property=\"og:locale\" content=\"pt_BR\" \/>\n<meta property=\"og:type\" content=\"article\" \/>\n<meta property=\"og:title\" content=\"Abril Laranja: Protegendo nossos animais contra os mau-tratos - Deputado Adriano Jos\u00e9\" \/>\n<meta property=\"og:description\" content=\"\u00c0 medida que abril se aproxima, \u00e9 importante lembrar que este m\u00eas marca uma oportunidade crucial para refletirmos sobre o bem-estar dos nossos amigos de quatro patas. O &#8220;Abril Laranja&#8221; \u00e9 uma iniciativa voltada para a preven\u00e7\u00e3o da crueldade animal, destacando a import\u00e2ncia de proteger e cuidar dos nossos melhores amigos. Como estudante de veterin\u00e1ria, [&hellip;]\" \/>\n<meta property=\"og:url\" content=\"https:\/\/soldadoadrianojose.com.br\/index.php\/2024\/04\/05\/abril-laranja-protegendo-nossos-animais-contra-os-mau-tratos\/\" \/>\n<meta property=\"og:site_name\" content=\"Deputado Adriano Jos\u00e9\" \/>\n<meta property=\"article:published_time\" content=\"2024-04-05T17:56:02+00:00\" \/>\n<meta property=\"article:modified_time\" content=\"2024-04-05T18:06:47+00:00\" \/>\n<meta property=\"og:image\" content=\"https:\/\/soldadoadrianojose.com.br\/wp-content\/uploads\/2024\/04\/WhatsApp-Image-2024-04-05-at-14.53.00-e1712339690582.jpeg\" \/>\n\t<meta property=\"og:image:width\" content=\"960\" \/>\n\t<meta property=\"og:image:height\" content=\"812\" \/>\n\t<meta property=\"og:image:type\" content=\"image\/jpeg\" \/>\n<meta name=\"author\" content=\"soldadoadrianojose\" \/>\n<meta name=\"twitter:card\" content=\"summary_large_image\" \/>\n<meta name=\"twitter:label1\" content=\"Escrito por\" \/>\n\t<meta name=\"twitter:data1\" content=\"soldadoadrianojose\" \/>\n\t<meta name=\"twitter:label2\" content=\"Est. tempo de leitura\" \/>\n\t<meta name=\"twitter:data2\" content=\"2 minutos\" \/>\n<script type=\"application\/ld+json\" class=\"yoast-schema-graph\">{\"@context\":\"https:\\\/\\\/schema.org\",\"@graph\":[{\"@type\":\"Article\",\"@id\":\"https:\\\/\\\/soldadoadrianojose.com.br\\\/index.php\\\/2024\\\/04\\\/05\\\/abril-laranja-protegendo-nossos-animais-contra-os-mau-tratos\\\/#article\",\"isPartOf\":{\"@id\":\"https:\\\/\\\/soldadoadrianojose.com.br\\\/index.php\\\/2024\\\/04\\\/05\\\/abril-laranja-protegendo-nossos-animais-contra-os-mau-tratos\\\/\"},\"author\":{\"name\":\"soldadoadrianojose\",\"@id\":\"https:\\\/\\\/soldadoadrianojose.com.br\\\/#\\\/schema\\\/person\\\/16f8e8defb7a4bd6c6082efcd1bdb6bb\"},\"headline\":\"Abril Laranja: Protegendo nossos animais contra os mau-tratos\",\"datePublished\":\"2024-04-05T17:56:02+00:00\",\"dateModified\":\"2024-04-05T18:06:47+00:00\",\"mainEntityOfPage\":{\"@id\":\"https:\\\/\\\/soldadoadrianojose.com.br\\\/index.php\\\/2024\\\/04\\\/05\\\/abril-laranja-protegendo-nossos-animais-contra-os-mau-tratos\\\/\"},\"wordCount\":294,\"commentCount\":0,\"publisher\":{\"@id\":\"https:\\\/\\\/soldadoadrianojose.com.br\\\/#\\\/schema\\\/person\\\/16f8e8defb7a4bd6c6082efcd1bdb6bb\"},\"image\":{\"@id\":\"https:\\\/\\\/soldadoadrianojose.com.br\\\/index.php\\\/2024\\\/04\\\/05\\\/abril-laranja-protegendo-nossos-animais-contra-os-mau-tratos\\\/#primaryimage\"},\"thumbnailUrl\":\"https:\\\/\\\/soldadoadrianojose.com.br\\\/wp-content\\\/uploads\\\/2024\\\/04\\\/WhatsApp-Image-2024-04-05-at-14.53.00-e1712339690582.jpeg\",\"articleSection\":[\"GABINETE SD\"],\"inLanguage\":\"pt-BR\",\"potentialAction\":[{\"@type\":\"CommentAction\",\"name\":\"Comment\",\"target\":[\"https:\\\/\\\/soldadoadrianojose.com.br\\\/index.php\\\/2024\\\/04\\\/05\\\/abril-laranja-protegendo-nossos-animais-contra-os-mau-tratos\\\/#respond\"]}]},{\"@type\":\"WebPage\",\"@id\":\"https:\\\/\\\/soldadoadrianojose.com.br\\\/index.php\\\/2024\\\/04\\\/05\\\/abril-laranja-protegendo-nossos-animais-contra-os-mau-tratos\\\/\",\"url\":\"https:\\\/\\\/soldadoadrianojose.com.br\\\/index.php\\\/2024\\\/04\\\/05\\\/abril-laranja-protegendo-nossos-animais-contra-os-mau-tratos\\\/\",\"name\":\"Abril Laranja: Protegendo nossos animais contra os mau-tratos - Deputado Adriano Jos\u00e9\",\"isPartOf\":{\"@id\":\"https:\\\/\\\/soldadoadrianojose.com.br\\\/#website\"},\"primaryImageOfPage\":{\"@id\":\"https:\\\/\\\/soldadoadrianojose.com.br\\\/index.php\\\/2024\\\/04\\\/05\\\/abril-laranja-protegendo-nossos-animais-contra-os-mau-tratos\\\/#primaryimage\"},\"image\":{\"@id\":\"https:\\\/\\\/soldadoadrianojose.com.br\\\/index.php\\\/2024\\\/04\\\/05\\\/abril-laranja-protegendo-nossos-animais-contra-os-mau-tratos\\\/#primaryimage\"},\"thumbnailUrl\":\"https:\\\/\\\/soldadoadrianojose.com.br\\\/wp-content\\\/uploads\\\/2024\\\/04\\\/WhatsApp-Image-2024-04-05-at-14.53.00-e1712339690582.jpeg\",\"datePublished\":\"2024-04-05T17:56:02+00:00\",\"dateModified\":\"2024-04-05T18:06:47+00:00\",\"breadcrumb\":{\"@id\":\"https:\\\/\\\/soldadoadrianojose.com.br\\\/index.php\\\/2024\\\/04\\\/05\\\/abril-laranja-protegendo-nossos-animais-contra-os-mau-tratos\\\/#breadcrumb\"},\"inLanguage\":\"pt-BR\",\"potentialAction\":[{\"@type\":\"ReadAction\",\"target\":[\"https:\\\/\\\/soldadoadrianojose.com.br\\\/index.php\\\/2024\\\/04\\\/05\\\/abril-laranja-protegendo-nossos-animais-contra-os-mau-tratos\\\/\"]}]},{\"@type\":\"ImageObject\",\"inLanguage\":\"pt-BR\",\"@id\":\"https:\\\/\\\/soldadoadrianojose.com.br\\\/index.php\\\/2024\\\/04\\\/05\\\/abril-laranja-protegendo-nossos-animais-contra-os-mau-tratos\\\/#primaryimage\",\"url\":\"https:\\\/\\\/soldadoadrianojose.com.br\\\/wp-content\\\/uploads\\\/2024\\\/04\\\/WhatsApp-Image-2024-04-05-at-14.53.00-e1712339690582.jpeg\",\"contentUrl\":\"https:\\\/\\\/soldadoadrianojose.com.br\\\/wp-content\\\/uploads\\\/2024\\\/04\\\/WhatsApp-Image-2024-04-05-at-14.53.00-e1712339690582.jpeg\",\"width\":960,\"height\":812},{\"@type\":\"BreadcrumbList\",\"@id\":\"https:\\\/\\\/soldadoadrianojose.com.br\\\/index.php\\\/2024\\\/04\\\/05\\\/abril-laranja-protegendo-nossos-animais-contra-os-mau-tratos\\\/#breadcrumb\",\"itemListElement\":[{\"@type\":\"ListItem\",\"position\":1,\"name\":\"In\u00edcio\",\"item\":\"https:\\\/\\\/soldadoadrianojose.com.br\\\/\"},{\"@type\":\"ListItem\",\"position\":2,\"name\":\"Abril Laranja: Protegendo nossos animais contra os mau-tratos\"}]},{\"@type\":\"WebSite\",\"@id\":\"https:\\\/\\\/soldadoadrianojose.com.br\\\/#website\",\"url\":\"https:\\\/\\\/soldadoadrianojose.com.br\\\/\",\"name\":\"Deputado Adriano Jos\u00e9\",\"description\":\"Nosso trabalho \u00e9 pelas pessoas\",\"publisher\":{\"@id\":\"https:\\\/\\\/soldadoadrianojose.com.br\\\/#\\\/schema\\\/person\\\/16f8e8defb7a4bd6c6082efcd1bdb6bb\"},\"potentialAction\":[{\"@type\":\"SearchAction\",\"target\":{\"@type\":\"EntryPoint\",\"urlTemplate\":\"https:\\\/\\\/soldadoadrianojose.com.br\\\/?s={search_term_string}\"},\"query-input\":{\"@type\":\"PropertyValueSpecification\",\"valueRequired\":true,\"valueName\":\"search_term_string\"}}],\"inLanguage\":\"pt-BR\"},{\"@type\":[\"Person\",\"Organization\"],\"@id\":\"https:\\\/\\\/soldadoadrianojose.com.br\\\/#\\\/schema\\\/person\\\/16f8e8defb7a4bd6c6082efcd1bdb6bb\",\"name\":\"soldadoadrianojose\",\"image\":{\"@type\":\"ImageObject\",\"inLanguage\":\"pt-BR\",\"@id\":\"https:\\\/\\\/soldadoadrianojose.com.br\\\/wp-content\\\/uploads\\\/2023\\\/02\\\/LOGO_CLEAR-5.png\",\"url\":\"https:\\\/\\\/soldadoadrianojose.com.br\\\/wp-content\\\/uploads\\\/2023\\\/02\\\/LOGO_CLEAR-5.png\",\"contentUrl\":\"https:\\\/\\\/soldadoadrianojose.com.br\\\/wp-content\\\/uploads\\\/2023\\\/02\\\/LOGO_CLEAR-5.png\",\"width\":3508,\"height\":998,\"caption\":\"soldadoadrianojose\"},\"logo\":{\"@id\":\"https:\\\/\\\/soldadoadrianojose.com.br\\\/wp-content\\\/uploads\\\/2023\\\/02\\\/LOGO_CLEAR-5.png\"},\"sameAs\":[\"https:\\\/\\\/soldadoadrianojose.com.br\"],\"url\":\"https:\\\/\\\/soldadoadrianojose.com.br\\\/index.php\\\/author\\\/soldadoadrianojose\\\/\"}]}<\/script>\n<!-- \/ Yoast SEO plugin. -->","yoast_head_json":{"title":"Abril Laranja: Protegendo nossos animais contra os mau-tratos - Deputado Adriano Jos\u00e9","robots":{"index":"index","follow":"follow","max-snippet":"max-snippet:-1","max-image-preview":"max-image-preview:large","max-video-preview":"max-video-preview:-1"},"canonical":"https:\/\/soldadoadrianojose.com.br\/index.php\/2024\/04\/05\/abril-laranja-protegendo-nossos-animais-contra-os-mau-tratos\/","og_locale":"pt_BR","og_type":"article","og_title":"Abril Laranja: Protegendo nossos animais contra os mau-tratos - Deputado Adriano Jos\u00e9","og_description":"\u00c0 medida que abril se aproxima, \u00e9 importante lembrar que este m\u00eas marca uma oportunidade crucial para refletirmos sobre o bem-estar dos nossos amigos de quatro patas. O &#8220;Abril Laranja&#8221; \u00e9 uma iniciativa voltada para a preven\u00e7\u00e3o da crueldade animal, destacando a import\u00e2ncia de proteger e cuidar dos nossos melhores amigos. Como estudante de veterin\u00e1ria, [&hellip;]","og_url":"https:\/\/soldadoadrianojose.com.br\/index.php\/2024\/04\/05\/abril-laranja-protegendo-nossos-animais-contra-os-mau-tratos\/","og_site_name":"Deputado Adriano Jos\u00e9","article_published_time":"2024-04-05T17:56:02+00:00","article_modified_time":"2024-04-05T18:06:47+00:00","og_image":[{"width":960,"height":812,"url":"https:\/\/soldadoadrianojose.com.br\/wp-content\/uploads\/2024\/04\/WhatsApp-Image-2024-04-05-at-14.53.00-e1712339690582.jpeg","type":"image\/jpeg"}],"author":"soldadoadrianojose","twitter_card":"summary_large_image","twitter_misc":{"Escrito por":"soldadoadrianojose","Est. tempo de leitura":"2 minutos"},"schema":{"@context":"https:\/\/schema.org","@graph":[{"@type":"Article","@id":"https:\/\/soldadoadrianojose.com.br\/index.php\/2024\/04\/05\/abril-laranja-protegendo-nossos-animais-contra-os-mau-tratos\/#article","isPartOf":{"@id":"https:\/\/soldadoadrianojose.com.br\/index.php\/2024\/04\/05\/abril-laranja-protegendo-nossos-animais-contra-os-mau-tratos\/"},"author":{"name":"soldadoadrianojose","@id":"https:\/\/soldadoadrianojose.com.br\/#\/schema\/person\/16f8e8defb7a4bd6c6082efcd1bdb6bb"},"headline":"Abril Laranja: Protegendo nossos animais contra os mau-tratos","datePublished":"2024-04-05T17:56:02+00:00","dateModified":"2024-04-05T18:06:47+00:00","mainEntityOfPage":{"@id":"https:\/\/soldadoadrianojose.com.br\/index.php\/2024\/04\/05\/abril-laranja-protegendo-nossos-animais-contra-os-mau-tratos\/"},"wordCount":294,"commentCount":0,"publisher":{"@id":"https:\/\/soldadoadrianojose.com.br\/#\/schema\/person\/16f8e8defb7a4bd6c6082efcd1bdb6bb"},"image":{"@id":"https:\/\/soldadoadrianojose.com.br\/index.php\/2024\/04\/05\/abril-laranja-protegendo-nossos-animais-contra-os-mau-tratos\/#primaryimage"},"thumbnailUrl":"https:\/\/soldadoadrianojose.com.br\/wp-content\/uploads\/2024\/04\/WhatsApp-Image-2024-04-05-at-14.53.00-e1712339690582.jpeg","articleSection":["GABINETE SD"],"inLanguage":"pt-BR","potentialAction":[{"@type":"CommentAction","name":"Comment","target":["https:\/\/soldadoadrianojose.com.br\/index.php\/2024\/04\/05\/abril-laranja-protegendo-nossos-animais-contra-os-mau-tratos\/#respond"]}]},{"@type":"WebPage","@id":"https:\/\/soldadoadrianojose.com.br\/index.php\/2024\/04\/05\/abril-laranja-protegendo-nossos-animais-contra-os-mau-tratos\/","url":"https:\/\/soldadoadrianojose.com.br\/index.php\/2024\/04\/05\/abril-laranja-protegendo-nossos-animais-contra-os-mau-tratos\/","name":"Abril Laranja: Protegendo nossos animais contra os mau-tratos - Deputado Adriano Jos\u00e9","isPartOf":{"@id":"https:\/\/soldadoadrianojose.com.br\/#website"},"primaryImageOfPage":{"@id":"https:\/\/soldadoadrianojose.com.br\/index.php\/2024\/04\/05\/abril-laranja-protegendo-nossos-animais-contra-os-mau-tratos\/#primaryimage"},"image":{"@id":"https:\/\/soldadoadrianojose.com.br\/index.php\/2024\/04\/05\/abril-laranja-protegendo-nossos-animais-contra-os-mau-tratos\/#primaryimage"},"thumbnailUrl":"https:\/\/soldadoadrianojose.com.br\/wp-content\/uploads\/2024\/04\/WhatsApp-Image-2024-04-05-at-14.53.00-e1712339690582.jpeg","datePublished":"2024-04-05T17:56:02+00:00","dateModified":"2024-04-05T18:06:47+00:00","breadcrumb":{"@id":"https:\/\/soldadoadrianojose.com.br\/index.php\/2024\/04\/05\/abril-laranja-protegendo-nossos-animais-contra-os-mau-tratos\/#breadcrumb"},"inLanguage":"pt-BR","potentialAction":[{"@type":"ReadAction","target":["https:\/\/soldadoadrianojose.com.br\/index.php\/2024\/04\/05\/abril-laranja-protegendo-nossos-animais-contra-os-mau-tratos\/"]}]},{"@type":"ImageObject","inLanguage":"pt-BR","@id":"https:\/\/soldadoadrianojose.com.br\/index.php\/2024\/04\/05\/abril-laranja-protegendo-nossos-animais-contra-os-mau-tratos\/#primaryimage","url":"https:\/\/soldadoadrianojose.com.br\/wp-content\/uploads\/2024\/04\/WhatsApp-Image-2024-04-05-at-14.53.00-e1712339690582.jpeg","contentUrl":"https:\/\/soldadoadrianojose.com.br\/wp-content\/uploads\/2024\/04\/WhatsApp-Image-2024-04-05-at-14.53.00-e1712339690582.jpeg","width":960,"height":812},{"@type":"BreadcrumbList","@id":"https:\/\/soldadoadrianojose.com.br\/index.php\/2024\/04\/05\/abril-laranja-protegendo-nossos-animais-contra-os-mau-tratos\/#breadcrumb","itemListElement":[{"@type":"ListItem","position":1,"name":"In\u00edcio","item":"https:\/\/soldadoadrianojose.com.br\/"},{"@type":"ListItem","position":2,"name":"Abril Laranja: Protegendo nossos animais contra os mau-tratos"}]},{"@type":"WebSite","@id":"https:\/\/soldadoadrianojose.com.br\/#website","url":"https:\/\/soldadoadrianojose.com.br\/","name":"Deputado Adriano Jos\u00e9","description":"Nosso trabalho \u00e9 pelas pessoas","publisher":{"@id":"https:\/\/soldadoadrianojose.com.br\/#\/schema\/person\/16f8e8defb7a4bd6c6082efcd1bdb6bb"},"potentialAction":[{"@type":"SearchAction","target":{"@type":"EntryPoint","urlTemplate":"https:\/\/soldadoadrianojose.com.br\/?s={search_term_string}"},"query-input":{"@type":"PropertyValueSpecification","valueRequired":true,"valueName":"search_term_string"}}],"inLanguage":"pt-BR"},{"@type":["Person","Organization"],"@id":"https:\/\/soldadoadrianojose.com.br\/#\/schema\/person\/16f8e8defb7a4bd6c6082efcd1bdb6bb","name":"soldadoadrianojose","image":{"@type":"ImageObject","inLanguage":"pt-BR","@id":"https:\/\/soldadoadrianojose.com.br\/wp-content\/uploads\/2023\/02\/LOGO_CLEAR-5.png","url":"https:\/\/soldadoadrianojose.com.br\/wp-content\/uploads\/2023\/02\/LOGO_CLEAR-5.png","contentUrl":"https:\/\/soldadoadrianojose.com.br\/wp-content\/uploads\/2023\/02\/LOGO_CLEAR-5.png","width":3508,"height":998,"caption":"soldadoadrianojose"},"logo":{"@id":"https:\/\/soldadoadrianojose.com.br\/wp-content\/uploads\/2023\/02\/LOGO_CLEAR-5.png"},"sameAs":["https:\/\/soldadoadrianojose.com.br"],"url":"https:\/\/soldadoadrianojose.com.br\/index.php\/author\/soldadoadrianojose\/"}]}},"jetpack_featured_media_url":"https:\/\/soldadoadrianojose.com.br\/wp-content\/uploads\/2024\/04\/WhatsApp-Image-2024-04-05-at-14.53.00-e1712339690582.jpeg","_links":{"self":[{"href":"https:\/\/soldadoadrianojose.com.br\/index.php\/wp-json\/wp\/v2\/posts\/2056","targetHints":{"allow":["GET"]}}],"collection":[{"href":"https:\/\/soldadoadrianojose.com.br\/index.php\/wp-json\/wp\/v2\/posts"}],"about":[{"href":"https:\/\/soldadoadrianojose.com.br\/index.php\/wp-json\/wp\/v2\/types\/post"}],"author":[{"embeddable":true,"href":"https:\/\/soldadoadrianojose.com.br\/index.php\/wp-json\/wp\/v2\/users\/1"}],"replies":[{"embeddable":true,"href":"https:\/\/soldadoadrianojose.com.br\/index.php\/wp-json\/wp\/v2\/comments?post=2056"}],"version-history":[{"count":3,"href":"https:\/\/soldadoadrianojose.com.br\/index.php\/wp-json\/wp\/v2\/posts\/2056\/revisions"}],"predecessor-version":[{"id":2061,"href":"https:\/\/soldadoadrianojose.com.br\/index.php\/wp-json\/wp\/v2\/posts\/2056\/revisions\/2061"}],"wp:featuredmedia":[{"embeddable":true,"href":"https:\/\/soldadoadrianojose.com.br\/index.php\/wp-json\/wp\/v2\/media\/2057"}],"wp:attachment":[{"href":"https:\/\/soldadoadrianojose.com.br\/index.php\/wp-json\/wp\/v2\/media?parent=2056"}],"wp:term":[{"taxonomy":"category","embeddable":true,"href":"https:\/\/soldadoadrianojose.com.br\/index.php\/wp-json\/wp\/v2\/categories?post=2056"},{"taxonomy":"post_tag","embeddable":true,"href":"https:\/\/soldadoadrianojose.com.br\/index.php\/wp-json\/wp\/v2\/tags?post=2056"}],"curies":[{"name":"wp","href":"https:\/\/api.w.org\/{rel}","templated":true}]}}