{"id":2062,"date":"2024-04-22T11:08:20","date_gmt":"2024-04-22T14:08:20","guid":{"rendered":"https:\/\/soldadoadrianojose.com.br\/?p=2062"},"modified":"2024-04-22T11:08:20","modified_gmt":"2024-04-22T14:08:20","slug":"presidente-da-comissao-de-seguranca-representa-assembleia-na-frente-parlamentar-em-defesa-dos-agentes-de-seguranca-socioeducativo-em-brasilia","status":"publish","type":"post","link":"https:\/\/soldadoadrianojose.com.br\/index.php\/2024\/04\/22\/presidente-da-comissao-de-seguranca-representa-assembleia-na-frente-parlamentar-em-defesa-dos-agentes-de-seguranca-socioeducativo-em-brasilia\/","title":{"rendered":"Presidente da Comiss\u00e3o de Seguran\u00e7a representa assembleia na frente parlamentar em defesa dos agentes de seguran\u00e7a socioeducativo em Bras\u00edlia"},"content":{"rendered":"\n<p>O deputado Adriano Jos\u00e9 esteve na ultima quarta-feira (17) na C\u00e2mara dos Deputados em Bras\u00edlia para a implanta\u00e7\u00e3o da frente parlamentar em defesa dos agentes de seguran\u00e7a socioeducativos, da qual \u00e9 um dos proponentes. Ao lado do deputado federal Sargento Fahur, tamb\u00e9m proponente, Adriano Jos\u00e9 destacou a import\u00e2ncia do dia para o Brasil e para o Paran\u00e1.<\/p>\n\n\n\n<p>Adriano Jos\u00e9 protocolou um requerimento para a cria\u00e7\u00e3o da Frente Parlamentar em apoio e defesa dos profissionais do Sistema Socioeducativo no Estado do Paran\u00e1, visando garantir melhores condi\u00e7\u00f5es de trabalho e suporte necess\u00e1rios para esses profissionais t\u00e3o importantes para a sociedade. A frente parlamentar buscar\u00e1 aperfei\u00e7oar a legisla\u00e7\u00e3o, promover debates e eventos para garantir melhorias no sistema socioeducativo do estado.<\/p>\n\n\n\n<p>O Sargento Fahur ressaltou que \u201ca valoriza\u00e7\u00e3o dos profissionais \u00e9 sempre importante, pois com profissionais valorizados, quem ganha \u00e9 a sociedade. Estamos aqui em defesa da sociedade, principalmente daqueles que atuam de uma forma ou de outra na seguran\u00e7a p\u00fablica. Podem ter certeza de que contam conosco&#8221;, afirmou Sargento Fahur.<\/p>\n\n\n\n<p>Tamb\u00e9m estiveram presentes o Cadu, Presidente do Sindicato dos Agentes Socioeducativos do Paran\u00e1, o Schiavini e demais agentes de seguran\u00e7a socioeducativos. O Presidente Cadu afirmou que, junto com os demais estados da federa\u00e7\u00e3o, est\u00e3o em Bras\u00edlia para a cria\u00e7\u00e3o t\u00e3o importante da Frente Parlamentar para defender o profissional socioeducativo.<\/p>\n\n\n\n<p>Juntos, buscam a valoriza\u00e7\u00e3o e o reconhecimento dos agentes de seguran\u00e7a socioeducativos, garantindo condi\u00e7\u00f5es de trabalho adequadas, por meio tamb\u00e9m desta Frente Parlamentar.<\/p>\n","protected":false},"excerpt":{"rendered":"<p>O deputado Adriano Jos\u00e9 esteve na ultima quarta-feira (17) na C\u00e2mara dos Deputados em Bras\u00edlia para a implanta\u00e7\u00e3o da frente parlamentar em defesa dos agentes de seguran\u00e7a socioeducativos, da qual \u00e9 um dos proponentes. Ao lado do deputado federal Sargento Fahur, tamb\u00e9m proponente, Adriano Jos\u00e9 destacou a import\u00e2ncia do dia para o Brasil e para [&hellip;]<\/p>\n","protected":false},"author":1,"featured_media":2063,"comment_status":"open","ping_status":"open","sticky":false,"template":"","format":"standard","meta":{"footnotes":""},"categories":[5],"tags":[],"class_list":["post-2062","post","type-post","status-publish","format-standard","has-post-thumbnail","hentry","category-parana"],"yoast_head":"<!-- This site is optimized with the Yoast SEO plugin v27.4 - https:\/\/yoast.com\/product\/yoast-seo-wordpress\/ -->\n<title>Presidente da Comiss\u00e3o de Seguran\u00e7a representa assembleia na frente parlamentar em defesa dos agentes de seguran\u00e7a socioeducativo em Bras\u00edlia - Deputado Adriano Jos\u00e9<\/title>\n<meta name=\"robots\" content=\"index, follow, max-snippet:-1, max-image-preview:large, max-video-preview:-1\" \/>\n<link rel=\"canonical\" href=\"https:\/\/soldadoadrianojose.com.br\/index.php\/2024\/04\/22\/presidente-da-comissao-de-seguranca-representa-assembleia-na-frente-parlamentar-em-defesa-dos-agentes-de-seguranca-socioeducativo-em-brasilia\/\" \/>\n<meta property=\"og:locale\" content=\"pt_BR\" \/>\n<meta property=\"og:type\" content=\"article\" \/>\n<meta property=\"og:title\" content=\"Presidente da Comiss\u00e3o de Seguran\u00e7a representa assembleia na frente parlamentar em defesa dos agentes de seguran\u00e7a socioeducativo em Bras\u00edlia - Deputado Adriano Jos\u00e9\" \/>\n<meta property=\"og:description\" content=\"O deputado Adriano Jos\u00e9 esteve na ultima quarta-feira (17) na C\u00e2mara dos Deputados em Bras\u00edlia para a implanta\u00e7\u00e3o da frente parlamentar em defesa dos agentes de seguran\u00e7a socioeducativos, da qual \u00e9 um dos proponentes. Ao lado do deputado federal Sargento Fahur, tamb\u00e9m proponente, Adriano Jos\u00e9 destacou a import\u00e2ncia do dia para o Brasil e para [&hellip;]\" \/>\n<meta property=\"og:url\" content=\"https:\/\/soldadoadrianojose.com.br\/index.php\/2024\/04\/22\/presidente-da-comissao-de-seguranca-representa-assembleia-na-frente-parlamentar-em-defesa-dos-agentes-de-seguranca-socioeducativo-em-brasilia\/\" \/>\n<meta property=\"og:site_name\" content=\"Deputado Adriano Jos\u00e9\" \/>\n<meta property=\"article:published_time\" content=\"2024-04-22T14:08:20+00:00\" \/>\n<meta property=\"og:image\" content=\"https:\/\/soldadoadrianojose.com.br\/wp-content\/uploads\/2024\/04\/WhatsApp-Image-2024-04-17-at-08.58.10.jpeg\" \/>\n\t<meta property=\"og:image:width\" content=\"1600\" \/>\n\t<meta property=\"og:image:height\" content=\"747\" \/>\n\t<meta property=\"og:image:type\" content=\"image\/jpeg\" \/>\n<meta name=\"author\" content=\"soldadoadrianojose\" \/>\n<meta name=\"twitter:card\" content=\"summary_large_image\" \/>\n<meta name=\"twitter:label1\" content=\"Escrito por\" \/>\n\t<meta name=\"twitter:data1\" content=\"soldadoadrianojose\" \/>\n\t<meta name=\"twitter:label2\" content=\"Est. tempo de leitura\" \/>\n\t<meta name=\"twitter:data2\" content=\"2 minutos\" \/>\n<script type=\"application\/ld+json\" class=\"yoast-schema-graph\">{\"@context\":\"https:\\\/\\\/schema.org\",\"@graph\":[{\"@type\":\"Article\",\"@id\":\"https:\\\/\\\/soldadoadrianojose.com.br\\\/index.php\\\/2024\\\/04\\\/22\\\/presidente-da-comissao-de-seguranca-representa-assembleia-na-frente-parlamentar-em-defesa-dos-agentes-de-seguranca-socioeducativo-em-brasilia\\\/#article\",\"isPartOf\":{\"@id\":\"https:\\\/\\\/soldadoadrianojose.com.br\\\/index.php\\\/2024\\\/04\\\/22\\\/presidente-da-comissao-de-seguranca-representa-assembleia-na-frente-parlamentar-em-defesa-dos-agentes-de-seguranca-socioeducativo-em-brasilia\\\/\"},\"author\":{\"name\":\"soldadoadrianojose\",\"@id\":\"https:\\\/\\\/soldadoadrianojose.com.br\\\/#\\\/schema\\\/person\\\/16f8e8defb7a4bd6c6082efcd1bdb6bb\"},\"headline\":\"Presidente da Comiss\u00e3o de Seguran\u00e7a representa assembleia na frente parlamentar em defesa dos agentes de seguran\u00e7a socioeducativo em Bras\u00edlia\",\"datePublished\":\"2024-04-22T14:08:20+00:00\",\"mainEntityOfPage\":{\"@id\":\"https:\\\/\\\/soldadoadrianojose.com.br\\\/index.php\\\/2024\\\/04\\\/22\\\/presidente-da-comissao-de-seguranca-representa-assembleia-na-frente-parlamentar-em-defesa-dos-agentes-de-seguranca-socioeducativo-em-brasilia\\\/\"},\"wordCount\":284,\"commentCount\":0,\"publisher\":{\"@id\":\"https:\\\/\\\/soldadoadrianojose.com.br\\\/#\\\/schema\\\/person\\\/16f8e8defb7a4bd6c6082efcd1bdb6bb\"},\"image\":{\"@id\":\"https:\\\/\\\/soldadoadrianojose.com.br\\\/index.php\\\/2024\\\/04\\\/22\\\/presidente-da-comissao-de-seguranca-representa-assembleia-na-frente-parlamentar-em-defesa-dos-agentes-de-seguranca-socioeducativo-em-brasilia\\\/#primaryimage\"},\"thumbnailUrl\":\"https:\\\/\\\/soldadoadrianojose.com.br\\\/wp-content\\\/uploads\\\/2024\\\/04\\\/WhatsApp-Image-2024-04-17-at-08.58.10.jpeg\",\"articleSection\":[\"PARAN\u00c1\"],\"inLanguage\":\"pt-BR\",\"potentialAction\":[{\"@type\":\"CommentAction\",\"name\":\"Comment\",\"target\":[\"https:\\\/\\\/soldadoadrianojose.com.br\\\/index.php\\\/2024\\\/04\\\/22\\\/presidente-da-comissao-de-seguranca-representa-assembleia-na-frente-parlamentar-em-defesa-dos-agentes-de-seguranca-socioeducativo-em-brasilia\\\/#respond\"]}]},{\"@type\":\"WebPage\",\"@id\":\"https:\\\/\\\/soldadoadrianojose.com.br\\\/index.php\\\/2024\\\/04\\\/22\\\/presidente-da-comissao-de-seguranca-representa-assembleia-na-frente-parlamentar-em-defesa-dos-agentes-de-seguranca-socioeducativo-em-brasilia\\\/\",\"url\":\"https:\\\/\\\/soldadoadrianojose.com.br\\\/index.php\\\/2024\\\/04\\\/22\\\/presidente-da-comissao-de-seguranca-representa-assembleia-na-frente-parlamentar-em-defesa-dos-agentes-de-seguranca-socioeducativo-em-brasilia\\\/\",\"name\":\"Presidente da Comiss\u00e3o de Seguran\u00e7a representa assembleia na frente parlamentar em defesa dos agentes de seguran\u00e7a socioeducativo em Bras\u00edlia - Deputado Adriano Jos\u00e9\",\"isPartOf\":{\"@id\":\"https:\\\/\\\/soldadoadrianojose.com.br\\\/#website\"},\"primaryImageOfPage\":{\"@id\":\"https:\\\/\\\/soldadoadrianojose.com.br\\\/index.php\\\/2024\\\/04\\\/22\\\/presidente-da-comissao-de-seguranca-representa-assembleia-na-frente-parlamentar-em-defesa-dos-agentes-de-seguranca-socioeducativo-em-brasilia\\\/#primaryimage\"},\"image\":{\"@id\":\"https:\\\/\\\/soldadoadrianojose.com.br\\\/index.php\\\/2024\\\/04\\\/22\\\/presidente-da-comissao-de-seguranca-representa-assembleia-na-frente-parlamentar-em-defesa-dos-agentes-de-seguranca-socioeducativo-em-brasilia\\\/#primaryimage\"},\"thumbnailUrl\":\"https:\\\/\\\/soldadoadrianojose.com.br\\\/wp-content\\\/uploads\\\/2024\\\/04\\\/WhatsApp-Image-2024-04-17-at-08.58.10.jpeg\",\"datePublished\":\"2024-04-22T14:08:20+00:00\",\"breadcrumb\":{\"@id\":\"https:\\\/\\\/soldadoadrianojose.com.br\\\/index.php\\\/2024\\\/04\\\/22\\\/presidente-da-comissao-de-seguranca-representa-assembleia-na-frente-parlamentar-em-defesa-dos-agentes-de-seguranca-socioeducativo-em-brasilia\\\/#breadcrumb\"},\"inLanguage\":\"pt-BR\",\"potentialAction\":[{\"@type\":\"ReadAction\",\"target\":[\"https:\\\/\\\/soldadoadrianojose.com.br\\\/index.php\\\/2024\\\/04\\\/22\\\/presidente-da-comissao-de-seguranca-representa-assembleia-na-frente-parlamentar-em-defesa-dos-agentes-de-seguranca-socioeducativo-em-brasilia\\\/\"]}]},{\"@type\":\"ImageObject\",\"inLanguage\":\"pt-BR\",\"@id\":\"https:\\\/\\\/soldadoadrianojose.com.br\\\/index.php\\\/2024\\\/04\\\/22\\\/presidente-da-comissao-de-seguranca-representa-assembleia-na-frente-parlamentar-em-defesa-dos-agentes-de-seguranca-socioeducativo-em-brasilia\\\/#primaryimage\",\"url\":\"https:\\\/\\\/soldadoadrianojose.com.br\\\/wp-content\\\/uploads\\\/2024\\\/04\\\/WhatsApp-Image-2024-04-17-at-08.58.10.jpeg\",\"contentUrl\":\"https:\\\/\\\/soldadoadrianojose.com.br\\\/wp-content\\\/uploads\\\/2024\\\/04\\\/WhatsApp-Image-2024-04-17-at-08.58.10.jpeg\",\"width\":1600,\"height\":747},{\"@type\":\"BreadcrumbList\",\"@id\":\"https:\\\/\\\/soldadoadrianojose.com.br\\\/index.php\\\/2024\\\/04\\\/22\\\/presidente-da-comissao-de-seguranca-representa-assembleia-na-frente-parlamentar-em-defesa-dos-agentes-de-seguranca-socioeducativo-em-brasilia\\\/#breadcrumb\",\"itemListElement\":[{\"@type\":\"ListItem\",\"position\":1,\"name\":\"In\u00edcio\",\"item\":\"https:\\\/\\\/soldadoadrianojose.com.br\\\/\"},{\"@type\":\"ListItem\",\"position\":2,\"name\":\"Presidente da Comiss\u00e3o de Seguran\u00e7a representa assembleia na frente parlamentar em defesa dos agentes de seguran\u00e7a socioeducativo em Bras\u00edlia\"}]},{\"@type\":\"WebSite\",\"@id\":\"https:\\\/\\\/soldadoadrianojose.com.br\\\/#website\",\"url\":\"https:\\\/\\\/soldadoadrianojose.com.br\\\/\",\"name\":\"Deputado Adriano Jos\u00e9\",\"description\":\"Nosso trabalho \u00e9 pelas pessoas\",\"publisher\":{\"@id\":\"https:\\\/\\\/soldadoadrianojose.com.br\\\/#\\\/schema\\\/person\\\/16f8e8defb7a4bd6c6082efcd1bdb6bb\"},\"potentialAction\":[{\"@type\":\"SearchAction\",\"target\":{\"@type\":\"EntryPoint\",\"urlTemplate\":\"https:\\\/\\\/soldadoadrianojose.com.br\\\/?s={search_term_string}\"},\"query-input\":{\"@type\":\"PropertyValueSpecification\",\"valueRequired\":true,\"valueName\":\"search_term_string\"}}],\"inLanguage\":\"pt-BR\"},{\"@type\":[\"Person\",\"Organization\"],\"@id\":\"https:\\\/\\\/soldadoadrianojose.com.br\\\/#\\\/schema\\\/person\\\/16f8e8defb7a4bd6c6082efcd1bdb6bb\",\"name\":\"soldadoadrianojose\",\"image\":{\"@type\":\"ImageObject\",\"inLanguage\":\"pt-BR\",\"@id\":\"https:\\\/\\\/soldadoadrianojose.com.br\\\/wp-content\\\/uploads\\\/2023\\\/02\\\/LOGO_CLEAR-5.png\",\"url\":\"https:\\\/\\\/soldadoadrianojose.com.br\\\/wp-content\\\/uploads\\\/2023\\\/02\\\/LOGO_CLEAR-5.png\",\"contentUrl\":\"https:\\\/\\\/soldadoadrianojose.com.br\\\/wp-content\\\/uploads\\\/2023\\\/02\\\/LOGO_CLEAR-5.png\",\"width\":3508,\"height\":998,\"caption\":\"soldadoadrianojose\"},\"logo\":{\"@id\":\"https:\\\/\\\/soldadoadrianojose.com.br\\\/wp-content\\\/uploads\\\/2023\\\/02\\\/LOGO_CLEAR-5.png\"},\"sameAs\":[\"https:\\\/\\\/soldadoadrianojose.com.br\"],\"url\":\"https:\\\/\\\/soldadoadrianojose.com.br\\\/index.php\\\/author\\\/soldadoadrianojose\\\/\"}]}<\/script>\n<!-- \/ Yoast SEO plugin. -->","yoast_head_json":{"title":"Presidente da Comiss\u00e3o de Seguran\u00e7a representa assembleia na frente parlamentar em defesa dos agentes de seguran\u00e7a socioeducativo em Bras\u00edlia - Deputado Adriano Jos\u00e9","robots":{"index":"index","follow":"follow","max-snippet":"max-snippet:-1","max-image-preview":"max-image-preview:large","max-video-preview":"max-video-preview:-1"},"canonical":"https:\/\/soldadoadrianojose.com.br\/index.php\/2024\/04\/22\/presidente-da-comissao-de-seguranca-representa-assembleia-na-frente-parlamentar-em-defesa-dos-agentes-de-seguranca-socioeducativo-em-brasilia\/","og_locale":"pt_BR","og_type":"article","og_title":"Presidente da Comiss\u00e3o de Seguran\u00e7a representa assembleia na frente parlamentar em defesa dos agentes de seguran\u00e7a socioeducativo em Bras\u00edlia - Deputado Adriano Jos\u00e9","og_description":"O deputado Adriano Jos\u00e9 esteve na ultima quarta-feira (17) na C\u00e2mara dos Deputados em Bras\u00edlia para a implanta\u00e7\u00e3o da frente parlamentar em defesa dos agentes de seguran\u00e7a socioeducativos, da qual \u00e9 um dos proponentes. Ao lado do deputado federal Sargento Fahur, tamb\u00e9m proponente, Adriano Jos\u00e9 destacou a import\u00e2ncia do dia para o Brasil e para [&hellip;]","og_url":"https:\/\/soldadoadrianojose.com.br\/index.php\/2024\/04\/22\/presidente-da-comissao-de-seguranca-representa-assembleia-na-frente-parlamentar-em-defesa-dos-agentes-de-seguranca-socioeducativo-em-brasilia\/","og_site_name":"Deputado Adriano Jos\u00e9","article_published_time":"2024-04-22T14:08:20+00:00","og_image":[{"width":1600,"height":747,"url":"https:\/\/soldadoadrianojose.com.br\/wp-content\/uploads\/2024\/04\/WhatsApp-Image-2024-04-17-at-08.58.10.jpeg","type":"image\/jpeg"}],"author":"soldadoadrianojose","twitter_card":"summary_large_image","twitter_misc":{"Escrito por":"soldadoadrianojose","Est. tempo de leitura":"2 minutos"},"schema":{"@context":"https:\/\/schema.org","@graph":[{"@type":"Article","@id":"https:\/\/soldadoadrianojose.com.br\/index.php\/2024\/04\/22\/presidente-da-comissao-de-seguranca-representa-assembleia-na-frente-parlamentar-em-defesa-dos-agentes-de-seguranca-socioeducativo-em-brasilia\/#article","isPartOf":{"@id":"https:\/\/soldadoadrianojose.com.br\/index.php\/2024\/04\/22\/presidente-da-comissao-de-seguranca-representa-assembleia-na-frente-parlamentar-em-defesa-dos-agentes-de-seguranca-socioeducativo-em-brasilia\/"},"author":{"name":"soldadoadrianojose","@id":"https:\/\/soldadoadrianojose.com.br\/#\/schema\/person\/16f8e8defb7a4bd6c6082efcd1bdb6bb"},"headline":"Presidente da Comiss\u00e3o de Seguran\u00e7a representa assembleia na frente parlamentar em defesa dos agentes de seguran\u00e7a socioeducativo em Bras\u00edlia","datePublished":"2024-04-22T14:08:20+00:00","mainEntityOfPage":{"@id":"https:\/\/soldadoadrianojose.com.br\/index.php\/2024\/04\/22\/presidente-da-comissao-de-seguranca-representa-assembleia-na-frente-parlamentar-em-defesa-dos-agentes-de-seguranca-socioeducativo-em-brasilia\/"},"wordCount":284,"commentCount":0,"publisher":{"@id":"https:\/\/soldadoadrianojose.com.br\/#\/schema\/person\/16f8e8defb7a4bd6c6082efcd1bdb6bb"},"image":{"@id":"https:\/\/soldadoadrianojose.com.br\/index.php\/2024\/04\/22\/presidente-da-comissao-de-seguranca-representa-assembleia-na-frente-parlamentar-em-defesa-dos-agentes-de-seguranca-socioeducativo-em-brasilia\/#primaryimage"},"thumbnailUrl":"https:\/\/soldadoadrianojose.com.br\/wp-content\/uploads\/2024\/04\/WhatsApp-Image-2024-04-17-at-08.58.10.jpeg","articleSection":["PARAN\u00c1"],"inLanguage":"pt-BR","potentialAction":[{"@type":"CommentAction","name":"Comment","target":["https:\/\/soldadoadrianojose.com.br\/index.php\/2024\/04\/22\/presidente-da-comissao-de-seguranca-representa-assembleia-na-frente-parlamentar-em-defesa-dos-agentes-de-seguranca-socioeducativo-em-brasilia\/#respond"]}]},{"@type":"WebPage","@id":"https:\/\/soldadoadrianojose.com.br\/index.php\/2024\/04\/22\/presidente-da-comissao-de-seguranca-representa-assembleia-na-frente-parlamentar-em-defesa-dos-agentes-de-seguranca-socioeducativo-em-brasilia\/","url":"https:\/\/soldadoadrianojose.com.br\/index.php\/2024\/04\/22\/presidente-da-comissao-de-seguranca-representa-assembleia-na-frente-parlamentar-em-defesa-dos-agentes-de-seguranca-socioeducativo-em-brasilia\/","name":"Presidente da Comiss\u00e3o de Seguran\u00e7a representa assembleia na frente parlamentar em defesa dos agentes de seguran\u00e7a socioeducativo em Bras\u00edlia - Deputado Adriano Jos\u00e9","isPartOf":{"@id":"https:\/\/soldadoadrianojose.com.br\/#website"},"primaryImageOfPage":{"@id":"https:\/\/soldadoadrianojose.com.br\/index.php\/2024\/04\/22\/presidente-da-comissao-de-seguranca-representa-assembleia-na-frente-parlamentar-em-defesa-dos-agentes-de-seguranca-socioeducativo-em-brasilia\/#primaryimage"},"image":{"@id":"https:\/\/soldadoadrianojose.com.br\/index.php\/2024\/04\/22\/presidente-da-comissao-de-seguranca-representa-assembleia-na-frente-parlamentar-em-defesa-dos-agentes-de-seguranca-socioeducativo-em-brasilia\/#primaryimage"},"thumbnailUrl":"https:\/\/soldadoadrianojose.com.br\/wp-content\/uploads\/2024\/04\/WhatsApp-Image-2024-04-17-at-08.58.10.jpeg","datePublished":"2024-04-22T14:08:20+00:00","breadcrumb":{"@id":"https:\/\/soldadoadrianojose.com.br\/index.php\/2024\/04\/22\/presidente-da-comissao-de-seguranca-representa-assembleia-na-frente-parlamentar-em-defesa-dos-agentes-de-seguranca-socioeducativo-em-brasilia\/#breadcrumb"},"inLanguage":"pt-BR","potentialAction":[{"@type":"ReadAction","target":["https:\/\/soldadoadrianojose.com.br\/index.php\/2024\/04\/22\/presidente-da-comissao-de-seguranca-representa-assembleia-na-frente-parlamentar-em-defesa-dos-agentes-de-seguranca-socioeducativo-em-brasilia\/"]}]},{"@type":"ImageObject","inLanguage":"pt-BR","@id":"https:\/\/soldadoadrianojose.com.br\/index.php\/2024\/04\/22\/presidente-da-comissao-de-seguranca-representa-assembleia-na-frente-parlamentar-em-defesa-dos-agentes-de-seguranca-socioeducativo-em-brasilia\/#primaryimage","url":"https:\/\/soldadoadrianojose.com.br\/wp-content\/uploads\/2024\/04\/WhatsApp-Image-2024-04-17-at-08.58.10.jpeg","contentUrl":"https:\/\/soldadoadrianojose.com.br\/wp-content\/uploads\/2024\/04\/WhatsApp-Image-2024-04-17-at-08.58.10.jpeg","width":1600,"height":747},{"@type":"BreadcrumbList","@id":"https:\/\/soldadoadrianojose.com.br\/index.php\/2024\/04\/22\/presidente-da-comissao-de-seguranca-representa-assembleia-na-frente-parlamentar-em-defesa-dos-agentes-de-seguranca-socioeducativo-em-brasilia\/#breadcrumb","itemListElement":[{"@type":"ListItem","position":1,"name":"In\u00edcio","item":"https:\/\/soldadoadrianojose.com.br\/"},{"@type":"ListItem","position":2,"name":"Presidente da Comiss\u00e3o de Seguran\u00e7a representa assembleia na frente parlamentar em defesa dos agentes de seguran\u00e7a socioeducativo em Bras\u00edlia"}]},{"@type":"WebSite","@id":"https:\/\/soldadoadrianojose.com.br\/#website","url":"https:\/\/soldadoadrianojose.com.br\/","name":"Deputado Adriano Jos\u00e9","description":"Nosso trabalho \u00e9 pelas pessoas","publisher":{"@id":"https:\/\/soldadoadrianojose.com.br\/#\/schema\/person\/16f8e8defb7a4bd6c6082efcd1bdb6bb"},"potentialAction":[{"@type":"SearchAction","target":{"@type":"EntryPoint","urlTemplate":"https:\/\/soldadoadrianojose.com.br\/?s={search_term_string}"},"query-input":{"@type":"PropertyValueSpecification","valueRequired":true,"valueName":"search_term_string"}}],"inLanguage":"pt-BR"},{"@type":["Person","Organization"],"@id":"https:\/\/soldadoadrianojose.com.br\/#\/schema\/person\/16f8e8defb7a4bd6c6082efcd1bdb6bb","name":"soldadoadrianojose","image":{"@type":"ImageObject","inLanguage":"pt-BR","@id":"https:\/\/soldadoadrianojose.com.br\/wp-content\/uploads\/2023\/02\/LOGO_CLEAR-5.png","url":"https:\/\/soldadoadrianojose.com.br\/wp-content\/uploads\/2023\/02\/LOGO_CLEAR-5.png","contentUrl":"https:\/\/soldadoadrianojose.com.br\/wp-content\/uploads\/2023\/02\/LOGO_CLEAR-5.png","width":3508,"height":998,"caption":"soldadoadrianojose"},"logo":{"@id":"https:\/\/soldadoadrianojose.com.br\/wp-content\/uploads\/2023\/02\/LOGO_CLEAR-5.png"},"sameAs":["https:\/\/soldadoadrianojose.com.br"],"url":"https:\/\/soldadoadrianojose.com.br\/index.php\/author\/soldadoadrianojose\/"}]}},"jetpack_featured_media_url":"https:\/\/soldadoadrianojose.com.br\/wp-content\/uploads\/2024\/04\/WhatsApp-Image-2024-04-17-at-08.58.10.jpeg","_links":{"self":[{"href":"https:\/\/soldadoadrianojose.com.br\/index.php\/wp-json\/wp\/v2\/posts\/2062","targetHints":{"allow":["GET"]}}],"collection":[{"href":"https:\/\/soldadoadrianojose.com.br\/index.php\/wp-json\/wp\/v2\/posts"}],"about":[{"href":"https:\/\/soldadoadrianojose.com.br\/index.php\/wp-json\/wp\/v2\/types\/post"}],"author":[{"embeddable":true,"href":"https:\/\/soldadoadrianojose.com.br\/index.php\/wp-json\/wp\/v2\/users\/1"}],"replies":[{"embeddable":true,"href":"https:\/\/soldadoadrianojose.com.br\/index.php\/wp-json\/wp\/v2\/comments?post=2062"}],"version-history":[{"count":1,"href":"https:\/\/soldadoadrianojose.com.br\/index.php\/wp-json\/wp\/v2\/posts\/2062\/revisions"}],"predecessor-version":[{"id":2064,"href":"https:\/\/soldadoadrianojose.com.br\/index.php\/wp-json\/wp\/v2\/posts\/2062\/revisions\/2064"}],"wp:featuredmedia":[{"embeddable":true,"href":"https:\/\/soldadoadrianojose.com.br\/index.php\/wp-json\/wp\/v2\/media\/2063"}],"wp:attachment":[{"href":"https:\/\/soldadoadrianojose.com.br\/index.php\/wp-json\/wp\/v2\/media?parent=2062"}],"wp:term":[{"taxonomy":"category","embeddable":true,"href":"https:\/\/soldadoadrianojose.com.br\/index.php\/wp-json\/wp\/v2\/categories?post=2062"},{"taxonomy":"post_tag","embeddable":true,"href":"https:\/\/soldadoadrianojose.com.br\/index.php\/wp-json\/wp\/v2\/tags?post=2062"}],"curies":[{"name":"wp","href":"https:\/\/api.w.org\/{rel}","templated":true}]}}